{"id":8576,"date":"2026-09-04T16:44:57","date_gmt":"2026-09-04T16:44:57","guid":{"rendered":"https:\/\/lavanguardiadecuenca.es\/?p=8576"},"modified":"2026-09-04T17:58:35","modified_gmt":"2026-09-04T17:58:35","slug":"el-tren-que-quisieron-borrar-cuarta-entrega-las-105-preguntas-de-eduardo-cruz-el-cuestionario-que-ningun-debate-podra-eludir-por-juan-andres-buedo","status":"publish","type":"post","link":"https:\/\/lavanguardiadecuenca.es\/?p=8576","title":{"rendered":"El tren que quisieron borrar. Cuarta entrega: Las 105 preguntas de Eduardo Cruz, el cuestionario que ning\u00fan debate podr\u00e1 eludir (por Juan Andr\u00e9s Buedo)"},"content":{"rendered":"\n<figure class=\"wp-block-image size-large\"><img loading=\"lazy\" decoding=\"async\" width=\"1024\" height=\"512\" src=\"https:\/\/lavanguardiadecuenca.es\/wp-content\/uploads\/2026\/09\/4a-entrega-de-El-tren-que-quisieron-borrar-1024x512.jpg\" alt=\"\" class=\"wp-image-8577\" srcset=\"https:\/\/lavanguardiadecuenca.es\/wp-content\/uploads\/2026\/09\/4a-entrega-de-El-tren-que-quisieron-borrar-1024x512.jpg 1024w, https:\/\/lavanguardiadecuenca.es\/wp-content\/uploads\/2026\/09\/4a-entrega-de-El-tren-que-quisieron-borrar-300x150-1.jpg 300w, https:\/\/lavanguardiadecuenca.es\/wp-content\/uploads\/2026\/09\/4a-entrega-de-El-tren-que-quisieron-borrar-768x384.jpg 768w, https:\/\/lavanguardiadecuenca.es\/wp-content\/uploads\/2026\/09\/4a-entrega-de-El-tren-que-quisieron-borrar-850x425.jpg 850w, https:\/\/lavanguardiadecuenca.es\/wp-content\/uploads\/2026\/09\/4a-entrega-de-El-tren-que-quisieron-borrar.jpg 1276w\" sizes=\"auto, (max-width: 1024px) 100vw, 1024px\" \/><\/figure>\n\n\n\n<p class=\"wp-block-paragraph\">Cuatro a\u00f1os despu\u00e9s del cierre del ferrocarril convencional Madrid\u2013Cuenca\u2013Valencia, la provincia ha acumulado libros, estudios t\u00e9cnicos, recursos judiciales, alegaciones administrativas y centenares de intervenciones p\u00fablicas. A ese extenso corpus documental se suma ahora un trabajo singular que constituye, junto al an\u00e1lisis jur\u00eddico y econ\u00f3mico ya expuesto en entregas anteriores, el n\u00facleo pol\u00edtico e intelectual de todo el debate. No se trata de reproducir sin m\u00e1s el cuestionario elaborado por Eduardo Cruz, sino de analizar su significado dentro de la controversia p\u00fablica, distinguiendo siempre entre las preguntas planteadas por los cr\u00edticos del Plan X Cuenca y las respuestas que podr\u00edan ofrecer quienes lo defienden.<\/p>\n\n\n\n<p class=\"wp-block-paragraph\">La historia pol\u00edtica demuestra que existen documentos destinados a desaparecer con el paso del tiempo y otros que terminan convirti\u00e9ndose en referencias obligadas para comprender una \u00e9poca. Las <strong>105 preguntas<\/strong> elaboradas por Eduardo Cruz pertenecen potencialmente a esta segunda categor\u00eda. No porque constituyan una verdad definitiva. Ni porque todas sus premisas deban aceptarse sin discusi\u00f3n. Su importancia reside precisamente en otra circunstancia mucho m\u00e1s democr\u00e1tica: obligan a discutir. Y una democracia madura se fortalece cuando las decisiones p\u00fablicas pueden someterse al examen de preguntas inc\u00f3modas.<\/p>\n\n\n\n<h2 class=\"wp-block-heading\">El regreso del m\u00e9todo socr\u00e1tico<\/h2>\n\n\n\n<p class=\"wp-block-paragraph\">Existe una curiosa coincidencia entre el documento elaborado por Eduardo Cruz y uno de los m\u00e9todos intelectuales m\u00e1s antiguos de Occidente. S\u00f3crates apenas escrib\u00eda. Preguntaba. Cre\u00eda que una buena pregunta obligaba al interlocutor a revisar sus propias certezas.<\/p>\n\n\n\n<p class=\"wp-block-paragraph\">Ese mismo mecanismo aparece aqu\u00ed. Las ciento cinco cuestiones no constituyen un manifiesto ideol\u00f3gico. Constituyen un interrogatorio c\u00edvico. No afirman: interpelan. No concluyen: invitan a justificar. Y precisamente por ello resultan mucho m\u00e1s dif\u00edciles de responder mediante consignas pol\u00edticas que mediante datos y argumentos verificables.<\/p>\n\n\n\n<h2 class=\"wp-block-heading\">Mucho m\u00e1s que un debate ferroviario<\/h2>\n\n\n\n<p class=\"wp-block-paragraph\">Quien espere encontrar un listado repetitivo de cuestiones sobre horarios ferroviarios se equivoca desde la primera p\u00e1gina. Las preguntas atraviesan pr\u00e1cticamente todas las dimensiones de una pol\u00edtica p\u00fablica moderna: legalidad administrativa, obligaciones de servicio p\u00fablico, rentabilidad econ\u00f3mica, rentabilidad social, despoblaci\u00f3n, pol\u00edtica industrial, mercanc\u00edas, cambio clim\u00e1tico, patrimonio hist\u00f3rico, urbanismo, fondos europeos, competencias institucionales, transparencia, responsabilidad patrimonial, participaci\u00f3n ciudadana, contrataci\u00f3n p\u00fablica y planificaci\u00f3n territorial.<\/p>\n\n\n\n<p class=\"wp-block-paragraph\">En realidad, el tren constituye \u00fanicamente el hilo conductor. El verdadero objeto del cuestionario es otro, y conecta directamente con lo ya planteado en la segunda entrega de esta serie sobre el problema jur\u00eddico de las decisiones irreversibles: \u00bfc\u00f3mo toma decisiones el Estado cuando afecta de forma pr\u00e1cticamente irreversible al futuro de un territorio?<\/p>\n\n\n\n<h2 class=\"wp-block-heading\">La pregunta como instrumento de fiscalizaci\u00f3n democr\u00e1tica<\/h2>\n\n\n\n<p class=\"wp-block-paragraph\">Toda administraci\u00f3n p\u00fablica dispone de amplias facultades para decidir. Pero tambi\u00e9n tiene la obligaci\u00f3n de explicar. En esa diferencia reside la esencia del Estado democr\u00e1tico.<\/p>\n\n\n\n<p class=\"wp-block-paragraph\">Muchas de las preguntas formuladas por Eduardo Cruz no buscan necesariamente demostrar que el cierre fuera ilegal, algo que el Tribunal Supremo ya resolvi\u00f3 desde la perspectiva estrictamente formal del procedimiento, como se explic\u00f3 en la segunda entrega de esta serie. Persiguen algo distinto: determinar si la decisi\u00f3n fue suficientemente explicada. Porque la transparencia no consiste \u00fanicamente en publicar documentos administrativos. Consiste en lograr que los ciudadanos comprendan por qu\u00e9 una actuaci\u00f3n concreta constituye la mejor entre varias alternativas posibles.<\/p>\n\n\n\n<p class=\"wp-block-paragraph\">Cuando esa explicaci\u00f3n no convence a una parte significativa de la sociedad, aparecen inevitablemente nuevas preguntas. Y eso es exactamente lo ocurrido en Cuenca.<\/p>\n\n\n\n<h2 class=\"wp-block-heading\">El silencio tambi\u00e9n comunica<\/h2>\n\n\n\n<p class=\"wp-block-paragraph\">Existe un aspecto particularmente interesante en este documento. Algunas preguntas probablemente disponen ya de respuesta t\u00e9cnica. Otras quiz\u00e1 la tuvieron durante la tramitaci\u00f3n administrativa. Sin embargo, muchas de esas respuestas nunca llegaron realmente al debate ciudadano.<\/p>\n\n\n\n<p class=\"wp-block-paragraph\">Ese vac\u00edo comunicativo termin\u00f3 generando un fen\u00f3meno bien conocido en ciencia pol\u00edtica: cuando las instituciones no explican suficientemente una decisi\u00f3n compleja, la sociedad llena ese espacio con sospechas, interpretaciones o hip\u00f3tesis. No siempre porque desconf\u00ede. Muchas veces simplemente porque carece de informaci\u00f3n comprensible. El cuestionario de Eduardo Cruz nace precisamente de esa percepci\u00f3n.<\/p>\n\n\n\n<h2 class=\"wp-block-heading\">Cinco grandes bloques que resumen toda una controversia<\/h2>\n\n\n\n<p class=\"wp-block-paragraph\">Aunque el documento contiene ciento cinco preguntas concretas, en realidad puede resumirse en cinco grandes ejes.<\/p>\n\n\n\n<p class=\"wp-block-paragraph\"><strong>Primera cuesti\u00f3n: \u00bffue realmente inevitable cerrar la l\u00ednea?<\/strong> Aqu\u00ed aparece el n\u00facleo original del conflicto, ya abordado desde la perspectiva jur\u00eddica en la segunda entrega. \u00bfExist\u00edan alternativas de modernizaci\u00f3n? \u00bfSe evaluaron suficientemente? \u00bfSe compar\u00f3 el coste del cierre con el coste de la rehabilitaci\u00f3n? Los defensores del Plan X Cuenca responden afirmativamente. Sus cr\u00edticos consideran que la comparaci\u00f3n nunca fue suficientemente completa.<\/p>\n\n\n\n<p class=\"wp-block-paragraph\"><strong>Segunda cuesti\u00f3n: \u00bfse evalu\u00f3 correctamente el impacto territorial?<\/strong> No basta con contar viajeros. Tambi\u00e9n deben analizarse los efectos sobre municipios rurales, oportunidades econ\u00f3micas, despoblaci\u00f3n y cohesi\u00f3n provincial. Esta dimensi\u00f3n constituye probablemente uno de los aspectos donde m\u00e1s divergen ambas posiciones.<\/p>\n\n\n\n<p class=\"wp-block-paragraph\"><strong>Tercera cuesti\u00f3n: \u00bfqu\u00e9 papel desempe\u00f1ar\u00e1n las mercanc\u00edas durante las pr\u00f3ximas d\u00e9cadas?<\/strong> Como ya se detall\u00f3 en la tercera entrega de esta serie, cuando comenz\u00f3 el procedimiento administrativo el transporte ferroviario de mercanc\u00edas ocupaba un lugar muy distinto al actual dentro de la estrategia europea. La transici\u00f3n ecol\u00f3gica ha reforzado considerablemente su importancia. Ello explica que muchas preguntas miren m\u00e1s hacia el futuro que hacia el pasado, retomando interrogantes ya planteados sobre Taranc\u00f3n y el Puerto de Valencia.<\/p>\n\n\n\n<p class=\"wp-block-paragraph\"><strong>Cuarta cuesti\u00f3n: \u00bfqu\u00e9 intereses confluyen alrededor del suelo ferroviario?<\/strong> Este es quiz\u00e1 el bloque m\u00e1s delicado del documento. Conviene distinguir cuidadosamente entre hechos acreditados, decisiones urban\u00edsticas formalmente adoptadas y sospechas o interpretaciones de car\u00e1cter pol\u00edtico. Precisamente porque el urbanismo genera enormes expectativas econ\u00f3micas, resulta imprescindible mantener el m\u00e1ximo rigor. La transparencia administrativa constituye aqu\u00ed la mejor respuesta posible.<\/p>\n\n\n\n<p class=\"wp-block-paragraph\"><strong>Quinta cuesti\u00f3n: \u00bfqui\u00e9n responder\u00e1 dentro de veinte a\u00f1os?<\/strong> Es probablemente la pregunta m\u00e1s profunda de todo el trabajo. No se refiere \u00fanicamente al presente, sino a la responsabilidad hist\u00f3rica. Si dentro de dos d\u00e9cadas Europa necesita exactamente el tipo de corredor ferroviario que hoy ha desaparecido, \u00bfqui\u00e9n asumir\u00e1 el coste de aquella decisi\u00f3n? No existe respuesta sencilla.<\/p>\n\n\n\n<h2 class=\"wp-block-heading\">La gran aportaci\u00f3n de Eduardo Cruz<\/h2>\n\n\n\n<p class=\"wp-block-paragraph\">Resultar\u00eda injusto valorar este documento \u00fanicamente por el n\u00famero de preguntas que contiene. Su verdadera aportaci\u00f3n consiste en haber reunido en un solo texto pr\u00e1cticamente todas las dimensiones del conflicto. Hasta ahora los debates aparec\u00edan dispersos: un d\u00eda se hablaba del patrimonio ferroviario, otro de la despoblaci\u00f3n, otro del transporte de mercanc\u00edas, otro del urbanismo, otro de la legalidad.<\/p>\n\n\n\n<p class=\"wp-block-paragraph\">Las 105 preguntas consiguen algo extraordinariamente dif\u00edcil: conectan todos esos debates y demuestran que ninguno puede entenderse aisladamente.<\/p>\n\n\n\n<h2 class=\"wp-block-heading\">Cuando un cuestionario se convierte en archivo hist\u00f3rico<\/h2>\n\n\n\n<p class=\"wp-block-paragraph\">Con independencia de cu\u00e1l sea el desenlace jur\u00eddico o pol\u00edtico del caso Madrid\u2013Cuenca\u2013Valencia \u2014incluida la v\u00eda europea abierta y descrita en la segunda entrega\u2014, este documento posee ya un indudable valor hist\u00f3rico. Dentro de veinte o treinta a\u00f1os permitir\u00e1 reconstruir con enorme precisi\u00f3n cu\u00e1les eran las principales dudas de una parte muy significativa de la sociedad conquense.<\/p>\n\n\n\n<p class=\"wp-block-paragraph\">Quiz\u00e1 algunas preguntas habr\u00e1n encontrado respuesta. Quiz\u00e1 otras perder\u00e1n actualidad. Tal vez aparecer\u00e1n nuevas evidencias que modifiquen completamente el debate. Eso ocurre siempre en la historia. Pero precisamente por ello estos documentos adquieren valor: conservan intactas las incertidumbres de su tiempo.<\/p>\n\n\n\n<h2 class=\"wp-block-heading\">Ninguna democracia deber\u00eda temer a las preguntas<\/h2>\n\n\n\n<p class=\"wp-block-paragraph\">Existe una \u00faltima reflexi\u00f3n que trasciende completamente el caso ferroviario. Las democracias no se debilitan cuando los ciudadanos preguntan. Se debilitan cuando dejan de hacerlo. Las instituciones fuertes no necesitan evitar preguntas inc\u00f3modas. Necesitan responderlas con datos, argumentos y transparencia.<\/p>\n\n\n\n<p class=\"wp-block-paragraph\">Las 105 preguntas de Eduardo Cruz pueden compartirse o discutirse. Pueden considerarse excesivas o insuficientes. Pueden suscitar adhesiones o discrepancias. Lo que resulta mucho m\u00e1s dif\u00edcil es ignorarlas, porque cada una de ellas recuerda una idea esencial.<\/p>\n\n\n\n<p class=\"wp-block-paragraph\">Las v\u00edas pueden levantarse. Los expedientes pueden archivarse. Las sentencias pueden dictarse. Pero cuando una sociedad contin\u00faa formulando preguntas sobre una decisi\u00f3n p\u00fablica es porque percibe que el debate todav\u00eda no ha concluido. Y probablemente esa sea la mayor aportaci\u00f3n de este trabajo: no ofrece el punto final, obliga a seguir escribiendo la historia.<\/p>\n\n\n\n<p class=\"wp-block-paragraph\"><em>(Continuar\u00e1 con la quinta y \u00faltima parte: \u00abEl tren que a\u00fan atraviesa la conciencia de Cuenca: una reflexi\u00f3n sobre memoria, territorio y futuro\u00bb).<\/em><\/p>\n\n\n\n<p class=\"wp-block-paragraph\"><\/p>\n","protected":false},"excerpt":{"rendered":"<p>Cuatro a\u00f1os despu\u00e9s del cierre del ferrocarril convencional Madrid\u2013Cuenca\u2013Valencia, la provincia ha acumulado libros, estudios t\u00e9cnicos, recursos judiciales, alegaciones administrativas y centenares de intervenciones p\u00fablicas. A ese extenso corpus documental se suma ahora un trabajo singular que constituye, junto al an\u00e1lisis jur\u00eddico y econ\u00f3mico ya expuesto en entregas anteriores, el n\u00facleo pol\u00edtico e intelectual de&#8230;<\/p>\n","protected":false},"author":2,"featured_media":0,"comment_status":"open","ping_status":"open","sticky":false,"template":"","format":"standard","meta":{"rop_custom_images_group":[],"rop_custom_messages_group":[],"rop_publish_now":"yes","rop_publish_now_accounts":[],"rop_publish_now_history":[],"rop_publish_now_status":"pending","footnotes":""},"categories":[2,39,10,14,6,15,16,17,9],"tags":[],"class_list":["post-8576","post","type-post","status-publish","format-standard","hentry","category-actualidad","category-administraciones","category-comunicacion","category-economia","category-historia","category-pensamiento-politico","category-politica","category-urbanismo-y-arquitectura","category-viajes"],"yoast_head":"<!-- This site is optimized with the Yoast SEO plugin v28.4 - https:\/\/yoast.com\/product\/yoast-seo-wordpress\/ -->\n<title>El tren que quisieron borrar. Cuarta entrega: Las 105 preguntas de Eduardo Cruz, el cuestionario que ning\u00fan debate podr\u00e1 eludir (por Juan Andr\u00e9s Buedo) - La Vanguardia de Cuenca<\/title>\n<meta name=\"robots\" content=\"index, follow, max-snippet:-1, max-image-preview:large, max-video-preview:-1\" \/>\n<link rel=\"canonical\" href=\"https:\/\/lavanguardiadecuenca.es\/?p=8576\" \/>\n<meta property=\"og:locale\" content=\"es_ES\" \/>\n<meta property=\"og:type\" content=\"article\" \/>\n<meta property=\"og:title\" content=\"El tren que quisieron borrar. Cuarta entrega: Las 105 preguntas de Eduardo Cruz, el cuestionario que ning\u00fan debate podr\u00e1 eludir (por Juan Andr\u00e9s Buedo) - La Vanguardia de Cuenca\" \/>\n<meta property=\"og:description\" content=\"Cuatro a\u00f1os despu\u00e9s del cierre del ferrocarril convencional Madrid\u2013Cuenca\u2013Valencia, la provincia ha acumulado libros, estudios t\u00e9cnicos, recursos judiciales, alegaciones administrativas y centenares de intervenciones p\u00fablicas. A ese extenso corpus documental se suma ahora un trabajo singular que constituye, junto al an\u00e1lisis jur\u00eddico y econ\u00f3mico ya expuesto en entregas anteriores, el n\u00facleo pol\u00edtico e intelectual de...\" \/>\n<meta property=\"og:url\" content=\"https:\/\/lavanguardiadecuenca.es\/?p=8576\" \/>\n<meta property=\"og:site_name\" content=\"La Vanguardia de Cuenca\" \/>\n<meta property=\"article:published_time\" content=\"2026-09-04T16:44:57+00:00\" \/>\n<meta property=\"article:modified_time\" content=\"2026-09-04T17:58:35+00:00\" \/>\n<meta property=\"og:image\" content=\"https:\/\/lavanguardiadecuenca.es\/wp-content\/uploads\/2026\/09\/4a-entrega-de-El-tren-que-quisieron-borrar.jpg\" \/>\n\t<meta property=\"og:image:width\" content=\"1276\" \/>\n\t<meta property=\"og:image:height\" content=\"638\" \/>\n\t<meta property=\"og:image:type\" content=\"image\/jpeg\" \/>\n<meta name=\"author\" content=\"Juan Andr\u00e9s Buedo\" \/>\n<meta name=\"twitter:card\" content=\"summary_large_image\" \/>\n<meta name=\"twitter:label1\" content=\"Escrito por\" \/>\n\t<meta name=\"twitter:data1\" content=\"Juan Andr\u00e9s Buedo\" \/>\n\t<meta name=\"twitter:label2\" content=\"Tiempo de lectura\" \/>\n\t<meta name=\"twitter:data2\" content=\"7 minutos\" \/>\n<script type=\"application\/ld+json\" class=\"yoast-schema-graph\">{\"@context\":\"https:\\\/\\\/schema.org\",\"@graph\":[{\"@type\":\"Article\",\"@id\":\"https:\\\/\\\/lavanguardiadecuenca.es\\\/?p=8576#article\",\"isPartOf\":{\"@id\":\"https:\\\/\\\/lavanguardiadecuenca.es\\\/?p=8576\"},\"author\":{\"name\":\"Juan Andr\u00e9s Buedo\",\"@id\":\"https:\\\/\\\/lavanguardiadecuenca.es\\\/#\\\/schema\\\/person\\\/efd3b99fe10ec3fad96a88f3ae7d092f\"},\"headline\":\"El tren que quisieron borrar. Cuarta entrega: Las 105 preguntas de Eduardo Cruz, el cuestionario que ning\u00fan debate podr\u00e1 eludir (por Juan Andr\u00e9s Buedo)\",\"datePublished\":\"2026-09-04T16:44:57+00:00\",\"dateModified\":\"2026-09-04T17:58:35+00:00\",\"mainEntityOfPage\":{\"@id\":\"https:\\\/\\\/lavanguardiadecuenca.es\\\/?p=8576\"},\"wordCount\":1471,\"commentCount\":0,\"publisher\":{\"@id\":\"https:\\\/\\\/lavanguardiadecuenca.es\\\/#\\\/schema\\\/person\\\/efd3b99fe10ec3fad96a88f3ae7d092f\"},\"image\":{\"@id\":\"https:\\\/\\\/lavanguardiadecuenca.es\\\/?p=8576#primaryimage\"},\"thumbnailUrl\":\"https:\\\/\\\/lavanguardiadecuenca.es\\\/wp-content\\\/uploads\\\/2026\\\/09\\\/4a-entrega-de-El-tren-que-quisieron-borrar-1024x512.jpg\",\"articleSection\":[\"Actualidad\",\"Administraciones P\u00fablicas\",\"Comunicaci\u00f3n\",\"Econom\u00eda\",\"Historia\",\"Pensamiento pol\u00edtico\",\"Pol\u00edtica\",\"Urbanismo y Arquitectura\",\"Viajes\"],\"inLanguage\":\"es\",\"potentialAction\":[{\"@type\":\"CommentAction\",\"name\":\"Comment\",\"target\":[\"https:\\\/\\\/lavanguardiadecuenca.es\\\/?p=8576#respond\"]}]},{\"@type\":\"WebPage\",\"@id\":\"https:\\\/\\\/lavanguardiadecuenca.es\\\/?p=8576\",\"url\":\"https:\\\/\\\/lavanguardiadecuenca.es\\\/?p=8576\",\"name\":\"El tren que quisieron borrar. Cuarta entrega: Las 105 preguntas de Eduardo Cruz, el cuestionario que ning\u00fan debate podr\u00e1 eludir (por Juan Andr\u00e9s Buedo) - La Vanguardia de Cuenca\",\"isPartOf\":{\"@id\":\"https:\\\/\\\/lavanguardiadecuenca.es\\\/#website\"},\"primaryImageOfPage\":{\"@id\":\"https:\\\/\\\/lavanguardiadecuenca.es\\\/?p=8576#primaryimage\"},\"image\":{\"@id\":\"https:\\\/\\\/lavanguardiadecuenca.es\\\/?p=8576#primaryimage\"},\"thumbnailUrl\":\"https:\\\/\\\/lavanguardiadecuenca.es\\\/wp-content\\\/uploads\\\/2026\\\/09\\\/4a-entrega-de-El-tren-que-quisieron-borrar-1024x512.jpg\",\"datePublished\":\"2026-09-04T16:44:57+00:00\",\"dateModified\":\"2026-09-04T17:58:35+00:00\",\"breadcrumb\":{\"@id\":\"https:\\\/\\\/lavanguardiadecuenca.es\\\/?p=8576#breadcrumb\"},\"inLanguage\":\"es\",\"potentialAction\":[{\"@type\":\"ReadAction\",\"target\":[\"https:\\\/\\\/lavanguardiadecuenca.es\\\/?p=8576\"]}]},{\"@type\":\"ImageObject\",\"inLanguage\":\"es\",\"@id\":\"https:\\\/\\\/lavanguardiadecuenca.es\\\/?p=8576#primaryimage\",\"url\":\"https:\\\/\\\/lavanguardiadecuenca.es\\\/wp-content\\\/uploads\\\/2026\\\/09\\\/4a-entrega-de-El-tren-que-quisieron-borrar.jpg\",\"contentUrl\":\"https:\\\/\\\/lavanguardiadecuenca.es\\\/wp-content\\\/uploads\\\/2026\\\/09\\\/4a-entrega-de-El-tren-que-quisieron-borrar.jpg\",\"width\":1276,\"height\":638},{\"@type\":\"BreadcrumbList\",\"@id\":\"https:\\\/\\\/lavanguardiadecuenca.es\\\/?p=8576#breadcrumb\",\"itemListElement\":[{\"@type\":\"ListItem\",\"position\":1,\"name\":\"Portada\",\"item\":\"https:\\\/\\\/lavanguardiadecuenca.es\\\/\"},{\"@type\":\"ListItem\",\"position\":2,\"name\":\"El tren que quisieron borrar. Cuarta entrega: Las 105 preguntas de Eduardo Cruz, el cuestionario que ning\u00fan debate podr\u00e1 eludir (por Juan Andr\u00e9s Buedo)\"}]},{\"@type\":\"WebSite\",\"@id\":\"https:\\\/\\\/lavanguardiadecuenca.es\\\/#website\",\"url\":\"https:\\\/\\\/lavanguardiadecuenca.es\\\/\",\"name\":\"La Vanguardia de Cuenca\",\"description\":\"Intereses: comunicaci\u00f3n y actualidad en general, weblogs, sociedad, pol\u00edtica\",\"publisher\":{\"@id\":\"https:\\\/\\\/lavanguardiadecuenca.es\\\/#\\\/schema\\\/person\\\/efd3b99fe10ec3fad96a88f3ae7d092f\"},\"potentialAction\":[{\"@type\":\"SearchAction\",\"target\":{\"@type\":\"EntryPoint\",\"urlTemplate\":\"https:\\\/\\\/lavanguardiadecuenca.es\\\/?s={search_term_string}\"},\"query-input\":{\"@type\":\"PropertyValueSpecification\",\"valueRequired\":true,\"valueName\":\"search_term_string\"}}],\"inLanguage\":\"es\"},{\"@type\":[\"Person\",\"Organization\"],\"@id\":\"https:\\\/\\\/lavanguardiadecuenca.es\\\/#\\\/schema\\\/person\\\/efd3b99fe10ec3fad96a88f3ae7d092f\",\"name\":\"Juan Andr\u00e9s Buedo\",\"image\":{\"@type\":\"ImageObject\",\"inLanguage\":\"es\",\"@id\":\"https:\\\/\\\/lavanguardiadecuenca.es\\\/wp-content\\\/uploads\\\/2025\\\/09\\\/6a00d8341c734753ef0278801a3634200d-250si.jpg\",\"url\":\"https:\\\/\\\/lavanguardiadecuenca.es\\\/wp-content\\\/uploads\\\/2025\\\/09\\\/6a00d8341c734753ef0278801a3634200d-250si.jpg\",\"contentUrl\":\"https:\\\/\\\/lavanguardiadecuenca.es\\\/wp-content\\\/uploads\\\/2025\\\/09\\\/6a00d8341c734753ef0278801a3634200d-250si.jpg\",\"width\":250,\"height\":250,\"caption\":\"Juan Andr\u00e9s Buedo\"},\"logo\":{\"@id\":\"https:\\\/\\\/lavanguardiadecuenca.es\\\/wp-content\\\/uploads\\\/2025\\\/09\\\/6a00d8341c734753ef0278801a3634200d-250si.jpg\"},\"sameAs\":[\"https:\\\/\\\/lavanguardiadecuenca.es\\\/\"],\"url\":\"https:\\\/\\\/lavanguardiadecuenca.es\\\/?author=2\"}]}<\/script>\n<!-- \/ Yoast SEO plugin. -->","yoast_head_json":{"title":"El tren que quisieron borrar. Cuarta entrega: Las 105 preguntas de Eduardo Cruz, el cuestionario que ning\u00fan debate podr\u00e1 eludir (por Juan Andr\u00e9s Buedo) - La Vanguardia de Cuenca","robots":{"index":"index","follow":"follow","max-snippet":"max-snippet:-1","max-image-preview":"max-image-preview:large","max-video-preview":"max-video-preview:-1"},"canonical":"https:\/\/lavanguardiadecuenca.es\/?p=8576","og_locale":"es_ES","og_type":"article","og_title":"El tren que quisieron borrar. Cuarta entrega: Las 105 preguntas de Eduardo Cruz, el cuestionario que ning\u00fan debate podr\u00e1 eludir (por Juan Andr\u00e9s Buedo) - La Vanguardia de Cuenca","og_description":"Cuatro a\u00f1os despu\u00e9s del cierre del ferrocarril convencional Madrid\u2013Cuenca\u2013Valencia, la provincia ha acumulado libros, estudios t\u00e9cnicos, recursos judiciales, alegaciones administrativas y centenares de intervenciones p\u00fablicas. A ese extenso corpus documental se suma ahora un trabajo singular que constituye, junto al an\u00e1lisis jur\u00eddico y econ\u00f3mico ya expuesto en entregas anteriores, el n\u00facleo pol\u00edtico e intelectual de...","og_url":"https:\/\/lavanguardiadecuenca.es\/?p=8576","og_site_name":"La Vanguardia de Cuenca","article_published_time":"2026-09-04T16:44:57+00:00","article_modified_time":"2026-09-04T17:58:35+00:00","og_image":[{"width":1276,"height":638,"url":"https:\/\/lavanguardiadecuenca.es\/wp-content\/uploads\/2026\/09\/4a-entrega-de-El-tren-que-quisieron-borrar.jpg","type":"image\/jpeg"}],"author":"Juan Andr\u00e9s Buedo","twitter_card":"summary_large_image","twitter_misc":{"Escrito por":"Juan Andr\u00e9s Buedo","Tiempo de lectura":"7 minutos"},"schema":{"@context":"https:\/\/schema.org","@graph":[{"@type":"Article","@id":"https:\/\/lavanguardiadecuenca.es\/?p=8576#article","isPartOf":{"@id":"https:\/\/lavanguardiadecuenca.es\/?p=8576"},"author":{"name":"Juan Andr\u00e9s Buedo","@id":"https:\/\/lavanguardiadecuenca.es\/#\/schema\/person\/efd3b99fe10ec3fad96a88f3ae7d092f"},"headline":"El tren que quisieron borrar. Cuarta entrega: Las 105 preguntas de Eduardo Cruz, el cuestionario que ning\u00fan debate podr\u00e1 eludir (por Juan Andr\u00e9s Buedo)","datePublished":"2026-09-04T16:44:57+00:00","dateModified":"2026-09-04T17:58:35+00:00","mainEntityOfPage":{"@id":"https:\/\/lavanguardiadecuenca.es\/?p=8576"},"wordCount":1471,"commentCount":0,"publisher":{"@id":"https:\/\/lavanguardiadecuenca.es\/#\/schema\/person\/efd3b99fe10ec3fad96a88f3ae7d092f"},"image":{"@id":"https:\/\/lavanguardiadecuenca.es\/?p=8576#primaryimage"},"thumbnailUrl":"https:\/\/lavanguardiadecuenca.es\/wp-content\/uploads\/2026\/09\/4a-entrega-de-El-tren-que-quisieron-borrar-1024x512.jpg","articleSection":["Actualidad","Administraciones P\u00fablicas","Comunicaci\u00f3n","Econom\u00eda","Historia","Pensamiento pol\u00edtico","Pol\u00edtica","Urbanismo y Arquitectura","Viajes"],"inLanguage":"es","potentialAction":[{"@type":"CommentAction","name":"Comment","target":["https:\/\/lavanguardiadecuenca.es\/?p=8576#respond"]}]},{"@type":"WebPage","@id":"https:\/\/lavanguardiadecuenca.es\/?p=8576","url":"https:\/\/lavanguardiadecuenca.es\/?p=8576","name":"El tren que quisieron borrar. Cuarta entrega: Las 105 preguntas de Eduardo Cruz, el cuestionario que ning\u00fan debate podr\u00e1 eludir (por Juan Andr\u00e9s Buedo) - La Vanguardia de Cuenca","isPartOf":{"@id":"https:\/\/lavanguardiadecuenca.es\/#website"},"primaryImageOfPage":{"@id":"https:\/\/lavanguardiadecuenca.es\/?p=8576#primaryimage"},"image":{"@id":"https:\/\/lavanguardiadecuenca.es\/?p=8576#primaryimage"},"thumbnailUrl":"https:\/\/lavanguardiadecuenca.es\/wp-content\/uploads\/2026\/09\/4a-entrega-de-El-tren-que-quisieron-borrar-1024x512.jpg","datePublished":"2026-09-04T16:44:57+00:00","dateModified":"2026-09-04T17:58:35+00:00","breadcrumb":{"@id":"https:\/\/lavanguardiadecuenca.es\/?p=8576#breadcrumb"},"inLanguage":"es","potentialAction":[{"@type":"ReadAction","target":["https:\/\/lavanguardiadecuenca.es\/?p=8576"]}]},{"@type":"ImageObject","inLanguage":"es","@id":"https:\/\/lavanguardiadecuenca.es\/?p=8576#primaryimage","url":"https:\/\/lavanguardiadecuenca.es\/wp-content\/uploads\/2026\/09\/4a-entrega-de-El-tren-que-quisieron-borrar.jpg","contentUrl":"https:\/\/lavanguardiadecuenca.es\/wp-content\/uploads\/2026\/09\/4a-entrega-de-El-tren-que-quisieron-borrar.jpg","width":1276,"height":638},{"@type":"BreadcrumbList","@id":"https:\/\/lavanguardiadecuenca.es\/?p=8576#breadcrumb","itemListElement":[{"@type":"ListItem","position":1,"name":"Portada","item":"https:\/\/lavanguardiadecuenca.es\/"},{"@type":"ListItem","position":2,"name":"El tren que quisieron borrar. Cuarta entrega: Las 105 preguntas de Eduardo Cruz, el cuestionario que ning\u00fan debate podr\u00e1 eludir (por Juan Andr\u00e9s Buedo)"}]},{"@type":"WebSite","@id":"https:\/\/lavanguardiadecuenca.es\/#website","url":"https:\/\/lavanguardiadecuenca.es\/","name":"La Vanguardia de Cuenca","description":"Intereses: comunicaci\u00f3n y actualidad en general, weblogs, sociedad, pol\u00edtica","publisher":{"@id":"https:\/\/lavanguardiadecuenca.es\/#\/schema\/person\/efd3b99fe10ec3fad96a88f3ae7d092f"},"potentialAction":[{"@type":"SearchAction","target":{"@type":"EntryPoint","urlTemplate":"https:\/\/lavanguardiadecuenca.es\/?s={search_term_string}"},"query-input":{"@type":"PropertyValueSpecification","valueRequired":true,"valueName":"search_term_string"}}],"inLanguage":"es"},{"@type":["Person","Organization"],"@id":"https:\/\/lavanguardiadecuenca.es\/#\/schema\/person\/efd3b99fe10ec3fad96a88f3ae7d092f","name":"Juan Andr\u00e9s Buedo","image":{"@type":"ImageObject","inLanguage":"es","@id":"https:\/\/lavanguardiadecuenca.es\/wp-content\/uploads\/2025\/09\/6a00d8341c734753ef0278801a3634200d-250si.jpg","url":"https:\/\/lavanguardiadecuenca.es\/wp-content\/uploads\/2025\/09\/6a00d8341c734753ef0278801a3634200d-250si.jpg","contentUrl":"https:\/\/lavanguardiadecuenca.es\/wp-content\/uploads\/2025\/09\/6a00d8341c734753ef0278801a3634200d-250si.jpg","width":250,"height":250,"caption":"Juan Andr\u00e9s Buedo"},"logo":{"@id":"https:\/\/lavanguardiadecuenca.es\/wp-content\/uploads\/2025\/09\/6a00d8341c734753ef0278801a3634200d-250si.jpg"},"sameAs":["https:\/\/lavanguardiadecuenca.es\/"],"url":"https:\/\/lavanguardiadecuenca.es\/?author=2"}]}},"_links":{"self":[{"href":"https:\/\/lavanguardiadecuenca.es\/index.php?rest_route=\/wp\/v2\/posts\/8576","targetHints":{"allow":["GET"]}}],"collection":[{"href":"https:\/\/lavanguardiadecuenca.es\/index.php?rest_route=\/wp\/v2\/posts"}],"about":[{"href":"https:\/\/lavanguardiadecuenca.es\/index.php?rest_route=\/wp\/v2\/types\/post"}],"author":[{"embeddable":true,"href":"https:\/\/lavanguardiadecuenca.es\/index.php?rest_route=\/wp\/v2\/users\/2"}],"replies":[{"embeddable":true,"href":"https:\/\/lavanguardiadecuenca.es\/index.php?rest_route=%2Fwp%2Fv2%2Fcomments&post=8576"}],"version-history":[{"count":2,"href":"https:\/\/lavanguardiadecuenca.es\/index.php?rest_route=\/wp\/v2\/posts\/8576\/revisions"}],"predecessor-version":[{"id":8579,"href":"https:\/\/lavanguardiadecuenca.es\/index.php?rest_route=\/wp\/v2\/posts\/8576\/revisions\/8579"}],"wp:attachment":[{"href":"https:\/\/lavanguardiadecuenca.es\/index.php?rest_route=%2Fwp%2Fv2%2Fmedia&parent=8576"}],"wp:term":[{"taxonomy":"category","embeddable":true,"href":"https:\/\/lavanguardiadecuenca.es\/index.php?rest_route=%2Fwp%2Fv2%2Fcategories&post=8576"},{"taxonomy":"post_tag","embeddable":true,"href":"https:\/\/lavanguardiadecuenca.es\/index.php?rest_route=%2Fwp%2Fv2%2Ftags&post=8576"}],"curies":[{"name":"wp","href":"https:\/\/api.w.org\/{rel}","templated":true}]}}