{"id":8573,"date":"2026-09-03T09:03:21","date_gmt":"2026-09-03T09:03:21","guid":{"rendered":"https:\/\/lavanguardiadecuenca.es\/?p=8573"},"modified":"2026-09-03T09:03:21","modified_gmt":"2026-09-03T09:03:21","slug":"ceuta-lleva-a-la-calle-la-indignacion-contra-sanchez-por-juan-andres-buedo","status":"publish","type":"post","link":"https:\/\/lavanguardiadecuenca.es\/?p=8573","title":{"rendered":"Ceuta lleva a la calle la indignaci\u00f3n contra S\u00e1nchez (por Juan Andr\u00e9s Buedo)"},"content":{"rendered":"\n<figure class=\"wp-block-image size-large\"><img loading=\"lazy\" decoding=\"async\" width=\"1024\" height=\"576\" src=\"https:\/\/lavanguardiadecuenca.es\/wp-content\/uploads\/2026\/09\/Espana-en-las-calles-defiende-Ceuta-1024x576.jpg\" alt=\"\" class=\"wp-image-8574\" srcset=\"https:\/\/lavanguardiadecuenca.es\/wp-content\/uploads\/2026\/09\/Espana-en-las-calles-defiende-Ceuta-1024x576.jpg 1024w, https:\/\/lavanguardiadecuenca.es\/wp-content\/uploads\/2026\/09\/Espana-en-las-calles-defiende-Ceuta-300x169.jpg 300w, https:\/\/lavanguardiadecuenca.es\/wp-content\/uploads\/2026\/09\/Espana-en-las-calles-defiende-Ceuta-768x432.jpg 768w, https:\/\/lavanguardiadecuenca.es\/wp-content\/uploads\/2026\/09\/Espana-en-las-calles-defiende-Ceuta-299x168.jpg 299w, https:\/\/lavanguardiadecuenca.es\/wp-content\/uploads\/2026\/09\/Espana-en-las-calles-defiende-Ceuta-850x478.jpg 850w, https:\/\/lavanguardiadecuenca.es\/wp-content\/uploads\/2026\/09\/Espana-en-las-calles-defiende-Ceuta.jpg 1200w\" sizes=\"auto, (max-width: 1024px) 100vw, 1024px\" \/><\/figure>\n\n\n\n<p class=\"wp-block-paragraph\"><em>El 2 de septiembre de 2026 convirti\u00f3 la solidaridad con la ciudad aut\u00f3noma en una formidable advertencia pol\u00edtica a La Moncloa: Espa\u00f1a exige explicaciones sobre la frontera, Marruecos y un Gobierno que transmite una inquietante sensaci\u00f3n de agotamiento<\/em><\/p>\n\n\n\n<p class=\"wp-block-paragraph\">Hay fechas que dejan de pertenecer al calendario para entrar en la historia pol\u00edtica. Ayer, D\u00eda de Ceuta, ha sido una de ellas. Lo que deb\u00eda constituir la celebraci\u00f3n institucional de una ciudad espa\u00f1ola se transform\u00f3 en una formidable expresi\u00f3n de protesta, solidaridad y afirmaci\u00f3n nacional. Ceuta sali\u00f3 a la calle, pero no sali\u00f3 sola: Madrid, Barcelona, Sevilla, Valencia y centenares de localidades acompa\u00f1aron a una poblaci\u00f3n que lleva m\u00e1s de un mes pregunt\u00e1ndose c\u00f3mo pudo producirse una entrada masiva por la frontera y por qu\u00e9 el Gobierno reaccion\u00f3 tarde y con explicaciones insuficientes. El lema \u00abCeuta es Espa\u00f1a\u00bb encerr\u00f3 una exigencia elemental: que el Estado proteja a sus ciudadanos, controle su frontera y rinda cuentas. Seg\u00fan la informaci\u00f3n difundida, se celebraron m\u00e1s de 260 convocatorias; la Delegaci\u00f3n del Gobierno cifr\u00f3 en 50.000 los concentrados en Cibeles y en m\u00e1s de 20.000 los participantes en Ceuta, protagonista de la mayor movilizaci\u00f3n de su historia reciente. Junto a \u00abCeuta no se vende, Ceuta se defiende\u00bb se escucharon consignas contra Pedro S\u00e1nchez y Fernando Grande-Marlaska. Una crisis fronteriza se hab\u00eda convertido en una impugnaci\u00f3n p\u00fablica de la capacidad del Ejecutivo para prevenir, explicar y resolver un desaf\u00edo capital para la naci\u00f3n.<\/p>\n\n\n\n<p class=\"wp-block-paragraph\">Ser\u00eda injusto reducir aquellas concentraciones a una movilizaci\u00f3n partidista contra S\u00e1nchez. Hubo ciudadanos movidos por la solidaridad, la preocupaci\u00f3n ante la inmigraci\u00f3n irregular o la defensa de la soberan\u00eda, y tambi\u00e9n voces que advirtieron contra la xenofobia. Esa diversidad fortalece el significado de la jornada, pero ser\u00eda enga\u00f1oso negar su poderoso componente de censura al Gobierno. Los c\u00e1nticos contra S\u00e1nchez y Marlaska se reprodujeron en distintas plazas, mientras la amplitud territorial demostraba que no era un episodio local. La Moncloa pareci\u00f3 creer que la crisis pod\u00eda administrarse reduciendo su temperatura informativa, dosificando el lenguaje y aguardando a que otra noticia la desplazara. Sin embargo, Ceuta no desapareci\u00f3: regres\u00f3 multiplicada por cientos de plazas y convertida en s\u00edmbolo de una sensaci\u00f3n creciente. El Gobierno llega despu\u00e9s de los acontecimientos, intenta dominar el relato cuando ha perdido el control de los hechos y confunde resistencia pol\u00edtica con solvencia institucional.<\/p>\n\n\n\n<p class=\"wp-block-paragraph\">Una de las heridas del caso reside en que informaciones esenciales parecen llegar a los responsables pol\u00edticos cuando ya han aparecido en los peri\u00f3dicos o cuando una instancia judicial obliga a investigarlas. Una jueza solicit\u00f3 a la Polic\u00eda que aclarase la entrada masiva y, seg\u00fan lo publicado, el documento describi\u00f3 un proceso \u00abpreviamente definido\u00bb, presencia insuficiente de fuerzas marroqu\u00edes y un \u00abguiado activo\u00bb hacia puntos de paso. Esto no demuestra que el Gobierno de Mohamed VI ordenara desde Rabat una operaci\u00f3n coordinada; en un asunto tan grave, las pruebas importan. Pero los indicios tampoco pueden declararse irrelevantes. Si la investigaci\u00f3n aporta datos sobre la posible actuaci\u00f3n de efectivos marroqu\u00edes, cabe preguntar por qu\u00e9 Interior no investig\u00f3 por iniciativa propia desde el primer momento unos hechos que afectaban a una frontera exterior de Espa\u00f1a y de la Uni\u00f3n Europea. Cuando una Administraci\u00f3n evita enterarse formalmente de algo, puede que tema las obligaciones que nacer\u00edan al reconocerlo.<\/p>\n\n\n\n<p class=\"wp-block-paragraph\">Surgen preguntas que el Gobierno no puede aplazar: \u00bfqu\u00e9 sab\u00edan Interior, Exteriores y Presidencia?, \u00bfqu\u00e9 informaci\u00f3n manejaban la Polic\u00eda, la Guardia Civil y los servicios de inteligencia?, \u00bfqui\u00e9n conoci\u00f3 cada dato y cu\u00e1ndo?, \u00bfqu\u00e9 comunicaciones hubo con Rabat? \u00bfPor qu\u00e9 los espa\u00f1oles asisten a una batalla sem\u00e1ntica sobre la responsabilidad marroqu\u00ed en vez de recibir una exposici\u00f3n documentada de lo ocurrido? Debe distinguirse entre los indicios sobre determinados agentes y la afirmaci\u00f3n, mucho m\u00e1s grave, de que Marruecos organiz\u00f3 pol\u00edticamente la operaci\u00f3n. Esa cautela es indispensable, pero no puede servir para cerrar la investigaci\u00f3n. Entre acusar sin pruebas y absolver anticipadamente existe un espacio democr\u00e1tico llamado esclarecimiento de los hechos. Sin embargo, el Ejecutivo parece dedicar m\u00e1s energ\u00eda a desactivar las hip\u00f3tesis inc\u00f3modas para Rabat que a despejar las dudas de sus ciudadanos.<\/p>\n\n\n\n<p class=\"wp-block-paragraph\">Marruecos no es un vecino cualquiera. La geograf\u00eda, la inmigraci\u00f3n, el terrorismo, el comercio, la pesca, Canarias, Ceuta, Melilla y el S\u00e1hara convierten la relaci\u00f3n con Rabat en uno de los expedientes m\u00e1s sensibles de nuestra pol\u00edtica exterior. Todos los gobiernos han mantenido canales estables de cooperaci\u00f3n porque Marruecos dispone de varias llaves capaces de afectar a Espa\u00f1a. Esa cooperaci\u00f3n es una necesidad geopol\u00edtica, pero tambi\u00e9n una vulnerabilidad que debe gestionarse con firmeza, reciprocidad y transparencia. Criticar a S\u00e1nchez no exige fingir que otro gobernante podr\u00eda conducir esta relaci\u00f3n mediante ultim\u00e1tums permanentes; aceptar la complejidad tampoco obliga a la genuflexi\u00f3n. La diplomacia consiste en cooperar sin abdicar y establecer l\u00edmites inequ\u00edvocos. Ceuta es uno de ellos. La prudencia ante una acusaci\u00f3n no probada puede ser razonable; convertirla en exculpaci\u00f3n preventiva mientras persisten zonas oscuras deja de serlo.<\/p>\n\n\n\n<p class=\"wp-block-paragraph\">La pol\u00edtica marroqu\u00ed de S\u00e1nchez arrastra una pesada mochila. En 2022, el Gobierno modific\u00f3 la posici\u00f3n espa\u00f1ola sobre el S\u00e1hara Occidental y consider\u00f3 la propuesta marroqu\u00ed de autonom\u00eda como la base \u00abm\u00e1s seria, realista y cre\u00edble\u00bb para solucionar el conflicto. La Moncloa present\u00f3 el giro como una etapa de estabilidad y confianza. Cuatro a\u00f1os despu\u00e9s, Ceuta obliga al balance: \u00bfha aumentado nuestra influencia?, \u00bfha mejorado la seguridad?, \u00bfexiste reciprocidad o Espa\u00f1a necesita tanto la colaboraci\u00f3n marroqu\u00ed que mide cada palabra para no incomodar a Mohamed VI? En la interdependencia, dos pa\u00edses se necesitan; en la dependencia, uno teme mucho m\u00e1s las consecuencias de una ruptura. Espa\u00f1a debe determinar d\u00f3nde se encuentra. La cooperaci\u00f3n fronteriza no puede depender de silencios diplom\u00e1ticos: ning\u00fan socio fiable utiliza la presi\u00f3n migratoria como instrumento de negociaci\u00f3n y ninguna democracia debe renunciar a la verdad para preservar una apariencia de normalidad.<\/p>\n\n\n\n<p class=\"wp-block-paragraph\">Por eso ha cobrado fuerza la imagen del \u00abGobierno grogui\u00bb. El boxeador contin\u00faa en pie, pero ha perdido orientaci\u00f3n, recibe golpes y reacciona tarde. S\u00e1nchez ha demostrado una extraordinaria capacidad de supervivencia y ser\u00eda imprudente anunciar su ca\u00edda inmediata. Conserva una base electoral considerable y ha superado crisis que habr\u00edan derribado a otros dirigentes. Sin embargo, resistir no equivale a gobernar bien; sobrevivir no significa convencer, y permanecer en La Moncloa tampoco garantiza autoridad. Ceuta llega cuando el Ejecutivo acumula dificultades parlamentarias, controversias judiciales, desgaste institucional e incapacidad para recuperar la iniciativa. Esta crisis puede alterar de manera duradera la percepci\u00f3n de millones de espa\u00f1oles sobre su competencia. Cuando una sociedad considera que sus gobernantes s\u00f3lo reaccionan despu\u00e9s del da\u00f1o, no se produce \u00fanicamente una p\u00e9rdida electoral: se erosiona la confianza en el Estado.<\/p>\n\n\n\n<p class=\"wp-block-paragraph\">Algunos analistas presentan Ceuta como el posible \u00abcisne negro\u00bb o la \u00abpuntilla final\u00bb del sanchismo. No son profec\u00edas demostrables, pero se\u00f1alan un peligro verdadero. Los gobiernos rara vez caen por un \u00fanico esc\u00e1ndalo; se deterioran por acumulaci\u00f3n, hasta que cada acontecimiento se interpreta a la luz de los anteriores. Entonces el ciudadano ya no pregunta si un ministro se equivoc\u00f3, sino algo m\u00e1s corrosivo: \u00ab\u00bfFunciona este Gobierno?\u00bb. El cambio puede ser decisivo porque Ceuta conecta con la seguridad, la soberan\u00eda, la inmigraci\u00f3n, la pol\u00edtica exterior y la autoridad del Estado. Quiz\u00e1 no sea la \u00faltima pieza, pero permite contemplar un mosaico: un Ejecutivo m\u00e1s preocupado por sostener su relato que por ofrecer una explicaci\u00f3n \u00edntegra, m\u00e1s h\u00e1bil en la supervivencia t\u00e1ctica que en la previsi\u00f3n estrat\u00e9gica y menos capaz de persuadir a quienes juzgan los resultados.<\/p>\n\n\n\n<p class=\"wp-block-paragraph\">La respuesta nacional del 2 de septiembre aporta, no obstante, una ense\u00f1anza esperanzadora. Las concentraciones demostraron que una parte muy amplia de la sociedad no acepta que Ceuta sea tratada como un territorio perif\u00e9rico cuya crisis pueda administrarse desde la distancia. Algunos han utilizado los t\u00e9rminos \u00abinvasi\u00f3n\u00bb o, de forma condicionada, \u00abguerra h\u00edbrida\u00bb para describir los hechos. Ambas expresiones deben manejarse con prudencia mientras no se establezcan definitivamente la autor\u00eda, el grado de coordinaci\u00f3n y la finalidad pol\u00edtica de lo sucedido. Pero debajo de la controversia terminol\u00f3gica existe una realidad dif\u00edcilmente discutible: Ceuta padeci\u00f3 una entrada extraordinariamente masiva, su poblaci\u00f3n se sinti\u00f3 amenazada y abandonada, la vida econ\u00f3mica y social qued\u00f3 profundamente alterada y miles de espa\u00f1oles decidieron proclamar que aquel problema tambi\u00e9n era suyo. Ese fue quiz\u00e1 el mensaje m\u00e1s poderoso de la jornada: no \u00abellos\u00bb, sino nosotros; no \u00aball\u00ed\u00bb, sino Espa\u00f1a. La distancia geogr\u00e1fica no rebaja la ciudadan\u00eda ni convierte la soberan\u00eda en una noci\u00f3n negociable. Cuando Ceuta reclama protecci\u00f3n, la respuesta no puede ser burocr\u00e1tica, tard\u00eda o condescendiente, porque la frontera ceut\u00ed es tambi\u00e9n la frontera com\u00fan de todos los espa\u00f1oles y de toda Europa.<\/p>\n\n\n\n<p class=\"wp-block-paragraph\">Esa afirmaci\u00f3n nacional debe ir acompa\u00f1ada de una frontera moral igualmente clara. La indignaci\u00f3n ciudadana no autoriza la xenofobia; defender la soberan\u00eda no convierte a cada inmigrante en enemigo, y exigir responsabilidades al Gobierno espa\u00f1ol no permite atribuir colectivamente al pueblo marroqu\u00ed lo que s\u00f3lo puede imputarse a autoridades o personas concretas cuando existan pruebas. Quienes llegaron en condiciones desesperadas son seres humanos, no piezas ret\u00f3ricas, y el Estado debe atenderlos conforme a la ley y a sus compromisos internacionales. Pero rechazar el odio tampoco obliga a practicar la ingenuidad. Una democracia tiene derecho a controlar sus fronteras; un Estado est\u00e1 obligado a saber qui\u00e9n entra; una ciudad tiene derecho a que sus servicios p\u00fablicos, su seguridad y su convivencia no sean desbordados; y Espa\u00f1a puede exigir a Marruecos el cumplimiento escrupuloso de sus compromisos. Derechos humanos y seguridad no son conceptos opuestos. Lo irresponsable es enfrentarlos para eludir decisiones dif\u00edciles o descalificar cualquier demanda de control fronterizo como si fuera una expresi\u00f3n de intolerancia. La pol\u00edtica adulta protege simult\u00e1neamente la dignidad humana, la legalidad y la integridad territorial.<\/p>\n\n\n\n<p class=\"wp-block-paragraph\">El 2 de septiembre ya ha producido una consecuencia, aunque todav\u00eda ignoremos su alcance electoral: el Gobierno ha perdido otra porci\u00f3n de autoridad. Durante semanas trat\u00f3 de transmitir control sobre una crisis que numerosos ciudadanos contemplaban como descontrol; insisti\u00f3 en la fortaleza de la cooperaci\u00f3n con Marruecos mientras crec\u00edan las preguntas sobre el comportamiento de determinados agentes marroqu\u00edes; explic\u00f3 las medidas adoptadas despu\u00e9s de los hechos cuando la cuesti\u00f3n decisiva era por qu\u00e9 no se evitaron; y termin\u00f3 viendo c\u00f3mo decenas de miles de personas ocupaban las calles para recordarle algo elemental. Una frontera es algo m\u00e1s que una l\u00ednea en un mapa: representa f\u00edsicamente la soberan\u00eda, delimita la responsabilidad del Estado y expresa ante el ciudadano hasta d\u00f3nde alcanza su protecci\u00f3n. Ceuta es mucho m\u00e1s que una ciudad situada al otro lado del Estrecho: es Espa\u00f1a. Por eso las multitudes del mi\u00e9rcoles no hablaban \u00fanicamente de inmigraci\u00f3n. Hablaban de autoridad, seguridad, diplomacia, transparencia, confianza y Gobierno. Y reclamaban que ninguna relaci\u00f3n internacional, por necesaria que sea, coloque el derecho de los espa\u00f1oles a conocer la verdad por debajo de la conveniencia coyuntural de La Moncloa.<\/p>\n\n\n\n<p class=\"wp-block-paragraph\">Pedro S\u00e1nchez puede seguir resistiendo y probablemente lo har\u00e1. Ha convertido la resistencia en una forma de poder y ha demostrado que domina como pocos el tiempo pol\u00edtico, la iniciativa comunicativa y la negociaci\u00f3n parlamentaria. Pero un pa\u00eds no se gobierna \u00fanicamente evitando derrotas. Se gobierna anticipando amenazas, coordinando instituciones, protegiendo fronteras, dando explicaciones y asumiendo responsabilidades cuando algo falla. El presidente no recuperar\u00e1 la autoridad perdida mediante otra comparecencia calculada, una campa\u00f1a de comunicaci\u00f3n o una nueva ofensiva contra la oposici\u00f3n. Necesita ordenar una investigaci\u00f3n completa, facilitar al Parlamento la informaci\u00f3n disponible, aclarar la actuaci\u00f3n de cada ministerio, exigir a Marruecos respuestas verificables y explicar a los ceut\u00edes qu\u00e9 medidas impedir\u00e1n que una crisis semejante vuelva a repetirse. Tambi\u00e9n debe depurar responsabilidades si se demuestra imprevisi\u00f3n, negligencia o ocultaci\u00f3n. La rendici\u00f3n de cuentas no debilita al Estado: lo fortalece. Lo que lo debilita es que los ciudadanos sospechen que sus gobernantes administran la informaci\u00f3n seg\u00fan su conveniencia y s\u00f3lo reconocen los problemas cuando ya no pueden ocultarlos.<\/p>\n\n\n\n<p class=\"wp-block-paragraph\">La imagen que deja aquel 2 de septiembre ser\u00e1 dif\u00edcil de borrar: Ceuta reclamando Espa\u00f1a y Espa\u00f1a respondiendo a Ceuta, mientras el Gobierno intentaba explicar por qu\u00e9 hab\u00eda ocurrido aquello que nunca debi\u00f3 suceder. Ahora corresponde esclarecer toda la verdad: qu\u00e9 pas\u00f3 en la frontera, qui\u00e9n actu\u00f3, qui\u00e9n dej\u00f3 de actuar, qu\u00e9 sab\u00eda Marruecos, qu\u00e9 sab\u00eda Espa\u00f1a, qu\u00e9 conoc\u00eda el Ejecutivo y cu\u00e1ndo lo conoci\u00f3. No se trata de alimentar hostilidades, convertir la inmigraci\u00f3n en mercanc\u00eda electoral ni fabricar culpables antes de que existan pruebas; se trata de restaurar la confianza mediante hechos, documentos y responsabilidades. La Moncloa todav\u00eda puede elegir entre la transparencia y el c\u00e1lculo, entre la defensa firme de los intereses nacionales y la subordinaci\u00f3n a una relaci\u00f3n diplom\u00e1tica desequilibrada. Pero el margen se estrecha. Despu\u00e9s del 2 de septiembre, el problema ya no consiste solamente en saber si el Gobierno controla la crisis de Ceuta. La pregunta que empieza a hacerse una parte creciente de la sociedad es bastante m\u00e1s inc\u00f3moda y alcanza al conjunto de su gesti\u00f3n: <strong>\u00bfcontrola todav\u00eda La Moncloa los acontecimientos o se limita a correr detr\u00e1s de ellos?<\/strong><\/p>\n","protected":false},"excerpt":{"rendered":"<p>El 2 de septiembre de 2026 convirti\u00f3 la solidaridad con la ciudad aut\u00f3noma en una formidable advertencia pol\u00edtica a La Moncloa: Espa\u00f1a exige explicaciones sobre la frontera, Marruecos y un Gobierno que transmite una inquietante sensaci\u00f3n de agotamiento Hay fechas que dejan de pertenecer al calendario para entrar en la historia pol\u00edtica. Ayer, D\u00eda de&#8230;<\/p>\n","protected":false},"author":2,"featured_media":0,"comment_status":"open","ping_status":"open","sticky":false,"template":"","format":"standard","meta":{"rop_custom_images_group":[],"rop_custom_messages_group":[],"rop_publish_now":"yes","rop_publish_now_accounts":[],"rop_publish_now_history":[],"rop_publish_now_status":"pending","footnotes":""},"categories":[2,10,6,15,16,8],"tags":[],"class_list":["post-8573","post","type-post","status-publish","format-standard","hentry","category-actualidad","category-comunicacion","category-historia","category-pensamiento-politico","category-politica","category-sociedad"],"yoast_head":"<!-- This site is optimized with the Yoast SEO plugin v28.4 - https:\/\/yoast.com\/product\/yoast-seo-wordpress\/ -->\n<title>Ceuta lleva a la calle la indignaci\u00f3n contra S\u00e1nchez (por Juan Andr\u00e9s Buedo) - La Vanguardia de Cuenca<\/title>\n<meta name=\"robots\" content=\"index, follow, max-snippet:-1, max-image-preview:large, max-video-preview:-1\" \/>\n<link rel=\"canonical\" href=\"https:\/\/lavanguardiadecuenca.es\/?p=8573\" \/>\n<meta property=\"og:locale\" content=\"es_ES\" \/>\n<meta property=\"og:type\" content=\"article\" \/>\n<meta property=\"og:title\" content=\"Ceuta lleva a la calle la indignaci\u00f3n contra S\u00e1nchez (por Juan Andr\u00e9s Buedo) - La Vanguardia de Cuenca\" \/>\n<meta property=\"og:description\" content=\"El 2 de septiembre de 2026 convirti\u00f3 la solidaridad con la ciudad aut\u00f3noma en una formidable advertencia pol\u00edtica a La Moncloa: Espa\u00f1a exige explicaciones sobre la frontera, Marruecos y un Gobierno que transmite una inquietante sensaci\u00f3n de agotamiento Hay fechas que dejan de pertenecer al calendario para entrar en la historia pol\u00edtica. Ayer, D\u00eda de...\" \/>\n<meta property=\"og:url\" content=\"https:\/\/lavanguardiadecuenca.es\/?p=8573\" \/>\n<meta property=\"og:site_name\" content=\"La Vanguardia de Cuenca\" \/>\n<meta property=\"article:published_time\" content=\"2026-09-03T09:03:21+00:00\" \/>\n<meta property=\"og:image\" content=\"https:\/\/lavanguardiadecuenca.es\/wp-content\/uploads\/2026\/09\/Espana-en-las-calles-defiende-Ceuta.jpg\" \/>\n\t<meta property=\"og:image:width\" content=\"1200\" \/>\n\t<meta property=\"og:image:height\" content=\"675\" \/>\n\t<meta property=\"og:image:type\" content=\"image\/jpeg\" \/>\n<meta name=\"author\" content=\"Juan Andr\u00e9s Buedo\" \/>\n<meta name=\"twitter:card\" content=\"summary_large_image\" \/>\n<meta name=\"twitter:label1\" content=\"Escrito por\" \/>\n\t<meta name=\"twitter:data1\" content=\"Juan Andr\u00e9s Buedo\" \/>\n\t<meta name=\"twitter:label2\" content=\"Tiempo de lectura\" \/>\n\t<meta name=\"twitter:data2\" content=\"10 minutos\" \/>\n<script type=\"application\/ld+json\" class=\"yoast-schema-graph\">{\"@context\":\"https:\\\/\\\/schema.org\",\"@graph\":[{\"@type\":\"Article\",\"@id\":\"https:\\\/\\\/lavanguardiadecuenca.es\\\/?p=8573#article\",\"isPartOf\":{\"@id\":\"https:\\\/\\\/lavanguardiadecuenca.es\\\/?p=8573\"},\"author\":{\"name\":\"Juan Andr\u00e9s Buedo\",\"@id\":\"https:\\\/\\\/lavanguardiadecuenca.es\\\/#\\\/schema\\\/person\\\/efd3b99fe10ec3fad96a88f3ae7d092f\"},\"headline\":\"Ceuta lleva a la calle la indignaci\u00f3n contra S\u00e1nchez (por Juan Andr\u00e9s Buedo)\",\"datePublished\":\"2026-09-03T09:03:21+00:00\",\"mainEntityOfPage\":{\"@id\":\"https:\\\/\\\/lavanguardiadecuenca.es\\\/?p=8573\"},\"wordCount\":2384,\"commentCount\":0,\"publisher\":{\"@id\":\"https:\\\/\\\/lavanguardiadecuenca.es\\\/#\\\/schema\\\/person\\\/efd3b99fe10ec3fad96a88f3ae7d092f\"},\"image\":{\"@id\":\"https:\\\/\\\/lavanguardiadecuenca.es\\\/?p=8573#primaryimage\"},\"thumbnailUrl\":\"https:\\\/\\\/lavanguardiadecuenca.es\\\/wp-content\\\/uploads\\\/2026\\\/09\\\/Espana-en-las-calles-defiende-Ceuta-1024x576.jpg\",\"articleSection\":[\"Actualidad\",\"Comunicaci\u00f3n\",\"Historia\",\"Pensamiento pol\u00edtico\",\"Pol\u00edtica\",\"Sociedad\"],\"inLanguage\":\"es\",\"potentialAction\":[{\"@type\":\"CommentAction\",\"name\":\"Comment\",\"target\":[\"https:\\\/\\\/lavanguardiadecuenca.es\\\/?p=8573#respond\"]}]},{\"@type\":\"WebPage\",\"@id\":\"https:\\\/\\\/lavanguardiadecuenca.es\\\/?p=8573\",\"url\":\"https:\\\/\\\/lavanguardiadecuenca.es\\\/?p=8573\",\"name\":\"Ceuta lleva a la calle la indignaci\u00f3n contra S\u00e1nchez (por Juan Andr\u00e9s Buedo) - La Vanguardia de Cuenca\",\"isPartOf\":{\"@id\":\"https:\\\/\\\/lavanguardiadecuenca.es\\\/#website\"},\"primaryImageOfPage\":{\"@id\":\"https:\\\/\\\/lavanguardiadecuenca.es\\\/?p=8573#primaryimage\"},\"image\":{\"@id\":\"https:\\\/\\\/lavanguardiadecuenca.es\\\/?p=8573#primaryimage\"},\"thumbnailUrl\":\"https:\\\/\\\/lavanguardiadecuenca.es\\\/wp-content\\\/uploads\\\/2026\\\/09\\\/Espana-en-las-calles-defiende-Ceuta-1024x576.jpg\",\"datePublished\":\"2026-09-03T09:03:21+00:00\",\"breadcrumb\":{\"@id\":\"https:\\\/\\\/lavanguardiadecuenca.es\\\/?p=8573#breadcrumb\"},\"inLanguage\":\"es\",\"potentialAction\":[{\"@type\":\"ReadAction\",\"target\":[\"https:\\\/\\\/lavanguardiadecuenca.es\\\/?p=8573\"]}]},{\"@type\":\"ImageObject\",\"inLanguage\":\"es\",\"@id\":\"https:\\\/\\\/lavanguardiadecuenca.es\\\/?p=8573#primaryimage\",\"url\":\"https:\\\/\\\/lavanguardiadecuenca.es\\\/wp-content\\\/uploads\\\/2026\\\/09\\\/Espana-en-las-calles-defiende-Ceuta.jpg\",\"contentUrl\":\"https:\\\/\\\/lavanguardiadecuenca.es\\\/wp-content\\\/uploads\\\/2026\\\/09\\\/Espana-en-las-calles-defiende-Ceuta.jpg\",\"width\":1200,\"height\":675},{\"@type\":\"BreadcrumbList\",\"@id\":\"https:\\\/\\\/lavanguardiadecuenca.es\\\/?p=8573#breadcrumb\",\"itemListElement\":[{\"@type\":\"ListItem\",\"position\":1,\"name\":\"Portada\",\"item\":\"https:\\\/\\\/lavanguardiadecuenca.es\\\/\"},{\"@type\":\"ListItem\",\"position\":2,\"name\":\"Ceuta lleva a la calle la indignaci\u00f3n contra S\u00e1nchez (por Juan Andr\u00e9s Buedo)\"}]},{\"@type\":\"WebSite\",\"@id\":\"https:\\\/\\\/lavanguardiadecuenca.es\\\/#website\",\"url\":\"https:\\\/\\\/lavanguardiadecuenca.es\\\/\",\"name\":\"La Vanguardia de Cuenca\",\"description\":\"Intereses: comunicaci\u00f3n y actualidad en general, weblogs, sociedad, pol\u00edtica\",\"publisher\":{\"@id\":\"https:\\\/\\\/lavanguardiadecuenca.es\\\/#\\\/schema\\\/person\\\/efd3b99fe10ec3fad96a88f3ae7d092f\"},\"potentialAction\":[{\"@type\":\"SearchAction\",\"target\":{\"@type\":\"EntryPoint\",\"urlTemplate\":\"https:\\\/\\\/lavanguardiadecuenca.es\\\/?s={search_term_string}\"},\"query-input\":{\"@type\":\"PropertyValueSpecification\",\"valueRequired\":true,\"valueName\":\"search_term_string\"}}],\"inLanguage\":\"es\"},{\"@type\":[\"Person\",\"Organization\"],\"@id\":\"https:\\\/\\\/lavanguardiadecuenca.es\\\/#\\\/schema\\\/person\\\/efd3b99fe10ec3fad96a88f3ae7d092f\",\"name\":\"Juan Andr\u00e9s Buedo\",\"image\":{\"@type\":\"ImageObject\",\"inLanguage\":\"es\",\"@id\":\"https:\\\/\\\/lavanguardiadecuenca.es\\\/wp-content\\\/uploads\\\/2025\\\/09\\\/6a00d8341c734753ef0278801a3634200d-250si.jpg\",\"url\":\"https:\\\/\\\/lavanguardiadecuenca.es\\\/wp-content\\\/uploads\\\/2025\\\/09\\\/6a00d8341c734753ef0278801a3634200d-250si.jpg\",\"contentUrl\":\"https:\\\/\\\/lavanguardiadecuenca.es\\\/wp-content\\\/uploads\\\/2025\\\/09\\\/6a00d8341c734753ef0278801a3634200d-250si.jpg\",\"width\":250,\"height\":250,\"caption\":\"Juan Andr\u00e9s Buedo\"},\"logo\":{\"@id\":\"https:\\\/\\\/lavanguardiadecuenca.es\\\/wp-content\\\/uploads\\\/2025\\\/09\\\/6a00d8341c734753ef0278801a3634200d-250si.jpg\"},\"sameAs\":[\"https:\\\/\\\/lavanguardiadecuenca.es\\\/\"],\"url\":\"https:\\\/\\\/lavanguardiadecuenca.es\\\/?author=2\"}]}<\/script>\n<!-- \/ Yoast SEO plugin. -->","yoast_head_json":{"title":"Ceuta lleva a la calle la indignaci\u00f3n contra S\u00e1nchez (por Juan Andr\u00e9s Buedo) - La Vanguardia de Cuenca","robots":{"index":"index","follow":"follow","max-snippet":"max-snippet:-1","max-image-preview":"max-image-preview:large","max-video-preview":"max-video-preview:-1"},"canonical":"https:\/\/lavanguardiadecuenca.es\/?p=8573","og_locale":"es_ES","og_type":"article","og_title":"Ceuta lleva a la calle la indignaci\u00f3n contra S\u00e1nchez (por Juan Andr\u00e9s Buedo) - La Vanguardia de Cuenca","og_description":"El 2 de septiembre de 2026 convirti\u00f3 la solidaridad con la ciudad aut\u00f3noma en una formidable advertencia pol\u00edtica a La Moncloa: Espa\u00f1a exige explicaciones sobre la frontera, Marruecos y un Gobierno que transmite una inquietante sensaci\u00f3n de agotamiento Hay fechas que dejan de pertenecer al calendario para entrar en la historia pol\u00edtica. Ayer, D\u00eda de...","og_url":"https:\/\/lavanguardiadecuenca.es\/?p=8573","og_site_name":"La Vanguardia de Cuenca","article_published_time":"2026-09-03T09:03:21+00:00","og_image":[{"width":1200,"height":675,"url":"https:\/\/lavanguardiadecuenca.es\/wp-content\/uploads\/2026\/09\/Espana-en-las-calles-defiende-Ceuta.jpg","type":"image\/jpeg"}],"author":"Juan Andr\u00e9s Buedo","twitter_card":"summary_large_image","twitter_misc":{"Escrito por":"Juan Andr\u00e9s Buedo","Tiempo de lectura":"10 minutos"},"schema":{"@context":"https:\/\/schema.org","@graph":[{"@type":"Article","@id":"https:\/\/lavanguardiadecuenca.es\/?p=8573#article","isPartOf":{"@id":"https:\/\/lavanguardiadecuenca.es\/?p=8573"},"author":{"name":"Juan Andr\u00e9s Buedo","@id":"https:\/\/lavanguardiadecuenca.es\/#\/schema\/person\/efd3b99fe10ec3fad96a88f3ae7d092f"},"headline":"Ceuta lleva a la calle la indignaci\u00f3n contra S\u00e1nchez (por Juan Andr\u00e9s Buedo)","datePublished":"2026-09-03T09:03:21+00:00","mainEntityOfPage":{"@id":"https:\/\/lavanguardiadecuenca.es\/?p=8573"},"wordCount":2384,"commentCount":0,"publisher":{"@id":"https:\/\/lavanguardiadecuenca.es\/#\/schema\/person\/efd3b99fe10ec3fad96a88f3ae7d092f"},"image":{"@id":"https:\/\/lavanguardiadecuenca.es\/?p=8573#primaryimage"},"thumbnailUrl":"https:\/\/lavanguardiadecuenca.es\/wp-content\/uploads\/2026\/09\/Espana-en-las-calles-defiende-Ceuta-1024x576.jpg","articleSection":["Actualidad","Comunicaci\u00f3n","Historia","Pensamiento pol\u00edtico","Pol\u00edtica","Sociedad"],"inLanguage":"es","potentialAction":[{"@type":"CommentAction","name":"Comment","target":["https:\/\/lavanguardiadecuenca.es\/?p=8573#respond"]}]},{"@type":"WebPage","@id":"https:\/\/lavanguardiadecuenca.es\/?p=8573","url":"https:\/\/lavanguardiadecuenca.es\/?p=8573","name":"Ceuta lleva a la calle la indignaci\u00f3n contra S\u00e1nchez (por Juan Andr\u00e9s Buedo) - La Vanguardia de Cuenca","isPartOf":{"@id":"https:\/\/lavanguardiadecuenca.es\/#website"},"primaryImageOfPage":{"@id":"https:\/\/lavanguardiadecuenca.es\/?p=8573#primaryimage"},"image":{"@id":"https:\/\/lavanguardiadecuenca.es\/?p=8573#primaryimage"},"thumbnailUrl":"https:\/\/lavanguardiadecuenca.es\/wp-content\/uploads\/2026\/09\/Espana-en-las-calles-defiende-Ceuta-1024x576.jpg","datePublished":"2026-09-03T09:03:21+00:00","breadcrumb":{"@id":"https:\/\/lavanguardiadecuenca.es\/?p=8573#breadcrumb"},"inLanguage":"es","potentialAction":[{"@type":"ReadAction","target":["https:\/\/lavanguardiadecuenca.es\/?p=8573"]}]},{"@type":"ImageObject","inLanguage":"es","@id":"https:\/\/lavanguardiadecuenca.es\/?p=8573#primaryimage","url":"https:\/\/lavanguardiadecuenca.es\/wp-content\/uploads\/2026\/09\/Espana-en-las-calles-defiende-Ceuta.jpg","contentUrl":"https:\/\/lavanguardiadecuenca.es\/wp-content\/uploads\/2026\/09\/Espana-en-las-calles-defiende-Ceuta.jpg","width":1200,"height":675},{"@type":"BreadcrumbList","@id":"https:\/\/lavanguardiadecuenca.es\/?p=8573#breadcrumb","itemListElement":[{"@type":"ListItem","position":1,"name":"Portada","item":"https:\/\/lavanguardiadecuenca.es\/"},{"@type":"ListItem","position":2,"name":"Ceuta lleva a la calle la indignaci\u00f3n contra S\u00e1nchez (por Juan Andr\u00e9s Buedo)"}]},{"@type":"WebSite","@id":"https:\/\/lavanguardiadecuenca.es\/#website","url":"https:\/\/lavanguardiadecuenca.es\/","name":"La Vanguardia de Cuenca","description":"Intereses: comunicaci\u00f3n y actualidad en general, weblogs, sociedad, pol\u00edtica","publisher":{"@id":"https:\/\/lavanguardiadecuenca.es\/#\/schema\/person\/efd3b99fe10ec3fad96a88f3ae7d092f"},"potentialAction":[{"@type":"SearchAction","target":{"@type":"EntryPoint","urlTemplate":"https:\/\/lavanguardiadecuenca.es\/?s={search_term_string}"},"query-input":{"@type":"PropertyValueSpecification","valueRequired":true,"valueName":"search_term_string"}}],"inLanguage":"es"},{"@type":["Person","Organization"],"@id":"https:\/\/lavanguardiadecuenca.es\/#\/schema\/person\/efd3b99fe10ec3fad96a88f3ae7d092f","name":"Juan Andr\u00e9s Buedo","image":{"@type":"ImageObject","inLanguage":"es","@id":"https:\/\/lavanguardiadecuenca.es\/wp-content\/uploads\/2025\/09\/6a00d8341c734753ef0278801a3634200d-250si.jpg","url":"https:\/\/lavanguardiadecuenca.es\/wp-content\/uploads\/2025\/09\/6a00d8341c734753ef0278801a3634200d-250si.jpg","contentUrl":"https:\/\/lavanguardiadecuenca.es\/wp-content\/uploads\/2025\/09\/6a00d8341c734753ef0278801a3634200d-250si.jpg","width":250,"height":250,"caption":"Juan Andr\u00e9s Buedo"},"logo":{"@id":"https:\/\/lavanguardiadecuenca.es\/wp-content\/uploads\/2025\/09\/6a00d8341c734753ef0278801a3634200d-250si.jpg"},"sameAs":["https:\/\/lavanguardiadecuenca.es\/"],"url":"https:\/\/lavanguardiadecuenca.es\/?author=2"}]}},"_links":{"self":[{"href":"https:\/\/lavanguardiadecuenca.es\/index.php?rest_route=\/wp\/v2\/posts\/8573","targetHints":{"allow":["GET"]}}],"collection":[{"href":"https:\/\/lavanguardiadecuenca.es\/index.php?rest_route=\/wp\/v2\/posts"}],"about":[{"href":"https:\/\/lavanguardiadecuenca.es\/index.php?rest_route=\/wp\/v2\/types\/post"}],"author":[{"embeddable":true,"href":"https:\/\/lavanguardiadecuenca.es\/index.php?rest_route=\/wp\/v2\/users\/2"}],"replies":[{"embeddable":true,"href":"https:\/\/lavanguardiadecuenca.es\/index.php?rest_route=%2Fwp%2Fv2%2Fcomments&post=8573"}],"version-history":[{"count":1,"href":"https:\/\/lavanguardiadecuenca.es\/index.php?rest_route=\/wp\/v2\/posts\/8573\/revisions"}],"predecessor-version":[{"id":8575,"href":"https:\/\/lavanguardiadecuenca.es\/index.php?rest_route=\/wp\/v2\/posts\/8573\/revisions\/8575"}],"wp:attachment":[{"href":"https:\/\/lavanguardiadecuenca.es\/index.php?rest_route=%2Fwp%2Fv2%2Fmedia&parent=8573"}],"wp:term":[{"taxonomy":"category","embeddable":true,"href":"https:\/\/lavanguardiadecuenca.es\/index.php?rest_route=%2Fwp%2Fv2%2Fcategories&post=8573"},{"taxonomy":"post_tag","embeddable":true,"href":"https:\/\/lavanguardiadecuenca.es\/index.php?rest_route=%2Fwp%2Fv2%2Ftags&post=8573"}],"curies":[{"name":"wp","href":"https:\/\/api.w.org\/{rel}","templated":true}]}}