{"id":8088,"date":"2026-05-01T09:41:55","date_gmt":"2026-05-01T09:41:55","guid":{"rendered":"https:\/\/lavanguardiadecuenca.es\/?p=8088"},"modified":"2026-05-01T09:41:56","modified_gmt":"2026-05-01T09:41:56","slug":"primero-de-mayo-2026-bajo-el-espejismo-del-crecimiento-que-no-llega-a-los-trabajadores-por-juan-andres-buedo","status":"publish","type":"post","link":"https:\/\/lavanguardiadecuenca.es\/?p=8088","title":{"rendered":"Primero de Mayo 2026 bajo el espejismo del crecimiento que no llega a los trabajadores (por Juan Andr\u00e9s Buedo)"},"content":{"rendered":"\n<figure class=\"wp-block-image size-large\"><img loading=\"lazy\" decoding=\"async\" width=\"1024\" height=\"576\" src=\"https:\/\/lavanguardiadecuenca.es\/wp-content\/uploads\/2026\/05\/Primero-de-Mayo-de-2026-1024x576.jpg\" alt=\"\" class=\"wp-image-8089\" srcset=\"https:\/\/lavanguardiadecuenca.es\/wp-content\/uploads\/2026\/05\/Primero-de-Mayo-de-2026-1024x576.jpg 1024w, https:\/\/lavanguardiadecuenca.es\/wp-content\/uploads\/2026\/05\/Primero-de-Mayo-de-2026-300x169.jpg 300w, https:\/\/lavanguardiadecuenca.es\/wp-content\/uploads\/2026\/05\/Primero-de-Mayo-de-2026-768x432.jpg 768w, https:\/\/lavanguardiadecuenca.es\/wp-content\/uploads\/2026\/05\/Primero-de-Mayo-de-2026-850x478.jpg 850w, https:\/\/lavanguardiadecuenca.es\/wp-content\/uploads\/2026\/05\/Primero-de-Mayo-de-2026.jpg 1069w\" sizes=\"auto, (max-width: 1024px) 100vw, 1024px\" \/><\/figure>\n\n\n\n<p>Hoy celebramos el D\u00eda del Trabajo en medio de una contradicci\u00f3n que resume el drama de nuestra \u00e9poca: Espa\u00f1a crece, las empresas ganan como nunca, pero los trabajadores apenas sobreviven. M\u00e1s de 21,5 millones de afiliados a la Seguridad Social, r\u00e9cord hist\u00f3rico de empleo, productividad en ascenso. Y sin embargo, los salarios reales llevan casi un cuarto de siglo congelados. La pregunta es inevitable: \u00bfpara qui\u00e9n crece exactamente esta econom\u00eda?<\/p>\n\n\n\n<h4 class=\"wp-block-heading\" id=\"la-gran-estafa-del-reparto\">La gran estafa del reparto<\/h4>\n\n\n\n<p>Los datos desmontan el relato oficial del progreso compartido. Desde 2019, la productividad por hora trabajada ha crecido un 9%, el margen bruto empresarial por trabajador se ha disparado un 17%, pero la remuneraci\u00f3n media apenas avanza un 2%. No es un problema de eficiencia o competitividad: es un problema de reparto. El valor a\u00f1adido que generan los trabajadores espa\u00f1oles se est\u00e1 redistribuyendo sistem\u00e1ticamente hacia el capital, en todos los sectores, desde la energ\u00eda hasta la hosteler\u00eda.<a rel=\"noreferrer noopener\" target=\"_blank\" href=\"https:\/\/www.eldiario.es\/blog\/contraoferta\/mayo-sindicalismo-reto-recuperar-musculo-salarial_132_13183450.html\"><\/a><\/p>\n\n\n\n<p>Esta transferencia silenciosa de riqueza es el motor del empobrecimiento laboral que vivimos. Porque el problema no es solo que los salarios no suban: es que todo lo dem\u00e1s s\u00ed sube, especialmente la vivienda, ese \u00abgran coladero\u00bb por donde se va la mayor parte de lo que ganamos. El trabajador pobre ya no es una excepci\u00f3n marginal: es una categor\u00eda estructural de nuestro mercado laboral, un fen\u00f3meno que crece precisamente cuando la econom\u00eda crece.<a rel=\"noreferrer noopener\" target=\"_blank\" href=\"https:\/\/www.eldiario.es\/blog\/contraoferta\/mayo-sindicalismo-reto-recuperar-musculo-salarial_132_13183450.html\"><\/a><\/p>\n\n\n\n<h4 class=\"wp-block-heading\" id=\"las-asignaturas-pendientes-que-nadie-quiere-correg\">Las asignaturas pendientes que nadie quiere corregir<\/h4>\n\n\n\n<p>Detr\u00e1s de los titulares optimistas sobre el empleo se esconden fracturas profundas que comprometen el futuro. El paro juvenil alcanza el 32% en algunos tramos de edad, evidenciando que nuestro sistema educativo sigue siendo incapaz de preparar a los j\u00f3venes para el mercado laboral real. Tenemos m\u00e1s tecnolog\u00eda que nunca, pero carecemos de especialistas para aprovecharla: la paradoja de la productividad espa\u00f1ola en una sola frase.<\/p>\n\n\n\n<p>El paro de larga duraci\u00f3n condena a miles de personas a la exclusi\u00f3n permanente, v\u00edctimas de una transformaci\u00f3n digital que avanza sin red de protecci\u00f3n. Y mientras el empresariado se queja de costes regulatorios, la temporalidad, la precariedad y los bajos salarios siguen siendo el modelo de contrataci\u00f3n dominante. La flexibilidad siempre ha sido unilateral: para despedir, para recortar, para precarizar. Nunca para repartir los beneficios cuando llegan.<a rel=\"noreferrer noopener\" target=\"_blank\" href=\"https:\/\/empleotrabajomadrid.org\/2026\/02\/20\/los-desafios-del-mercado-laboral-en-espana-en-2026\/\"><\/a><\/p>\n\n\n\n<h4 class=\"wp-block-heading\" id=\"un-primero-de-mayo-sin-concesiones\">Un Primero de Mayo sin concesiones<\/h4>\n\n\n\n<p>Los sindicatos han entendido el momento. Este a\u00f1o no hay ret\u00f3rica vac\u00eda sobre la dignidad del trabajo: hay reivindicaciones concretas y urgentes. Subidas salariales del 4% al 7% para salarios bajos, derecho efectivo a la vivienda, jornada de 37,5 horas, reforma del despido. Son demandas elementales en cualquier econom\u00eda que se pretenda justa, pero en Espa\u00f1a suenan a revolucionarias.<\/p>\n\n\n\n<p>La manifestaci\u00f3n central en M\u00e1laga no es casual: esa ciudad es el paradigma de c\u00f3mo el turismo descontrolado y la especulaci\u00f3n inmobiliaria expulsan a los trabajadores de sus propias ciudades. Lo que est\u00e1 pasando en M\u00e1laga es lo que amenaza a toda Espa\u00f1a: territorios convertidos en parques tem\u00e1ticos para el capital, donde los que trabajan ya no pueden vivir.<a rel=\"noreferrer noopener\" target=\"_blank\" href=\"https:\/\/www.infobae.com\/america\/agencias\/2026\/04\/19\/ccoo-y-ugt-se-lanzaran-este-1-de-mayo-a-las-calles-de-toda-espana-con-el-foco-en-los-salarios-y-la-vivienda\/\"><\/a><\/p>\n\n\n\n<p>El lema \u00abProteger lo conquistado, ganar futuro\u00bb encierra una lucidez estrat\u00e9gica que deber\u00eda preocupar al poder pol\u00edtico y econ\u00f3mico. Porque cuando los trabajadores tienen que salir a la calle para defender derechos que cre\u00edamos consolidados, significa que el pacto social se ha roto. Y cuando piden futuro, no est\u00e1n pidiendo migajas: est\u00e1n exigiendo su parte justa de la riqueza que ellos mismos generan.<a rel=\"noreferrer noopener\" target=\"_blank\" href=\"https:\/\/www.rtve.es\/noticias\/20250501\/sindicatos-1-mayo-rebaja-jornada-reforma-despido-reivindicaciones\/16561316.shtml\"><\/a><\/p>\n\n\n\n<h4 class=\"wp-block-heading\" id=\"el-verdadero-test-de-la-democracia\">El verdadero test de la democracia<\/h4>\n\n\n\n<p>Espa\u00f1a est\u00e1 ante una encrucijada que va m\u00e1s all\u00e1 de cifras macroecon\u00f3micas. Podemos seguir engordando los m\u00e1rgenes empresariales mientras empobrecemos a la mayor\u00eda, podemos seguir celebrando r\u00e9cords de empleo mientras crece el n\u00famero de trabajadores que no llegan a fin de mes, podemos seguir ignorando que la vivienda se ha convertido en un mecanismo de explotaci\u00f3n m\u00e1s eficaz que cualquier recorte salarial.<\/p>\n\n\n\n<p>O podemos decidir que el crecimiento econ\u00f3mico debe traducirse en bienestar real para quienes trabajan. Que la productividad tiene que repartirse, que la vivienda es un derecho y no un activo especulativo, que trabajar no puede ser sin\u00f3nimo de pobreza en un pa\u00eds que presume de recuperaci\u00f3n econ\u00f3mica.<\/p>\n\n\n\n<p>Este Primero de Mayo no celebramos la situaci\u00f3n actual: denunciamos la distancia brutal entre el progreso econ\u00f3mico y el retroceso social. Y exigimos que esa brecha se cierre de una vez, no con palabras, sino con salarios dignos, viviendas asequibles y derechos laborales reforzados. Porque una econom\u00eda que no sirve a quienes trabajan no es una econom\u00eda sostenible: es un sistema de transferencia de riqueza que no merece llamarse democracia.<\/p>\n","protected":false},"excerpt":{"rendered":"<p>Hoy celebramos el D\u00eda del Trabajo en medio de una contradicci\u00f3n que resume el drama de nuestra \u00e9poca: Espa\u00f1a crece, las empresas ganan como nunca, pero los trabajadores apenas sobreviven. M\u00e1s de 21,5 millones de afiliados a la Seguridad Social, r\u00e9cord hist\u00f3rico de empleo, productividad en ascenso. Y sin embargo, los salarios reales llevan casi&#8230;<\/p>\n","protected":false},"author":2,"featured_media":0,"comment_status":"open","ping_status":"open","sticky":false,"template":"","format":"standard","meta":{"rop_custom_images_group":[],"rop_custom_messages_group":[],"rop_publish_now":"yes","rop_publish_now_accounts":[],"rop_publish_now_history":[],"rop_publish_now_status":"pending","footnotes":""},"categories":[2,39,10,14,40,15,16,8],"tags":[],"class_list":["post-8088","post","type-post","status-publish","format-standard","hentry","category-actualidad","category-administraciones","category-comunicacion","category-economia","category-empleo","category-pensamiento-politico","category-politica","category-sociedad"],"yoast_head":"<!-- This site is optimized with the Yoast SEO plugin v27.5 - https:\/\/yoast.com\/product\/yoast-seo-wordpress\/ -->\n<title>Primero de Mayo 2026 bajo el espejismo del crecimiento que no llega a los trabajadores (por Juan Andr\u00e9s Buedo) - La Vanguardia de Cuenca<\/title>\n<meta name=\"robots\" content=\"index, follow, max-snippet:-1, max-image-preview:large, max-video-preview:-1\" \/>\n<link rel=\"canonical\" href=\"https:\/\/lavanguardiadecuenca.es\/?p=8088\" \/>\n<meta property=\"og:locale\" content=\"es_ES\" \/>\n<meta property=\"og:type\" content=\"article\" \/>\n<meta property=\"og:title\" content=\"Primero de Mayo 2026 bajo el espejismo del crecimiento que no llega a los trabajadores (por Juan Andr\u00e9s Buedo) - La Vanguardia de Cuenca\" \/>\n<meta property=\"og:description\" content=\"Hoy celebramos el D\u00eda del Trabajo en medio de una contradicci\u00f3n que resume el drama de nuestra \u00e9poca: Espa\u00f1a crece, las empresas ganan como nunca, pero los trabajadores apenas sobreviven. M\u00e1s de 21,5 millones de afiliados a la Seguridad Social, r\u00e9cord hist\u00f3rico de empleo, productividad en ascenso. Y sin embargo, los salarios reales llevan casi...\" \/>\n<meta property=\"og:url\" content=\"https:\/\/lavanguardiadecuenca.es\/?p=8088\" \/>\n<meta property=\"og:site_name\" content=\"La Vanguardia de Cuenca\" \/>\n<meta property=\"article:published_time\" content=\"2026-05-01T09:41:55+00:00\" \/>\n<meta property=\"article:modified_time\" content=\"2026-05-01T09:41:56+00:00\" \/>\n<meta property=\"og:image\" content=\"https:\/\/lavanguardiadecuenca.es\/wp-content\/uploads\/2026\/05\/Primero-de-Mayo-de-2026.jpg\" \/>\n\t<meta property=\"og:image:width\" content=\"1069\" \/>\n\t<meta property=\"og:image:height\" content=\"601\" \/>\n\t<meta property=\"og:image:type\" content=\"image\/jpeg\" \/>\n<meta name=\"author\" content=\"Juan Andr\u00e9s Buedo\" \/>\n<meta name=\"twitter:card\" content=\"summary_large_image\" \/>\n<meta name=\"twitter:label1\" content=\"Escrito por\" \/>\n\t<meta name=\"twitter:data1\" content=\"Juan Andr\u00e9s Buedo\" \/>\n\t<meta name=\"twitter:label2\" content=\"Tiempo de lectura\" \/>\n\t<meta name=\"twitter:data2\" content=\"4 minutos\" \/>\n<script type=\"application\/ld+json\" class=\"yoast-schema-graph\">{\"@context\":\"https:\\\/\\\/schema.org\",\"@graph\":[{\"@type\":\"Article\",\"@id\":\"https:\\\/\\\/lavanguardiadecuenca.es\\\/?p=8088#article\",\"isPartOf\":{\"@id\":\"https:\\\/\\\/lavanguardiadecuenca.es\\\/?p=8088\"},\"author\":{\"name\":\"Juan Andr\u00e9s Buedo\",\"@id\":\"https:\\\/\\\/lavanguardiadecuenca.es\\\/#\\\/schema\\\/person\\\/efd3b99fe10ec3fad96a88f3ae7d092f\"},\"headline\":\"Primero de Mayo 2026 bajo el espejismo del crecimiento que no llega a los trabajadores (por Juan Andr\u00e9s Buedo)\",\"datePublished\":\"2026-05-01T09:41:55+00:00\",\"dateModified\":\"2026-05-01T09:41:56+00:00\",\"mainEntityOfPage\":{\"@id\":\"https:\\\/\\\/lavanguardiadecuenca.es\\\/?p=8088\"},\"wordCount\":817,\"commentCount\":0,\"publisher\":{\"@id\":\"https:\\\/\\\/lavanguardiadecuenca.es\\\/#\\\/schema\\\/person\\\/efd3b99fe10ec3fad96a88f3ae7d092f\"},\"image\":{\"@id\":\"https:\\\/\\\/lavanguardiadecuenca.es\\\/?p=8088#primaryimage\"},\"thumbnailUrl\":\"https:\\\/\\\/lavanguardiadecuenca.es\\\/wp-content\\\/uploads\\\/2026\\\/05\\\/Primero-de-Mayo-de-2026-1024x576.jpg\",\"articleSection\":[\"Actualidad\",\"Administraciones P\u00fablicas\",\"Comunicaci\u00f3n\",\"Econom\u00eda\",\"Empleo\",\"Pensamiento pol\u00edtico\",\"Pol\u00edtica\",\"Sociedad\"],\"inLanguage\":\"es\",\"potentialAction\":[{\"@type\":\"CommentAction\",\"name\":\"Comment\",\"target\":[\"https:\\\/\\\/lavanguardiadecuenca.es\\\/?p=8088#respond\"]}]},{\"@type\":\"WebPage\",\"@id\":\"https:\\\/\\\/lavanguardiadecuenca.es\\\/?p=8088\",\"url\":\"https:\\\/\\\/lavanguardiadecuenca.es\\\/?p=8088\",\"name\":\"Primero de Mayo 2026 bajo el espejismo del crecimiento que no llega a los trabajadores (por Juan Andr\u00e9s Buedo) - La Vanguardia de Cuenca\",\"isPartOf\":{\"@id\":\"https:\\\/\\\/lavanguardiadecuenca.es\\\/#website\"},\"primaryImageOfPage\":{\"@id\":\"https:\\\/\\\/lavanguardiadecuenca.es\\\/?p=8088#primaryimage\"},\"image\":{\"@id\":\"https:\\\/\\\/lavanguardiadecuenca.es\\\/?p=8088#primaryimage\"},\"thumbnailUrl\":\"https:\\\/\\\/lavanguardiadecuenca.es\\\/wp-content\\\/uploads\\\/2026\\\/05\\\/Primero-de-Mayo-de-2026-1024x576.jpg\",\"datePublished\":\"2026-05-01T09:41:55+00:00\",\"dateModified\":\"2026-05-01T09:41:56+00:00\",\"breadcrumb\":{\"@id\":\"https:\\\/\\\/lavanguardiadecuenca.es\\\/?p=8088#breadcrumb\"},\"inLanguage\":\"es\",\"potentialAction\":[{\"@type\":\"ReadAction\",\"target\":[\"https:\\\/\\\/lavanguardiadecuenca.es\\\/?p=8088\"]}]},{\"@type\":\"ImageObject\",\"inLanguage\":\"es\",\"@id\":\"https:\\\/\\\/lavanguardiadecuenca.es\\\/?p=8088#primaryimage\",\"url\":\"https:\\\/\\\/lavanguardiadecuenca.es\\\/wp-content\\\/uploads\\\/2026\\\/05\\\/Primero-de-Mayo-de-2026.jpg\",\"contentUrl\":\"https:\\\/\\\/lavanguardiadecuenca.es\\\/wp-content\\\/uploads\\\/2026\\\/05\\\/Primero-de-Mayo-de-2026.jpg\",\"width\":1069,\"height\":601},{\"@type\":\"BreadcrumbList\",\"@id\":\"https:\\\/\\\/lavanguardiadecuenca.es\\\/?p=8088#breadcrumb\",\"itemListElement\":[{\"@type\":\"ListItem\",\"position\":1,\"name\":\"Portada\",\"item\":\"https:\\\/\\\/lavanguardiadecuenca.es\\\/\"},{\"@type\":\"ListItem\",\"position\":2,\"name\":\"Primero de Mayo 2026 bajo el espejismo del crecimiento que no llega a los trabajadores (por Juan Andr\u00e9s Buedo)\"}]},{\"@type\":\"WebSite\",\"@id\":\"https:\\\/\\\/lavanguardiadecuenca.es\\\/#website\",\"url\":\"https:\\\/\\\/lavanguardiadecuenca.es\\\/\",\"name\":\"La Vanguardia de Cuenca\",\"description\":\"Intereses: comunicaci\u00f3n y actualidad en general, weblogs, sociedad, pol\u00edtica\",\"publisher\":{\"@id\":\"https:\\\/\\\/lavanguardiadecuenca.es\\\/#\\\/schema\\\/person\\\/efd3b99fe10ec3fad96a88f3ae7d092f\"},\"potentialAction\":[{\"@type\":\"SearchAction\",\"target\":{\"@type\":\"EntryPoint\",\"urlTemplate\":\"https:\\\/\\\/lavanguardiadecuenca.es\\\/?s={search_term_string}\"},\"query-input\":{\"@type\":\"PropertyValueSpecification\",\"valueRequired\":true,\"valueName\":\"search_term_string\"}}],\"inLanguage\":\"es\"},{\"@type\":[\"Person\",\"Organization\"],\"@id\":\"https:\\\/\\\/lavanguardiadecuenca.es\\\/#\\\/schema\\\/person\\\/efd3b99fe10ec3fad96a88f3ae7d092f\",\"name\":\"Juan Andr\u00e9s Buedo\",\"image\":{\"@type\":\"ImageObject\",\"inLanguage\":\"es\",\"@id\":\"https:\\\/\\\/lavanguardiadecuenca.es\\\/wp-content\\\/uploads\\\/2025\\\/09\\\/6a00d8341c734753ef0278801a3634200d-250si.jpg\",\"url\":\"https:\\\/\\\/lavanguardiadecuenca.es\\\/wp-content\\\/uploads\\\/2025\\\/09\\\/6a00d8341c734753ef0278801a3634200d-250si.jpg\",\"contentUrl\":\"https:\\\/\\\/lavanguardiadecuenca.es\\\/wp-content\\\/uploads\\\/2025\\\/09\\\/6a00d8341c734753ef0278801a3634200d-250si.jpg\",\"width\":250,\"height\":250,\"caption\":\"Juan Andr\u00e9s Buedo\"},\"logo\":{\"@id\":\"https:\\\/\\\/lavanguardiadecuenca.es\\\/wp-content\\\/uploads\\\/2025\\\/09\\\/6a00d8341c734753ef0278801a3634200d-250si.jpg\"},\"sameAs\":[\"https:\\\/\\\/lavanguardiadecuenca.es\\\/\"],\"url\":\"https:\\\/\\\/lavanguardiadecuenca.es\\\/?author=2\"}]}<\/script>\n<!-- \/ Yoast SEO plugin. -->","yoast_head_json":{"title":"Primero de Mayo 2026 bajo el espejismo del crecimiento que no llega a los trabajadores (por Juan Andr\u00e9s Buedo) - La Vanguardia de Cuenca","robots":{"index":"index","follow":"follow","max-snippet":"max-snippet:-1","max-image-preview":"max-image-preview:large","max-video-preview":"max-video-preview:-1"},"canonical":"https:\/\/lavanguardiadecuenca.es\/?p=8088","og_locale":"es_ES","og_type":"article","og_title":"Primero de Mayo 2026 bajo el espejismo del crecimiento que no llega a los trabajadores (por Juan Andr\u00e9s Buedo) - La Vanguardia de Cuenca","og_description":"Hoy celebramos el D\u00eda del Trabajo en medio de una contradicci\u00f3n que resume el drama de nuestra \u00e9poca: Espa\u00f1a crece, las empresas ganan como nunca, pero los trabajadores apenas sobreviven. M\u00e1s de 21,5 millones de afiliados a la Seguridad Social, r\u00e9cord hist\u00f3rico de empleo, productividad en ascenso. Y sin embargo, los salarios reales llevan casi...","og_url":"https:\/\/lavanguardiadecuenca.es\/?p=8088","og_site_name":"La Vanguardia de Cuenca","article_published_time":"2026-05-01T09:41:55+00:00","article_modified_time":"2026-05-01T09:41:56+00:00","og_image":[{"width":1069,"height":601,"url":"https:\/\/lavanguardiadecuenca.es\/wp-content\/uploads\/2026\/05\/Primero-de-Mayo-de-2026.jpg","type":"image\/jpeg"}],"author":"Juan Andr\u00e9s Buedo","twitter_card":"summary_large_image","twitter_misc":{"Escrito por":"Juan Andr\u00e9s Buedo","Tiempo de lectura":"4 minutos"},"schema":{"@context":"https:\/\/schema.org","@graph":[{"@type":"Article","@id":"https:\/\/lavanguardiadecuenca.es\/?p=8088#article","isPartOf":{"@id":"https:\/\/lavanguardiadecuenca.es\/?p=8088"},"author":{"name":"Juan Andr\u00e9s Buedo","@id":"https:\/\/lavanguardiadecuenca.es\/#\/schema\/person\/efd3b99fe10ec3fad96a88f3ae7d092f"},"headline":"Primero de Mayo 2026 bajo el espejismo del crecimiento que no llega a los trabajadores (por Juan Andr\u00e9s Buedo)","datePublished":"2026-05-01T09:41:55+00:00","dateModified":"2026-05-01T09:41:56+00:00","mainEntityOfPage":{"@id":"https:\/\/lavanguardiadecuenca.es\/?p=8088"},"wordCount":817,"commentCount":0,"publisher":{"@id":"https:\/\/lavanguardiadecuenca.es\/#\/schema\/person\/efd3b99fe10ec3fad96a88f3ae7d092f"},"image":{"@id":"https:\/\/lavanguardiadecuenca.es\/?p=8088#primaryimage"},"thumbnailUrl":"https:\/\/lavanguardiadecuenca.es\/wp-content\/uploads\/2026\/05\/Primero-de-Mayo-de-2026-1024x576.jpg","articleSection":["Actualidad","Administraciones P\u00fablicas","Comunicaci\u00f3n","Econom\u00eda","Empleo","Pensamiento pol\u00edtico","Pol\u00edtica","Sociedad"],"inLanguage":"es","potentialAction":[{"@type":"CommentAction","name":"Comment","target":["https:\/\/lavanguardiadecuenca.es\/?p=8088#respond"]}]},{"@type":"WebPage","@id":"https:\/\/lavanguardiadecuenca.es\/?p=8088","url":"https:\/\/lavanguardiadecuenca.es\/?p=8088","name":"Primero de Mayo 2026 bajo el espejismo del crecimiento que no llega a los trabajadores (por Juan Andr\u00e9s Buedo) - La Vanguardia de Cuenca","isPartOf":{"@id":"https:\/\/lavanguardiadecuenca.es\/#website"},"primaryImageOfPage":{"@id":"https:\/\/lavanguardiadecuenca.es\/?p=8088#primaryimage"},"image":{"@id":"https:\/\/lavanguardiadecuenca.es\/?p=8088#primaryimage"},"thumbnailUrl":"https:\/\/lavanguardiadecuenca.es\/wp-content\/uploads\/2026\/05\/Primero-de-Mayo-de-2026-1024x576.jpg","datePublished":"2026-05-01T09:41:55+00:00","dateModified":"2026-05-01T09:41:56+00:00","breadcrumb":{"@id":"https:\/\/lavanguardiadecuenca.es\/?p=8088#breadcrumb"},"inLanguage":"es","potentialAction":[{"@type":"ReadAction","target":["https:\/\/lavanguardiadecuenca.es\/?p=8088"]}]},{"@type":"ImageObject","inLanguage":"es","@id":"https:\/\/lavanguardiadecuenca.es\/?p=8088#primaryimage","url":"https:\/\/lavanguardiadecuenca.es\/wp-content\/uploads\/2026\/05\/Primero-de-Mayo-de-2026.jpg","contentUrl":"https:\/\/lavanguardiadecuenca.es\/wp-content\/uploads\/2026\/05\/Primero-de-Mayo-de-2026.jpg","width":1069,"height":601},{"@type":"BreadcrumbList","@id":"https:\/\/lavanguardiadecuenca.es\/?p=8088#breadcrumb","itemListElement":[{"@type":"ListItem","position":1,"name":"Portada","item":"https:\/\/lavanguardiadecuenca.es\/"},{"@type":"ListItem","position":2,"name":"Primero de Mayo 2026 bajo el espejismo del crecimiento que no llega a los trabajadores (por Juan Andr\u00e9s Buedo)"}]},{"@type":"WebSite","@id":"https:\/\/lavanguardiadecuenca.es\/#website","url":"https:\/\/lavanguardiadecuenca.es\/","name":"La Vanguardia de Cuenca","description":"Intereses: comunicaci\u00f3n y actualidad en general, weblogs, sociedad, pol\u00edtica","publisher":{"@id":"https:\/\/lavanguardiadecuenca.es\/#\/schema\/person\/efd3b99fe10ec3fad96a88f3ae7d092f"},"potentialAction":[{"@type":"SearchAction","target":{"@type":"EntryPoint","urlTemplate":"https:\/\/lavanguardiadecuenca.es\/?s={search_term_string}"},"query-input":{"@type":"PropertyValueSpecification","valueRequired":true,"valueName":"search_term_string"}}],"inLanguage":"es"},{"@type":["Person","Organization"],"@id":"https:\/\/lavanguardiadecuenca.es\/#\/schema\/person\/efd3b99fe10ec3fad96a88f3ae7d092f","name":"Juan Andr\u00e9s Buedo","image":{"@type":"ImageObject","inLanguage":"es","@id":"https:\/\/lavanguardiadecuenca.es\/wp-content\/uploads\/2025\/09\/6a00d8341c734753ef0278801a3634200d-250si.jpg","url":"https:\/\/lavanguardiadecuenca.es\/wp-content\/uploads\/2025\/09\/6a00d8341c734753ef0278801a3634200d-250si.jpg","contentUrl":"https:\/\/lavanguardiadecuenca.es\/wp-content\/uploads\/2025\/09\/6a00d8341c734753ef0278801a3634200d-250si.jpg","width":250,"height":250,"caption":"Juan Andr\u00e9s Buedo"},"logo":{"@id":"https:\/\/lavanguardiadecuenca.es\/wp-content\/uploads\/2025\/09\/6a00d8341c734753ef0278801a3634200d-250si.jpg"},"sameAs":["https:\/\/lavanguardiadecuenca.es\/"],"url":"https:\/\/lavanguardiadecuenca.es\/?author=2"}]}},"_links":{"self":[{"href":"https:\/\/lavanguardiadecuenca.es\/index.php?rest_route=\/wp\/v2\/posts\/8088","targetHints":{"allow":["GET"]}}],"collection":[{"href":"https:\/\/lavanguardiadecuenca.es\/index.php?rest_route=\/wp\/v2\/posts"}],"about":[{"href":"https:\/\/lavanguardiadecuenca.es\/index.php?rest_route=\/wp\/v2\/types\/post"}],"author":[{"embeddable":true,"href":"https:\/\/lavanguardiadecuenca.es\/index.php?rest_route=\/wp\/v2\/users\/2"}],"replies":[{"embeddable":true,"href":"https:\/\/lavanguardiadecuenca.es\/index.php?rest_route=%2Fwp%2Fv2%2Fcomments&post=8088"}],"version-history":[{"count":1,"href":"https:\/\/lavanguardiadecuenca.es\/index.php?rest_route=\/wp\/v2\/posts\/8088\/revisions"}],"predecessor-version":[{"id":8090,"href":"https:\/\/lavanguardiadecuenca.es\/index.php?rest_route=\/wp\/v2\/posts\/8088\/revisions\/8090"}],"wp:attachment":[{"href":"https:\/\/lavanguardiadecuenca.es\/index.php?rest_route=%2Fwp%2Fv2%2Fmedia&parent=8088"}],"wp:term":[{"taxonomy":"category","embeddable":true,"href":"https:\/\/lavanguardiadecuenca.es\/index.php?rest_route=%2Fwp%2Fv2%2Fcategories&post=8088"},{"taxonomy":"post_tag","embeddable":true,"href":"https:\/\/lavanguardiadecuenca.es\/index.php?rest_route=%2Fwp%2Fv2%2Ftags&post=8088"}],"curies":[{"name":"wp","href":"https:\/\/api.w.org\/{rel}","templated":true}]}}