{"id":8085,"date":"2026-04-30T09:51:53","date_gmt":"2026-04-30T09:51:53","guid":{"rendered":"https:\/\/lavanguardiadecuenca.es\/?p=8085"},"modified":"2026-04-30T09:51:54","modified_gmt":"2026-04-30T09:51:54","slug":"generacion-sin-llave-cuando-emanciparse-se-convierte-en-un-lujo-estructural-por-juan-andres-buedo","status":"publish","type":"post","link":"https:\/\/lavanguardiadecuenca.es\/?p=8085","title":{"rendered":"\u201cGeneraci\u00f3n sin llave\u201d: cuando emanciparse se convierte en un lujo estructural (por Juan Andr\u00e9s Buedo)"},"content":{"rendered":"\n<figure class=\"wp-block-image size-large\"><img loading=\"lazy\" decoding=\"async\" width=\"1024\" height=\"576\" src=\"https:\/\/lavanguardiadecuenca.es\/wp-content\/uploads\/2026\/04\/Sin-titulo.jpgProblema-de-la-vivienda-en-los-jovenes-de-2026-1024x576.jpg\" alt=\"\" class=\"wp-image-8086\" srcset=\"https:\/\/lavanguardiadecuenca.es\/wp-content\/uploads\/2026\/04\/Sin-titulo.jpgProblema-de-la-vivienda-en-los-jovenes-de-2026-1024x576.jpg 1024w, https:\/\/lavanguardiadecuenca.es\/wp-content\/uploads\/2026\/04\/Sin-titulo.jpgProblema-de-la-vivienda-en-los-jovenes-de-2026-300x169.jpg 300w, https:\/\/lavanguardiadecuenca.es\/wp-content\/uploads\/2026\/04\/Sin-titulo.jpgProblema-de-la-vivienda-en-los-jovenes-de-2026-768x432.jpg 768w, https:\/\/lavanguardiadecuenca.es\/wp-content\/uploads\/2026\/04\/Sin-titulo.jpgProblema-de-la-vivienda-en-los-jovenes-de-2026-850x478.jpg 850w, https:\/\/lavanguardiadecuenca.es\/wp-content\/uploads\/2026\/04\/Sin-titulo.jpgProblema-de-la-vivienda-en-los-jovenes-de-2026.jpg 1069w\" sizes=\"auto, (max-width: 1024px) 100vw, 1024px\" \/><\/figure>\n\n\n\n<p>Hab\u00eda una vez un pa\u00eds donde independizarse a los 25 a\u00f1os era un rito compartido, casi un tr\u00e1mite biogr\u00e1fico. Se estudiaba, se encontraba un trabajo m\u00e1s o menos estable y, con algo de paciencia, llegaba el momento de firmar un contrato de alquiler o una hipoteca modesta. Hoy, en esa misma Espa\u00f1a, hablar de llaves propias a los 30 se parece m\u00e1s a una cr\u00f3nica de ciencia ficci\u00f3n que a una estad\u00edstica seria. La promesa social que ligaba trabajo, esfuerzo y techo se ha roto silenciosamente, y la ruptura se mide en porcentajes, en a\u00f1os de retraso y en biograf\u00edas que no acaban de arrancar.<\/p>\n\n\n\n<p>Solo el 15,2% de los j\u00f3venes de 16 a 29 a\u00f1os vive de forma independiente: es la tasa de emancipaci\u00f3n juvenil m\u00e1s baja desde que hay registros. Espa\u00f1a se emancipa a los 30 a\u00f1os de media, casi cuatro a\u00f1os m\u00e1s tarde que la Uni\u00f3n Europea, que se sit\u00faa en los 26,2. Mientras Francia lo hace a los 23,7 y Dinamarca a los 21, aqu\u00ed hemos convertido la salida del hogar familiar en una carrera de fondo con vallas cada vez m\u00e1s altas y meta difusa. La llamada \u201cgeneraci\u00f3n sin llave\u201d no es un eslogan ingenioso: es un diagn\u00f3stico inc\u00f3modo sobre el funcionamiento real de nuestro modelo econ\u00f3mico y de nuestro contrato social.<\/p>\n\n\n\n<p>Durante a\u00f1os se repiti\u00f3 que la vivienda era \u201cun problema coyuntural\u201d: una burbuja, una crisis, un ciclo. Hoy, los datos y las trayectorias vitales apuntan a otra cosa. El mercado de la vivienda ha dejado de ser un bache temporal para convertirse en el mayor fallo estructural de la generaci\u00f3n que sostiene y sostendr\u00e1 el pa\u00eds en las pr\u00f3ximas d\u00e9cadas. No hablamos solo de ladrillos, de alquileres y de hipotecas; hablamos de c\u00f3mo se reorganiza la vida cuando el techo deja de ser un paso natural y se convierte en un muro.<\/p>\n\n\n\n<h4 class=\"wp-block-heading\" id=\"el-salario-que-se-evapora-entre-cuatro-paredes\">El salario que se evapora entre cuatro paredes<\/h4>\n\n\n\n<p>La fotograf\u00eda econ\u00f3mica de un joven espa\u00f1ol est\u00e1ndar en 2026 es sencilla de trazar y dif\u00edcil de asumir. El salario mediano neto de un menor de 30 a\u00f1os ronda los 14.046 euros al a\u00f1o, algo m\u00e1s de 1.170 euros al mes. Esa es la base sobre la que se levanta \u2014o se frustra\u2014 cualquier proyecto de emancipaci\u00f3n. Con estas cifras, la teor\u00eda de la \u201ccultura del esfuerzo\u201d suena m\u00e1s a consigna vac\u00eda que a hoja de ruta: se puede trabajar duro, pero la suma sigue sin dar.<\/p>\n\n\n\n<p>Pongamos n\u00fameros concretos. Alquilar un piso de dos habitaciones en Madrid cuesta entre 1.400 y 1.600 euros al mes; en Barcelona, entre 1.500 y 1.700. El alquiler est\u00e1ndar de una vivienda modesta consume, como poco, el 100% del salario mediano de un joven. Hablamos de un techo normal, no de una vivienda de lujo en el Paseo de la Castellana o en el Eixample m\u00e1s exclusivo. Si la renta se traga todo el sueldo, la pregunta ya no es a qu\u00e9 se renuncia, sino qui\u00e9n asume el agujero: la familia, un segundo empleo, el endeudamiento o directamente la imposibilidad de salir de casa.<\/p>\n\n\n\n<p>A escala nacional, el 92,3% del salario joven se va al alquiler medio. En Baleares, Canarias, Catalu\u00f1a y Madrid, ese porcentaje supera incluso el 100%. En esos territorios, vivir solo con un salario normal es imposible sin ayuda familiar, sin compartir piso o sin encadenar jornadas agotadoras. La vieja regla del 30% de los ingresos destinados a vivienda, ese mantra que durante a\u00f1os repitieron economistas y bancos, se ha convertido en pieza de museo. Hoy, en ninguna gran ciudad espa\u00f1ola se est\u00e1 ni remotamente cerca de ese umbral saludable.<\/p>\n\n\n\n<p>Valencia y Sevilla suelen presentarse como alternativas menos asfixiantes, y en parte lo son. Sin embargo, tambi\u00e9n all\u00ed el alquiler de un piso de dos habitaciones absorbe entre el 60% y el 96% del salario joven, con subidas interanuales que, en 2025, llegaron a superar el 11% en la capital valenciana. La diferencia no es tanto entre \u201cproblema\u201d y \u201cno problema\u201d como entre \u201casfixia total\u201d y \u201casfixia parcial\u201d. Lo que queda despu\u00e9s de pagar el techo \u2014si queda algo\u2014 apenas permite ahorrar, formar un hogar o plantearse decisiones tan b\u00e1sicas como tener hijos.<\/p>\n\n\n\n<p>A esta ecuaci\u00f3n se suma otro factor decisivo: la oferta de vivienda en alquiler no solo es cara, sino cada vez m\u00e1s escasa. El mercado del alquiler cerr\u00f3 2025 con decenas de miles de viviendas menos en oferta respecto al a\u00f1o anterior. En Barcelona se llegaron a registrar centenares de demandantes por cada piso disponible. No es un mercado funcional; es una subasta continua donde la puja se hace con sueldos congelados y expectativas menguantes.<\/p>\n\n\n\n<h4 class=\"wp-block-heading\" id=\"emanciparse-tarde-no-es-una-ancdota-es-un-sntoma\">Emanciparse tarde no es una an\u00e9cdota, es un s\u00edntoma<\/h4>\n\n\n\n<p>Tendemos a tratar la edad de emancipaci\u00f3n como una curiosidad estad\u00edstica: un dato que se menciona en titulares de verano y se olvida a la semana. Pero esa cifra condensa casi todo lo importante. Que Espa\u00f1a se emancipe a los 30 a\u00f1os de media, con solo un 15,2% de j\u00f3venes viviendo de forma independiente, no habla \u00fanicamente de vivienda; habla de trabajo, de natalidad, de salud mental, de confianza en el futuro.<\/p>\n\n\n\n<p>Detr\u00e1s de ese porcentaje hay miles de biograf\u00edas en pausa. J\u00f3venes que comparten piso con desconocidos a los 30, que retrasan indefinidamente la decisi\u00f3n de tener hijos porque no tienen d\u00f3nde criarlos, que enlazan contratos temporales en barrios que no se pueden permitir. Espa\u00f1a ha institucionalizado de facto una adolescencia tard\u00eda: no porque la juventud quiera vivir eternamente en casa de sus padres, sino porque el sistema la empuja a hacerlo.<\/p>\n\n\n\n<p>El mapa territorial a\u00f1ade otra capa de iron\u00eda amarga. Castilla\u2011La Mancha registra la tasa de emancipaci\u00f3n juvenil m\u00e1s baja de Espa\u00f1a, en torno al 10,6%, mientras Baleares encabeza la tabla con alrededor del 21,5%, pese a tener algunos de los alquileres m\u00e1s caros del pa\u00eds. La paradoja es clara: las comunidades que m\u00e1s se emancipan son tambi\u00e9n las que concentran el empleo, no necesariamente las m\u00e1s baratas. Donde hay trabajo, la gente aprieta los dientes, comparte piso, multiplica las horas y se emancipa como puede. Donde no hay empleo, la vivienda vac\u00eda no se convierte autom\u00e1ticamente en oportunidad, porque falta lo esencial: ingresos.<\/p>\n\n\n\n<p>A esa precariedad habitacional se suma otra grieta silenciosa que rara vez entra en el debate pol\u00edtico: la incapacidad masiva de ahorrar. Cerca de dos tercios de los j\u00f3venes inquilinos no logran ahorrar nada a fin de mes. La tasa de j\u00f3venes que ni estudian ni trabajan (los llamados NEET) ronda cifras preocupantes, por encima de la media de la OCDE y de la Uni\u00f3n Europea. El sistema expulsa a una parte antes incluso de que pueda intentar entrar, mientras otra vive en equilibrio inestable sobre alquileres que devoran el sueldo. El resultado es una sensaci\u00f3n generacional de \u201ccallej\u00f3n sin salida\u201d que no se combate con discursos motivacionales, sino con pol\u00edticas que funcionen.<\/p>\n\n\n\n<p>La emancipaci\u00f3n, en este contexto, deja de ser un indicador econ\u00f3mico m\u00e1s para convertirse en el term\u00f3metro de una sociedad que cree, o no, en el futuro de quienes han de sostenerla. Si la tasa apenas supera el 15%, el mensaje impl\u00edcito es n\u00edtido: la llave de la vivienda se ha convertido en un objeto de lujo.<\/p>\n\n\n\n<h4 class=\"wp-block-heading\" id=\"mucho-anuncio-poca-llave-la-poltica-ante-el-espejo\">Mucho anuncio, poca llave: la pol\u00edtica ante el espejo<\/h4>\n\n\n\n<p>Ante semejante paisaje, las pol\u00edticas p\u00fablicas han optado, demasiadas veces, por un patr\u00f3n reconocible: grandes titulares, ejecuci\u00f3n discreta y efectos muy por debajo de lo prometido. El caso del aval ICO es paradigm\u00e1tico. Se present\u00f3 como la soluci\u00f3n para que los j\u00f3venes pudieran comprar sin ahorros previos: el Estado avalaba el 20\u201325% de la hipoteca, permitiendo financiar el 100% del precio de compra. Dotaci\u00f3n anunciada: 2.500 millones de euros. Objetivo: 50.000 beneficiarios.<\/p>\n\n\n\n<p>El balance real, sin embargo, es mucho menos \u00e9pico. Al cabo de m\u00e1s de un a\u00f1o, apenas se hab\u00edan concedido poco m\u00e1s de siete mil avales, por debajo del 15% de la meta. La banca a\u00f1adi\u00f3 capas de burocracia, plazos inciertos y, en muchos casos, tipos de inter\u00e9s m\u00e1s altos para quienes se acog\u00edan al aval. Lo que deb\u00eda ser un salvavidas se convirti\u00f3, para muchos j\u00f3venes, en una opci\u00f3n poco atractiva que multiplicaba los riesgos a largo plazo.<\/p>\n\n\n\n<p>Algo similar sucede con el Bono Alquiler Joven: 250 euros al mes durante dos a\u00f1os para j\u00f3venes cuyos contratos de alquiler no superen los 600 euros. En un mapa ideal, la ayuda podr\u00eda marcar una diferencia significativa. En la Espa\u00f1a real, encontrar un alquiler por debajo de 600 euros en Madrid o Barcelona es poco menos que una quimera. La medida parece dise\u00f1ada para una realidad de ciudades peque\u00f1as y entornos rurales, mientras la mayor\u00eda de j\u00f3venes se concentra \u2014por razones laborales\u2014 en las grandes \u00e1reas urbanas. All\u00ed donde el bono podr\u00eda aliviar de verdad, sencillamente no se puede aplicar; donde s\u00ed se puede aplicar, la tramitaci\u00f3n administrativa se eterniza. No es casual que en algunas comunidades apenas se haya ejecutado una fracci\u00f3n del presupuesto disponible.<\/p>\n\n\n\n<p>El cap\u00edtulo de la vivienda social deber\u00eda bastar, por s\u00ed solo, para abrir un debate de r\u00e9gimen. Espa\u00f1a tiene alrededor de un 2,5% de vivienda social sobre el parque total, frente a una media europea que roza el 9\u201310%. Pa\u00edses como Pa\u00edses Bajos se sit\u00faan en torno al 30%, Austria por encima del 20%. No es que tengamos poco, es que en t\u00e9rminos comparados casi no tenemos nada. Desde 2013, la construcci\u00f3n de vivienda de protecci\u00f3n oficial ha ca\u00eddo alrededor de un 85%. Es dif\u00edcil reclamarle al mercado que resuelva lo que el sector p\u00fablico pr\u00e1cticamente abandon\u00f3 durante una d\u00e9cada.<\/p>\n\n\n\n<p>En abril de 2026, el Gobierno ha anunciado un nuevo Plan Estatal de Vivienda para el periodo 2026\u20112030, dotado con 7.000 millones de euros. Sobre el papel, suena a cambio de rumbo: empresa p\u00fablica de construcci\u00f3n (Casa47), vivienda de protecci\u00f3n oficial de calificaci\u00f3n permanente, subvenciones de hasta 30.000 euros para proyectos de alquiler con opci\u00f3n a compra. El guion parece responder, al menos en parte, a las cr\u00edticas acumuladas. Pero la pol\u00edtica de vivienda en Espa\u00f1a tiene un historial largo de planes que se quedan a medio gas, de presupuestos que no se ejecutan y de promesas que se diluyen en el tr\u00e1mite.<\/p>\n\n\n\n<p>La duda, leg\u00edtima, es si estamos ante un giro real de paradigma o ante otro cap\u00edtulo de la larga novela de las promesas sin llave. Si dentro de cinco a\u00f1os los porcentajes de vivienda social siguen an\u00e9micos y las tasas de emancipaci\u00f3n contin\u00faan en m\u00ednimos, sabremos que el en\u00e9simo plan habr\u00e1 sido otra oportunidad perdida.<\/p>\n\n\n\n<h4 class=\"wp-block-heading\" id=\"de-espaa-a-la-espaa-vaciada-la-paradoja-en-castill\">De Espa\u00f1a a la Espa\u00f1a vaciada: la paradoja en Castilla\u2011La Mancha y Cuenca<\/h4>\n\n\n\n<p>Si este es el marco estatal, territorios como Castilla\u2011La Mancha a\u00f1aden sus propias contradicciones. La comunidad encabeza la parte baja de la tabla de emancipaci\u00f3n juvenil, con esa tasa en torno al 10,6%. Es decir, aqu\u00ed se emancipa menos gente joven que en ning\u00fan otro lugar del pa\u00eds. Sin embargo, cualquiera que recorra la Serran\u00eda, la Alcarria conquense o muchas zonas rurales de la regi\u00f3n sabe que lo que sobran son casas vac\u00edas.<\/p>\n\n\n\n<p>Esa paradoja \u2014j\u00f3venes que no pueden acceder a una vivienda y pueblos llenos de viviendas sin j\u00f3venes\u2014 condensa las profundas grietas del modelo territorial espa\u00f1ol. Mientras la capital, Cuenca, sufre la presi\u00f3n de los precios por la conectividad y el atractivo tur\u00edstico, los municipios de interior languidecen con un parque inmobiliario infrautilizado que se degrada a\u00f1o tras a\u00f1o. En 2026, la provincia se ha convertido en uno de los epicentros de la lucha contra la despoblaci\u00f3n: cada vivienda rehabilitada y ocupada es, literalmente, una apuesta por la supervivencia de un pueblo.<\/p>\n\n\n\n<p>Las pol\u00edticas regionales han empezado a moverse en esa direcci\u00f3n. Castilla\u2011La Mancha ha puesto en marcha una Estrategia de Acci\u00f3n para la Vivienda 2026\u20112030 que incluye medidas como avales del 20% para hipotecas, reducciones dr\u00e1sticas del Impuesto de Transmisiones Patrimoniales al 3% para menores de 36 a\u00f1os y ayudas directas de hasta 10.800 euros para la compra de vivienda en municipios peque\u00f1os. Sobre el papel, son balones de ox\u00edgeno que intentan resolver uno de los nudos gordianos de la emancipaci\u00f3n: el capital inicial para dar el salto.<\/p>\n\n\n\n<p>Pero incluso estas medidas, bien orientadas, chocan con preguntas inc\u00f3modas. \u00bfBasta con poner dinero sobre la mesa si el mercado absorbe las ayudas subiendo los precios? \u00bfEs suficiente una subvenci\u00f3n a la compra en un pueblo si luego no hay empleo, transporte p\u00fablico ni servicios esenciales? \u00bfCu\u00e1ntas veces se puede animar a un joven a quedarse en su localidad de origen si cada d\u00eda tiene que recorrer decenas de kil\u00f3metros para trabajar en otra ciudad?<\/p>\n\n\n\n<p>En Cuenca, la vivienda se ha convertido en el nexo que puede salvar a un pueblo de la desaparici\u00f3n o condenar a su juventud al \u00e9xodo hacia Madrid o Valencia. El reto es doble y exigente: atraer al joven trabajador remoto \u2014que puede elegir d\u00f3nde vivir\u2014 y convencer al joven local de que quedarse no es sin\u00f3nimo de renuncia profesional. Para lo primero, hace falta fibra \u00f3ptica, servicios, cultura, sanidad, transporte, vida. Para lo segundo, hacen falta salarios dignos y proyectos econ\u00f3micos que no se limiten a la estacionalidad.<\/p>\n\n\n\n<p>La vivienda, por s\u00ed sola, no repuebla un territorio. Pero sin vivienda asequible y en condiciones, es imposible repoblar nada. En ese equilibrio se juega hoy buena parte del futuro de provincias como Cuenca: o convertimos las casas vac\u00edas en hogares posibles para una nueva generaci\u00f3n, o seguiremos viendo c\u00f3mo se cierran persianas mientras los j\u00f3venes hacen maletas.<\/p>\n\n\n\n<h4 class=\"wp-block-heading\" id=\"un-cambio-de-paradigma-o-un-muro-definitivo\">Un cambio de paradigma o un muro definitivo<\/h4>\n\n\n\n<p>La conclusi\u00f3n es tan sencilla de formular como dif\u00edcil de asumir pol\u00edticamente: el futuro de la vivienda para los j\u00f3venes no se resolver\u00e1 con parches, ni con avales mal dise\u00f1ados, ni con bonos pensados para mercados que ya no existen. Pasa por un cambio de paradigma que asuma tres ideas b\u00e1sicas.<\/p>\n\n\n\n<p>La primera: sin un parque p\u00fablico de alquiler robusto y bien gestionado, que compita de verdad con el mercado privado, la brecha seguir\u00e1 abri\u00e9ndose. No basta con regular precios si no hay alternativa real; no basta con subsidiar alquileres si la oferta es tan escasa que cualquier ayuda se traduce en m\u00e1s presi\u00f3n alcista.<\/p>\n\n\n\n<p>La segunda: la vivienda no se puede pensar aislada del empleo y del modelo territorial. Las pol\u00edticas que incentivan comprar en municipios peque\u00f1os pueden ser una herramienta poderosa contra la despoblaci\u00f3n, pero solo si van acompa\u00f1adas de estrategias serias de desarrollo econ\u00f3mico, movilidad y servicios. De lo contrario, corren el riesgo de convertirse en una invitaci\u00f3n a vivir lejos de las oportunidades.<\/p>\n\n\n\n<p>La tercera: la juventud no pide regalos. Pide reglas del juego m\u00ednimamente justas. Pide que trabajar de manera estable, ahorrar con esfuerzo y planificar en el largo plazo vuelva a ser una ruta viable hacia un techo propio. Pide que dejar la casa de los padres a los treinta no sea un acto de hero\u00edsmo, sino un paso razonable en una biograf\u00eda normal.<\/p>\n\n\n\n<p>La llave de la vivienda se ha convertido en la frontera que separa a quienes pueden imaginar un futuro en este pa\u00eds de quienes, sencillamente, se resignan o se marchan. Que esa llave exista o no, en Cuenca, en Castilla\u2011La Mancha y en el conjunto de Espa\u00f1a, definir\u00e1 qui\u00e9n se queda, qui\u00e9n se va y qui\u00e9n renuncia a intentarlo. Y esa decisi\u00f3n, aunque a menudo se esconda detr\u00e1s de tecnicismos y porcentajes, no es una cuesti\u00f3n t\u00e9cnica: es, sobre todo, una cuesti\u00f3n de voluntad pol\u00edtica y de modelo de sociedad.<\/p>\n","protected":false},"excerpt":{"rendered":"<p>Hab\u00eda una vez un pa\u00eds donde independizarse a los 25 a\u00f1os era un rito compartido, casi un tr\u00e1mite biogr\u00e1fico. Se estudiaba, se encontraba un trabajo m\u00e1s o menos estable y, con algo de paciencia, llegaba el momento de firmar un contrato de alquiler o una hipoteca modesta. Hoy, en esa misma Espa\u00f1a, hablar de llaves&#8230;<\/p>\n","protected":false},"author":2,"featured_media":0,"comment_status":"open","ping_status":"open","sticky":false,"template":"","format":"standard","meta":{"rop_custom_images_group":[],"rop_custom_messages_group":[],"rop_publish_now":"yes","rop_publish_now_accounts":[],"rop_publish_now_history":[],"rop_publish_now_status":"pending","footnotes":""},"categories":[2,39,10,14,6,15,16,8],"tags":[],"class_list":["post-8085","post","type-post","status-publish","format-standard","hentry","category-actualidad","category-administraciones","category-comunicacion","category-economia","category-historia","category-pensamiento-politico","category-politica","category-sociedad"],"yoast_head":"<!-- This site is optimized with the Yoast SEO plugin v27.5 - https:\/\/yoast.com\/product\/yoast-seo-wordpress\/ -->\n<title>\u201cGeneraci\u00f3n sin llave\u201d: cuando emanciparse se convierte en un lujo estructural (por Juan Andr\u00e9s Buedo) - La Vanguardia de Cuenca<\/title>\n<meta name=\"robots\" content=\"index, follow, max-snippet:-1, max-image-preview:large, max-video-preview:-1\" \/>\n<link rel=\"canonical\" href=\"https:\/\/lavanguardiadecuenca.es\/?p=8085\" \/>\n<meta property=\"og:locale\" content=\"es_ES\" \/>\n<meta property=\"og:type\" content=\"article\" \/>\n<meta property=\"og:title\" content=\"\u201cGeneraci\u00f3n sin llave\u201d: cuando emanciparse se convierte en un lujo estructural (por Juan Andr\u00e9s Buedo) - La Vanguardia de Cuenca\" \/>\n<meta property=\"og:description\" content=\"Hab\u00eda una vez un pa\u00eds donde independizarse a los 25 a\u00f1os era un rito compartido, casi un tr\u00e1mite biogr\u00e1fico. Se estudiaba, se encontraba un trabajo m\u00e1s o menos estable y, con algo de paciencia, llegaba el momento de firmar un contrato de alquiler o una hipoteca modesta. Hoy, en esa misma Espa\u00f1a, hablar de llaves...\" \/>\n<meta property=\"og:url\" content=\"https:\/\/lavanguardiadecuenca.es\/?p=8085\" \/>\n<meta property=\"og:site_name\" content=\"La Vanguardia de Cuenca\" \/>\n<meta property=\"article:published_time\" content=\"2026-04-30T09:51:53+00:00\" \/>\n<meta property=\"article:modified_time\" content=\"2026-04-30T09:51:54+00:00\" \/>\n<meta property=\"og:image\" content=\"https:\/\/lavanguardiadecuenca.es\/wp-content\/uploads\/2026\/04\/Sin-titulo.jpgProblema-de-la-vivienda-en-los-jovenes-de-2026.jpg\" \/>\n\t<meta property=\"og:image:width\" content=\"1069\" \/>\n\t<meta property=\"og:image:height\" content=\"601\" \/>\n\t<meta property=\"og:image:type\" content=\"image\/jpeg\" \/>\n<meta name=\"author\" content=\"Juan Andr\u00e9s Buedo\" \/>\n<meta name=\"twitter:card\" content=\"summary_large_image\" \/>\n<meta name=\"twitter:label1\" content=\"Escrito por\" \/>\n\t<meta name=\"twitter:data1\" content=\"Juan Andr\u00e9s Buedo\" \/>\n\t<meta name=\"twitter:label2\" content=\"Tiempo de lectura\" \/>\n\t<meta name=\"twitter:data2\" content=\"12 minutos\" \/>\n<script type=\"application\/ld+json\" class=\"yoast-schema-graph\">{\"@context\":\"https:\\\/\\\/schema.org\",\"@graph\":[{\"@type\":\"Article\",\"@id\":\"https:\\\/\\\/lavanguardiadecuenca.es\\\/?p=8085#article\",\"isPartOf\":{\"@id\":\"https:\\\/\\\/lavanguardiadecuenca.es\\\/?p=8085\"},\"author\":{\"name\":\"Juan Andr\u00e9s Buedo\",\"@id\":\"https:\\\/\\\/lavanguardiadecuenca.es\\\/#\\\/schema\\\/person\\\/efd3b99fe10ec3fad96a88f3ae7d092f\"},\"headline\":\"\u201cGeneraci\u00f3n sin llave\u201d: cuando emanciparse se convierte en un lujo estructural (por Juan Andr\u00e9s Buedo)\",\"datePublished\":\"2026-04-30T09:51:53+00:00\",\"dateModified\":\"2026-04-30T09:51:54+00:00\",\"mainEntityOfPage\":{\"@id\":\"https:\\\/\\\/lavanguardiadecuenca.es\\\/?p=8085\"},\"wordCount\":2742,\"commentCount\":0,\"publisher\":{\"@id\":\"https:\\\/\\\/lavanguardiadecuenca.es\\\/#\\\/schema\\\/person\\\/efd3b99fe10ec3fad96a88f3ae7d092f\"},\"image\":{\"@id\":\"https:\\\/\\\/lavanguardiadecuenca.es\\\/?p=8085#primaryimage\"},\"thumbnailUrl\":\"https:\\\/\\\/lavanguardiadecuenca.es\\\/wp-content\\\/uploads\\\/2026\\\/04\\\/Sin-titulo.jpgProblema-de-la-vivienda-en-los-jovenes-de-2026-1024x576.jpg\",\"articleSection\":[\"Actualidad\",\"Administraciones P\u00fablicas\",\"Comunicaci\u00f3n\",\"Econom\u00eda\",\"Historia\",\"Pensamiento pol\u00edtico\",\"Pol\u00edtica\",\"Sociedad\"],\"inLanguage\":\"es\",\"potentialAction\":[{\"@type\":\"CommentAction\",\"name\":\"Comment\",\"target\":[\"https:\\\/\\\/lavanguardiadecuenca.es\\\/?p=8085#respond\"]}]},{\"@type\":\"WebPage\",\"@id\":\"https:\\\/\\\/lavanguardiadecuenca.es\\\/?p=8085\",\"url\":\"https:\\\/\\\/lavanguardiadecuenca.es\\\/?p=8085\",\"name\":\"\u201cGeneraci\u00f3n sin llave\u201d: cuando emanciparse se convierte en un lujo estructural (por Juan Andr\u00e9s Buedo) - La Vanguardia de Cuenca\",\"isPartOf\":{\"@id\":\"https:\\\/\\\/lavanguardiadecuenca.es\\\/#website\"},\"primaryImageOfPage\":{\"@id\":\"https:\\\/\\\/lavanguardiadecuenca.es\\\/?p=8085#primaryimage\"},\"image\":{\"@id\":\"https:\\\/\\\/lavanguardiadecuenca.es\\\/?p=8085#primaryimage\"},\"thumbnailUrl\":\"https:\\\/\\\/lavanguardiadecuenca.es\\\/wp-content\\\/uploads\\\/2026\\\/04\\\/Sin-titulo.jpgProblema-de-la-vivienda-en-los-jovenes-de-2026-1024x576.jpg\",\"datePublished\":\"2026-04-30T09:51:53+00:00\",\"dateModified\":\"2026-04-30T09:51:54+00:00\",\"breadcrumb\":{\"@id\":\"https:\\\/\\\/lavanguardiadecuenca.es\\\/?p=8085#breadcrumb\"},\"inLanguage\":\"es\",\"potentialAction\":[{\"@type\":\"ReadAction\",\"target\":[\"https:\\\/\\\/lavanguardiadecuenca.es\\\/?p=8085\"]}]},{\"@type\":\"ImageObject\",\"inLanguage\":\"es\",\"@id\":\"https:\\\/\\\/lavanguardiadecuenca.es\\\/?p=8085#primaryimage\",\"url\":\"https:\\\/\\\/lavanguardiadecuenca.es\\\/wp-content\\\/uploads\\\/2026\\\/04\\\/Sin-titulo.jpgProblema-de-la-vivienda-en-los-jovenes-de-2026.jpg\",\"contentUrl\":\"https:\\\/\\\/lavanguardiadecuenca.es\\\/wp-content\\\/uploads\\\/2026\\\/04\\\/Sin-titulo.jpgProblema-de-la-vivienda-en-los-jovenes-de-2026.jpg\",\"width\":1069,\"height\":601},{\"@type\":\"BreadcrumbList\",\"@id\":\"https:\\\/\\\/lavanguardiadecuenca.es\\\/?p=8085#breadcrumb\",\"itemListElement\":[{\"@type\":\"ListItem\",\"position\":1,\"name\":\"Portada\",\"item\":\"https:\\\/\\\/lavanguardiadecuenca.es\\\/\"},{\"@type\":\"ListItem\",\"position\":2,\"name\":\"\u201cGeneraci\u00f3n sin llave\u201d: cuando emanciparse se convierte en un lujo estructural (por Juan Andr\u00e9s Buedo)\"}]},{\"@type\":\"WebSite\",\"@id\":\"https:\\\/\\\/lavanguardiadecuenca.es\\\/#website\",\"url\":\"https:\\\/\\\/lavanguardiadecuenca.es\\\/\",\"name\":\"La Vanguardia de Cuenca\",\"description\":\"Intereses: comunicaci\u00f3n y actualidad en general, weblogs, sociedad, pol\u00edtica\",\"publisher\":{\"@id\":\"https:\\\/\\\/lavanguardiadecuenca.es\\\/#\\\/schema\\\/person\\\/efd3b99fe10ec3fad96a88f3ae7d092f\"},\"potentialAction\":[{\"@type\":\"SearchAction\",\"target\":{\"@type\":\"EntryPoint\",\"urlTemplate\":\"https:\\\/\\\/lavanguardiadecuenca.es\\\/?s={search_term_string}\"},\"query-input\":{\"@type\":\"PropertyValueSpecification\",\"valueRequired\":true,\"valueName\":\"search_term_string\"}}],\"inLanguage\":\"es\"},{\"@type\":[\"Person\",\"Organization\"],\"@id\":\"https:\\\/\\\/lavanguardiadecuenca.es\\\/#\\\/schema\\\/person\\\/efd3b99fe10ec3fad96a88f3ae7d092f\",\"name\":\"Juan Andr\u00e9s Buedo\",\"image\":{\"@type\":\"ImageObject\",\"inLanguage\":\"es\",\"@id\":\"https:\\\/\\\/lavanguardiadecuenca.es\\\/wp-content\\\/uploads\\\/2025\\\/09\\\/6a00d8341c734753ef0278801a3634200d-250si.jpg\",\"url\":\"https:\\\/\\\/lavanguardiadecuenca.es\\\/wp-content\\\/uploads\\\/2025\\\/09\\\/6a00d8341c734753ef0278801a3634200d-250si.jpg\",\"contentUrl\":\"https:\\\/\\\/lavanguardiadecuenca.es\\\/wp-content\\\/uploads\\\/2025\\\/09\\\/6a00d8341c734753ef0278801a3634200d-250si.jpg\",\"width\":250,\"height\":250,\"caption\":\"Juan Andr\u00e9s Buedo\"},\"logo\":{\"@id\":\"https:\\\/\\\/lavanguardiadecuenca.es\\\/wp-content\\\/uploads\\\/2025\\\/09\\\/6a00d8341c734753ef0278801a3634200d-250si.jpg\"},\"sameAs\":[\"https:\\\/\\\/lavanguardiadecuenca.es\\\/\"],\"url\":\"https:\\\/\\\/lavanguardiadecuenca.es\\\/?author=2\"}]}<\/script>\n<!-- \/ Yoast SEO plugin. -->","yoast_head_json":{"title":"\u201cGeneraci\u00f3n sin llave\u201d: cuando emanciparse se convierte en un lujo estructural (por Juan Andr\u00e9s Buedo) - La Vanguardia de Cuenca","robots":{"index":"index","follow":"follow","max-snippet":"max-snippet:-1","max-image-preview":"max-image-preview:large","max-video-preview":"max-video-preview:-1"},"canonical":"https:\/\/lavanguardiadecuenca.es\/?p=8085","og_locale":"es_ES","og_type":"article","og_title":"\u201cGeneraci\u00f3n sin llave\u201d: cuando emanciparse se convierte en un lujo estructural (por Juan Andr\u00e9s Buedo) - La Vanguardia de Cuenca","og_description":"Hab\u00eda una vez un pa\u00eds donde independizarse a los 25 a\u00f1os era un rito compartido, casi un tr\u00e1mite biogr\u00e1fico. Se estudiaba, se encontraba un trabajo m\u00e1s o menos estable y, con algo de paciencia, llegaba el momento de firmar un contrato de alquiler o una hipoteca modesta. Hoy, en esa misma Espa\u00f1a, hablar de llaves...","og_url":"https:\/\/lavanguardiadecuenca.es\/?p=8085","og_site_name":"La Vanguardia de Cuenca","article_published_time":"2026-04-30T09:51:53+00:00","article_modified_time":"2026-04-30T09:51:54+00:00","og_image":[{"width":1069,"height":601,"url":"https:\/\/lavanguardiadecuenca.es\/wp-content\/uploads\/2026\/04\/Sin-titulo.jpgProblema-de-la-vivienda-en-los-jovenes-de-2026.jpg","type":"image\/jpeg"}],"author":"Juan Andr\u00e9s Buedo","twitter_card":"summary_large_image","twitter_misc":{"Escrito por":"Juan Andr\u00e9s Buedo","Tiempo de lectura":"12 minutos"},"schema":{"@context":"https:\/\/schema.org","@graph":[{"@type":"Article","@id":"https:\/\/lavanguardiadecuenca.es\/?p=8085#article","isPartOf":{"@id":"https:\/\/lavanguardiadecuenca.es\/?p=8085"},"author":{"name":"Juan Andr\u00e9s Buedo","@id":"https:\/\/lavanguardiadecuenca.es\/#\/schema\/person\/efd3b99fe10ec3fad96a88f3ae7d092f"},"headline":"\u201cGeneraci\u00f3n sin llave\u201d: cuando emanciparse se convierte en un lujo estructural (por Juan Andr\u00e9s Buedo)","datePublished":"2026-04-30T09:51:53+00:00","dateModified":"2026-04-30T09:51:54+00:00","mainEntityOfPage":{"@id":"https:\/\/lavanguardiadecuenca.es\/?p=8085"},"wordCount":2742,"commentCount":0,"publisher":{"@id":"https:\/\/lavanguardiadecuenca.es\/#\/schema\/person\/efd3b99fe10ec3fad96a88f3ae7d092f"},"image":{"@id":"https:\/\/lavanguardiadecuenca.es\/?p=8085#primaryimage"},"thumbnailUrl":"https:\/\/lavanguardiadecuenca.es\/wp-content\/uploads\/2026\/04\/Sin-titulo.jpgProblema-de-la-vivienda-en-los-jovenes-de-2026-1024x576.jpg","articleSection":["Actualidad","Administraciones P\u00fablicas","Comunicaci\u00f3n","Econom\u00eda","Historia","Pensamiento pol\u00edtico","Pol\u00edtica","Sociedad"],"inLanguage":"es","potentialAction":[{"@type":"CommentAction","name":"Comment","target":["https:\/\/lavanguardiadecuenca.es\/?p=8085#respond"]}]},{"@type":"WebPage","@id":"https:\/\/lavanguardiadecuenca.es\/?p=8085","url":"https:\/\/lavanguardiadecuenca.es\/?p=8085","name":"\u201cGeneraci\u00f3n sin llave\u201d: cuando emanciparse se convierte en un lujo estructural (por Juan Andr\u00e9s Buedo) - La Vanguardia de Cuenca","isPartOf":{"@id":"https:\/\/lavanguardiadecuenca.es\/#website"},"primaryImageOfPage":{"@id":"https:\/\/lavanguardiadecuenca.es\/?p=8085#primaryimage"},"image":{"@id":"https:\/\/lavanguardiadecuenca.es\/?p=8085#primaryimage"},"thumbnailUrl":"https:\/\/lavanguardiadecuenca.es\/wp-content\/uploads\/2026\/04\/Sin-titulo.jpgProblema-de-la-vivienda-en-los-jovenes-de-2026-1024x576.jpg","datePublished":"2026-04-30T09:51:53+00:00","dateModified":"2026-04-30T09:51:54+00:00","breadcrumb":{"@id":"https:\/\/lavanguardiadecuenca.es\/?p=8085#breadcrumb"},"inLanguage":"es","potentialAction":[{"@type":"ReadAction","target":["https:\/\/lavanguardiadecuenca.es\/?p=8085"]}]},{"@type":"ImageObject","inLanguage":"es","@id":"https:\/\/lavanguardiadecuenca.es\/?p=8085#primaryimage","url":"https:\/\/lavanguardiadecuenca.es\/wp-content\/uploads\/2026\/04\/Sin-titulo.jpgProblema-de-la-vivienda-en-los-jovenes-de-2026.jpg","contentUrl":"https:\/\/lavanguardiadecuenca.es\/wp-content\/uploads\/2026\/04\/Sin-titulo.jpgProblema-de-la-vivienda-en-los-jovenes-de-2026.jpg","width":1069,"height":601},{"@type":"BreadcrumbList","@id":"https:\/\/lavanguardiadecuenca.es\/?p=8085#breadcrumb","itemListElement":[{"@type":"ListItem","position":1,"name":"Portada","item":"https:\/\/lavanguardiadecuenca.es\/"},{"@type":"ListItem","position":2,"name":"\u201cGeneraci\u00f3n sin llave\u201d: cuando emanciparse se convierte en un lujo estructural (por Juan Andr\u00e9s Buedo)"}]},{"@type":"WebSite","@id":"https:\/\/lavanguardiadecuenca.es\/#website","url":"https:\/\/lavanguardiadecuenca.es\/","name":"La Vanguardia de Cuenca","description":"Intereses: comunicaci\u00f3n y actualidad en general, weblogs, sociedad, pol\u00edtica","publisher":{"@id":"https:\/\/lavanguardiadecuenca.es\/#\/schema\/person\/efd3b99fe10ec3fad96a88f3ae7d092f"},"potentialAction":[{"@type":"SearchAction","target":{"@type":"EntryPoint","urlTemplate":"https:\/\/lavanguardiadecuenca.es\/?s={search_term_string}"},"query-input":{"@type":"PropertyValueSpecification","valueRequired":true,"valueName":"search_term_string"}}],"inLanguage":"es"},{"@type":["Person","Organization"],"@id":"https:\/\/lavanguardiadecuenca.es\/#\/schema\/person\/efd3b99fe10ec3fad96a88f3ae7d092f","name":"Juan Andr\u00e9s Buedo","image":{"@type":"ImageObject","inLanguage":"es","@id":"https:\/\/lavanguardiadecuenca.es\/wp-content\/uploads\/2025\/09\/6a00d8341c734753ef0278801a3634200d-250si.jpg","url":"https:\/\/lavanguardiadecuenca.es\/wp-content\/uploads\/2025\/09\/6a00d8341c734753ef0278801a3634200d-250si.jpg","contentUrl":"https:\/\/lavanguardiadecuenca.es\/wp-content\/uploads\/2025\/09\/6a00d8341c734753ef0278801a3634200d-250si.jpg","width":250,"height":250,"caption":"Juan Andr\u00e9s Buedo"},"logo":{"@id":"https:\/\/lavanguardiadecuenca.es\/wp-content\/uploads\/2025\/09\/6a00d8341c734753ef0278801a3634200d-250si.jpg"},"sameAs":["https:\/\/lavanguardiadecuenca.es\/"],"url":"https:\/\/lavanguardiadecuenca.es\/?author=2"}]}},"_links":{"self":[{"href":"https:\/\/lavanguardiadecuenca.es\/index.php?rest_route=\/wp\/v2\/posts\/8085","targetHints":{"allow":["GET"]}}],"collection":[{"href":"https:\/\/lavanguardiadecuenca.es\/index.php?rest_route=\/wp\/v2\/posts"}],"about":[{"href":"https:\/\/lavanguardiadecuenca.es\/index.php?rest_route=\/wp\/v2\/types\/post"}],"author":[{"embeddable":true,"href":"https:\/\/lavanguardiadecuenca.es\/index.php?rest_route=\/wp\/v2\/users\/2"}],"replies":[{"embeddable":true,"href":"https:\/\/lavanguardiadecuenca.es\/index.php?rest_route=%2Fwp%2Fv2%2Fcomments&post=8085"}],"version-history":[{"count":1,"href":"https:\/\/lavanguardiadecuenca.es\/index.php?rest_route=\/wp\/v2\/posts\/8085\/revisions"}],"predecessor-version":[{"id":8087,"href":"https:\/\/lavanguardiadecuenca.es\/index.php?rest_route=\/wp\/v2\/posts\/8085\/revisions\/8087"}],"wp:attachment":[{"href":"https:\/\/lavanguardiadecuenca.es\/index.php?rest_route=%2Fwp%2Fv2%2Fmedia&parent=8085"}],"wp:term":[{"taxonomy":"category","embeddable":true,"href":"https:\/\/lavanguardiadecuenca.es\/index.php?rest_route=%2Fwp%2Fv2%2Fcategories&post=8085"},{"taxonomy":"post_tag","embeddable":true,"href":"https:\/\/lavanguardiadecuenca.es\/index.php?rest_route=%2Fwp%2Fv2%2Ftags&post=8085"}],"curies":[{"name":"wp","href":"https:\/\/api.w.org\/{rel}","templated":true}]}}