{"id":8079,"date":"2026-04-29T09:23:26","date_gmt":"2026-04-29T09:23:26","guid":{"rendered":"https:\/\/lavanguardiadecuenca.es\/?p=8079"},"modified":"2026-04-29T09:23:27","modified_gmt":"2026-04-29T09:23:27","slug":"el-contraste-entre-ocio-y-supervivencia-por-eduardo-cruz","status":"publish","type":"post","link":"https:\/\/lavanguardiadecuenca.es\/?p=8079","title":{"rendered":"El contraste entre ocio y supervivencia (por Eduardo Cruz)"},"content":{"rendered":"\n<figure class=\"wp-block-image size-large\"><img loading=\"lazy\" decoding=\"async\" width=\"1024\" height=\"558\" src=\"https:\/\/lavanguardiadecuenca.es\/wp-content\/uploads\/2026\/04\/Contraste-entre-ocio-y-supervivencia-1024x558.jpg\" alt=\"\" class=\"wp-image-8080\" srcset=\"https:\/\/lavanguardiadecuenca.es\/wp-content\/uploads\/2026\/04\/Contraste-entre-ocio-y-supervivencia-1024x558.jpg 1024w, https:\/\/lavanguardiadecuenca.es\/wp-content\/uploads\/2026\/04\/Contraste-entre-ocio-y-supervivencia-300x164.jpg 300w, https:\/\/lavanguardiadecuenca.es\/wp-content\/uploads\/2026\/04\/Contraste-entre-ocio-y-supervivencia-768x419.jpg 768w, https:\/\/lavanguardiadecuenca.es\/wp-content\/uploads\/2026\/04\/Contraste-entre-ocio-y-supervivencia-850x463.jpg 850w, https:\/\/lavanguardiadecuenca.es\/wp-content\/uploads\/2026\/04\/Contraste-entre-ocio-y-supervivencia.jpg 1126w\" sizes=\"auto, (max-width: 1024px) 100vw, 1024px\" \/><\/figure>\n\n\n\n<p>Resulta dif\u00edcil de digerir que, mientras se destinan partidas presupuestarias a la mejora de instalaciones de tiro al plato \u2014una actividad de ocio vinculada a un perfil socioecon\u00f3mico muy espec\u00edfico y con recursos\u2014, existan pueblos en la Serran\u00eda o en la Alcarria conquense que luchan por mantener abierto un consultorio m\u00e9dico, una escuela o simplemente por tener una conexi\u00f3n a internet digna.<br>\u200bLa cr\u00edtica resulta obvia: \u00bfEs \u00e9tico priorizar el \u00abperfeccionamiento\u00bb de un deporte minoritario frente a las carencias estructurales que expulsan a la gente de sus pueblos?<br><em>Hay una \u00abCuenca de dos velocidades\u00bb<\/em><br>\u200bEsta inversi\u00f3n alimenta la percepci\u00f3n de una provincia dividida:<br>\u200b<strong>La Cuenca beneficiada<\/strong>: Zonas cercanas a la capital o n\u00facleos con influencia pol\u00edtica donde se invierte en infraestructuras deportivas y recreativas.<br>\u200b<strong>La Cuenca olvidada<\/strong>: Localidades remotas donde la falta de transporte p\u00fablico o la precariedad de las carreteras dificulta el d\u00eda a d\u00eda. Invertir 17.000 \u20ac en un foso de tiro puede parecer una cifra peque\u00f1a, pero para un peque\u00f1o ayuntamiento esa cantidad podr\u00eda suponer el arreglo de una tuber\u00eda de abastecimiento de agua o la mejora de un parque infantil degradado.<br><em>Un fen\u00f3meno a tener en cuenta: Clientelismo vs. Inter\u00e9s General<\/em><br>\u200bEl apoyo a federaciones y clubes que organizan eventos nacionales suele justificarse bajo la etiqueta de \u00abpromoci\u00f3n tur\u00edstica\u00bb. Sin embargo, cabe preguntarse:<br>\u200b\u00bfA qui\u00e9n beneficia realmente? El impacto econ\u00f3mico de un campeonato de tiro suele quedar en un nicho muy cerrado.<br>\u200b\u00bfEs sostenible? Mientras se \u00abembellecen\u00bb los fosos de tiro, el patrimonio arquitect\u00f3nico de muchos pueblos se cae a pedazos y los servicios sociales est\u00e1n al l\u00edmite.<br>\u200b<em>Una deducci\u00f3n consecuente<\/em>: <strong>La gesti\u00f3n p\u00fablica no solo debe ser eficiente, sino tambi\u00e9n moralmente coherente<\/strong>. Cuando la Diputaci\u00f3n elige poner el dinero en el campo de tiro en lugar de en la furgoneta que lleva la compra a los ancianos de un pueblo aislado, est\u00e1 enviando un mensaje claro sobre qu\u00e9 ciudadanos considera \u00abprioritarios\u00bb y cu\u00e1les son secundarios en su agenda de desarrollo provincial.<br>\u200bDesde una perspectiva de an\u00e1lisis de gesti\u00f3n p\u00fablica, lo que estamos viendo aqu\u00ed es <strong>un ejemplo cl\u00e1sico de <em>\u00abpol\u00edtica de escaparate\u00bb<\/em> frente a <em>\u00abpol\u00edtica de trinchera\u00bb<\/em><\/strong>.<\/p>\n\n\n\n<p><em>El impacto real vs. el impacto visual<\/em>: Es mucho m\u00e1s \u00abagradecido\u00bb para un pol\u00edtico hacerse una foto en un campeonato nacional con deportistas y trofeos que inaugurar una tuber\u00eda de alcantarillado en un pueblo de 20 habitantes. Lo primero da titulares y proyecci\u00f3n externa; lo segundo solo evita que un pueblo muera en silencio, pero no \u00abvende\u00bb igual.<br>\u200b<em>La trampa del \u00abRetorno Econ\u00f3mico\u00bb<\/em>: La administraci\u00f3n suele escudarse en que estos eventos atraen turismo. Pero seamos realistas: el gasto de un fin de semana de tiro no compensa la p\u00e9rdida de poblaci\u00f3n en las zonas rurales. Es pan para hoy y hambre para ma\u00f1ana. Mientras se financia el ocio de una \u00e9lite o un grupo federado, se est\u00e1 descuidando el derecho b\u00e1sico de un vecino de la Cuenca profunda a tener servicios m\u00ednimos.<br>\u200b<em>La desconexi\u00f3n con la urgencia<\/em>: Invertir en un foso de tiro cuando hay zonas con carreteras secundarias que parecen caminos de cabras o donde el transporte a demanda es insuficiente, denota una falta de sensibilidad hacia la equidad territorial. Es tratar de ponerle un aler\u00f3n a un coche que no tiene motor; se ve muy bien por fuera, pero no va a ninguna parte.<br>\u200b<strong>En resumen<\/strong>: Parece que la Diputaci\u00f3n prefiere invertir en lo que brilla (deporte, eventos, trofeos) antes que en lo que sostiene (servicios b\u00e1sicos, comunicaciones, ayuda directa al peque\u00f1o municipio). Es una estrategia que beneficia a los que ya tienen sus necesidades cubiertas y deja en la cuneta a quienes m\u00e1s dependen de la ayuda p\u00fablica para no desaparecer.<\/p>\n","protected":false},"excerpt":{"rendered":"<p>Resulta dif\u00edcil de digerir que, mientras se destinan partidas presupuestarias a la mejora de instalaciones de tiro al plato \u2014una actividad de ocio vinculada a un perfil socioecon\u00f3mico muy espec\u00edfico y con recursos\u2014, existan pueblos en la Serran\u00eda o en la Alcarria conquense que luchan por mantener abierto un consultorio m\u00e9dico, una escuela o simplemente&#8230;<\/p>\n","protected":false},"author":2,"featured_media":0,"comment_status":"open","ping_status":"open","sticky":false,"template":"","format":"standard","meta":{"rop_custom_images_group":[],"rop_custom_messages_group":[],"rop_publish_now":"yes","rop_publish_now_accounts":[],"rop_publish_now_history":[],"rop_publish_now_status":"pending","footnotes":""},"categories":[2,39,10,14,15,16,8],"tags":[],"class_list":["post-8079","post","type-post","status-publish","format-standard","hentry","category-actualidad","category-administraciones","category-comunicacion","category-economia","category-pensamiento-politico","category-politica","category-sociedad"],"yoast_head":"<!-- This site is optimized with the Yoast SEO plugin v27.5 - https:\/\/yoast.com\/product\/yoast-seo-wordpress\/ -->\n<title>El contraste entre ocio y supervivencia (por Eduardo Cruz) - La Vanguardia de Cuenca<\/title>\n<meta name=\"robots\" content=\"index, follow, max-snippet:-1, max-image-preview:large, max-video-preview:-1\" \/>\n<link rel=\"canonical\" href=\"https:\/\/lavanguardiadecuenca.es\/?p=8079\" \/>\n<meta property=\"og:locale\" content=\"es_ES\" \/>\n<meta property=\"og:type\" content=\"article\" \/>\n<meta property=\"og:title\" content=\"El contraste entre ocio y supervivencia (por Eduardo Cruz) - La Vanguardia de Cuenca\" \/>\n<meta property=\"og:description\" content=\"Resulta dif\u00edcil de digerir que, mientras se destinan partidas presupuestarias a la mejora de instalaciones de tiro al plato \u2014una actividad de ocio vinculada a un perfil socioecon\u00f3mico muy espec\u00edfico y con recursos\u2014, existan pueblos en la Serran\u00eda o en la Alcarria conquense que luchan por mantener abierto un consultorio m\u00e9dico, una escuela o simplemente...\" \/>\n<meta property=\"og:url\" content=\"https:\/\/lavanguardiadecuenca.es\/?p=8079\" \/>\n<meta property=\"og:site_name\" content=\"La Vanguardia de Cuenca\" \/>\n<meta property=\"article:published_time\" content=\"2026-04-29T09:23:26+00:00\" \/>\n<meta property=\"article:modified_time\" content=\"2026-04-29T09:23:27+00:00\" \/>\n<meta property=\"og:image\" content=\"https:\/\/lavanguardiadecuenca.es\/wp-content\/uploads\/2026\/04\/Contraste-entre-ocio-y-supervivencia.jpg\" \/>\n\t<meta property=\"og:image:width\" content=\"1126\" \/>\n\t<meta property=\"og:image:height\" content=\"614\" \/>\n\t<meta property=\"og:image:type\" content=\"image\/jpeg\" \/>\n<meta name=\"author\" content=\"Juan Andr\u00e9s Buedo\" \/>\n<meta name=\"twitter:card\" content=\"summary_large_image\" \/>\n<meta name=\"twitter:label1\" content=\"Escrito por\" \/>\n\t<meta name=\"twitter:data1\" content=\"Juan Andr\u00e9s Buedo\" \/>\n\t<meta name=\"twitter:label2\" content=\"Tiempo de lectura\" \/>\n\t<meta name=\"twitter:data2\" content=\"4 minutos\" \/>\n<script type=\"application\/ld+json\" class=\"yoast-schema-graph\">{\"@context\":\"https:\\\/\\\/schema.org\",\"@graph\":[{\"@type\":\"Article\",\"@id\":\"https:\\\/\\\/lavanguardiadecuenca.es\\\/?p=8079#article\",\"isPartOf\":{\"@id\":\"https:\\\/\\\/lavanguardiadecuenca.es\\\/?p=8079\"},\"author\":{\"name\":\"Juan Andr\u00e9s Buedo\",\"@id\":\"https:\\\/\\\/lavanguardiadecuenca.es\\\/#\\\/schema\\\/person\\\/efd3b99fe10ec3fad96a88f3ae7d092f\"},\"headline\":\"El contraste entre ocio y supervivencia (por Eduardo Cruz)\",\"datePublished\":\"2026-04-29T09:23:26+00:00\",\"dateModified\":\"2026-04-29T09:23:27+00:00\",\"mainEntityOfPage\":{\"@id\":\"https:\\\/\\\/lavanguardiadecuenca.es\\\/?p=8079\"},\"wordCount\":669,\"commentCount\":0,\"publisher\":{\"@id\":\"https:\\\/\\\/lavanguardiadecuenca.es\\\/#\\\/schema\\\/person\\\/efd3b99fe10ec3fad96a88f3ae7d092f\"},\"image\":{\"@id\":\"https:\\\/\\\/lavanguardiadecuenca.es\\\/?p=8079#primaryimage\"},\"thumbnailUrl\":\"https:\\\/\\\/lavanguardiadecuenca.es\\\/wp-content\\\/uploads\\\/2026\\\/04\\\/Contraste-entre-ocio-y-supervivencia-1024x558.jpg\",\"articleSection\":[\"Actualidad\",\"Administraciones P\u00fablicas\",\"Comunicaci\u00f3n\",\"Econom\u00eda\",\"Pensamiento pol\u00edtico\",\"Pol\u00edtica\",\"Sociedad\"],\"inLanguage\":\"es\",\"potentialAction\":[{\"@type\":\"CommentAction\",\"name\":\"Comment\",\"target\":[\"https:\\\/\\\/lavanguardiadecuenca.es\\\/?p=8079#respond\"]}]},{\"@type\":\"WebPage\",\"@id\":\"https:\\\/\\\/lavanguardiadecuenca.es\\\/?p=8079\",\"url\":\"https:\\\/\\\/lavanguardiadecuenca.es\\\/?p=8079\",\"name\":\"El contraste entre ocio y supervivencia (por Eduardo Cruz) - La Vanguardia de Cuenca\",\"isPartOf\":{\"@id\":\"https:\\\/\\\/lavanguardiadecuenca.es\\\/#website\"},\"primaryImageOfPage\":{\"@id\":\"https:\\\/\\\/lavanguardiadecuenca.es\\\/?p=8079#primaryimage\"},\"image\":{\"@id\":\"https:\\\/\\\/lavanguardiadecuenca.es\\\/?p=8079#primaryimage\"},\"thumbnailUrl\":\"https:\\\/\\\/lavanguardiadecuenca.es\\\/wp-content\\\/uploads\\\/2026\\\/04\\\/Contraste-entre-ocio-y-supervivencia-1024x558.jpg\",\"datePublished\":\"2026-04-29T09:23:26+00:00\",\"dateModified\":\"2026-04-29T09:23:27+00:00\",\"breadcrumb\":{\"@id\":\"https:\\\/\\\/lavanguardiadecuenca.es\\\/?p=8079#breadcrumb\"},\"inLanguage\":\"es\",\"potentialAction\":[{\"@type\":\"ReadAction\",\"target\":[\"https:\\\/\\\/lavanguardiadecuenca.es\\\/?p=8079\"]}]},{\"@type\":\"ImageObject\",\"inLanguage\":\"es\",\"@id\":\"https:\\\/\\\/lavanguardiadecuenca.es\\\/?p=8079#primaryimage\",\"url\":\"https:\\\/\\\/lavanguardiadecuenca.es\\\/wp-content\\\/uploads\\\/2026\\\/04\\\/Contraste-entre-ocio-y-supervivencia.jpg\",\"contentUrl\":\"https:\\\/\\\/lavanguardiadecuenca.es\\\/wp-content\\\/uploads\\\/2026\\\/04\\\/Contraste-entre-ocio-y-supervivencia.jpg\",\"width\":1126,\"height\":614},{\"@type\":\"BreadcrumbList\",\"@id\":\"https:\\\/\\\/lavanguardiadecuenca.es\\\/?p=8079#breadcrumb\",\"itemListElement\":[{\"@type\":\"ListItem\",\"position\":1,\"name\":\"Portada\",\"item\":\"https:\\\/\\\/lavanguardiadecuenca.es\\\/\"},{\"@type\":\"ListItem\",\"position\":2,\"name\":\"El contraste entre ocio y supervivencia (por Eduardo Cruz)\"}]},{\"@type\":\"WebSite\",\"@id\":\"https:\\\/\\\/lavanguardiadecuenca.es\\\/#website\",\"url\":\"https:\\\/\\\/lavanguardiadecuenca.es\\\/\",\"name\":\"La Vanguardia de Cuenca\",\"description\":\"Intereses: comunicaci\u00f3n y actualidad en general, weblogs, sociedad, pol\u00edtica\",\"publisher\":{\"@id\":\"https:\\\/\\\/lavanguardiadecuenca.es\\\/#\\\/schema\\\/person\\\/efd3b99fe10ec3fad96a88f3ae7d092f\"},\"potentialAction\":[{\"@type\":\"SearchAction\",\"target\":{\"@type\":\"EntryPoint\",\"urlTemplate\":\"https:\\\/\\\/lavanguardiadecuenca.es\\\/?s={search_term_string}\"},\"query-input\":{\"@type\":\"PropertyValueSpecification\",\"valueRequired\":true,\"valueName\":\"search_term_string\"}}],\"inLanguage\":\"es\"},{\"@type\":[\"Person\",\"Organization\"],\"@id\":\"https:\\\/\\\/lavanguardiadecuenca.es\\\/#\\\/schema\\\/person\\\/efd3b99fe10ec3fad96a88f3ae7d092f\",\"name\":\"Juan Andr\u00e9s Buedo\",\"image\":{\"@type\":\"ImageObject\",\"inLanguage\":\"es\",\"@id\":\"https:\\\/\\\/lavanguardiadecuenca.es\\\/wp-content\\\/uploads\\\/2025\\\/09\\\/6a00d8341c734753ef0278801a3634200d-250si.jpg\",\"url\":\"https:\\\/\\\/lavanguardiadecuenca.es\\\/wp-content\\\/uploads\\\/2025\\\/09\\\/6a00d8341c734753ef0278801a3634200d-250si.jpg\",\"contentUrl\":\"https:\\\/\\\/lavanguardiadecuenca.es\\\/wp-content\\\/uploads\\\/2025\\\/09\\\/6a00d8341c734753ef0278801a3634200d-250si.jpg\",\"width\":250,\"height\":250,\"caption\":\"Juan Andr\u00e9s Buedo\"},\"logo\":{\"@id\":\"https:\\\/\\\/lavanguardiadecuenca.es\\\/wp-content\\\/uploads\\\/2025\\\/09\\\/6a00d8341c734753ef0278801a3634200d-250si.jpg\"},\"sameAs\":[\"https:\\\/\\\/lavanguardiadecuenca.es\\\/\"],\"url\":\"https:\\\/\\\/lavanguardiadecuenca.es\\\/?author=2\"}]}<\/script>\n<!-- \/ Yoast SEO plugin. -->","yoast_head_json":{"title":"El contraste entre ocio y supervivencia (por Eduardo Cruz) - La Vanguardia de Cuenca","robots":{"index":"index","follow":"follow","max-snippet":"max-snippet:-1","max-image-preview":"max-image-preview:large","max-video-preview":"max-video-preview:-1"},"canonical":"https:\/\/lavanguardiadecuenca.es\/?p=8079","og_locale":"es_ES","og_type":"article","og_title":"El contraste entre ocio y supervivencia (por Eduardo Cruz) - La Vanguardia de Cuenca","og_description":"Resulta dif\u00edcil de digerir que, mientras se destinan partidas presupuestarias a la mejora de instalaciones de tiro al plato \u2014una actividad de ocio vinculada a un perfil socioecon\u00f3mico muy espec\u00edfico y con recursos\u2014, existan pueblos en la Serran\u00eda o en la Alcarria conquense que luchan por mantener abierto un consultorio m\u00e9dico, una escuela o simplemente...","og_url":"https:\/\/lavanguardiadecuenca.es\/?p=8079","og_site_name":"La Vanguardia de Cuenca","article_published_time":"2026-04-29T09:23:26+00:00","article_modified_time":"2026-04-29T09:23:27+00:00","og_image":[{"width":1126,"height":614,"url":"https:\/\/lavanguardiadecuenca.es\/wp-content\/uploads\/2026\/04\/Contraste-entre-ocio-y-supervivencia.jpg","type":"image\/jpeg"}],"author":"Juan Andr\u00e9s Buedo","twitter_card":"summary_large_image","twitter_misc":{"Escrito por":"Juan Andr\u00e9s Buedo","Tiempo de lectura":"4 minutos"},"schema":{"@context":"https:\/\/schema.org","@graph":[{"@type":"Article","@id":"https:\/\/lavanguardiadecuenca.es\/?p=8079#article","isPartOf":{"@id":"https:\/\/lavanguardiadecuenca.es\/?p=8079"},"author":{"name":"Juan Andr\u00e9s Buedo","@id":"https:\/\/lavanguardiadecuenca.es\/#\/schema\/person\/efd3b99fe10ec3fad96a88f3ae7d092f"},"headline":"El contraste entre ocio y supervivencia (por Eduardo Cruz)","datePublished":"2026-04-29T09:23:26+00:00","dateModified":"2026-04-29T09:23:27+00:00","mainEntityOfPage":{"@id":"https:\/\/lavanguardiadecuenca.es\/?p=8079"},"wordCount":669,"commentCount":0,"publisher":{"@id":"https:\/\/lavanguardiadecuenca.es\/#\/schema\/person\/efd3b99fe10ec3fad96a88f3ae7d092f"},"image":{"@id":"https:\/\/lavanguardiadecuenca.es\/?p=8079#primaryimage"},"thumbnailUrl":"https:\/\/lavanguardiadecuenca.es\/wp-content\/uploads\/2026\/04\/Contraste-entre-ocio-y-supervivencia-1024x558.jpg","articleSection":["Actualidad","Administraciones P\u00fablicas","Comunicaci\u00f3n","Econom\u00eda","Pensamiento pol\u00edtico","Pol\u00edtica","Sociedad"],"inLanguage":"es","potentialAction":[{"@type":"CommentAction","name":"Comment","target":["https:\/\/lavanguardiadecuenca.es\/?p=8079#respond"]}]},{"@type":"WebPage","@id":"https:\/\/lavanguardiadecuenca.es\/?p=8079","url":"https:\/\/lavanguardiadecuenca.es\/?p=8079","name":"El contraste entre ocio y supervivencia (por Eduardo Cruz) - La Vanguardia de Cuenca","isPartOf":{"@id":"https:\/\/lavanguardiadecuenca.es\/#website"},"primaryImageOfPage":{"@id":"https:\/\/lavanguardiadecuenca.es\/?p=8079#primaryimage"},"image":{"@id":"https:\/\/lavanguardiadecuenca.es\/?p=8079#primaryimage"},"thumbnailUrl":"https:\/\/lavanguardiadecuenca.es\/wp-content\/uploads\/2026\/04\/Contraste-entre-ocio-y-supervivencia-1024x558.jpg","datePublished":"2026-04-29T09:23:26+00:00","dateModified":"2026-04-29T09:23:27+00:00","breadcrumb":{"@id":"https:\/\/lavanguardiadecuenca.es\/?p=8079#breadcrumb"},"inLanguage":"es","potentialAction":[{"@type":"ReadAction","target":["https:\/\/lavanguardiadecuenca.es\/?p=8079"]}]},{"@type":"ImageObject","inLanguage":"es","@id":"https:\/\/lavanguardiadecuenca.es\/?p=8079#primaryimage","url":"https:\/\/lavanguardiadecuenca.es\/wp-content\/uploads\/2026\/04\/Contraste-entre-ocio-y-supervivencia.jpg","contentUrl":"https:\/\/lavanguardiadecuenca.es\/wp-content\/uploads\/2026\/04\/Contraste-entre-ocio-y-supervivencia.jpg","width":1126,"height":614},{"@type":"BreadcrumbList","@id":"https:\/\/lavanguardiadecuenca.es\/?p=8079#breadcrumb","itemListElement":[{"@type":"ListItem","position":1,"name":"Portada","item":"https:\/\/lavanguardiadecuenca.es\/"},{"@type":"ListItem","position":2,"name":"El contraste entre ocio y supervivencia (por Eduardo Cruz)"}]},{"@type":"WebSite","@id":"https:\/\/lavanguardiadecuenca.es\/#website","url":"https:\/\/lavanguardiadecuenca.es\/","name":"La Vanguardia de Cuenca","description":"Intereses: comunicaci\u00f3n y actualidad en general, weblogs, sociedad, pol\u00edtica","publisher":{"@id":"https:\/\/lavanguardiadecuenca.es\/#\/schema\/person\/efd3b99fe10ec3fad96a88f3ae7d092f"},"potentialAction":[{"@type":"SearchAction","target":{"@type":"EntryPoint","urlTemplate":"https:\/\/lavanguardiadecuenca.es\/?s={search_term_string}"},"query-input":{"@type":"PropertyValueSpecification","valueRequired":true,"valueName":"search_term_string"}}],"inLanguage":"es"},{"@type":["Person","Organization"],"@id":"https:\/\/lavanguardiadecuenca.es\/#\/schema\/person\/efd3b99fe10ec3fad96a88f3ae7d092f","name":"Juan Andr\u00e9s Buedo","image":{"@type":"ImageObject","inLanguage":"es","@id":"https:\/\/lavanguardiadecuenca.es\/wp-content\/uploads\/2025\/09\/6a00d8341c734753ef0278801a3634200d-250si.jpg","url":"https:\/\/lavanguardiadecuenca.es\/wp-content\/uploads\/2025\/09\/6a00d8341c734753ef0278801a3634200d-250si.jpg","contentUrl":"https:\/\/lavanguardiadecuenca.es\/wp-content\/uploads\/2025\/09\/6a00d8341c734753ef0278801a3634200d-250si.jpg","width":250,"height":250,"caption":"Juan Andr\u00e9s Buedo"},"logo":{"@id":"https:\/\/lavanguardiadecuenca.es\/wp-content\/uploads\/2025\/09\/6a00d8341c734753ef0278801a3634200d-250si.jpg"},"sameAs":["https:\/\/lavanguardiadecuenca.es\/"],"url":"https:\/\/lavanguardiadecuenca.es\/?author=2"}]}},"_links":{"self":[{"href":"https:\/\/lavanguardiadecuenca.es\/index.php?rest_route=\/wp\/v2\/posts\/8079","targetHints":{"allow":["GET"]}}],"collection":[{"href":"https:\/\/lavanguardiadecuenca.es\/index.php?rest_route=\/wp\/v2\/posts"}],"about":[{"href":"https:\/\/lavanguardiadecuenca.es\/index.php?rest_route=\/wp\/v2\/types\/post"}],"author":[{"embeddable":true,"href":"https:\/\/lavanguardiadecuenca.es\/index.php?rest_route=\/wp\/v2\/users\/2"}],"replies":[{"embeddable":true,"href":"https:\/\/lavanguardiadecuenca.es\/index.php?rest_route=%2Fwp%2Fv2%2Fcomments&post=8079"}],"version-history":[{"count":1,"href":"https:\/\/lavanguardiadecuenca.es\/index.php?rest_route=\/wp\/v2\/posts\/8079\/revisions"}],"predecessor-version":[{"id":8081,"href":"https:\/\/lavanguardiadecuenca.es\/index.php?rest_route=\/wp\/v2\/posts\/8079\/revisions\/8081"}],"wp:attachment":[{"href":"https:\/\/lavanguardiadecuenca.es\/index.php?rest_route=%2Fwp%2Fv2%2Fmedia&parent=8079"}],"wp:term":[{"taxonomy":"category","embeddable":true,"href":"https:\/\/lavanguardiadecuenca.es\/index.php?rest_route=%2Fwp%2Fv2%2Fcategories&post=8079"},{"taxonomy":"post_tag","embeddable":true,"href":"https:\/\/lavanguardiadecuenca.es\/index.php?rest_route=%2Fwp%2Fv2%2Ftags&post=8079"}],"curies":[{"name":"wp","href":"https:\/\/api.w.org\/{rel}","templated":true}]}}