{"id":8076,"date":"2026-04-28T11:40:26","date_gmt":"2026-04-28T11:40:26","guid":{"rendered":"https:\/\/lavanguardiadecuenca.es\/?p=8076"},"modified":"2026-04-28T11:40:27","modified_gmt":"2026-04-28T11:40:27","slug":"el-tren-del-futuro-pasa-por-encima-de-cuenca-por-juan-andres-buedo","status":"publish","type":"post","link":"https:\/\/lavanguardiadecuenca.es\/?p=8076","title":{"rendered":"El tren del futuro pasa por encima de Cuenca (por Juan Andr\u00e9s Buedo)"},"content":{"rendered":"\n<figure class=\"wp-block-image size-large\"><img loading=\"lazy\" decoding=\"async\" width=\"1024\" height=\"575\" src=\"https:\/\/lavanguardiadecuenca.es\/wp-content\/uploads\/2026\/04\/Tren-de-futuro-pasa-de-Cuenca-1024x575.jpg\" alt=\"\" class=\"wp-image-8077\" srcset=\"https:\/\/lavanguardiadecuenca.es\/wp-content\/uploads\/2026\/04\/Tren-de-futuro-pasa-de-Cuenca-1024x575.jpg 1024w, https:\/\/lavanguardiadecuenca.es\/wp-content\/uploads\/2026\/04\/Tren-de-futuro-pasa-de-Cuenca-300x169.jpg 300w, https:\/\/lavanguardiadecuenca.es\/wp-content\/uploads\/2026\/04\/Tren-de-futuro-pasa-de-Cuenca-768x432.jpg 768w, https:\/\/lavanguardiadecuenca.es\/wp-content\/uploads\/2026\/04\/Tren-de-futuro-pasa-de-Cuenca-850x478.jpg 850w, https:\/\/lavanguardiadecuenca.es\/wp-content\/uploads\/2026\/04\/Tren-de-futuro-pasa-de-Cuenca.jpg 1139w\" sizes=\"auto, (max-width: 1024px) 100vw, 1024px\" \/><\/figure>\n\n\n\n<h4 class=\"wp-block-heading\" id=\"cuenca-beta-de-oro-y-provincia-amputada-el-peaje-o\">Cuenca, beta de oro y provincia amputada: el peaje oculto de levantar Madrid\u2013Cuenca\u2013Valencia del mapa<\/h4>\n\n\n\n<p>Imaginemos por un momento la escena: se destruye la \u00fanica l\u00ednea de tren convencional que atraviesa una ciudad y, acto seguido, los representantes institucionales salen a proclamar muy serios que lo hacen \u201cpara que la ciudad no pierda el tren del futuro\u201d. El chiste se cuenta solo, salvo por un detalle: en Cuenca no estamos ante un recurso humor\u00edstico, sino ante el guion real que ha servido para justificar el levantamiento de la hist\u00f3rica l\u00ednea Madrid\u2013Cuenca\u2013Valencia.<a rel=\"noreferrer noopener\" target=\"_blank\" href=\"https:\/\/ppl-ai-file-upload.s3.amazonaws.com\/web\/direct-files\/attachments\/50717056\/b6376154-eafd-428a-b8b1-71c53a030585\/ECruz-WhatsApp-Audio-2026-04-28-at-09.20.35.txt\"><\/a><\/p>\n\n\n\n<p>Lo que aqu\u00ed est\u00e1 en juego no es una simple reforma de movilidad, ni un ajuste t\u00e9cnico de horarios y frecuencias. Es un caso de manual sobre c\u00f3mo se empaquetan grandes operaciones inmobiliarias bajo la etiqueta amable de \u201cprogreso c\u00edvico\u201d, c\u00f3mo se disfraza una beta de oro de urbanismo de vanguardia y c\u00f3mo una capital de provincia se reorganiza a costa de amputar, literalmente, el territorio que la rodea.<a rel=\"noreferrer noopener\" target=\"_blank\" href=\"https:\/\/ppl-ai-file-upload.s3.amazonaws.com\/web\/direct-files\/attachments\/50717056\/b6376154-eafd-428a-b8b1-71c53a030585\/ECruz-WhatsApp-Audio-2026-04-28-at-09.20.35.txt\"><\/a><\/p>\n\n\n\n<h4 class=\"wp-block-heading\" id=\"20-hectreas-en-el-centro-de-cicatriz-a-filn\">20 hect\u00e1reas en el centro: de cicatriz a fil\u00f3n<\/h4>\n\n\n\n<p>Conviene empezar por el plano. Cuenca no es una ciudad cualquiera: est\u00e1 marcada f\u00edsicamente por las hoces del J\u00facar y del Hu\u00e9car, con un casco hist\u00f3rico encaramado en lo alto y una ciudad moderna extendi\u00e9ndose por el llano. Justo en ese llano, en la zona natural de expansi\u00f3n, se plant\u00f3 hace d\u00e9cadas la infraestructura ferroviaria convencional: la estaci\u00f3n y sus accesos ocupan m\u00e1s de 20 hect\u00e1reas en pleno centro.<a rel=\"noreferrer noopener\" target=\"_blank\" href=\"https:\/\/ppl-ai-file-upload.s3.amazonaws.com\/web\/direct-files\/attachments\/50717056\/b6376154-eafd-428a-b8b1-71c53a030585\/ECruz-WhatsApp-Audio-2026-04-28-at-09.20.35.txt\"><\/a><\/p>\n\n\n\n<p>Durante a\u00f1os, esas v\u00edas han actuado como un muro interior, una frontera f\u00edsica que ha condicionado por d\u00f3nde se camina, por d\u00f3nde circula el coche y c\u00f3mo se despliegan los servicios p\u00fablicos. Ese \u201cmuro de hierro\u201d es, precisamente, el objetivo del llamado Plan XCuenca, un convenio a tres bandas entre Ayuntamiento, Junta de Comunidades y Adif que se vende como la gran oportunidad para \u201ccoser la ciudad\u201d.<a rel=\"noreferrer noopener\" target=\"_blank\" href=\"https:\/\/ppl-ai-file-upload.s3.amazonaws.com\/web\/direct-files\/attachments\/50717056\/b6376154-eafd-428a-b8b1-71c53a030585\/ECruz-WhatsApp-Audio-2026-04-28-at-09.20.35.txt\"><\/a><\/p>\n\n\n\n<p>Sobre el papel, la intervenci\u00f3n suena impecable: bulevares, zonas verdes, dotaciones deportivas, integraci\u00f3n de barrios. Pero el coraz\u00f3n econ\u00f3mico de la operaci\u00f3n no est\u00e1 en el arbolado, sino en la recalificaci\u00f3n. Cuando se eliminan 20 hect\u00e1reas de franja ferroviaria en pleno coraz\u00f3n urbano, no solo se libera suelo: se dispara el valor de todo el entorno, lo que antes era trasera industrial junto a unos talleres ruidosos se transforma en primera l\u00ednea ante un bulevar \u201cmoderno\u201d.<a rel=\"noreferrer noopener\" target=\"_blank\" href=\"https:\/\/ppl-ai-file-upload.s3.amazonaws.com\/web\/direct-files\/attachments\/50717056\/b6376154-eafd-428a-b8b1-71c53a030585\/ECruz-WhatsApp-Audio-2026-04-28-at-09.20.35.txt\"><\/a><\/p>\n\n\n\n<p>Las plataformas ciudadanas, como \u201cPueblo en Vilo\u201d o la Agrupaci\u00f3n en Defensa del Ferrocarril, ponen nombres y apellidos a qui\u00e9n se beneficia de esa onda expansiva: se\u00f1alan a la patronal local, con dirigentes estrechamente vinculados al sector inmobiliario, como principal defensor del plan. No es casual; para el promotor, XCuenca no es una reforma urbana, es la oportunidad de oro de varias generaciones.<a rel=\"noreferrer noopener\" target=\"_blank\" href=\"https:\/\/ppl-ai-file-upload.s3.amazonaws.com\/web\/direct-files\/attachments\/50717056\/b6376154-eafd-428a-b8b1-71c53a030585\/ECruz-WhatsApp-Audio-2026-04-28-at-09.20.35.txt\"><\/a><\/p>\n\n\n\n<h4 class=\"wp-block-heading\" id=\"madridcuencavalencia-cuando-cortar-tres-kilmetros\">Madrid\u2013Cuenca\u2013Valencia: cuando cortar tres kil\u00f3metros mata una l\u00ednea entera<\/h4>\n\n\n\n<p>Durante a\u00f1os, la l\u00ednea convencional Madrid\u2013Aranjuez\u2013Cuenca\u2013Utiel\u2013Valencia ha sido mucho m\u00e1s que un trazado en un mapa. Era la columna vertebral que cos\u00eda la provincia con la capital del Estado por un lado y con el Mediterr\u00e1neo por otro. Sin embargo, la operaci\u00f3n se ha planteado como si levantar unos pocos kil\u00f3metros de v\u00eda en el entorno urbano de Cuenca fuera una cuesti\u00f3n puramente local, casi est\u00e9tica.<a rel=\"noreferrer noopener\" target=\"_blank\" href=\"https:\/\/ppl-ai-file-upload.s3.amazonaws.com\/web\/direct-files\/attachments\/50717056\/b6376154-eafd-428a-b8b1-71c53a030585\/ECruz-WhatsApp-Audio-2026-04-28-at-09.20.35.txt\"><\/a><\/p>\n\n\n\n<p>La f\u00edsica de las infraestructuras es bastante menos ingenua. Una red ferroviaria es un sistema continuo o no es nada: si cortas el cable por la mitad, el cable entero deja de funcionar. Si construyes edificios sobre la traza a la altura de Cuenca, no est\u00e1s solo \u201ctransformando una zona degradada\u201d: est\u00e1s certificando la defunci\u00f3n de la l\u00ednea Madrid\u2013Cuenca\u2013Valencia en su conjunto.<a rel=\"noreferrer noopener\" target=\"_blank\" href=\"https:\/\/ppl-ai-file-upload.s3.amazonaws.com\/web\/direct-files\/attachments\/50717056\/b6376154-eafd-428a-b8b1-71c53a030585\/ECruz-WhatsApp-Audio-2026-04-28-at-09.20.35.txt\"><\/a><\/p>\n\n\n\n<p>Los trenes no vuelan sobre los nuevos pisos ni sortean rotondas como si nada. Por eso las plataformas hablan de la \u201cirreversibilidad del hormig\u00f3n\u201d: una ruta de autob\u00fas se corrige con una orden, pero una v\u00eda sepultada bajo cinco plantas de ladrillo desaparece para siempre. Y con ella desaparece la posibilidad, siquiera futura, de reimaginar un ferrocarril vertebrador, modernizado y electrificado, que conecte Madrid con el Levante pasando por una Cuenca que no sea simple estaci\u00f3n fantasma del AVE.<a rel=\"noreferrer noopener\" target=\"_blank\" href=\"https:\/\/ppl-ai-file-upload.s3.amazonaws.com\/web\/direct-files\/attachments\/50717056\/b6376154-eafd-428a-b8b1-71c53a030585\/ECruz-WhatsApp-Audio-2026-04-28-at-09.20.35.txt\"><\/a><\/p>\n\n\n\n<h4 class=\"wp-block-heading\" id=\"el-truco-del-tren-del-futuro-y-la-nostalgia-como-a\">El truco del \u201ctren del futuro\u201d y la nostalgia como arma<\/h4>\n\n\n\n<p>Para justificar este levantamiento, la patronal y las instituciones han desplegado una estrategia ret\u00f3rica que merece ser estudiada en las facultades de sociolog\u00eda pol\u00edtica. El objetivo: convertir el tren convencional Madrid\u2013Cuenca\u2013Valencia en sin\u00f3nimo de ruina, anacronismo y lastre para la inversi\u00f3n.<a rel=\"noreferrer noopener\" target=\"_blank\" href=\"https:\/\/ppl-ai-file-upload.s3.amazonaws.com\/web\/direct-files\/attachments\/50717056\/b6376154-eafd-428a-b8b1-71c53a030585\/ECruz-WhatsApp-Audio-2026-04-28-at-09.20.35.txt\"><\/a><\/p>\n\n\n\n<p>La existencia de la estaci\u00f3n de alta velocidad, perdida en las afueras, ha servido como palanca argumental perfecta. Frente al AVE flamante, se caricaturiza el tren cl\u00e1sico como lento, oxidado, deficitario. El mensaje es claro: lo viejo debe ser extirpado para que la modernidad y las gr\u00faas puedan fluir.<a rel=\"noreferrer noopener\" target=\"_blank\" href=\"https:\/\/ppl-ai-file-upload.s3.amazonaws.com\/web\/direct-files\/attachments\/50717056\/b6376154-eafd-428a-b8b1-71c53a030585\/ECruz-WhatsApp-Audio-2026-04-28-at-09.20.35.txt\"><\/a><\/p>\n\n\n\n<p>La frase talism\u00e1n lo condensa todo: \u201cCuenca no puede perder el tren del futuro\u201d. El truco es tan brillante como c\u00ednico: se utiliza una met\u00e1fora ferroviaria \u2013subirse al tren\u2013 para justificar la demolici\u00f3n f\u00edsica, con excavadoras, de un tren real. Y se completa la jugada apropi\u00e1ndose de la palabra \u201cprogreso\u201d: quien se opone no es un ciudadano que defiende un servicio p\u00fablico, es un nost\u00e1lgico, un rom\u00e1ntico irracional que a\u00f1ora el humo de la m\u00e1quina.<a rel=\"noreferrer noopener\" target=\"_blank\" href=\"https:\/\/ppl-ai-file-upload.s3.amazonaws.com\/web\/direct-files\/attachments\/50717056\/b6376154-eafd-428a-b8b1-71c53a030585\/ECruz-WhatsApp-Audio-2026-04-28-at-09.20.35.txt\"><\/a><\/p>\n\n\n\n<p>Las plataformas han intentado responder con datos: la l\u00ednea, sostienen, no es obsoleta por naturaleza, sino por abandono deliberado; la verdadera modernizaci\u00f3n pasar\u00eda por electrificarla y mejorar frecuencias. Pero el debate t\u00e9cnico queda neutralizado de ra\u00edz cuando se rebaja a sus defensores al rango de sentimentalismo. \u201cNostalgia\u201d funciona aqu\u00ed como etiqueta descalificadora que inutiliza cualquier argumento de cohesi\u00f3n social antes de que llegue siquiera al espacio p\u00fablico.<a rel=\"noreferrer noopener\" target=\"_blank\" href=\"https:\/\/ppl-ai-file-upload.s3.amazonaws.com\/web\/direct-files\/attachments\/50717056\/b6376154-eafd-428a-b8b1-71c53a030585\/ECruz-WhatsApp-Audio-2026-04-28-at-09.20.35.txt\"><\/a><\/p>\n\n\n\n<h4 class=\"wp-block-heading\" id=\"un-convenio-frgil-blindado-con-miedo\">Un convenio fr\u00e1gil blindado con miedo<\/h4>\n\n\n\n<p>El Plan XCuenca no habr\u00eda pasado de la carpeta a la pala sin una alineaci\u00f3n pol\u00edtica muy espec\u00edfica: Gobierno central, Junta de Castilla-La Mancha y Ayuntamiento remando bajo las mismas siglas en el momento de la firma. Esa \u201ctormenta perfecta\u201d administrativa permiti\u00f3 aceitar un convenio a tres bandas que, de otro modo, habr\u00eda encontrado m\u00e1s fricci\u00f3n institucional.<a rel=\"noreferrer noopener\" target=\"_blank\" href=\"https:\/\/ppl-ai-file-upload.s3.amazonaws.com\/web\/direct-files\/attachments\/50717056\/b6376154-eafd-428a-b8b1-71c53a030585\/ECruz-WhatsApp-Audio-2026-04-28-at-09.20.35.txt\"><\/a><\/p>\n\n\n\n<p>Pero esa foto es, por definici\u00f3n, inestable. Cada ciclo electoral introduce el riesgo de que alguna de las tres patas \u2013Ayuntamiento, Junta o Estado\u2013 cambie de manos y decida salir del acuerdo. No es casualidad que fuerzas de distinto signo hayan hecho bandera de la promesa de recuperar la l\u00ednea Madrid\u2013Cuenca\u2013Valencia si llegan a gobernar.<a rel=\"noreferrer noopener\" target=\"_blank\" href=\"https:\/\/ppl-ai-file-upload.s3.amazonaws.com\/web\/direct-files\/attachments\/50717056\/b6376154-eafd-428a-b8b1-71c53a030585\/ECruz-WhatsApp-Audio-2026-04-28-at-09.20.35.txt\"><\/a><\/p>\n\n\n\n<p>Para los promotores, ese escenario es inasumible: una sola administraci\u00f3n que se descuelgue y el pr\u00e9stamo sindicado salta por los aires, los fondos europeos se congelan, la cesi\u00f3n de terrenos se paraliza. Ah\u00ed entra la patronal como aut\u00e9ntico garante del proyecto: un lobby que no se presenta a las elecciones, pero que se arroga la funci\u00f3n de marcar l\u00edneas rojas a los partidos.<a rel=\"noreferrer noopener\" target=\"_blank\" href=\"https:\/\/ppl-ai-file-upload.s3.amazonaws.com\/web\/direct-files\/attachments\/50717056\/b6376154-eafd-428a-b8b1-71c53a030585\/ECruz-WhatsApp-Audio-2026-04-28-at-09.20.35.txt\"><\/a><\/p>\n\n\n\n<p>Cada vez que alguien insin\u00faa revertir XCuenca y rescatar el tren, la palabra que inunda la agenda medi\u00e1tica es \u201cinviable\u201d. Inviable jur\u00eddica, t\u00e9cnica, financieramente. Es el modo de imponer el reloj del dinero (d\u00e9cadas) sobre el reloj de la democracia (cuatro a\u00f1os), trasladando a los responsables p\u00fablicos un aviso muy n\u00edtido: \u201cSi toc\u00e1is este convenio, ser\u00e9is los culpables de paralizar la econom\u00eda de la ciudad\u201d.<a rel=\"noreferrer noopener\" target=\"_blank\" href=\"https:\/\/ppl-ai-file-upload.s3.amazonaws.com\/web\/direct-files\/attachments\/50717056\/b6376154-eafd-428a-b8b1-71c53a030585\/ECruz-WhatsApp-Audio-2026-04-28-at-09.20.35.txt\"><\/a><\/p>\n\n\n\n<h4 class=\"wp-block-heading\" id=\"la-ciudad-dual-una-capital-que-brilla-mientras-la\">La ciudad dual: una capital que brilla mientras la provincia se apaga<\/h4>\n\n\n\n<p>Todo esto podr\u00eda parecer, visto desde Madrid o Valencia, un problema estrictamente urbano de Cuenca, casi un asunto de dise\u00f1o de ciudad. Pero cuando la capital decide quitarse de encima las v\u00edas, lo que est\u00e1 haciendo, en la pr\u00e1ctica, es seccionar la arteria principal que conectaba decenas de pueblos con el resto del pa\u00eds.<a rel=\"noreferrer noopener\" target=\"_blank\" href=\"https:\/\/ppl-ai-file-upload.s3.amazonaws.com\/web\/direct-files\/attachments\/50717056\/b6376154-eafd-428a-b8b1-71c53a030585\/ECruz-WhatsApp-Audio-2026-04-28-at-09.20.35.txt\"><\/a><\/p>\n\n\n\n<p>Los textos cr\u00edticos hablan de \u201cciudad dual\u201d. La capital se queda con la inversi\u00f3n masiva, los nuevos parques, la recalificaci\u00f3n multimillonaria del suelo; la provincia se queda con un servicio de autob\u00fas \u201ca demanda\u201d como \u00fanico sustituto del tren perdido. Sobre el papel excel de un t\u00e9cnico de transporte, el autob\u00fas parece imbatible: m\u00e1s barato de mantener, m\u00e1s flexible, capaz de entrar hasta la misma plaza.<a rel=\"noreferrer noopener\" target=\"_blank\" href=\"https:\/\/ppl-ai-file-upload.s3.amazonaws.com\/web\/direct-files\/attachments\/50717056\/b6376154-eafd-428a-b8b1-71c53a030585\/ECruz-WhatsApp-Audio-2026-04-28-at-09.20.35.txt\"><\/a><\/p>\n\n\n\n<p>Sin embargo, para el mundo rural la diferencia entre hierro y caucho no es un matiz menor, sino la frontera entre compromiso estable y precariedad. Un tren requiere ra\u00edles, catenarias, se\u00f1alizaci\u00f3n, estaciones de hormig\u00f3n: es la forma que tiene el Estado de decirle a un territorio \u201cseguiremos aqu\u00ed dentro de medio siglo\u201d. El autob\u00fas, por el contrario, descansa en una concesi\u00f3n que se puede recortar o eliminar con una simple firma, alegando baja demanda.<a rel=\"noreferrer noopener\" target=\"_blank\" href=\"https:\/\/ppl-ai-file-upload.s3.amazonaws.com\/web\/direct-files\/attachments\/50717056\/b6376154-eafd-428a-b8b1-71c53a030585\/ECruz-WhatsApp-Audio-2026-04-28-at-09.20.35.txt\"><\/a><\/p>\n\n\n\n<p>Por eso, muchas plataformas ven la sustituci\u00f3n de Madrid\u2013Cuenca\u2013Valencia por un rosario de l\u00edneas de autob\u00fas no como una modernizaci\u00f3n, sino como la primera fase del desmantelamiento general de servicios p\u00fablicos. Interpretan el Plan XCuenca como una macrooperaci\u00f3n donde la rentabilidad del metro cuadrado en el centro se paga con la desconexi\u00f3n f\u00edsica, y simb\u00f3lica, de la periferia.<a rel=\"noreferrer noopener\" target=\"_blank\" href=\"https:\/\/ppl-ai-file-upload.s3.amazonaws.com\/web\/direct-files\/attachments\/50717056\/b6376154-eafd-428a-b8b1-71c53a030585\/ECruz-WhatsApp-Audio-2026-04-28-at-09.20.35.txt\"><\/a><\/p>\n\n\n\n<h4 class=\"wp-block-heading\" id=\"qu-provincia-queda-cuando-se-borra-la-cicatriz\">\u00bfQu\u00e9 provincia queda cuando se borra la cicatriz?<\/h4>\n\n\n\n<p>Al final, la destrucci\u00f3n de la l\u00ednea Madrid\u2013Cuenca\u2013Valencia no es un expediente t\u00e9cnico; es la expresi\u00f3n material de una guerra de modelos de sociedad. De un lado, la l\u00f3gica arrolladora del desarrollo urban\u00edstico, liderada por un lobby empresarial que ve en esas 20 hect\u00e1reas una mina inmobiliaria y se blinda con el discurso del progreso. Del otro, la resistencia de un mundo rural que se aferra a sus infraestructuras permanentes porque intuye que, cuando se arranca el hierro, se arranca tambi\u00e9n una forma de pertenencia.<a rel=\"noreferrer noopener\" target=\"_blank\" href=\"https:\/\/ppl-ai-file-upload.s3.amazonaws.com\/web\/direct-files\/attachments\/50717056\/b6376154-eafd-428a-b8b1-71c53a030585\/ECruz-WhatsApp-Audio-2026-04-28-at-09.20.35.txt\"><\/a><\/p>\n\n\n\n<p>La pregunta de fondo es inc\u00f3moda y no cabe en una nota de prensa: si, en nombre de la eficiencia y del urbanismo de revista, aceptamos desconectar f\u00edsicamente a los pueblos de su capital, \u00bfqu\u00e9 ocurre con el v\u00ednculo invisible que manten\u00eda unida a la provincia? Cuando las viejas cicatrices de hierro que un\u00edan Madrid, Cuenca y Valencia desaparezcan bajo edificios nuevos, \u00bfrecordaremos a\u00fan que, sobre aquellos ra\u00edles, tambi\u00e9n viajaba la idea de un destino compartido?<a rel=\"noreferrer noopener\" target=\"_blank\" href=\"https:\/\/ppl-ai-file-upload.s3.amazonaws.com\/web\/direct-files\/attachments\/50717056\/b6376154-eafd-428a-b8b1-71c53a030585\/ECruz-WhatsApp-Audio-2026-04-28-at-09.20.35.txt\"><\/a><\/p>\n\n\n\n<p>El tren del futuro, al parecer, no admite plazas para todos.<\/p>\n","protected":false},"excerpt":{"rendered":"<p>Cuenca, beta de oro y provincia amputada: el peaje oculto de levantar Madrid\u2013Cuenca\u2013Valencia del mapa Imaginemos por un momento la escena: se destruye la \u00fanica l\u00ednea de tren convencional que atraviesa una ciudad y, acto seguido, los representantes institucionales salen a proclamar muy serios que lo hacen \u201cpara que la ciudad no pierda el tren&#8230;<\/p>\n","protected":false},"author":2,"featured_media":0,"comment_status":"open","ping_status":"open","sticky":false,"template":"","format":"standard","meta":{"rop_custom_images_group":[],"rop_custom_messages_group":[],"rop_publish_now":"yes","rop_publish_now_accounts":[],"rop_publish_now_history":[],"rop_publish_now_status":"pending","footnotes":""},"categories":[2,39,10,14,6,15,16,8,17,9],"tags":[],"class_list":["post-8076","post","type-post","status-publish","format-standard","hentry","category-actualidad","category-administraciones","category-comunicacion","category-economia","category-historia","category-pensamiento-politico","category-politica","category-sociedad","category-urbanismo-y-arquitectura","category-viajes"],"yoast_head":"<!-- This site is optimized with the Yoast SEO plugin v27.4 - https:\/\/yoast.com\/product\/yoast-seo-wordpress\/ -->\n<title>El tren del futuro pasa por encima de Cuenca (por Juan Andr\u00e9s Buedo) - La Vanguardia de Cuenca<\/title>\n<meta name=\"robots\" content=\"index, follow, max-snippet:-1, max-image-preview:large, max-video-preview:-1\" \/>\n<link rel=\"canonical\" href=\"https:\/\/lavanguardiadecuenca.es\/?p=8076\" \/>\n<meta property=\"og:locale\" content=\"es_ES\" \/>\n<meta property=\"og:type\" content=\"article\" \/>\n<meta property=\"og:title\" content=\"El tren del futuro pasa por encima de Cuenca (por Juan Andr\u00e9s Buedo) - La Vanguardia de Cuenca\" \/>\n<meta property=\"og:description\" content=\"Cuenca, beta de oro y provincia amputada: el peaje oculto de levantar Madrid\u2013Cuenca\u2013Valencia del mapa Imaginemos por un momento la escena: se destruye la \u00fanica l\u00ednea de tren convencional que atraviesa una ciudad y, acto seguido, los representantes institucionales salen a proclamar muy serios que lo hacen \u201cpara que la ciudad no pierda el tren...\" \/>\n<meta property=\"og:url\" content=\"https:\/\/lavanguardiadecuenca.es\/?p=8076\" \/>\n<meta property=\"og:site_name\" content=\"La Vanguardia de Cuenca\" \/>\n<meta property=\"article:published_time\" content=\"2026-04-28T11:40:26+00:00\" \/>\n<meta property=\"article:modified_time\" content=\"2026-04-28T11:40:27+00:00\" \/>\n<meta property=\"og:image\" content=\"https:\/\/lavanguardiadecuenca.es\/wp-content\/uploads\/2026\/04\/Tren-de-futuro-pasa-de-Cuenca.jpg\" \/>\n\t<meta property=\"og:image:width\" content=\"1139\" \/>\n\t<meta property=\"og:image:height\" content=\"640\" \/>\n\t<meta property=\"og:image:type\" content=\"image\/jpeg\" \/>\n<meta name=\"author\" content=\"Juan Andr\u00e9s Buedo\" \/>\n<meta name=\"twitter:card\" content=\"summary_large_image\" \/>\n<meta name=\"twitter:label1\" content=\"Escrito por\" \/>\n\t<meta name=\"twitter:data1\" content=\"Juan Andr\u00e9s Buedo\" \/>\n\t<meta name=\"twitter:label2\" content=\"Tiempo de lectura\" \/>\n\t<meta name=\"twitter:data2\" content=\"8 minutos\" \/>\n<script type=\"application\/ld+json\" class=\"yoast-schema-graph\">{\"@context\":\"https:\\\/\\\/schema.org\",\"@graph\":[{\"@type\":\"Article\",\"@id\":\"https:\\\/\\\/lavanguardiadecuenca.es\\\/?p=8076#article\",\"isPartOf\":{\"@id\":\"https:\\\/\\\/lavanguardiadecuenca.es\\\/?p=8076\"},\"author\":{\"name\":\"Juan Andr\u00e9s Buedo\",\"@id\":\"https:\\\/\\\/lavanguardiadecuenca.es\\\/#\\\/schema\\\/person\\\/efd3b99fe10ec3fad96a88f3ae7d092f\"},\"headline\":\"El tren del futuro pasa por encima de Cuenca (por Juan Andr\u00e9s Buedo)\",\"datePublished\":\"2026-04-28T11:40:26+00:00\",\"dateModified\":\"2026-04-28T11:40:27+00:00\",\"mainEntityOfPage\":{\"@id\":\"https:\\\/\\\/lavanguardiadecuenca.es\\\/?p=8076\"},\"wordCount\":1781,\"commentCount\":0,\"publisher\":{\"@id\":\"https:\\\/\\\/lavanguardiadecuenca.es\\\/#\\\/schema\\\/person\\\/efd3b99fe10ec3fad96a88f3ae7d092f\"},\"image\":{\"@id\":\"https:\\\/\\\/lavanguardiadecuenca.es\\\/?p=8076#primaryimage\"},\"thumbnailUrl\":\"https:\\\/\\\/lavanguardiadecuenca.es\\\/wp-content\\\/uploads\\\/2026\\\/04\\\/Tren-de-futuro-pasa-de-Cuenca-1024x575.jpg\",\"articleSection\":[\"Actualidad\",\"Administraciones P\u00fablicas\",\"Comunicaci\u00f3n\",\"Econom\u00eda\",\"Historia\",\"Pensamiento pol\u00edtico\",\"Pol\u00edtica\",\"Sociedad\",\"Urbanismo y Arquitectura\",\"Viajes\"],\"inLanguage\":\"es\",\"potentialAction\":[{\"@type\":\"CommentAction\",\"name\":\"Comment\",\"target\":[\"https:\\\/\\\/lavanguardiadecuenca.es\\\/?p=8076#respond\"]}]},{\"@type\":\"WebPage\",\"@id\":\"https:\\\/\\\/lavanguardiadecuenca.es\\\/?p=8076\",\"url\":\"https:\\\/\\\/lavanguardiadecuenca.es\\\/?p=8076\",\"name\":\"El tren del futuro pasa por encima de Cuenca (por Juan Andr\u00e9s Buedo) - La Vanguardia de Cuenca\",\"isPartOf\":{\"@id\":\"https:\\\/\\\/lavanguardiadecuenca.es\\\/#website\"},\"primaryImageOfPage\":{\"@id\":\"https:\\\/\\\/lavanguardiadecuenca.es\\\/?p=8076#primaryimage\"},\"image\":{\"@id\":\"https:\\\/\\\/lavanguardiadecuenca.es\\\/?p=8076#primaryimage\"},\"thumbnailUrl\":\"https:\\\/\\\/lavanguardiadecuenca.es\\\/wp-content\\\/uploads\\\/2026\\\/04\\\/Tren-de-futuro-pasa-de-Cuenca-1024x575.jpg\",\"datePublished\":\"2026-04-28T11:40:26+00:00\",\"dateModified\":\"2026-04-28T11:40:27+00:00\",\"breadcrumb\":{\"@id\":\"https:\\\/\\\/lavanguardiadecuenca.es\\\/?p=8076#breadcrumb\"},\"inLanguage\":\"es\",\"potentialAction\":[{\"@type\":\"ReadAction\",\"target\":[\"https:\\\/\\\/lavanguardiadecuenca.es\\\/?p=8076\"]}]},{\"@type\":\"ImageObject\",\"inLanguage\":\"es\",\"@id\":\"https:\\\/\\\/lavanguardiadecuenca.es\\\/?p=8076#primaryimage\",\"url\":\"https:\\\/\\\/lavanguardiadecuenca.es\\\/wp-content\\\/uploads\\\/2026\\\/04\\\/Tren-de-futuro-pasa-de-Cuenca.jpg\",\"contentUrl\":\"https:\\\/\\\/lavanguardiadecuenca.es\\\/wp-content\\\/uploads\\\/2026\\\/04\\\/Tren-de-futuro-pasa-de-Cuenca.jpg\",\"width\":1139,\"height\":640},{\"@type\":\"BreadcrumbList\",\"@id\":\"https:\\\/\\\/lavanguardiadecuenca.es\\\/?p=8076#breadcrumb\",\"itemListElement\":[{\"@type\":\"ListItem\",\"position\":1,\"name\":\"Portada\",\"item\":\"https:\\\/\\\/lavanguardiadecuenca.es\\\/\"},{\"@type\":\"ListItem\",\"position\":2,\"name\":\"El tren del futuro pasa por encima de Cuenca (por Juan Andr\u00e9s Buedo)\"}]},{\"@type\":\"WebSite\",\"@id\":\"https:\\\/\\\/lavanguardiadecuenca.es\\\/#website\",\"url\":\"https:\\\/\\\/lavanguardiadecuenca.es\\\/\",\"name\":\"La Vanguardia de Cuenca\",\"description\":\"Intereses: comunicaci\u00f3n y actualidad en general, weblogs, sociedad, pol\u00edtica\",\"publisher\":{\"@id\":\"https:\\\/\\\/lavanguardiadecuenca.es\\\/#\\\/schema\\\/person\\\/efd3b99fe10ec3fad96a88f3ae7d092f\"},\"potentialAction\":[{\"@type\":\"SearchAction\",\"target\":{\"@type\":\"EntryPoint\",\"urlTemplate\":\"https:\\\/\\\/lavanguardiadecuenca.es\\\/?s={search_term_string}\"},\"query-input\":{\"@type\":\"PropertyValueSpecification\",\"valueRequired\":true,\"valueName\":\"search_term_string\"}}],\"inLanguage\":\"es\"},{\"@type\":[\"Person\",\"Organization\"],\"@id\":\"https:\\\/\\\/lavanguardiadecuenca.es\\\/#\\\/schema\\\/person\\\/efd3b99fe10ec3fad96a88f3ae7d092f\",\"name\":\"Juan Andr\u00e9s Buedo\",\"image\":{\"@type\":\"ImageObject\",\"inLanguage\":\"es\",\"@id\":\"https:\\\/\\\/lavanguardiadecuenca.es\\\/wp-content\\\/uploads\\\/2025\\\/09\\\/6a00d8341c734753ef0278801a3634200d-250si.jpg\",\"url\":\"https:\\\/\\\/lavanguardiadecuenca.es\\\/wp-content\\\/uploads\\\/2025\\\/09\\\/6a00d8341c734753ef0278801a3634200d-250si.jpg\",\"contentUrl\":\"https:\\\/\\\/lavanguardiadecuenca.es\\\/wp-content\\\/uploads\\\/2025\\\/09\\\/6a00d8341c734753ef0278801a3634200d-250si.jpg\",\"width\":250,\"height\":250,\"caption\":\"Juan Andr\u00e9s Buedo\"},\"logo\":{\"@id\":\"https:\\\/\\\/lavanguardiadecuenca.es\\\/wp-content\\\/uploads\\\/2025\\\/09\\\/6a00d8341c734753ef0278801a3634200d-250si.jpg\"},\"sameAs\":[\"https:\\\/\\\/lavanguardiadecuenca.es\\\/\"],\"url\":\"https:\\\/\\\/lavanguardiadecuenca.es\\\/?author=2\"}]}<\/script>\n<!-- \/ Yoast SEO plugin. -->","yoast_head_json":{"title":"El tren del futuro pasa por encima de Cuenca (por Juan Andr\u00e9s Buedo) - La Vanguardia de Cuenca","robots":{"index":"index","follow":"follow","max-snippet":"max-snippet:-1","max-image-preview":"max-image-preview:large","max-video-preview":"max-video-preview:-1"},"canonical":"https:\/\/lavanguardiadecuenca.es\/?p=8076","og_locale":"es_ES","og_type":"article","og_title":"El tren del futuro pasa por encima de Cuenca (por Juan Andr\u00e9s Buedo) - La Vanguardia de Cuenca","og_description":"Cuenca, beta de oro y provincia amputada: el peaje oculto de levantar Madrid\u2013Cuenca\u2013Valencia del mapa Imaginemos por un momento la escena: se destruye la \u00fanica l\u00ednea de tren convencional que atraviesa una ciudad y, acto seguido, los representantes institucionales salen a proclamar muy serios que lo hacen \u201cpara que la ciudad no pierda el tren...","og_url":"https:\/\/lavanguardiadecuenca.es\/?p=8076","og_site_name":"La Vanguardia de Cuenca","article_published_time":"2026-04-28T11:40:26+00:00","article_modified_time":"2026-04-28T11:40:27+00:00","og_image":[{"width":1139,"height":640,"url":"https:\/\/lavanguardiadecuenca.es\/wp-content\/uploads\/2026\/04\/Tren-de-futuro-pasa-de-Cuenca.jpg","type":"image\/jpeg"}],"author":"Juan Andr\u00e9s Buedo","twitter_card":"summary_large_image","twitter_misc":{"Escrito por":"Juan Andr\u00e9s Buedo","Tiempo de lectura":"8 minutos"},"schema":{"@context":"https:\/\/schema.org","@graph":[{"@type":"Article","@id":"https:\/\/lavanguardiadecuenca.es\/?p=8076#article","isPartOf":{"@id":"https:\/\/lavanguardiadecuenca.es\/?p=8076"},"author":{"name":"Juan Andr\u00e9s Buedo","@id":"https:\/\/lavanguardiadecuenca.es\/#\/schema\/person\/efd3b99fe10ec3fad96a88f3ae7d092f"},"headline":"El tren del futuro pasa por encima de Cuenca (por Juan Andr\u00e9s Buedo)","datePublished":"2026-04-28T11:40:26+00:00","dateModified":"2026-04-28T11:40:27+00:00","mainEntityOfPage":{"@id":"https:\/\/lavanguardiadecuenca.es\/?p=8076"},"wordCount":1781,"commentCount":0,"publisher":{"@id":"https:\/\/lavanguardiadecuenca.es\/#\/schema\/person\/efd3b99fe10ec3fad96a88f3ae7d092f"},"image":{"@id":"https:\/\/lavanguardiadecuenca.es\/?p=8076#primaryimage"},"thumbnailUrl":"https:\/\/lavanguardiadecuenca.es\/wp-content\/uploads\/2026\/04\/Tren-de-futuro-pasa-de-Cuenca-1024x575.jpg","articleSection":["Actualidad","Administraciones P\u00fablicas","Comunicaci\u00f3n","Econom\u00eda","Historia","Pensamiento pol\u00edtico","Pol\u00edtica","Sociedad","Urbanismo y Arquitectura","Viajes"],"inLanguage":"es","potentialAction":[{"@type":"CommentAction","name":"Comment","target":["https:\/\/lavanguardiadecuenca.es\/?p=8076#respond"]}]},{"@type":"WebPage","@id":"https:\/\/lavanguardiadecuenca.es\/?p=8076","url":"https:\/\/lavanguardiadecuenca.es\/?p=8076","name":"El tren del futuro pasa por encima de Cuenca (por Juan Andr\u00e9s Buedo) - La Vanguardia de Cuenca","isPartOf":{"@id":"https:\/\/lavanguardiadecuenca.es\/#website"},"primaryImageOfPage":{"@id":"https:\/\/lavanguardiadecuenca.es\/?p=8076#primaryimage"},"image":{"@id":"https:\/\/lavanguardiadecuenca.es\/?p=8076#primaryimage"},"thumbnailUrl":"https:\/\/lavanguardiadecuenca.es\/wp-content\/uploads\/2026\/04\/Tren-de-futuro-pasa-de-Cuenca-1024x575.jpg","datePublished":"2026-04-28T11:40:26+00:00","dateModified":"2026-04-28T11:40:27+00:00","breadcrumb":{"@id":"https:\/\/lavanguardiadecuenca.es\/?p=8076#breadcrumb"},"inLanguage":"es","potentialAction":[{"@type":"ReadAction","target":["https:\/\/lavanguardiadecuenca.es\/?p=8076"]}]},{"@type":"ImageObject","inLanguage":"es","@id":"https:\/\/lavanguardiadecuenca.es\/?p=8076#primaryimage","url":"https:\/\/lavanguardiadecuenca.es\/wp-content\/uploads\/2026\/04\/Tren-de-futuro-pasa-de-Cuenca.jpg","contentUrl":"https:\/\/lavanguardiadecuenca.es\/wp-content\/uploads\/2026\/04\/Tren-de-futuro-pasa-de-Cuenca.jpg","width":1139,"height":640},{"@type":"BreadcrumbList","@id":"https:\/\/lavanguardiadecuenca.es\/?p=8076#breadcrumb","itemListElement":[{"@type":"ListItem","position":1,"name":"Portada","item":"https:\/\/lavanguardiadecuenca.es\/"},{"@type":"ListItem","position":2,"name":"El tren del futuro pasa por encima de Cuenca (por Juan Andr\u00e9s Buedo)"}]},{"@type":"WebSite","@id":"https:\/\/lavanguardiadecuenca.es\/#website","url":"https:\/\/lavanguardiadecuenca.es\/","name":"La Vanguardia de Cuenca","description":"Intereses: comunicaci\u00f3n y actualidad en general, weblogs, sociedad, pol\u00edtica","publisher":{"@id":"https:\/\/lavanguardiadecuenca.es\/#\/schema\/person\/efd3b99fe10ec3fad96a88f3ae7d092f"},"potentialAction":[{"@type":"SearchAction","target":{"@type":"EntryPoint","urlTemplate":"https:\/\/lavanguardiadecuenca.es\/?s={search_term_string}"},"query-input":{"@type":"PropertyValueSpecification","valueRequired":true,"valueName":"search_term_string"}}],"inLanguage":"es"},{"@type":["Person","Organization"],"@id":"https:\/\/lavanguardiadecuenca.es\/#\/schema\/person\/efd3b99fe10ec3fad96a88f3ae7d092f","name":"Juan Andr\u00e9s Buedo","image":{"@type":"ImageObject","inLanguage":"es","@id":"https:\/\/lavanguardiadecuenca.es\/wp-content\/uploads\/2025\/09\/6a00d8341c734753ef0278801a3634200d-250si.jpg","url":"https:\/\/lavanguardiadecuenca.es\/wp-content\/uploads\/2025\/09\/6a00d8341c734753ef0278801a3634200d-250si.jpg","contentUrl":"https:\/\/lavanguardiadecuenca.es\/wp-content\/uploads\/2025\/09\/6a00d8341c734753ef0278801a3634200d-250si.jpg","width":250,"height":250,"caption":"Juan Andr\u00e9s Buedo"},"logo":{"@id":"https:\/\/lavanguardiadecuenca.es\/wp-content\/uploads\/2025\/09\/6a00d8341c734753ef0278801a3634200d-250si.jpg"},"sameAs":["https:\/\/lavanguardiadecuenca.es\/"],"url":"https:\/\/lavanguardiadecuenca.es\/?author=2"}]}},"_links":{"self":[{"href":"https:\/\/lavanguardiadecuenca.es\/index.php?rest_route=\/wp\/v2\/posts\/8076","targetHints":{"allow":["GET"]}}],"collection":[{"href":"https:\/\/lavanguardiadecuenca.es\/index.php?rest_route=\/wp\/v2\/posts"}],"about":[{"href":"https:\/\/lavanguardiadecuenca.es\/index.php?rest_route=\/wp\/v2\/types\/post"}],"author":[{"embeddable":true,"href":"https:\/\/lavanguardiadecuenca.es\/index.php?rest_route=\/wp\/v2\/users\/2"}],"replies":[{"embeddable":true,"href":"https:\/\/lavanguardiadecuenca.es\/index.php?rest_route=%2Fwp%2Fv2%2Fcomments&post=8076"}],"version-history":[{"count":1,"href":"https:\/\/lavanguardiadecuenca.es\/index.php?rest_route=\/wp\/v2\/posts\/8076\/revisions"}],"predecessor-version":[{"id":8078,"href":"https:\/\/lavanguardiadecuenca.es\/index.php?rest_route=\/wp\/v2\/posts\/8076\/revisions\/8078"}],"wp:attachment":[{"href":"https:\/\/lavanguardiadecuenca.es\/index.php?rest_route=%2Fwp%2Fv2%2Fmedia&parent=8076"}],"wp:term":[{"taxonomy":"category","embeddable":true,"href":"https:\/\/lavanguardiadecuenca.es\/index.php?rest_route=%2Fwp%2Fv2%2Fcategories&post=8076"},{"taxonomy":"post_tag","embeddable":true,"href":"https:\/\/lavanguardiadecuenca.es\/index.php?rest_route=%2Fwp%2Fv2%2Ftags&post=8076"}],"curies":[{"name":"wp","href":"https:\/\/api.w.org\/{rel}","templated":true}]}}