{"id":8072,"date":"2026-04-26T12:44:44","date_gmt":"2026-04-26T12:44:44","guid":{"rendered":"https:\/\/lavanguardiadecuenca.es\/?p=8072"},"modified":"2026-04-26T12:44:45","modified_gmt":"2026-04-26T12:44:45","slug":"impulso-de-una-politica-social-activa-para-el-repoblamiento-y-el-desarrollo-sostenible-del-medio-rural-conquense-por-juan-andres-buedo","status":"publish","type":"post","link":"https:\/\/lavanguardiadecuenca.es\/?p=8072","title":{"rendered":"Impulso de una pol\u00edtica social activa para el repoblamiento y el desarrollo sostenible del medio rural conquense (por Juan Andr\u00e9s Buedo)"},"content":{"rendered":"\n<figure class=\"wp-block-image size-large\"><img loading=\"lazy\" decoding=\"async\" width=\"1024\" height=\"683\" src=\"https:\/\/lavanguardiadecuenca.es\/wp-content\/uploads\/2026\/04\/Cuenca-2035-1024x683.jpg\" alt=\"\" class=\"wp-image-8073\" srcset=\"https:\/\/lavanguardiadecuenca.es\/wp-content\/uploads\/2026\/04\/Cuenca-2035-1024x683.jpg 1024w, https:\/\/lavanguardiadecuenca.es\/wp-content\/uploads\/2026\/04\/Cuenca-2035-300x200.jpg 300w, https:\/\/lavanguardiadecuenca.es\/wp-content\/uploads\/2026\/04\/Cuenca-2035-768x512.jpg 768w, https:\/\/lavanguardiadecuenca.es\/wp-content\/uploads\/2026\/04\/Cuenca-2035-850x567.jpg 850w, https:\/\/lavanguardiadecuenca.es\/wp-content\/uploads\/2026\/04\/Cuenca-2035.jpg 1228w\" sizes=\"auto, (max-width: 1024px) 100vw, 1024px\" \/><\/figure>\n\n\n\n<p>Durante demasiado tiempo, hablar de Cuenca ha significado repetir una colecci\u00f3n de frases hechas: provincia envejecida, pueblos vac\u00edos, falta de oportunidades, j\u00f3venes que se marchan, servicios dif\u00edciles de sostener. Todo ello contiene parte de verdad, pero tambi\u00e9n encierra una trampa peligrosa: convertir una realidad compleja en una sentencia definitiva, como si el destino de este territorio estuviera ya escrito y solo quedara resignarse.<a rel=\"noreferrer noopener\" target=\"_blank\" href=\"https:\/\/ppl-ai-file-upload.s3.amazonaws.com\/web\/direct-files\/attachments\/50717056\/ab977e82-3daa-4cd3-9c07-9612ccf21693\/Impulso-de-una-politica-social-activa-para-el-repoblamiento-y-el-desarrollo-sostenible-del-medio-rural-conquense_chatgpt.html\"><\/a><\/p>\n\n\n\n<p>La cuesti\u00f3n decisiva no es si Cuenca ha sufrido despoblaci\u00f3n, porque eso est\u00e1 fuera de discusi\u00f3n. La pregunta relevante es otra, mucho m\u00e1s inc\u00f3moda y a la vez m\u00e1s estimulante: \u00bfpuede una provincia del interior convertirse en referencia europea de desarrollo rural inteligente en pleno siglo XXI? Si se observan sus activos reales, la respuesta es s\u00ed, pero exige abandonar la comodidad del lamento para entrar en el terreno dif\u00edcil de las decisiones.<a rel=\"noreferrer noopener\" target=\"_blank\" href=\"https:\/\/ppl-ai-file-upload.s3.amazonaws.com\/web\/direct-files\/attachments\/50717056\/ab977e82-3daa-4cd3-9c07-9612ccf21693\/Impulso-de-una-politica-social-activa-para-el-repoblamiento-y-el-desarrollo-sostenible-del-medio-rural-conquense_chatgpt.html\"><\/a><\/p>\n\n\n\n<p>Cuenca dispone hoy de ventajas que hace apenas dos d\u00e9cadas parec\u00edan secundarias y que se han vuelto estrat\u00e9gicas: espacio disponible, vivienda potencialmente recuperable, costes muy inferiores a los de las grandes \u00e1reas metropolitanas, conectividad digital creciente, calidad ambiental, patrimonio natural y cultural, posici\u00f3n log\u00edstica entre Madrid y el Levante, y margen para atraer teletrabajo, industria ligera, turismo de calidad y nueva poblaci\u00f3n. En otras palabras: mientras las grandes ciudades sufren congesti\u00f3n, precios imposibles y p\u00e9rdida de calidad de vida, territorios como Cuenca pueden ofrecer justo lo contrario. Pero para aprovechar esa oportunidad hace falta liderazgo pol\u00edtico, coordinaci\u00f3n institucional y una agenda seria a diez a\u00f1os vista, no un cat\u00e1logo de ocurrencias cada legislatura.<a rel=\"noreferrer noopener\" target=\"_blank\" href=\"https:\/\/ppl-ai-file-upload.s3.amazonaws.com\/web\/direct-files\/attachments\/50717056\/ab977e82-3daa-4cd3-9c07-9612ccf21693\/Impulso-de-una-politica-social-activa-para-el-repoblamiento-y-el-desarrollo-sostenible-del-medio-rural-conquense_chatgpt.html\"><\/a><\/p>\n\n\n\n<h4 class=\"wp-block-heading\" id=\"del-problema-demogrfico-a-la-oportunidad-territori\">Del problema demogr\u00e1fico a la oportunidad territorial<\/h4>\n\n\n\n<p>La despoblaci\u00f3n no es solo un fen\u00f3meno demogr\u00e1fico que se mida en censos y pir\u00e1mides de edad. Es tambi\u00e9n un fen\u00f3meno econ\u00f3mico, cultural e institucional: cuando una comarca pierde habitantes, pierde consumo, tejido empresarial, asociaciones, masa cr\u00edtica y capacidad para defender sus servicios p\u00fablicos. Se entra as\u00ed en un c\u00edrculo vicioso en el que cada cierre de escuela, de consultorio o de peque\u00f1o comercio alimenta el siguiente.<a rel=\"noreferrer noopener\" target=\"_blank\" href=\"https:\/\/ppl-ai-file-upload.s3.amazonaws.com\/web\/direct-files\/attachments\/50717056\/ab977e82-3daa-4cd3-9c07-9612ccf21693\/Impulso-de-una-politica-social-activa-para-el-repoblamiento-y-el-desarrollo-sostenible-del-medio-rural-conquense_chatgpt.html\"><\/a><\/p>\n\n\n\n<p>Sin embargo, ese c\u00edrculo puede invertirse. Si llegan familias, si se rehabilita vivienda, si aparecen empresas y si se garantizan unos servicios b\u00e1sicos razonables, el territorio recupera atractivo y autoestima. Por eso la pol\u00edtica p\u00fablica no debe limitarse a gestionar el declive, sino que debe crear deliberadamente las condiciones de un nuevo ciclo de crecimiento, esta vez sostenible y arraigado. La verdadera pregunta pol\u00edtica es si estamos dispuestos a hacerlo o preferimos seguir administrando la decadencia con discursos sobre la \u201cEspa\u00f1a vaciada\u201d.<a rel=\"noreferrer noopener\" target=\"_blank\" href=\"https:\/\/ppl-ai-file-upload.s3.amazonaws.com\/web\/direct-files\/attachments\/50717056\/ab977e82-3daa-4cd3-9c07-9612ccf21693\/Impulso-de-una-politica-social-activa-para-el-repoblamiento-y-el-desarrollo-sostenible-del-medio-rural-conquense_chatgpt.html\"><\/a><\/p>\n\n\n\n<h4 class=\"wp-block-heading\" id=\"radiografa-breve-de-una-provincia-infravalorada\">Radiograf\u00eda breve de una provincia infravalorada<\/h4>\n\n\n\n<p>Una mirada honesta a la situaci\u00f3n ofrece luces y sombras. La poblaci\u00f3n sigue descendiendo en muchos municipios peque\u00f1os, con el consiguiente riesgo de cierre de servicios y de p\u00e9rdida de presencia institucional. La edad media se eleva, lo que implica mayor presi\u00f3n asistencial y una carga creciente para unos servicios sociales ya tensados. El empleo juvenil local es insuficiente y empuja a muchos a buscar fuera lo que no encuentran aqu\u00ed.<a rel=\"noreferrer noopener\" target=\"_blank\" href=\"https:\/\/ppl-ai-file-upload.s3.amazonaws.com\/web\/direct-files\/attachments\/50717056\/ab977e82-3daa-4cd3-9c07-9612ccf21693\/Impulso-de-una-politica-social-activa-para-el-repoblamiento-y-el-desarrollo-sostenible-del-medio-rural-conquense_chatgpt.html\"><\/a><\/p>\n\n\n\n<p>Pero junto a esas debilidades, hay fortalezas que rara vez salen en los titulares. La vivienda vac\u00eda o infrautilizada es elevada en muchas zonas rurales, y eso, bien gestionado, constituye una gran oportunidad de repoblaci\u00f3n y de acceso asequible a la vivienda. La conectividad digital mejora de manera gradual, creando la base para el teletrabajo y para actividades econ\u00f3micas que hace a\u00f1os eran impensables en un pueblo serrano. El potencial log\u00edstico de la provincia, encrucijada entre Madrid y el Levante, es alto y est\u00e1 infrautilizado como ventaja competitiva. La conclusi\u00f3n es clara: Cuenca tiene debilidades evidentes, pero tambi\u00e9n activos muy superiores a la imagen gris que a veces proyecta incluso hacia s\u00ed misma.<a rel=\"noreferrer noopener\" target=\"_blank\" href=\"https:\/\/ppl-ai-file-upload.s3.amazonaws.com\/web\/direct-files\/attachments\/50717056\/ab977e82-3daa-4cd3-9c07-9612ccf21693\/Impulso-de-una-politica-social-activa-para-el-repoblamiento-y-el-desarrollo-sostenible-del-medio-rural-conquense_chatgpt.html\"><\/a><\/p>\n\n\n\n<h4 class=\"wp-block-heading\" id=\"la-vivienda-donde-empieza-casi-todo\">La vivienda: donde empieza casi todo<\/h4>\n\n\n\n<p>En Espa\u00f1a se habla mucho de la crisis de acceso a la vivienda, pero casi siempre desde la \u00f3ptica de Madrid, Barcelona o Valencia, donde miles de j\u00f3venes destinan una parte desproporcionada de sus ingresos al alquiler. En ese contexto, la provincia de Cuenca dispone de una oportunidad singular: transformar vivienda cerrada, heredada o deteriorada en residencia habitual para nuevos pobladores y para j\u00f3venes que no quieren o no pueden seguir pagando precios abusivos en las grandes ciudades.<a rel=\"noreferrer noopener\" target=\"_blank\" href=\"https:\/\/ppl-ai-file-upload.s3.amazonaws.com\/web\/direct-files\/attachments\/50717056\/ab977e82-3daa-4cd3-9c07-9612ccf21693\/Impulso-de-una-politica-social-activa-para-el-repoblamiento-y-el-desarrollo-sostenible-del-medio-rural-conquense_chatgpt.html\"><\/a><\/p>\n\n\n\n<p>No se trata solo de construir m\u00e1s. En muchos municipios ya existe parque residencial suficiente, pero bloqueado por falta de reforma, tr\u00e1mites complejos, herencias sin resolver o ausencia de financiaci\u00f3n adaptada a rentas rurales. La respuesta pasa por una bater\u00eda de medidas razonables y perfectamente asumibles: un banco provincial de vivienda vac\u00eda con mediaci\u00f3n p\u00fablica, ayudas a la rehabilitaci\u00f3n energ\u00e9tica y a la accesibilidad, avales para j\u00f3venes compradores o arrendatarios, una oficina t\u00e9cnica que acompa\u00f1e la regularizaci\u00f3n urban\u00edstica y de sucesiones y programas de alquiler garantizado para trabajadores esenciales en el medio rural.<a rel=\"noreferrer noopener\" target=\"_blank\" href=\"https:\/\/ppl-ai-file-upload.s3.amazonaws.com\/web\/direct-files\/attachments\/50717056\/ab977e82-3daa-4cd3-9c07-9612ccf21693\/Impulso-de-una-politica-social-activa-para-el-repoblamiento-y-el-desarrollo-sostenible-del-medio-rural-conquense_chatgpt.html\"><\/a><\/p>\n\n\n\n<p>Cada vivienda recuperada no es solo una casa: es una familia potencial, consumo local, matr\u00edcula escolar y vida comunitaria. En un pueblo peque\u00f1o, que se encienda la luz en tres o cuatro casas cerradas no es un detalle menor: cambia el \u00e1nimo, sostiene la tienda, mantiene la escuela abierta y ofrece horizonte.<a rel=\"noreferrer noopener\" target=\"_blank\" href=\"https:\/\/ppl-ai-file-upload.s3.amazonaws.com\/web\/direct-files\/attachments\/50717056\/ab977e82-3daa-4cd3-9c07-9612ccf21693\/Impulso-de-una-politica-social-activa-para-el-repoblamiento-y-el-desarrollo-sostenible-del-medio-rural-conquense_chatgpt.html\"><\/a><\/p>\n\n\n\n<h4 class=\"wp-block-heading\" id=\"empleo-condicin-imprescindible-para-quedarse\">Empleo: condici\u00f3n imprescindible para quedarse<\/h4>\n\n\n\n<p>Nadie fija su vida en un territorio sin perspectivas laborales m\u00ednimamente estables. El empleo sigue siendo el factor central de cualquier estrategia de repoblamiento, y en Cuenca conviene abandonar cuanto antes la falsa dicotom\u00eda entre tradici\u00f3n y modernidad. La provincia puede y debe tener ambas, si sabe apoyarse en sus ra\u00edces para abrirse al mundo.<a rel=\"noreferrer noopener\" target=\"_blank\" href=\"https:\/\/ppl-ai-file-upload.s3.amazonaws.com\/web\/direct-files\/attachments\/50717056\/ab977e82-3daa-4cd3-9c07-9612ccf21693\/Impulso-de-una-politica-social-activa-para-el-repoblamiento-y-el-desarrollo-sostenible-del-medio-rural-conquense_chatgpt.html\"><\/a><\/p>\n\n\n\n<p>La econom\u00eda provincial puede crecer sobre al menos cinco pilares claros. El primero es la agroindustria de valor a\u00f1adido: no basta con producir materias primas, hay que transformar, etiquetar, exportar y construir una marca territorial reconocible. El segundo es la log\u00edstica interior: la posici\u00f3n entre Madrid y la fachada mediterr\u00e1nea, junto con suelo disponible y costes competitivos, puede atraer plataformas y actividad auxiliar si se ofrece seguridad jur\u00eddica y visi\u00f3n a medio plazo. El tercero es la bioeconom\u00eda forestal: una gesti\u00f3n inteligente de montes, biomasa, madera t\u00e9cnica y prevenci\u00f3n de incendios genera empleo sostenible y protege un patrimonio natural que es tambi\u00e9n un seguro frente al cambio clim\u00e1tico.<a rel=\"noreferrer noopener\" target=\"_blank\" href=\"https:\/\/ppl-ai-file-upload.s3.amazonaws.com\/web\/direct-files\/attachments\/50717056\/ab977e82-3daa-4cd3-9c07-9612ccf21693\/Impulso-de-una-politica-social-activa-para-el-repoblamiento-y-el-desarrollo-sostenible-del-medio-rural-conquense_chatgpt.html\"><\/a><\/p>\n\n\n\n<p>El cuarto pilar es el turismo de naturaleza y patrimonio, que debe apostar por menos volumen y m\u00e1s valor: estancias m\u00e1s largas, gastronom\u00eda, deporte, cultura y experiencias aut\u00e9nticas, lejos de modelos depredadores. Y el quinto, la econom\u00eda digital distribuida: profesionales remotos, peque\u00f1as tecnol\u00f3gicas, servicios avanzados y aut\u00f3nomos que ya no necesitan vivir en una gran ciudad para trabajar con clientes de todo el mundo. Para todo ello, Cuenca cuenta con algo que no se puede improvisar: paisaje, ubicaci\u00f3n y personalidad.<a rel=\"noreferrer noopener\" target=\"_blank\" href=\"https:\/\/ppl-ai-file-upload.s3.amazonaws.com\/web\/direct-files\/attachments\/50717056\/ab977e82-3daa-4cd3-9c07-9612ccf21693\/Impulso-de-una-politica-social-activa-para-el-repoblamiento-y-el-desarrollo-sostenible-del-medio-rural-conquense_chatgpt.html\"><\/a><\/p>\n\n\n\n<h4 class=\"wp-block-heading\" id=\"juventud-retener-recuperar-y-atraer\">Juventud: retener, recuperar y atraer<\/h4>\n\n\n\n<p>Cada joven que abandona la provincia por falta de oportunidades representa una p\u00e9rdida doble: humana y econ\u00f3mica. Se ha invertido en su educaci\u00f3n, en infraestructuras y en servicios, pero otro territorio recoger\u00e1 el rendimiento de ese esfuerzo. El resultado es una sensaci\u00f3n de orfandad demogr\u00e1fica que se percibe en demasiados pueblos.<a rel=\"noreferrer noopener\" target=\"_blank\" href=\"https:\/\/ppl-ai-file-upload.s3.amazonaws.com\/web\/direct-files\/attachments\/50717056\/ab977e82-3daa-4cd3-9c07-9612ccf21693\/Impulso-de-una-politica-social-activa-para-el-repoblamiento-y-el-desarrollo-sostenible-del-medio-rural-conquense_chatgpt.html\"><\/a><\/p>\n\n\n\n<p>Cuenca necesita una pol\u00edtica expl\u00edcita de talento joven, no solo discursos generacionales. Hablamos de becas retorno para profesionales cualificados, de bonificaciones a empresas que contraten a menores de 35 a\u00f1os, de una FP dual ligada a sectores estrat\u00e9gicos de la provincia, de una red de espacios de coworking comarcales que reduzcan el aislamiento y de capital semilla para emprendedores rurales que quieran levantar proyectos en su propio territorio. El objetivo no es impedir que los j\u00f3venes salgan a estudiar o a trabajar fuera, algo normal y positivo, sino que tengan razones s\u00f3lidas para volver y que sepan que la puerta de regreso est\u00e1 realmente abierta.<a rel=\"noreferrer noopener\" target=\"_blank\" href=\"https:\/\/ppl-ai-file-upload.s3.amazonaws.com\/web\/direct-files\/attachments\/50717056\/ab977e82-3daa-4cd3-9c07-9612ccf21693\/Impulso-de-una-politica-social-activa-para-el-repoblamiento-y-el-desarrollo-sostenible-del-medio-rural-conquense_chatgpt.html\"><\/a><\/p>\n\n\n\n<h4 class=\"wp-block-heading\" id=\"natalidad-e-inmigracin-dos-debates-que-deben-ir-ju\">Natalidad e inmigraci\u00f3n: dos debates que deben ir juntos<\/h4>\n\n\n\n<p>En provincias envejecidas, la natalidad importa, y conviene apoyar a quienes deciden tener hijos con servicios, conciliaci\u00f3n y estabilidad. Pero ninguna estrategia seria de repoblamiento puede descansar solo en esperar m\u00e1s nacimientos. Tambi\u00e9n hace falta atraer poblaci\u00f3n nueva, y eso exige abandonar prejuicios y simplificaciones interesadas.<a rel=\"noreferrer noopener\" target=\"_blank\" href=\"https:\/\/ppl-ai-file-upload.s3.amazonaws.com\/web\/direct-files\/attachments\/50717056\/ab977e82-3daa-4cd3-9c07-9612ccf21693\/Impulso-de-una-politica-social-activa-para-el-repoblamiento-y-el-desarrollo-sostenible-del-medio-rural-conquense_chatgpt.html\"><\/a><\/p>\n\n\n\n<p>La inmigraci\u00f3n ordenada, integrada y vinculada a empleo real puede ser una de las grandes palancas de revitalizaci\u00f3n rural, como ya est\u00e1n demostrando muchos municipios europeos que han decidido abrirse. Escuelas que reabren, negocios que contin\u00faan, explotaciones agrarias con relevo, servicios de cuidados cubiertos: detr\u00e1s de muchos casos de \u00e9xito hay nuevas familias llegadas de otros pa\u00edses o de otras regiones espa\u00f1olas que se han arraigado en pueblos que parec\u00edan condenados al cierre. La alternativa es clara: o Cuenca compite por atraer personas o seguir\u00e1 compitiendo por gestionar el vaciamiento.<a rel=\"noreferrer noopener\" target=\"_blank\" href=\"https:\/\/ppl-ai-file-upload.s3.amazonaws.com\/web\/direct-files\/attachments\/50717056\/ab977e82-3daa-4cd3-9c07-9612ccf21693\/Impulso-de-una-politica-social-activa-para-el-repoblamiento-y-el-desarrollo-sostenible-del-medio-rural-conquense_chatgpt.html\"><\/a><\/p>\n\n\n\n<h4 class=\"wp-block-heading\" id=\"servicios-pblicos-la-diferencia-entre-vivir-y-sobr\">Servicios p\u00fablicos: la diferencia entre vivir y sobrevivir<\/h4>\n\n\n\n<p>Repoblar no significa llenar un mapa de puntos en una campa\u00f1a institucional. Significa construir comunidades viables, y para ello hacen falta servicios razonables: atenci\u00f3n sanitaria cercana, transporte funcional, conectividad digital robusta, educaci\u00f3n digna y una administraci\u00f3n accesible que no obligue a recorrer cien kil\u00f3metros para cada tr\u00e1mite. En esto se juega buena parte de la credibilidad de cualquier plan.<a rel=\"noreferrer noopener\" target=\"_blank\" href=\"https:\/\/ppl-ai-file-upload.s3.amazonaws.com\/web\/direct-files\/attachments\/50717056\/ab977e82-3daa-4cd3-9c07-9612ccf21693\/Impulso-de-una-politica-social-activa-para-el-repoblamiento-y-el-desarrollo-sostenible-del-medio-rural-conquense_chatgpt.html\"><\/a><\/p>\n\n\n\n<p>No todos los pueblos podr\u00e1n tener de todo, pero todos deben tener acceso suficiente a lo esencial mediante redes comarcales inteligentes. La tecnolog\u00eda ayuda, con la telemedicina, la administraci\u00f3n electr\u00f3nica o la educaci\u00f3n a distancia, pero no sustituye completamente la presencia humana. Una pol\u00edtica social activa para el medio rural conquense pasa por redefinir el mapa de servicios no desde la l\u00f3gica exclusiva de la rentabilidad inmediata, sino desde la garant\u00eda b\u00e1sica de derechos para quienes deciden vivir en un territorio que el conjunto del pa\u00eds necesita por razones ambientales, alimentarias y de equilibrio territorial.<a rel=\"noreferrer noopener\" target=\"_blank\" href=\"https:\/\/ppl-ai-file-upload.s3.amazonaws.com\/web\/direct-files\/attachments\/50717056\/ab977e82-3daa-4cd3-9c07-9612ccf21693\/Impulso-de-una-politica-social-activa-para-el-repoblamiento-y-el-desarrollo-sostenible-del-medio-rural-conquense_chatgpt.html\"><\/a><\/p>\n\n\n\n<h4 class=\"wp-block-heading\" id=\"de-las-palabras-a-la-hoja-de-ruta\">De las palabras a la hoja de ruta<\/h4>\n\n\n\n<p>Si ma\u00f1ana comenzara una estrategia seria para Cuenca, las primeras decisiones ser\u00edan muy concretas. Un banco de vivienda rural operando de verdad, con apoyo t\u00e9cnico y financiero, podr\u00eda empezar a traducirse en nuevos residentes en el plazo de un a\u00f1o. Un sistema de incentivos a familias j\u00f3venes, bien dise\u00f1ado y estable, contribuir\u00eda a fijar poblaci\u00f3n en un horizonte de doce a veinticuatro meses. Un programa de retorno de talento, con ofertas reales y acompa\u00f1amiento, empezar\u00eda a dar frutos en dos a\u00f1os. La puesta a disposici\u00f3n de suelo y de condiciones log\u00edsticas competitivas facilitar\u00eda la inversi\u00f3n privada en un plazo de dos a cuatro a\u00f1os. Y una red de servicios comarcales reforzada consolidar\u00eda la cohesi\u00f3n territorial de forma continua, m\u00e1s all\u00e1 de los ciclos electorales.<a rel=\"noreferrer noopener\" target=\"_blank\" href=\"https:\/\/ppl-ai-file-upload.s3.amazonaws.com\/web\/direct-files\/attachments\/50717056\/ab977e82-3daa-4cd3-9c07-9612ccf21693\/Impulso-de-una-politica-social-activa-para-el-repoblamiento-y-el-desarrollo-sostenible-del-medio-rural-conquense_chatgpt.html\"><\/a><\/p>\n\n\n\n<p>Dicho de otro modo: no estamos hablando de milagros ni de propaganda, sino de vivienda, empleo, servicios, talento y confianza. Es decir, de pol\u00edtica \u00fatil, medible y evaluable, con metas claras para 2030 o 2035.<a rel=\"noreferrer noopener\" target=\"_blank\" href=\"https:\/\/ppl-ai-file-upload.s3.amazonaws.com\/web\/direct-files\/attachments\/50717056\/ab977e82-3daa-4cd3-9c07-9612ccf21693\/Impulso-de-una-politica-social-activa-para-el-repoblamiento-y-el-desarrollo-sostenible-del-medio-rural-conquense_chatgpt.html\"><\/a><\/p>\n\n\n\n<h4 class=\"wp-block-heading\" id=\"la-batalla-cultural-pendiente\">La batalla cultural pendiente<\/h4>\n\n\n\n<p>Queda, adem\u00e1s, un reto menos visible pero no menos importante: el relato. Durante a\u00f1os se ha transmitido, de manera expl\u00edcita o soterrada, que marcharse era progresar y quedarse era resignarse. Ese marco mental ha calado en generaciones enteras y explica en parte la facilidad con la que se normaliza el vaciamiento de pueblos y comarcas.<a rel=\"noreferrer noopener\" target=\"_blank\" href=\"https:\/\/ppl-ai-file-upload.s3.amazonaws.com\/web\/direct-files\/attachments\/50717056\/ab977e82-3daa-4cd3-9c07-9612ccf21693\/Impulso-de-una-politica-social-activa-para-el-repoblamiento-y-el-desarrollo-sostenible-del-medio-rural-conquense_chatgpt.html\"><\/a><\/p>\n\n\n\n<p>Hoy prosperar tambi\u00e9n puede significar vivir en una provincia segura, con vivienda accesible, menos tiempo perdido en desplazamientos, contacto cotidiano con la naturaleza y oportunidades profesionales conectadas al mundo. La nueva modernidad no pertenece en exclusiva a las metr\u00f3polis; tambi\u00e9n puede escribirse desde territorios como Cuenca, si se atreven a reivindicar su lugar y a dise\u00f1ar su propio modelo. Cuenca no necesita nostalgia ni autocompasi\u00f3n, necesita ambici\u00f3n contempor\u00e1nea.<a rel=\"noreferrer noopener\" target=\"_blank\" href=\"https:\/\/ppl-ai-file-upload.s3.amazonaws.com\/web\/direct-files\/attachments\/50717056\/ab977e82-3daa-4cd3-9c07-9612ccf21693\/Impulso-de-una-politica-social-activa-para-el-repoblamiento-y-el-desarrollo-sostenible-del-medio-rural-conquense_chatgpt.html\"><\/a><\/p>\n\n\n\n<h4 class=\"wp-block-heading\" id=\"una-decisin-histrica\">Una decisi\u00f3n hist\u00f3rica<\/h4>\n\n\n\n<p>Lo que est\u00e1 en juego supera a una sola provincia. Si Cuenca demuestra que es posible crecer con sostenibilidad, atraer poblaci\u00f3n y modernizar el medio rural, se convertir\u00e1 en referencia para amplias zonas de la Espa\u00f1a interior que hoy se miran en el espejo de la impotencia. Eso exige continuidad institucional: no sirve inaugurar planes cada legislatura para olvidarlos a los dos a\u00f1os. Hace falta un pacto territorial de m\u00ednimos, indicadores p\u00fablicos y disciplina de ejecuci\u00f3n que sobreviva a los cambios de gobierno.<a rel=\"noreferrer noopener\" target=\"_blank\" href=\"https:\/\/ppl-ai-file-upload.s3.amazonaws.com\/web\/direct-files\/attachments\/50717056\/ab977e82-3daa-4cd3-9c07-9612ccf21693\/Impulso-de-una-politica-social-activa-para-el-repoblamiento-y-el-desarrollo-sostenible-del-medio-rural-conquense_chatgpt.html\"><\/a><\/p>\n\n\n\n<p>La pr\u00f3xima d\u00e9cada ser\u00e1 decisiva. Si no se act\u00faa, algunas inercias demogr\u00e1ficas ser\u00e1n cada vez m\u00e1s dif\u00edciles de revertir, y la conversaci\u00f3n sobre cierres y abandonos se convertir\u00e1 en rutina. Si se act\u00faa bien, Cuenca puede protagonizar una de las historias m\u00e1s interesantes de transformaci\u00f3n territorial en Espa\u00f1a. La buena noticia es que ya tiene los recursos que no se improvisan: territorio, identidad y ubicaci\u00f3n. Lo que falta depende enteramente de las decisiones humanas, y esa, para quienes a\u00fan creemos en la pol\u00edtica como herramienta de cambio, es una excelente noticia.<a rel=\"noreferrer noopener\" target=\"_blank\" href=\"https:\/\/ppl-ai-file-upload.s3.amazonaws.com\/web\/direct-files\/attachments\/50717056\/ab977e82-3daa-4cd3-9c07-9612ccf21693\/Impulso-de-una-politica-social-activa-para-el-repoblamiento-y-el-desarrollo-sostenible-del-medio-rural-conquense_chatgpt.html\"><\/a><\/p>\n","protected":false},"excerpt":{"rendered":"<p>Durante demasiado tiempo, hablar de Cuenca ha significado repetir una colecci\u00f3n de frases hechas: provincia envejecida, pueblos vac\u00edos, falta de oportunidades, j\u00f3venes que se marchan, servicios dif\u00edciles de sostener. Todo ello contiene parte de verdad, pero tambi\u00e9n encierra una trampa peligrosa: convertir una realidad compleja en una sentencia definitiva, como si el destino de este&#8230;<\/p>\n","protected":false},"author":2,"featured_media":0,"comment_status":"open","ping_status":"open","sticky":false,"template":"","format":"standard","meta":{"rop_custom_images_group":[],"rop_custom_messages_group":[],"rop_publish_now":"yes","rop_publish_now_accounts":[],"rop_publish_now_history":[],"rop_publish_now_status":"pending","footnotes":""},"categories":[2,39,18,10,4,14,5,40,6,27,15,16,8,19,21,9],"tags":[],"class_list":["post-8072","post","type-post","status-publish","format-standard","hentry","category-actualidad","category-administraciones","category-ciencia","category-comunicacion","category-cultura","category-economia","category-educacion","category-empleo","category-historia","category-medio-ambiente","category-pensamiento-politico","category-politica","category-sociedad","category-sociedad-de-la-informacion","category-tic-y-sociedad-del-conocimiento","category-viajes"],"yoast_head":"<!-- This site is optimized with the Yoast SEO plugin v27.4 - https:\/\/yoast.com\/product\/yoast-seo-wordpress\/ -->\n<title>Impulso de una pol\u00edtica social activa para el repoblamiento y el desarrollo sostenible del medio rural conquense (por Juan Andr\u00e9s Buedo) - La Vanguardia de Cuenca<\/title>\n<meta name=\"robots\" content=\"index, follow, max-snippet:-1, max-image-preview:large, max-video-preview:-1\" \/>\n<link rel=\"canonical\" href=\"https:\/\/lavanguardiadecuenca.es\/?p=8072\" \/>\n<meta property=\"og:locale\" content=\"es_ES\" \/>\n<meta property=\"og:type\" content=\"article\" \/>\n<meta property=\"og:title\" content=\"Impulso de una pol\u00edtica social activa para el repoblamiento y el desarrollo sostenible del medio rural conquense (por Juan Andr\u00e9s Buedo) - La Vanguardia de Cuenca\" \/>\n<meta property=\"og:description\" content=\"Durante demasiado tiempo, hablar de Cuenca ha significado repetir una colecci\u00f3n de frases hechas: provincia envejecida, pueblos vac\u00edos, falta de oportunidades, j\u00f3venes que se marchan, servicios dif\u00edciles de sostener. Todo ello contiene parte de verdad, pero tambi\u00e9n encierra una trampa peligrosa: convertir una realidad compleja en una sentencia definitiva, como si el destino de este...\" \/>\n<meta property=\"og:url\" content=\"https:\/\/lavanguardiadecuenca.es\/?p=8072\" \/>\n<meta property=\"og:site_name\" content=\"La Vanguardia de Cuenca\" \/>\n<meta property=\"article:published_time\" content=\"2026-04-26T12:44:44+00:00\" \/>\n<meta property=\"article:modified_time\" content=\"2026-04-26T12:44:45+00:00\" \/>\n<meta property=\"og:image\" content=\"https:\/\/lavanguardiadecuenca.es\/wp-content\/uploads\/2026\/04\/Cuenca-2035.jpg\" \/>\n\t<meta property=\"og:image:width\" content=\"1228\" \/>\n\t<meta property=\"og:image:height\" content=\"819\" \/>\n\t<meta property=\"og:image:type\" content=\"image\/jpeg\" \/>\n<meta name=\"author\" content=\"Juan Andr\u00e9s Buedo\" \/>\n<meta name=\"twitter:card\" content=\"summary_large_image\" \/>\n<meta name=\"twitter:label1\" content=\"Escrito por\" \/>\n\t<meta name=\"twitter:data1\" content=\"Juan Andr\u00e9s Buedo\" \/>\n\t<meta name=\"twitter:label2\" content=\"Tiempo de lectura\" \/>\n\t<meta name=\"twitter:data2\" content=\"10 minutos\" \/>\n<script type=\"application\/ld+json\" class=\"yoast-schema-graph\">{\"@context\":\"https:\\\/\\\/schema.org\",\"@graph\":[{\"@type\":\"Article\",\"@id\":\"https:\\\/\\\/lavanguardiadecuenca.es\\\/?p=8072#article\",\"isPartOf\":{\"@id\":\"https:\\\/\\\/lavanguardiadecuenca.es\\\/?p=8072\"},\"author\":{\"name\":\"Juan Andr\u00e9s Buedo\",\"@id\":\"https:\\\/\\\/lavanguardiadecuenca.es\\\/#\\\/schema\\\/person\\\/efd3b99fe10ec3fad96a88f3ae7d092f\"},\"headline\":\"Impulso de una pol\u00edtica social activa para el repoblamiento y el desarrollo sostenible del medio rural conquense (por Juan Andr\u00e9s Buedo)\",\"datePublished\":\"2026-04-26T12:44:44+00:00\",\"dateModified\":\"2026-04-26T12:44:45+00:00\",\"mainEntityOfPage\":{\"@id\":\"https:\\\/\\\/lavanguardiadecuenca.es\\\/?p=8072\"},\"wordCount\":2227,\"commentCount\":1,\"publisher\":{\"@id\":\"https:\\\/\\\/lavanguardiadecuenca.es\\\/#\\\/schema\\\/person\\\/efd3b99fe10ec3fad96a88f3ae7d092f\"},\"image\":{\"@id\":\"https:\\\/\\\/lavanguardiadecuenca.es\\\/?p=8072#primaryimage\"},\"thumbnailUrl\":\"https:\\\/\\\/lavanguardiadecuenca.es\\\/wp-content\\\/uploads\\\/2026\\\/04\\\/Cuenca-2035-1024x683.jpg\",\"articleSection\":[\"Actualidad\",\"Administraciones P\u00fablicas\",\"Ciencia\",\"Comunicaci\u00f3n\",\"Cultura\",\"Econom\u00eda\",\"Educaci\u00f3n\",\"Empleo\",\"Historia\",\"Medio ambiente\",\"Pensamiento pol\u00edtico\",\"Pol\u00edtica\",\"Sociedad\",\"Sociedad de la Informaci\u00f3n\",\"TIC y Sociedad del Conocimiento\",\"Viajes\"],\"inLanguage\":\"es\",\"potentialAction\":[{\"@type\":\"CommentAction\",\"name\":\"Comment\",\"target\":[\"https:\\\/\\\/lavanguardiadecuenca.es\\\/?p=8072#respond\"]}]},{\"@type\":\"WebPage\",\"@id\":\"https:\\\/\\\/lavanguardiadecuenca.es\\\/?p=8072\",\"url\":\"https:\\\/\\\/lavanguardiadecuenca.es\\\/?p=8072\",\"name\":\"Impulso de una pol\u00edtica social activa para el repoblamiento y el desarrollo sostenible del medio rural conquense (por Juan Andr\u00e9s Buedo) - La Vanguardia de Cuenca\",\"isPartOf\":{\"@id\":\"https:\\\/\\\/lavanguardiadecuenca.es\\\/#website\"},\"primaryImageOfPage\":{\"@id\":\"https:\\\/\\\/lavanguardiadecuenca.es\\\/?p=8072#primaryimage\"},\"image\":{\"@id\":\"https:\\\/\\\/lavanguardiadecuenca.es\\\/?p=8072#primaryimage\"},\"thumbnailUrl\":\"https:\\\/\\\/lavanguardiadecuenca.es\\\/wp-content\\\/uploads\\\/2026\\\/04\\\/Cuenca-2035-1024x683.jpg\",\"datePublished\":\"2026-04-26T12:44:44+00:00\",\"dateModified\":\"2026-04-26T12:44:45+00:00\",\"breadcrumb\":{\"@id\":\"https:\\\/\\\/lavanguardiadecuenca.es\\\/?p=8072#breadcrumb\"},\"inLanguage\":\"es\",\"potentialAction\":[{\"@type\":\"ReadAction\",\"target\":[\"https:\\\/\\\/lavanguardiadecuenca.es\\\/?p=8072\"]}]},{\"@type\":\"ImageObject\",\"inLanguage\":\"es\",\"@id\":\"https:\\\/\\\/lavanguardiadecuenca.es\\\/?p=8072#primaryimage\",\"url\":\"https:\\\/\\\/lavanguardiadecuenca.es\\\/wp-content\\\/uploads\\\/2026\\\/04\\\/Cuenca-2035.jpg\",\"contentUrl\":\"https:\\\/\\\/lavanguardiadecuenca.es\\\/wp-content\\\/uploads\\\/2026\\\/04\\\/Cuenca-2035.jpg\",\"width\":1228,\"height\":819},{\"@type\":\"BreadcrumbList\",\"@id\":\"https:\\\/\\\/lavanguardiadecuenca.es\\\/?p=8072#breadcrumb\",\"itemListElement\":[{\"@type\":\"ListItem\",\"position\":1,\"name\":\"Portada\",\"item\":\"https:\\\/\\\/lavanguardiadecuenca.es\\\/\"},{\"@type\":\"ListItem\",\"position\":2,\"name\":\"Impulso de una pol\u00edtica social activa para el repoblamiento y el desarrollo sostenible del medio rural conquense (por Juan Andr\u00e9s Buedo)\"}]},{\"@type\":\"WebSite\",\"@id\":\"https:\\\/\\\/lavanguardiadecuenca.es\\\/#website\",\"url\":\"https:\\\/\\\/lavanguardiadecuenca.es\\\/\",\"name\":\"La Vanguardia de Cuenca\",\"description\":\"Intereses: comunicaci\u00f3n y actualidad en general, weblogs, sociedad, pol\u00edtica\",\"publisher\":{\"@id\":\"https:\\\/\\\/lavanguardiadecuenca.es\\\/#\\\/schema\\\/person\\\/efd3b99fe10ec3fad96a88f3ae7d092f\"},\"potentialAction\":[{\"@type\":\"SearchAction\",\"target\":{\"@type\":\"EntryPoint\",\"urlTemplate\":\"https:\\\/\\\/lavanguardiadecuenca.es\\\/?s={search_term_string}\"},\"query-input\":{\"@type\":\"PropertyValueSpecification\",\"valueRequired\":true,\"valueName\":\"search_term_string\"}}],\"inLanguage\":\"es\"},{\"@type\":[\"Person\",\"Organization\"],\"@id\":\"https:\\\/\\\/lavanguardiadecuenca.es\\\/#\\\/schema\\\/person\\\/efd3b99fe10ec3fad96a88f3ae7d092f\",\"name\":\"Juan Andr\u00e9s Buedo\",\"image\":{\"@type\":\"ImageObject\",\"inLanguage\":\"es\",\"@id\":\"https:\\\/\\\/lavanguardiadecuenca.es\\\/wp-content\\\/uploads\\\/2025\\\/09\\\/6a00d8341c734753ef0278801a3634200d-250si.jpg\",\"url\":\"https:\\\/\\\/lavanguardiadecuenca.es\\\/wp-content\\\/uploads\\\/2025\\\/09\\\/6a00d8341c734753ef0278801a3634200d-250si.jpg\",\"contentUrl\":\"https:\\\/\\\/lavanguardiadecuenca.es\\\/wp-content\\\/uploads\\\/2025\\\/09\\\/6a00d8341c734753ef0278801a3634200d-250si.jpg\",\"width\":250,\"height\":250,\"caption\":\"Juan Andr\u00e9s Buedo\"},\"logo\":{\"@id\":\"https:\\\/\\\/lavanguardiadecuenca.es\\\/wp-content\\\/uploads\\\/2025\\\/09\\\/6a00d8341c734753ef0278801a3634200d-250si.jpg\"},\"sameAs\":[\"https:\\\/\\\/lavanguardiadecuenca.es\\\/\"],\"url\":\"https:\\\/\\\/lavanguardiadecuenca.es\\\/?author=2\"}]}<\/script>\n<!-- \/ Yoast SEO plugin. -->","yoast_head_json":{"title":"Impulso de una pol\u00edtica social activa para el repoblamiento y el desarrollo sostenible del medio rural conquense (por Juan Andr\u00e9s Buedo) - La Vanguardia de Cuenca","robots":{"index":"index","follow":"follow","max-snippet":"max-snippet:-1","max-image-preview":"max-image-preview:large","max-video-preview":"max-video-preview:-1"},"canonical":"https:\/\/lavanguardiadecuenca.es\/?p=8072","og_locale":"es_ES","og_type":"article","og_title":"Impulso de una pol\u00edtica social activa para el repoblamiento y el desarrollo sostenible del medio rural conquense (por Juan Andr\u00e9s Buedo) - La Vanguardia de Cuenca","og_description":"Durante demasiado tiempo, hablar de Cuenca ha significado repetir una colecci\u00f3n de frases hechas: provincia envejecida, pueblos vac\u00edos, falta de oportunidades, j\u00f3venes que se marchan, servicios dif\u00edciles de sostener. Todo ello contiene parte de verdad, pero tambi\u00e9n encierra una trampa peligrosa: convertir una realidad compleja en una sentencia definitiva, como si el destino de este...","og_url":"https:\/\/lavanguardiadecuenca.es\/?p=8072","og_site_name":"La Vanguardia de Cuenca","article_published_time":"2026-04-26T12:44:44+00:00","article_modified_time":"2026-04-26T12:44:45+00:00","og_image":[{"width":1228,"height":819,"url":"https:\/\/lavanguardiadecuenca.es\/wp-content\/uploads\/2026\/04\/Cuenca-2035.jpg","type":"image\/jpeg"}],"author":"Juan Andr\u00e9s Buedo","twitter_card":"summary_large_image","twitter_misc":{"Escrito por":"Juan Andr\u00e9s Buedo","Tiempo de lectura":"10 minutos"},"schema":{"@context":"https:\/\/schema.org","@graph":[{"@type":"Article","@id":"https:\/\/lavanguardiadecuenca.es\/?p=8072#article","isPartOf":{"@id":"https:\/\/lavanguardiadecuenca.es\/?p=8072"},"author":{"name":"Juan Andr\u00e9s Buedo","@id":"https:\/\/lavanguardiadecuenca.es\/#\/schema\/person\/efd3b99fe10ec3fad96a88f3ae7d092f"},"headline":"Impulso de una pol\u00edtica social activa para el repoblamiento y el desarrollo sostenible del medio rural conquense (por Juan Andr\u00e9s Buedo)","datePublished":"2026-04-26T12:44:44+00:00","dateModified":"2026-04-26T12:44:45+00:00","mainEntityOfPage":{"@id":"https:\/\/lavanguardiadecuenca.es\/?p=8072"},"wordCount":2227,"commentCount":1,"publisher":{"@id":"https:\/\/lavanguardiadecuenca.es\/#\/schema\/person\/efd3b99fe10ec3fad96a88f3ae7d092f"},"image":{"@id":"https:\/\/lavanguardiadecuenca.es\/?p=8072#primaryimage"},"thumbnailUrl":"https:\/\/lavanguardiadecuenca.es\/wp-content\/uploads\/2026\/04\/Cuenca-2035-1024x683.jpg","articleSection":["Actualidad","Administraciones P\u00fablicas","Ciencia","Comunicaci\u00f3n","Cultura","Econom\u00eda","Educaci\u00f3n","Empleo","Historia","Medio ambiente","Pensamiento pol\u00edtico","Pol\u00edtica","Sociedad","Sociedad de la Informaci\u00f3n","TIC y Sociedad del Conocimiento","Viajes"],"inLanguage":"es","potentialAction":[{"@type":"CommentAction","name":"Comment","target":["https:\/\/lavanguardiadecuenca.es\/?p=8072#respond"]}]},{"@type":"WebPage","@id":"https:\/\/lavanguardiadecuenca.es\/?p=8072","url":"https:\/\/lavanguardiadecuenca.es\/?p=8072","name":"Impulso de una pol\u00edtica social activa para el repoblamiento y el desarrollo sostenible del medio rural conquense (por Juan Andr\u00e9s Buedo) - La Vanguardia de Cuenca","isPartOf":{"@id":"https:\/\/lavanguardiadecuenca.es\/#website"},"primaryImageOfPage":{"@id":"https:\/\/lavanguardiadecuenca.es\/?p=8072#primaryimage"},"image":{"@id":"https:\/\/lavanguardiadecuenca.es\/?p=8072#primaryimage"},"thumbnailUrl":"https:\/\/lavanguardiadecuenca.es\/wp-content\/uploads\/2026\/04\/Cuenca-2035-1024x683.jpg","datePublished":"2026-04-26T12:44:44+00:00","dateModified":"2026-04-26T12:44:45+00:00","breadcrumb":{"@id":"https:\/\/lavanguardiadecuenca.es\/?p=8072#breadcrumb"},"inLanguage":"es","potentialAction":[{"@type":"ReadAction","target":["https:\/\/lavanguardiadecuenca.es\/?p=8072"]}]},{"@type":"ImageObject","inLanguage":"es","@id":"https:\/\/lavanguardiadecuenca.es\/?p=8072#primaryimage","url":"https:\/\/lavanguardiadecuenca.es\/wp-content\/uploads\/2026\/04\/Cuenca-2035.jpg","contentUrl":"https:\/\/lavanguardiadecuenca.es\/wp-content\/uploads\/2026\/04\/Cuenca-2035.jpg","width":1228,"height":819},{"@type":"BreadcrumbList","@id":"https:\/\/lavanguardiadecuenca.es\/?p=8072#breadcrumb","itemListElement":[{"@type":"ListItem","position":1,"name":"Portada","item":"https:\/\/lavanguardiadecuenca.es\/"},{"@type":"ListItem","position":2,"name":"Impulso de una pol\u00edtica social activa para el repoblamiento y el desarrollo sostenible del medio rural conquense (por Juan Andr\u00e9s Buedo)"}]},{"@type":"WebSite","@id":"https:\/\/lavanguardiadecuenca.es\/#website","url":"https:\/\/lavanguardiadecuenca.es\/","name":"La Vanguardia de Cuenca","description":"Intereses: comunicaci\u00f3n y actualidad en general, weblogs, sociedad, pol\u00edtica","publisher":{"@id":"https:\/\/lavanguardiadecuenca.es\/#\/schema\/person\/efd3b99fe10ec3fad96a88f3ae7d092f"},"potentialAction":[{"@type":"SearchAction","target":{"@type":"EntryPoint","urlTemplate":"https:\/\/lavanguardiadecuenca.es\/?s={search_term_string}"},"query-input":{"@type":"PropertyValueSpecification","valueRequired":true,"valueName":"search_term_string"}}],"inLanguage":"es"},{"@type":["Person","Organization"],"@id":"https:\/\/lavanguardiadecuenca.es\/#\/schema\/person\/efd3b99fe10ec3fad96a88f3ae7d092f","name":"Juan Andr\u00e9s Buedo","image":{"@type":"ImageObject","inLanguage":"es","@id":"https:\/\/lavanguardiadecuenca.es\/wp-content\/uploads\/2025\/09\/6a00d8341c734753ef0278801a3634200d-250si.jpg","url":"https:\/\/lavanguardiadecuenca.es\/wp-content\/uploads\/2025\/09\/6a00d8341c734753ef0278801a3634200d-250si.jpg","contentUrl":"https:\/\/lavanguardiadecuenca.es\/wp-content\/uploads\/2025\/09\/6a00d8341c734753ef0278801a3634200d-250si.jpg","width":250,"height":250,"caption":"Juan Andr\u00e9s Buedo"},"logo":{"@id":"https:\/\/lavanguardiadecuenca.es\/wp-content\/uploads\/2025\/09\/6a00d8341c734753ef0278801a3634200d-250si.jpg"},"sameAs":["https:\/\/lavanguardiadecuenca.es\/"],"url":"https:\/\/lavanguardiadecuenca.es\/?author=2"}]}},"_links":{"self":[{"href":"https:\/\/lavanguardiadecuenca.es\/index.php?rest_route=\/wp\/v2\/posts\/8072","targetHints":{"allow":["GET"]}}],"collection":[{"href":"https:\/\/lavanguardiadecuenca.es\/index.php?rest_route=\/wp\/v2\/posts"}],"about":[{"href":"https:\/\/lavanguardiadecuenca.es\/index.php?rest_route=\/wp\/v2\/types\/post"}],"author":[{"embeddable":true,"href":"https:\/\/lavanguardiadecuenca.es\/index.php?rest_route=\/wp\/v2\/users\/2"}],"replies":[{"embeddable":true,"href":"https:\/\/lavanguardiadecuenca.es\/index.php?rest_route=%2Fwp%2Fv2%2Fcomments&post=8072"}],"version-history":[{"count":1,"href":"https:\/\/lavanguardiadecuenca.es\/index.php?rest_route=\/wp\/v2\/posts\/8072\/revisions"}],"predecessor-version":[{"id":8074,"href":"https:\/\/lavanguardiadecuenca.es\/index.php?rest_route=\/wp\/v2\/posts\/8072\/revisions\/8074"}],"wp:attachment":[{"href":"https:\/\/lavanguardiadecuenca.es\/index.php?rest_route=%2Fwp%2Fv2%2Fmedia&parent=8072"}],"wp:term":[{"taxonomy":"category","embeddable":true,"href":"https:\/\/lavanguardiadecuenca.es\/index.php?rest_route=%2Fwp%2Fv2%2Fcategories&post=8072"},{"taxonomy":"post_tag","embeddable":true,"href":"https:\/\/lavanguardiadecuenca.es\/index.php?rest_route=%2Fwp%2Fv2%2Ftags&post=8072"}],"curies":[{"name":"wp","href":"https:\/\/api.w.org\/{rel}","templated":true}]}}