{"id":8067,"date":"2026-04-26T10:15:18","date_gmt":"2026-04-26T10:15:18","guid":{"rendered":"https:\/\/lavanguardiadecuenca.es\/?p=8067"},"modified":"2026-04-26T10:15:19","modified_gmt":"2026-04-26T10:15:19","slug":"los-vascos-y-separatistas-catalanes-la-prioridad-nacionalista-por-eduardo-lopez-colliga","status":"publish","type":"post","link":"https:\/\/lavanguardiadecuenca.es\/?p=8067","title":{"rendered":"Los vascos y separatistas catalanes, la \u00abprioridad nacionalista\u00bb (por Eduardo L\u00f3pez C\u00f3lliga)"},"content":{"rendered":"\n<figure class=\"wp-block-image size-full\"><img loading=\"lazy\" decoding=\"async\" width=\"982\" height=\"536\" src=\"https:\/\/lavanguardiadecuenca.es\/wp-content\/uploads\/2026\/04\/Prioridad-nacionalista.jpg\" alt=\"\" class=\"wp-image-8068\" srcset=\"https:\/\/lavanguardiadecuenca.es\/wp-content\/uploads\/2026\/04\/Prioridad-nacionalista.jpg 982w, https:\/\/lavanguardiadecuenca.es\/wp-content\/uploads\/2026\/04\/Prioridad-nacionalista-300x164.jpg 300w, https:\/\/lavanguardiadecuenca.es\/wp-content\/uploads\/2026\/04\/Prioridad-nacionalista-768x419.jpg 768w, https:\/\/lavanguardiadecuenca.es\/wp-content\/uploads\/2026\/04\/Prioridad-nacionalista-850x464.jpg 850w\" sizes=\"auto, (max-width: 982px) 100vw, 982px\" \/><\/figure>\n\n\n\n<figure class=\"wp-block-image size-large\"><img loading=\"lazy\" decoding=\"async\" width=\"635\" height=\"1024\" src=\"https:\/\/lavanguardiadecuenca.es\/wp-content\/uploads\/2026\/04\/ELC_VCPN.1-635x1024.jpg\" alt=\"\" class=\"wp-image-8069\" srcset=\"https:\/\/lavanguardiadecuenca.es\/wp-content\/uploads\/2026\/04\/ELC_VCPN.1-635x1024.jpg 635w, https:\/\/lavanguardiadecuenca.es\/wp-content\/uploads\/2026\/04\/ELC_VCPN.1-186x300.jpg 186w, https:\/\/lavanguardiadecuenca.es\/wp-content\/uploads\/2026\/04\/ELC_VCPN.1-768x1238.jpg 768w, https:\/\/lavanguardiadecuenca.es\/wp-content\/uploads\/2026\/04\/ELC_VCPN.1-953x1536.jpg 953w, https:\/\/lavanguardiadecuenca.es\/wp-content\/uploads\/2026\/04\/ELC_VCPN.1-300x483.jpg 300w, https:\/\/lavanguardiadecuenca.es\/wp-content\/uploads\/2026\/04\/ELC_VCPN.1-850x1370.jpg 850w, https:\/\/lavanguardiadecuenca.es\/wp-content\/uploads\/2026\/04\/ELC_VCPN.1.jpg 1148w\" sizes=\"auto, (max-width: 635px) 100vw, 635px\" \/><\/figure>\n\n\n\n<figure class=\"wp-block-image size-large\"><img loading=\"lazy\" decoding=\"async\" width=\"671\" height=\"1024\" src=\"https:\/\/lavanguardiadecuenca.es\/wp-content\/uploads\/2026\/04\/ELC-VCPN.2-671x1024.jpg\" alt=\"\" class=\"wp-image-8070\" srcset=\"https:\/\/lavanguardiadecuenca.es\/wp-content\/uploads\/2026\/04\/ELC-VCPN.2-671x1024.jpg 671w, https:\/\/lavanguardiadecuenca.es\/wp-content\/uploads\/2026\/04\/ELC-VCPN.2-197x300.jpg 197w, https:\/\/lavanguardiadecuenca.es\/wp-content\/uploads\/2026\/04\/ELC-VCPN.2-768x1172.jpg 768w, https:\/\/lavanguardiadecuenca.es\/wp-content\/uploads\/2026\/04\/ELC-VCPN.2-1006x1536.jpg 1006w, https:\/\/lavanguardiadecuenca.es\/wp-content\/uploads\/2026\/04\/ELC-VCPN.2-300x458.jpg 300w, https:\/\/lavanguardiadecuenca.es\/wp-content\/uploads\/2026\/04\/ELC-VCPN.2-850x1298.jpg 850w, https:\/\/lavanguardiadecuenca.es\/wp-content\/uploads\/2026\/04\/ELC-VCPN.2.jpg 1128w\" sizes=\"auto, (max-width: 671px) 100vw, 671px\" \/><\/figure>\n","protected":false},"excerpt":{"rendered":"","protected":false},"author":2,"featured_media":0,"comment_status":"open","ping_status":"open","sticky":false,"template":"","format":"standard","meta":{"rop_custom_images_group":[],"rop_custom_messages_group":[],"rop_publish_now":"yes","rop_publish_now_accounts":[],"rop_publish_now_history":[],"rop_publish_now_status":"pending","footnotes":""},"categories":[2,39,10,6,15,16,8],"tags":[],"class_list":["post-8067","post","type-post","status-publish","format-standard","hentry","category-actualidad","category-administraciones","category-comunicacion","category-historia","category-pensamiento-politico","category-politica","category-sociedad"],"yoast_head":"<!-- This site is optimized with the Yoast SEO plugin v27.4 - https:\/\/yoast.com\/product\/yoast-seo-wordpress\/ -->\n<title>Los vascos y separatistas catalanes, la &quot;prioridad nacionalista&quot; (por Eduardo L\u00f3pez C\u00f3lliga) - La Vanguardia de Cuenca<\/title>\n<meta name=\"robots\" content=\"index, follow, max-snippet:-1, max-image-preview:large, max-video-preview:-1\" \/>\n<link rel=\"canonical\" href=\"https:\/\/lavanguardiadecuenca.es\/?p=8067\" \/>\n<meta property=\"og:locale\" content=\"es_ES\" \/>\n<meta property=\"og:type\" content=\"article\" \/>\n<meta property=\"og:title\" content=\"Los vascos y separatistas catalanes, la &quot;prioridad nacionalista&quot; (por Eduardo L\u00f3pez C\u00f3lliga) - La Vanguardia de Cuenca\" \/>\n<meta property=\"og:url\" content=\"https:\/\/lavanguardiadecuenca.es\/?p=8067\" \/>\n<meta property=\"og:site_name\" content=\"La Vanguardia de Cuenca\" \/>\n<meta property=\"article:published_time\" content=\"2026-04-26T10:15:18+00:00\" \/>\n<meta property=\"article:modified_time\" content=\"2026-04-26T10:15:19+00:00\" \/>\n<meta property=\"og:image\" content=\"https:\/\/lavanguardiadecuenca.es\/wp-content\/uploads\/2026\/04\/Prioridad-nacionalista.jpg\" \/>\n\t<meta property=\"og:image:width\" content=\"982\" \/>\n\t<meta property=\"og:image:height\" content=\"536\" \/>\n\t<meta property=\"og:image:type\" content=\"image\/jpeg\" \/>\n<meta name=\"author\" content=\"Juan Andr\u00e9s Buedo\" \/>\n<meta name=\"twitter:card\" content=\"summary_large_image\" \/>\n<meta name=\"twitter:label1\" content=\"Escrito por\" \/>\n\t<meta name=\"twitter:data1\" content=\"Juan Andr\u00e9s Buedo\" \/>\n\t<meta name=\"twitter:label2\" content=\"Tiempo de lectura\" \/>\n\t<meta name=\"twitter:data2\" content=\"1 minuto\" \/>\n<script type=\"application\/ld+json\" class=\"yoast-schema-graph\">{\"@context\":\"https:\\\/\\\/schema.org\",\"@graph\":[{\"@type\":\"Article\",\"@id\":\"https:\\\/\\\/lavanguardiadecuenca.es\\\/?p=8067#article\",\"isPartOf\":{\"@id\":\"https:\\\/\\\/lavanguardiadecuenca.es\\\/?p=8067\"},\"author\":{\"name\":\"Juan Andr\u00e9s Buedo\",\"@id\":\"https:\\\/\\\/lavanguardiadecuenca.es\\\/#\\\/schema\\\/person\\\/efd3b99fe10ec3fad96a88f3ae7d092f\"},\"headline\":\"Los vascos y separatistas catalanes, la \u00abprioridad nacionalista\u00bb (por Eduardo L\u00f3pez C\u00f3lliga)\",\"datePublished\":\"2026-04-26T10:15:18+00:00\",\"dateModified\":\"2026-04-26T10:15:19+00:00\",\"mainEntityOfPage\":{\"@id\":\"https:\\\/\\\/lavanguardiadecuenca.es\\\/?p=8067\"},\"wordCount\":14,\"commentCount\":0,\"publisher\":{\"@id\":\"https:\\\/\\\/lavanguardiadecuenca.es\\\/#\\\/schema\\\/person\\\/efd3b99fe10ec3fad96a88f3ae7d092f\"},\"image\":{\"@id\":\"https:\\\/\\\/lavanguardiadecuenca.es\\\/?p=8067#primaryimage\"},\"thumbnailUrl\":\"https:\\\/\\\/lavanguardiadecuenca.es\\\/wp-content\\\/uploads\\\/2026\\\/04\\\/Prioridad-nacionalista.jpg\",\"articleSection\":[\"Actualidad\",\"Administraciones P\u00fablicas\",\"Comunicaci\u00f3n\",\"Historia\",\"Pensamiento pol\u00edtico\",\"Pol\u00edtica\",\"Sociedad\"],\"inLanguage\":\"es\",\"potentialAction\":[{\"@type\":\"CommentAction\",\"name\":\"Comment\",\"target\":[\"https:\\\/\\\/lavanguardiadecuenca.es\\\/?p=8067#respond\"]}]},{\"@type\":\"WebPage\",\"@id\":\"https:\\\/\\\/lavanguardiadecuenca.es\\\/?p=8067\",\"url\":\"https:\\\/\\\/lavanguardiadecuenca.es\\\/?p=8067\",\"name\":\"Los vascos y separatistas catalanes, la \\\"prioridad nacionalista\\\" (por Eduardo L\u00f3pez C\u00f3lliga) - La Vanguardia de Cuenca\",\"isPartOf\":{\"@id\":\"https:\\\/\\\/lavanguardiadecuenca.es\\\/#website\"},\"primaryImageOfPage\":{\"@id\":\"https:\\\/\\\/lavanguardiadecuenca.es\\\/?p=8067#primaryimage\"},\"image\":{\"@id\":\"https:\\\/\\\/lavanguardiadecuenca.es\\\/?p=8067#primaryimage\"},\"thumbnailUrl\":\"https:\\\/\\\/lavanguardiadecuenca.es\\\/wp-content\\\/uploads\\\/2026\\\/04\\\/Prioridad-nacionalista.jpg\",\"datePublished\":\"2026-04-26T10:15:18+00:00\",\"dateModified\":\"2026-04-26T10:15:19+00:00\",\"breadcrumb\":{\"@id\":\"https:\\\/\\\/lavanguardiadecuenca.es\\\/?p=8067#breadcrumb\"},\"inLanguage\":\"es\",\"potentialAction\":[{\"@type\":\"ReadAction\",\"target\":[\"https:\\\/\\\/lavanguardiadecuenca.es\\\/?p=8067\"]}]},{\"@type\":\"ImageObject\",\"inLanguage\":\"es\",\"@id\":\"https:\\\/\\\/lavanguardiadecuenca.es\\\/?p=8067#primaryimage\",\"url\":\"https:\\\/\\\/lavanguardiadecuenca.es\\\/wp-content\\\/uploads\\\/2026\\\/04\\\/Prioridad-nacionalista.jpg\",\"contentUrl\":\"https:\\\/\\\/lavanguardiadecuenca.es\\\/wp-content\\\/uploads\\\/2026\\\/04\\\/Prioridad-nacionalista.jpg\",\"width\":982,\"height\":536},{\"@type\":\"BreadcrumbList\",\"@id\":\"https:\\\/\\\/lavanguardiadecuenca.es\\\/?p=8067#breadcrumb\",\"itemListElement\":[{\"@type\":\"ListItem\",\"position\":1,\"name\":\"Portada\",\"item\":\"https:\\\/\\\/lavanguardiadecuenca.es\\\/\"},{\"@type\":\"ListItem\",\"position\":2,\"name\":\"Los vascos y separatistas catalanes, la \u00abprioridad nacionalista\u00bb (por Eduardo L\u00f3pez C\u00f3lliga)\"}]},{\"@type\":\"WebSite\",\"@id\":\"https:\\\/\\\/lavanguardiadecuenca.es\\\/#website\",\"url\":\"https:\\\/\\\/lavanguardiadecuenca.es\\\/\",\"name\":\"La Vanguardia de Cuenca\",\"description\":\"Intereses: comunicaci\u00f3n y actualidad en general, weblogs, sociedad, pol\u00edtica\",\"publisher\":{\"@id\":\"https:\\\/\\\/lavanguardiadecuenca.es\\\/#\\\/schema\\\/person\\\/efd3b99fe10ec3fad96a88f3ae7d092f\"},\"potentialAction\":[{\"@type\":\"SearchAction\",\"target\":{\"@type\":\"EntryPoint\",\"urlTemplate\":\"https:\\\/\\\/lavanguardiadecuenca.es\\\/?s={search_term_string}\"},\"query-input\":{\"@type\":\"PropertyValueSpecification\",\"valueRequired\":true,\"valueName\":\"search_term_string\"}}],\"inLanguage\":\"es\"},{\"@type\":[\"Person\",\"Organization\"],\"@id\":\"https:\\\/\\\/lavanguardiadecuenca.es\\\/#\\\/schema\\\/person\\\/efd3b99fe10ec3fad96a88f3ae7d092f\",\"name\":\"Juan Andr\u00e9s Buedo\",\"image\":{\"@type\":\"ImageObject\",\"inLanguage\":\"es\",\"@id\":\"https:\\\/\\\/lavanguardiadecuenca.es\\\/wp-content\\\/uploads\\\/2025\\\/09\\\/6a00d8341c734753ef0278801a3634200d-250si.jpg\",\"url\":\"https:\\\/\\\/lavanguardiadecuenca.es\\\/wp-content\\\/uploads\\\/2025\\\/09\\\/6a00d8341c734753ef0278801a3634200d-250si.jpg\",\"contentUrl\":\"https:\\\/\\\/lavanguardiadecuenca.es\\\/wp-content\\\/uploads\\\/2025\\\/09\\\/6a00d8341c734753ef0278801a3634200d-250si.jpg\",\"width\":250,\"height\":250,\"caption\":\"Juan Andr\u00e9s Buedo\"},\"logo\":{\"@id\":\"https:\\\/\\\/lavanguardiadecuenca.es\\\/wp-content\\\/uploads\\\/2025\\\/09\\\/6a00d8341c734753ef0278801a3634200d-250si.jpg\"},\"sameAs\":[\"https:\\\/\\\/lavanguardiadecuenca.es\\\/\"],\"url\":\"https:\\\/\\\/lavanguardiadecuenca.es\\\/?author=2\"}]}<\/script>\n<!-- \/ Yoast SEO plugin. -->","yoast_head_json":{"title":"Los vascos y separatistas catalanes, la \"prioridad nacionalista\" (por Eduardo L\u00f3pez C\u00f3lliga) - La Vanguardia de Cuenca","robots":{"index":"index","follow":"follow","max-snippet":"max-snippet:-1","max-image-preview":"max-image-preview:large","max-video-preview":"max-video-preview:-1"},"canonical":"https:\/\/lavanguardiadecuenca.es\/?p=8067","og_locale":"es_ES","og_type":"article","og_title":"Los vascos y separatistas catalanes, la \"prioridad nacionalista\" (por Eduardo L\u00f3pez C\u00f3lliga) - La Vanguardia de Cuenca","og_url":"https:\/\/lavanguardiadecuenca.es\/?p=8067","og_site_name":"La Vanguardia de Cuenca","article_published_time":"2026-04-26T10:15:18+00:00","article_modified_time":"2026-04-26T10:15:19+00:00","og_image":[{"width":982,"height":536,"url":"https:\/\/lavanguardiadecuenca.es\/wp-content\/uploads\/2026\/04\/Prioridad-nacionalista.jpg","type":"image\/jpeg"}],"author":"Juan Andr\u00e9s Buedo","twitter_card":"summary_large_image","twitter_misc":{"Escrito por":"Juan Andr\u00e9s Buedo","Tiempo de lectura":"1 minuto"},"schema":{"@context":"https:\/\/schema.org","@graph":[{"@type":"Article","@id":"https:\/\/lavanguardiadecuenca.es\/?p=8067#article","isPartOf":{"@id":"https:\/\/lavanguardiadecuenca.es\/?p=8067"},"author":{"name":"Juan Andr\u00e9s Buedo","@id":"https:\/\/lavanguardiadecuenca.es\/#\/schema\/person\/efd3b99fe10ec3fad96a88f3ae7d092f"},"headline":"Los vascos y separatistas catalanes, la \u00abprioridad nacionalista\u00bb (por Eduardo L\u00f3pez C\u00f3lliga)","datePublished":"2026-04-26T10:15:18+00:00","dateModified":"2026-04-26T10:15:19+00:00","mainEntityOfPage":{"@id":"https:\/\/lavanguardiadecuenca.es\/?p=8067"},"wordCount":14,"commentCount":0,"publisher":{"@id":"https:\/\/lavanguardiadecuenca.es\/#\/schema\/person\/efd3b99fe10ec3fad96a88f3ae7d092f"},"image":{"@id":"https:\/\/lavanguardiadecuenca.es\/?p=8067#primaryimage"},"thumbnailUrl":"https:\/\/lavanguardiadecuenca.es\/wp-content\/uploads\/2026\/04\/Prioridad-nacionalista.jpg","articleSection":["Actualidad","Administraciones P\u00fablicas","Comunicaci\u00f3n","Historia","Pensamiento pol\u00edtico","Pol\u00edtica","Sociedad"],"inLanguage":"es","potentialAction":[{"@type":"CommentAction","name":"Comment","target":["https:\/\/lavanguardiadecuenca.es\/?p=8067#respond"]}]},{"@type":"WebPage","@id":"https:\/\/lavanguardiadecuenca.es\/?p=8067","url":"https:\/\/lavanguardiadecuenca.es\/?p=8067","name":"Los vascos y separatistas catalanes, la \"prioridad nacionalista\" (por Eduardo L\u00f3pez C\u00f3lliga) - La Vanguardia de Cuenca","isPartOf":{"@id":"https:\/\/lavanguardiadecuenca.es\/#website"},"primaryImageOfPage":{"@id":"https:\/\/lavanguardiadecuenca.es\/?p=8067#primaryimage"},"image":{"@id":"https:\/\/lavanguardiadecuenca.es\/?p=8067#primaryimage"},"thumbnailUrl":"https:\/\/lavanguardiadecuenca.es\/wp-content\/uploads\/2026\/04\/Prioridad-nacionalista.jpg","datePublished":"2026-04-26T10:15:18+00:00","dateModified":"2026-04-26T10:15:19+00:00","breadcrumb":{"@id":"https:\/\/lavanguardiadecuenca.es\/?p=8067#breadcrumb"},"inLanguage":"es","potentialAction":[{"@type":"ReadAction","target":["https:\/\/lavanguardiadecuenca.es\/?p=8067"]}]},{"@type":"ImageObject","inLanguage":"es","@id":"https:\/\/lavanguardiadecuenca.es\/?p=8067#primaryimage","url":"https:\/\/lavanguardiadecuenca.es\/wp-content\/uploads\/2026\/04\/Prioridad-nacionalista.jpg","contentUrl":"https:\/\/lavanguardiadecuenca.es\/wp-content\/uploads\/2026\/04\/Prioridad-nacionalista.jpg","width":982,"height":536},{"@type":"BreadcrumbList","@id":"https:\/\/lavanguardiadecuenca.es\/?p=8067#breadcrumb","itemListElement":[{"@type":"ListItem","position":1,"name":"Portada","item":"https:\/\/lavanguardiadecuenca.es\/"},{"@type":"ListItem","position":2,"name":"Los vascos y separatistas catalanes, la \u00abprioridad nacionalista\u00bb (por Eduardo L\u00f3pez C\u00f3lliga)"}]},{"@type":"WebSite","@id":"https:\/\/lavanguardiadecuenca.es\/#website","url":"https:\/\/lavanguardiadecuenca.es\/","name":"La Vanguardia de Cuenca","description":"Intereses: comunicaci\u00f3n y actualidad en general, weblogs, sociedad, pol\u00edtica","publisher":{"@id":"https:\/\/lavanguardiadecuenca.es\/#\/schema\/person\/efd3b99fe10ec3fad96a88f3ae7d092f"},"potentialAction":[{"@type":"SearchAction","target":{"@type":"EntryPoint","urlTemplate":"https:\/\/lavanguardiadecuenca.es\/?s={search_term_string}"},"query-input":{"@type":"PropertyValueSpecification","valueRequired":true,"valueName":"search_term_string"}}],"inLanguage":"es"},{"@type":["Person","Organization"],"@id":"https:\/\/lavanguardiadecuenca.es\/#\/schema\/person\/efd3b99fe10ec3fad96a88f3ae7d092f","name":"Juan Andr\u00e9s Buedo","image":{"@type":"ImageObject","inLanguage":"es","@id":"https:\/\/lavanguardiadecuenca.es\/wp-content\/uploads\/2025\/09\/6a00d8341c734753ef0278801a3634200d-250si.jpg","url":"https:\/\/lavanguardiadecuenca.es\/wp-content\/uploads\/2025\/09\/6a00d8341c734753ef0278801a3634200d-250si.jpg","contentUrl":"https:\/\/lavanguardiadecuenca.es\/wp-content\/uploads\/2025\/09\/6a00d8341c734753ef0278801a3634200d-250si.jpg","width":250,"height":250,"caption":"Juan Andr\u00e9s Buedo"},"logo":{"@id":"https:\/\/lavanguardiadecuenca.es\/wp-content\/uploads\/2025\/09\/6a00d8341c734753ef0278801a3634200d-250si.jpg"},"sameAs":["https:\/\/lavanguardiadecuenca.es\/"],"url":"https:\/\/lavanguardiadecuenca.es\/?author=2"}]}},"_links":{"self":[{"href":"https:\/\/lavanguardiadecuenca.es\/index.php?rest_route=\/wp\/v2\/posts\/8067","targetHints":{"allow":["GET"]}}],"collection":[{"href":"https:\/\/lavanguardiadecuenca.es\/index.php?rest_route=\/wp\/v2\/posts"}],"about":[{"href":"https:\/\/lavanguardiadecuenca.es\/index.php?rest_route=\/wp\/v2\/types\/post"}],"author":[{"embeddable":true,"href":"https:\/\/lavanguardiadecuenca.es\/index.php?rest_route=\/wp\/v2\/users\/2"}],"replies":[{"embeddable":true,"href":"https:\/\/lavanguardiadecuenca.es\/index.php?rest_route=%2Fwp%2Fv2%2Fcomments&post=8067"}],"version-history":[{"count":1,"href":"https:\/\/lavanguardiadecuenca.es\/index.php?rest_route=\/wp\/v2\/posts\/8067\/revisions"}],"predecessor-version":[{"id":8071,"href":"https:\/\/lavanguardiadecuenca.es\/index.php?rest_route=\/wp\/v2\/posts\/8067\/revisions\/8071"}],"wp:attachment":[{"href":"https:\/\/lavanguardiadecuenca.es\/index.php?rest_route=%2Fwp%2Fv2%2Fmedia&parent=8067"}],"wp:term":[{"taxonomy":"category","embeddable":true,"href":"https:\/\/lavanguardiadecuenca.es\/index.php?rest_route=%2Fwp%2Fv2%2Fcategories&post=8067"},{"taxonomy":"post_tag","embeddable":true,"href":"https:\/\/lavanguardiadecuenca.es\/index.php?rest_route=%2Fwp%2Fv2%2Ftags&post=8067"}],"curies":[{"name":"wp","href":"https:\/\/api.w.org\/{rel}","templated":true}]}}