{"id":7713,"date":"2026-01-28T13:29:34","date_gmt":"2026-01-28T13:29:34","guid":{"rendered":"https:\/\/lavanguardiadecuenca.es\/?p=7713"},"modified":"2026-01-28T13:29:35","modified_gmt":"2026-01-28T13:29:35","slug":"plante-150-un-acto-combativo-contra-los-politicos-que-han-cambiado-el-bienestar-de-cuenca-por-el-favor-de-su-partido-por-juan-andres-buedo","status":"publish","type":"post","link":"https:\/\/lavanguardiadecuenca.es\/?p=7713","title":{"rendered":"Plante 150, un acto combativo contra los pol\u00edticos que han cambiado el bienestar de Cuenca por el favor de su partido (por Juan Andr\u00e9s Buedo)"},"content":{"rendered":"\n<figure class=\"wp-block-image size-full\"><img loading=\"lazy\" decoding=\"async\" width=\"1024\" height=\"1024\" src=\"https:\/\/lavanguardiadecuenca.es\/wp-content\/uploads\/2026\/01\/Plante-150-conmemoracion.png\" alt=\"\" class=\"wp-image-7714\" srcset=\"https:\/\/lavanguardiadecuenca.es\/wp-content\/uploads\/2026\/01\/Plante-150-conmemoracion.png 1024w, https:\/\/lavanguardiadecuenca.es\/wp-content\/uploads\/2026\/01\/Plante-150-conmemoracion-300x300.png 300w, https:\/\/lavanguardiadecuenca.es\/wp-content\/uploads\/2026\/01\/Plante-150-conmemoracion-150x150.png 150w, https:\/\/lavanguardiadecuenca.es\/wp-content\/uploads\/2026\/01\/Plante-150-conmemoracion-768x768.png 768w, https:\/\/lavanguardiadecuenca.es\/wp-content\/uploads\/2026\/01\/Plante-150-conmemoracion-850x850.png 850w\" sizes=\"auto, (max-width: 1024px) 100vw, 1024px\" \/><\/figure>\n\n\n\n<p><strong>El plante 150 en defensa del tren convencional Madrid-Cuenca-Valencia fue, m\u00e1s que una cifra, una respiraci\u00f3n colectiva contra el olvido organizado.<\/strong><\/p>\n\n\n\n<p>Cuenca amaneci\u00f3 el 27 de enero con el fr\u00edo calando no solo en los huesos, sino en la memoria. Mientras los despachos oficiales en Madrid y Toledo celebran la \u00aboptimizaci\u00f3n\u00bb de recursos, una veintena de almas \u2014valientes, tercas, dignas\u2014 se plantaban frente a la Diputaci\u00f3n Provincial, al lado de la Iglesia de San Esteban, en defensa del tren convencional. Lo que all\u00ed se vivi\u00f3 no fue una simple protesta; fue un acto de\u00a0<strong>leg\u00edtima defensa<\/strong>\u00a0contra el borrado sistem\u00e1tico de nuestra identidad territorial.<\/p>\n\n\n\n<p>Hab\u00eda en los asistentes una nobleza que no entiende de hojas de c\u00e1lculo. Rostros surcados por el cierzo, manos que han trabajado esta tierra y que hoy sosten\u00edan pancartas con la fragilidad de quien protege un \u00faltimo aliento. Fue una estampa de\u00a0<strong>l\u00edrica ferroviaria<\/strong>: el pueblo defendiendo un ra\u00edl que no solo transporta viajeros, sino que vertebra esperanzas. Ver la madurez de personas unida a la veteran\u00eda de las v\u00edas indelebles fue el recordatorio de que Cuenca no es un \u00abespacio entre paradas de AVE\u00bb, sino un destino con derecho a existir en el mapa de la movilidad humana.<\/p>\n\n\n\n<figure class=\"wp-block-image size-large\"><img loading=\"lazy\" decoding=\"async\" width=\"1024\" height=\"538\" src=\"https:\/\/lavanguardiadecuenca.es\/wp-content\/uploads\/2026\/01\/Plante-150-asistentes-1024x538.jpg\" alt=\"\" class=\"wp-image-7715\" srcset=\"https:\/\/lavanguardiadecuenca.es\/wp-content\/uploads\/2026\/01\/Plante-150-asistentes-1024x538.jpg 1024w, https:\/\/lavanguardiadecuenca.es\/wp-content\/uploads\/2026\/01\/Plante-150-asistentes-300x157.jpg 300w, https:\/\/lavanguardiadecuenca.es\/wp-content\/uploads\/2026\/01\/Plante-150-asistentes-768x403.jpg 768w, https:\/\/lavanguardiadecuenca.es\/wp-content\/uploads\/2026\/01\/Plante-150-asistentes-1536x806.jpg 1536w, https:\/\/lavanguardiadecuenca.es\/wp-content\/uploads\/2026\/01\/Plante-150-asistentes-850x446.jpg 850w, https:\/\/lavanguardiadecuenca.es\/wp-content\/uploads\/2026\/01\/Plante-150-asistentes.jpg 2048w\" sizes=\"auto, (max-width: 1024px) 100vw, 1024px\" \/><\/figure>\n\n\n\n<p>Sin embargo, el eco de este grito parece chocar contra un muro de cristal. Resulta bochornoso el&nbsp;<strong>ejercicio de funambulismo medi\u00e1tico<\/strong>&nbsp;que estamos presenciando. Los grandes altavoces de la informaci\u00f3n han optado por el disimulo, por el breve de compromiso o, peor a\u00fan, por el vac\u00edo absoluto.<\/p>\n\n\n\n<p>Este silencio no es casual; es la anestesia necesaria para que la amputaci\u00f3n del servicio ferroviario pase desapercibida para el resto de Espa\u00f1a. Si no se cuenta, no ocurre. Y si no ocurre, no hay culpables. El tratamiento informativo \u2014o la falta de \u00e9l\u2014 es la herramienta perfecta para que el desmantelamiento de la l\u00ednea Madrid-Cuenca-Valencia se consume sin que se despeinen las moquetas ministeriales.<\/p>\n\n\n\n<p>En los rostros de los presentes en ese acto se mezclaban la paciencia de quien lleva a\u00f1os explicando lo obvio \u2014que el tren vertebra, que el tren fija poblaci\u00f3n, que el tren es m\u00e1s ecol\u00f3gico y m\u00e1s justo\u2014 y la tensi\u00f3n de saberse a contracorriente de casi todo el aparato institucional. Pr\u00e1cticamente todos ellos ya hab\u00edan estado en las grandes manifestaciones de Cuenca, donde se gritaron consignas como \u00abCuenca no se vende, Cuenca se defiende\u00bb, y volvieron a plantar el cuerpo porque entendieron que, sin presencia f\u00edsica, el relato oficial se impone sin resistencia.<\/p>\n\n\n<h3><strong>El disimulo y el silencio medi\u00e1tico<\/strong><\/h3>\n\n\n<p>Mientras esas personas se jugaban el fr\u00edo, el tiempo y la paciencia, una parte de los medios locales y regionales practicaba el arte sutil del\u00a0<strong>disimulo<\/strong>: minimizar, descontextualizar, colocar la movilizaci\u00f3n en el caj\u00f3n menor de la agenda, cuando no simplemente ignorarla. El mismo ecosistema informativo que ha amplificado durante a\u00f1os las supuestas bondades del \u00abnuevo modelo de movilidad\u00bb \u2014m\u00e1s autobuses a demanda, m\u00e1s lanzaderas al AVE, m\u00e1s aparcamientos en los antiguos terrenos ferroviarios\u2014 ha tratado las voces cr\u00edticas como ruido de fondo prescindible.<\/p>\n\n\n\n<p>Ese vac\u00edo informativo est\u00e1 asent\u00e1ndose, una vez m\u00e1s, en la comunidad conquense como una nube blanda de ignorancia inducida. Una ignorancia c\u00f3moda, casi amable, donde la ausencia de noticias se confunde con la ausencia de problemas y donde el abandono acaba normaliz\u00e1ndose. No hay conflicto si nadie lo cuenta; no hay p\u00e9rdida si se deja de nombrar. As\u00ed se administra hoy el declive: sin ruido, sin duelo, sin responsables visibles.<\/p>\n\n\n\n<p>Mientras tanto, el tren sigue sin voz. Y quienes lo defienden, tambi\u00e9n. Porque el problema no es que sean pocos, sino que se les deje solos. Porque no eran veinte personas: era el m\u00ednimo indispensable para que la dignidad no quedara desierta. Cuando un territorio deja de defender su tren, empieza a aceptar su desaparici\u00f3n. Y cuando acepta eso, acepta casi todo lo dem\u00e1s.<\/p>\n\n\n\n<p>El \u00abdisimulo\u00bb medi\u00e1tico del que somos testigos no es fruto del azar, sino de una&nbsp;<strong>omert\u00e1 pol\u00edtica<\/strong>&nbsp;perfectamente ejecutada. Las instituciones gobernantes, esas que se llenan la boca con la \u00abEspa\u00f1a vaciada\u00bb en campa\u00f1a electoral, han dado la orden de silenciar el estr\u00e9pito de las v\u00edas muertas. Para el pol\u00edtico de carrera, el tren convencional es un estorbo en su curr\u00edculum de modernidad impostada; para ellos, informar sobre la lucha de 150 valientes es airear su propio fracaso.<\/p>\n\n\n\n<p>Prefieren el silencio sepulcral de los medios afines antes que admitir que est\u00e1n desmantelando el futuro de Cuenca para cuadrar las cuentas de sus amos en Madrid. Han convertido el derecho a la movilidad en una moneda de cambio para asegurar su pr\u00f3ximo asiento en un consejo de administraci\u00f3n o en una lista cerrada, viviendo de espaldas a una sociedad a la que han decidido dejar a pie.<a href=\"https:\/\/www.eldiario.es\/castilla-la-mancha\/cuenca-rebela-supresion-tren-convencional-plan-liberar-suelo-urbanismo-salvaje_1_8586229.html\" target=\"_blank\" rel=\"noreferrer noopener\"><\/a><\/p>\n\n\n\n<p>No es un silencio neutro, sino funcional: al no contar la historia completa del cierre del Aranjuez-Cuenca-Utiel, se sugiere que la clausura fue inevitable, t\u00e9cnica, casi natural, como si no hubiera existido la larga cadena de decisiones pol\u00edticas, de inversiones desviadas y de falta de mantenimiento deliberada que condujo hasta aqu\u00ed. Se silencia que el tren convencional ofrec\u00eda una red de acceso a numerosos municipios y que su supresi\u00f3n deja una provincia sin servicios regionales sobre 17.000 kil\u00f3metros cuadrados, empujando a la poblaci\u00f3n o bien al coche privado o bien a unos autobuses m\u00e1s caros y m\u00e1s lentos.<\/p>\n\n\n\n<p>Es insultante observar c\u00f3mo quienes deber\u00edan ser los primeros espadas en la defensa de nuestro territorio, se convierten en los enterradores de su progreso. Estos gestores del declive han dise\u00f1ado una&nbsp;<strong>estrategia de alienaci\u00f3n<\/strong>&nbsp;para mantener a la comunidad conquense bajo una nube de ignorancia. Se fomenta el desconocimiento y la resignaci\u00f3n para que el ciudadano medio crea que perder el tren es \u00abinevitable\u00bb, cuando en realidad es una decisi\u00f3n pol\u00edtica deliberada y cruel.<\/p>\n\n\n\n<p>Mientras el pol\u00edtico local se pliega ante las directrices del partido, Cuenca sangra poblaci\u00f3n y oportunidades. No es progreso lo que venden; es una&nbsp;<strong>eutanasia ferroviaria<\/strong>&nbsp;ejecutada por quienes prefieren conservar el favor del ministro de turno antes que el respeto de sus vecinos. La ignorancia de la masa es el colch\u00f3n sobre el que duermen sus conciencias de pl\u00e1stico.<a href=\"https:\/\/www.vocesdecuenca.com\/provincia\/un-ano-sin-tren-convencional-en-cuenca-marcado-por-dos-campanas-electorales-y-la-incertidumbre-judicial\/\" target=\"_blank\" rel=\"noreferrer noopener\"><\/a><\/p>\n\n\n\n<h3 class=\"wp-block-heading\" id=\"la-nube-de-ignorancia-conquense\">La nube de ignorancia conquense<\/h3>\n\n\n\n<p>Sobre la comunidad conquense se ha ido posando, a\u00f1o tras a\u00f1o, una nube de ignorancia cuidadosamente cultivada: informes sesgados, debates evitados, promesas de inversiones alternativas que nunca llegan completas, un lenguaje tecnocr\u00e1tico que pretende convertir una operaci\u00f3n de desmantelamiento en \u00abmodernizaci\u00f3n\u00bb. Esa nube no es solo desconocimiento, sino una forma de niebla pol\u00edtica: si la gente no sabe qu\u00e9 se est\u00e1 perdiendo con el cierre del tren, si no conoce las cifras de inversi\u00f3n previstas y nunca ejecutadas, si no se le explica que hab\u00eda alternativas de mejora del servicio, es m\u00e1s f\u00e1cil que acepte resignada la versi\u00f3n oficial.<a rel=\"noreferrer noopener\" target=\"_blank\" href=\"https:\/\/cadenaser.com\/castillalamancha\/2025\/02\/26\/la-plataforma-en-defensa-del-tren-de-cuenca-avisa-que-los-aparcamientos-en-los-terrenos-de-adif-son-provisionales-para-cuatro-anos-ser-cuenca\/\"><\/a><\/p>\n\n\n\n<p>En esa atm\u00f3sfera enrarecida, quienes acuden al plante 150, quienes pronuncian la palabra \u00abreapertura\u00bb, quienes exigen un ferrocarril p\u00fablico, social y sostenible, se convierten en quebradores de la niebla, en \u00abraros\u00bb que recuerdan que un pa\u00eds que vac\u00eda una l\u00ednea entera sin ofrecer un transporte p\u00fablico equivalente est\u00e1, en realidad, vaciando tambi\u00e9n la ciudadan\u00eda de sus derechos. Frente a la nube de ignorancia, estas personas siembran memoria: recuerdan que hubo un tren que conectaba Madrid, Cuenca y Valencia; que pudo modernizarse; que a\u00fan puede renacer si la sociedad se reconoce a s\u00ed misma como algo m\u00e1s que un paisaje de paso entre dos grandes estaciones de alta velocidad.<\/p>\n\n\n\n<p>La modernidad que elimina v\u00edas no avanza; borra. En Cuenca, el progreso llega casi siempre en forma de renuncia, y la resignaci\u00f3n se vende como realismo. Defender el tren convencional no es nostalgia; es negarse a vivir de espaldas al mapa y a la memoria. A veces no desaparecen los servicios p\u00fablicos: desaparece antes la conciencia que deb\u00eda protegerlos.<a href=\"https:\/\/www.rtve.es\/noticias\/20220327\/multitudinaria-manifestacion-cuenca-por-mantenimiento-del-tren-convencional\/2323476.shtml\" target=\"_blank\" rel=\"noreferrer noopener\"><\/a><\/p>\n\n\n<h3 data-path-to-node=\"13\">Un silbato que se niega a callar; resistencia frente a la poltrona<\/h3>\n\n\n<p>La jornada nos deja una lecci\u00f3n de dignidad. Mientras los medios callan y una extensa parte de la poblaci\u00f3n dormita, los manifestantes del Plante 150 han demostrado que\u00a0<strong>Cuenca tiene pulso<\/strong>. No piden lujos, piden el derecho b\u00e1sico a la conexi\u00f3n, a la permanencia y al respeto.<\/p>\n\n\n\n<p>El tren convencional no es un resto del pasado; es la garant\u00eda de que nuestra provincia no se convierta en un desierto administrativo. O despertamos de la nube y rompemos el silencio, o terminaremos siendo una postal vac\u00eda en el escaparate de la Espa\u00f1a que pudo ser y no la dejaron.<\/p>\n\n\n\n<p>Y, frente a ese panorama de traici\u00f3n y despacho, los participantes en la efem\u00e9ride de este 27 de enero representan la \u00fanica reserva de dignidad que le queda a la provincia. Mientras el poder pol\u00edtico se encierra en su burbuja de privilegios y coches oficiales, el pueblo llano sale a la v\u00eda a decir basta.<\/p>\n\n\n\n<p>Ya no pedimos permiso, pedimos cuentas. Porque si el futuro de Cuenca depende de quienes hoy nos dan la espalda para salvar su puesto, estamos condenados. Pero la jornada evocada demuestra que el rodillo pol\u00edtico ha encontrado una piedra en el camino: una sociedad que empieza a entender que sus gobernantes no son sus l\u00edderes, sino sus verdugos.<\/p>\n\n\n\n<p><br><a href=\"https:\/\/iv.revistalocal.es\/plataforma-defensa-ferrocarril-publico-y-social-cuenca-solicita-reapertura-linea-ferrea-cuenca-utiel\/\" target=\"_blank\" rel=\"noreferrer noopener\"><\/a><\/p>\n","protected":false},"excerpt":{"rendered":"<p>El plante 150 en defensa del tren convencional Madrid-Cuenca-Valencia fue, m\u00e1s que una cifra, una respiraci\u00f3n colectiva contra el olvido organizado. Cuenca amaneci\u00f3 el 27 de enero con el fr\u00edo calando no solo en los huesos, sino en la memoria. Mientras los despachos oficiales en Madrid y Toledo celebran la \u00aboptimizaci\u00f3n\u00bb de recursos, una veintena&#8230;<\/p>\n","protected":false},"author":2,"featured_media":0,"comment_status":"open","ping_status":"open","sticky":false,"template":"","format":"standard","meta":{"rop_custom_images_group":[],"rop_custom_messages_group":[],"rop_publish_now":"initial","rop_publish_now_accounts":[],"rop_publish_now_history":[],"rop_publish_now_status":"pending","footnotes":""},"categories":[2,39,10,14,5,40,6,15,16,8,17,9],"tags":[],"class_list":["post-7713","post","type-post","status-publish","format-standard","hentry","category-actualidad","category-administraciones","category-comunicacion","category-economia","category-educacion","category-empleo","category-historia","category-pensamiento-politico","category-politica","category-sociedad","category-urbanismo-y-arquitectura","category-viajes"],"yoast_head":"<!-- This site is optimized with the Yoast SEO plugin v27.5 - https:\/\/yoast.com\/product\/yoast-seo-wordpress\/ -->\n<title>Plante 150, un acto combativo contra los pol\u00edticos que han cambiado el bienestar de Cuenca por el favor de su partido (por Juan Andr\u00e9s Buedo) - La Vanguardia de Cuenca<\/title>\n<meta name=\"robots\" content=\"index, follow, max-snippet:-1, max-image-preview:large, max-video-preview:-1\" \/>\n<link rel=\"canonical\" href=\"https:\/\/lavanguardiadecuenca.es\/?p=7713\" \/>\n<meta property=\"og:locale\" content=\"es_ES\" \/>\n<meta property=\"og:type\" content=\"article\" \/>\n<meta property=\"og:title\" content=\"Plante 150, un acto combativo contra los pol\u00edticos que han cambiado el bienestar de Cuenca por el favor de su partido (por Juan Andr\u00e9s Buedo) - La Vanguardia de Cuenca\" \/>\n<meta property=\"og:description\" content=\"El plante 150 en defensa del tren convencional Madrid-Cuenca-Valencia fue, m\u00e1s que una cifra, una respiraci\u00f3n colectiva contra el olvido organizado. Cuenca amaneci\u00f3 el 27 de enero con el fr\u00edo calando no solo en los huesos, sino en la memoria. Mientras los despachos oficiales en Madrid y Toledo celebran la \u00aboptimizaci\u00f3n\u00bb de recursos, una veintena...\" \/>\n<meta property=\"og:url\" content=\"https:\/\/lavanguardiadecuenca.es\/?p=7713\" \/>\n<meta property=\"og:site_name\" content=\"La Vanguardia de Cuenca\" \/>\n<meta property=\"article:published_time\" content=\"2026-01-28T13:29:34+00:00\" \/>\n<meta property=\"article:modified_time\" content=\"2026-01-28T13:29:35+00:00\" \/>\n<meta property=\"og:image\" content=\"https:\/\/lavanguardiadecuenca.es\/wp-content\/uploads\/2026\/01\/Plante-150-conmemoracion.png\" \/>\n\t<meta property=\"og:image:width\" content=\"1024\" \/>\n\t<meta property=\"og:image:height\" content=\"1024\" \/>\n\t<meta property=\"og:image:type\" content=\"image\/png\" \/>\n<meta name=\"author\" content=\"Juan Andr\u00e9s Buedo\" \/>\n<meta name=\"twitter:card\" content=\"summary_large_image\" \/>\n<meta name=\"twitter:label1\" content=\"Escrito por\" \/>\n\t<meta name=\"twitter:data1\" content=\"Juan Andr\u00e9s Buedo\" \/>\n\t<meta name=\"twitter:label2\" content=\"Tiempo de lectura\" \/>\n\t<meta name=\"twitter:data2\" content=\"8 minutos\" \/>\n<script type=\"application\/ld+json\" class=\"yoast-schema-graph\">{\"@context\":\"https:\\\/\\\/schema.org\",\"@graph\":[{\"@type\":\"Article\",\"@id\":\"https:\\\/\\\/lavanguardiadecuenca.es\\\/?p=7713#article\",\"isPartOf\":{\"@id\":\"https:\\\/\\\/lavanguardiadecuenca.es\\\/?p=7713\"},\"author\":{\"name\":\"Juan Andr\u00e9s Buedo\",\"@id\":\"https:\\\/\\\/lavanguardiadecuenca.es\\\/#\\\/schema\\\/person\\\/efd3b99fe10ec3fad96a88f3ae7d092f\"},\"headline\":\"Plante 150, un acto combativo contra los pol\u00edticos que han cambiado el bienestar de Cuenca por el favor de su partido (por Juan Andr\u00e9s Buedo)\",\"datePublished\":\"2026-01-28T13:29:34+00:00\",\"dateModified\":\"2026-01-28T13:29:35+00:00\",\"mainEntityOfPage\":{\"@id\":\"https:\\\/\\\/lavanguardiadecuenca.es\\\/?p=7713\"},\"wordCount\":1649,\"commentCount\":0,\"publisher\":{\"@id\":\"https:\\\/\\\/lavanguardiadecuenca.es\\\/#\\\/schema\\\/person\\\/efd3b99fe10ec3fad96a88f3ae7d092f\"},\"image\":{\"@id\":\"https:\\\/\\\/lavanguardiadecuenca.es\\\/?p=7713#primaryimage\"},\"thumbnailUrl\":\"https:\\\/\\\/lavanguardiadecuenca.es\\\/wp-content\\\/uploads\\\/2026\\\/01\\\/Plante-150-conmemoracion.png\",\"articleSection\":[\"Actualidad\",\"Administraciones P\u00fablicas\",\"Comunicaci\u00f3n\",\"Econom\u00eda\",\"Educaci\u00f3n\",\"Empleo\",\"Historia\",\"Pensamiento pol\u00edtico\",\"Pol\u00edtica\",\"Sociedad\",\"Urbanismo y Arquitectura\",\"Viajes\"],\"inLanguage\":\"es\",\"potentialAction\":[{\"@type\":\"CommentAction\",\"name\":\"Comment\",\"target\":[\"https:\\\/\\\/lavanguardiadecuenca.es\\\/?p=7713#respond\"]}]},{\"@type\":\"WebPage\",\"@id\":\"https:\\\/\\\/lavanguardiadecuenca.es\\\/?p=7713\",\"url\":\"https:\\\/\\\/lavanguardiadecuenca.es\\\/?p=7713\",\"name\":\"Plante 150, un acto combativo contra los pol\u00edticos que han cambiado el bienestar de Cuenca por el favor de su partido (por Juan Andr\u00e9s Buedo) - La Vanguardia de Cuenca\",\"isPartOf\":{\"@id\":\"https:\\\/\\\/lavanguardiadecuenca.es\\\/#website\"},\"primaryImageOfPage\":{\"@id\":\"https:\\\/\\\/lavanguardiadecuenca.es\\\/?p=7713#primaryimage\"},\"image\":{\"@id\":\"https:\\\/\\\/lavanguardiadecuenca.es\\\/?p=7713#primaryimage\"},\"thumbnailUrl\":\"https:\\\/\\\/lavanguardiadecuenca.es\\\/wp-content\\\/uploads\\\/2026\\\/01\\\/Plante-150-conmemoracion.png\",\"datePublished\":\"2026-01-28T13:29:34+00:00\",\"dateModified\":\"2026-01-28T13:29:35+00:00\",\"breadcrumb\":{\"@id\":\"https:\\\/\\\/lavanguardiadecuenca.es\\\/?p=7713#breadcrumb\"},\"inLanguage\":\"es\",\"potentialAction\":[{\"@type\":\"ReadAction\",\"target\":[\"https:\\\/\\\/lavanguardiadecuenca.es\\\/?p=7713\"]}]},{\"@type\":\"ImageObject\",\"inLanguage\":\"es\",\"@id\":\"https:\\\/\\\/lavanguardiadecuenca.es\\\/?p=7713#primaryimage\",\"url\":\"https:\\\/\\\/lavanguardiadecuenca.es\\\/wp-content\\\/uploads\\\/2026\\\/01\\\/Plante-150-conmemoracion.png\",\"contentUrl\":\"https:\\\/\\\/lavanguardiadecuenca.es\\\/wp-content\\\/uploads\\\/2026\\\/01\\\/Plante-150-conmemoracion.png\",\"width\":1024,\"height\":1024},{\"@type\":\"BreadcrumbList\",\"@id\":\"https:\\\/\\\/lavanguardiadecuenca.es\\\/?p=7713#breadcrumb\",\"itemListElement\":[{\"@type\":\"ListItem\",\"position\":1,\"name\":\"Portada\",\"item\":\"https:\\\/\\\/lavanguardiadecuenca.es\\\/\"},{\"@type\":\"ListItem\",\"position\":2,\"name\":\"Plante 150, un acto combativo contra los pol\u00edticos que han cambiado el bienestar de Cuenca por el favor de su partido (por Juan Andr\u00e9s Buedo)\"}]},{\"@type\":\"WebSite\",\"@id\":\"https:\\\/\\\/lavanguardiadecuenca.es\\\/#website\",\"url\":\"https:\\\/\\\/lavanguardiadecuenca.es\\\/\",\"name\":\"La Vanguardia de Cuenca\",\"description\":\"Intereses: comunicaci\u00f3n y actualidad en general, weblogs, sociedad, pol\u00edtica\",\"publisher\":{\"@id\":\"https:\\\/\\\/lavanguardiadecuenca.es\\\/#\\\/schema\\\/person\\\/efd3b99fe10ec3fad96a88f3ae7d092f\"},\"potentialAction\":[{\"@type\":\"SearchAction\",\"target\":{\"@type\":\"EntryPoint\",\"urlTemplate\":\"https:\\\/\\\/lavanguardiadecuenca.es\\\/?s={search_term_string}\"},\"query-input\":{\"@type\":\"PropertyValueSpecification\",\"valueRequired\":true,\"valueName\":\"search_term_string\"}}],\"inLanguage\":\"es\"},{\"@type\":[\"Person\",\"Organization\"],\"@id\":\"https:\\\/\\\/lavanguardiadecuenca.es\\\/#\\\/schema\\\/person\\\/efd3b99fe10ec3fad96a88f3ae7d092f\",\"name\":\"Juan Andr\u00e9s Buedo\",\"image\":{\"@type\":\"ImageObject\",\"inLanguage\":\"es\",\"@id\":\"https:\\\/\\\/lavanguardiadecuenca.es\\\/wp-content\\\/uploads\\\/2025\\\/09\\\/6a00d8341c734753ef0278801a3634200d-250si.jpg\",\"url\":\"https:\\\/\\\/lavanguardiadecuenca.es\\\/wp-content\\\/uploads\\\/2025\\\/09\\\/6a00d8341c734753ef0278801a3634200d-250si.jpg\",\"contentUrl\":\"https:\\\/\\\/lavanguardiadecuenca.es\\\/wp-content\\\/uploads\\\/2025\\\/09\\\/6a00d8341c734753ef0278801a3634200d-250si.jpg\",\"width\":250,\"height\":250,\"caption\":\"Juan Andr\u00e9s Buedo\"},\"logo\":{\"@id\":\"https:\\\/\\\/lavanguardiadecuenca.es\\\/wp-content\\\/uploads\\\/2025\\\/09\\\/6a00d8341c734753ef0278801a3634200d-250si.jpg\"},\"sameAs\":[\"https:\\\/\\\/lavanguardiadecuenca.es\\\/\"],\"url\":\"https:\\\/\\\/lavanguardiadecuenca.es\\\/?author=2\"}]}<\/script>\n<!-- \/ Yoast SEO plugin. -->","yoast_head_json":{"title":"Plante 150, un acto combativo contra los pol\u00edticos que han cambiado el bienestar de Cuenca por el favor de su partido (por Juan Andr\u00e9s Buedo) - La Vanguardia de Cuenca","robots":{"index":"index","follow":"follow","max-snippet":"max-snippet:-1","max-image-preview":"max-image-preview:large","max-video-preview":"max-video-preview:-1"},"canonical":"https:\/\/lavanguardiadecuenca.es\/?p=7713","og_locale":"es_ES","og_type":"article","og_title":"Plante 150, un acto combativo contra los pol\u00edticos que han cambiado el bienestar de Cuenca por el favor de su partido (por Juan Andr\u00e9s Buedo) - La Vanguardia de Cuenca","og_description":"El plante 150 en defensa del tren convencional Madrid-Cuenca-Valencia fue, m\u00e1s que una cifra, una respiraci\u00f3n colectiva contra el olvido organizado. Cuenca amaneci\u00f3 el 27 de enero con el fr\u00edo calando no solo en los huesos, sino en la memoria. Mientras los despachos oficiales en Madrid y Toledo celebran la \u00aboptimizaci\u00f3n\u00bb de recursos, una veintena...","og_url":"https:\/\/lavanguardiadecuenca.es\/?p=7713","og_site_name":"La Vanguardia de Cuenca","article_published_time":"2026-01-28T13:29:34+00:00","article_modified_time":"2026-01-28T13:29:35+00:00","og_image":[{"width":1024,"height":1024,"url":"https:\/\/lavanguardiadecuenca.es\/wp-content\/uploads\/2026\/01\/Plante-150-conmemoracion.png","type":"image\/png"}],"author":"Juan Andr\u00e9s Buedo","twitter_card":"summary_large_image","twitter_misc":{"Escrito por":"Juan Andr\u00e9s Buedo","Tiempo de lectura":"8 minutos"},"schema":{"@context":"https:\/\/schema.org","@graph":[{"@type":"Article","@id":"https:\/\/lavanguardiadecuenca.es\/?p=7713#article","isPartOf":{"@id":"https:\/\/lavanguardiadecuenca.es\/?p=7713"},"author":{"name":"Juan Andr\u00e9s Buedo","@id":"https:\/\/lavanguardiadecuenca.es\/#\/schema\/person\/efd3b99fe10ec3fad96a88f3ae7d092f"},"headline":"Plante 150, un acto combativo contra los pol\u00edticos que han cambiado el bienestar de Cuenca por el favor de su partido (por Juan Andr\u00e9s Buedo)","datePublished":"2026-01-28T13:29:34+00:00","dateModified":"2026-01-28T13:29:35+00:00","mainEntityOfPage":{"@id":"https:\/\/lavanguardiadecuenca.es\/?p=7713"},"wordCount":1649,"commentCount":0,"publisher":{"@id":"https:\/\/lavanguardiadecuenca.es\/#\/schema\/person\/efd3b99fe10ec3fad96a88f3ae7d092f"},"image":{"@id":"https:\/\/lavanguardiadecuenca.es\/?p=7713#primaryimage"},"thumbnailUrl":"https:\/\/lavanguardiadecuenca.es\/wp-content\/uploads\/2026\/01\/Plante-150-conmemoracion.png","articleSection":["Actualidad","Administraciones P\u00fablicas","Comunicaci\u00f3n","Econom\u00eda","Educaci\u00f3n","Empleo","Historia","Pensamiento pol\u00edtico","Pol\u00edtica","Sociedad","Urbanismo y Arquitectura","Viajes"],"inLanguage":"es","potentialAction":[{"@type":"CommentAction","name":"Comment","target":["https:\/\/lavanguardiadecuenca.es\/?p=7713#respond"]}]},{"@type":"WebPage","@id":"https:\/\/lavanguardiadecuenca.es\/?p=7713","url":"https:\/\/lavanguardiadecuenca.es\/?p=7713","name":"Plante 150, un acto combativo contra los pol\u00edticos que han cambiado el bienestar de Cuenca por el favor de su partido (por Juan Andr\u00e9s Buedo) - La Vanguardia de Cuenca","isPartOf":{"@id":"https:\/\/lavanguardiadecuenca.es\/#website"},"primaryImageOfPage":{"@id":"https:\/\/lavanguardiadecuenca.es\/?p=7713#primaryimage"},"image":{"@id":"https:\/\/lavanguardiadecuenca.es\/?p=7713#primaryimage"},"thumbnailUrl":"https:\/\/lavanguardiadecuenca.es\/wp-content\/uploads\/2026\/01\/Plante-150-conmemoracion.png","datePublished":"2026-01-28T13:29:34+00:00","dateModified":"2026-01-28T13:29:35+00:00","breadcrumb":{"@id":"https:\/\/lavanguardiadecuenca.es\/?p=7713#breadcrumb"},"inLanguage":"es","potentialAction":[{"@type":"ReadAction","target":["https:\/\/lavanguardiadecuenca.es\/?p=7713"]}]},{"@type":"ImageObject","inLanguage":"es","@id":"https:\/\/lavanguardiadecuenca.es\/?p=7713#primaryimage","url":"https:\/\/lavanguardiadecuenca.es\/wp-content\/uploads\/2026\/01\/Plante-150-conmemoracion.png","contentUrl":"https:\/\/lavanguardiadecuenca.es\/wp-content\/uploads\/2026\/01\/Plante-150-conmemoracion.png","width":1024,"height":1024},{"@type":"BreadcrumbList","@id":"https:\/\/lavanguardiadecuenca.es\/?p=7713#breadcrumb","itemListElement":[{"@type":"ListItem","position":1,"name":"Portada","item":"https:\/\/lavanguardiadecuenca.es\/"},{"@type":"ListItem","position":2,"name":"Plante 150, un acto combativo contra los pol\u00edticos que han cambiado el bienestar de Cuenca por el favor de su partido (por Juan Andr\u00e9s Buedo)"}]},{"@type":"WebSite","@id":"https:\/\/lavanguardiadecuenca.es\/#website","url":"https:\/\/lavanguardiadecuenca.es\/","name":"La Vanguardia de Cuenca","description":"Intereses: comunicaci\u00f3n y actualidad en general, weblogs, sociedad, pol\u00edtica","publisher":{"@id":"https:\/\/lavanguardiadecuenca.es\/#\/schema\/person\/efd3b99fe10ec3fad96a88f3ae7d092f"},"potentialAction":[{"@type":"SearchAction","target":{"@type":"EntryPoint","urlTemplate":"https:\/\/lavanguardiadecuenca.es\/?s={search_term_string}"},"query-input":{"@type":"PropertyValueSpecification","valueRequired":true,"valueName":"search_term_string"}}],"inLanguage":"es"},{"@type":["Person","Organization"],"@id":"https:\/\/lavanguardiadecuenca.es\/#\/schema\/person\/efd3b99fe10ec3fad96a88f3ae7d092f","name":"Juan Andr\u00e9s Buedo","image":{"@type":"ImageObject","inLanguage":"es","@id":"https:\/\/lavanguardiadecuenca.es\/wp-content\/uploads\/2025\/09\/6a00d8341c734753ef0278801a3634200d-250si.jpg","url":"https:\/\/lavanguardiadecuenca.es\/wp-content\/uploads\/2025\/09\/6a00d8341c734753ef0278801a3634200d-250si.jpg","contentUrl":"https:\/\/lavanguardiadecuenca.es\/wp-content\/uploads\/2025\/09\/6a00d8341c734753ef0278801a3634200d-250si.jpg","width":250,"height":250,"caption":"Juan Andr\u00e9s Buedo"},"logo":{"@id":"https:\/\/lavanguardiadecuenca.es\/wp-content\/uploads\/2025\/09\/6a00d8341c734753ef0278801a3634200d-250si.jpg"},"sameAs":["https:\/\/lavanguardiadecuenca.es\/"],"url":"https:\/\/lavanguardiadecuenca.es\/?author=2"}]}},"_links":{"self":[{"href":"https:\/\/lavanguardiadecuenca.es\/index.php?rest_route=\/wp\/v2\/posts\/7713","targetHints":{"allow":["GET"]}}],"collection":[{"href":"https:\/\/lavanguardiadecuenca.es\/index.php?rest_route=\/wp\/v2\/posts"}],"about":[{"href":"https:\/\/lavanguardiadecuenca.es\/index.php?rest_route=\/wp\/v2\/types\/post"}],"author":[{"embeddable":true,"href":"https:\/\/lavanguardiadecuenca.es\/index.php?rest_route=\/wp\/v2\/users\/2"}],"replies":[{"embeddable":true,"href":"https:\/\/lavanguardiadecuenca.es\/index.php?rest_route=%2Fwp%2Fv2%2Fcomments&post=7713"}],"version-history":[{"count":1,"href":"https:\/\/lavanguardiadecuenca.es\/index.php?rest_route=\/wp\/v2\/posts\/7713\/revisions"}],"predecessor-version":[{"id":7716,"href":"https:\/\/lavanguardiadecuenca.es\/index.php?rest_route=\/wp\/v2\/posts\/7713\/revisions\/7716"}],"wp:attachment":[{"href":"https:\/\/lavanguardiadecuenca.es\/index.php?rest_route=%2Fwp%2Fv2%2Fmedia&parent=7713"}],"wp:term":[{"taxonomy":"category","embeddable":true,"href":"https:\/\/lavanguardiadecuenca.es\/index.php?rest_route=%2Fwp%2Fv2%2Fcategories&post=7713"},{"taxonomy":"post_tag","embeddable":true,"href":"https:\/\/lavanguardiadecuenca.es\/index.php?rest_route=%2Fwp%2Fv2%2Ftags&post=7713"}],"curies":[{"name":"wp","href":"https:\/\/api.w.org\/{rel}","templated":true}]}}