{"id":7710,"date":"2026-01-27T11:58:12","date_gmt":"2026-01-27T11:58:12","guid":{"rendered":"https:\/\/lavanguardiadecuenca.es\/?p=7710"},"modified":"2026-01-27T11:58:12","modified_gmt":"2026-01-27T11:58:12","slug":"el-ministro-de-la-red-oscar-puente-y-la-politica-del-cuerpo-a-cuerpo-en-x-por-juan-andres-buedo","status":"publish","type":"post","link":"https:\/\/lavanguardiadecuenca.es\/?p=7710","title":{"rendered":"El \u00abMinistro de la Red\u00bb: \u00d3scar Puente y la pol\u00edtica del cuerpo a cuerpo en X (por Juan Andr\u00e9s Buedo)"},"content":{"rendered":"\n<figure class=\"wp-block-image size-full\"><img loading=\"lazy\" decoding=\"async\" width=\"1024\" height=\"683\" src=\"https:\/\/lavanguardiadecuenca.es\/wp-content\/uploads\/2026\/01\/Menos-tuits-y-mas-infraestructuras.jpg\" alt=\"\" class=\"wp-image-7711\" srcset=\"https:\/\/lavanguardiadecuenca.es\/wp-content\/uploads\/2026\/01\/Menos-tuits-y-mas-infraestructuras.jpg 1024w, https:\/\/lavanguardiadecuenca.es\/wp-content\/uploads\/2026\/01\/Menos-tuits-y-mas-infraestructuras-300x200.jpg 300w, https:\/\/lavanguardiadecuenca.es\/wp-content\/uploads\/2026\/01\/Menos-tuits-y-mas-infraestructuras-768x512.jpg 768w, https:\/\/lavanguardiadecuenca.es\/wp-content\/uploads\/2026\/01\/Menos-tuits-y-mas-infraestructuras-850x567.jpg 850w\" sizes=\"auto, (max-width: 1024px) 100vw, 1024px\" \/><\/figure>\n\n\n\n<p>Hay ministros que comunican; y hay ministros que se comunican. \u00d3scar Puente pertenece, sin duda, a la segunda categor\u00eda. No utiliza X como un instrumento subordinado a la acci\u00f3n pol\u00edtica, sino como un escenario central de su identidad p\u00fablica, hasta el punto de que su gesti\u00f3n \u2014o la percepci\u00f3n de ella\u2014 acaba filtr\u00e1ndose a trav\u00e9s de un flujo constante de tuits, r\u00e9plicas, iron\u00edas y escaramuzas digitales. No estamos ante un mero exceso de celo comunicativo, sino ante una mutaci\u00f3n del rol: el ministro como polemista permanente, el cargo p\u00fablico como opinador profesional en tiempo real.<\/p>\n\n\n\n<p>La cuesti\u00f3n no es moral, ni siquiera estil\u00edstica. Es pol\u00edtica. Porque cuando un ministro dedica una parte sustancial de su energ\u00eda diaria a intervenir en X \u2014varias horas al d\u00eda, de forma sostenida\u2014 deja de ser relevante si los mensajes son ingeniosos, certeros o incluso compartibles. Lo relevante es qu\u00e9 queda fuera mientras tanto. Y en el caso del Ministerio de Transportes, lo que queda fuera no es precisamente menor: una red ferroviaria exhausta, inversiones mal ejecutadas, territorios perif\u00e9ricos que siguen perdiendo conectividad y una sensaci\u00f3n creciente de deterioro del servicio p\u00fablico que afecta, de forma muy concreta, a provincias como Cuenca.<\/p>\n\n\n\n<p>Puente ha convertido X en una prolongaci\u00f3n de su car\u00e1cter pol\u00edtico: confrontacional, r\u00e1pido, ir\u00f3nico, muchas veces eficaz en el golpe corto y casi siempre c\u00f3modo en el conflicto. No reh\u00faye la pelea; la busca. Responde a adversarios, periodistas, usuarios an\u00f3nimos y l\u00edderes de la oposici\u00f3n con una intensidad impropia de un cargo que deber\u00eda administrar silencios con la misma destreza que palabras. El problema no es que un ministro tenga opini\u00f3n \u2014faltar\u00eda m\u00e1s\u2014 sino que la exhiba de forma compulsiva, desplazando el centro de gravedad de la pol\u00edtica desde la gesti\u00f3n hacia el comentario.<\/p>\n\n\n\n<p>Hay algo profundamente revelador en el hecho de que su actividad en X tienda a disminuir cuando los problemas afectan directamente a su \u00e1rea de responsabilidad. Como si el ruido digital resultara m\u00e1s c\u00f3modo cuando la crisis es ajena y m\u00e1s inc\u00f3modo cuando interpela de lleno al despacho ministerial. Ese patr\u00f3n, repetido, no es anecd\u00f3tico: dibuja una forma de entender el poder donde la narrativa precede a la resoluci\u00f3n y donde el control del marco importa m\u00e1s que el control del sistema.<\/p>\n\n\n\n<p>Para provincias como Cuenca, este modelo de ministro-tuitero resulta especialmente lesivo. Porque aqu\u00ed no hablamos de abstracciones ideol\u00f3gicas ni de debates identitarios: hablamos de trenes que no llegan, de l\u00edneas cerradas, de oportunidades econ\u00f3micas perdidas y de una sensaci\u00f3n persistente de abandono institucional. Mientras el ministro polemiza en X, Cuenca sigue fuera de los grandes corredores log\u00edsticos, sigue perdiendo poblaci\u00f3n y sigue siendo tratada como una nota al pie en la planificaci\u00f3n estatal. Y eso no se compensa con un hilo ingenioso ni con una r\u00e9plica viral.<\/p>\n\n\n\n<p>La hiperactividad en redes tiene adem\u00e1s un efecto corrosivo sobre la propia autoridad del cargo. El ministro que responde a todo acaba pareciendo un tertuliano con cartera. El que bloquea a cr\u00edticos, ridiculiza a ciudadanos o se enzarza en disputas menores termina diluyendo la distancia simb\u00f3lica que requiere el ejercicio del poder democr\u00e1tico. Gobernar no es gustar, ni ganar discusiones en X, ni acumular \u201cme gusta\u201d. Gobernar es priorizar, decidir y, sobre todo, callar cuando toca trabajar.<\/p>\n\n\n\n<p>No se trata de reclamar ministros mudos ni de a\u00f1orar una pol\u00edtica decimon\u00f3nica. Se trata de recordar que la comunicaci\u00f3n institucional no puede convertirse en un fin en s\u00ed mismo. Cuando el medio devora al mensaje, y el mensaje suplanta a la acci\u00f3n, la pol\u00edtica se vuelve performativa: mucho gesto, poca estructura. Y eso, en un pa\u00eds con d\u00e9ficits hist\u00f3ricos de planificaci\u00f3n territorial y cohesi\u00f3n infraestructural, es un lujo que no podemos permitirnos.<\/p>\n\n\n\n<p>\u00d3scar Puente ha demostrado sobradamente que domina el lenguaje de X. Pero ese dominio tiene un coste. Cada minuto invertido en la pol\u00e9mica es un minuto que no se dedica a pensar c\u00f3mo reequilibrar el mapa ferroviario, c\u00f3mo garantizar servicios dignos en la Espa\u00f1a interior o c\u00f3mo corregir d\u00e9cadas de centralismo inversor. La pol\u00edtica no puede reducirse a una secuencia de pantallazos. Y menos a\u00fan cuando hay territorios que llevan a\u00f1os esperando algo tan poco glamuroso como una decisi\u00f3n eficaz.<\/p>\n\n\n\n<p>Quiz\u00e1 el problema de fondo no sea Puente, sino el modelo que encarna: una pol\u00edtica atrapada en la inmediatez, incapaz de sostener el silencio necesario para construir soluciones complejas. Pero los ministros no son v\u00edctimas del sistema; son responsables de \u00e9l. Y mientras X siga siendo el escenario principal de la acci\u00f3n pol\u00edtica, lugares como Cuenca seguir\u00e1n siendo secundarios, perif\u00e9ricos, prescindibles.<\/p>\n\n\n\n<p>Gobernar exige menos tuits y m\u00e1s trenes. Menos iron\u00eda y m\u00e1s planificaci\u00f3n. Menos presencia digital y m\u00e1s presencia territorial. Todo lo dem\u00e1s es ruido. Y el ruido, en provincias que ya viven al borde del silencio, acaba siendo otra forma de abandono.<\/p>\n\n\n\n<p><\/p>\n","protected":false},"excerpt":{"rendered":"<p>Hay ministros que comunican; y hay ministros que se comunican. \u00d3scar Puente pertenece, sin duda, a la segunda categor\u00eda. No utiliza X como un instrumento subordinado a la acci\u00f3n pol\u00edtica, sino como un escenario central de su identidad p\u00fablica, hasta el punto de que su gesti\u00f3n \u2014o la percepci\u00f3n de ella\u2014 acaba filtr\u00e1ndose a trav\u00e9s&#8230;<\/p>\n","protected":false},"author":2,"featured_media":0,"comment_status":"open","ping_status":"open","sticky":false,"template":"","format":"standard","meta":{"rop_custom_images_group":[],"rop_custom_messages_group":[],"rop_publish_now":"initial","rop_publish_now_accounts":[],"rop_publish_now_history":[],"rop_publish_now_status":"pending","footnotes":""},"categories":[2,39,10,15,16,8,19,9],"tags":[],"class_list":["post-7710","post","type-post","status-publish","format-standard","hentry","category-actualidad","category-administraciones","category-comunicacion","category-pensamiento-politico","category-politica","category-sociedad","category-sociedad-de-la-informacion","category-viajes"],"yoast_head":"<!-- This site is optimized with the Yoast SEO plugin v27.5 - https:\/\/yoast.com\/product\/yoast-seo-wordpress\/ -->\n<title>El &quot;Ministro de la Red&quot;: \u00d3scar Puente y la pol\u00edtica del cuerpo a cuerpo en X (por Juan Andr\u00e9s Buedo) - La Vanguardia de Cuenca<\/title>\n<meta name=\"robots\" content=\"index, follow, max-snippet:-1, max-image-preview:large, max-video-preview:-1\" \/>\n<link rel=\"canonical\" href=\"https:\/\/lavanguardiadecuenca.es\/?p=7710\" \/>\n<meta property=\"og:locale\" content=\"es_ES\" \/>\n<meta property=\"og:type\" content=\"article\" \/>\n<meta property=\"og:title\" content=\"El &quot;Ministro de la Red&quot;: \u00d3scar Puente y la pol\u00edtica del cuerpo a cuerpo en X (por Juan Andr\u00e9s Buedo) - La Vanguardia de Cuenca\" \/>\n<meta property=\"og:description\" content=\"Hay ministros que comunican; y hay ministros que se comunican. \u00d3scar Puente pertenece, sin duda, a la segunda categor\u00eda. No utiliza X como un instrumento subordinado a la acci\u00f3n pol\u00edtica, sino como un escenario central de su identidad p\u00fablica, hasta el punto de que su gesti\u00f3n \u2014o la percepci\u00f3n de ella\u2014 acaba filtr\u00e1ndose a trav\u00e9s...\" \/>\n<meta property=\"og:url\" content=\"https:\/\/lavanguardiadecuenca.es\/?p=7710\" \/>\n<meta property=\"og:site_name\" content=\"La Vanguardia de Cuenca\" \/>\n<meta property=\"article:published_time\" content=\"2026-01-27T11:58:12+00:00\" \/>\n<meta property=\"og:image\" content=\"https:\/\/lavanguardiadecuenca.es\/wp-content\/uploads\/2026\/01\/Menos-tuits-y-mas-infraestructuras.jpg\" \/>\n\t<meta property=\"og:image:width\" content=\"1024\" \/>\n\t<meta property=\"og:image:height\" content=\"683\" \/>\n\t<meta property=\"og:image:type\" content=\"image\/jpeg\" \/>\n<meta name=\"author\" content=\"Juan Andr\u00e9s Buedo\" \/>\n<meta name=\"twitter:card\" content=\"summary_large_image\" \/>\n<meta name=\"twitter:label1\" content=\"Escrito por\" \/>\n\t<meta name=\"twitter:data1\" content=\"Juan Andr\u00e9s Buedo\" \/>\n\t<meta name=\"twitter:label2\" content=\"Tiempo de lectura\" \/>\n\t<meta name=\"twitter:data2\" content=\"4 minutos\" \/>\n<script type=\"application\/ld+json\" class=\"yoast-schema-graph\">{\"@context\":\"https:\\\/\\\/schema.org\",\"@graph\":[{\"@type\":\"Article\",\"@id\":\"https:\\\/\\\/lavanguardiadecuenca.es\\\/?p=7710#article\",\"isPartOf\":{\"@id\":\"https:\\\/\\\/lavanguardiadecuenca.es\\\/?p=7710\"},\"author\":{\"name\":\"Juan Andr\u00e9s Buedo\",\"@id\":\"https:\\\/\\\/lavanguardiadecuenca.es\\\/#\\\/schema\\\/person\\\/efd3b99fe10ec3fad96a88f3ae7d092f\"},\"headline\":\"El \u00abMinistro de la Red\u00bb: \u00d3scar Puente y la pol\u00edtica del cuerpo a cuerpo en X (por Juan Andr\u00e9s Buedo)\",\"datePublished\":\"2026-01-27T11:58:12+00:00\",\"mainEntityOfPage\":{\"@id\":\"https:\\\/\\\/lavanguardiadecuenca.es\\\/?p=7710\"},\"wordCount\":904,\"commentCount\":0,\"publisher\":{\"@id\":\"https:\\\/\\\/lavanguardiadecuenca.es\\\/#\\\/schema\\\/person\\\/efd3b99fe10ec3fad96a88f3ae7d092f\"},\"image\":{\"@id\":\"https:\\\/\\\/lavanguardiadecuenca.es\\\/?p=7710#primaryimage\"},\"thumbnailUrl\":\"https:\\\/\\\/lavanguardiadecuenca.es\\\/wp-content\\\/uploads\\\/2026\\\/01\\\/Menos-tuits-y-mas-infraestructuras.jpg\",\"articleSection\":[\"Actualidad\",\"Administraciones P\u00fablicas\",\"Comunicaci\u00f3n\",\"Pensamiento pol\u00edtico\",\"Pol\u00edtica\",\"Sociedad\",\"Sociedad de la Informaci\u00f3n\",\"Viajes\"],\"inLanguage\":\"es\",\"potentialAction\":[{\"@type\":\"CommentAction\",\"name\":\"Comment\",\"target\":[\"https:\\\/\\\/lavanguardiadecuenca.es\\\/?p=7710#respond\"]}]},{\"@type\":\"WebPage\",\"@id\":\"https:\\\/\\\/lavanguardiadecuenca.es\\\/?p=7710\",\"url\":\"https:\\\/\\\/lavanguardiadecuenca.es\\\/?p=7710\",\"name\":\"El \\\"Ministro de la Red\\\": \u00d3scar Puente y la pol\u00edtica del cuerpo a cuerpo en X (por Juan Andr\u00e9s Buedo) - La Vanguardia de Cuenca\",\"isPartOf\":{\"@id\":\"https:\\\/\\\/lavanguardiadecuenca.es\\\/#website\"},\"primaryImageOfPage\":{\"@id\":\"https:\\\/\\\/lavanguardiadecuenca.es\\\/?p=7710#primaryimage\"},\"image\":{\"@id\":\"https:\\\/\\\/lavanguardiadecuenca.es\\\/?p=7710#primaryimage\"},\"thumbnailUrl\":\"https:\\\/\\\/lavanguardiadecuenca.es\\\/wp-content\\\/uploads\\\/2026\\\/01\\\/Menos-tuits-y-mas-infraestructuras.jpg\",\"datePublished\":\"2026-01-27T11:58:12+00:00\",\"breadcrumb\":{\"@id\":\"https:\\\/\\\/lavanguardiadecuenca.es\\\/?p=7710#breadcrumb\"},\"inLanguage\":\"es\",\"potentialAction\":[{\"@type\":\"ReadAction\",\"target\":[\"https:\\\/\\\/lavanguardiadecuenca.es\\\/?p=7710\"]}]},{\"@type\":\"ImageObject\",\"inLanguage\":\"es\",\"@id\":\"https:\\\/\\\/lavanguardiadecuenca.es\\\/?p=7710#primaryimage\",\"url\":\"https:\\\/\\\/lavanguardiadecuenca.es\\\/wp-content\\\/uploads\\\/2026\\\/01\\\/Menos-tuits-y-mas-infraestructuras.jpg\",\"contentUrl\":\"https:\\\/\\\/lavanguardiadecuenca.es\\\/wp-content\\\/uploads\\\/2026\\\/01\\\/Menos-tuits-y-mas-infraestructuras.jpg\",\"width\":1024,\"height\":683},{\"@type\":\"BreadcrumbList\",\"@id\":\"https:\\\/\\\/lavanguardiadecuenca.es\\\/?p=7710#breadcrumb\",\"itemListElement\":[{\"@type\":\"ListItem\",\"position\":1,\"name\":\"Portada\",\"item\":\"https:\\\/\\\/lavanguardiadecuenca.es\\\/\"},{\"@type\":\"ListItem\",\"position\":2,\"name\":\"El \u00abMinistro de la Red\u00bb: \u00d3scar Puente y la pol\u00edtica del cuerpo a cuerpo en X (por Juan Andr\u00e9s Buedo)\"}]},{\"@type\":\"WebSite\",\"@id\":\"https:\\\/\\\/lavanguardiadecuenca.es\\\/#website\",\"url\":\"https:\\\/\\\/lavanguardiadecuenca.es\\\/\",\"name\":\"La Vanguardia de Cuenca\",\"description\":\"Intereses: comunicaci\u00f3n y actualidad en general, weblogs, sociedad, pol\u00edtica\",\"publisher\":{\"@id\":\"https:\\\/\\\/lavanguardiadecuenca.es\\\/#\\\/schema\\\/person\\\/efd3b99fe10ec3fad96a88f3ae7d092f\"},\"potentialAction\":[{\"@type\":\"SearchAction\",\"target\":{\"@type\":\"EntryPoint\",\"urlTemplate\":\"https:\\\/\\\/lavanguardiadecuenca.es\\\/?s={search_term_string}\"},\"query-input\":{\"@type\":\"PropertyValueSpecification\",\"valueRequired\":true,\"valueName\":\"search_term_string\"}}],\"inLanguage\":\"es\"},{\"@type\":[\"Person\",\"Organization\"],\"@id\":\"https:\\\/\\\/lavanguardiadecuenca.es\\\/#\\\/schema\\\/person\\\/efd3b99fe10ec3fad96a88f3ae7d092f\",\"name\":\"Juan Andr\u00e9s Buedo\",\"image\":{\"@type\":\"ImageObject\",\"inLanguage\":\"es\",\"@id\":\"https:\\\/\\\/lavanguardiadecuenca.es\\\/wp-content\\\/uploads\\\/2025\\\/09\\\/6a00d8341c734753ef0278801a3634200d-250si.jpg\",\"url\":\"https:\\\/\\\/lavanguardiadecuenca.es\\\/wp-content\\\/uploads\\\/2025\\\/09\\\/6a00d8341c734753ef0278801a3634200d-250si.jpg\",\"contentUrl\":\"https:\\\/\\\/lavanguardiadecuenca.es\\\/wp-content\\\/uploads\\\/2025\\\/09\\\/6a00d8341c734753ef0278801a3634200d-250si.jpg\",\"width\":250,\"height\":250,\"caption\":\"Juan Andr\u00e9s Buedo\"},\"logo\":{\"@id\":\"https:\\\/\\\/lavanguardiadecuenca.es\\\/wp-content\\\/uploads\\\/2025\\\/09\\\/6a00d8341c734753ef0278801a3634200d-250si.jpg\"},\"sameAs\":[\"https:\\\/\\\/lavanguardiadecuenca.es\\\/\"],\"url\":\"https:\\\/\\\/lavanguardiadecuenca.es\\\/?author=2\"}]}<\/script>\n<!-- \/ Yoast SEO plugin. -->","yoast_head_json":{"title":"El \"Ministro de la Red\": \u00d3scar Puente y la pol\u00edtica del cuerpo a cuerpo en X (por Juan Andr\u00e9s Buedo) - La Vanguardia de Cuenca","robots":{"index":"index","follow":"follow","max-snippet":"max-snippet:-1","max-image-preview":"max-image-preview:large","max-video-preview":"max-video-preview:-1"},"canonical":"https:\/\/lavanguardiadecuenca.es\/?p=7710","og_locale":"es_ES","og_type":"article","og_title":"El \"Ministro de la Red\": \u00d3scar Puente y la pol\u00edtica del cuerpo a cuerpo en X (por Juan Andr\u00e9s Buedo) - La Vanguardia de Cuenca","og_description":"Hay ministros que comunican; y hay ministros que se comunican. \u00d3scar Puente pertenece, sin duda, a la segunda categor\u00eda. No utiliza X como un instrumento subordinado a la acci\u00f3n pol\u00edtica, sino como un escenario central de su identidad p\u00fablica, hasta el punto de que su gesti\u00f3n \u2014o la percepci\u00f3n de ella\u2014 acaba filtr\u00e1ndose a trav\u00e9s...","og_url":"https:\/\/lavanguardiadecuenca.es\/?p=7710","og_site_name":"La Vanguardia de Cuenca","article_published_time":"2026-01-27T11:58:12+00:00","og_image":[{"width":1024,"height":683,"url":"https:\/\/lavanguardiadecuenca.es\/wp-content\/uploads\/2026\/01\/Menos-tuits-y-mas-infraestructuras.jpg","type":"image\/jpeg"}],"author":"Juan Andr\u00e9s Buedo","twitter_card":"summary_large_image","twitter_misc":{"Escrito por":"Juan Andr\u00e9s Buedo","Tiempo de lectura":"4 minutos"},"schema":{"@context":"https:\/\/schema.org","@graph":[{"@type":"Article","@id":"https:\/\/lavanguardiadecuenca.es\/?p=7710#article","isPartOf":{"@id":"https:\/\/lavanguardiadecuenca.es\/?p=7710"},"author":{"name":"Juan Andr\u00e9s Buedo","@id":"https:\/\/lavanguardiadecuenca.es\/#\/schema\/person\/efd3b99fe10ec3fad96a88f3ae7d092f"},"headline":"El \u00abMinistro de la Red\u00bb: \u00d3scar Puente y la pol\u00edtica del cuerpo a cuerpo en X (por Juan Andr\u00e9s Buedo)","datePublished":"2026-01-27T11:58:12+00:00","mainEntityOfPage":{"@id":"https:\/\/lavanguardiadecuenca.es\/?p=7710"},"wordCount":904,"commentCount":0,"publisher":{"@id":"https:\/\/lavanguardiadecuenca.es\/#\/schema\/person\/efd3b99fe10ec3fad96a88f3ae7d092f"},"image":{"@id":"https:\/\/lavanguardiadecuenca.es\/?p=7710#primaryimage"},"thumbnailUrl":"https:\/\/lavanguardiadecuenca.es\/wp-content\/uploads\/2026\/01\/Menos-tuits-y-mas-infraestructuras.jpg","articleSection":["Actualidad","Administraciones P\u00fablicas","Comunicaci\u00f3n","Pensamiento pol\u00edtico","Pol\u00edtica","Sociedad","Sociedad de la Informaci\u00f3n","Viajes"],"inLanguage":"es","potentialAction":[{"@type":"CommentAction","name":"Comment","target":["https:\/\/lavanguardiadecuenca.es\/?p=7710#respond"]}]},{"@type":"WebPage","@id":"https:\/\/lavanguardiadecuenca.es\/?p=7710","url":"https:\/\/lavanguardiadecuenca.es\/?p=7710","name":"El \"Ministro de la Red\": \u00d3scar Puente y la pol\u00edtica del cuerpo a cuerpo en X (por Juan Andr\u00e9s Buedo) - La Vanguardia de Cuenca","isPartOf":{"@id":"https:\/\/lavanguardiadecuenca.es\/#website"},"primaryImageOfPage":{"@id":"https:\/\/lavanguardiadecuenca.es\/?p=7710#primaryimage"},"image":{"@id":"https:\/\/lavanguardiadecuenca.es\/?p=7710#primaryimage"},"thumbnailUrl":"https:\/\/lavanguardiadecuenca.es\/wp-content\/uploads\/2026\/01\/Menos-tuits-y-mas-infraestructuras.jpg","datePublished":"2026-01-27T11:58:12+00:00","breadcrumb":{"@id":"https:\/\/lavanguardiadecuenca.es\/?p=7710#breadcrumb"},"inLanguage":"es","potentialAction":[{"@type":"ReadAction","target":["https:\/\/lavanguardiadecuenca.es\/?p=7710"]}]},{"@type":"ImageObject","inLanguage":"es","@id":"https:\/\/lavanguardiadecuenca.es\/?p=7710#primaryimage","url":"https:\/\/lavanguardiadecuenca.es\/wp-content\/uploads\/2026\/01\/Menos-tuits-y-mas-infraestructuras.jpg","contentUrl":"https:\/\/lavanguardiadecuenca.es\/wp-content\/uploads\/2026\/01\/Menos-tuits-y-mas-infraestructuras.jpg","width":1024,"height":683},{"@type":"BreadcrumbList","@id":"https:\/\/lavanguardiadecuenca.es\/?p=7710#breadcrumb","itemListElement":[{"@type":"ListItem","position":1,"name":"Portada","item":"https:\/\/lavanguardiadecuenca.es\/"},{"@type":"ListItem","position":2,"name":"El \u00abMinistro de la Red\u00bb: \u00d3scar Puente y la pol\u00edtica del cuerpo a cuerpo en X (por Juan Andr\u00e9s Buedo)"}]},{"@type":"WebSite","@id":"https:\/\/lavanguardiadecuenca.es\/#website","url":"https:\/\/lavanguardiadecuenca.es\/","name":"La Vanguardia de Cuenca","description":"Intereses: comunicaci\u00f3n y actualidad en general, weblogs, sociedad, pol\u00edtica","publisher":{"@id":"https:\/\/lavanguardiadecuenca.es\/#\/schema\/person\/efd3b99fe10ec3fad96a88f3ae7d092f"},"potentialAction":[{"@type":"SearchAction","target":{"@type":"EntryPoint","urlTemplate":"https:\/\/lavanguardiadecuenca.es\/?s={search_term_string}"},"query-input":{"@type":"PropertyValueSpecification","valueRequired":true,"valueName":"search_term_string"}}],"inLanguage":"es"},{"@type":["Person","Organization"],"@id":"https:\/\/lavanguardiadecuenca.es\/#\/schema\/person\/efd3b99fe10ec3fad96a88f3ae7d092f","name":"Juan Andr\u00e9s Buedo","image":{"@type":"ImageObject","inLanguage":"es","@id":"https:\/\/lavanguardiadecuenca.es\/wp-content\/uploads\/2025\/09\/6a00d8341c734753ef0278801a3634200d-250si.jpg","url":"https:\/\/lavanguardiadecuenca.es\/wp-content\/uploads\/2025\/09\/6a00d8341c734753ef0278801a3634200d-250si.jpg","contentUrl":"https:\/\/lavanguardiadecuenca.es\/wp-content\/uploads\/2025\/09\/6a00d8341c734753ef0278801a3634200d-250si.jpg","width":250,"height":250,"caption":"Juan Andr\u00e9s Buedo"},"logo":{"@id":"https:\/\/lavanguardiadecuenca.es\/wp-content\/uploads\/2025\/09\/6a00d8341c734753ef0278801a3634200d-250si.jpg"},"sameAs":["https:\/\/lavanguardiadecuenca.es\/"],"url":"https:\/\/lavanguardiadecuenca.es\/?author=2"}]}},"_links":{"self":[{"href":"https:\/\/lavanguardiadecuenca.es\/index.php?rest_route=\/wp\/v2\/posts\/7710","targetHints":{"allow":["GET"]}}],"collection":[{"href":"https:\/\/lavanguardiadecuenca.es\/index.php?rest_route=\/wp\/v2\/posts"}],"about":[{"href":"https:\/\/lavanguardiadecuenca.es\/index.php?rest_route=\/wp\/v2\/types\/post"}],"author":[{"embeddable":true,"href":"https:\/\/lavanguardiadecuenca.es\/index.php?rest_route=\/wp\/v2\/users\/2"}],"replies":[{"embeddable":true,"href":"https:\/\/lavanguardiadecuenca.es\/index.php?rest_route=%2Fwp%2Fv2%2Fcomments&post=7710"}],"version-history":[{"count":1,"href":"https:\/\/lavanguardiadecuenca.es\/index.php?rest_route=\/wp\/v2\/posts\/7710\/revisions"}],"predecessor-version":[{"id":7712,"href":"https:\/\/lavanguardiadecuenca.es\/index.php?rest_route=\/wp\/v2\/posts\/7710\/revisions\/7712"}],"wp:attachment":[{"href":"https:\/\/lavanguardiadecuenca.es\/index.php?rest_route=%2Fwp%2Fv2%2Fmedia&parent=7710"}],"wp:term":[{"taxonomy":"category","embeddable":true,"href":"https:\/\/lavanguardiadecuenca.es\/index.php?rest_route=%2Fwp%2Fv2%2Fcategories&post=7710"},{"taxonomy":"post_tag","embeddable":true,"href":"https:\/\/lavanguardiadecuenca.es\/index.php?rest_route=%2Fwp%2Fv2%2Ftags&post=7710"}],"curies":[{"name":"wp","href":"https:\/\/api.w.org\/{rel}","templated":true}]}}