{"id":7707,"date":"2026-01-27T10:03:49","date_gmt":"2026-01-27T10:03:49","guid":{"rendered":"https:\/\/lavanguardiadecuenca.es\/?p=7707"},"modified":"2026-01-27T10:03:50","modified_gmt":"2026-01-27T10:03:50","slug":"el-tertulianismo-politico-en-radio-y-television-por-juan-andres-buedo","status":"publish","type":"post","link":"https:\/\/lavanguardiadecuenca.es\/?p=7707","title":{"rendered":"El tertulianismo pol\u00edtico en radio y televisi\u00f3n (por Juan Andr\u00e9s Buedo)"},"content":{"rendered":"\n<figure class=\"wp-block-image size-large\"><img loading=\"lazy\" decoding=\"async\" width=\"1024\" height=\"683\" src=\"https:\/\/lavanguardiadecuenca.es\/wp-content\/uploads\/2026\/01\/Imagen-de-cabecera-para-articulo-de-tertulia-1024x683.png\" alt=\"\" class=\"wp-image-7708\" srcset=\"https:\/\/lavanguardiadecuenca.es\/wp-content\/uploads\/2026\/01\/Imagen-de-cabecera-para-articulo-de-tertulia-1024x683.png 1024w, https:\/\/lavanguardiadecuenca.es\/wp-content\/uploads\/2026\/01\/Imagen-de-cabecera-para-articulo-de-tertulia-300x200.png 300w, https:\/\/lavanguardiadecuenca.es\/wp-content\/uploads\/2026\/01\/Imagen-de-cabecera-para-articulo-de-tertulia-768x512.png 768w, https:\/\/lavanguardiadecuenca.es\/wp-content\/uploads\/2026\/01\/Imagen-de-cabecera-para-articulo-de-tertulia-850x567.png 850w, https:\/\/lavanguardiadecuenca.es\/wp-content\/uploads\/2026\/01\/Imagen-de-cabecera-para-articulo-de-tertulia.png 1536w\" sizes=\"auto, (max-width: 1024px) 100vw, 1024px\" \/><\/figure>\n\n\n\n<p>Durante buena parte del d\u00eda, Espa\u00f1a no se gobierna solo desde el Consejo de Ministros, el Parlamento o los despachos auton\u00f3micos. Se gobierna tambi\u00e9n \u2014y cada vez m\u00e1s\u2014 desde estudios de radio y plat\u00f3s de televisi\u00f3n donde un grupo reducido de voces, reconocibles y recurrentes, interpreta la realidad pol\u00edtica en tiempo real. El tertulianismo pol\u00edtico se ha convertido en una de las principales mediaciones entre el poder y la ciudadan\u00eda, y conviene preguntarse, sin prejuicios ni indulgencias, qu\u00e9 ha aportado y qu\u00e9 ha erosionado en nuestra democracia.<\/p>\n\n\n\n<p>La tertulia pol\u00edtica naci\u00f3 como un formato modesto, casi artesanal. Un espacio de conversaci\u00f3n sosegada, con periodistas especializados, acad\u00e9micos o testigos cualificados que contextualizaban la actualidad para una audiencia que buscaba comprender. En la radio, especialmente, cumpli\u00f3 durante a\u00f1os una funci\u00f3n pedag\u00f3gica indiscutible: traducir la complejidad institucional a un lenguaje com\u00fan, ofrecer claves interpretativas y abrir un espacio plural para el contraste de ideas. Fue, en ese sentido, una herramienta de democratizaci\u00f3n del debate p\u00fablico. La pol\u00edtica dej\u00f3 de ser un lenguaje exclusivo de \u00e9lites para convertirse en conversaci\u00f3n cotidiana.<\/p>\n\n\n\n<p>Ese proceso tuvo virtudes claras. Acerc\u00f3 la actualidad pol\u00edtica a sectores tradicionalmente alejados del inter\u00e9s c\u00edvico, gener\u00f3 h\u00e1bito informativo y contribuy\u00f3 a que amplias capas sociales entendieran que las decisiones p\u00fablicas afectan a su vida diaria. La tertulia, bien entendida, ofrec\u00eda contexto, memoria y comparaci\u00f3n. Recordaba precedentes, se\u00f1alaba incoherencias, introduc\u00eda matices que rara vez caben en el titular o en la declaraci\u00f3n institucional. Durante a\u00f1os, muchas tertulias ejercieron incluso una forma de contrapoder blando, inc\u00f3modo para gobiernos de distinto signo, al se\u00f1alar errores, contradicciones y silencios.<\/p>\n\n\n\n<p>Pero el problema no lleg\u00f3 con la tertulia como formato, sino con su conversi\u00f3n en sistema. La pol\u00edtica medi\u00e1tica fue colonizando cada franja horaria, cada canal, cada emisora. La conversaci\u00f3n se aceler\u00f3 hasta convertirse en ruido. El an\u00e1lisis dio paso a la reacci\u00f3n inmediata. Y la figura del tertuliano dej\u00f3 de ser la del especialista ocasional para transformarse en un perfil profesional permanente: el opinador omnipresente que habla de todo sin saber casi nada en profundidad, pero con enorme seguridad ret\u00f3rica.<\/p>\n\n\n\n<p>Ese cambio alter\u00f3 radicalmente el ecosistema informativo. La opini\u00f3n empez\u00f3 a desplazar a la informaci\u00f3n. El comentario se impuso al dato. Y la l\u00f3gica del espect\u00e1culo, inherente a la televisi\u00f3n y cada vez m\u00e1s presente tambi\u00e9n en la radio, pas\u00f3 a gobernar la discusi\u00f3n pol\u00edtica. El debate dej\u00f3 de orientarse a esclarecer para orientarse a vencer. No se busca comprender al otro, sino desautorizarlo. No se trata de aportar argumentos, sino de generar clips virales, frases lapidarias, momentos de tensi\u00f3n que alimenten la conversaci\u00f3n en redes sociales.<\/p>\n\n\n\n<p>El tertulianismo contempor\u00e1neo vive de la polarizaci\u00f3n. Necesita bandos claros, identidades enfrentadas, antagonismos simples. La complejidad no vende. La duda debilita. El matiz aburre. As\u00ed, muchos programas han optado por una pluralidad solo aparente: voces enfrentadas no para dialogar, sino para representar trincheras previamente asignadas. Cada tertuliano habla menos para convencer al adversario que para confirmar a su audiencia. Se refuerzan prejuicios, se solidifican marcos mentales y se empobrece el espacio com\u00fan de deliberaci\u00f3n.<\/p>\n\n\n\n<p>Esta din\u00e1mica tiene consecuencias profundas. La primera es la degradaci\u00f3n del debate p\u00fablico. Cuando todo se reduce a un combate moral, desaparece la posibilidad de evaluar pol\u00edticas p\u00fablicas por sus resultados reales. Las decisiones se juzgan por su impacto medi\u00e1tico, no por su eficacia social o econ\u00f3mica. Importa m\u00e1s el relato que la realidad. Y el ciudadano acaba atrapado en una narrativa permanente de indignaci\u00f3n, esc\u00e1ndalo y confrontaci\u00f3n que genera fatiga democr\u00e1tica.<\/p>\n\n\n\n<p>La segunda consecuencia es la sustituci\u00f3n del periodismo por el tertulianismo. Las redacciones se adelgazan, la investigaci\u00f3n se encarece y el an\u00e1lisis profundo se vuelve residual, mientras los plat\u00f3s se llenan de opinadores que comentan titulares sin haber le\u00eddo documentos, leyes o presupuestos. El tiempo que deber\u00eda dedicarse a explicar se consume en discutir. El espacio que deber\u00eda ocupar la informaci\u00f3n contrastada lo ocupa la especulaci\u00f3n. Y el resultado es una ciudadan\u00eda sobreexpuesta a la opini\u00f3n y subalimentada de conocimiento.<\/p>\n\n\n\n<p>Existe adem\u00e1s un problema menos visible pero m\u00e1s estructural: la dependencia pol\u00edtica y econ\u00f3mica del tertulianismo. No pocas tertulias funcionan como extensiones informales de partidos, gobiernos o grupos empresariales. Los alineamientos son previsibles, las indulgencias selectivas y las indignaciones, estrat\u00e9gicas. El tertuliano \u201cindependiente\u201d suele ser, en demasiados casos, alguien con v\u00ednculos, expectativas o lealtades no siempre expl\u00edcitas. Esto no invalida autom\u00e1ticamente sus argumentos, pero s\u00ed exige una lectura cr\u00edtica que rara vez se fomenta.<\/p>\n\n\n\n<p>En este contexto, la pol\u00edtica se adapta al medio. Los dirigentes gobiernan ya pensando en la tertulia del d\u00eda siguiente. Ajustan mensajes, silencios y gestos a la l\u00f3gica del plat\u00f3. La comunicaci\u00f3n sustituye a la gesti\u00f3n. El anuncio importa m\u00e1s que la ejecuci\u00f3n. Y la pol\u00edtica se vuelve cortoplacista, reactiva y temerosa de la mala prensa inmediata. El escrutinio constante, que en teor\u00eda deber\u00eda mejorar la calidad democr\u00e1tica, acaba generando par\u00e1lisis, teatralizaci\u00f3n o populismo declarativo.<\/p>\n\n\n\n<p>Sin embargo, ser\u00eda un error caer en la nostalgia o en la demonizaci\u00f3n simplista. El tertulianismo no es intr\u00ednsecamente nocivo. Sigue teniendo potencial como espacio de socializaci\u00f3n pol\u00edtica, de contraste de puntos de vista y de vigilancia del poder. La radio, especialmente, conserva todav\u00eda \u00e1mbitos donde la conversaci\u00f3n es m\u00e1s pausada, m\u00e1s reflexiva y menos dependiente del grito. Existen programas y profesionales que resisten la tentaci\u00f3n del espect\u00e1culo y apuestan por la explicaci\u00f3n rigurosa.<\/p>\n\n\n\n<p>El problema aparece cuando la tertulia deja de ser un complemento y se convierte en el eje central del sistema informativo. Cuando sustituye al periodismo en lugar de convivir con \u00e9l. Cuando el an\u00e1lisis se diluye en la consigna y la discusi\u00f3n se convierte en un ritual previsible. En ese punto, la tertulia deja de estimular el pensamiento cr\u00edtico y pasa a organizar el ruido.<\/p>\n\n\n\n<p>Para territorios como Cuenca, este fen\u00f3meno tiene adem\u00e1s una derivada espec\u00edfica. La agenda medi\u00e1tica nacional, amplificada por el tertulianismo, invisibiliza los problemas estructurales de la Espa\u00f1a interior. El debate pol\u00edtico se concentra en los grandes conflictos simb\u00f3licos mientras se relegan cuestiones como la despoblaci\u00f3n, las infraestructuras, los servicios p\u00fablicos o el desequilibrio territorial. La tertulia centralista no mira al territorio; lo utiliza, en el mejor de los casos, como decorado ret\u00f3rico.<\/p>\n\n\n\n<p>Frente a este escenario, la responsabilidad es compartida. De los medios, que deben decidir si quieren ser espacios de informaci\u00f3n o de entretenimiento disfrazado de pol\u00edtica. De los tertulianos, que deber\u00edan recordar que opinar no exime de informarse. Y de la ciudadan\u00eda, que puede exigir m\u00e1s rigor y menos ruido. Porque la democracia no se debilita solo por el silencio, sino tambi\u00e9n por la saturaci\u00f3n de palabras vac\u00edas.<\/p>\n\n\n\n<p>La tertulia no deber\u00eda sustituir al pensamiento, sino provocarlo. No deber\u00eda cerrar debates, sino abrirlos. No deber\u00eda confirmar certezas, sino incomodarlas. Cuando cumple esa funci\u00f3n, es una herramienta valiosa. Cuando la traiciona, se convierte en un s\u00edntoma m\u00e1s de una pol\u00edtica degradada por la urgencia, el espect\u00e1culo y la falta de profundidad.<\/p>\n\n\n\n<p>Espa\u00f1a necesita menos tertulias que griten y m\u00e1s espacios que expliquen. Menos opinadores que pontifiquen y m\u00e1s periodistas que investiguen. Menos ruido y m\u00e1s criterio. Porque una democracia madura no se mide por la cantidad de palabras que produce, sino por la calidad de las ideas que es capaz de sostener.<\/p>\n\n\n\n<p><\/p>\n","protected":false},"excerpt":{"rendered":"<p>Durante buena parte del d\u00eda, Espa\u00f1a no se gobierna solo desde el Consejo de Ministros, el Parlamento o los despachos auton\u00f3micos. Se gobierna tambi\u00e9n \u2014y cada vez m\u00e1s\u2014 desde estudios de radio y plat\u00f3s de televisi\u00f3n donde un grupo reducido de voces, reconocibles y recurrentes, interpreta la realidad pol\u00edtica en tiempo real. El tertulianismo pol\u00edtico&#8230;<\/p>\n","protected":false},"author":2,"featured_media":0,"comment_status":"open","ping_status":"open","sticky":false,"template":"","format":"standard","meta":{"rop_custom_images_group":[],"rop_custom_messages_group":[],"rop_publish_now":"initial","rop_publish_now_accounts":[],"rop_publish_now_history":[],"rop_publish_now_status":"pending","footnotes":""},"categories":[2,39,10,4,14,5,6,15,16,8,20],"tags":[],"class_list":["post-7707","post","type-post","status-publish","format-standard","hentry","category-actualidad","category-administraciones","category-comunicacion","category-cultura","category-economia","category-educacion","category-historia","category-pensamiento-politico","category-politica","category-sociedad","category-television"],"yoast_head":"<!-- This site is optimized with the Yoast SEO plugin v27.5 - https:\/\/yoast.com\/product\/yoast-seo-wordpress\/ -->\n<title>El tertulianismo pol\u00edtico en radio y televisi\u00f3n (por Juan Andr\u00e9s Buedo) - La Vanguardia de Cuenca<\/title>\n<meta name=\"robots\" content=\"index, follow, max-snippet:-1, max-image-preview:large, max-video-preview:-1\" \/>\n<link rel=\"canonical\" href=\"https:\/\/lavanguardiadecuenca.es\/?p=7707\" \/>\n<meta property=\"og:locale\" content=\"es_ES\" \/>\n<meta property=\"og:type\" content=\"article\" \/>\n<meta property=\"og:title\" content=\"El tertulianismo pol\u00edtico en radio y televisi\u00f3n (por Juan Andr\u00e9s Buedo) - La Vanguardia de Cuenca\" \/>\n<meta property=\"og:description\" content=\"Durante buena parte del d\u00eda, Espa\u00f1a no se gobierna solo desde el Consejo de Ministros, el Parlamento o los despachos auton\u00f3micos. Se gobierna tambi\u00e9n \u2014y cada vez m\u00e1s\u2014 desde estudios de radio y plat\u00f3s de televisi\u00f3n donde un grupo reducido de voces, reconocibles y recurrentes, interpreta la realidad pol\u00edtica en tiempo real. El tertulianismo pol\u00edtico...\" \/>\n<meta property=\"og:url\" content=\"https:\/\/lavanguardiadecuenca.es\/?p=7707\" \/>\n<meta property=\"og:site_name\" content=\"La Vanguardia de Cuenca\" \/>\n<meta property=\"article:published_time\" content=\"2026-01-27T10:03:49+00:00\" \/>\n<meta property=\"article:modified_time\" content=\"2026-01-27T10:03:50+00:00\" \/>\n<meta property=\"og:image\" content=\"https:\/\/lavanguardiadecuenca.es\/wp-content\/uploads\/2026\/01\/Imagen-de-cabecera-para-articulo-de-tertulia-1024x683.png\" \/>\n\t<meta property=\"og:image:width\" content=\"1024\" \/>\n\t<meta property=\"og:image:height\" content=\"683\" \/>\n\t<meta property=\"og:image:type\" content=\"image\/png\" \/>\n<meta name=\"author\" content=\"Juan Andr\u00e9s Buedo\" \/>\n<meta name=\"twitter:card\" content=\"summary_large_image\" \/>\n<meta name=\"twitter:label1\" content=\"Escrito por\" \/>\n\t<meta name=\"twitter:data1\" content=\"Juan Andr\u00e9s Buedo\" \/>\n\t<meta name=\"twitter:label2\" content=\"Tiempo de lectura\" \/>\n\t<meta name=\"twitter:data2\" content=\"6 minutos\" \/>\n<script type=\"application\/ld+json\" class=\"yoast-schema-graph\">{\"@context\":\"https:\\\/\\\/schema.org\",\"@graph\":[{\"@type\":\"Article\",\"@id\":\"https:\\\/\\\/lavanguardiadecuenca.es\\\/?p=7707#article\",\"isPartOf\":{\"@id\":\"https:\\\/\\\/lavanguardiadecuenca.es\\\/?p=7707\"},\"author\":{\"name\":\"Juan Andr\u00e9s Buedo\",\"@id\":\"https:\\\/\\\/lavanguardiadecuenca.es\\\/#\\\/schema\\\/person\\\/efd3b99fe10ec3fad96a88f3ae7d092f\"},\"headline\":\"El tertulianismo pol\u00edtico en radio y televisi\u00f3n (por Juan Andr\u00e9s Buedo)\",\"datePublished\":\"2026-01-27T10:03:49+00:00\",\"dateModified\":\"2026-01-27T10:03:50+00:00\",\"mainEntityOfPage\":{\"@id\":\"https:\\\/\\\/lavanguardiadecuenca.es\\\/?p=7707\"},\"wordCount\":1347,\"commentCount\":1,\"publisher\":{\"@id\":\"https:\\\/\\\/lavanguardiadecuenca.es\\\/#\\\/schema\\\/person\\\/efd3b99fe10ec3fad96a88f3ae7d092f\"},\"image\":{\"@id\":\"https:\\\/\\\/lavanguardiadecuenca.es\\\/?p=7707#primaryimage\"},\"thumbnailUrl\":\"https:\\\/\\\/lavanguardiadecuenca.es\\\/wp-content\\\/uploads\\\/2026\\\/01\\\/Imagen-de-cabecera-para-articulo-de-tertulia-1024x683.png\",\"articleSection\":[\"Actualidad\",\"Administraciones P\u00fablicas\",\"Comunicaci\u00f3n\",\"Cultura\",\"Econom\u00eda\",\"Educaci\u00f3n\",\"Historia\",\"Pensamiento pol\u00edtico\",\"Pol\u00edtica\",\"Sociedad\",\"Televisi\u00f3n\"],\"inLanguage\":\"es\",\"potentialAction\":[{\"@type\":\"CommentAction\",\"name\":\"Comment\",\"target\":[\"https:\\\/\\\/lavanguardiadecuenca.es\\\/?p=7707#respond\"]}]},{\"@type\":\"WebPage\",\"@id\":\"https:\\\/\\\/lavanguardiadecuenca.es\\\/?p=7707\",\"url\":\"https:\\\/\\\/lavanguardiadecuenca.es\\\/?p=7707\",\"name\":\"El tertulianismo pol\u00edtico en radio y televisi\u00f3n (por Juan Andr\u00e9s Buedo) - La Vanguardia de Cuenca\",\"isPartOf\":{\"@id\":\"https:\\\/\\\/lavanguardiadecuenca.es\\\/#website\"},\"primaryImageOfPage\":{\"@id\":\"https:\\\/\\\/lavanguardiadecuenca.es\\\/?p=7707#primaryimage\"},\"image\":{\"@id\":\"https:\\\/\\\/lavanguardiadecuenca.es\\\/?p=7707#primaryimage\"},\"thumbnailUrl\":\"https:\\\/\\\/lavanguardiadecuenca.es\\\/wp-content\\\/uploads\\\/2026\\\/01\\\/Imagen-de-cabecera-para-articulo-de-tertulia-1024x683.png\",\"datePublished\":\"2026-01-27T10:03:49+00:00\",\"dateModified\":\"2026-01-27T10:03:50+00:00\",\"breadcrumb\":{\"@id\":\"https:\\\/\\\/lavanguardiadecuenca.es\\\/?p=7707#breadcrumb\"},\"inLanguage\":\"es\",\"potentialAction\":[{\"@type\":\"ReadAction\",\"target\":[\"https:\\\/\\\/lavanguardiadecuenca.es\\\/?p=7707\"]}]},{\"@type\":\"ImageObject\",\"inLanguage\":\"es\",\"@id\":\"https:\\\/\\\/lavanguardiadecuenca.es\\\/?p=7707#primaryimage\",\"url\":\"https:\\\/\\\/lavanguardiadecuenca.es\\\/wp-content\\\/uploads\\\/2026\\\/01\\\/Imagen-de-cabecera-para-articulo-de-tertulia.png\",\"contentUrl\":\"https:\\\/\\\/lavanguardiadecuenca.es\\\/wp-content\\\/uploads\\\/2026\\\/01\\\/Imagen-de-cabecera-para-articulo-de-tertulia.png\",\"width\":1536,\"height\":1024},{\"@type\":\"BreadcrumbList\",\"@id\":\"https:\\\/\\\/lavanguardiadecuenca.es\\\/?p=7707#breadcrumb\",\"itemListElement\":[{\"@type\":\"ListItem\",\"position\":1,\"name\":\"Portada\",\"item\":\"https:\\\/\\\/lavanguardiadecuenca.es\\\/\"},{\"@type\":\"ListItem\",\"position\":2,\"name\":\"El tertulianismo pol\u00edtico en radio y televisi\u00f3n (por Juan Andr\u00e9s Buedo)\"}]},{\"@type\":\"WebSite\",\"@id\":\"https:\\\/\\\/lavanguardiadecuenca.es\\\/#website\",\"url\":\"https:\\\/\\\/lavanguardiadecuenca.es\\\/\",\"name\":\"La Vanguardia de Cuenca\",\"description\":\"Intereses: comunicaci\u00f3n y actualidad en general, weblogs, sociedad, pol\u00edtica\",\"publisher\":{\"@id\":\"https:\\\/\\\/lavanguardiadecuenca.es\\\/#\\\/schema\\\/person\\\/efd3b99fe10ec3fad96a88f3ae7d092f\"},\"potentialAction\":[{\"@type\":\"SearchAction\",\"target\":{\"@type\":\"EntryPoint\",\"urlTemplate\":\"https:\\\/\\\/lavanguardiadecuenca.es\\\/?s={search_term_string}\"},\"query-input\":{\"@type\":\"PropertyValueSpecification\",\"valueRequired\":true,\"valueName\":\"search_term_string\"}}],\"inLanguage\":\"es\"},{\"@type\":[\"Person\",\"Organization\"],\"@id\":\"https:\\\/\\\/lavanguardiadecuenca.es\\\/#\\\/schema\\\/person\\\/efd3b99fe10ec3fad96a88f3ae7d092f\",\"name\":\"Juan Andr\u00e9s Buedo\",\"image\":{\"@type\":\"ImageObject\",\"inLanguage\":\"es\",\"@id\":\"https:\\\/\\\/lavanguardiadecuenca.es\\\/wp-content\\\/uploads\\\/2025\\\/09\\\/6a00d8341c734753ef0278801a3634200d-250si.jpg\",\"url\":\"https:\\\/\\\/lavanguardiadecuenca.es\\\/wp-content\\\/uploads\\\/2025\\\/09\\\/6a00d8341c734753ef0278801a3634200d-250si.jpg\",\"contentUrl\":\"https:\\\/\\\/lavanguardiadecuenca.es\\\/wp-content\\\/uploads\\\/2025\\\/09\\\/6a00d8341c734753ef0278801a3634200d-250si.jpg\",\"width\":250,\"height\":250,\"caption\":\"Juan Andr\u00e9s Buedo\"},\"logo\":{\"@id\":\"https:\\\/\\\/lavanguardiadecuenca.es\\\/wp-content\\\/uploads\\\/2025\\\/09\\\/6a00d8341c734753ef0278801a3634200d-250si.jpg\"},\"sameAs\":[\"https:\\\/\\\/lavanguardiadecuenca.es\\\/\"],\"url\":\"https:\\\/\\\/lavanguardiadecuenca.es\\\/?author=2\"}]}<\/script>\n<!-- \/ Yoast SEO plugin. -->","yoast_head_json":{"title":"El tertulianismo pol\u00edtico en radio y televisi\u00f3n (por Juan Andr\u00e9s Buedo) - La Vanguardia de Cuenca","robots":{"index":"index","follow":"follow","max-snippet":"max-snippet:-1","max-image-preview":"max-image-preview:large","max-video-preview":"max-video-preview:-1"},"canonical":"https:\/\/lavanguardiadecuenca.es\/?p=7707","og_locale":"es_ES","og_type":"article","og_title":"El tertulianismo pol\u00edtico en radio y televisi\u00f3n (por Juan Andr\u00e9s Buedo) - La Vanguardia de Cuenca","og_description":"Durante buena parte del d\u00eda, Espa\u00f1a no se gobierna solo desde el Consejo de Ministros, el Parlamento o los despachos auton\u00f3micos. Se gobierna tambi\u00e9n \u2014y cada vez m\u00e1s\u2014 desde estudios de radio y plat\u00f3s de televisi\u00f3n donde un grupo reducido de voces, reconocibles y recurrentes, interpreta la realidad pol\u00edtica en tiempo real. El tertulianismo pol\u00edtico...","og_url":"https:\/\/lavanguardiadecuenca.es\/?p=7707","og_site_name":"La Vanguardia de Cuenca","article_published_time":"2026-01-27T10:03:49+00:00","article_modified_time":"2026-01-27T10:03:50+00:00","og_image":[{"width":1024,"height":683,"url":"https:\/\/lavanguardiadecuenca.es\/wp-content\/uploads\/2026\/01\/Imagen-de-cabecera-para-articulo-de-tertulia-1024x683.png","type":"image\/png"}],"author":"Juan Andr\u00e9s Buedo","twitter_card":"summary_large_image","twitter_misc":{"Escrito por":"Juan Andr\u00e9s Buedo","Tiempo de lectura":"6 minutos"},"schema":{"@context":"https:\/\/schema.org","@graph":[{"@type":"Article","@id":"https:\/\/lavanguardiadecuenca.es\/?p=7707#article","isPartOf":{"@id":"https:\/\/lavanguardiadecuenca.es\/?p=7707"},"author":{"name":"Juan Andr\u00e9s Buedo","@id":"https:\/\/lavanguardiadecuenca.es\/#\/schema\/person\/efd3b99fe10ec3fad96a88f3ae7d092f"},"headline":"El tertulianismo pol\u00edtico en radio y televisi\u00f3n (por Juan Andr\u00e9s Buedo)","datePublished":"2026-01-27T10:03:49+00:00","dateModified":"2026-01-27T10:03:50+00:00","mainEntityOfPage":{"@id":"https:\/\/lavanguardiadecuenca.es\/?p=7707"},"wordCount":1347,"commentCount":1,"publisher":{"@id":"https:\/\/lavanguardiadecuenca.es\/#\/schema\/person\/efd3b99fe10ec3fad96a88f3ae7d092f"},"image":{"@id":"https:\/\/lavanguardiadecuenca.es\/?p=7707#primaryimage"},"thumbnailUrl":"https:\/\/lavanguardiadecuenca.es\/wp-content\/uploads\/2026\/01\/Imagen-de-cabecera-para-articulo-de-tertulia-1024x683.png","articleSection":["Actualidad","Administraciones P\u00fablicas","Comunicaci\u00f3n","Cultura","Econom\u00eda","Educaci\u00f3n","Historia","Pensamiento pol\u00edtico","Pol\u00edtica","Sociedad","Televisi\u00f3n"],"inLanguage":"es","potentialAction":[{"@type":"CommentAction","name":"Comment","target":["https:\/\/lavanguardiadecuenca.es\/?p=7707#respond"]}]},{"@type":"WebPage","@id":"https:\/\/lavanguardiadecuenca.es\/?p=7707","url":"https:\/\/lavanguardiadecuenca.es\/?p=7707","name":"El tertulianismo pol\u00edtico en radio y televisi\u00f3n (por Juan Andr\u00e9s Buedo) - La Vanguardia de Cuenca","isPartOf":{"@id":"https:\/\/lavanguardiadecuenca.es\/#website"},"primaryImageOfPage":{"@id":"https:\/\/lavanguardiadecuenca.es\/?p=7707#primaryimage"},"image":{"@id":"https:\/\/lavanguardiadecuenca.es\/?p=7707#primaryimage"},"thumbnailUrl":"https:\/\/lavanguardiadecuenca.es\/wp-content\/uploads\/2026\/01\/Imagen-de-cabecera-para-articulo-de-tertulia-1024x683.png","datePublished":"2026-01-27T10:03:49+00:00","dateModified":"2026-01-27T10:03:50+00:00","breadcrumb":{"@id":"https:\/\/lavanguardiadecuenca.es\/?p=7707#breadcrumb"},"inLanguage":"es","potentialAction":[{"@type":"ReadAction","target":["https:\/\/lavanguardiadecuenca.es\/?p=7707"]}]},{"@type":"ImageObject","inLanguage":"es","@id":"https:\/\/lavanguardiadecuenca.es\/?p=7707#primaryimage","url":"https:\/\/lavanguardiadecuenca.es\/wp-content\/uploads\/2026\/01\/Imagen-de-cabecera-para-articulo-de-tertulia.png","contentUrl":"https:\/\/lavanguardiadecuenca.es\/wp-content\/uploads\/2026\/01\/Imagen-de-cabecera-para-articulo-de-tertulia.png","width":1536,"height":1024},{"@type":"BreadcrumbList","@id":"https:\/\/lavanguardiadecuenca.es\/?p=7707#breadcrumb","itemListElement":[{"@type":"ListItem","position":1,"name":"Portada","item":"https:\/\/lavanguardiadecuenca.es\/"},{"@type":"ListItem","position":2,"name":"El tertulianismo pol\u00edtico en radio y televisi\u00f3n (por Juan Andr\u00e9s Buedo)"}]},{"@type":"WebSite","@id":"https:\/\/lavanguardiadecuenca.es\/#website","url":"https:\/\/lavanguardiadecuenca.es\/","name":"La Vanguardia de Cuenca","description":"Intereses: comunicaci\u00f3n y actualidad en general, weblogs, sociedad, pol\u00edtica","publisher":{"@id":"https:\/\/lavanguardiadecuenca.es\/#\/schema\/person\/efd3b99fe10ec3fad96a88f3ae7d092f"},"potentialAction":[{"@type":"SearchAction","target":{"@type":"EntryPoint","urlTemplate":"https:\/\/lavanguardiadecuenca.es\/?s={search_term_string}"},"query-input":{"@type":"PropertyValueSpecification","valueRequired":true,"valueName":"search_term_string"}}],"inLanguage":"es"},{"@type":["Person","Organization"],"@id":"https:\/\/lavanguardiadecuenca.es\/#\/schema\/person\/efd3b99fe10ec3fad96a88f3ae7d092f","name":"Juan Andr\u00e9s Buedo","image":{"@type":"ImageObject","inLanguage":"es","@id":"https:\/\/lavanguardiadecuenca.es\/wp-content\/uploads\/2025\/09\/6a00d8341c734753ef0278801a3634200d-250si.jpg","url":"https:\/\/lavanguardiadecuenca.es\/wp-content\/uploads\/2025\/09\/6a00d8341c734753ef0278801a3634200d-250si.jpg","contentUrl":"https:\/\/lavanguardiadecuenca.es\/wp-content\/uploads\/2025\/09\/6a00d8341c734753ef0278801a3634200d-250si.jpg","width":250,"height":250,"caption":"Juan Andr\u00e9s Buedo"},"logo":{"@id":"https:\/\/lavanguardiadecuenca.es\/wp-content\/uploads\/2025\/09\/6a00d8341c734753ef0278801a3634200d-250si.jpg"},"sameAs":["https:\/\/lavanguardiadecuenca.es\/"],"url":"https:\/\/lavanguardiadecuenca.es\/?author=2"}]}},"_links":{"self":[{"href":"https:\/\/lavanguardiadecuenca.es\/index.php?rest_route=\/wp\/v2\/posts\/7707","targetHints":{"allow":["GET"]}}],"collection":[{"href":"https:\/\/lavanguardiadecuenca.es\/index.php?rest_route=\/wp\/v2\/posts"}],"about":[{"href":"https:\/\/lavanguardiadecuenca.es\/index.php?rest_route=\/wp\/v2\/types\/post"}],"author":[{"embeddable":true,"href":"https:\/\/lavanguardiadecuenca.es\/index.php?rest_route=\/wp\/v2\/users\/2"}],"replies":[{"embeddable":true,"href":"https:\/\/lavanguardiadecuenca.es\/index.php?rest_route=%2Fwp%2Fv2%2Fcomments&post=7707"}],"version-history":[{"count":1,"href":"https:\/\/lavanguardiadecuenca.es\/index.php?rest_route=\/wp\/v2\/posts\/7707\/revisions"}],"predecessor-version":[{"id":7709,"href":"https:\/\/lavanguardiadecuenca.es\/index.php?rest_route=\/wp\/v2\/posts\/7707\/revisions\/7709"}],"wp:attachment":[{"href":"https:\/\/lavanguardiadecuenca.es\/index.php?rest_route=%2Fwp%2Fv2%2Fmedia&parent=7707"}],"wp:term":[{"taxonomy":"category","embeddable":true,"href":"https:\/\/lavanguardiadecuenca.es\/index.php?rest_route=%2Fwp%2Fv2%2Fcategories&post=7707"},{"taxonomy":"post_tag","embeddable":true,"href":"https:\/\/lavanguardiadecuenca.es\/index.php?rest_route=%2Fwp%2Fv2%2Ftags&post=7707"}],"curies":[{"name":"wp","href":"https:\/\/api.w.org\/{rel}","templated":true}]}}