{"id":7691,"date":"2026-01-25T13:09:51","date_gmt":"2026-01-25T13:09:51","guid":{"rendered":"https:\/\/lavanguardiadecuenca.es\/?p=7691"},"modified":"2026-01-25T13:09:51","modified_gmt":"2026-01-25T13:09:51","slug":"la-linea-de-alta-velocidad-kaputt-al-habla-con-el-presidente-de-la-gestora-del-pp-de-cuenca-por-eulalio-lopez-colliga","status":"publish","type":"post","link":"https:\/\/lavanguardiadecuenca.es\/?p=7691","title":{"rendered":"La l\u00ednea de alta velocidad, \u00abkaputt\u00bb. Al habla con el presidente de la Gestora del PP de Cuenca (por Eulalio L\u00f3pez C\u00f3lliga)"},"content":{"rendered":"\n<figure class=\"wp-block-image size-large\"><img loading=\"lazy\" decoding=\"async\" width=\"1024\" height=\"530\" src=\"https:\/\/lavanguardiadecuenca.es\/wp-content\/uploads\/2026\/01\/AVE-tren-PP-Cuenca-1024x530.jpg\" alt=\"\" class=\"wp-image-7693\" srcset=\"https:\/\/lavanguardiadecuenca.es\/wp-content\/uploads\/2026\/01\/AVE-tren-PP-Cuenca-1024x530.jpg 1024w, https:\/\/lavanguardiadecuenca.es\/wp-content\/uploads\/2026\/01\/AVE-tren-PP-Cuenca-300x155.jpg 300w, https:\/\/lavanguardiadecuenca.es\/wp-content\/uploads\/2026\/01\/AVE-tren-PP-Cuenca-768x398.jpg 768w, https:\/\/lavanguardiadecuenca.es\/wp-content\/uploads\/2026\/01\/AVE-tren-PP-Cuenca-850x440.jpg 850w, https:\/\/lavanguardiadecuenca.es\/wp-content\/uploads\/2026\/01\/AVE-tren-PP-Cuenca.jpg 1049w\" sizes=\"auto, (max-width: 1024px) 100vw, 1024px\" \/><\/figure>\n\n\n\n<figure class=\"wp-block-image size-large\"><img loading=\"lazy\" decoding=\"async\" width=\"678\" height=\"1024\" src=\"https:\/\/lavanguardiadecuenca.es\/wp-content\/uploads\/2026\/01\/ELC-AVEKPP.1-678x1024.jpg\" alt=\"\" class=\"wp-image-7694\" srcset=\"https:\/\/lavanguardiadecuenca.es\/wp-content\/uploads\/2026\/01\/ELC-AVEKPP.1-678x1024.jpg 678w, https:\/\/lavanguardiadecuenca.es\/wp-content\/uploads\/2026\/01\/ELC-AVEKPP.1-199x300.jpg 199w, https:\/\/lavanguardiadecuenca.es\/wp-content\/uploads\/2026\/01\/ELC-AVEKPP.1-768x1160.jpg 768w, https:\/\/lavanguardiadecuenca.es\/wp-content\/uploads\/2026\/01\/ELC-AVEKPP.1-1017x1536.jpg 1017w, https:\/\/lavanguardiadecuenca.es\/wp-content\/uploads\/2026\/01\/ELC-AVEKPP.1-300x453.jpg 300w, https:\/\/lavanguardiadecuenca.es\/wp-content\/uploads\/2026\/01\/ELC-AVEKPP.1-850x1284.jpg 850w, https:\/\/lavanguardiadecuenca.es\/wp-content\/uploads\/2026\/01\/ELC-AVEKPP.1.jpg 1144w\" sizes=\"auto, (max-width: 678px) 100vw, 678px\" \/><\/figure>\n\n\n\n<figure class=\"wp-block-image size-large\"><img loading=\"lazy\" decoding=\"async\" width=\"660\" height=\"1024\" src=\"https:\/\/lavanguardiadecuenca.es\/wp-content\/uploads\/2026\/01\/ELC-AVEKPP.2-660x1024.jpg\" alt=\"\" class=\"wp-image-7695\" srcset=\"https:\/\/lavanguardiadecuenca.es\/wp-content\/uploads\/2026\/01\/ELC-AVEKPP.2-660x1024.jpg 660w, https:\/\/lavanguardiadecuenca.es\/wp-content\/uploads\/2026\/01\/ELC-AVEKPP.2-193x300.jpg 193w, https:\/\/lavanguardiadecuenca.es\/wp-content\/uploads\/2026\/01\/ELC-AVEKPP.2-768x1192.jpg 768w, https:\/\/lavanguardiadecuenca.es\/wp-content\/uploads\/2026\/01\/ELC-AVEKPP.2-989x1536.jpg 989w, https:\/\/lavanguardiadecuenca.es\/wp-content\/uploads\/2026\/01\/ELC-AVEKPP.2-300x466.jpg 300w, https:\/\/lavanguardiadecuenca.es\/wp-content\/uploads\/2026\/01\/ELC-AVEKPP.2-850x1320.jpg 850w, https:\/\/lavanguardiadecuenca.es\/wp-content\/uploads\/2026\/01\/ELC-AVEKPP.2.jpg 1144w\" sizes=\"auto, (max-width: 660px) 100vw, 660px\" \/><\/figure>\n\n\n\n<figure class=\"wp-block-image size-large\"><img loading=\"lazy\" decoding=\"async\" width=\"697\" height=\"1024\" src=\"https:\/\/lavanguardiadecuenca.es\/wp-content\/uploads\/2026\/01\/ELC-AVEKPP.3-697x1024.jpg\" alt=\"\" class=\"wp-image-7696\" srcset=\"https:\/\/lavanguardiadecuenca.es\/wp-content\/uploads\/2026\/01\/ELC-AVEKPP.3-697x1024.jpg 697w, https:\/\/lavanguardiadecuenca.es\/wp-content\/uploads\/2026\/01\/ELC-AVEKPP.3-204x300.jpg 204w, https:\/\/lavanguardiadecuenca.es\/wp-content\/uploads\/2026\/01\/ELC-AVEKPP.3-768x1128.jpg 768w, https:\/\/lavanguardiadecuenca.es\/wp-content\/uploads\/2026\/01\/ELC-AVEKPP.3-1046x1536.jpg 1046w, https:\/\/lavanguardiadecuenca.es\/wp-content\/uploads\/2026\/01\/ELC-AVEKPP.3-300x440.jpg 300w, https:\/\/lavanguardiadecuenca.es\/wp-content\/uploads\/2026\/01\/ELC-AVEKPP.3-850x1248.jpg 850w, https:\/\/lavanguardiadecuenca.es\/wp-content\/uploads\/2026\/01\/ELC-AVEKPP.3.jpg 1230w\" sizes=\"auto, (max-width: 697px) 100vw, 697px\" \/><\/figure>\n\n\n\n<p><\/p>\n","protected":false},"excerpt":{"rendered":"","protected":false},"author":2,"featured_media":0,"comment_status":"open","ping_status":"open","sticky":false,"template":"","format":"standard","meta":{"rop_custom_images_group":[],"rop_custom_messages_group":[],"rop_publish_now":"initial","rop_publish_now_accounts":[],"rop_publish_now_history":[],"rop_publish_now_status":"pending","footnotes":""},"categories":[2,39,10,4,14,6,24,15,16,8,9],"tags":[],"class_list":["post-7691","post","type-post","status-publish","format-standard","hentry","category-actualidad","category-administraciones","category-comunicacion","category-cultura","category-economia","category-historia","category-libros","category-pensamiento-politico","category-politica","category-sociedad","category-viajes"],"yoast_head":"<!-- This site is optimized with the Yoast SEO plugin v27.4 - https:\/\/yoast.com\/product\/yoast-seo-wordpress\/ -->\n<title>La l\u00ednea de alta velocidad, &quot;kaputt&quot;. Al habla con el presidente de la Gestora del PP de Cuenca (por Eulalio L\u00f3pez C\u00f3lliga) - La Vanguardia de Cuenca<\/title>\n<meta name=\"robots\" content=\"index, follow, max-snippet:-1, max-image-preview:large, max-video-preview:-1\" \/>\n<link rel=\"canonical\" href=\"https:\/\/lavanguardiadecuenca.es\/?p=7691\" \/>\n<meta property=\"og:locale\" content=\"es_ES\" \/>\n<meta property=\"og:type\" content=\"article\" \/>\n<meta property=\"og:title\" content=\"La l\u00ednea de alta velocidad, &quot;kaputt&quot;. Al habla con el presidente de la Gestora del PP de Cuenca (por Eulalio L\u00f3pez C\u00f3lliga) - La Vanguardia de Cuenca\" \/>\n<meta property=\"og:url\" content=\"https:\/\/lavanguardiadecuenca.es\/?p=7691\" \/>\n<meta property=\"og:site_name\" content=\"La Vanguardia de Cuenca\" \/>\n<meta property=\"article:published_time\" content=\"2026-01-25T13:09:51+00:00\" \/>\n<meta property=\"og:image\" content=\"https:\/\/lavanguardiadecuenca.es\/wp-content\/uploads\/2026\/01\/AVE-tren-PP-Cuenca.jpg\" \/>\n\t<meta property=\"og:image:width\" content=\"1049\" \/>\n\t<meta property=\"og:image:height\" content=\"543\" \/>\n\t<meta property=\"og:image:type\" content=\"image\/jpeg\" \/>\n<meta name=\"author\" content=\"Juan Andr\u00e9s Buedo\" \/>\n<meta name=\"twitter:card\" content=\"summary_large_image\" \/>\n<meta name=\"twitter:label1\" content=\"Escrito por\" \/>\n\t<meta name=\"twitter:data1\" content=\"Juan Andr\u00e9s Buedo\" \/>\n\t<meta name=\"twitter:label2\" content=\"Tiempo de lectura\" \/>\n\t<meta name=\"twitter:data2\" content=\"1 minuto\" \/>\n<script type=\"application\/ld+json\" class=\"yoast-schema-graph\">{\"@context\":\"https:\\\/\\\/schema.org\",\"@graph\":[{\"@type\":\"Article\",\"@id\":\"https:\\\/\\\/lavanguardiadecuenca.es\\\/?p=7691#article\",\"isPartOf\":{\"@id\":\"https:\\\/\\\/lavanguardiadecuenca.es\\\/?p=7691\"},\"author\":{\"name\":\"Juan Andr\u00e9s Buedo\",\"@id\":\"https:\\\/\\\/lavanguardiadecuenca.es\\\/#\\\/schema\\\/person\\\/efd3b99fe10ec3fad96a88f3ae7d092f\"},\"headline\":\"La l\u00ednea de alta velocidad, \u00abkaputt\u00bb. Al habla con el presidente de la Gestora del PP de Cuenca (por Eulalio L\u00f3pez C\u00f3lliga)\",\"datePublished\":\"2026-01-25T13:09:51+00:00\",\"mainEntityOfPage\":{\"@id\":\"https:\\\/\\\/lavanguardiadecuenca.es\\\/?p=7691\"},\"wordCount\":25,\"commentCount\":0,\"publisher\":{\"@id\":\"https:\\\/\\\/lavanguardiadecuenca.es\\\/#\\\/schema\\\/person\\\/efd3b99fe10ec3fad96a88f3ae7d092f\"},\"image\":{\"@id\":\"https:\\\/\\\/lavanguardiadecuenca.es\\\/?p=7691#primaryimage\"},\"thumbnailUrl\":\"https:\\\/\\\/lavanguardiadecuenca.es\\\/wp-content\\\/uploads\\\/2026\\\/01\\\/AVE-tren-PP-Cuenca-1024x530.jpg\",\"articleSection\":[\"Actualidad\",\"Administraciones P\u00fablicas\",\"Comunicaci\u00f3n\",\"Cultura\",\"Econom\u00eda\",\"Historia\",\"Libros\",\"Pensamiento pol\u00edtico\",\"Pol\u00edtica\",\"Sociedad\",\"Viajes\"],\"inLanguage\":\"es\",\"potentialAction\":[{\"@type\":\"CommentAction\",\"name\":\"Comment\",\"target\":[\"https:\\\/\\\/lavanguardiadecuenca.es\\\/?p=7691#respond\"]}]},{\"@type\":\"WebPage\",\"@id\":\"https:\\\/\\\/lavanguardiadecuenca.es\\\/?p=7691\",\"url\":\"https:\\\/\\\/lavanguardiadecuenca.es\\\/?p=7691\",\"name\":\"La l\u00ednea de alta velocidad, \\\"kaputt\\\". Al habla con el presidente de la Gestora del PP de Cuenca (por Eulalio L\u00f3pez C\u00f3lliga) - La Vanguardia de Cuenca\",\"isPartOf\":{\"@id\":\"https:\\\/\\\/lavanguardiadecuenca.es\\\/#website\"},\"primaryImageOfPage\":{\"@id\":\"https:\\\/\\\/lavanguardiadecuenca.es\\\/?p=7691#primaryimage\"},\"image\":{\"@id\":\"https:\\\/\\\/lavanguardiadecuenca.es\\\/?p=7691#primaryimage\"},\"thumbnailUrl\":\"https:\\\/\\\/lavanguardiadecuenca.es\\\/wp-content\\\/uploads\\\/2026\\\/01\\\/AVE-tren-PP-Cuenca-1024x530.jpg\",\"datePublished\":\"2026-01-25T13:09:51+00:00\",\"breadcrumb\":{\"@id\":\"https:\\\/\\\/lavanguardiadecuenca.es\\\/?p=7691#breadcrumb\"},\"inLanguage\":\"es\",\"potentialAction\":[{\"@type\":\"ReadAction\",\"target\":[\"https:\\\/\\\/lavanguardiadecuenca.es\\\/?p=7691\"]}]},{\"@type\":\"ImageObject\",\"inLanguage\":\"es\",\"@id\":\"https:\\\/\\\/lavanguardiadecuenca.es\\\/?p=7691#primaryimage\",\"url\":\"https:\\\/\\\/lavanguardiadecuenca.es\\\/wp-content\\\/uploads\\\/2026\\\/01\\\/AVE-tren-PP-Cuenca.jpg\",\"contentUrl\":\"https:\\\/\\\/lavanguardiadecuenca.es\\\/wp-content\\\/uploads\\\/2026\\\/01\\\/AVE-tren-PP-Cuenca.jpg\",\"width\":1049,\"height\":543},{\"@type\":\"BreadcrumbList\",\"@id\":\"https:\\\/\\\/lavanguardiadecuenca.es\\\/?p=7691#breadcrumb\",\"itemListElement\":[{\"@type\":\"ListItem\",\"position\":1,\"name\":\"Portada\",\"item\":\"https:\\\/\\\/lavanguardiadecuenca.es\\\/\"},{\"@type\":\"ListItem\",\"position\":2,\"name\":\"La l\u00ednea de alta velocidad, \u00abkaputt\u00bb. Al habla con el presidente de la Gestora del PP de Cuenca (por Eulalio L\u00f3pez C\u00f3lliga)\"}]},{\"@type\":\"WebSite\",\"@id\":\"https:\\\/\\\/lavanguardiadecuenca.es\\\/#website\",\"url\":\"https:\\\/\\\/lavanguardiadecuenca.es\\\/\",\"name\":\"La Vanguardia de Cuenca\",\"description\":\"Intereses: comunicaci\u00f3n y actualidad en general, weblogs, sociedad, pol\u00edtica\",\"publisher\":{\"@id\":\"https:\\\/\\\/lavanguardiadecuenca.es\\\/#\\\/schema\\\/person\\\/efd3b99fe10ec3fad96a88f3ae7d092f\"},\"potentialAction\":[{\"@type\":\"SearchAction\",\"target\":{\"@type\":\"EntryPoint\",\"urlTemplate\":\"https:\\\/\\\/lavanguardiadecuenca.es\\\/?s={search_term_string}\"},\"query-input\":{\"@type\":\"PropertyValueSpecification\",\"valueRequired\":true,\"valueName\":\"search_term_string\"}}],\"inLanguage\":\"es\"},{\"@type\":[\"Person\",\"Organization\"],\"@id\":\"https:\\\/\\\/lavanguardiadecuenca.es\\\/#\\\/schema\\\/person\\\/efd3b99fe10ec3fad96a88f3ae7d092f\",\"name\":\"Juan Andr\u00e9s Buedo\",\"image\":{\"@type\":\"ImageObject\",\"inLanguage\":\"es\",\"@id\":\"https:\\\/\\\/lavanguardiadecuenca.es\\\/wp-content\\\/uploads\\\/2025\\\/09\\\/6a00d8341c734753ef0278801a3634200d-250si.jpg\",\"url\":\"https:\\\/\\\/lavanguardiadecuenca.es\\\/wp-content\\\/uploads\\\/2025\\\/09\\\/6a00d8341c734753ef0278801a3634200d-250si.jpg\",\"contentUrl\":\"https:\\\/\\\/lavanguardiadecuenca.es\\\/wp-content\\\/uploads\\\/2025\\\/09\\\/6a00d8341c734753ef0278801a3634200d-250si.jpg\",\"width\":250,\"height\":250,\"caption\":\"Juan Andr\u00e9s Buedo\"},\"logo\":{\"@id\":\"https:\\\/\\\/lavanguardiadecuenca.es\\\/wp-content\\\/uploads\\\/2025\\\/09\\\/6a00d8341c734753ef0278801a3634200d-250si.jpg\"},\"sameAs\":[\"https:\\\/\\\/lavanguardiadecuenca.es\\\/\"],\"url\":\"https:\\\/\\\/lavanguardiadecuenca.es\\\/?author=2\"}]}<\/script>\n<!-- \/ Yoast SEO plugin. -->","yoast_head_json":{"title":"La l\u00ednea de alta velocidad, \"kaputt\". Al habla con el presidente de la Gestora del PP de Cuenca (por Eulalio L\u00f3pez C\u00f3lliga) - La Vanguardia de Cuenca","robots":{"index":"index","follow":"follow","max-snippet":"max-snippet:-1","max-image-preview":"max-image-preview:large","max-video-preview":"max-video-preview:-1"},"canonical":"https:\/\/lavanguardiadecuenca.es\/?p=7691","og_locale":"es_ES","og_type":"article","og_title":"La l\u00ednea de alta velocidad, \"kaputt\". Al habla con el presidente de la Gestora del PP de Cuenca (por Eulalio L\u00f3pez C\u00f3lliga) - La Vanguardia de Cuenca","og_url":"https:\/\/lavanguardiadecuenca.es\/?p=7691","og_site_name":"La Vanguardia de Cuenca","article_published_time":"2026-01-25T13:09:51+00:00","og_image":[{"width":1049,"height":543,"url":"https:\/\/lavanguardiadecuenca.es\/wp-content\/uploads\/2026\/01\/AVE-tren-PP-Cuenca.jpg","type":"image\/jpeg"}],"author":"Juan Andr\u00e9s Buedo","twitter_card":"summary_large_image","twitter_misc":{"Escrito por":"Juan Andr\u00e9s Buedo","Tiempo de lectura":"1 minuto"},"schema":{"@context":"https:\/\/schema.org","@graph":[{"@type":"Article","@id":"https:\/\/lavanguardiadecuenca.es\/?p=7691#article","isPartOf":{"@id":"https:\/\/lavanguardiadecuenca.es\/?p=7691"},"author":{"name":"Juan Andr\u00e9s Buedo","@id":"https:\/\/lavanguardiadecuenca.es\/#\/schema\/person\/efd3b99fe10ec3fad96a88f3ae7d092f"},"headline":"La l\u00ednea de alta velocidad, \u00abkaputt\u00bb. Al habla con el presidente de la Gestora del PP de Cuenca (por Eulalio L\u00f3pez C\u00f3lliga)","datePublished":"2026-01-25T13:09:51+00:00","mainEntityOfPage":{"@id":"https:\/\/lavanguardiadecuenca.es\/?p=7691"},"wordCount":25,"commentCount":0,"publisher":{"@id":"https:\/\/lavanguardiadecuenca.es\/#\/schema\/person\/efd3b99fe10ec3fad96a88f3ae7d092f"},"image":{"@id":"https:\/\/lavanguardiadecuenca.es\/?p=7691#primaryimage"},"thumbnailUrl":"https:\/\/lavanguardiadecuenca.es\/wp-content\/uploads\/2026\/01\/AVE-tren-PP-Cuenca-1024x530.jpg","articleSection":["Actualidad","Administraciones P\u00fablicas","Comunicaci\u00f3n","Cultura","Econom\u00eda","Historia","Libros","Pensamiento pol\u00edtico","Pol\u00edtica","Sociedad","Viajes"],"inLanguage":"es","potentialAction":[{"@type":"CommentAction","name":"Comment","target":["https:\/\/lavanguardiadecuenca.es\/?p=7691#respond"]}]},{"@type":"WebPage","@id":"https:\/\/lavanguardiadecuenca.es\/?p=7691","url":"https:\/\/lavanguardiadecuenca.es\/?p=7691","name":"La l\u00ednea de alta velocidad, \"kaputt\". Al habla con el presidente de la Gestora del PP de Cuenca (por Eulalio L\u00f3pez C\u00f3lliga) - La Vanguardia de Cuenca","isPartOf":{"@id":"https:\/\/lavanguardiadecuenca.es\/#website"},"primaryImageOfPage":{"@id":"https:\/\/lavanguardiadecuenca.es\/?p=7691#primaryimage"},"image":{"@id":"https:\/\/lavanguardiadecuenca.es\/?p=7691#primaryimage"},"thumbnailUrl":"https:\/\/lavanguardiadecuenca.es\/wp-content\/uploads\/2026\/01\/AVE-tren-PP-Cuenca-1024x530.jpg","datePublished":"2026-01-25T13:09:51+00:00","breadcrumb":{"@id":"https:\/\/lavanguardiadecuenca.es\/?p=7691#breadcrumb"},"inLanguage":"es","potentialAction":[{"@type":"ReadAction","target":["https:\/\/lavanguardiadecuenca.es\/?p=7691"]}]},{"@type":"ImageObject","inLanguage":"es","@id":"https:\/\/lavanguardiadecuenca.es\/?p=7691#primaryimage","url":"https:\/\/lavanguardiadecuenca.es\/wp-content\/uploads\/2026\/01\/AVE-tren-PP-Cuenca.jpg","contentUrl":"https:\/\/lavanguardiadecuenca.es\/wp-content\/uploads\/2026\/01\/AVE-tren-PP-Cuenca.jpg","width":1049,"height":543},{"@type":"BreadcrumbList","@id":"https:\/\/lavanguardiadecuenca.es\/?p=7691#breadcrumb","itemListElement":[{"@type":"ListItem","position":1,"name":"Portada","item":"https:\/\/lavanguardiadecuenca.es\/"},{"@type":"ListItem","position":2,"name":"La l\u00ednea de alta velocidad, \u00abkaputt\u00bb. Al habla con el presidente de la Gestora del PP de Cuenca (por Eulalio L\u00f3pez C\u00f3lliga)"}]},{"@type":"WebSite","@id":"https:\/\/lavanguardiadecuenca.es\/#website","url":"https:\/\/lavanguardiadecuenca.es\/","name":"La Vanguardia de Cuenca","description":"Intereses: comunicaci\u00f3n y actualidad en general, weblogs, sociedad, pol\u00edtica","publisher":{"@id":"https:\/\/lavanguardiadecuenca.es\/#\/schema\/person\/efd3b99fe10ec3fad96a88f3ae7d092f"},"potentialAction":[{"@type":"SearchAction","target":{"@type":"EntryPoint","urlTemplate":"https:\/\/lavanguardiadecuenca.es\/?s={search_term_string}"},"query-input":{"@type":"PropertyValueSpecification","valueRequired":true,"valueName":"search_term_string"}}],"inLanguage":"es"},{"@type":["Person","Organization"],"@id":"https:\/\/lavanguardiadecuenca.es\/#\/schema\/person\/efd3b99fe10ec3fad96a88f3ae7d092f","name":"Juan Andr\u00e9s Buedo","image":{"@type":"ImageObject","inLanguage":"es","@id":"https:\/\/lavanguardiadecuenca.es\/wp-content\/uploads\/2025\/09\/6a00d8341c734753ef0278801a3634200d-250si.jpg","url":"https:\/\/lavanguardiadecuenca.es\/wp-content\/uploads\/2025\/09\/6a00d8341c734753ef0278801a3634200d-250si.jpg","contentUrl":"https:\/\/lavanguardiadecuenca.es\/wp-content\/uploads\/2025\/09\/6a00d8341c734753ef0278801a3634200d-250si.jpg","width":250,"height":250,"caption":"Juan Andr\u00e9s Buedo"},"logo":{"@id":"https:\/\/lavanguardiadecuenca.es\/wp-content\/uploads\/2025\/09\/6a00d8341c734753ef0278801a3634200d-250si.jpg"},"sameAs":["https:\/\/lavanguardiadecuenca.es\/"],"url":"https:\/\/lavanguardiadecuenca.es\/?author=2"}]}},"_links":{"self":[{"href":"https:\/\/lavanguardiadecuenca.es\/index.php?rest_route=\/wp\/v2\/posts\/7691","targetHints":{"allow":["GET"]}}],"collection":[{"href":"https:\/\/lavanguardiadecuenca.es\/index.php?rest_route=\/wp\/v2\/posts"}],"about":[{"href":"https:\/\/lavanguardiadecuenca.es\/index.php?rest_route=\/wp\/v2\/types\/post"}],"author":[{"embeddable":true,"href":"https:\/\/lavanguardiadecuenca.es\/index.php?rest_route=\/wp\/v2\/users\/2"}],"replies":[{"embeddable":true,"href":"https:\/\/lavanguardiadecuenca.es\/index.php?rest_route=%2Fwp%2Fv2%2Fcomments&post=7691"}],"version-history":[{"count":1,"href":"https:\/\/lavanguardiadecuenca.es\/index.php?rest_route=\/wp\/v2\/posts\/7691\/revisions"}],"predecessor-version":[{"id":7697,"href":"https:\/\/lavanguardiadecuenca.es\/index.php?rest_route=\/wp\/v2\/posts\/7691\/revisions\/7697"}],"wp:attachment":[{"href":"https:\/\/lavanguardiadecuenca.es\/index.php?rest_route=%2Fwp%2Fv2%2Fmedia&parent=7691"}],"wp:term":[{"taxonomy":"category","embeddable":true,"href":"https:\/\/lavanguardiadecuenca.es\/index.php?rest_route=%2Fwp%2Fv2%2Fcategories&post=7691"},{"taxonomy":"post_tag","embeddable":true,"href":"https:\/\/lavanguardiadecuenca.es\/index.php?rest_route=%2Fwp%2Fv2%2Ftags&post=7691"}],"curies":[{"name":"wp","href":"https:\/\/api.w.org\/{rel}","templated":true}]}}