{"id":7456,"date":"2025-12-09T11:00:30","date_gmt":"2025-12-09T11:00:30","guid":{"rendered":"https:\/\/lavanguardiadecuenca.es\/?p=7456"},"modified":"2025-12-09T11:00:32","modified_gmt":"2025-12-09T11:00:32","slug":"como-despertar-a-cuenca-defendemos-el-tren-y-el-futuro-de-la-provincia-por-eulalio-lopez-colliga","status":"publish","type":"post","link":"https:\/\/lavanguardiadecuenca.es\/?p=7456","title":{"rendered":"\u00bfC\u00f3mo despertar a Cuenca? Defendemos el tren y el futuro de la provincia (por Eulalio L\u00f3pez C\u00f3lliga)"},"content":{"rendered":"\n<figure class=\"wp-block-image size-large\"><img loading=\"lazy\" decoding=\"async\" width=\"682\" height=\"1024\" src=\"https:\/\/lavanguardiadecuenca.es\/wp-content\/uploads\/2025\/12\/Como-despertar-a-Cuenca-682x1024.jpg\" alt=\"\" class=\"wp-image-7457\" srcset=\"https:\/\/lavanguardiadecuenca.es\/wp-content\/uploads\/2025\/12\/Como-despertar-a-Cuenca-682x1024.jpg 682w, https:\/\/lavanguardiadecuenca.es\/wp-content\/uploads\/2025\/12\/Como-despertar-a-Cuenca-200x300.jpg 200w, https:\/\/lavanguardiadecuenca.es\/wp-content\/uploads\/2025\/12\/Como-despertar-a-Cuenca-768x1152.jpg 768w, https:\/\/lavanguardiadecuenca.es\/wp-content\/uploads\/2025\/12\/Como-despertar-a-Cuenca-300x450.jpg 300w, https:\/\/lavanguardiadecuenca.es\/wp-content\/uploads\/2025\/12\/Como-despertar-a-Cuenca-850x1275.jpg 850w, https:\/\/lavanguardiadecuenca.es\/wp-content\/uploads\/2025\/12\/Como-despertar-a-Cuenca.jpg 921w\" sizes=\"auto, (max-width: 682px) 100vw, 682px\" \/><\/figure>\n\n\n\n<figure class=\"wp-block-image size-large\"><img loading=\"lazy\" decoding=\"async\" width=\"646\" height=\"1024\" src=\"https:\/\/lavanguardiadecuenca.es\/wp-content\/uploads\/2025\/12\/ELC-CDCu.1-646x1024.jpg\" alt=\"\" class=\"wp-image-7458\" srcset=\"https:\/\/lavanguardiadecuenca.es\/wp-content\/uploads\/2025\/12\/ELC-CDCu.1-646x1024.jpg 646w, https:\/\/lavanguardiadecuenca.es\/wp-content\/uploads\/2025\/12\/ELC-CDCu.1-189x300.jpg 189w, https:\/\/lavanguardiadecuenca.es\/wp-content\/uploads\/2025\/12\/ELC-CDCu.1-768x1217.jpg 768w, https:\/\/lavanguardiadecuenca.es\/wp-content\/uploads\/2025\/12\/ELC-CDCu.1-969x1536.jpg 969w, https:\/\/lavanguardiadecuenca.es\/wp-content\/uploads\/2025\/12\/ELC-CDCu.1-300x475.jpg 300w, https:\/\/lavanguardiadecuenca.es\/wp-content\/uploads\/2025\/12\/ELC-CDCu.1-850x1347.jpg 850w, https:\/\/lavanguardiadecuenca.es\/wp-content\/uploads\/2025\/12\/ELC-CDCu.1.jpg 980w\" sizes=\"auto, (max-width: 646px) 100vw, 646px\" \/><\/figure>\n\n\n\n<figure class=\"wp-block-image size-large\"><img loading=\"lazy\" decoding=\"async\" width=\"662\" height=\"1024\" src=\"https:\/\/lavanguardiadecuenca.es\/wp-content\/uploads\/2025\/12\/ELC_CDCu.2-662x1024.jpg\" alt=\"\" class=\"wp-image-7459\" srcset=\"https:\/\/lavanguardiadecuenca.es\/wp-content\/uploads\/2025\/12\/ELC_CDCu.2-662x1024.jpg 662w, https:\/\/lavanguardiadecuenca.es\/wp-content\/uploads\/2025\/12\/ELC_CDCu.2-194x300.jpg 194w, https:\/\/lavanguardiadecuenca.es\/wp-content\/uploads\/2025\/12\/ELC_CDCu.2-768x1188.jpg 768w, https:\/\/lavanguardiadecuenca.es\/wp-content\/uploads\/2025\/12\/ELC_CDCu.2-300x464.jpg 300w, https:\/\/lavanguardiadecuenca.es\/wp-content\/uploads\/2025\/12\/ELC_CDCu.2-850x1315.jpg 850w, https:\/\/lavanguardiadecuenca.es\/wp-content\/uploads\/2025\/12\/ELC_CDCu.2.jpg 972w\" sizes=\"auto, (max-width: 662px) 100vw, 662px\" \/><\/figure>\n\n\n\n<p><\/p>\n","protected":false},"excerpt":{"rendered":"","protected":false},"author":2,"featured_media":0,"comment_status":"open","ping_status":"open","sticky":false,"template":"","format":"standard","meta":{"rop_custom_images_group":[],"rop_custom_messages_group":[],"rop_publish_now":"initial","rop_publish_now_accounts":[],"rop_publish_now_history":[],"rop_publish_now_status":"pending","footnotes":""},"categories":[2,39,10,14,40,6,11,15,16,8,9],"tags":[],"class_list":["post-7456","post","type-post","status-publish","format-standard","hentry","category-actualidad","category-administraciones","category-comunicacion","category-economia","category-empleo","category-historia","category-musica","category-pensamiento-politico","category-politica","category-sociedad","category-viajes"],"yoast_head":"<!-- This site is optimized with the Yoast SEO plugin v27.4 - https:\/\/yoast.com\/product\/yoast-seo-wordpress\/ -->\n<title>\u00bfC\u00f3mo despertar a Cuenca? Defendemos el tren y el futuro de la provincia (por Eulalio L\u00f3pez C\u00f3lliga) - La Vanguardia de Cuenca<\/title>\n<meta name=\"robots\" content=\"index, follow, max-snippet:-1, max-image-preview:large, max-video-preview:-1\" \/>\n<link rel=\"canonical\" href=\"https:\/\/lavanguardiadecuenca.es\/?p=7456\" \/>\n<meta property=\"og:locale\" content=\"es_ES\" \/>\n<meta property=\"og:type\" content=\"article\" \/>\n<meta property=\"og:title\" content=\"\u00bfC\u00f3mo despertar a Cuenca? Defendemos el tren y el futuro de la provincia (por Eulalio L\u00f3pez C\u00f3lliga) - La Vanguardia de Cuenca\" \/>\n<meta property=\"og:url\" content=\"https:\/\/lavanguardiadecuenca.es\/?p=7456\" \/>\n<meta property=\"og:site_name\" content=\"La Vanguardia de Cuenca\" \/>\n<meta property=\"article:published_time\" content=\"2025-12-09T11:00:30+00:00\" \/>\n<meta property=\"article:modified_time\" content=\"2025-12-09T11:00:32+00:00\" \/>\n<meta property=\"og:image\" content=\"https:\/\/lavanguardiadecuenca.es\/wp-content\/uploads\/2025\/12\/Como-despertar-a-Cuenca.jpg\" \/>\n\t<meta property=\"og:image:width\" content=\"921\" \/>\n\t<meta property=\"og:image:height\" content=\"1382\" \/>\n\t<meta property=\"og:image:type\" content=\"image\/jpeg\" \/>\n<meta name=\"author\" content=\"Juan Andr\u00e9s Buedo\" \/>\n<meta name=\"twitter:card\" content=\"summary_large_image\" \/>\n<meta name=\"twitter:label1\" content=\"Escrito por\" \/>\n\t<meta name=\"twitter:data1\" content=\"Juan Andr\u00e9s Buedo\" \/>\n\t<meta name=\"twitter:label2\" content=\"Tiempo de lectura\" \/>\n\t<meta name=\"twitter:data2\" content=\"1 minuto\" \/>\n<script type=\"application\/ld+json\" class=\"yoast-schema-graph\">{\"@context\":\"https:\\\/\\\/schema.org\",\"@graph\":[{\"@type\":\"Article\",\"@id\":\"https:\\\/\\\/lavanguardiadecuenca.es\\\/?p=7456#article\",\"isPartOf\":{\"@id\":\"https:\\\/\\\/lavanguardiadecuenca.es\\\/?p=7456\"},\"author\":{\"name\":\"Juan Andr\u00e9s Buedo\",\"@id\":\"https:\\\/\\\/lavanguardiadecuenca.es\\\/#\\\/schema\\\/person\\\/efd3b99fe10ec3fad96a88f3ae7d092f\"},\"headline\":\"\u00bfC\u00f3mo despertar a Cuenca? Defendemos el tren y el futuro de la provincia (por Eulalio L\u00f3pez C\u00f3lliga)\",\"datePublished\":\"2025-12-09T11:00:30+00:00\",\"dateModified\":\"2025-12-09T11:00:32+00:00\",\"mainEntityOfPage\":{\"@id\":\"https:\\\/\\\/lavanguardiadecuenca.es\\\/?p=7456\"},\"wordCount\":20,\"commentCount\":0,\"publisher\":{\"@id\":\"https:\\\/\\\/lavanguardiadecuenca.es\\\/#\\\/schema\\\/person\\\/efd3b99fe10ec3fad96a88f3ae7d092f\"},\"image\":{\"@id\":\"https:\\\/\\\/lavanguardiadecuenca.es\\\/?p=7456#primaryimage\"},\"thumbnailUrl\":\"https:\\\/\\\/lavanguardiadecuenca.es\\\/wp-content\\\/uploads\\\/2025\\\/12\\\/Como-despertar-a-Cuenca-682x1024.jpg\",\"articleSection\":[\"Actualidad\",\"Administraciones P\u00fablicas\",\"Comunicaci\u00f3n\",\"Econom\u00eda\",\"Empleo\",\"Historia\",\"M\u00fasica\",\"Pensamiento pol\u00edtico\",\"Pol\u00edtica\",\"Sociedad\",\"Viajes\"],\"inLanguage\":\"es\",\"potentialAction\":[{\"@type\":\"CommentAction\",\"name\":\"Comment\",\"target\":[\"https:\\\/\\\/lavanguardiadecuenca.es\\\/?p=7456#respond\"]}]},{\"@type\":\"WebPage\",\"@id\":\"https:\\\/\\\/lavanguardiadecuenca.es\\\/?p=7456\",\"url\":\"https:\\\/\\\/lavanguardiadecuenca.es\\\/?p=7456\",\"name\":\"\u00bfC\u00f3mo despertar a Cuenca? Defendemos el tren y el futuro de la provincia (por Eulalio L\u00f3pez C\u00f3lliga) - La Vanguardia de Cuenca\",\"isPartOf\":{\"@id\":\"https:\\\/\\\/lavanguardiadecuenca.es\\\/#website\"},\"primaryImageOfPage\":{\"@id\":\"https:\\\/\\\/lavanguardiadecuenca.es\\\/?p=7456#primaryimage\"},\"image\":{\"@id\":\"https:\\\/\\\/lavanguardiadecuenca.es\\\/?p=7456#primaryimage\"},\"thumbnailUrl\":\"https:\\\/\\\/lavanguardiadecuenca.es\\\/wp-content\\\/uploads\\\/2025\\\/12\\\/Como-despertar-a-Cuenca-682x1024.jpg\",\"datePublished\":\"2025-12-09T11:00:30+00:00\",\"dateModified\":\"2025-12-09T11:00:32+00:00\",\"breadcrumb\":{\"@id\":\"https:\\\/\\\/lavanguardiadecuenca.es\\\/?p=7456#breadcrumb\"},\"inLanguage\":\"es\",\"potentialAction\":[{\"@type\":\"ReadAction\",\"target\":[\"https:\\\/\\\/lavanguardiadecuenca.es\\\/?p=7456\"]}]},{\"@type\":\"ImageObject\",\"inLanguage\":\"es\",\"@id\":\"https:\\\/\\\/lavanguardiadecuenca.es\\\/?p=7456#primaryimage\",\"url\":\"https:\\\/\\\/lavanguardiadecuenca.es\\\/wp-content\\\/uploads\\\/2025\\\/12\\\/Como-despertar-a-Cuenca.jpg\",\"contentUrl\":\"https:\\\/\\\/lavanguardiadecuenca.es\\\/wp-content\\\/uploads\\\/2025\\\/12\\\/Como-despertar-a-Cuenca.jpg\",\"width\":921,\"height\":1382},{\"@type\":\"BreadcrumbList\",\"@id\":\"https:\\\/\\\/lavanguardiadecuenca.es\\\/?p=7456#breadcrumb\",\"itemListElement\":[{\"@type\":\"ListItem\",\"position\":1,\"name\":\"Portada\",\"item\":\"https:\\\/\\\/lavanguardiadecuenca.es\\\/\"},{\"@type\":\"ListItem\",\"position\":2,\"name\":\"\u00bfC\u00f3mo despertar a Cuenca? Defendemos el tren y el futuro de la provincia (por Eulalio L\u00f3pez C\u00f3lliga)\"}]},{\"@type\":\"WebSite\",\"@id\":\"https:\\\/\\\/lavanguardiadecuenca.es\\\/#website\",\"url\":\"https:\\\/\\\/lavanguardiadecuenca.es\\\/\",\"name\":\"La Vanguardia de Cuenca\",\"description\":\"Intereses: comunicaci\u00f3n y actualidad en general, weblogs, sociedad, pol\u00edtica\",\"publisher\":{\"@id\":\"https:\\\/\\\/lavanguardiadecuenca.es\\\/#\\\/schema\\\/person\\\/efd3b99fe10ec3fad96a88f3ae7d092f\"},\"potentialAction\":[{\"@type\":\"SearchAction\",\"target\":{\"@type\":\"EntryPoint\",\"urlTemplate\":\"https:\\\/\\\/lavanguardiadecuenca.es\\\/?s={search_term_string}\"},\"query-input\":{\"@type\":\"PropertyValueSpecification\",\"valueRequired\":true,\"valueName\":\"search_term_string\"}}],\"inLanguage\":\"es\"},{\"@type\":[\"Person\",\"Organization\"],\"@id\":\"https:\\\/\\\/lavanguardiadecuenca.es\\\/#\\\/schema\\\/person\\\/efd3b99fe10ec3fad96a88f3ae7d092f\",\"name\":\"Juan Andr\u00e9s Buedo\",\"image\":{\"@type\":\"ImageObject\",\"inLanguage\":\"es\",\"@id\":\"https:\\\/\\\/lavanguardiadecuenca.es\\\/wp-content\\\/uploads\\\/2025\\\/09\\\/6a00d8341c734753ef0278801a3634200d-250si.jpg\",\"url\":\"https:\\\/\\\/lavanguardiadecuenca.es\\\/wp-content\\\/uploads\\\/2025\\\/09\\\/6a00d8341c734753ef0278801a3634200d-250si.jpg\",\"contentUrl\":\"https:\\\/\\\/lavanguardiadecuenca.es\\\/wp-content\\\/uploads\\\/2025\\\/09\\\/6a00d8341c734753ef0278801a3634200d-250si.jpg\",\"width\":250,\"height\":250,\"caption\":\"Juan Andr\u00e9s Buedo\"},\"logo\":{\"@id\":\"https:\\\/\\\/lavanguardiadecuenca.es\\\/wp-content\\\/uploads\\\/2025\\\/09\\\/6a00d8341c734753ef0278801a3634200d-250si.jpg\"},\"sameAs\":[\"https:\\\/\\\/lavanguardiadecuenca.es\\\/\"],\"url\":\"https:\\\/\\\/lavanguardiadecuenca.es\\\/?author=2\"}]}<\/script>\n<!-- \/ Yoast SEO plugin. -->","yoast_head_json":{"title":"\u00bfC\u00f3mo despertar a Cuenca? Defendemos el tren y el futuro de la provincia (por Eulalio L\u00f3pez C\u00f3lliga) - La Vanguardia de Cuenca","robots":{"index":"index","follow":"follow","max-snippet":"max-snippet:-1","max-image-preview":"max-image-preview:large","max-video-preview":"max-video-preview:-1"},"canonical":"https:\/\/lavanguardiadecuenca.es\/?p=7456","og_locale":"es_ES","og_type":"article","og_title":"\u00bfC\u00f3mo despertar a Cuenca? Defendemos el tren y el futuro de la provincia (por Eulalio L\u00f3pez C\u00f3lliga) - La Vanguardia de Cuenca","og_url":"https:\/\/lavanguardiadecuenca.es\/?p=7456","og_site_name":"La Vanguardia de Cuenca","article_published_time":"2025-12-09T11:00:30+00:00","article_modified_time":"2025-12-09T11:00:32+00:00","og_image":[{"width":921,"height":1382,"url":"https:\/\/lavanguardiadecuenca.es\/wp-content\/uploads\/2025\/12\/Como-despertar-a-Cuenca.jpg","type":"image\/jpeg"}],"author":"Juan Andr\u00e9s Buedo","twitter_card":"summary_large_image","twitter_misc":{"Escrito por":"Juan Andr\u00e9s Buedo","Tiempo de lectura":"1 minuto"},"schema":{"@context":"https:\/\/schema.org","@graph":[{"@type":"Article","@id":"https:\/\/lavanguardiadecuenca.es\/?p=7456#article","isPartOf":{"@id":"https:\/\/lavanguardiadecuenca.es\/?p=7456"},"author":{"name":"Juan Andr\u00e9s Buedo","@id":"https:\/\/lavanguardiadecuenca.es\/#\/schema\/person\/efd3b99fe10ec3fad96a88f3ae7d092f"},"headline":"\u00bfC\u00f3mo despertar a Cuenca? Defendemos el tren y el futuro de la provincia (por Eulalio L\u00f3pez C\u00f3lliga)","datePublished":"2025-12-09T11:00:30+00:00","dateModified":"2025-12-09T11:00:32+00:00","mainEntityOfPage":{"@id":"https:\/\/lavanguardiadecuenca.es\/?p=7456"},"wordCount":20,"commentCount":0,"publisher":{"@id":"https:\/\/lavanguardiadecuenca.es\/#\/schema\/person\/efd3b99fe10ec3fad96a88f3ae7d092f"},"image":{"@id":"https:\/\/lavanguardiadecuenca.es\/?p=7456#primaryimage"},"thumbnailUrl":"https:\/\/lavanguardiadecuenca.es\/wp-content\/uploads\/2025\/12\/Como-despertar-a-Cuenca-682x1024.jpg","articleSection":["Actualidad","Administraciones P\u00fablicas","Comunicaci\u00f3n","Econom\u00eda","Empleo","Historia","M\u00fasica","Pensamiento pol\u00edtico","Pol\u00edtica","Sociedad","Viajes"],"inLanguage":"es","potentialAction":[{"@type":"CommentAction","name":"Comment","target":["https:\/\/lavanguardiadecuenca.es\/?p=7456#respond"]}]},{"@type":"WebPage","@id":"https:\/\/lavanguardiadecuenca.es\/?p=7456","url":"https:\/\/lavanguardiadecuenca.es\/?p=7456","name":"\u00bfC\u00f3mo despertar a Cuenca? Defendemos el tren y el futuro de la provincia (por Eulalio L\u00f3pez C\u00f3lliga) - La Vanguardia de Cuenca","isPartOf":{"@id":"https:\/\/lavanguardiadecuenca.es\/#website"},"primaryImageOfPage":{"@id":"https:\/\/lavanguardiadecuenca.es\/?p=7456#primaryimage"},"image":{"@id":"https:\/\/lavanguardiadecuenca.es\/?p=7456#primaryimage"},"thumbnailUrl":"https:\/\/lavanguardiadecuenca.es\/wp-content\/uploads\/2025\/12\/Como-despertar-a-Cuenca-682x1024.jpg","datePublished":"2025-12-09T11:00:30+00:00","dateModified":"2025-12-09T11:00:32+00:00","breadcrumb":{"@id":"https:\/\/lavanguardiadecuenca.es\/?p=7456#breadcrumb"},"inLanguage":"es","potentialAction":[{"@type":"ReadAction","target":["https:\/\/lavanguardiadecuenca.es\/?p=7456"]}]},{"@type":"ImageObject","inLanguage":"es","@id":"https:\/\/lavanguardiadecuenca.es\/?p=7456#primaryimage","url":"https:\/\/lavanguardiadecuenca.es\/wp-content\/uploads\/2025\/12\/Como-despertar-a-Cuenca.jpg","contentUrl":"https:\/\/lavanguardiadecuenca.es\/wp-content\/uploads\/2025\/12\/Como-despertar-a-Cuenca.jpg","width":921,"height":1382},{"@type":"BreadcrumbList","@id":"https:\/\/lavanguardiadecuenca.es\/?p=7456#breadcrumb","itemListElement":[{"@type":"ListItem","position":1,"name":"Portada","item":"https:\/\/lavanguardiadecuenca.es\/"},{"@type":"ListItem","position":2,"name":"\u00bfC\u00f3mo despertar a Cuenca? Defendemos el tren y el futuro de la provincia (por Eulalio L\u00f3pez C\u00f3lliga)"}]},{"@type":"WebSite","@id":"https:\/\/lavanguardiadecuenca.es\/#website","url":"https:\/\/lavanguardiadecuenca.es\/","name":"La Vanguardia de Cuenca","description":"Intereses: comunicaci\u00f3n y actualidad en general, weblogs, sociedad, pol\u00edtica","publisher":{"@id":"https:\/\/lavanguardiadecuenca.es\/#\/schema\/person\/efd3b99fe10ec3fad96a88f3ae7d092f"},"potentialAction":[{"@type":"SearchAction","target":{"@type":"EntryPoint","urlTemplate":"https:\/\/lavanguardiadecuenca.es\/?s={search_term_string}"},"query-input":{"@type":"PropertyValueSpecification","valueRequired":true,"valueName":"search_term_string"}}],"inLanguage":"es"},{"@type":["Person","Organization"],"@id":"https:\/\/lavanguardiadecuenca.es\/#\/schema\/person\/efd3b99fe10ec3fad96a88f3ae7d092f","name":"Juan Andr\u00e9s Buedo","image":{"@type":"ImageObject","inLanguage":"es","@id":"https:\/\/lavanguardiadecuenca.es\/wp-content\/uploads\/2025\/09\/6a00d8341c734753ef0278801a3634200d-250si.jpg","url":"https:\/\/lavanguardiadecuenca.es\/wp-content\/uploads\/2025\/09\/6a00d8341c734753ef0278801a3634200d-250si.jpg","contentUrl":"https:\/\/lavanguardiadecuenca.es\/wp-content\/uploads\/2025\/09\/6a00d8341c734753ef0278801a3634200d-250si.jpg","width":250,"height":250,"caption":"Juan Andr\u00e9s Buedo"},"logo":{"@id":"https:\/\/lavanguardiadecuenca.es\/wp-content\/uploads\/2025\/09\/6a00d8341c734753ef0278801a3634200d-250si.jpg"},"sameAs":["https:\/\/lavanguardiadecuenca.es\/"],"url":"https:\/\/lavanguardiadecuenca.es\/?author=2"}]}},"_links":{"self":[{"href":"https:\/\/lavanguardiadecuenca.es\/index.php?rest_route=\/wp\/v2\/posts\/7456","targetHints":{"allow":["GET"]}}],"collection":[{"href":"https:\/\/lavanguardiadecuenca.es\/index.php?rest_route=\/wp\/v2\/posts"}],"about":[{"href":"https:\/\/lavanguardiadecuenca.es\/index.php?rest_route=\/wp\/v2\/types\/post"}],"author":[{"embeddable":true,"href":"https:\/\/lavanguardiadecuenca.es\/index.php?rest_route=\/wp\/v2\/users\/2"}],"replies":[{"embeddable":true,"href":"https:\/\/lavanguardiadecuenca.es\/index.php?rest_route=%2Fwp%2Fv2%2Fcomments&post=7456"}],"version-history":[{"count":1,"href":"https:\/\/lavanguardiadecuenca.es\/index.php?rest_route=\/wp\/v2\/posts\/7456\/revisions"}],"predecessor-version":[{"id":7460,"href":"https:\/\/lavanguardiadecuenca.es\/index.php?rest_route=\/wp\/v2\/posts\/7456\/revisions\/7460"}],"wp:attachment":[{"href":"https:\/\/lavanguardiadecuenca.es\/index.php?rest_route=%2Fwp%2Fv2%2Fmedia&parent=7456"}],"wp:term":[{"taxonomy":"category","embeddable":true,"href":"https:\/\/lavanguardiadecuenca.es\/index.php?rest_route=%2Fwp%2Fv2%2Fcategories&post=7456"},{"taxonomy":"post_tag","embeddable":true,"href":"https:\/\/lavanguardiadecuenca.es\/index.php?rest_route=%2Fwp%2Fv2%2Ftags&post=7456"}],"curies":[{"name":"wp","href":"https:\/\/api.w.org\/{rel}","templated":true}]}}