{"id":7449,"date":"2025-12-08T09:51:06","date_gmt":"2025-12-08T09:51:06","guid":{"rendered":"https:\/\/lavanguardiadecuenca.es\/?p=7449"},"modified":"2025-12-08T09:51:07","modified_gmt":"2025-12-08T09:51:07","slug":"dario-dolz-y-el-artificio-de-dirigir-sin-modernizar-ni-preguntar-por-juan-andres-buedo","status":"publish","type":"post","link":"https:\/\/lavanguardiadecuenca.es\/?p=7449","title":{"rendered":"Dar\u00edo Dolz y el artificio de dirigir sin modernizar ni preguntar (por Juan Andr\u00e9s Buedo)"},"content":{"rendered":"\n<figure class=\"wp-block-image size-large\"><img loading=\"lazy\" decoding=\"async\" width=\"1024\" height=\"683\" src=\"https:\/\/lavanguardiadecuenca.es\/wp-content\/uploads\/2025\/12\/Ciudad-en-transicion_-modernizacion-y-tradicion-1024x683.png\" alt=\"\" class=\"wp-image-7450\" srcset=\"https:\/\/lavanguardiadecuenca.es\/wp-content\/uploads\/2025\/12\/Ciudad-en-transicion_-modernizacion-y-tradicion-1024x683.png 1024w, https:\/\/lavanguardiadecuenca.es\/wp-content\/uploads\/2025\/12\/Ciudad-en-transicion_-modernizacion-y-tradicion-300x200.png 300w, https:\/\/lavanguardiadecuenca.es\/wp-content\/uploads\/2025\/12\/Ciudad-en-transicion_-modernizacion-y-tradicion-768x512.png 768w, https:\/\/lavanguardiadecuenca.es\/wp-content\/uploads\/2025\/12\/Ciudad-en-transicion_-modernizacion-y-tradicion-850x567.png 850w, https:\/\/lavanguardiadecuenca.es\/wp-content\/uploads\/2025\/12\/Ciudad-en-transicion_-modernizacion-y-tradicion.png 1536w\" sizes=\"auto, (max-width: 1024px) 100vw, 1024px\" \/><\/figure>\n\n\n\n<p><em>Por alguien que, como usted, a\u00fan no ha encontrado el bot\u00f3n de \u201cmodernizar\u201d en el despacho del alcalde<\/em><\/p>\n\n\n\n<p>Hay pol\u00edticos que nacen para gobernar, otros para mandar, y luego est\u00e1 Dar\u00edo Dolz, alcalde de Cuenca, que ha decidido especializarse en una rara disciplina administrativa: <strong>dirigir sin modernizar<\/strong>. Un logro, por cierto, digno del Guinness municipal.<\/p>\n\n\n\n<p>Porque Dolz \u2014hombre de verbo templado, sonrisa institucional y gesto siempre a medio camino entre la rutina y la foto oficial\u2014 afirma con ol\u00edmpica seguridad que el Ayuntamiento \u201cdirige la ciudad\u201d. Dirigir, s\u00ed. Modernizar, ya tal. Una <em>menudencia<\/em>, un adorno, una extravagancia presupuestaria que, al parecer, puede aplazarse indefinidamente mientras uno dirige con firmeza\u2026 hacia el siglo pasado.<\/p>\n\n\n\n<p>Lo extraordinario del asunto \u2014y aqu\u00ed la iron\u00eda apenas necesita esfuerzo\u2014 es que el alcalde parece haber confundido los conceptos. Uno dir\u00eda que para \u00e9l, <strong>modernizar es simplemente dirigir, pero con m\u00e1s entusiasmo<\/strong>, como si el progreso urbano fuese una cuesti\u00f3n de volumen y no de contenido: \u201cSi hablo un poco m\u00e1s alto en la rueda de prensa, la ciudad se moderniza sola\u201d. Y as\u00ed Cuenca lleva a\u00f1os esperando que el entusiasmo se traduzca en algo m\u00e1s s\u00f3lido que carteles y promesas con aroma a naftalina.<\/p>\n\n\n\n<p>Pero si la modernizaci\u00f3n es una asignatura pendiente, no menos olvidada est\u00e1 la <strong>participaci\u00f3n ciudadana<\/strong>. Debe de ser que preguntar a los conquenses \u2014esas criaturas que pagan impuestos con puntualidad helv\u00e9tica\u2014 no entra en el manual de urbanismo dolziano. Participar, \u00bfpara qu\u00e9? Si dirigir, ya dirige \u00e9l. Y si modernizar es dirigir, y dirigir es hablar, pues todo est\u00e1 resuelto: un c\u00edrculo perfecto de gesti\u00f3n, sin necesidad de escuchar a nadie.<\/p>\n\n\n\n<p>No es que la ciudadan\u00eda est\u00e9 excluida; es que, para el alcalde, los vecinos son como los extras de una pel\u00edcula: est\u00e1n ah\u00ed, pero no hace falta darles texto. \u201cQue opinen si quieren, pero yo ya tengo mi guion\u201d, parece pensar mientras inaugura la en\u00e9sima promesa, a\u00fan por estrenar, de una Cuenca moderna que nunca termina de llegar.<\/p>\n\n\n\n<p>La ciudad, mientras tanto, sigue esperando mejoras b\u00e1sicas, proyectos con futuro y algo tan revolucionario como enterarse de lo que realmente opinan sus habitantes. Pero ya se sabe: la participaci\u00f3n ciudadana es inc\u00f3moda. Preguntar puede traer respuestas, y eso complica mucho la vida del que dirige sin modernizar y gobierna sin consultar.<\/p>\n\n\n\n<p>Aun as\u00ed, hay que reconocer el m\u00e9rito: Dolz ha logrado un estilo propio. Otros alcaldes presumen de transformaci\u00f3n, de innovaci\u00f3n, de escuchar a su gente. \u00c9l ha creado una marca personal: <strong>la gesti\u00f3n contemplativa<\/strong>. Dirige mirando, como el que vigila una maceta confiando en que crezca sin regarla.<\/p>\n\n\n\n<p>Quiz\u00e1 alg\u00fan d\u00eda descubra que la modernizaci\u00f3n no brota sola y que la participaci\u00f3n ciudadana no muerde. Mientras tanto, seguiremos contemplando este curioso experimento pol\u00edtico, que pretende unir la tranquilidad del pasado con la ausencia de planes para el futuro.<\/p>\n\n\n\n<p>Cuenca merece una ciudad moderna. Y tambi\u00e9n un alcalde que sepa que modernizar no es lo mismo que dirigir\u2026 salvo en su diccionario particular, ese que nadie ha votado, nadie ha le\u00eddo y todos intuimos.<\/p>\n","protected":false},"excerpt":{"rendered":"<p>Por alguien que, como usted, a\u00fan no ha encontrado el bot\u00f3n de \u201cmodernizar\u201d en el despacho del alcalde Hay pol\u00edticos que nacen para gobernar, otros para mandar, y luego est\u00e1 Dar\u00edo Dolz, alcalde de Cuenca, que ha decidido especializarse en una rara disciplina administrativa: dirigir sin modernizar. Un logro, por cierto, digno del Guinness municipal&#8230;.<\/p>\n","protected":false},"author":2,"featured_media":0,"comment_status":"open","ping_status":"open","sticky":false,"template":"","format":"standard","meta":{"rop_custom_images_group":[],"rop_custom_messages_group":[],"rop_publish_now":"initial","rop_publish_now_accounts":[],"rop_publish_now_history":[],"rop_publish_now_status":"pending","footnotes":""},"categories":[2,13,18,10,4,26,14,5,40,23,27,11,15,16,8,17],"tags":[],"class_list":["post-7449","post","type-post","status-publish","format-standard","hentry","category-actualidad","category-administracion-publica","category-ciencia","category-comunicacion","category-cultura","category-deportes","category-economia","category-educacion","category-empleo","category-gastronomia","category-medio-ambiente","category-musica","category-pensamiento-politico","category-politica","category-sociedad","category-urbanismo-y-arquitectura"],"yoast_head":"<!-- This site is optimized with the Yoast SEO plugin v27.4 - https:\/\/yoast.com\/product\/yoast-seo-wordpress\/ -->\n<title>Dar\u00edo Dolz y el artificio de dirigir sin modernizar ni preguntar (por Juan Andr\u00e9s Buedo) - La Vanguardia de Cuenca<\/title>\n<meta name=\"robots\" content=\"index, follow, max-snippet:-1, max-image-preview:large, max-video-preview:-1\" \/>\n<link rel=\"canonical\" href=\"https:\/\/lavanguardiadecuenca.es\/?p=7449\" \/>\n<meta property=\"og:locale\" content=\"es_ES\" \/>\n<meta property=\"og:type\" content=\"article\" \/>\n<meta property=\"og:title\" content=\"Dar\u00edo Dolz y el artificio de dirigir sin modernizar ni preguntar (por Juan Andr\u00e9s Buedo) - La Vanguardia de Cuenca\" \/>\n<meta property=\"og:description\" content=\"Por alguien que, como usted, a\u00fan no ha encontrado el bot\u00f3n de \u201cmodernizar\u201d en el despacho del alcalde Hay pol\u00edticos que nacen para gobernar, otros para mandar, y luego est\u00e1 Dar\u00edo Dolz, alcalde de Cuenca, que ha decidido especializarse en una rara disciplina administrativa: dirigir sin modernizar. Un logro, por cierto, digno del Guinness municipal....\" \/>\n<meta property=\"og:url\" content=\"https:\/\/lavanguardiadecuenca.es\/?p=7449\" \/>\n<meta property=\"og:site_name\" content=\"La Vanguardia de Cuenca\" \/>\n<meta property=\"article:published_time\" content=\"2025-12-08T09:51:06+00:00\" \/>\n<meta property=\"article:modified_time\" content=\"2025-12-08T09:51:07+00:00\" \/>\n<meta property=\"og:image\" content=\"https:\/\/lavanguardiadecuenca.es\/wp-content\/uploads\/2025\/12\/Ciudad-en-transicion_-modernizacion-y-tradicion-1024x683.png\" \/>\n\t<meta property=\"og:image:width\" content=\"1024\" \/>\n\t<meta property=\"og:image:height\" content=\"683\" \/>\n\t<meta property=\"og:image:type\" content=\"image\/png\" \/>\n<meta name=\"author\" content=\"Juan Andr\u00e9s Buedo\" \/>\n<meta name=\"twitter:card\" content=\"summary_large_image\" \/>\n<meta name=\"twitter:label1\" content=\"Escrito por\" \/>\n\t<meta name=\"twitter:data1\" content=\"Juan Andr\u00e9s Buedo\" \/>\n\t<meta name=\"twitter:label2\" content=\"Tiempo de lectura\" \/>\n\t<meta name=\"twitter:data2\" content=\"3 minutos\" \/>\n<script type=\"application\/ld+json\" class=\"yoast-schema-graph\">{\"@context\":\"https:\\\/\\\/schema.org\",\"@graph\":[{\"@type\":\"Article\",\"@id\":\"https:\\\/\\\/lavanguardiadecuenca.es\\\/?p=7449#article\",\"isPartOf\":{\"@id\":\"https:\\\/\\\/lavanguardiadecuenca.es\\\/?p=7449\"},\"author\":{\"name\":\"Juan Andr\u00e9s Buedo\",\"@id\":\"https:\\\/\\\/lavanguardiadecuenca.es\\\/#\\\/schema\\\/person\\\/efd3b99fe10ec3fad96a88f3ae7d092f\"},\"headline\":\"Dar\u00edo Dolz y el artificio de dirigir sin modernizar ni preguntar (por Juan Andr\u00e9s Buedo)\",\"datePublished\":\"2025-12-08T09:51:06+00:00\",\"dateModified\":\"2025-12-08T09:51:07+00:00\",\"mainEntityOfPage\":{\"@id\":\"https:\\\/\\\/lavanguardiadecuenca.es\\\/?p=7449\"},\"wordCount\":557,\"commentCount\":1,\"publisher\":{\"@id\":\"https:\\\/\\\/lavanguardiadecuenca.es\\\/#\\\/schema\\\/person\\\/efd3b99fe10ec3fad96a88f3ae7d092f\"},\"image\":{\"@id\":\"https:\\\/\\\/lavanguardiadecuenca.es\\\/?p=7449#primaryimage\"},\"thumbnailUrl\":\"https:\\\/\\\/lavanguardiadecuenca.es\\\/wp-content\\\/uploads\\\/2025\\\/12\\\/Ciudad-en-transicion_-modernizacion-y-tradicion-1024x683.png\",\"articleSection\":[\"Actualidad\",\"Administraci\u00f3n P\u00fablica\",\"Ciencia\",\"Comunicaci\u00f3n\",\"Cultura\",\"Deportes\",\"Econom\u00eda\",\"Educaci\u00f3n\",\"Empleo\",\"Gastronom\u00eda\",\"Medio ambiente\",\"M\u00fasica\",\"Pensamiento pol\u00edtico\",\"Pol\u00edtica\",\"Sociedad\",\"Urbanismo y Arquitectura\"],\"inLanguage\":\"es\",\"potentialAction\":[{\"@type\":\"CommentAction\",\"name\":\"Comment\",\"target\":[\"https:\\\/\\\/lavanguardiadecuenca.es\\\/?p=7449#respond\"]}]},{\"@type\":\"WebPage\",\"@id\":\"https:\\\/\\\/lavanguardiadecuenca.es\\\/?p=7449\",\"url\":\"https:\\\/\\\/lavanguardiadecuenca.es\\\/?p=7449\",\"name\":\"Dar\u00edo Dolz y el artificio de dirigir sin modernizar ni preguntar (por Juan Andr\u00e9s Buedo) - La Vanguardia de Cuenca\",\"isPartOf\":{\"@id\":\"https:\\\/\\\/lavanguardiadecuenca.es\\\/#website\"},\"primaryImageOfPage\":{\"@id\":\"https:\\\/\\\/lavanguardiadecuenca.es\\\/?p=7449#primaryimage\"},\"image\":{\"@id\":\"https:\\\/\\\/lavanguardiadecuenca.es\\\/?p=7449#primaryimage\"},\"thumbnailUrl\":\"https:\\\/\\\/lavanguardiadecuenca.es\\\/wp-content\\\/uploads\\\/2025\\\/12\\\/Ciudad-en-transicion_-modernizacion-y-tradicion-1024x683.png\",\"datePublished\":\"2025-12-08T09:51:06+00:00\",\"dateModified\":\"2025-12-08T09:51:07+00:00\",\"breadcrumb\":{\"@id\":\"https:\\\/\\\/lavanguardiadecuenca.es\\\/?p=7449#breadcrumb\"},\"inLanguage\":\"es\",\"potentialAction\":[{\"@type\":\"ReadAction\",\"target\":[\"https:\\\/\\\/lavanguardiadecuenca.es\\\/?p=7449\"]}]},{\"@type\":\"ImageObject\",\"inLanguage\":\"es\",\"@id\":\"https:\\\/\\\/lavanguardiadecuenca.es\\\/?p=7449#primaryimage\",\"url\":\"https:\\\/\\\/lavanguardiadecuenca.es\\\/wp-content\\\/uploads\\\/2025\\\/12\\\/Ciudad-en-transicion_-modernizacion-y-tradicion.png\",\"contentUrl\":\"https:\\\/\\\/lavanguardiadecuenca.es\\\/wp-content\\\/uploads\\\/2025\\\/12\\\/Ciudad-en-transicion_-modernizacion-y-tradicion.png\",\"width\":1536,\"height\":1024},{\"@type\":\"BreadcrumbList\",\"@id\":\"https:\\\/\\\/lavanguardiadecuenca.es\\\/?p=7449#breadcrumb\",\"itemListElement\":[{\"@type\":\"ListItem\",\"position\":1,\"name\":\"Portada\",\"item\":\"https:\\\/\\\/lavanguardiadecuenca.es\\\/\"},{\"@type\":\"ListItem\",\"position\":2,\"name\":\"Dar\u00edo Dolz y el artificio de dirigir sin modernizar ni preguntar (por Juan Andr\u00e9s Buedo)\"}]},{\"@type\":\"WebSite\",\"@id\":\"https:\\\/\\\/lavanguardiadecuenca.es\\\/#website\",\"url\":\"https:\\\/\\\/lavanguardiadecuenca.es\\\/\",\"name\":\"La Vanguardia de Cuenca\",\"description\":\"Intereses: comunicaci\u00f3n y actualidad en general, weblogs, sociedad, pol\u00edtica\",\"publisher\":{\"@id\":\"https:\\\/\\\/lavanguardiadecuenca.es\\\/#\\\/schema\\\/person\\\/efd3b99fe10ec3fad96a88f3ae7d092f\"},\"potentialAction\":[{\"@type\":\"SearchAction\",\"target\":{\"@type\":\"EntryPoint\",\"urlTemplate\":\"https:\\\/\\\/lavanguardiadecuenca.es\\\/?s={search_term_string}\"},\"query-input\":{\"@type\":\"PropertyValueSpecification\",\"valueRequired\":true,\"valueName\":\"search_term_string\"}}],\"inLanguage\":\"es\"},{\"@type\":[\"Person\",\"Organization\"],\"@id\":\"https:\\\/\\\/lavanguardiadecuenca.es\\\/#\\\/schema\\\/person\\\/efd3b99fe10ec3fad96a88f3ae7d092f\",\"name\":\"Juan Andr\u00e9s Buedo\",\"image\":{\"@type\":\"ImageObject\",\"inLanguage\":\"es\",\"@id\":\"https:\\\/\\\/lavanguardiadecuenca.es\\\/wp-content\\\/uploads\\\/2025\\\/09\\\/6a00d8341c734753ef0278801a3634200d-250si.jpg\",\"url\":\"https:\\\/\\\/lavanguardiadecuenca.es\\\/wp-content\\\/uploads\\\/2025\\\/09\\\/6a00d8341c734753ef0278801a3634200d-250si.jpg\",\"contentUrl\":\"https:\\\/\\\/lavanguardiadecuenca.es\\\/wp-content\\\/uploads\\\/2025\\\/09\\\/6a00d8341c734753ef0278801a3634200d-250si.jpg\",\"width\":250,\"height\":250,\"caption\":\"Juan Andr\u00e9s Buedo\"},\"logo\":{\"@id\":\"https:\\\/\\\/lavanguardiadecuenca.es\\\/wp-content\\\/uploads\\\/2025\\\/09\\\/6a00d8341c734753ef0278801a3634200d-250si.jpg\"},\"sameAs\":[\"https:\\\/\\\/lavanguardiadecuenca.es\\\/\"],\"url\":\"https:\\\/\\\/lavanguardiadecuenca.es\\\/?author=2\"}]}<\/script>\n<!-- \/ Yoast SEO plugin. -->","yoast_head_json":{"title":"Dar\u00edo Dolz y el artificio de dirigir sin modernizar ni preguntar (por Juan Andr\u00e9s Buedo) - La Vanguardia de Cuenca","robots":{"index":"index","follow":"follow","max-snippet":"max-snippet:-1","max-image-preview":"max-image-preview:large","max-video-preview":"max-video-preview:-1"},"canonical":"https:\/\/lavanguardiadecuenca.es\/?p=7449","og_locale":"es_ES","og_type":"article","og_title":"Dar\u00edo Dolz y el artificio de dirigir sin modernizar ni preguntar (por Juan Andr\u00e9s Buedo) - La Vanguardia de Cuenca","og_description":"Por alguien que, como usted, a\u00fan no ha encontrado el bot\u00f3n de \u201cmodernizar\u201d en el despacho del alcalde Hay pol\u00edticos que nacen para gobernar, otros para mandar, y luego est\u00e1 Dar\u00edo Dolz, alcalde de Cuenca, que ha decidido especializarse en una rara disciplina administrativa: dirigir sin modernizar. Un logro, por cierto, digno del Guinness municipal....","og_url":"https:\/\/lavanguardiadecuenca.es\/?p=7449","og_site_name":"La Vanguardia de Cuenca","article_published_time":"2025-12-08T09:51:06+00:00","article_modified_time":"2025-12-08T09:51:07+00:00","og_image":[{"width":1024,"height":683,"url":"https:\/\/lavanguardiadecuenca.es\/wp-content\/uploads\/2025\/12\/Ciudad-en-transicion_-modernizacion-y-tradicion-1024x683.png","type":"image\/png"}],"author":"Juan Andr\u00e9s Buedo","twitter_card":"summary_large_image","twitter_misc":{"Escrito por":"Juan Andr\u00e9s Buedo","Tiempo de lectura":"3 minutos"},"schema":{"@context":"https:\/\/schema.org","@graph":[{"@type":"Article","@id":"https:\/\/lavanguardiadecuenca.es\/?p=7449#article","isPartOf":{"@id":"https:\/\/lavanguardiadecuenca.es\/?p=7449"},"author":{"name":"Juan Andr\u00e9s Buedo","@id":"https:\/\/lavanguardiadecuenca.es\/#\/schema\/person\/efd3b99fe10ec3fad96a88f3ae7d092f"},"headline":"Dar\u00edo Dolz y el artificio de dirigir sin modernizar ni preguntar (por Juan Andr\u00e9s Buedo)","datePublished":"2025-12-08T09:51:06+00:00","dateModified":"2025-12-08T09:51:07+00:00","mainEntityOfPage":{"@id":"https:\/\/lavanguardiadecuenca.es\/?p=7449"},"wordCount":557,"commentCount":1,"publisher":{"@id":"https:\/\/lavanguardiadecuenca.es\/#\/schema\/person\/efd3b99fe10ec3fad96a88f3ae7d092f"},"image":{"@id":"https:\/\/lavanguardiadecuenca.es\/?p=7449#primaryimage"},"thumbnailUrl":"https:\/\/lavanguardiadecuenca.es\/wp-content\/uploads\/2025\/12\/Ciudad-en-transicion_-modernizacion-y-tradicion-1024x683.png","articleSection":["Actualidad","Administraci\u00f3n P\u00fablica","Ciencia","Comunicaci\u00f3n","Cultura","Deportes","Econom\u00eda","Educaci\u00f3n","Empleo","Gastronom\u00eda","Medio ambiente","M\u00fasica","Pensamiento pol\u00edtico","Pol\u00edtica","Sociedad","Urbanismo y Arquitectura"],"inLanguage":"es","potentialAction":[{"@type":"CommentAction","name":"Comment","target":["https:\/\/lavanguardiadecuenca.es\/?p=7449#respond"]}]},{"@type":"WebPage","@id":"https:\/\/lavanguardiadecuenca.es\/?p=7449","url":"https:\/\/lavanguardiadecuenca.es\/?p=7449","name":"Dar\u00edo Dolz y el artificio de dirigir sin modernizar ni preguntar (por Juan Andr\u00e9s Buedo) - La Vanguardia de Cuenca","isPartOf":{"@id":"https:\/\/lavanguardiadecuenca.es\/#website"},"primaryImageOfPage":{"@id":"https:\/\/lavanguardiadecuenca.es\/?p=7449#primaryimage"},"image":{"@id":"https:\/\/lavanguardiadecuenca.es\/?p=7449#primaryimage"},"thumbnailUrl":"https:\/\/lavanguardiadecuenca.es\/wp-content\/uploads\/2025\/12\/Ciudad-en-transicion_-modernizacion-y-tradicion-1024x683.png","datePublished":"2025-12-08T09:51:06+00:00","dateModified":"2025-12-08T09:51:07+00:00","breadcrumb":{"@id":"https:\/\/lavanguardiadecuenca.es\/?p=7449#breadcrumb"},"inLanguage":"es","potentialAction":[{"@type":"ReadAction","target":["https:\/\/lavanguardiadecuenca.es\/?p=7449"]}]},{"@type":"ImageObject","inLanguage":"es","@id":"https:\/\/lavanguardiadecuenca.es\/?p=7449#primaryimage","url":"https:\/\/lavanguardiadecuenca.es\/wp-content\/uploads\/2025\/12\/Ciudad-en-transicion_-modernizacion-y-tradicion.png","contentUrl":"https:\/\/lavanguardiadecuenca.es\/wp-content\/uploads\/2025\/12\/Ciudad-en-transicion_-modernizacion-y-tradicion.png","width":1536,"height":1024},{"@type":"BreadcrumbList","@id":"https:\/\/lavanguardiadecuenca.es\/?p=7449#breadcrumb","itemListElement":[{"@type":"ListItem","position":1,"name":"Portada","item":"https:\/\/lavanguardiadecuenca.es\/"},{"@type":"ListItem","position":2,"name":"Dar\u00edo Dolz y el artificio de dirigir sin modernizar ni preguntar (por Juan Andr\u00e9s Buedo)"}]},{"@type":"WebSite","@id":"https:\/\/lavanguardiadecuenca.es\/#website","url":"https:\/\/lavanguardiadecuenca.es\/","name":"La Vanguardia de Cuenca","description":"Intereses: comunicaci\u00f3n y actualidad en general, weblogs, sociedad, pol\u00edtica","publisher":{"@id":"https:\/\/lavanguardiadecuenca.es\/#\/schema\/person\/efd3b99fe10ec3fad96a88f3ae7d092f"},"potentialAction":[{"@type":"SearchAction","target":{"@type":"EntryPoint","urlTemplate":"https:\/\/lavanguardiadecuenca.es\/?s={search_term_string}"},"query-input":{"@type":"PropertyValueSpecification","valueRequired":true,"valueName":"search_term_string"}}],"inLanguage":"es"},{"@type":["Person","Organization"],"@id":"https:\/\/lavanguardiadecuenca.es\/#\/schema\/person\/efd3b99fe10ec3fad96a88f3ae7d092f","name":"Juan Andr\u00e9s Buedo","image":{"@type":"ImageObject","inLanguage":"es","@id":"https:\/\/lavanguardiadecuenca.es\/wp-content\/uploads\/2025\/09\/6a00d8341c734753ef0278801a3634200d-250si.jpg","url":"https:\/\/lavanguardiadecuenca.es\/wp-content\/uploads\/2025\/09\/6a00d8341c734753ef0278801a3634200d-250si.jpg","contentUrl":"https:\/\/lavanguardiadecuenca.es\/wp-content\/uploads\/2025\/09\/6a00d8341c734753ef0278801a3634200d-250si.jpg","width":250,"height":250,"caption":"Juan Andr\u00e9s Buedo"},"logo":{"@id":"https:\/\/lavanguardiadecuenca.es\/wp-content\/uploads\/2025\/09\/6a00d8341c734753ef0278801a3634200d-250si.jpg"},"sameAs":["https:\/\/lavanguardiadecuenca.es\/"],"url":"https:\/\/lavanguardiadecuenca.es\/?author=2"}]}},"_links":{"self":[{"href":"https:\/\/lavanguardiadecuenca.es\/index.php?rest_route=\/wp\/v2\/posts\/7449","targetHints":{"allow":["GET"]}}],"collection":[{"href":"https:\/\/lavanguardiadecuenca.es\/index.php?rest_route=\/wp\/v2\/posts"}],"about":[{"href":"https:\/\/lavanguardiadecuenca.es\/index.php?rest_route=\/wp\/v2\/types\/post"}],"author":[{"embeddable":true,"href":"https:\/\/lavanguardiadecuenca.es\/index.php?rest_route=\/wp\/v2\/users\/2"}],"replies":[{"embeddable":true,"href":"https:\/\/lavanguardiadecuenca.es\/index.php?rest_route=%2Fwp%2Fv2%2Fcomments&post=7449"}],"version-history":[{"count":1,"href":"https:\/\/lavanguardiadecuenca.es\/index.php?rest_route=\/wp\/v2\/posts\/7449\/revisions"}],"predecessor-version":[{"id":7451,"href":"https:\/\/lavanguardiadecuenca.es\/index.php?rest_route=\/wp\/v2\/posts\/7449\/revisions\/7451"}],"wp:attachment":[{"href":"https:\/\/lavanguardiadecuenca.es\/index.php?rest_route=%2Fwp%2Fv2%2Fmedia&parent=7449"}],"wp:term":[{"taxonomy":"category","embeddable":true,"href":"https:\/\/lavanguardiadecuenca.es\/index.php?rest_route=%2Fwp%2Fv2%2Fcategories&post=7449"},{"taxonomy":"post_tag","embeddable":true,"href":"https:\/\/lavanguardiadecuenca.es\/index.php?rest_route=%2Fwp%2Fv2%2Ftags&post=7449"}],"curies":[{"name":"wp","href":"https:\/\/api.w.org\/{rel}","templated":true}]}}