{"id":7333,"date":"2025-11-13T10:42:01","date_gmt":"2025-11-13T10:42:01","guid":{"rendered":"https:\/\/lavanguardiadecuenca.es\/?p=7333"},"modified":"2025-11-13T10:42:02","modified_gmt":"2025-11-13T10:42:02","slug":"las-labores-de-alto-calado-pendientes-en-las-politicas-publicas-de-cuenca-por-juan-andres-buedo","status":"publish","type":"post","link":"https:\/\/lavanguardiadecuenca.es\/?p=7333","title":{"rendered":"Las labores de alto calado pendientes en las Pol\u00edticas P\u00fablicas de Cuenca (por Juan Andr\u00e9s Buedo)"},"content":{"rendered":"\n<figure class=\"wp-block-image size-large\"><img loading=\"lazy\" decoding=\"async\" width=\"1024\" height=\"683\" src=\"https:\/\/lavanguardiadecuenca.es\/wp-content\/uploads\/2025\/11\/Politicas-Desarrollo-Rural-Cuenca-1024x683.jpg\" alt=\"\" class=\"wp-image-7334\" srcset=\"https:\/\/lavanguardiadecuenca.es\/wp-content\/uploads\/2025\/11\/Politicas-Desarrollo-Rural-Cuenca-1024x683.jpg 1024w, https:\/\/lavanguardiadecuenca.es\/wp-content\/uploads\/2025\/11\/Politicas-Desarrollo-Rural-Cuenca-300x200.jpg 300w, https:\/\/lavanguardiadecuenca.es\/wp-content\/uploads\/2025\/11\/Politicas-Desarrollo-Rural-Cuenca-768x512.jpg 768w, https:\/\/lavanguardiadecuenca.es\/wp-content\/uploads\/2025\/11\/Politicas-Desarrollo-Rural-Cuenca-850x567.jpg 850w, https:\/\/lavanguardiadecuenca.es\/wp-content\/uploads\/2025\/11\/Politicas-Desarrollo-Rural-Cuenca.jpg 1152w\" sizes=\"auto, (max-width: 1024px) 100vw, 1024px\" \/><\/figure>\n\n\n\n<p><em>Mapa conceptual de ejes, indicadores y retos por municipio de la provincia de Cuenca<\/em><\/p>\n\n\n\n<p>La provincia de <strong>Cuenca<\/strong> constituye uno de los espacios m\u00e1s singulares de la pol\u00edtica territorial espa\u00f1ola: amplia, despoblada y con un tejido institucional que debe conciliar la herencia del pasado con los desaf\u00edos del presente. En este contexto, la <strong>labor de las pol\u00edticas p\u00fablicas<\/strong> \u2014tanto desde la Junta de Castilla-La Mancha como desde la Diputaci\u00f3n y los ayuntamientos\u2014 se mide no solo por la inversi\u00f3n ejecutada, sino por su capacidad de <strong>transformar realidades locales<\/strong>.<\/p>\n\n\n\n<p>Durante los \u00faltimos a\u00f1os, Cuenca ha sido escenario de programas vinculados a tres ejes principales:<\/p>\n\n\n\n<ol class=\"wp-block-list\">\n<li><strong>Cohesi\u00f3n territorial y lucha contra la despoblaci\u00f3n.<\/strong><br>Iniciativas como los incentivos fiscales para zonas escasamente pobladas, los planes de relevo generacional y la mejora de infraestructuras rurales buscan mantener poblaci\u00f3n en el territorio. Sin embargo, la eficacia de estas medidas depende de su continuidad y del arraigo econ\u00f3mico que logren generar.<\/li>\n\n\n\n<li><strong>Transici\u00f3n ecol\u00f3gica y sostenibilidad.<\/strong><br>Las pol\u00edticas de desarrollo rural, el aprovechamiento forestal sostenible y los proyectos energ\u00e9ticos (a menudo pol\u00e9micos, como las macroplantas solares) muestran la tensi\u00f3n entre el discurso verde y la planificaci\u00f3n integral del territorio.<\/li>\n\n\n\n<li><strong>Pol\u00edticas sociales y de bienestar.<\/strong><br>En una provincia envejecida, los programas de atenci\u00f3n domiciliaria, dependencia y vivienda rural resultan cruciales. Sin embargo, el reciente <strong>Informe FOESSA 2025<\/strong> revela que Cuenca sigue presentando bolsas de pobreza y exclusi\u00f3n m\u00e1s elevadas que la media regional.<\/li>\n<\/ol>\n\n\n\n<p>En suma, la labor de las pol\u00edticas p\u00fablicas en Cuenca se debate entre el <strong>dise\u00f1o y la ejecuci\u00f3n<\/strong>, entre el <strong>discurso de la revitalizaci\u00f3n rural<\/strong> y la <strong>resistencia del abandono estructural<\/strong>. M\u00e1s que grandes anuncios, la provincia necesita <strong>continuidad, evaluaci\u00f3n y participaci\u00f3n social<\/strong> en cada proyecto que pretenda cambiar su destino.<\/p>\n\n\n\n<h3 class=\"wp-block-heading\">Prioridades t\u00e9cnico-administrativas eficientes<\/h3>\n\n\n\n<p>Cuenca necesita dejar atr\u00e1s el diagn\u00f3stico constante y pasar, por fin, a la <strong>ejecuci\u00f3n coherente de pol\u00edticas p\u00fablicas que transformen el territorio<\/strong>. Despu\u00e9s de a\u00f1os de estudios, planes estrat\u00e9gicos y discursos sobre la despoblaci\u00f3n, el reto ya no es detectar el problema, sino <strong>dotar de eficacia a las soluciones<\/strong>. La provincia no puede seguir siendo un laboratorio de buenas intenciones, sino un espacio de resultados medibles.<\/p>\n\n\n\n<p>La primera prioridad debe ser la <strong>gobernanza territorial<\/strong>, es decir, la coordinaci\u00f3n real entre los distintos niveles administrativos. Hoy Cuenca sufre la fragmentaci\u00f3n de competencias: Junta, Diputaci\u00f3n, ayuntamientos y ministerios act\u00faan con estrategias dispares, cuando lo que se precisa es una planificaci\u00f3n provincial integral. Un plan de desarrollo que defina objetivos concretos para cada comarca \u2014Serran\u00eda, Manchuela, Alcarria y zona de Taranc\u00f3n\u2014 y asigne recursos en funci\u00f3n de resultados, no de afinidades pol\u00edticas.<\/p>\n\n\n\n<p>La segunda prioridad es la <strong>reforma de la pol\u00edtica de inversi\u00f3n p\u00fablica<\/strong>. El gasto ha de orientarse a proyectos que generen poblaci\u00f3n estable, no solo titulares temporales. Una pol\u00edtica eficiente debe medir impacto: cu\u00e1ntos empleos crea una obra, cu\u00e1nto aumenta la renta local, qu\u00e9 servicios fija poblaci\u00f3n. Esto exige recuperar la cultura de la evaluaci\u00f3n y la transparencia presupuestaria, con datos p\u00fablicos comparables por municipio.<\/p>\n\n\n\n<p>En tercer lugar, urge <strong>una pol\u00edtica social que se anticipe a la exclusi\u00f3n<\/strong>. El IX Informe FOESSA advierte del aumento de hogares vulnerables tambi\u00e9n en Castilla-La Mancha, y Cuenca no es una excepci\u00f3n. Los programas de atenci\u00f3n a la dependencia, la vivienda social o la inserci\u00f3n laboral deben ser permanentes, no residuales. La cohesi\u00f3n social es la base de cualquier estrategia territorial; sin ella, la despoblaci\u00f3n se acelera.<\/p>\n\n\n\n<p>Otro frente es la <strong>econom\u00eda verde y digital<\/strong>. La provincia dispone de suelo, recursos naturales y capital humano suficiente para liderar un modelo de desarrollo rural inteligente. Pero hace falta pasar del discurso a la implantaci\u00f3n: impulsar comunidades energ\u00e9ticas locales, pol\u00edgonos agroindustriales sostenibles, hubs digitales rurales y redes de transporte que conecten Cuenca con Madrid y Valencia sin condenar al aislamiento ferroviario.<\/p>\n\n\n\n<p>Finalmente, se necesita una <strong>pol\u00edtica p\u00fablica de identidad y confianza<\/strong>. Cuenca debe creer en s\u00ed misma y proyectarse con una narrativa positiva, moderna y de futuro. El turismo, la cultura, los balnearios hist\u00f3ricos, el patrimonio natural o la educaci\u00f3n universitaria no son sectores aislados: pueden formar un ecosistema de desarrollo equilibrado si se planifican bajo una visi\u00f3n com\u00fan.<\/p>\n\n\n\n<p>Las pol\u00edticas p\u00fablicas eficientes son aquellas que <strong>act\u00faan sobre las causas, no sobre los s\u00edntomas<\/strong>. En Cuenca, esto significa equilibrar inversi\u00f3n, servicios y oportunidades en cada comarca, fortalecer las instituciones locales y medir resultados. La provincia no puede esperar m\u00e1s diagn\u00f3sticos: necesita pol\u00edticas p\u00fablicas que transformen sus pueblos en lugares donde vivir no sea un acto de resistencia, sino de esperanza.<\/p>\n\n\n\n<p>El mapa que meticulosamente se ha elaborado para encabezar el presente art\u00edculo abrevia disquisiciones y nos ofrece la estructura que facilita la comparaci\u00f3n visual entre municipios y orienta el enfoque t\u00e9cnico para cada \u00e1rea de intervenci\u00f3n:<\/p>\n\n\n\n<ul class=\"wp-block-list\">\n<li><strong>Ejes principales<\/strong>: Desarrollo rural sostenible, modernizaci\u00f3n urbana, cohesi\u00f3n social y territorial<\/li>\n\n\n\n<li><strong>Indicadores<\/strong>: Crecimiento poblacional, nivel de servicios b\u00e1sicos, inversi\u00f3n p\u00fablica, empleo rural, conectividad digital<\/li>\n\n\n\n<li><strong>Retos<\/strong>: Despoblaci\u00f3n, envejecimiento, conectividad, preservaci\u00f3n patrimonial, atracci\u00f3n de j\u00f3venes, diversificaci\u00f3n productiva<\/li>\n<\/ul>\n\n\n\n<p>Gr\u00e1ficamente nos dice esa representaci\u00f3n geogr\u00e1fica que la provincia de Cuenca, ejemplo paradigm\u00e1tico de la Espa\u00f1a interior, protagoniza uno de los escenarios m\u00e1s desafiantes del desarrollo territorial en nuestro pa\u00eds. Desde la mirada cr\u00edtica y constructiva que exige la opini\u00f3n period\u00edstica, resulta imprescindible analizar los aspectos informativos clave de la labor de pol\u00edticas p\u00fablicas en este territorio, donde conviven esperanza institucional e incertidumbre social.<\/p>\n\n\n\n<p>Gran parte de la acci\u00f3n p\u00fablica se articula en torno a tres grandes ejes estrat\u00e9gicos: el desarrollo rural sostenible, la modernizaci\u00f3n urbana y la cohesi\u00f3n social y territorial. La bater\u00eda de medidas implementadas \u2015con especial apoyo de fondos europeos y la Estrategia Regional frente a la Despoblaci\u00f3n\u2015 aspira a revertir la sangr\u00eda demogr\u00e1fica y a garantizar derechos, servicios e igualdad de oportunidades para todos los conquenses.<\/p>\n\n\n\n<h3 class=\"wp-block-heading\"><strong>Una articulaci\u00f3n p\u00fablica pendiente<\/strong><\/h3>\n\n\n\n<p>Destacan, entre los aciertos informativos, la apuesta decidida por incentivos fiscales en municipios afectados, con deducciones del IRPF que alivian la carga de miles de familias rurales y bonificaciones que animan a residir, emprender y rehabilitar vivienda en la provincia. Adem\u00e1s, aunque las inversiones p\u00fablicas han permitido mejorar infraestructuras b\u00e1sicas, ampliar servicios sociales y fortalecer el tejido econ\u00f3mico de algunos pueblos, se quedan pol\u00edticamente en un hip\u00e9rbaton, por insuficientes y asincr\u00f3nicas.<\/p>\n\n\n\n<p>Sin embargo, el reto no se agota con recetas financieras. Persisten barreras profundas: la despoblaci\u00f3n avanza en las comarcas m\u00e1s deprimidas, la econom\u00eda rural sigue arrinconada por el monocultivo agrario y la dispersi\u00f3n hace inviable en ocasiones mantener servicios imprescindibles como sanidad, educaci\u00f3n o conectividad digital. El envejecimiento poblacional y la falta de relevo generacional condenan a muchos municipios a una lucha diaria por la supervivencia.<\/p>\n\n\n\n<p>El mapa de la provincia revela un mosaico de realidades diferenciadas. Grandes cabeceras afrontan el reto de diversificar su econom\u00eda y atraer talento joven, mientras peque\u00f1os municipios luchan por conservar su patrimonio humano y cultural. La coordinaci\u00f3n entre administraciones y la implicaci\u00f3n ciudadana son a\u00fan asignaturas pendientes para que las pol\u00edticas p\u00fablicas resulten efectivas y consoliden un cambio real.<\/p>\n\n\n\n<p>Cuenca se encuentra ante una encrucijada hist\u00f3rica, en la que la audacia pol\u00edtica, la innovaci\u00f3n administrativa y el compromiso social deben ir de la mano. Las claves para el futuro pasan por convertir cada inversi\u00f3n, cada ayuda y cada nuevo proyecto en verdaderos motores de arraigo y confianza. Solo as\u00ed el discurso institucional se traducir\u00e1 en oportunidades palpables para quienes habitan y trabajan en la provincia. Y solo as\u00ed, las pr\u00f3ximas generaciones podr\u00e1n escribir una historia diferente para esta tierra de desaf\u00edos y vocaci\u00f3n resiliente.<\/p>\n","protected":false},"excerpt":{"rendered":"<p>Mapa conceptual de ejes, indicadores y retos por municipio de la provincia de Cuenca La provincia de Cuenca constituye uno de los espacios m\u00e1s singulares de la pol\u00edtica territorial espa\u00f1ola: amplia, despoblada y con un tejido institucional que debe conciliar la herencia del pasado con los desaf\u00edos del presente. En este contexto, la labor de&#8230;<\/p>\n","protected":false},"author":2,"featured_media":0,"comment_status":"open","ping_status":"open","sticky":false,"template":"","format":"standard","meta":{"rop_custom_images_group":[],"rop_custom_messages_group":[],"rop_publish_now":"initial","rop_publish_now_accounts":[],"rop_publish_now_history":[],"rop_publish_now_status":"pending","footnotes":""},"categories":[2,39,18,10,4,14,5,40,6,27,15,16,8,21,17,9],"tags":[],"class_list":["post-7333","post","type-post","status-publish","format-standard","hentry","category-actualidad","category-administraciones","category-ciencia","category-comunicacion","category-cultura","category-economia","category-educacion","category-empleo","category-historia","category-medio-ambiente","category-pensamiento-politico","category-politica","category-sociedad","category-tic-y-sociedad-del-conocimiento","category-urbanismo-y-arquitectura","category-viajes"],"yoast_head":"<!-- This site is optimized with the Yoast SEO plugin v27.4 - https:\/\/yoast.com\/product\/yoast-seo-wordpress\/ -->\n<title>Las labores de alto calado pendientes en las Pol\u00edticas P\u00fablicas de Cuenca (por Juan Andr\u00e9s Buedo) - La Vanguardia de Cuenca<\/title>\n<meta name=\"robots\" content=\"index, follow, max-snippet:-1, max-image-preview:large, max-video-preview:-1\" \/>\n<link rel=\"canonical\" href=\"https:\/\/lavanguardiadecuenca.es\/?p=7333\" \/>\n<meta property=\"og:locale\" content=\"es_ES\" \/>\n<meta property=\"og:type\" content=\"article\" \/>\n<meta property=\"og:title\" content=\"Las labores de alto calado pendientes en las Pol\u00edticas P\u00fablicas de Cuenca (por Juan Andr\u00e9s Buedo) - La Vanguardia de Cuenca\" \/>\n<meta property=\"og:description\" content=\"Mapa conceptual de ejes, indicadores y retos por municipio de la provincia de Cuenca La provincia de Cuenca constituye uno de los espacios m\u00e1s singulares de la pol\u00edtica territorial espa\u00f1ola: amplia, despoblada y con un tejido institucional que debe conciliar la herencia del pasado con los desaf\u00edos del presente. En este contexto, la labor de...\" \/>\n<meta property=\"og:url\" content=\"https:\/\/lavanguardiadecuenca.es\/?p=7333\" \/>\n<meta property=\"og:site_name\" content=\"La Vanguardia de Cuenca\" \/>\n<meta property=\"article:published_time\" content=\"2025-11-13T10:42:01+00:00\" \/>\n<meta property=\"article:modified_time\" content=\"2025-11-13T10:42:02+00:00\" \/>\n<meta property=\"og:image\" content=\"https:\/\/lavanguardiadecuenca.es\/wp-content\/uploads\/2025\/11\/Politicas-Desarrollo-Rural-Cuenca.jpg\" \/>\n\t<meta property=\"og:image:width\" content=\"1152\" \/>\n\t<meta property=\"og:image:height\" content=\"768\" \/>\n\t<meta property=\"og:image:type\" content=\"image\/jpeg\" \/>\n<meta name=\"author\" content=\"Juan Andr\u00e9s Buedo\" \/>\n<meta name=\"twitter:card\" content=\"summary_large_image\" \/>\n<meta name=\"twitter:label1\" content=\"Escrito por\" \/>\n\t<meta name=\"twitter:data1\" content=\"Juan Andr\u00e9s Buedo\" \/>\n\t<meta name=\"twitter:label2\" content=\"Tiempo de lectura\" \/>\n\t<meta name=\"twitter:data2\" content=\"6 minutos\" \/>\n<script type=\"application\/ld+json\" class=\"yoast-schema-graph\">{\"@context\":\"https:\\\/\\\/schema.org\",\"@graph\":[{\"@type\":\"Article\",\"@id\":\"https:\\\/\\\/lavanguardiadecuenca.es\\\/?p=7333#article\",\"isPartOf\":{\"@id\":\"https:\\\/\\\/lavanguardiadecuenca.es\\\/?p=7333\"},\"author\":{\"name\":\"Juan Andr\u00e9s Buedo\",\"@id\":\"https:\\\/\\\/lavanguardiadecuenca.es\\\/#\\\/schema\\\/person\\\/efd3b99fe10ec3fad96a88f3ae7d092f\"},\"headline\":\"Las labores de alto calado pendientes en las Pol\u00edticas P\u00fablicas de Cuenca (por Juan Andr\u00e9s Buedo)\",\"datePublished\":\"2025-11-13T10:42:01+00:00\",\"dateModified\":\"2025-11-13T10:42:02+00:00\",\"mainEntityOfPage\":{\"@id\":\"https:\\\/\\\/lavanguardiadecuenca.es\\\/?p=7333\"},\"wordCount\":1397,\"commentCount\":0,\"publisher\":{\"@id\":\"https:\\\/\\\/lavanguardiadecuenca.es\\\/#\\\/schema\\\/person\\\/efd3b99fe10ec3fad96a88f3ae7d092f\"},\"image\":{\"@id\":\"https:\\\/\\\/lavanguardiadecuenca.es\\\/?p=7333#primaryimage\"},\"thumbnailUrl\":\"https:\\\/\\\/lavanguardiadecuenca.es\\\/wp-content\\\/uploads\\\/2025\\\/11\\\/Politicas-Desarrollo-Rural-Cuenca-1024x683.jpg\",\"articleSection\":[\"Actualidad\",\"Administraciones P\u00fablicas\",\"Ciencia\",\"Comunicaci\u00f3n\",\"Cultura\",\"Econom\u00eda\",\"Educaci\u00f3n\",\"Empleo\",\"Historia\",\"Medio ambiente\",\"Pensamiento pol\u00edtico\",\"Pol\u00edtica\",\"Sociedad\",\"TIC y Sociedad del Conocimiento\",\"Urbanismo y Arquitectura\",\"Viajes\"],\"inLanguage\":\"es\",\"potentialAction\":[{\"@type\":\"CommentAction\",\"name\":\"Comment\",\"target\":[\"https:\\\/\\\/lavanguardiadecuenca.es\\\/?p=7333#respond\"]}]},{\"@type\":\"WebPage\",\"@id\":\"https:\\\/\\\/lavanguardiadecuenca.es\\\/?p=7333\",\"url\":\"https:\\\/\\\/lavanguardiadecuenca.es\\\/?p=7333\",\"name\":\"Las labores de alto calado pendientes en las Pol\u00edticas P\u00fablicas de Cuenca (por Juan Andr\u00e9s Buedo) - La Vanguardia de Cuenca\",\"isPartOf\":{\"@id\":\"https:\\\/\\\/lavanguardiadecuenca.es\\\/#website\"},\"primaryImageOfPage\":{\"@id\":\"https:\\\/\\\/lavanguardiadecuenca.es\\\/?p=7333#primaryimage\"},\"image\":{\"@id\":\"https:\\\/\\\/lavanguardiadecuenca.es\\\/?p=7333#primaryimage\"},\"thumbnailUrl\":\"https:\\\/\\\/lavanguardiadecuenca.es\\\/wp-content\\\/uploads\\\/2025\\\/11\\\/Politicas-Desarrollo-Rural-Cuenca-1024x683.jpg\",\"datePublished\":\"2025-11-13T10:42:01+00:00\",\"dateModified\":\"2025-11-13T10:42:02+00:00\",\"breadcrumb\":{\"@id\":\"https:\\\/\\\/lavanguardiadecuenca.es\\\/?p=7333#breadcrumb\"},\"inLanguage\":\"es\",\"potentialAction\":[{\"@type\":\"ReadAction\",\"target\":[\"https:\\\/\\\/lavanguardiadecuenca.es\\\/?p=7333\"]}]},{\"@type\":\"ImageObject\",\"inLanguage\":\"es\",\"@id\":\"https:\\\/\\\/lavanguardiadecuenca.es\\\/?p=7333#primaryimage\",\"url\":\"https:\\\/\\\/lavanguardiadecuenca.es\\\/wp-content\\\/uploads\\\/2025\\\/11\\\/Politicas-Desarrollo-Rural-Cuenca.jpg\",\"contentUrl\":\"https:\\\/\\\/lavanguardiadecuenca.es\\\/wp-content\\\/uploads\\\/2025\\\/11\\\/Politicas-Desarrollo-Rural-Cuenca.jpg\",\"width\":1152,\"height\":768},{\"@type\":\"BreadcrumbList\",\"@id\":\"https:\\\/\\\/lavanguardiadecuenca.es\\\/?p=7333#breadcrumb\",\"itemListElement\":[{\"@type\":\"ListItem\",\"position\":1,\"name\":\"Portada\",\"item\":\"https:\\\/\\\/lavanguardiadecuenca.es\\\/\"},{\"@type\":\"ListItem\",\"position\":2,\"name\":\"Las labores de alto calado pendientes en las Pol\u00edticas P\u00fablicas de Cuenca (por Juan Andr\u00e9s Buedo)\"}]},{\"@type\":\"WebSite\",\"@id\":\"https:\\\/\\\/lavanguardiadecuenca.es\\\/#website\",\"url\":\"https:\\\/\\\/lavanguardiadecuenca.es\\\/\",\"name\":\"La Vanguardia de Cuenca\",\"description\":\"Intereses: comunicaci\u00f3n y actualidad en general, weblogs, sociedad, pol\u00edtica\",\"publisher\":{\"@id\":\"https:\\\/\\\/lavanguardiadecuenca.es\\\/#\\\/schema\\\/person\\\/efd3b99fe10ec3fad96a88f3ae7d092f\"},\"potentialAction\":[{\"@type\":\"SearchAction\",\"target\":{\"@type\":\"EntryPoint\",\"urlTemplate\":\"https:\\\/\\\/lavanguardiadecuenca.es\\\/?s={search_term_string}\"},\"query-input\":{\"@type\":\"PropertyValueSpecification\",\"valueRequired\":true,\"valueName\":\"search_term_string\"}}],\"inLanguage\":\"es\"},{\"@type\":[\"Person\",\"Organization\"],\"@id\":\"https:\\\/\\\/lavanguardiadecuenca.es\\\/#\\\/schema\\\/person\\\/efd3b99fe10ec3fad96a88f3ae7d092f\",\"name\":\"Juan Andr\u00e9s Buedo\",\"image\":{\"@type\":\"ImageObject\",\"inLanguage\":\"es\",\"@id\":\"https:\\\/\\\/lavanguardiadecuenca.es\\\/wp-content\\\/uploads\\\/2025\\\/09\\\/6a00d8341c734753ef0278801a3634200d-250si.jpg\",\"url\":\"https:\\\/\\\/lavanguardiadecuenca.es\\\/wp-content\\\/uploads\\\/2025\\\/09\\\/6a00d8341c734753ef0278801a3634200d-250si.jpg\",\"contentUrl\":\"https:\\\/\\\/lavanguardiadecuenca.es\\\/wp-content\\\/uploads\\\/2025\\\/09\\\/6a00d8341c734753ef0278801a3634200d-250si.jpg\",\"width\":250,\"height\":250,\"caption\":\"Juan Andr\u00e9s Buedo\"},\"logo\":{\"@id\":\"https:\\\/\\\/lavanguardiadecuenca.es\\\/wp-content\\\/uploads\\\/2025\\\/09\\\/6a00d8341c734753ef0278801a3634200d-250si.jpg\"},\"sameAs\":[\"https:\\\/\\\/lavanguardiadecuenca.es\\\/\"],\"url\":\"https:\\\/\\\/lavanguardiadecuenca.es\\\/?author=2\"}]}<\/script>\n<!-- \/ Yoast SEO plugin. -->","yoast_head_json":{"title":"Las labores de alto calado pendientes en las Pol\u00edticas P\u00fablicas de Cuenca (por Juan Andr\u00e9s Buedo) - La Vanguardia de Cuenca","robots":{"index":"index","follow":"follow","max-snippet":"max-snippet:-1","max-image-preview":"max-image-preview:large","max-video-preview":"max-video-preview:-1"},"canonical":"https:\/\/lavanguardiadecuenca.es\/?p=7333","og_locale":"es_ES","og_type":"article","og_title":"Las labores de alto calado pendientes en las Pol\u00edticas P\u00fablicas de Cuenca (por Juan Andr\u00e9s Buedo) - La Vanguardia de Cuenca","og_description":"Mapa conceptual de ejes, indicadores y retos por municipio de la provincia de Cuenca La provincia de Cuenca constituye uno de los espacios m\u00e1s singulares de la pol\u00edtica territorial espa\u00f1ola: amplia, despoblada y con un tejido institucional que debe conciliar la herencia del pasado con los desaf\u00edos del presente. En este contexto, la labor de...","og_url":"https:\/\/lavanguardiadecuenca.es\/?p=7333","og_site_name":"La Vanguardia de Cuenca","article_published_time":"2025-11-13T10:42:01+00:00","article_modified_time":"2025-11-13T10:42:02+00:00","og_image":[{"width":1152,"height":768,"url":"https:\/\/lavanguardiadecuenca.es\/wp-content\/uploads\/2025\/11\/Politicas-Desarrollo-Rural-Cuenca.jpg","type":"image\/jpeg"}],"author":"Juan Andr\u00e9s Buedo","twitter_card":"summary_large_image","twitter_misc":{"Escrito por":"Juan Andr\u00e9s Buedo","Tiempo de lectura":"6 minutos"},"schema":{"@context":"https:\/\/schema.org","@graph":[{"@type":"Article","@id":"https:\/\/lavanguardiadecuenca.es\/?p=7333#article","isPartOf":{"@id":"https:\/\/lavanguardiadecuenca.es\/?p=7333"},"author":{"name":"Juan Andr\u00e9s Buedo","@id":"https:\/\/lavanguardiadecuenca.es\/#\/schema\/person\/efd3b99fe10ec3fad96a88f3ae7d092f"},"headline":"Las labores de alto calado pendientes en las Pol\u00edticas P\u00fablicas de Cuenca (por Juan Andr\u00e9s Buedo)","datePublished":"2025-11-13T10:42:01+00:00","dateModified":"2025-11-13T10:42:02+00:00","mainEntityOfPage":{"@id":"https:\/\/lavanguardiadecuenca.es\/?p=7333"},"wordCount":1397,"commentCount":0,"publisher":{"@id":"https:\/\/lavanguardiadecuenca.es\/#\/schema\/person\/efd3b99fe10ec3fad96a88f3ae7d092f"},"image":{"@id":"https:\/\/lavanguardiadecuenca.es\/?p=7333#primaryimage"},"thumbnailUrl":"https:\/\/lavanguardiadecuenca.es\/wp-content\/uploads\/2025\/11\/Politicas-Desarrollo-Rural-Cuenca-1024x683.jpg","articleSection":["Actualidad","Administraciones P\u00fablicas","Ciencia","Comunicaci\u00f3n","Cultura","Econom\u00eda","Educaci\u00f3n","Empleo","Historia","Medio ambiente","Pensamiento pol\u00edtico","Pol\u00edtica","Sociedad","TIC y Sociedad del Conocimiento","Urbanismo y Arquitectura","Viajes"],"inLanguage":"es","potentialAction":[{"@type":"CommentAction","name":"Comment","target":["https:\/\/lavanguardiadecuenca.es\/?p=7333#respond"]}]},{"@type":"WebPage","@id":"https:\/\/lavanguardiadecuenca.es\/?p=7333","url":"https:\/\/lavanguardiadecuenca.es\/?p=7333","name":"Las labores de alto calado pendientes en las Pol\u00edticas P\u00fablicas de Cuenca (por Juan Andr\u00e9s Buedo) - La Vanguardia de Cuenca","isPartOf":{"@id":"https:\/\/lavanguardiadecuenca.es\/#website"},"primaryImageOfPage":{"@id":"https:\/\/lavanguardiadecuenca.es\/?p=7333#primaryimage"},"image":{"@id":"https:\/\/lavanguardiadecuenca.es\/?p=7333#primaryimage"},"thumbnailUrl":"https:\/\/lavanguardiadecuenca.es\/wp-content\/uploads\/2025\/11\/Politicas-Desarrollo-Rural-Cuenca-1024x683.jpg","datePublished":"2025-11-13T10:42:01+00:00","dateModified":"2025-11-13T10:42:02+00:00","breadcrumb":{"@id":"https:\/\/lavanguardiadecuenca.es\/?p=7333#breadcrumb"},"inLanguage":"es","potentialAction":[{"@type":"ReadAction","target":["https:\/\/lavanguardiadecuenca.es\/?p=7333"]}]},{"@type":"ImageObject","inLanguage":"es","@id":"https:\/\/lavanguardiadecuenca.es\/?p=7333#primaryimage","url":"https:\/\/lavanguardiadecuenca.es\/wp-content\/uploads\/2025\/11\/Politicas-Desarrollo-Rural-Cuenca.jpg","contentUrl":"https:\/\/lavanguardiadecuenca.es\/wp-content\/uploads\/2025\/11\/Politicas-Desarrollo-Rural-Cuenca.jpg","width":1152,"height":768},{"@type":"BreadcrumbList","@id":"https:\/\/lavanguardiadecuenca.es\/?p=7333#breadcrumb","itemListElement":[{"@type":"ListItem","position":1,"name":"Portada","item":"https:\/\/lavanguardiadecuenca.es\/"},{"@type":"ListItem","position":2,"name":"Las labores de alto calado pendientes en las Pol\u00edticas P\u00fablicas de Cuenca (por Juan Andr\u00e9s Buedo)"}]},{"@type":"WebSite","@id":"https:\/\/lavanguardiadecuenca.es\/#website","url":"https:\/\/lavanguardiadecuenca.es\/","name":"La Vanguardia de Cuenca","description":"Intereses: comunicaci\u00f3n y actualidad en general, weblogs, sociedad, pol\u00edtica","publisher":{"@id":"https:\/\/lavanguardiadecuenca.es\/#\/schema\/person\/efd3b99fe10ec3fad96a88f3ae7d092f"},"potentialAction":[{"@type":"SearchAction","target":{"@type":"EntryPoint","urlTemplate":"https:\/\/lavanguardiadecuenca.es\/?s={search_term_string}"},"query-input":{"@type":"PropertyValueSpecification","valueRequired":true,"valueName":"search_term_string"}}],"inLanguage":"es"},{"@type":["Person","Organization"],"@id":"https:\/\/lavanguardiadecuenca.es\/#\/schema\/person\/efd3b99fe10ec3fad96a88f3ae7d092f","name":"Juan Andr\u00e9s Buedo","image":{"@type":"ImageObject","inLanguage":"es","@id":"https:\/\/lavanguardiadecuenca.es\/wp-content\/uploads\/2025\/09\/6a00d8341c734753ef0278801a3634200d-250si.jpg","url":"https:\/\/lavanguardiadecuenca.es\/wp-content\/uploads\/2025\/09\/6a00d8341c734753ef0278801a3634200d-250si.jpg","contentUrl":"https:\/\/lavanguardiadecuenca.es\/wp-content\/uploads\/2025\/09\/6a00d8341c734753ef0278801a3634200d-250si.jpg","width":250,"height":250,"caption":"Juan Andr\u00e9s Buedo"},"logo":{"@id":"https:\/\/lavanguardiadecuenca.es\/wp-content\/uploads\/2025\/09\/6a00d8341c734753ef0278801a3634200d-250si.jpg"},"sameAs":["https:\/\/lavanguardiadecuenca.es\/"],"url":"https:\/\/lavanguardiadecuenca.es\/?author=2"}]}},"_links":{"self":[{"href":"https:\/\/lavanguardiadecuenca.es\/index.php?rest_route=\/wp\/v2\/posts\/7333","targetHints":{"allow":["GET"]}}],"collection":[{"href":"https:\/\/lavanguardiadecuenca.es\/index.php?rest_route=\/wp\/v2\/posts"}],"about":[{"href":"https:\/\/lavanguardiadecuenca.es\/index.php?rest_route=\/wp\/v2\/types\/post"}],"author":[{"embeddable":true,"href":"https:\/\/lavanguardiadecuenca.es\/index.php?rest_route=\/wp\/v2\/users\/2"}],"replies":[{"embeddable":true,"href":"https:\/\/lavanguardiadecuenca.es\/index.php?rest_route=%2Fwp%2Fv2%2Fcomments&post=7333"}],"version-history":[{"count":1,"href":"https:\/\/lavanguardiadecuenca.es\/index.php?rest_route=\/wp\/v2\/posts\/7333\/revisions"}],"predecessor-version":[{"id":7335,"href":"https:\/\/lavanguardiadecuenca.es\/index.php?rest_route=\/wp\/v2\/posts\/7333\/revisions\/7335"}],"wp:attachment":[{"href":"https:\/\/lavanguardiadecuenca.es\/index.php?rest_route=%2Fwp%2Fv2%2Fmedia&parent=7333"}],"wp:term":[{"taxonomy":"category","embeddable":true,"href":"https:\/\/lavanguardiadecuenca.es\/index.php?rest_route=%2Fwp%2Fv2%2Fcategories&post=7333"},{"taxonomy":"post_tag","embeddable":true,"href":"https:\/\/lavanguardiadecuenca.es\/index.php?rest_route=%2Fwp%2Fv2%2Ftags&post=7333"}],"curies":[{"name":"wp","href":"https:\/\/api.w.org\/{rel}","templated":true}]}}