{"id":7202,"date":"2025-10-15T17:57:43","date_gmt":"2025-10-15T17:57:43","guid":{"rendered":"https:\/\/lavanguardiadecuenca.es\/?p=7202"},"modified":"2025-10-15T18:23:12","modified_gmt":"2025-10-15T18:23:12","slug":"7202","status":"publish","type":"post","link":"https:\/\/lavanguardiadecuenca.es\/?p=7202","title":{"rendered":"La Vanguardia de Cuenca inicia una  nueva etapa"},"content":{"rendered":"\n<p>Tras un tiempo de silencio y reflexi\u00f3n, <strong>La Vanguardia de Cuenca<\/strong> vuelve a la vida. Lo hace ahora en formato <strong>bit\u00e1cora personal<\/strong>, alojada en <strong>WordPress<\/strong>, con la misma intenci\u00f3n que la inspir\u00f3 desde sus primeros d\u00edas: <strong>pensar Cuenca, narrarla y debatir su presente con mirada cr\u00edtica y constructiva<\/strong>.<\/p>\n\n\n\n<p>En esta nueva etapa, la bit\u00e1cora abordar\u00e1 temas de actualidad provincial, pol\u00edtica, cultura, territorio y sociedad, pero tambi\u00e9n abrir\u00e1 espacio a la memoria, la literatura y la reflexi\u00f3n personal. Ser\u00e1 un lugar donde se mezclen la observaci\u00f3n cotidiana y el an\u00e1lisis, el dato y la emoci\u00f3n.<\/p>\n\n\n\n<p>Reiniciar no es empezar de cero: es <strong>retomar el hilo con m\u00e1s experiencia y una voz m\u00e1s afinada<\/strong>.<br>Bienvenidos de nuevo a <em>La Vanguardia de Cuenca<\/em>.<\/p>\n\n\n\n<p>\ud83d\udd8b\ufe0f <em>En WordPress, con la voluntad intacta de seguir pensando desde y para Cuenca.<\/em><\/p>\n\n\n\n<figure class=\"wp-block-image\"><img decoding=\"async\" src=\"https:\/\/chatgpt.com\/backend-api\/estuary\/public_content\/enc\/eyJpZCI6Im1fNjhlYmJhYjlmOWYwODE5MTk2YjE4ZmVjNzcyYzRhZjA6ZmlsZV8wMDAwMDAwMGU5Zjg2MjQ2YWM3ZWNlM2ZjODFmOGMxZiIsInRzIjoiMjAzNzYiLCJwIjoicHlpIiwiY2lkIjoiMSIsInNpZyI6IjU3NmE2MjA1N2E4YWY0ZjdlOTQ0N2VjMzkyMjRhMWUwNmI5NjM1YjEzNzA5NDNmZjlhMjhkNTk0YjZmOWI1MWIiLCJ2IjoiMCIsImdpem1vX2lkIjpudWxsLCJjcCI6bnVsbCwibWEiOm51bGx9\" alt=\"\"\/><\/figure>\n\n\n","protected":false},"excerpt":{"rendered":"<p>Tras un tiempo de silencio y reflexi\u00f3n, La Vanguardia de Cuenca vuelve a la vida. Lo hace ahora en formato bit\u00e1cora personal, alojada en WordPress, con la misma intenci\u00f3n que la inspir\u00f3 desde sus primeros d\u00edas: pensar Cuenca, narrarla y debatir su presente con mirada cr\u00edtica y constructiva. En esta nueva etapa, la bit\u00e1cora abordar\u00e1&#8230;<\/p>\n","protected":false},"author":2,"featured_media":0,"comment_status":"open","ping_status":"open","sticky":false,"template":"","format":"standard","meta":{"rop_custom_images_group":[],"rop_custom_messages_group":[],"rop_publish_now":"initial","rop_publish_now_accounts":[],"rop_publish_now_history":[],"rop_publish_now_status":"pending","footnotes":""},"categories":[1],"tags":[],"class_list":["post-7202","post","type-post","status-publish","format-standard","hentry","category-uncategorized"],"yoast_head":"<!-- This site is optimized with the Yoast SEO plugin v27.4 - https:\/\/yoast.com\/product\/yoast-seo-wordpress\/ -->\n<title>La Vanguardia de Cuenca inicia una nueva etapa - La Vanguardia de Cuenca<\/title>\n<meta name=\"robots\" content=\"index, follow, max-snippet:-1, max-image-preview:large, max-video-preview:-1\" \/>\n<link rel=\"canonical\" href=\"https:\/\/lavanguardiadecuenca.es\/?p=7202\" \/>\n<meta property=\"og:locale\" content=\"es_ES\" \/>\n<meta property=\"og:type\" content=\"article\" \/>\n<meta property=\"og:title\" content=\"La Vanguardia de Cuenca inicia una nueva etapa - La Vanguardia de Cuenca\" \/>\n<meta property=\"og:description\" content=\"Tras un tiempo de silencio y reflexi\u00f3n, La Vanguardia de Cuenca vuelve a la vida. Lo hace ahora en formato bit\u00e1cora personal, alojada en WordPress, con la misma intenci\u00f3n que la inspir\u00f3 desde sus primeros d\u00edas: pensar Cuenca, narrarla y debatir su presente con mirada cr\u00edtica y constructiva. En esta nueva etapa, la bit\u00e1cora abordar\u00e1...\" \/>\n<meta property=\"og:url\" content=\"https:\/\/lavanguardiadecuenca.es\/?p=7202\" \/>\n<meta property=\"og:site_name\" content=\"La Vanguardia de Cuenca\" \/>\n<meta property=\"article:published_time\" content=\"2025-10-15T17:57:43+00:00\" \/>\n<meta property=\"article:modified_time\" content=\"2025-10-15T18:23:12+00:00\" \/>\n<meta property=\"og:image\" content=\"https:\/\/chatgpt.com\/backend-api\/estuary\/public_content\/enc\/eyJpZCI6Im1fNjhlYmJhYjlmOWYwODE5MTk2YjE4ZmVjNzcyYzRhZjA6ZmlsZV8wMDAwMDAwMGU5Zjg2MjQ2YWM3ZWNlM2ZjODFmOGMxZiIsInRzIjoiMjAzNzYiLCJwIjoicHlpIiwiY2lkIjoiMSIsInNpZyI6IjU3NmE2MjA1N2E4YWY0ZjdlOTQ0N2VjMzkyMjRhMWUwNmI5NjM1YjEzNzA5NDNmZjlhMjhkNTk0YjZmOWI1MWIiLCJ2IjoiMCIsImdpem1vX2lkIjpudWxsLCJjcCI6bnVsbCwibWEiOm51bGx9\" \/>\n<meta name=\"author\" content=\"Juan Andr\u00e9s Buedo\" \/>\n<meta name=\"twitter:card\" content=\"summary_large_image\" \/>\n<meta name=\"twitter:label1\" content=\"Escrito por\" \/>\n\t<meta name=\"twitter:data1\" content=\"Juan Andr\u00e9s Buedo\" \/>\n\t<meta name=\"twitter:label2\" content=\"Tiempo de lectura\" \/>\n\t<meta name=\"twitter:data2\" content=\"2 minutos\" \/>\n<script type=\"application\/ld+json\" class=\"yoast-schema-graph\">{\"@context\":\"https:\\\/\\\/schema.org\",\"@graph\":[{\"@type\":\"Article\",\"@id\":\"https:\\\/\\\/lavanguardiadecuenca.es\\\/?p=7202#article\",\"isPartOf\":{\"@id\":\"https:\\\/\\\/lavanguardiadecuenca.es\\\/?p=7202\"},\"author\":{\"name\":\"Juan Andr\u00e9s Buedo\",\"@id\":\"https:\\\/\\\/lavanguardiadecuenca.es\\\/#\\\/schema\\\/person\\\/efd3b99fe10ec3fad96a88f3ae7d092f\"},\"headline\":\"La Vanguardia de Cuenca inicia una nueva etapa\",\"datePublished\":\"2025-10-15T17:57:43+00:00\",\"dateModified\":\"2025-10-15T18:23:12+00:00\",\"mainEntityOfPage\":{\"@id\":\"https:\\\/\\\/lavanguardiadecuenca.es\\\/?p=7202\"},\"wordCount\":155,\"commentCount\":0,\"publisher\":{\"@id\":\"https:\\\/\\\/lavanguardiadecuenca.es\\\/#\\\/schema\\\/person\\\/efd3b99fe10ec3fad96a88f3ae7d092f\"},\"image\":{\"@id\":\"https:\\\/\\\/lavanguardiadecuenca.es\\\/?p=7202#primaryimage\"},\"thumbnailUrl\":\"https:\\\/\\\/chatgpt.com\\\/backend-api\\\/estuary\\\/public_content\\\/enc\\\/eyJpZCI6Im1fNjhlYmJhYjlmOWYwODE5MTk2YjE4ZmVjNzcyYzRhZjA6ZmlsZV8wMDAwMDAwMGU5Zjg2MjQ2YWM3ZWNlM2ZjODFmOGMxZiIsInRzIjoiMjAzNzYiLCJwIjoicHlpIiwiY2lkIjoiMSIsInNpZyI6IjU3NmE2MjA1N2E4YWY0ZjdlOTQ0N2VjMzkyMjRhMWUwNmI5NjM1YjEzNzA5NDNmZjlhMjhkNTk0YjZmOWI1MWIiLCJ2IjoiMCIsImdpem1vX2lkIjpudWxsLCJjcCI6bnVsbCwibWEiOm51bGx9\",\"articleSection\":[\"Uncategorized\"],\"inLanguage\":\"es\",\"potentialAction\":[{\"@type\":\"CommentAction\",\"name\":\"Comment\",\"target\":[\"https:\\\/\\\/lavanguardiadecuenca.es\\\/?p=7202#respond\"]}]},{\"@type\":\"WebPage\",\"@id\":\"https:\\\/\\\/lavanguardiadecuenca.es\\\/?p=7202\",\"url\":\"https:\\\/\\\/lavanguardiadecuenca.es\\\/?p=7202\",\"name\":\"La Vanguardia de Cuenca inicia una nueva etapa - La Vanguardia de Cuenca\",\"isPartOf\":{\"@id\":\"https:\\\/\\\/lavanguardiadecuenca.es\\\/#website\"},\"primaryImageOfPage\":{\"@id\":\"https:\\\/\\\/lavanguardiadecuenca.es\\\/?p=7202#primaryimage\"},\"image\":{\"@id\":\"https:\\\/\\\/lavanguardiadecuenca.es\\\/?p=7202#primaryimage\"},\"thumbnailUrl\":\"https:\\\/\\\/chatgpt.com\\\/backend-api\\\/estuary\\\/public_content\\\/enc\\\/eyJpZCI6Im1fNjhlYmJhYjlmOWYwODE5MTk2YjE4ZmVjNzcyYzRhZjA6ZmlsZV8wMDAwMDAwMGU5Zjg2MjQ2YWM3ZWNlM2ZjODFmOGMxZiIsInRzIjoiMjAzNzYiLCJwIjoicHlpIiwiY2lkIjoiMSIsInNpZyI6IjU3NmE2MjA1N2E4YWY0ZjdlOTQ0N2VjMzkyMjRhMWUwNmI5NjM1YjEzNzA5NDNmZjlhMjhkNTk0YjZmOWI1MWIiLCJ2IjoiMCIsImdpem1vX2lkIjpudWxsLCJjcCI6bnVsbCwibWEiOm51bGx9\",\"datePublished\":\"2025-10-15T17:57:43+00:00\",\"dateModified\":\"2025-10-15T18:23:12+00:00\",\"breadcrumb\":{\"@id\":\"https:\\\/\\\/lavanguardiadecuenca.es\\\/?p=7202#breadcrumb\"},\"inLanguage\":\"es\",\"potentialAction\":[{\"@type\":\"ReadAction\",\"target\":[\"https:\\\/\\\/lavanguardiadecuenca.es\\\/?p=7202\"]}]},{\"@type\":\"ImageObject\",\"inLanguage\":\"es\",\"@id\":\"https:\\\/\\\/lavanguardiadecuenca.es\\\/?p=7202#primaryimage\",\"url\":\"https:\\\/\\\/chatgpt.com\\\/backend-api\\\/estuary\\\/public_content\\\/enc\\\/eyJpZCI6Im1fNjhlYmJhYjlmOWYwODE5MTk2YjE4ZmVjNzcyYzRhZjA6ZmlsZV8wMDAwMDAwMGU5Zjg2MjQ2YWM3ZWNlM2ZjODFmOGMxZiIsInRzIjoiMjAzNzYiLCJwIjoicHlpIiwiY2lkIjoiMSIsInNpZyI6IjU3NmE2MjA1N2E4YWY0ZjdlOTQ0N2VjMzkyMjRhMWUwNmI5NjM1YjEzNzA5NDNmZjlhMjhkNTk0YjZmOWI1MWIiLCJ2IjoiMCIsImdpem1vX2lkIjpudWxsLCJjcCI6bnVsbCwibWEiOm51bGx9\",\"contentUrl\":\"https:\\\/\\\/chatgpt.com\\\/backend-api\\\/estuary\\\/public_content\\\/enc\\\/eyJpZCI6Im1fNjhlYmJhYjlmOWYwODE5MTk2YjE4ZmVjNzcyYzRhZjA6ZmlsZV8wMDAwMDAwMGU5Zjg2MjQ2YWM3ZWNlM2ZjODFmOGMxZiIsInRzIjoiMjAzNzYiLCJwIjoicHlpIiwiY2lkIjoiMSIsInNpZyI6IjU3NmE2MjA1N2E4YWY0ZjdlOTQ0N2VjMzkyMjRhMWUwNmI5NjM1YjEzNzA5NDNmZjlhMjhkNTk0YjZmOWI1MWIiLCJ2IjoiMCIsImdpem1vX2lkIjpudWxsLCJjcCI6bnVsbCwibWEiOm51bGx9\"},{\"@type\":\"BreadcrumbList\",\"@id\":\"https:\\\/\\\/lavanguardiadecuenca.es\\\/?p=7202#breadcrumb\",\"itemListElement\":[{\"@type\":\"ListItem\",\"position\":1,\"name\":\"Portada\",\"item\":\"https:\\\/\\\/lavanguardiadecuenca.es\\\/\"},{\"@type\":\"ListItem\",\"position\":2,\"name\":\"La Vanguardia de Cuenca inicia una nueva etapa\"}]},{\"@type\":\"WebSite\",\"@id\":\"https:\\\/\\\/lavanguardiadecuenca.es\\\/#website\",\"url\":\"https:\\\/\\\/lavanguardiadecuenca.es\\\/\",\"name\":\"La Vanguardia de Cuenca\",\"description\":\"Intereses: comunicaci\u00f3n y actualidad en general, weblogs, sociedad, pol\u00edtica\",\"publisher\":{\"@id\":\"https:\\\/\\\/lavanguardiadecuenca.es\\\/#\\\/schema\\\/person\\\/efd3b99fe10ec3fad96a88f3ae7d092f\"},\"potentialAction\":[{\"@type\":\"SearchAction\",\"target\":{\"@type\":\"EntryPoint\",\"urlTemplate\":\"https:\\\/\\\/lavanguardiadecuenca.es\\\/?s={search_term_string}\"},\"query-input\":{\"@type\":\"PropertyValueSpecification\",\"valueRequired\":true,\"valueName\":\"search_term_string\"}}],\"inLanguage\":\"es\"},{\"@type\":[\"Person\",\"Organization\"],\"@id\":\"https:\\\/\\\/lavanguardiadecuenca.es\\\/#\\\/schema\\\/person\\\/efd3b99fe10ec3fad96a88f3ae7d092f\",\"name\":\"Juan Andr\u00e9s Buedo\",\"image\":{\"@type\":\"ImageObject\",\"inLanguage\":\"es\",\"@id\":\"https:\\\/\\\/lavanguardiadecuenca.es\\\/wp-content\\\/uploads\\\/2025\\\/09\\\/6a00d8341c734753ef0278801a3634200d-250si.jpg\",\"url\":\"https:\\\/\\\/lavanguardiadecuenca.es\\\/wp-content\\\/uploads\\\/2025\\\/09\\\/6a00d8341c734753ef0278801a3634200d-250si.jpg\",\"contentUrl\":\"https:\\\/\\\/lavanguardiadecuenca.es\\\/wp-content\\\/uploads\\\/2025\\\/09\\\/6a00d8341c734753ef0278801a3634200d-250si.jpg\",\"width\":250,\"height\":250,\"caption\":\"Juan Andr\u00e9s Buedo\"},\"logo\":{\"@id\":\"https:\\\/\\\/lavanguardiadecuenca.es\\\/wp-content\\\/uploads\\\/2025\\\/09\\\/6a00d8341c734753ef0278801a3634200d-250si.jpg\"},\"sameAs\":[\"https:\\\/\\\/lavanguardiadecuenca.es\\\/\"],\"url\":\"https:\\\/\\\/lavanguardiadecuenca.es\\\/?author=2\"}]}<\/script>\n<!-- \/ Yoast SEO plugin. -->","yoast_head_json":{"title":"La Vanguardia de Cuenca inicia una nueva etapa - La Vanguardia de Cuenca","robots":{"index":"index","follow":"follow","max-snippet":"max-snippet:-1","max-image-preview":"max-image-preview:large","max-video-preview":"max-video-preview:-1"},"canonical":"https:\/\/lavanguardiadecuenca.es\/?p=7202","og_locale":"es_ES","og_type":"article","og_title":"La Vanguardia de Cuenca inicia una nueva etapa - La Vanguardia de Cuenca","og_description":"Tras un tiempo de silencio y reflexi\u00f3n, La Vanguardia de Cuenca vuelve a la vida. Lo hace ahora en formato bit\u00e1cora personal, alojada en WordPress, con la misma intenci\u00f3n que la inspir\u00f3 desde sus primeros d\u00edas: pensar Cuenca, narrarla y debatir su presente con mirada cr\u00edtica y constructiva. En esta nueva etapa, la bit\u00e1cora abordar\u00e1...","og_url":"https:\/\/lavanguardiadecuenca.es\/?p=7202","og_site_name":"La Vanguardia de Cuenca","article_published_time":"2025-10-15T17:57:43+00:00","article_modified_time":"2025-10-15T18:23:12+00:00","og_image":[{"url":"https:\/\/chatgpt.com\/backend-api\/estuary\/public_content\/enc\/eyJpZCI6Im1fNjhlYmJhYjlmOWYwODE5MTk2YjE4ZmVjNzcyYzRhZjA6ZmlsZV8wMDAwMDAwMGU5Zjg2MjQ2YWM3ZWNlM2ZjODFmOGMxZiIsInRzIjoiMjAzNzYiLCJwIjoicHlpIiwiY2lkIjoiMSIsInNpZyI6IjU3NmE2MjA1N2E4YWY0ZjdlOTQ0N2VjMzkyMjRhMWUwNmI5NjM1YjEzNzA5NDNmZjlhMjhkNTk0YjZmOWI1MWIiLCJ2IjoiMCIsImdpem1vX2lkIjpudWxsLCJjcCI6bnVsbCwibWEiOm51bGx9","type":"","width":"","height":""}],"author":"Juan Andr\u00e9s Buedo","twitter_card":"summary_large_image","twitter_misc":{"Escrito por":"Juan Andr\u00e9s Buedo","Tiempo de lectura":"2 minutos"},"schema":{"@context":"https:\/\/schema.org","@graph":[{"@type":"Article","@id":"https:\/\/lavanguardiadecuenca.es\/?p=7202#article","isPartOf":{"@id":"https:\/\/lavanguardiadecuenca.es\/?p=7202"},"author":{"name":"Juan Andr\u00e9s Buedo","@id":"https:\/\/lavanguardiadecuenca.es\/#\/schema\/person\/efd3b99fe10ec3fad96a88f3ae7d092f"},"headline":"La Vanguardia de Cuenca inicia una nueva etapa","datePublished":"2025-10-15T17:57:43+00:00","dateModified":"2025-10-15T18:23:12+00:00","mainEntityOfPage":{"@id":"https:\/\/lavanguardiadecuenca.es\/?p=7202"},"wordCount":155,"commentCount":0,"publisher":{"@id":"https:\/\/lavanguardiadecuenca.es\/#\/schema\/person\/efd3b99fe10ec3fad96a88f3ae7d092f"},"image":{"@id":"https:\/\/lavanguardiadecuenca.es\/?p=7202#primaryimage"},"thumbnailUrl":"https:\/\/chatgpt.com\/backend-api\/estuary\/public_content\/enc\/eyJpZCI6Im1fNjhlYmJhYjlmOWYwODE5MTk2YjE4ZmVjNzcyYzRhZjA6ZmlsZV8wMDAwMDAwMGU5Zjg2MjQ2YWM3ZWNlM2ZjODFmOGMxZiIsInRzIjoiMjAzNzYiLCJwIjoicHlpIiwiY2lkIjoiMSIsInNpZyI6IjU3NmE2MjA1N2E4YWY0ZjdlOTQ0N2VjMzkyMjRhMWUwNmI5NjM1YjEzNzA5NDNmZjlhMjhkNTk0YjZmOWI1MWIiLCJ2IjoiMCIsImdpem1vX2lkIjpudWxsLCJjcCI6bnVsbCwibWEiOm51bGx9","articleSection":["Uncategorized"],"inLanguage":"es","potentialAction":[{"@type":"CommentAction","name":"Comment","target":["https:\/\/lavanguardiadecuenca.es\/?p=7202#respond"]}]},{"@type":"WebPage","@id":"https:\/\/lavanguardiadecuenca.es\/?p=7202","url":"https:\/\/lavanguardiadecuenca.es\/?p=7202","name":"La Vanguardia de Cuenca inicia una nueva etapa - La Vanguardia de Cuenca","isPartOf":{"@id":"https:\/\/lavanguardiadecuenca.es\/#website"},"primaryImageOfPage":{"@id":"https:\/\/lavanguardiadecuenca.es\/?p=7202#primaryimage"},"image":{"@id":"https:\/\/lavanguardiadecuenca.es\/?p=7202#primaryimage"},"thumbnailUrl":"https:\/\/chatgpt.com\/backend-api\/estuary\/public_content\/enc\/eyJpZCI6Im1fNjhlYmJhYjlmOWYwODE5MTk2YjE4ZmVjNzcyYzRhZjA6ZmlsZV8wMDAwMDAwMGU5Zjg2MjQ2YWM3ZWNlM2ZjODFmOGMxZiIsInRzIjoiMjAzNzYiLCJwIjoicHlpIiwiY2lkIjoiMSIsInNpZyI6IjU3NmE2MjA1N2E4YWY0ZjdlOTQ0N2VjMzkyMjRhMWUwNmI5NjM1YjEzNzA5NDNmZjlhMjhkNTk0YjZmOWI1MWIiLCJ2IjoiMCIsImdpem1vX2lkIjpudWxsLCJjcCI6bnVsbCwibWEiOm51bGx9","datePublished":"2025-10-15T17:57:43+00:00","dateModified":"2025-10-15T18:23:12+00:00","breadcrumb":{"@id":"https:\/\/lavanguardiadecuenca.es\/?p=7202#breadcrumb"},"inLanguage":"es","potentialAction":[{"@type":"ReadAction","target":["https:\/\/lavanguardiadecuenca.es\/?p=7202"]}]},{"@type":"ImageObject","inLanguage":"es","@id":"https:\/\/lavanguardiadecuenca.es\/?p=7202#primaryimage","url":"https:\/\/chatgpt.com\/backend-api\/estuary\/public_content\/enc\/eyJpZCI6Im1fNjhlYmJhYjlmOWYwODE5MTk2YjE4ZmVjNzcyYzRhZjA6ZmlsZV8wMDAwMDAwMGU5Zjg2MjQ2YWM3ZWNlM2ZjODFmOGMxZiIsInRzIjoiMjAzNzYiLCJwIjoicHlpIiwiY2lkIjoiMSIsInNpZyI6IjU3NmE2MjA1N2E4YWY0ZjdlOTQ0N2VjMzkyMjRhMWUwNmI5NjM1YjEzNzA5NDNmZjlhMjhkNTk0YjZmOWI1MWIiLCJ2IjoiMCIsImdpem1vX2lkIjpudWxsLCJjcCI6bnVsbCwibWEiOm51bGx9","contentUrl":"https:\/\/chatgpt.com\/backend-api\/estuary\/public_content\/enc\/eyJpZCI6Im1fNjhlYmJhYjlmOWYwODE5MTk2YjE4ZmVjNzcyYzRhZjA6ZmlsZV8wMDAwMDAwMGU5Zjg2MjQ2YWM3ZWNlM2ZjODFmOGMxZiIsInRzIjoiMjAzNzYiLCJwIjoicHlpIiwiY2lkIjoiMSIsInNpZyI6IjU3NmE2MjA1N2E4YWY0ZjdlOTQ0N2VjMzkyMjRhMWUwNmI5NjM1YjEzNzA5NDNmZjlhMjhkNTk0YjZmOWI1MWIiLCJ2IjoiMCIsImdpem1vX2lkIjpudWxsLCJjcCI6bnVsbCwibWEiOm51bGx9"},{"@type":"BreadcrumbList","@id":"https:\/\/lavanguardiadecuenca.es\/?p=7202#breadcrumb","itemListElement":[{"@type":"ListItem","position":1,"name":"Portada","item":"https:\/\/lavanguardiadecuenca.es\/"},{"@type":"ListItem","position":2,"name":"La Vanguardia de Cuenca inicia una nueva etapa"}]},{"@type":"WebSite","@id":"https:\/\/lavanguardiadecuenca.es\/#website","url":"https:\/\/lavanguardiadecuenca.es\/","name":"La Vanguardia de Cuenca","description":"Intereses: comunicaci\u00f3n y actualidad en general, weblogs, sociedad, pol\u00edtica","publisher":{"@id":"https:\/\/lavanguardiadecuenca.es\/#\/schema\/person\/efd3b99fe10ec3fad96a88f3ae7d092f"},"potentialAction":[{"@type":"SearchAction","target":{"@type":"EntryPoint","urlTemplate":"https:\/\/lavanguardiadecuenca.es\/?s={search_term_string}"},"query-input":{"@type":"PropertyValueSpecification","valueRequired":true,"valueName":"search_term_string"}}],"inLanguage":"es"},{"@type":["Person","Organization"],"@id":"https:\/\/lavanguardiadecuenca.es\/#\/schema\/person\/efd3b99fe10ec3fad96a88f3ae7d092f","name":"Juan Andr\u00e9s Buedo","image":{"@type":"ImageObject","inLanguage":"es","@id":"https:\/\/lavanguardiadecuenca.es\/wp-content\/uploads\/2025\/09\/6a00d8341c734753ef0278801a3634200d-250si.jpg","url":"https:\/\/lavanguardiadecuenca.es\/wp-content\/uploads\/2025\/09\/6a00d8341c734753ef0278801a3634200d-250si.jpg","contentUrl":"https:\/\/lavanguardiadecuenca.es\/wp-content\/uploads\/2025\/09\/6a00d8341c734753ef0278801a3634200d-250si.jpg","width":250,"height":250,"caption":"Juan Andr\u00e9s Buedo"},"logo":{"@id":"https:\/\/lavanguardiadecuenca.es\/wp-content\/uploads\/2025\/09\/6a00d8341c734753ef0278801a3634200d-250si.jpg"},"sameAs":["https:\/\/lavanguardiadecuenca.es\/"],"url":"https:\/\/lavanguardiadecuenca.es\/?author=2"}]}},"_links":{"self":[{"href":"https:\/\/lavanguardiadecuenca.es\/index.php?rest_route=\/wp\/v2\/posts\/7202","targetHints":{"allow":["GET"]}}],"collection":[{"href":"https:\/\/lavanguardiadecuenca.es\/index.php?rest_route=\/wp\/v2\/posts"}],"about":[{"href":"https:\/\/lavanguardiadecuenca.es\/index.php?rest_route=\/wp\/v2\/types\/post"}],"author":[{"embeddable":true,"href":"https:\/\/lavanguardiadecuenca.es\/index.php?rest_route=\/wp\/v2\/users\/2"}],"replies":[{"embeddable":true,"href":"https:\/\/lavanguardiadecuenca.es\/index.php?rest_route=%2Fwp%2Fv2%2Fcomments&post=7202"}],"version-history":[{"count":3,"href":"https:\/\/lavanguardiadecuenca.es\/index.php?rest_route=\/wp\/v2\/posts\/7202\/revisions"}],"predecessor-version":[{"id":7206,"href":"https:\/\/lavanguardiadecuenca.es\/index.php?rest_route=\/wp\/v2\/posts\/7202\/revisions\/7206"}],"wp:attachment":[{"href":"https:\/\/lavanguardiadecuenca.es\/index.php?rest_route=%2Fwp%2Fv2%2Fmedia&parent=7202"}],"wp:term":[{"taxonomy":"category","embeddable":true,"href":"https:\/\/lavanguardiadecuenca.es\/index.php?rest_route=%2Fwp%2Fv2%2Fcategories&post=7202"},{"taxonomy":"post_tag","embeddable":true,"href":"https:\/\/lavanguardiadecuenca.es\/index.php?rest_route=%2Fwp%2Fv2%2Ftags&post=7202"}],"curies":[{"name":"wp","href":"https:\/\/api.w.org\/{rel}","templated":true}]}}