{"id":4002,"date":"2011-08-31T23:31:49","date_gmt":"2011-08-31T23:31:49","guid":{"rendered":"https:\/\/lavanguardiadecuenca.es\/?p=4002"},"modified":"2011-08-31T23:31:49","modified_gmt":"2011-08-31T23:31:49","slug":"claves-financieras-para-entender-el-convulso-otono-que-se-avecina-por-s-mccoy","status":"publish","type":"post","link":"https:\/\/lavanguardiadecuenca.es\/?p=4002","title":{"rendered":"Claves financieras para entender el convulso oto\u00f1o que se avecina (por S. McCoy)"},"content":{"rendered":"<p style=\"text-align: justify;\"><img decoding=\"async\" alt=\"Claves financieras para entender el convulso oto\u00f1o que se avecina\" src=\"http:\/\/www.cotizalia.com\/images\/blogs_interior_2010\/valor_anadido.jpg\" title=\"Claves financieras para entender el convulso oto\u00f1o que se avecina\" \/><\/p>\n<div id=\"bloque-cabecera\" style=\"text-align: justify;\"><a href=\"http:\/\/www.cotizalia.com\/valor-anadido\/\"><\/a><\/div>\n<p style=\"text-align: justify;\">S. McCoy (Publicado en <em>Cotizalia.com<\/em>, <a href=\"http:\/\/www.cotizalia.com\/valor-anadido\/2011\/claves-financieras-entender-convulso-otono-avecina-20110830-5920.html\" target=\"_self\">aqu\u00ed<\/a>)<\/p>\n<p style=\"text-align: justify;\">La crisis actual es de endeudamiento y no se va a resolver hasta que los distintos agentes econ\u00f3micos -particulares, entidades financieras y gobiernos- reduzcan el peso de la financiaci\u00f3n ajena en sus balances, superior de forma agregada en Alemania, USA, Reino Unido o Espa\u00f1a al 250% de su PIB (<strong><em>The Economist<\/em><\/strong>, <em><a href=\"http:\/\/www.economist.com\/node\/18928480\"><span style=\"color: #0000ff;\">You ain\u00b4t seen nothing yet<\/span><\/a><\/em>). No habr\u00eda que recordar lo que acabo de escribir si no fuera porque esta perogrullada es precisamente la que est\u00e1 detr\u00e1s de buena parte del convulso mes de agosto que acabamos de vivir.<\/p>\n<p style=\"text-align: justify;\">Cualquier proceso de desapalancamiento se puede resolver, de manera ordenada, a trav\u00e9s del crecimiento econ\u00f3mico; de modo menos ortodoxo, v\u00eda la monetizaci\u00f3n de deuda y la inflaci\u00f3n; haciendo sangre, a trav\u00e9s de los planes de austeridad. Los datos y declaraciones conocidos en los \u00faltimos 30 d\u00edas han puesto de manifiesto que, a d\u00eda de hoy, solo parece posible esta \u00faltima alternativa a la que se aferran sin pensar gobernantes de medio mundo.<\/p>\n<p style=\"text-align: justify;\">El p\u00e1nico estival, atemperado en las \u00faltimas sesiones burs\u00e1tiles, ha sido consecuencia de descontar el mercado sobre las empresas los efectos de su aplicaci\u00f3n. <em>The stock market carnage is simply the flip side of awful macroeconomic numbers<\/em><strong>, <\/strong>qu\u00e9 bonito es el ingles (<strong><em>FT<\/em><\/strong>, <em><a href=\"http:\/\/www.ft.com\/intl\/cms\/s\/0\/e437115e-ca5e-11e0-a0dc-00144feabdc0.html\"><span style=\"color: #0000ff;\">Economic vertigo hits world markets<\/span><\/a><\/em>, Editorial).<em> <\/em>El oto\u00f1o viene calentito.<\/p>\n<p style=\"text-align: justify;\"><strong><em>No se crece\u2026 <\/em><\/strong><\/p>\n<p style=\"text-align: justify;\">En efecto. Se han multiplicado en fechas recientes las rebajas de las perspectivas de crecimiento de la econom\u00eda mundial. <em><a href=\"http:\/\/www.cotizalia.com\/noticias\/2011\/rebaja-prevision-espana-20110829-72682.html\">Ayer mismo se apunt\u00f3 a la moda el FMI<\/a><\/em>. El catalizador habr\u00eda que encontrarlo en el importante recorte que la oficina estad\u00edstica de Estados Unidos aplic\u00f3 a la evoluci\u00f3n de su PIB, en una revisi\u00f3n que se extendi\u00f3 hasta 2008 y que pone de manifiesto que la recesi\u00f3n en aquel pa\u00eds ha sido sustancialmente m\u00e1s profunda de lo que inicialmente se pensaba y que, por tanto, las pol\u00edticas fiscales adoptadas entonces no se ajustaban a una realidad peor que la estimada (<strong><em>The Economist<\/em><\/strong><em>, <a href=\"http:\/\/www.economist.com\/node\/21525440\/print\"><span style=\"color: #0000ff;\">Six years into a lost decade<\/span><\/a><\/em>).<\/p>\n<p style=\"text-align: justify;\">El presente no es mejor y la debilidad se extiende a buena parte de las naciones de la OCDE, <em><a href=\"http:\/\/www.cotizalia.com\/ultima-hora\/2011\/08\/grandes-economias-confirman-freno-crecimiento-20110822-412940.html\">incapaces de crecer m\u00e1s de un 0,2% en el segundo trimestre de 2011<\/a><\/em> para acumular un 1,6% en el \u00faltimo a\u00f1o (desde el 2,4% a final de marzo). Por mucho que hayan mejorado los intercambios interregionales, sin mercados de exportaci\u00f3n la capacidad de tirar del carro de los emergentes se reduce notablemente, China incluida.<\/p>\n<p style=\"text-align: justify;\">No es de extra\u00f1ar que algunos como<strong> Roubini<\/strong>, \u00bfqui\u00e9n si no?, hablen ya abiertamente de una inevitable reca\u00edda en una nueva recesi\u00f3n, si es que algunas vez concluy\u00f3 la primera, (<strong><em>Financial Times<\/em><\/strong>, <em><a href=\"http:\/\/www.ft.com\/intl\/cms\/s\/0\/f443f640-c115-11e0-b8c2-00144feabdc0.html\"><span style=\"color: #0000ff;\">Mission imposible: stop another recession<\/span><\/a><\/em>, Nouriel Roubini) o que haya muchos estrategas que defiendan que, a partir de este punto, lo esencial es evitar que se repita el caso japon\u00e9s (<strong><em>FT<\/em><\/strong>, <em><a href=\"http:\/\/www.ft.com\/intl\/cms\/s\/0\/c86470b2-ca7b-11e0-94d0-00144feabdc0.html#axzz1WRAd9Ois\"><span style=\"color: #0000ff;\">Japanisation is the new word of fear<\/span><\/a><\/em>, Richard Milne).<\/p>\n<p style=\"text-align: justify;\"><strong><em>\u2026 los bancos centrales amenazan retirada\u2026<\/em><\/strong><\/p>\n<p style=\"text-align: justify;\">Los bancos centrales parecen muy cerca de haber tirado la toalla, precisamente cuando se vuelve a apelar a ellos de manera desesperada. De hecho quiz\u00e1 ese sea el punto m\u00e1s relevante de lo comentado el pasado viernes por <strong>Ben Bernanke<\/strong> en el encuentro de banqueros de Jackson Hole. Algo explicitado m\u00e1s claramente por <strong>Thomas Hoenig<\/strong>, presidente de la Reserva Federal de Kansas, en un discurso pronunciado ante la C\u00e1mara de Representantes el pasado 26 de julio bajo el revelador t\u00edtulo de <em><a href=\"http:\/\/www.bis.org\/review\/r110804e.pdf\">Monetary policy cannot solve every problem<\/a><\/em>.<\/p>\n<p style=\"text-align: justify;\">Al final la expansi\u00f3n de su balance, por mucho que se nos quiera hacer creer lo contrario, no es ilimitada y la falta de circulaci\u00f3n del dinero y el exceso de capacidad instalada han convertido en ineficaces sus acciones. Al pobre <strong>Trichet<\/strong> no le dejan enterarse, algo que s\u00ed ha hecho un Bundesbank que ha manifestado abiertamente su oposici\u00f3n a determinadas acciones del BCE como la compra de bonos en mercado (<strong><em>FT<\/em><\/strong><em>, <a href=\"http:\/\/www.ft.com\/intl\/cms\/s\/0\/d1cd36b4-ccc6-11e0-b923-00144feabdc0.html\"><span style=\"color: #0000ff;\">Bundesbank opposes bond buying<\/span><\/a><\/em>, Ralph Atkins). Las medidas no convencionales, ni han ayudado a crear empleo, ni el mercado de la vivienda ha mejorado por citar solo dos ejemplos. Su munici\u00f3n se agota y es hora de dar el relevo (<em><strong>WSJ<\/strong>, <a href=\"http:\/\/online.wsj.com\/article\/SB10001424053111904199404576536192343083636.html?mod=djemeeurope_t\" target=\"_blank\">Central bankers worry economy still in peril<\/a><\/em>, Hinsenrath &amp; Forelle).<\/p>\n<p style=\"text-align: justify;\">Ocurre adem\u00e1s que los intereses de los tres principales bloques del mundo desarrollado son coincidentes, dada la precariedad de sus econom\u00edas, su necesidad de vender al extranjero y su debilidad financiera, por lo que el uso indirecto del exceso de dinero fiduciario como v\u00eda de devaluaci\u00f3n encuentra cada vez m\u00e1s oposici\u00f3n tanto de acreedores, caso de China, como de los principales socios comerciales.<\/p>\n<p style=\"text-align: justify;\"><strong><em>\u2026 los gobernantes a la gresca\u2026 <\/em><\/strong><\/p>\n<p style=\"text-align: justify;\">Y, por \u00faltimo, los pol\u00edticos a la gresca, da igual el lado del Atl\u00e1ntico en el que uno se sit\u00fae. Si pat\u00e9tica fue la disputa de julio sobre el techo de endeudamiento en Estados Unidos, que en \u00faltima instancia puso al pa\u00eds en el foco y cre\u00f3 el clima para lo que habr\u00eda de venir despu\u00e9s, peor ha sido el espect\u00e1culo europeo donde <strong>Merkel<\/strong> y <strong>Sarkozy<\/strong>, <em><a href=\"http:\/\/www.cotizalia.com\/noticias\/2011\/sarkozy-merkel-proponen-instaurar-verdadero-gobierno-20110816-72353.html\">tras decidir ir por libre en el proceso de concentraci\u00f3n fiscal comunitaria<\/a><\/em> con el exclusivo seguimiento constitucional de Espa\u00f1a, han visto como su autoridad se ve\u00eda dinamitada por la incapacidad de poner en marcha el acuerdo de rescate griego debido a condiciones impuestas\u2026 \u00a1por la propia Grecia!, toma ya, o por alg\u00fan estado miembro como Finlandia (este art\u00edculo de un analista-turista sobre el funcionamiento de la econom\u00eda griega es tremendo: <strong><em>Coulisses de Bruxelles<\/em><\/strong><em>, <a href=\"http:\/\/bruxelles.blogs.liberation.fr\/coulisses\/2011\/08\/notes-de-voyage-dun-touriste-en-gr%C3%A8ce.html#more\"><span style=\"color: #0000ff;\">Notes de voyage d\u2019un touriste en Gr\u00e8ce<\/span><\/a><\/em>).<\/p>\n<p style=\"text-align: justify;\">La oposici\u00f3n interna crece y hasta la puesta en marcha del propio fondo comunitario est\u00e1 en riesgo por la falta de apoyos parlamentarios internos de la canciller alemana para su aprobaci\u00f3n. El resultado ha sido una ca\u00edda de la confianza de ciudadanos y empresas brutal con el consecuente impacto sobre sus decisiones de consumo e inversi\u00f3n. Se cierra el c\u00edrculo vicioso. En Jap\u00f3n, como bien saben, acaba de tomar posesi\u00f3n de su cargo como primer ministro el hasta ahora responsable de econom\u00eda. Ese es el entorno para la toma de decisiones que determinar\u00e1 el futuro de sus gobernados durante mucho tiempo. Como para salir corriendo.<\/p>\n<p style=\"text-align: justify;\"><strong><em>\u2026 el dinero se esconde<\/em><\/strong><\/p>\n<p style=\"text-align: justify;\">Fruto financiero de este caos generalizado, que aleja cualquier acci\u00f3n constructiva y abre la v\u00eda perentoria del recorte del gasto, ha sido la b\u00fasqueda de activos refugio como el franco suizo y el yen, el oro, o los propios bonos del tesoro norteamericanos cuyo diez a\u00f1os lleg\u00f3 en un momento a cotizar por debajo del 2% anual, exacerbando su rentabilidad real negativa. La volatilidad ha provocado, de hecho, que los inversores renuncien a la locura de los plazos cortos de la curva de tipos, el dos a\u00f1os griego ha llegado a rentar cerca del 50%, para centrarse en vencimientos m\u00e1s remotos en el tiempo (<strong><em>FT<\/em><\/strong>, <em>Investors adopt a longer-term approach to yields<\/em>, Demos &amp; van Duyn)<\/p>\n<p style=\"text-align: justify;\">Si las bolsas fueron las primeras damnificadas -al afectarles las peores perspectivas tanto a su generaci\u00f3n de flujos como a su prima de riesgo y, por ende, a su valor presente-, hacia final de mes la tensi\u00f3n se traslad\u00f3 al mercado cr\u00e9dito corporativo (<strong><em>WSJ<\/em><\/strong>, <em><a href=\"http:\/\/online.wsj.com\/article\/SB10001424053111904787404576528410437884844.html\"><span style=\"color: #0000ff;\">Credit flashes warning to stocks<\/span><\/a>, <\/em>Heard on the Street), que es que verdaderamente importa y que s\u00ed act\u00faa como indicador adelantado. Su mayor ca\u00edda desde noviembre de 2008, encendi\u00f3 las se\u00f1ales de alarma al tener impacto directo en el coste de financiaci\u00f3n empresarial. \u00c9ramos pocos\u2026<\/p>\n<p style=\"text-align: justify;\">En este entorno tan convulso decir que algo est\u00e1 caro o barato resulta de una osad\u00eda enorme. Los PERs mueren por el lado del denominador mientras que cualquier c\u00e1lculo basado en un dividendo <em><a href=\"http:\/\/www.cotizalia.com\/noticias\/2011\/20110811-72274.html\">que provoca bajadas de rating como la de Telef\u00f3nica este verano<\/a><\/em> hay que ponerlo en cuarentena. El valor en libros es un concepto contable mientras que la imposibilidad de fijar una tasa de crecimiento a perpetuidad limita la validez de los descuentos de caja. Las oportunidades se pueden convertir en trampas. Hay que poner el buque al pairo, velas recogidas y a esperar que escampe. Claro que los que llevamos as\u00ed desde junio de 2009, dos a\u00f1os ya, \u00a1qu\u00e9 vamos a decir!<\/p>\n","protected":false},"excerpt":{"rendered":"<p>S. McCoy (Publicado en Cotizalia.com, aqu\u00ed) La crisis actual es de endeudamiento y no se va a resolver hasta que los distintos agentes econ\u00f3micos -particulares, entidades financieras y gobiernos- reduzcan el peso de la financiaci\u00f3n ajena en sus balances, superior de forma agregada en Alemania, USA, Reino Unido o Espa\u00f1a al 250% de su PIB&#8230;<\/p>\n","protected":false},"author":1,"featured_media":0,"comment_status":"open","ping_status":"open","sticky":false,"template":"","format":"standard","meta":{"rop_custom_images_group":[],"rop_custom_messages_group":[],"rop_publish_now":"initial","rop_publish_now_accounts":[],"rop_publish_now_history":[],"rop_publish_now_status":"pending","footnotes":""},"categories":[2,18,14,15,16],"tags":[],"class_list":["post-4002","post","type-post","status-publish","format-standard","hentry","category-actualidad","category-ciencia","category-economia","category-pensamiento-politico","category-politica"],"yoast_head":"<!-- This site is optimized with the Yoast SEO plugin v27.5 - https:\/\/yoast.com\/product\/yoast-seo-wordpress\/ -->\n<title>Claves financieras para entender el convulso oto\u00f1o que se avecina (por S. McCoy) - La Vanguardia de Cuenca<\/title>\n<meta name=\"robots\" content=\"index, follow, max-snippet:-1, max-image-preview:large, max-video-preview:-1\" \/>\n<link rel=\"canonical\" href=\"https:\/\/lavanguardiadecuenca.es\/?p=4002\" \/>\n<meta property=\"og:locale\" content=\"es_ES\" \/>\n<meta property=\"og:type\" content=\"article\" \/>\n<meta property=\"og:title\" content=\"Claves financieras para entender el convulso oto\u00f1o que se avecina (por S. McCoy) - La Vanguardia de Cuenca\" \/>\n<meta property=\"og:description\" content=\"S. McCoy (Publicado en Cotizalia.com, aqu\u00ed) La crisis actual es de endeudamiento y no se va a resolver hasta que los distintos agentes econ\u00f3micos -particulares, entidades financieras y gobiernos- reduzcan el peso de la financiaci\u00f3n ajena en sus balances, superior de forma agregada en Alemania, USA, Reino Unido o Espa\u00f1a al 250% de su PIB...\" \/>\n<meta property=\"og:url\" content=\"https:\/\/lavanguardiadecuenca.es\/?p=4002\" \/>\n<meta property=\"og:site_name\" content=\"La Vanguardia de Cuenca\" \/>\n<meta property=\"article:published_time\" content=\"2011-08-31T23:31:49+00:00\" \/>\n<meta property=\"og:image\" content=\"http:\/\/www.cotizalia.com\/images\/blogs_interior_2010\/valor_anadido.jpg\" \/>\n<meta name=\"author\" content=\"admin6567\" \/>\n<meta name=\"twitter:card\" content=\"summary_large_image\" \/>\n<meta name=\"twitter:label1\" content=\"Escrito por\" \/>\n\t<meta name=\"twitter:data1\" content=\"admin6567\" \/>\n\t<meta name=\"twitter:label2\" content=\"Tiempo de lectura\" \/>\n\t<meta name=\"twitter:data2\" content=\"7 minutos\" \/>\n<script type=\"application\/ld+json\" class=\"yoast-schema-graph\">{\"@context\":\"https:\\\/\\\/schema.org\",\"@graph\":[{\"@type\":\"Article\",\"@id\":\"https:\\\/\\\/lavanguardiadecuenca.es\\\/?p=4002#article\",\"isPartOf\":{\"@id\":\"https:\\\/\\\/lavanguardiadecuenca.es\\\/?p=4002\"},\"author\":{\"name\":\"admin6567\",\"@id\":\"https:\\\/\\\/lavanguardiadecuenca.es\\\/#\\\/schema\\\/person\\\/533d101fbc2a9ecf6af26aeddcaf1abd\"},\"headline\":\"Claves financieras para entender el convulso oto\u00f1o que se avecina (por S. McCoy)\",\"datePublished\":\"2011-08-31T23:31:49+00:00\",\"mainEntityOfPage\":{\"@id\":\"https:\\\/\\\/lavanguardiadecuenca.es\\\/?p=4002\"},\"wordCount\":1427,\"commentCount\":0,\"publisher\":{\"@id\":\"https:\\\/\\\/lavanguardiadecuenca.es\\\/#\\\/schema\\\/person\\\/efd3b99fe10ec3fad96a88f3ae7d092f\"},\"image\":{\"@id\":\"https:\\\/\\\/lavanguardiadecuenca.es\\\/?p=4002#primaryimage\"},\"thumbnailUrl\":\"http:\\\/\\\/www.cotizalia.com\\\/images\\\/blogs_interior_2010\\\/valor_anadido.jpg\",\"articleSection\":[\"Actualidad\",\"Ciencia\",\"Econom\u00eda\",\"Pensamiento pol\u00edtico\",\"Pol\u00edtica\"],\"inLanguage\":\"es\",\"potentialAction\":[{\"@type\":\"CommentAction\",\"name\":\"Comment\",\"target\":[\"https:\\\/\\\/lavanguardiadecuenca.es\\\/?p=4002#respond\"]}]},{\"@type\":\"WebPage\",\"@id\":\"https:\\\/\\\/lavanguardiadecuenca.es\\\/?p=4002\",\"url\":\"https:\\\/\\\/lavanguardiadecuenca.es\\\/?p=4002\",\"name\":\"Claves financieras para entender el convulso oto\u00f1o que se avecina (por S. McCoy) - La Vanguardia de Cuenca\",\"isPartOf\":{\"@id\":\"https:\\\/\\\/lavanguardiadecuenca.es\\\/#website\"},\"primaryImageOfPage\":{\"@id\":\"https:\\\/\\\/lavanguardiadecuenca.es\\\/?p=4002#primaryimage\"},\"image\":{\"@id\":\"https:\\\/\\\/lavanguardiadecuenca.es\\\/?p=4002#primaryimage\"},\"thumbnailUrl\":\"http:\\\/\\\/www.cotizalia.com\\\/images\\\/blogs_interior_2010\\\/valor_anadido.jpg\",\"datePublished\":\"2011-08-31T23:31:49+00:00\",\"breadcrumb\":{\"@id\":\"https:\\\/\\\/lavanguardiadecuenca.es\\\/?p=4002#breadcrumb\"},\"inLanguage\":\"es\",\"potentialAction\":[{\"@type\":\"ReadAction\",\"target\":[\"https:\\\/\\\/lavanguardiadecuenca.es\\\/?p=4002\"]}]},{\"@type\":\"ImageObject\",\"inLanguage\":\"es\",\"@id\":\"https:\\\/\\\/lavanguardiadecuenca.es\\\/?p=4002#primaryimage\",\"url\":\"http:\\\/\\\/www.cotizalia.com\\\/images\\\/blogs_interior_2010\\\/valor_anadido.jpg\",\"contentUrl\":\"http:\\\/\\\/www.cotizalia.com\\\/images\\\/blogs_interior_2010\\\/valor_anadido.jpg\"},{\"@type\":\"BreadcrumbList\",\"@id\":\"https:\\\/\\\/lavanguardiadecuenca.es\\\/?p=4002#breadcrumb\",\"itemListElement\":[{\"@type\":\"ListItem\",\"position\":1,\"name\":\"Portada\",\"item\":\"https:\\\/\\\/lavanguardiadecuenca.es\\\/\"},{\"@type\":\"ListItem\",\"position\":2,\"name\":\"Claves financieras para entender el convulso oto\u00f1o que se avecina (por S. McCoy)\"}]},{\"@type\":\"WebSite\",\"@id\":\"https:\\\/\\\/lavanguardiadecuenca.es\\\/#website\",\"url\":\"https:\\\/\\\/lavanguardiadecuenca.es\\\/\",\"name\":\"La Vanguardia de Cuenca\",\"description\":\"Intereses: comunicaci\u00f3n y actualidad en general, weblogs, sociedad, pol\u00edtica\",\"publisher\":{\"@id\":\"https:\\\/\\\/lavanguardiadecuenca.es\\\/#\\\/schema\\\/person\\\/efd3b99fe10ec3fad96a88f3ae7d092f\"},\"potentialAction\":[{\"@type\":\"SearchAction\",\"target\":{\"@type\":\"EntryPoint\",\"urlTemplate\":\"https:\\\/\\\/lavanguardiadecuenca.es\\\/?s={search_term_string}\"},\"query-input\":{\"@type\":\"PropertyValueSpecification\",\"valueRequired\":true,\"valueName\":\"search_term_string\"}}],\"inLanguage\":\"es\"},{\"@type\":[\"Person\",\"Organization\"],\"@id\":\"https:\\\/\\\/lavanguardiadecuenca.es\\\/#\\\/schema\\\/person\\\/efd3b99fe10ec3fad96a88f3ae7d092f\",\"name\":\"Juan Andr\u00e9s Buedo\",\"image\":{\"@type\":\"ImageObject\",\"inLanguage\":\"es\",\"@id\":\"https:\\\/\\\/lavanguardiadecuenca.es\\\/wp-content\\\/uploads\\\/2025\\\/09\\\/6a00d8341c734753ef0278801a3634200d-250si.jpg\",\"url\":\"https:\\\/\\\/lavanguardiadecuenca.es\\\/wp-content\\\/uploads\\\/2025\\\/09\\\/6a00d8341c734753ef0278801a3634200d-250si.jpg\",\"contentUrl\":\"https:\\\/\\\/lavanguardiadecuenca.es\\\/wp-content\\\/uploads\\\/2025\\\/09\\\/6a00d8341c734753ef0278801a3634200d-250si.jpg\",\"width\":250,\"height\":250,\"caption\":\"Juan Andr\u00e9s Buedo\"},\"logo\":{\"@id\":\"https:\\\/\\\/lavanguardiadecuenca.es\\\/wp-content\\\/uploads\\\/2025\\\/09\\\/6a00d8341c734753ef0278801a3634200d-250si.jpg\"},\"sameAs\":[\"https:\\\/\\\/lavanguardiadecuenca.es\\\/\"]},{\"@type\":\"Person\",\"@id\":\"https:\\\/\\\/lavanguardiadecuenca.es\\\/#\\\/schema\\\/person\\\/533d101fbc2a9ecf6af26aeddcaf1abd\",\"name\":\"admin6567\",\"image\":{\"@type\":\"ImageObject\",\"inLanguage\":\"es\",\"@id\":\"https:\\\/\\\/secure.gravatar.com\\\/avatar\\\/79503df8b75d394ce1e22cb5293c3e8fee42d212f6de88e2d65bfaa128f73542?s=96&d=mm&r=g\",\"url\":\"https:\\\/\\\/secure.gravatar.com\\\/avatar\\\/79503df8b75d394ce1e22cb5293c3e8fee42d212f6de88e2d65bfaa128f73542?s=96&d=mm&r=g\",\"contentUrl\":\"https:\\\/\\\/secure.gravatar.com\\\/avatar\\\/79503df8b75d394ce1e22cb5293c3e8fee42d212f6de88e2d65bfaa128f73542?s=96&d=mm&r=g\",\"caption\":\"admin6567\"},\"sameAs\":[\"http:\\\/\\\/lavanguardiadecuenca.es\"],\"url\":\"https:\\\/\\\/lavanguardiadecuenca.es\\\/?author=1\"}]}<\/script>\n<!-- \/ Yoast SEO plugin. -->","yoast_head_json":{"title":"Claves financieras para entender el convulso oto\u00f1o que se avecina (por S. McCoy) - La Vanguardia de Cuenca","robots":{"index":"index","follow":"follow","max-snippet":"max-snippet:-1","max-image-preview":"max-image-preview:large","max-video-preview":"max-video-preview:-1"},"canonical":"https:\/\/lavanguardiadecuenca.es\/?p=4002","og_locale":"es_ES","og_type":"article","og_title":"Claves financieras para entender el convulso oto\u00f1o que se avecina (por S. McCoy) - La Vanguardia de Cuenca","og_description":"S. McCoy (Publicado en Cotizalia.com, aqu\u00ed) La crisis actual es de endeudamiento y no se va a resolver hasta que los distintos agentes econ\u00f3micos -particulares, entidades financieras y gobiernos- reduzcan el peso de la financiaci\u00f3n ajena en sus balances, superior de forma agregada en Alemania, USA, Reino Unido o Espa\u00f1a al 250% de su PIB...","og_url":"https:\/\/lavanguardiadecuenca.es\/?p=4002","og_site_name":"La Vanguardia de Cuenca","article_published_time":"2011-08-31T23:31:49+00:00","og_image":[{"url":"http:\/\/www.cotizalia.com\/images\/blogs_interior_2010\/valor_anadido.jpg","type":"","width":"","height":""}],"author":"admin6567","twitter_card":"summary_large_image","twitter_misc":{"Escrito por":"admin6567","Tiempo de lectura":"7 minutos"},"schema":{"@context":"https:\/\/schema.org","@graph":[{"@type":"Article","@id":"https:\/\/lavanguardiadecuenca.es\/?p=4002#article","isPartOf":{"@id":"https:\/\/lavanguardiadecuenca.es\/?p=4002"},"author":{"name":"admin6567","@id":"https:\/\/lavanguardiadecuenca.es\/#\/schema\/person\/533d101fbc2a9ecf6af26aeddcaf1abd"},"headline":"Claves financieras para entender el convulso oto\u00f1o que se avecina (por S. McCoy)","datePublished":"2011-08-31T23:31:49+00:00","mainEntityOfPage":{"@id":"https:\/\/lavanguardiadecuenca.es\/?p=4002"},"wordCount":1427,"commentCount":0,"publisher":{"@id":"https:\/\/lavanguardiadecuenca.es\/#\/schema\/person\/efd3b99fe10ec3fad96a88f3ae7d092f"},"image":{"@id":"https:\/\/lavanguardiadecuenca.es\/?p=4002#primaryimage"},"thumbnailUrl":"http:\/\/www.cotizalia.com\/images\/blogs_interior_2010\/valor_anadido.jpg","articleSection":["Actualidad","Ciencia","Econom\u00eda","Pensamiento pol\u00edtico","Pol\u00edtica"],"inLanguage":"es","potentialAction":[{"@type":"CommentAction","name":"Comment","target":["https:\/\/lavanguardiadecuenca.es\/?p=4002#respond"]}]},{"@type":"WebPage","@id":"https:\/\/lavanguardiadecuenca.es\/?p=4002","url":"https:\/\/lavanguardiadecuenca.es\/?p=4002","name":"Claves financieras para entender el convulso oto\u00f1o que se avecina (por S. McCoy) - La Vanguardia de Cuenca","isPartOf":{"@id":"https:\/\/lavanguardiadecuenca.es\/#website"},"primaryImageOfPage":{"@id":"https:\/\/lavanguardiadecuenca.es\/?p=4002#primaryimage"},"image":{"@id":"https:\/\/lavanguardiadecuenca.es\/?p=4002#primaryimage"},"thumbnailUrl":"http:\/\/www.cotizalia.com\/images\/blogs_interior_2010\/valor_anadido.jpg","datePublished":"2011-08-31T23:31:49+00:00","breadcrumb":{"@id":"https:\/\/lavanguardiadecuenca.es\/?p=4002#breadcrumb"},"inLanguage":"es","potentialAction":[{"@type":"ReadAction","target":["https:\/\/lavanguardiadecuenca.es\/?p=4002"]}]},{"@type":"ImageObject","inLanguage":"es","@id":"https:\/\/lavanguardiadecuenca.es\/?p=4002#primaryimage","url":"http:\/\/www.cotizalia.com\/images\/blogs_interior_2010\/valor_anadido.jpg","contentUrl":"http:\/\/www.cotizalia.com\/images\/blogs_interior_2010\/valor_anadido.jpg"},{"@type":"BreadcrumbList","@id":"https:\/\/lavanguardiadecuenca.es\/?p=4002#breadcrumb","itemListElement":[{"@type":"ListItem","position":1,"name":"Portada","item":"https:\/\/lavanguardiadecuenca.es\/"},{"@type":"ListItem","position":2,"name":"Claves financieras para entender el convulso oto\u00f1o que se avecina (por S. McCoy)"}]},{"@type":"WebSite","@id":"https:\/\/lavanguardiadecuenca.es\/#website","url":"https:\/\/lavanguardiadecuenca.es\/","name":"La Vanguardia de Cuenca","description":"Intereses: comunicaci\u00f3n y actualidad en general, weblogs, sociedad, pol\u00edtica","publisher":{"@id":"https:\/\/lavanguardiadecuenca.es\/#\/schema\/person\/efd3b99fe10ec3fad96a88f3ae7d092f"},"potentialAction":[{"@type":"SearchAction","target":{"@type":"EntryPoint","urlTemplate":"https:\/\/lavanguardiadecuenca.es\/?s={search_term_string}"},"query-input":{"@type":"PropertyValueSpecification","valueRequired":true,"valueName":"search_term_string"}}],"inLanguage":"es"},{"@type":["Person","Organization"],"@id":"https:\/\/lavanguardiadecuenca.es\/#\/schema\/person\/efd3b99fe10ec3fad96a88f3ae7d092f","name":"Juan Andr\u00e9s Buedo","image":{"@type":"ImageObject","inLanguage":"es","@id":"https:\/\/lavanguardiadecuenca.es\/wp-content\/uploads\/2025\/09\/6a00d8341c734753ef0278801a3634200d-250si.jpg","url":"https:\/\/lavanguardiadecuenca.es\/wp-content\/uploads\/2025\/09\/6a00d8341c734753ef0278801a3634200d-250si.jpg","contentUrl":"https:\/\/lavanguardiadecuenca.es\/wp-content\/uploads\/2025\/09\/6a00d8341c734753ef0278801a3634200d-250si.jpg","width":250,"height":250,"caption":"Juan Andr\u00e9s Buedo"},"logo":{"@id":"https:\/\/lavanguardiadecuenca.es\/wp-content\/uploads\/2025\/09\/6a00d8341c734753ef0278801a3634200d-250si.jpg"},"sameAs":["https:\/\/lavanguardiadecuenca.es\/"]},{"@type":"Person","@id":"https:\/\/lavanguardiadecuenca.es\/#\/schema\/person\/533d101fbc2a9ecf6af26aeddcaf1abd","name":"admin6567","image":{"@type":"ImageObject","inLanguage":"es","@id":"https:\/\/secure.gravatar.com\/avatar\/79503df8b75d394ce1e22cb5293c3e8fee42d212f6de88e2d65bfaa128f73542?s=96&d=mm&r=g","url":"https:\/\/secure.gravatar.com\/avatar\/79503df8b75d394ce1e22cb5293c3e8fee42d212f6de88e2d65bfaa128f73542?s=96&d=mm&r=g","contentUrl":"https:\/\/secure.gravatar.com\/avatar\/79503df8b75d394ce1e22cb5293c3e8fee42d212f6de88e2d65bfaa128f73542?s=96&d=mm&r=g","caption":"admin6567"},"sameAs":["http:\/\/lavanguardiadecuenca.es"],"url":"https:\/\/lavanguardiadecuenca.es\/?author=1"}]}},"_links":{"self":[{"href":"https:\/\/lavanguardiadecuenca.es\/index.php?rest_route=\/wp\/v2\/posts\/4002","targetHints":{"allow":["GET"]}}],"collection":[{"href":"https:\/\/lavanguardiadecuenca.es\/index.php?rest_route=\/wp\/v2\/posts"}],"about":[{"href":"https:\/\/lavanguardiadecuenca.es\/index.php?rest_route=\/wp\/v2\/types\/post"}],"author":[{"embeddable":true,"href":"https:\/\/lavanguardiadecuenca.es\/index.php?rest_route=\/wp\/v2\/users\/1"}],"replies":[{"embeddable":true,"href":"https:\/\/lavanguardiadecuenca.es\/index.php?rest_route=%2Fwp%2Fv2%2Fcomments&post=4002"}],"version-history":[{"count":0,"href":"https:\/\/lavanguardiadecuenca.es\/index.php?rest_route=\/wp\/v2\/posts\/4002\/revisions"}],"wp:attachment":[{"href":"https:\/\/lavanguardiadecuenca.es\/index.php?rest_route=%2Fwp%2Fv2%2Fmedia&parent=4002"}],"wp:term":[{"taxonomy":"category","embeddable":true,"href":"https:\/\/lavanguardiadecuenca.es\/index.php?rest_route=%2Fwp%2Fv2%2Fcategories&post=4002"},{"taxonomy":"post_tag","embeddable":true,"href":"https:\/\/lavanguardiadecuenca.es\/index.php?rest_route=%2Fwp%2Fv2%2Ftags&post=4002"}],"curies":[{"name":"wp","href":"https:\/\/api.w.org\/{rel}","templated":true}]}}