{"id":3782,"date":"2011-12-08T14:00:41","date_gmt":"2011-12-08T14:00:41","guid":{"rendered":"https:\/\/lavanguardiadecuenca.es\/?p=3782"},"modified":"2011-12-08T14:00:41","modified_gmt":"2011-12-08T14:00:41","slug":"con-la-merkel-en-los-talones-por-pablo-sebastian","status":"publish","type":"post","link":"https:\/\/lavanguardiadecuenca.es\/?p=3782","title":{"rendered":"Con la Merkel en los talones (por Pablo Sebasti\u00e1n)"},"content":{"rendered":"<p style=\"text-align: justify;\"><a href=\"http:\/\/jabuedo.typepad.com\/.a\/6a00d8341c734753ef015438058bb9970c-pi\" style=\"float: left;\"><img decoding=\"async\" alt=\"Pablo_sebastian\" border=\"0\" class=\"asset  asset-image at-xid-6a00d8341c734753ef015438058bb9970c\" src=\"https:\/\/jabuedo.typepad.com\/.a\/6a00d8341c734753ef015438058bb9970c-800wi\" style=\"margin: 0px 5px 5px 0px;\" title=\"Pablo_sebastian\" \/><\/a>Pablo Sebasti\u00e1n (Publicado en <em>Republica.com<\/em>, <a href=\"http:\/\/www.republica.com\/2011\/12\/07\/con-la-merkel-en-los-talones_422641\/\" target=\"_self\">aqu\u00ed<\/a>)<\/p>\n<p style=\"text-align: justify;\">La cumbre europea que se inicia este jueves en Estrasburgo tiene los ingredientes de una pel\u00edcula de suspense, o incluso de terror, digna de los mejores guionistas del g\u00e9nero. Porque si a\u00fan estamos jugando con las teor\u00edas conspirativas sobre el esc\u00e1ndalo er\u00f3tico de ese s\u00e1tiro incontrolado que parece ser <strong>Dominique Strauss Khan<\/strong>, con mayor motivo podr\u00edamos imaginar una trama perversa como las que imagin\u00f3 Ian Fleming en sus guiones sobre James Bond. El objetivo de la conspiraci\u00f3n no es otro que \u201cmatar al Euro\u201d, y los beneficiarios del crimen perfecto ser\u00edan ciertos poderes f\u00e1cticos financieros que utilizan los servicios secretos (en los que fue maestro John Le Carr\u00e9) del Imperio y los largos tent\u00e1culos de poderosas entidades financieras que van, poco a poco, cerrando la respiraci\u00f3n del Euro, en pos de la asfixia total, como nos lo contar\u00eda el genio <strong>Alfred Hitchcock<\/strong> hasta dejarnos casi sin aliento.<\/p>\n<p style=\"text-align: justify;\">La acci\u00f3n se inicia en los despachos de un rascacielos de Wall Street, donde Bernard Madoff ten\u00eda sus oficinas. Desde all\u00ed los cerebros de la trama consiguen controlar el plan de auditor\u00eda que Goldman Sachs est\u00e1 preparando sobre el estado de las finanzas del Gobierno de Grecia para que pueda entrar en el Euro, a base de falsificar los datos y la deuda del pa\u00eds que la reducen a un 30 % de su base real, tal y como ocurri\u00f3. Puesta en Atenas la bomba de relojer\u00eda solo hab\u00eda que hacerla estallar en el momento oportuno que lleg\u00f3 poco despu\u00e9s de la crisis de las hipotecas \u201csub prime\u201d en <a href=\"http:\/\/www.usa.gov\/gobiernousa\/\" rel=\"external\" target=\"_blank\" title=\"EE.UU\">EE.UU<\/a>. y del hundimiento de Lehman Brothers. El efecto multiplicador de la explosi\u00f3n griega en el seno de la UE y en<a href=\"http:\/\/spanish.china.org.cn\/\" rel=\"external\" target=\"_blank\" title=\"China\"> China<\/a>, Rusia y EE.UU. permitir\u00eda a unos pocos ganar grandes sumas de dinero como est\u00e1 ocurriendo mientras millones de ciudadanos de todo el Planeta se hundir\u00edan en el paro, <strong>la ruina y la desesperaci\u00f3n<\/strong>.<\/p>\n<p style=\"text-align: justify;\">La derrota del astuto maligno solo puede llegar desde el coraz\u00f3n de Europa. Los malvados lo saben y se aprestan a utilizar la baza de la canciller Merkel, previamente envenenada con altas dosis de \u201causteridad fiscal\u201d, para culminar el crimen del Euro previsto para el viernes 9 de diciembre de 2011 en Estrasburgo. Por eso el relato que nos ocupa se titula \u201cCon la Merkel en los talones\u201d, en honor del maestro del suspense. Naturalmente la mano negra que mece la cuna de Europa hasta empujarla escalera abajo como en la m\u00edtica escena de El Acorazado Potenkim, ha adornado sus intrigas movilizando a las Agencias de calificaci\u00f3n S&amp;P, Fitch y Moody\u00b4s, para completar la presi\u00f3n y el escenario del miedo con la amenaza a todas las naciones del Euro de expulsarlas del cielo protector de la <strong>Triple AAA<\/strong>, para que paguen caras su deudas. Un \u201cforcing\u201d excesivo que puede abrir los ojos hipnotizados de Merkel una vez que <a href=\"http:\/\/www.deutschland.de\/\" rel=\"external\" target=\"_blank\" title=\"Alemania\">Alemania<\/a> ha sido embarcada en la angosta nave de la UE.<\/p>\n<p style=\"text-align: justify;\">La salvaci\u00f3n del Euro y de la UE, donde los malvados pusieron de rodillas a los gobiernos de Grecia e Italia, solo tiene una salida en las ra\u00edces hist\u00f3ricas, culturales y democr\u00e1ticas que est\u00e1n en el origen del Tratado de Roma, la \u201cvieja Europa\u201d de la que hablaba con desd\u00e9n <strong>Donald Rumsfeld<\/strong> por la resistencia de la UE a entrar en la mentirosa guerra de Irak. Europa renacer\u00e1, por en\u00e9sima vez de entre sus cenizas como el AVE F\u00e9nix, pero antes deber\u00e1 pasar por el aro de fuego de la cumbre europea de Estrasburgo.<\/p>\n<p style=\"text-align: justify;\">Una reuni\u00f3n decisiva donde se enfrentan dos opciones diferentes que deben ser compatibles: la Europa de la austeridad, el rigor y el control prusiano de la deuda y los Presupuestos, con fiscalidad com\u00fan para las empresas de la zona euro y bajo vigilancia judicial de la UE y sometida a sanciones autom\u00e1ticas, para aquellos que no garanticen la \u201cuni\u00f3n fiscal\u201d que lideran Merkel y Sarkozy; y la Europa social del empleo, el estado del Bienestar, el crecimiento y las ayudas financieras solidarias que deben llegar a los Estados y a los bancos para que fluya el cr\u00e9dito y se espante la recesi\u00f3n.<\/p>\n<p style=\"text-align: justify;\">Lo que no ser\u00e1 posible si no se cuenta con la ayuda del BCE, hoy cerrado a cal y canto, del Mecanismo de Estabilidad Europea, a poner en marcha en 2012, y del FMI, y a ser posible y sobre todo con los \u201ceurobonos\u201d que Merkel tiene bajo llave en un caj\u00f3n de la canciller\u00eda de Berl\u00edn. En el frontispicio de la contienda dos frases para la Historia, la inolvidable de Wiston Churchil de \u201csangre, sudor y l\u00e1grimas\u201d, y la m\u00e1s poderosa de la Revoluci\u00f3n Francesa: \u201cLibertad, Igualdad, Fraternidad\u201d. En la suma y la mezcla de las dos est\u00e1 la virtud y el camino de la salvaci\u00f3n del sue\u00f1o de Europa, que unos insaciables malvados quieren volver a raptar.<\/p>\n","protected":false},"excerpt":{"rendered":"<p>Pablo Sebasti\u00e1n (Publicado en Republica.com, aqu\u00ed) La cumbre europea que se inicia este jueves en Estrasburgo tiene los ingredientes de una pel\u00edcula de suspense, o incluso de terror, digna de los mejores guionistas del g\u00e9nero. Porque si a\u00fan estamos jugando con las teor\u00edas conspirativas sobre el esc\u00e1ndalo er\u00f3tico de ese s\u00e1tiro incontrolado que parece ser&#8230;<\/p>\n","protected":false},"author":1,"featured_media":0,"comment_status":"open","ping_status":"open","sticky":false,"template":"","format":"standard","meta":{"rop_custom_images_group":[],"rop_custom_messages_group":[],"rop_publish_now":"initial","rop_publish_now_accounts":[],"rop_publish_now_history":[],"rop_publish_now_status":"pending","footnotes":""},"categories":[2,14,6,15,16],"tags":[],"class_list":["post-3782","post","type-post","status-publish","format-standard","hentry","category-actualidad","category-economia","category-historia","category-pensamiento-politico","category-politica"],"yoast_head":"<!-- This site is optimized with the Yoast SEO plugin v27.5 - https:\/\/yoast.com\/product\/yoast-seo-wordpress\/ -->\n<title>Con la Merkel en los talones (por Pablo Sebasti\u00e1n) - La Vanguardia de Cuenca<\/title>\n<meta name=\"robots\" content=\"index, follow, max-snippet:-1, max-image-preview:large, max-video-preview:-1\" \/>\n<link rel=\"canonical\" href=\"https:\/\/lavanguardiadecuenca.es\/?p=3782\" \/>\n<meta property=\"og:locale\" content=\"es_ES\" \/>\n<meta property=\"og:type\" content=\"article\" \/>\n<meta property=\"og:title\" content=\"Con la Merkel en los talones (por Pablo Sebasti\u00e1n) - La Vanguardia de Cuenca\" \/>\n<meta property=\"og:description\" content=\"Pablo Sebasti\u00e1n (Publicado en Republica.com, aqu\u00ed) La cumbre europea que se inicia este jueves en Estrasburgo tiene los ingredientes de una pel\u00edcula de suspense, o incluso de terror, digna de los mejores guionistas del g\u00e9nero. Porque si a\u00fan estamos jugando con las teor\u00edas conspirativas sobre el esc\u00e1ndalo er\u00f3tico de ese s\u00e1tiro incontrolado que parece ser...\" \/>\n<meta property=\"og:url\" content=\"https:\/\/lavanguardiadecuenca.es\/?p=3782\" \/>\n<meta property=\"og:site_name\" content=\"La Vanguardia de Cuenca\" \/>\n<meta property=\"article:published_time\" content=\"2011-12-08T14:00:41+00:00\" \/>\n<meta property=\"og:image\" content=\"https:\/\/jabuedo.typepad.com\/.a\/6a00d8341c734753ef015438058bb9970c-800wi\" \/>\n<meta name=\"author\" content=\"admin6567\" \/>\n<meta name=\"twitter:card\" content=\"summary_large_image\" \/>\n<meta name=\"twitter:label1\" content=\"Escrito por\" \/>\n\t<meta name=\"twitter:data1\" content=\"admin6567\" \/>\n\t<meta name=\"twitter:label2\" content=\"Tiempo de lectura\" \/>\n\t<meta name=\"twitter:data2\" content=\"4 minutos\" \/>\n<script type=\"application\/ld+json\" class=\"yoast-schema-graph\">{\"@context\":\"https:\\\/\\\/schema.org\",\"@graph\":[{\"@type\":\"Article\",\"@id\":\"https:\\\/\\\/lavanguardiadecuenca.es\\\/?p=3782#article\",\"isPartOf\":{\"@id\":\"https:\\\/\\\/lavanguardiadecuenca.es\\\/?p=3782\"},\"author\":{\"name\":\"admin6567\",\"@id\":\"https:\\\/\\\/lavanguardiadecuenca.es\\\/#\\\/schema\\\/person\\\/533d101fbc2a9ecf6af26aeddcaf1abd\"},\"headline\":\"Con la Merkel en los talones (por Pablo Sebasti\u00e1n)\",\"datePublished\":\"2011-12-08T14:00:41+00:00\",\"mainEntityOfPage\":{\"@id\":\"https:\\\/\\\/lavanguardiadecuenca.es\\\/?p=3782\"},\"wordCount\":865,\"commentCount\":0,\"publisher\":{\"@id\":\"https:\\\/\\\/lavanguardiadecuenca.es\\\/#\\\/schema\\\/person\\\/efd3b99fe10ec3fad96a88f3ae7d092f\"},\"image\":{\"@id\":\"https:\\\/\\\/lavanguardiadecuenca.es\\\/?p=3782#primaryimage\"},\"thumbnailUrl\":\"https:\\\/\\\/jabuedo.typepad.com\\\/.a\\\/6a00d8341c734753ef015438058bb9970c-800wi\",\"articleSection\":[\"Actualidad\",\"Econom\u00eda\",\"Historia\",\"Pensamiento pol\u00edtico\",\"Pol\u00edtica\"],\"inLanguage\":\"es\",\"potentialAction\":[{\"@type\":\"CommentAction\",\"name\":\"Comment\",\"target\":[\"https:\\\/\\\/lavanguardiadecuenca.es\\\/?p=3782#respond\"]}]},{\"@type\":\"WebPage\",\"@id\":\"https:\\\/\\\/lavanguardiadecuenca.es\\\/?p=3782\",\"url\":\"https:\\\/\\\/lavanguardiadecuenca.es\\\/?p=3782\",\"name\":\"Con la Merkel en los talones (por Pablo Sebasti\u00e1n) - La Vanguardia de Cuenca\",\"isPartOf\":{\"@id\":\"https:\\\/\\\/lavanguardiadecuenca.es\\\/#website\"},\"primaryImageOfPage\":{\"@id\":\"https:\\\/\\\/lavanguardiadecuenca.es\\\/?p=3782#primaryimage\"},\"image\":{\"@id\":\"https:\\\/\\\/lavanguardiadecuenca.es\\\/?p=3782#primaryimage\"},\"thumbnailUrl\":\"https:\\\/\\\/jabuedo.typepad.com\\\/.a\\\/6a00d8341c734753ef015438058bb9970c-800wi\",\"datePublished\":\"2011-12-08T14:00:41+00:00\",\"breadcrumb\":{\"@id\":\"https:\\\/\\\/lavanguardiadecuenca.es\\\/?p=3782#breadcrumb\"},\"inLanguage\":\"es\",\"potentialAction\":[{\"@type\":\"ReadAction\",\"target\":[\"https:\\\/\\\/lavanguardiadecuenca.es\\\/?p=3782\"]}]},{\"@type\":\"ImageObject\",\"inLanguage\":\"es\",\"@id\":\"https:\\\/\\\/lavanguardiadecuenca.es\\\/?p=3782#primaryimage\",\"url\":\"https:\\\/\\\/jabuedo.typepad.com\\\/.a\\\/6a00d8341c734753ef015438058bb9970c-800wi\",\"contentUrl\":\"https:\\\/\\\/jabuedo.typepad.com\\\/.a\\\/6a00d8341c734753ef015438058bb9970c-800wi\"},{\"@type\":\"BreadcrumbList\",\"@id\":\"https:\\\/\\\/lavanguardiadecuenca.es\\\/?p=3782#breadcrumb\",\"itemListElement\":[{\"@type\":\"ListItem\",\"position\":1,\"name\":\"Portada\",\"item\":\"https:\\\/\\\/lavanguardiadecuenca.es\\\/\"},{\"@type\":\"ListItem\",\"position\":2,\"name\":\"Con la Merkel en los talones (por Pablo Sebasti\u00e1n)\"}]},{\"@type\":\"WebSite\",\"@id\":\"https:\\\/\\\/lavanguardiadecuenca.es\\\/#website\",\"url\":\"https:\\\/\\\/lavanguardiadecuenca.es\\\/\",\"name\":\"La Vanguardia de Cuenca\",\"description\":\"Intereses: comunicaci\u00f3n y actualidad en general, weblogs, sociedad, pol\u00edtica\",\"publisher\":{\"@id\":\"https:\\\/\\\/lavanguardiadecuenca.es\\\/#\\\/schema\\\/person\\\/efd3b99fe10ec3fad96a88f3ae7d092f\"},\"potentialAction\":[{\"@type\":\"SearchAction\",\"target\":{\"@type\":\"EntryPoint\",\"urlTemplate\":\"https:\\\/\\\/lavanguardiadecuenca.es\\\/?s={search_term_string}\"},\"query-input\":{\"@type\":\"PropertyValueSpecification\",\"valueRequired\":true,\"valueName\":\"search_term_string\"}}],\"inLanguage\":\"es\"},{\"@type\":[\"Person\",\"Organization\"],\"@id\":\"https:\\\/\\\/lavanguardiadecuenca.es\\\/#\\\/schema\\\/person\\\/efd3b99fe10ec3fad96a88f3ae7d092f\",\"name\":\"Juan Andr\u00e9s Buedo\",\"image\":{\"@type\":\"ImageObject\",\"inLanguage\":\"es\",\"@id\":\"https:\\\/\\\/lavanguardiadecuenca.es\\\/wp-content\\\/uploads\\\/2025\\\/09\\\/6a00d8341c734753ef0278801a3634200d-250si.jpg\",\"url\":\"https:\\\/\\\/lavanguardiadecuenca.es\\\/wp-content\\\/uploads\\\/2025\\\/09\\\/6a00d8341c734753ef0278801a3634200d-250si.jpg\",\"contentUrl\":\"https:\\\/\\\/lavanguardiadecuenca.es\\\/wp-content\\\/uploads\\\/2025\\\/09\\\/6a00d8341c734753ef0278801a3634200d-250si.jpg\",\"width\":250,\"height\":250,\"caption\":\"Juan Andr\u00e9s Buedo\"},\"logo\":{\"@id\":\"https:\\\/\\\/lavanguardiadecuenca.es\\\/wp-content\\\/uploads\\\/2025\\\/09\\\/6a00d8341c734753ef0278801a3634200d-250si.jpg\"},\"sameAs\":[\"https:\\\/\\\/lavanguardiadecuenca.es\\\/\"]},{\"@type\":\"Person\",\"@id\":\"https:\\\/\\\/lavanguardiadecuenca.es\\\/#\\\/schema\\\/person\\\/533d101fbc2a9ecf6af26aeddcaf1abd\",\"name\":\"admin6567\",\"image\":{\"@type\":\"ImageObject\",\"inLanguage\":\"es\",\"@id\":\"https:\\\/\\\/secure.gravatar.com\\\/avatar\\\/79503df8b75d394ce1e22cb5293c3e8fee42d212f6de88e2d65bfaa128f73542?s=96&d=mm&r=g\",\"url\":\"https:\\\/\\\/secure.gravatar.com\\\/avatar\\\/79503df8b75d394ce1e22cb5293c3e8fee42d212f6de88e2d65bfaa128f73542?s=96&d=mm&r=g\",\"contentUrl\":\"https:\\\/\\\/secure.gravatar.com\\\/avatar\\\/79503df8b75d394ce1e22cb5293c3e8fee42d212f6de88e2d65bfaa128f73542?s=96&d=mm&r=g\",\"caption\":\"admin6567\"},\"sameAs\":[\"http:\\\/\\\/lavanguardiadecuenca.es\"],\"url\":\"https:\\\/\\\/lavanguardiadecuenca.es\\\/?author=1\"}]}<\/script>\n<!-- \/ Yoast SEO plugin. -->","yoast_head_json":{"title":"Con la Merkel en los talones (por Pablo Sebasti\u00e1n) - La Vanguardia de Cuenca","robots":{"index":"index","follow":"follow","max-snippet":"max-snippet:-1","max-image-preview":"max-image-preview:large","max-video-preview":"max-video-preview:-1"},"canonical":"https:\/\/lavanguardiadecuenca.es\/?p=3782","og_locale":"es_ES","og_type":"article","og_title":"Con la Merkel en los talones (por Pablo Sebasti\u00e1n) - La Vanguardia de Cuenca","og_description":"Pablo Sebasti\u00e1n (Publicado en Republica.com, aqu\u00ed) La cumbre europea que se inicia este jueves en Estrasburgo tiene los ingredientes de una pel\u00edcula de suspense, o incluso de terror, digna de los mejores guionistas del g\u00e9nero. Porque si a\u00fan estamos jugando con las teor\u00edas conspirativas sobre el esc\u00e1ndalo er\u00f3tico de ese s\u00e1tiro incontrolado que parece ser...","og_url":"https:\/\/lavanguardiadecuenca.es\/?p=3782","og_site_name":"La Vanguardia de Cuenca","article_published_time":"2011-12-08T14:00:41+00:00","og_image":[{"url":"https:\/\/jabuedo.typepad.com\/.a\/6a00d8341c734753ef015438058bb9970c-800wi","type":"","width":"","height":""}],"author":"admin6567","twitter_card":"summary_large_image","twitter_misc":{"Escrito por":"admin6567","Tiempo de lectura":"4 minutos"},"schema":{"@context":"https:\/\/schema.org","@graph":[{"@type":"Article","@id":"https:\/\/lavanguardiadecuenca.es\/?p=3782#article","isPartOf":{"@id":"https:\/\/lavanguardiadecuenca.es\/?p=3782"},"author":{"name":"admin6567","@id":"https:\/\/lavanguardiadecuenca.es\/#\/schema\/person\/533d101fbc2a9ecf6af26aeddcaf1abd"},"headline":"Con la Merkel en los talones (por Pablo Sebasti\u00e1n)","datePublished":"2011-12-08T14:00:41+00:00","mainEntityOfPage":{"@id":"https:\/\/lavanguardiadecuenca.es\/?p=3782"},"wordCount":865,"commentCount":0,"publisher":{"@id":"https:\/\/lavanguardiadecuenca.es\/#\/schema\/person\/efd3b99fe10ec3fad96a88f3ae7d092f"},"image":{"@id":"https:\/\/lavanguardiadecuenca.es\/?p=3782#primaryimage"},"thumbnailUrl":"https:\/\/jabuedo.typepad.com\/.a\/6a00d8341c734753ef015438058bb9970c-800wi","articleSection":["Actualidad","Econom\u00eda","Historia","Pensamiento pol\u00edtico","Pol\u00edtica"],"inLanguage":"es","potentialAction":[{"@type":"CommentAction","name":"Comment","target":["https:\/\/lavanguardiadecuenca.es\/?p=3782#respond"]}]},{"@type":"WebPage","@id":"https:\/\/lavanguardiadecuenca.es\/?p=3782","url":"https:\/\/lavanguardiadecuenca.es\/?p=3782","name":"Con la Merkel en los talones (por Pablo Sebasti\u00e1n) - La Vanguardia de Cuenca","isPartOf":{"@id":"https:\/\/lavanguardiadecuenca.es\/#website"},"primaryImageOfPage":{"@id":"https:\/\/lavanguardiadecuenca.es\/?p=3782#primaryimage"},"image":{"@id":"https:\/\/lavanguardiadecuenca.es\/?p=3782#primaryimage"},"thumbnailUrl":"https:\/\/jabuedo.typepad.com\/.a\/6a00d8341c734753ef015438058bb9970c-800wi","datePublished":"2011-12-08T14:00:41+00:00","breadcrumb":{"@id":"https:\/\/lavanguardiadecuenca.es\/?p=3782#breadcrumb"},"inLanguage":"es","potentialAction":[{"@type":"ReadAction","target":["https:\/\/lavanguardiadecuenca.es\/?p=3782"]}]},{"@type":"ImageObject","inLanguage":"es","@id":"https:\/\/lavanguardiadecuenca.es\/?p=3782#primaryimage","url":"https:\/\/jabuedo.typepad.com\/.a\/6a00d8341c734753ef015438058bb9970c-800wi","contentUrl":"https:\/\/jabuedo.typepad.com\/.a\/6a00d8341c734753ef015438058bb9970c-800wi"},{"@type":"BreadcrumbList","@id":"https:\/\/lavanguardiadecuenca.es\/?p=3782#breadcrumb","itemListElement":[{"@type":"ListItem","position":1,"name":"Portada","item":"https:\/\/lavanguardiadecuenca.es\/"},{"@type":"ListItem","position":2,"name":"Con la Merkel en los talones (por Pablo Sebasti\u00e1n)"}]},{"@type":"WebSite","@id":"https:\/\/lavanguardiadecuenca.es\/#website","url":"https:\/\/lavanguardiadecuenca.es\/","name":"La Vanguardia de Cuenca","description":"Intereses: comunicaci\u00f3n y actualidad en general, weblogs, sociedad, pol\u00edtica","publisher":{"@id":"https:\/\/lavanguardiadecuenca.es\/#\/schema\/person\/efd3b99fe10ec3fad96a88f3ae7d092f"},"potentialAction":[{"@type":"SearchAction","target":{"@type":"EntryPoint","urlTemplate":"https:\/\/lavanguardiadecuenca.es\/?s={search_term_string}"},"query-input":{"@type":"PropertyValueSpecification","valueRequired":true,"valueName":"search_term_string"}}],"inLanguage":"es"},{"@type":["Person","Organization"],"@id":"https:\/\/lavanguardiadecuenca.es\/#\/schema\/person\/efd3b99fe10ec3fad96a88f3ae7d092f","name":"Juan Andr\u00e9s Buedo","image":{"@type":"ImageObject","inLanguage":"es","@id":"https:\/\/lavanguardiadecuenca.es\/wp-content\/uploads\/2025\/09\/6a00d8341c734753ef0278801a3634200d-250si.jpg","url":"https:\/\/lavanguardiadecuenca.es\/wp-content\/uploads\/2025\/09\/6a00d8341c734753ef0278801a3634200d-250si.jpg","contentUrl":"https:\/\/lavanguardiadecuenca.es\/wp-content\/uploads\/2025\/09\/6a00d8341c734753ef0278801a3634200d-250si.jpg","width":250,"height":250,"caption":"Juan Andr\u00e9s Buedo"},"logo":{"@id":"https:\/\/lavanguardiadecuenca.es\/wp-content\/uploads\/2025\/09\/6a00d8341c734753ef0278801a3634200d-250si.jpg"},"sameAs":["https:\/\/lavanguardiadecuenca.es\/"]},{"@type":"Person","@id":"https:\/\/lavanguardiadecuenca.es\/#\/schema\/person\/533d101fbc2a9ecf6af26aeddcaf1abd","name":"admin6567","image":{"@type":"ImageObject","inLanguage":"es","@id":"https:\/\/secure.gravatar.com\/avatar\/79503df8b75d394ce1e22cb5293c3e8fee42d212f6de88e2d65bfaa128f73542?s=96&d=mm&r=g","url":"https:\/\/secure.gravatar.com\/avatar\/79503df8b75d394ce1e22cb5293c3e8fee42d212f6de88e2d65bfaa128f73542?s=96&d=mm&r=g","contentUrl":"https:\/\/secure.gravatar.com\/avatar\/79503df8b75d394ce1e22cb5293c3e8fee42d212f6de88e2d65bfaa128f73542?s=96&d=mm&r=g","caption":"admin6567"},"sameAs":["http:\/\/lavanguardiadecuenca.es"],"url":"https:\/\/lavanguardiadecuenca.es\/?author=1"}]}},"_links":{"self":[{"href":"https:\/\/lavanguardiadecuenca.es\/index.php?rest_route=\/wp\/v2\/posts\/3782","targetHints":{"allow":["GET"]}}],"collection":[{"href":"https:\/\/lavanguardiadecuenca.es\/index.php?rest_route=\/wp\/v2\/posts"}],"about":[{"href":"https:\/\/lavanguardiadecuenca.es\/index.php?rest_route=\/wp\/v2\/types\/post"}],"author":[{"embeddable":true,"href":"https:\/\/lavanguardiadecuenca.es\/index.php?rest_route=\/wp\/v2\/users\/1"}],"replies":[{"embeddable":true,"href":"https:\/\/lavanguardiadecuenca.es\/index.php?rest_route=%2Fwp%2Fv2%2Fcomments&post=3782"}],"version-history":[{"count":0,"href":"https:\/\/lavanguardiadecuenca.es\/index.php?rest_route=\/wp\/v2\/posts\/3782\/revisions"}],"wp:attachment":[{"href":"https:\/\/lavanguardiadecuenca.es\/index.php?rest_route=%2Fwp%2Fv2%2Fmedia&parent=3782"}],"wp:term":[{"taxonomy":"category","embeddable":true,"href":"https:\/\/lavanguardiadecuenca.es\/index.php?rest_route=%2Fwp%2Fv2%2Fcategories&post=3782"},{"taxonomy":"post_tag","embeddable":true,"href":"https:\/\/lavanguardiadecuenca.es\/index.php?rest_route=%2Fwp%2Fv2%2Ftags&post=3782"}],"curies":[{"name":"wp","href":"https:\/\/api.w.org\/{rel}","templated":true}]}}