{"id":3780,"date":"2011-12-08T19:47:48","date_gmt":"2011-12-08T19:47:48","guid":{"rendered":"https:\/\/lavanguardiadecuenca.es\/?p=3780"},"modified":"2011-12-08T19:47:48","modified_gmt":"2011-12-08T19:47:48","slug":"autonomias-un-lujo-insostenible-por-miguel-massanet-bosch","status":"publish","type":"post","link":"https:\/\/lavanguardiadecuenca.es\/?p=3780","title":{"rendered":"Autonom\u00edas, un lujo insostenible (por Miguel Massanet Bosch)"},"content":{"rendered":"<p style=\"text-align: justify;\">Juan Jacobo Rouseau, en su Contrato Social nos leg\u00f3 lo siguiente: <em>\u201cUna previsi\u00f3n muy necesaria es saber que no se puede prever todo\u201d.<\/em> Y este pensamiento, con toda seguridad, ser\u00eda aplicable a los padres de nuestra Constituci\u00f3n de 1.978; cuando trataron el espinoso tema de la divisi\u00f3n del territorio espa\u00f1ol en autonom\u00edas, en sustituci\u00f3n de las antiguas regiones tradicionales, en las que hab\u00eda estado dividida Espa\u00f1a. Es posible que, por aquel entonces, existieran otros problemas relacionados con la transici\u00f3n que hicieran que se diera prevalencia a la idea de darles m\u00e1s autonom\u00eda a los gobiernos regionales para, de este modo, conceder a los larvados sentimientos nacionalistas de algunas partes del pa\u00eds, la sensaci\u00f3n de que se aflojaban las riendas de un estado excesivamente centralista. Es obvio que tambi\u00e9n se tuvieran en cuenta criterios de econom\u00eda&#0160; y&#0160; las evidentes ventajas de acercar a los ciudadanos a los centros de decisi\u00f3n de los problemas cotidianos, sin tener la obligaci\u00f3n de tenerse que desplazar a la capital, Madrid, para cualquier gesti\u00f3n ante la Administraci\u00f3n.<\/p>\n<p style=\"text-align: justify;\">Sin embargo, desgraciadamente para Espa\u00f1a y los ciudadanos espa\u00f1oles, aquellas previsiones, aquellos bien intencionados intentos de los legisladores de compaginar el deseo de apaciguar una previsible oleada de reivindicaciones nacionalistas, con la posibilidad de aliviar el coste burocr\u00e1tico que supon\u00eda la centralizaci\u00f3n en materia de procedimientos administrativos y de la gesti\u00f3n de determinados temas que s\u00f3lo se solventaban en los ministerios, evitando, dentro de lo posible, duplicidades y retrasos; no s\u00f3lo no han conseguido que se cumplieran aquellos fines, sino que han tenido determinadas desviaciones, no contempladas en su momento, que han convertido a estos entes territoriales, especialmente en algunas regiones m\u00e1s conflictivas, en una especie de bombas de relojer\u00eda, capaces de poner en cuesti\u00f3n la propia identidad del Estado espa\u00f1ol poniendo en peligro su cohesi\u00f3n y unidad.<\/p>\n<p style=\"text-align: justify;\">Y no es que la propia Constituci\u00f3n no previera los mecanismos adecuados para evitar que las autonom\u00edas se propasasen en sus cometidos, se extralimitaran en sus competencias o se excedieran en sus pretensiones de autogesti\u00f3n, superando los l\u00edmites que la propia Carta Magna establec\u00eda; sino que ha sido el propio gobierno del se\u00f1or Rodr\u00edguez Zapatero quien, acuciado por la necesidad de conseguir apoyos parlamentarios para sacar adelante sus reformas, ha contribuido de una manera decisiva a que, el panorama auton\u00f3mico en Espa\u00f1a, haya ido degenerado hacia una carrera de reivindicaciones, emprendida por los gobiernos de ciertas autonom\u00edas, como el Pa\u00eds Vasco y Catalunya, seguidas de cerca por Galicia y las Baleares, para intentar poner contra la cuerdas al gobierno central, exigiendo, cada vez con m\u00e1s insistencia y desparpajo, la&#0160; obtenci\u00f3n de contrapartidas econ\u00f3micas y pol\u00edticas, de modo que, paso a paso, han conseguido entrar en una espiral en&#0160; la que, el nacionalismo, ya no se conforma con lo que le concede la Constituci\u00f3n, sino que exige el autogobierno o la secesi\u00f3n. La lengua ha sido el primer tributo que el Estado espa\u00f1ol ha tenido que conceder a cambio de un apoyo ag\u00f3nico a sus desvar\u00edos y errores en la gesti\u00f3n de su mandato.<\/p>\n<p style=\"text-align: justify;\">Lo desesperante de la situaci\u00f3n a la que hemos llegado en Espa\u00f1a, respecto al tema auton\u00f3mico, es que se ha cedido tanto terreno, se han hecho tantas concesiones y se han permitido tantos ataques a las leyes del Estado y a la propia Constituci\u00f3n que los, en un principio, moderados y limitados brotes del nacionalismo excluyente y separatista, poco a poco han ido calando, con la evidente colaboraci\u00f3n de los pol\u00edticos de los partidos radicales que vienen propugnando la independencia del Pa\u00eds Vasco y Catalunya, en la misma ciudadan\u00eda de ambas regiones que han visto, en la pasividad del Gobierno de la naci\u00f3n, un salvoconducto para ir progresando en aquello que, en un principio, hab\u00edan descartado por considerarlo como una utop\u00eda inasequible. Es evidente que, el se\u00f1or Rodr\u00edguez Zapatero, ha sido el factotum&#0160; de todo este proceso que inici\u00f3 con aquella enigm\u00e1tica frase lapidaria \u201c<strong><em> la naci\u00f3n es un concepto discutible y discutido<\/em><\/strong>\u201d con la que puso la primera piedra de este muro de incomprensi\u00f3n y antagonismo que existe hoy en d\u00eda entre los que se llaman espa\u00f1oles, aman a Espa\u00f1a y a sus tradiciones y siguen fieles a su unidad, sus s\u00edmbolos y sus tradiciones y aquellos otros ciudadanos, que se consideran ocupados, poco menos que manu militari,&#0160; por tener que respetar \u2013 en el caso de que lo hagan y no decidan oponerse \u2013&#0160; la legislaci\u00f3n espa\u00f1ola y, en especial, la misma Constituci\u00f3n; gracias a la cual consiguieron unas prebendas que antes no ten\u00edan.<\/p>\n<p style=\"text-align: justify;\">Con el Estatut catal\u00e1n se empez\u00f3 a dar luz verde, por parte del PSOE y con el apoyo entusiasta de partidos como CIU, ERC y, \u00a1marav\u00edllense ustedes!, el propio partido socialista catal\u00e1n al que apoy\u00f3, con honrosas excepciones, la mayor\u00eda de miembros del PSOE con todos sus dirigentes. Con estos mimbres no es extra\u00f1o que nadie, cuando el gobierno de la Generalitat se ha negado, sistem\u00e1ticamente, a cumplirlas normas del TC, las resoluciones del TS o del propio TSJC&#0160; \u2013en cuanto a la ense\u00f1anza en castellano, en la defensa del derecho de los padres a escoge la clase de ense\u00f1anza que quieren para sus hijos o lo de la aplicaci\u00f3n en las escuelas de la tercera hora de ense\u00f1anza del castellano o cuando se han llevado a cabo consultas populares en la mayor\u00eda de las poblaciones de Catalunya o hayan sido quemadas, por los gamberros de turno, banderas espa\u00f1olas y fotograf\u00edas de los Reyes \u2013 haya salido a protestar, incluidos los fiscales, que ni han demandado su ejecuci\u00f3n, en cuanto a lo primero, ni se han practicado las diligencias que eran de rigor respecto a los delitos enumerados en segundo t\u00e9rmino.<\/p>\n<p style=\"text-align: justify;\">Pero ello no obsta a que la Constituci\u00f3n tenga sus mecanismos de control, como los citados en el Cap\u00edtulo III, en el que se habla de aquellas competencias que son exclusivas del Estado (Art\u00aa 149) o el propio art\u00edculo 155, donde est\u00e1 previsto aplicar medidas legales en el caso de que, alguna autonom\u00eda, incumpliera las leyes o la propia Constituci\u00f3n. Por supuesto que, los casos en los que se hubiera podido poner orden en cuanto a los excesos cometidos por los gobiernos catalanes y vasco, han sido varios y, sin embargo, la actuaci\u00f3n del Ejecutivo, en todos ellos, ha sido de extrema debilidad, de negligencia absoluta en orden a mantener&#0160; la igualdad entre los espa\u00f1oles, la solidaridad entre autonom\u00edas y el preservar&#0160; la integridad del Estado espa\u00f1ol que ha estado, en numerosas ocasiones, en trance de emprender caminos sesgados a favor de aquellos que buscan su disgregaci\u00f3n.<\/p>\n<p style=\"text-align: justify;\">Una historia que no tiene un final feliz. Hoy en d\u00eda, gracias a los socialistas y a sus concesiones a los independentistas, tanto monta monta tanto, han conseguido que, el principal problema del Estado sea, precisamente, el de la deuda auton\u00f3mica; que se ha convertido en un mal end\u00e9mico, muy dif\u00edcil de erradicar, debido a que se han acostumbrado a usar de la chequera, confiadas en que el Gobierno siempre acudir\u00eda en su auxilio. Ahora no hay dinero para sacarlas del apuro y la confianza de los inversores y de las agencias de rating ha bajado a m\u00ednimos. La UE nos reclama que se ponga orden, con una ley de estabilidad presupuestaria y, como si no ocurriera nada, los nacionalistas insisten en sus reivindicaciones, esperando que sean el resto de espa\u00f1oles quienes les saquen las casta\u00f1as del fuego. Hace falta una mano firme que les ense\u00f1e que se han acabado las concesiones. O esta es, se\u00f1ores, la forma en la que lo veo.<\/p>\n<p style=\"text-align: justify; padding-left: 30px;\"><span style=\"color: #0000bf;\"><strong>Miguel Massanet Bosch<\/strong><\/span><\/p>\n","protected":false},"excerpt":{"rendered":"<p>Juan Jacobo Rouseau, en su Contrato Social nos leg\u00f3 lo siguiente: \u201cUna previsi\u00f3n muy necesaria es saber que no se puede prever todo\u201d. Y este pensamiento, con toda seguridad, ser\u00eda aplicable a los padres de nuestra Constituci\u00f3n de 1.978; cuando trataron el espinoso tema de la divisi\u00f3n del territorio espa\u00f1ol en autonom\u00edas, en sustituci\u00f3n de&#8230;<\/p>\n","protected":false},"author":1,"featured_media":0,"comment_status":"open","ping_status":"open","sticky":false,"template":"","format":"standard","meta":{"rop_custom_images_group":[],"rop_custom_messages_group":[],"rop_publish_now":"initial","rop_publish_now_accounts":[],"rop_publish_now_history":[],"rop_publish_now_status":"pending","footnotes":""},"categories":[2,13,14,6,15,16],"tags":[],"class_list":["post-3780","post","type-post","status-publish","format-standard","hentry","category-actualidad","category-administracion-publica","category-economia","category-historia","category-pensamiento-politico","category-politica"],"yoast_head":"<!-- This site is optimized with the Yoast SEO plugin v27.5 - https:\/\/yoast.com\/product\/yoast-seo-wordpress\/ -->\n<title>Autonom\u00edas, un lujo insostenible (por Miguel Massanet Bosch) - La Vanguardia de Cuenca<\/title>\n<meta name=\"robots\" content=\"index, follow, max-snippet:-1, max-image-preview:large, max-video-preview:-1\" \/>\n<link rel=\"canonical\" href=\"https:\/\/lavanguardiadecuenca.es\/?p=3780\" \/>\n<meta property=\"og:locale\" content=\"es_ES\" \/>\n<meta property=\"og:type\" content=\"article\" \/>\n<meta property=\"og:title\" content=\"Autonom\u00edas, un lujo insostenible (por Miguel Massanet Bosch) - La Vanguardia de Cuenca\" \/>\n<meta property=\"og:description\" content=\"Juan Jacobo Rouseau, en su Contrato Social nos leg\u00f3 lo siguiente: \u201cUna previsi\u00f3n muy necesaria es saber que no se puede prever todo\u201d. Y este pensamiento, con toda seguridad, ser\u00eda aplicable a los padres de nuestra Constituci\u00f3n de 1.978; cuando trataron el espinoso tema de la divisi\u00f3n del territorio espa\u00f1ol en autonom\u00edas, en sustituci\u00f3n de...\" \/>\n<meta property=\"og:url\" content=\"https:\/\/lavanguardiadecuenca.es\/?p=3780\" \/>\n<meta property=\"og:site_name\" content=\"La Vanguardia de Cuenca\" \/>\n<meta property=\"article:published_time\" content=\"2011-12-08T19:47:48+00:00\" \/>\n<meta name=\"author\" content=\"admin6567\" \/>\n<meta name=\"twitter:card\" content=\"summary_large_image\" \/>\n<meta name=\"twitter:label1\" content=\"Escrito por\" \/>\n\t<meta name=\"twitter:data1\" content=\"admin6567\" \/>\n\t<meta name=\"twitter:label2\" content=\"Tiempo de lectura\" \/>\n\t<meta name=\"twitter:data2\" content=\"7 minutos\" \/>\n<script type=\"application\/ld+json\" class=\"yoast-schema-graph\">{\"@context\":\"https:\\\/\\\/schema.org\",\"@graph\":[{\"@type\":\"Article\",\"@id\":\"https:\\\/\\\/lavanguardiadecuenca.es\\\/?p=3780#article\",\"isPartOf\":{\"@id\":\"https:\\\/\\\/lavanguardiadecuenca.es\\\/?p=3780\"},\"author\":{\"name\":\"admin6567\",\"@id\":\"https:\\\/\\\/lavanguardiadecuenca.es\\\/#\\\/schema\\\/person\\\/533d101fbc2a9ecf6af26aeddcaf1abd\"},\"headline\":\"Autonom\u00edas, un lujo insostenible (por Miguel Massanet Bosch)\",\"datePublished\":\"2011-12-08T19:47:48+00:00\",\"mainEntityOfPage\":{\"@id\":\"https:\\\/\\\/lavanguardiadecuenca.es\\\/?p=3780\"},\"wordCount\":1367,\"commentCount\":0,\"publisher\":{\"@id\":\"https:\\\/\\\/lavanguardiadecuenca.es\\\/#\\\/schema\\\/person\\\/efd3b99fe10ec3fad96a88f3ae7d092f\"},\"articleSection\":[\"Actualidad\",\"Administraci\u00f3n P\u00fablica\",\"Econom\u00eda\",\"Historia\",\"Pensamiento pol\u00edtico\",\"Pol\u00edtica\"],\"inLanguage\":\"es\",\"potentialAction\":[{\"@type\":\"CommentAction\",\"name\":\"Comment\",\"target\":[\"https:\\\/\\\/lavanguardiadecuenca.es\\\/?p=3780#respond\"]}]},{\"@type\":\"WebPage\",\"@id\":\"https:\\\/\\\/lavanguardiadecuenca.es\\\/?p=3780\",\"url\":\"https:\\\/\\\/lavanguardiadecuenca.es\\\/?p=3780\",\"name\":\"Autonom\u00edas, un lujo insostenible (por Miguel Massanet Bosch) - La Vanguardia de Cuenca\",\"isPartOf\":{\"@id\":\"https:\\\/\\\/lavanguardiadecuenca.es\\\/#website\"},\"datePublished\":\"2011-12-08T19:47:48+00:00\",\"breadcrumb\":{\"@id\":\"https:\\\/\\\/lavanguardiadecuenca.es\\\/?p=3780#breadcrumb\"},\"inLanguage\":\"es\",\"potentialAction\":[{\"@type\":\"ReadAction\",\"target\":[\"https:\\\/\\\/lavanguardiadecuenca.es\\\/?p=3780\"]}]},{\"@type\":\"BreadcrumbList\",\"@id\":\"https:\\\/\\\/lavanguardiadecuenca.es\\\/?p=3780#breadcrumb\",\"itemListElement\":[{\"@type\":\"ListItem\",\"position\":1,\"name\":\"Portada\",\"item\":\"https:\\\/\\\/lavanguardiadecuenca.es\\\/\"},{\"@type\":\"ListItem\",\"position\":2,\"name\":\"Autonom\u00edas, un lujo insostenible (por Miguel Massanet Bosch)\"}]},{\"@type\":\"WebSite\",\"@id\":\"https:\\\/\\\/lavanguardiadecuenca.es\\\/#website\",\"url\":\"https:\\\/\\\/lavanguardiadecuenca.es\\\/\",\"name\":\"La Vanguardia de Cuenca\",\"description\":\"Intereses: comunicaci\u00f3n y actualidad en general, weblogs, sociedad, pol\u00edtica\",\"publisher\":{\"@id\":\"https:\\\/\\\/lavanguardiadecuenca.es\\\/#\\\/schema\\\/person\\\/efd3b99fe10ec3fad96a88f3ae7d092f\"},\"potentialAction\":[{\"@type\":\"SearchAction\",\"target\":{\"@type\":\"EntryPoint\",\"urlTemplate\":\"https:\\\/\\\/lavanguardiadecuenca.es\\\/?s={search_term_string}\"},\"query-input\":{\"@type\":\"PropertyValueSpecification\",\"valueRequired\":true,\"valueName\":\"search_term_string\"}}],\"inLanguage\":\"es\"},{\"@type\":[\"Person\",\"Organization\"],\"@id\":\"https:\\\/\\\/lavanguardiadecuenca.es\\\/#\\\/schema\\\/person\\\/efd3b99fe10ec3fad96a88f3ae7d092f\",\"name\":\"Juan Andr\u00e9s Buedo\",\"image\":{\"@type\":\"ImageObject\",\"inLanguage\":\"es\",\"@id\":\"https:\\\/\\\/lavanguardiadecuenca.es\\\/wp-content\\\/uploads\\\/2025\\\/09\\\/6a00d8341c734753ef0278801a3634200d-250si.jpg\",\"url\":\"https:\\\/\\\/lavanguardiadecuenca.es\\\/wp-content\\\/uploads\\\/2025\\\/09\\\/6a00d8341c734753ef0278801a3634200d-250si.jpg\",\"contentUrl\":\"https:\\\/\\\/lavanguardiadecuenca.es\\\/wp-content\\\/uploads\\\/2025\\\/09\\\/6a00d8341c734753ef0278801a3634200d-250si.jpg\",\"width\":250,\"height\":250,\"caption\":\"Juan Andr\u00e9s Buedo\"},\"logo\":{\"@id\":\"https:\\\/\\\/lavanguardiadecuenca.es\\\/wp-content\\\/uploads\\\/2025\\\/09\\\/6a00d8341c734753ef0278801a3634200d-250si.jpg\"},\"sameAs\":[\"https:\\\/\\\/lavanguardiadecuenca.es\\\/\"]},{\"@type\":\"Person\",\"@id\":\"https:\\\/\\\/lavanguardiadecuenca.es\\\/#\\\/schema\\\/person\\\/533d101fbc2a9ecf6af26aeddcaf1abd\",\"name\":\"admin6567\",\"image\":{\"@type\":\"ImageObject\",\"inLanguage\":\"es\",\"@id\":\"https:\\\/\\\/secure.gravatar.com\\\/avatar\\\/79503df8b75d394ce1e22cb5293c3e8fee42d212f6de88e2d65bfaa128f73542?s=96&d=mm&r=g\",\"url\":\"https:\\\/\\\/secure.gravatar.com\\\/avatar\\\/79503df8b75d394ce1e22cb5293c3e8fee42d212f6de88e2d65bfaa128f73542?s=96&d=mm&r=g\",\"contentUrl\":\"https:\\\/\\\/secure.gravatar.com\\\/avatar\\\/79503df8b75d394ce1e22cb5293c3e8fee42d212f6de88e2d65bfaa128f73542?s=96&d=mm&r=g\",\"caption\":\"admin6567\"},\"sameAs\":[\"http:\\\/\\\/lavanguardiadecuenca.es\"],\"url\":\"https:\\\/\\\/lavanguardiadecuenca.es\\\/?author=1\"}]}<\/script>\n<!-- \/ Yoast SEO plugin. -->","yoast_head_json":{"title":"Autonom\u00edas, un lujo insostenible (por Miguel Massanet Bosch) - La Vanguardia de Cuenca","robots":{"index":"index","follow":"follow","max-snippet":"max-snippet:-1","max-image-preview":"max-image-preview:large","max-video-preview":"max-video-preview:-1"},"canonical":"https:\/\/lavanguardiadecuenca.es\/?p=3780","og_locale":"es_ES","og_type":"article","og_title":"Autonom\u00edas, un lujo insostenible (por Miguel Massanet Bosch) - La Vanguardia de Cuenca","og_description":"Juan Jacobo Rouseau, en su Contrato Social nos leg\u00f3 lo siguiente: \u201cUna previsi\u00f3n muy necesaria es saber que no se puede prever todo\u201d. Y este pensamiento, con toda seguridad, ser\u00eda aplicable a los padres de nuestra Constituci\u00f3n de 1.978; cuando trataron el espinoso tema de la divisi\u00f3n del territorio espa\u00f1ol en autonom\u00edas, en sustituci\u00f3n de...","og_url":"https:\/\/lavanguardiadecuenca.es\/?p=3780","og_site_name":"La Vanguardia de Cuenca","article_published_time":"2011-12-08T19:47:48+00:00","author":"admin6567","twitter_card":"summary_large_image","twitter_misc":{"Escrito por":"admin6567","Tiempo de lectura":"7 minutos"},"schema":{"@context":"https:\/\/schema.org","@graph":[{"@type":"Article","@id":"https:\/\/lavanguardiadecuenca.es\/?p=3780#article","isPartOf":{"@id":"https:\/\/lavanguardiadecuenca.es\/?p=3780"},"author":{"name":"admin6567","@id":"https:\/\/lavanguardiadecuenca.es\/#\/schema\/person\/533d101fbc2a9ecf6af26aeddcaf1abd"},"headline":"Autonom\u00edas, un lujo insostenible (por Miguel Massanet Bosch)","datePublished":"2011-12-08T19:47:48+00:00","mainEntityOfPage":{"@id":"https:\/\/lavanguardiadecuenca.es\/?p=3780"},"wordCount":1367,"commentCount":0,"publisher":{"@id":"https:\/\/lavanguardiadecuenca.es\/#\/schema\/person\/efd3b99fe10ec3fad96a88f3ae7d092f"},"articleSection":["Actualidad","Administraci\u00f3n P\u00fablica","Econom\u00eda","Historia","Pensamiento pol\u00edtico","Pol\u00edtica"],"inLanguage":"es","potentialAction":[{"@type":"CommentAction","name":"Comment","target":["https:\/\/lavanguardiadecuenca.es\/?p=3780#respond"]}]},{"@type":"WebPage","@id":"https:\/\/lavanguardiadecuenca.es\/?p=3780","url":"https:\/\/lavanguardiadecuenca.es\/?p=3780","name":"Autonom\u00edas, un lujo insostenible (por Miguel Massanet Bosch) - La Vanguardia de Cuenca","isPartOf":{"@id":"https:\/\/lavanguardiadecuenca.es\/#website"},"datePublished":"2011-12-08T19:47:48+00:00","breadcrumb":{"@id":"https:\/\/lavanguardiadecuenca.es\/?p=3780#breadcrumb"},"inLanguage":"es","potentialAction":[{"@type":"ReadAction","target":["https:\/\/lavanguardiadecuenca.es\/?p=3780"]}]},{"@type":"BreadcrumbList","@id":"https:\/\/lavanguardiadecuenca.es\/?p=3780#breadcrumb","itemListElement":[{"@type":"ListItem","position":1,"name":"Portada","item":"https:\/\/lavanguardiadecuenca.es\/"},{"@type":"ListItem","position":2,"name":"Autonom\u00edas, un lujo insostenible (por Miguel Massanet Bosch)"}]},{"@type":"WebSite","@id":"https:\/\/lavanguardiadecuenca.es\/#website","url":"https:\/\/lavanguardiadecuenca.es\/","name":"La Vanguardia de Cuenca","description":"Intereses: comunicaci\u00f3n y actualidad en general, weblogs, sociedad, pol\u00edtica","publisher":{"@id":"https:\/\/lavanguardiadecuenca.es\/#\/schema\/person\/efd3b99fe10ec3fad96a88f3ae7d092f"},"potentialAction":[{"@type":"SearchAction","target":{"@type":"EntryPoint","urlTemplate":"https:\/\/lavanguardiadecuenca.es\/?s={search_term_string}"},"query-input":{"@type":"PropertyValueSpecification","valueRequired":true,"valueName":"search_term_string"}}],"inLanguage":"es"},{"@type":["Person","Organization"],"@id":"https:\/\/lavanguardiadecuenca.es\/#\/schema\/person\/efd3b99fe10ec3fad96a88f3ae7d092f","name":"Juan Andr\u00e9s Buedo","image":{"@type":"ImageObject","inLanguage":"es","@id":"https:\/\/lavanguardiadecuenca.es\/wp-content\/uploads\/2025\/09\/6a00d8341c734753ef0278801a3634200d-250si.jpg","url":"https:\/\/lavanguardiadecuenca.es\/wp-content\/uploads\/2025\/09\/6a00d8341c734753ef0278801a3634200d-250si.jpg","contentUrl":"https:\/\/lavanguardiadecuenca.es\/wp-content\/uploads\/2025\/09\/6a00d8341c734753ef0278801a3634200d-250si.jpg","width":250,"height":250,"caption":"Juan Andr\u00e9s Buedo"},"logo":{"@id":"https:\/\/lavanguardiadecuenca.es\/wp-content\/uploads\/2025\/09\/6a00d8341c734753ef0278801a3634200d-250si.jpg"},"sameAs":["https:\/\/lavanguardiadecuenca.es\/"]},{"@type":"Person","@id":"https:\/\/lavanguardiadecuenca.es\/#\/schema\/person\/533d101fbc2a9ecf6af26aeddcaf1abd","name":"admin6567","image":{"@type":"ImageObject","inLanguage":"es","@id":"https:\/\/secure.gravatar.com\/avatar\/79503df8b75d394ce1e22cb5293c3e8fee42d212f6de88e2d65bfaa128f73542?s=96&d=mm&r=g","url":"https:\/\/secure.gravatar.com\/avatar\/79503df8b75d394ce1e22cb5293c3e8fee42d212f6de88e2d65bfaa128f73542?s=96&d=mm&r=g","contentUrl":"https:\/\/secure.gravatar.com\/avatar\/79503df8b75d394ce1e22cb5293c3e8fee42d212f6de88e2d65bfaa128f73542?s=96&d=mm&r=g","caption":"admin6567"},"sameAs":["http:\/\/lavanguardiadecuenca.es"],"url":"https:\/\/lavanguardiadecuenca.es\/?author=1"}]}},"_links":{"self":[{"href":"https:\/\/lavanguardiadecuenca.es\/index.php?rest_route=\/wp\/v2\/posts\/3780","targetHints":{"allow":["GET"]}}],"collection":[{"href":"https:\/\/lavanguardiadecuenca.es\/index.php?rest_route=\/wp\/v2\/posts"}],"about":[{"href":"https:\/\/lavanguardiadecuenca.es\/index.php?rest_route=\/wp\/v2\/types\/post"}],"author":[{"embeddable":true,"href":"https:\/\/lavanguardiadecuenca.es\/index.php?rest_route=\/wp\/v2\/users\/1"}],"replies":[{"embeddable":true,"href":"https:\/\/lavanguardiadecuenca.es\/index.php?rest_route=%2Fwp%2Fv2%2Fcomments&post=3780"}],"version-history":[{"count":0,"href":"https:\/\/lavanguardiadecuenca.es\/index.php?rest_route=\/wp\/v2\/posts\/3780\/revisions"}],"wp:attachment":[{"href":"https:\/\/lavanguardiadecuenca.es\/index.php?rest_route=%2Fwp%2Fv2%2Fmedia&parent=3780"}],"wp:term":[{"taxonomy":"category","embeddable":true,"href":"https:\/\/lavanguardiadecuenca.es\/index.php?rest_route=%2Fwp%2Fv2%2Fcategories&post=3780"},{"taxonomy":"post_tag","embeddable":true,"href":"https:\/\/lavanguardiadecuenca.es\/index.php?rest_route=%2Fwp%2Fv2%2Ftags&post=3780"}],"curies":[{"name":"wp","href":"https:\/\/api.w.org\/{rel}","templated":true}]}}