{"id":3776,"date":"2011-12-10T12:52:49","date_gmt":"2011-12-10T12:52:49","guid":{"rendered":"https:\/\/lavanguardiadecuenca.es\/?p=3776"},"modified":"2011-12-10T12:52:49","modified_gmt":"2011-12-10T12:52:49","slug":"espana-pinta-poco-en-la-ue-y-nada-en-america-por-pablo-sebastian","status":"publish","type":"post","link":"https:\/\/lavanguardiadecuenca.es\/?p=3776","title":{"rendered":"Espa\u00f1a pinta poco en la UE, y nada en Am\u00e9rica (por Pablo Sebasti\u00e1n)"},"content":{"rendered":"<p style=\"text-align: justify;\"><a href=\"http:\/\/jabuedo.typepad.com\/.a\/6a00d8341c734753ef0154381fd2bb970c-pi\" style=\"float: left;\"><img decoding=\"async\" alt=\"Pablo_sebastian\" border=\"0\" class=\"asset  asset-image at-xid-6a00d8341c734753ef0154381fd2bb970c\" src=\"https:\/\/jabuedo.typepad.com\/.a\/6a00d8341c734753ef0154381fd2bb970c-800wi\" style=\"margin: 0px 5px 5px 0px;\" title=\"Pablo_sebastian\" \/><\/a>Pablo Sebasti\u00e1n (Publicado en <em>Republica.com<\/em>, <a href=\"http:\/\/www.republica.com\/2011\/12\/09\/espana-pinta-poco-en-la-ue-y-nada-en-america_423581\/\" target=\"_self\">aqu\u00ed<\/a>)<\/p>\n<p style=\"text-align: justify;\">Los espa\u00f1oles hemos pintado poco en la cumbre de la UE pero hemos salvado los muebles de la deuda soberana y de la crisis financiera -toquemos madera- y nos hemos subido al tren que conducen Merkel y Sarkozy, aunque dicho sea de paso por ahora sin haber pagado el billete de primera clase porque en Espa\u00f1a queda mucho por hacer. Incluso Madrid se ha quedado fuera de derecho de veto para los fondos financieros (lo que logr\u00f3 Italia). Y todav\u00eda debemos dar las gracias a la se\u00f1ora Merkel por hacer la vista gorda y permitir al BCE que compre deuda espa\u00f1ola y le d\u00e9 dinero a nuestros bancos. Y esta penosa situaci\u00f3n de Espa\u00f1a en Europa y en el mundo se la debemos en buena parte a Zapatero, el que para colmo estar\u00e1 contento porque se va de la Moncloa sin que le haya estallado la quiebra de Espa\u00f1a en las manos y por ello no estamos en la zona de rescate como Grecia, Irlanda y Portugal.<\/p>\n<p style=\"text-align: justify;\">Menudo papel\u00f3n ha hecho Zapatero en Espa\u00f1a y en la UE. Al final el \u201ctruco\u201d de la reforma constitucional de urgencia le servir\u00e1 al fracasado presidente espa\u00f1ol para decir que con ello se enga\u00f1\u00f3 a los mercados -lo que no es verdad- y se salv\u00f3 a Espa\u00f1a de la quiebra, lo que tampoco es cierto. Porque al \u00fanico que enga\u00f1\u00f3 fue a su candidato Rubalcaba y a Espa\u00f1a nos salv\u00f3 la crisis de Italia, cuyos problemas unidos a los espa\u00f1oles amenazaban el fin del euro. Pero dicho esto hay que reconocer que Zapatero, asustado, ha hecho lo imposible para salir ileso de la Moncloa aunque ha dejado el pa\u00eds hecho unos zorros y a su partido el <a href=\"http:\/\/www.psoe.es\/ambito\/actualidad\/home.do\" rel=\"external\" target=\"_blank\" title=\"PSOE\">PSOE<\/a> en una seria trifulca en la que ZP todav\u00eda quiere decir su \u00faltima palabra y vengar las afrentas y desprecios que le hizo Rubalcaba (al sacarlo de la campa\u00f1a electoral, y echando a Chac\u00f3n de las primarias).<\/p>\n<p style=\"text-align: justify;\">Lo cierto es que Espa\u00f1a no pinta nada en Europa ni en Am\u00e9rica. La \u00faltima cumbre Iberoamericana fue un rotundo fracaso y ya veremos si la \u00faltima porque ahora tanto Espa\u00f1a como Portugal no est\u00e1n para presumir de naciones puentes con la UE. En cuanto a las relaciones con <a href=\"http:\/\/www.usa.gov\/gobiernousa\/\" rel=\"external\" target=\"_blank\" title=\"Estados Unidos\">Estados Unidos<\/a> Zapatero pas\u00f3 de retirar las tropas de Irak por las bravas a tragarse el escudo de misiles en el territorio espa\u00f1ol, por las bravas tambi\u00e9n. Pero siendo esto as\u00ed no har\u00eda bien el<a href=\"http:\/\/www.pp.es\/\" rel=\"external\" target=\"_blank\" title=\"PP\"> PP<\/a> de presumir de los tiempos de cuando Aznar se fumaba puros con Bush poniendo los pies encima de una mesa en Canad\u00e1, porque esas tonter\u00edas y su foto de las Azores con Bush y con Blair nos alej\u00f3 de Europa, nos meti\u00f3 en una guerra ilegal en Irak donde han muerto miles de inocentes y nos trajo a Espa\u00f1a el atentado isl\u00e1mico de Madrid con 200 muertos y miles de heridos.<\/p>\n<p style=\"text-align: justify;\">Y adem\u00e1s todo ello llev\u00f3 al PP a la derrota y coloc\u00f3 a Zapatero en la Moncloa, lo que fue todo un regalo y una gracia de Aznar.<\/p>\n<p style=\"text-align: justify;\">Ahora bien la diplomacia de Zapatero, con Moratinos y Trinidad y su inefable \u201cAlianza de Civilizaciones\u201d ha sido el fiel espejo en el mundo la inconsistencia y la levedad de este presidente \u2013al que tanto admira Jos\u00e9 Bono- que deja el pa\u00eds en la ruina y a Espa\u00f1a en el vag\u00f3n de cola del tren europeo de la uni\u00f3n fiscal que acaba de arrancar.<\/p>\n<p style=\"text-align: justify;\">Ha dicho el brit\u00e1nico Cameron, con franca descortes\u00eda y p\u00e9sima educaci\u00f3n, que \u201cest\u00e1 feliz fuera del euro\u201d. Pues bien Zapatero est\u00e1 feliz de no haber sido expulsado del euro y de pensar que solo le quedan doce d\u00edas para abandonar la Moncloa, antes de que ocurra alguna desgracia mas. Y nosotros estaremos muy felices de que se vaya de una vez a descansar o a poner patas arriba el Consejo de Estado, que es donde recalar\u00e1.<\/p>\n","protected":false},"excerpt":{"rendered":"<p>Pablo Sebasti\u00e1n (Publicado en Republica.com, aqu\u00ed) Los espa\u00f1oles hemos pintado poco en la cumbre de la UE pero hemos salvado los muebles de la deuda soberana y de la crisis financiera -toquemos madera- y nos hemos subido al tren que conducen Merkel y Sarkozy, aunque dicho sea de paso por ahora sin haber pagado el&#8230;<\/p>\n","protected":false},"author":1,"featured_media":0,"comment_status":"open","ping_status":"open","sticky":false,"template":"","format":"standard","meta":{"rop_custom_images_group":[],"rop_custom_messages_group":[],"rop_publish_now":"initial","rop_publish_now_accounts":[],"rop_publish_now_history":[],"rop_publish_now_status":"pending","footnotes":""},"categories":[2,6,15,16],"tags":[],"class_list":["post-3776","post","type-post","status-publish","format-standard","hentry","category-actualidad","category-historia","category-pensamiento-politico","category-politica"],"yoast_head":"<!-- This site is optimized with the Yoast SEO plugin v27.5 - https:\/\/yoast.com\/product\/yoast-seo-wordpress\/ -->\n<title>Espa\u00f1a pinta poco en la UE, y nada en Am\u00e9rica (por Pablo Sebasti\u00e1n) - La Vanguardia de Cuenca<\/title>\n<meta name=\"robots\" content=\"index, follow, max-snippet:-1, max-image-preview:large, max-video-preview:-1\" \/>\n<link rel=\"canonical\" href=\"https:\/\/lavanguardiadecuenca.es\/?p=3776\" \/>\n<meta property=\"og:locale\" content=\"es_ES\" \/>\n<meta property=\"og:type\" content=\"article\" \/>\n<meta property=\"og:title\" content=\"Espa\u00f1a pinta poco en la UE, y nada en Am\u00e9rica (por Pablo Sebasti\u00e1n) - La Vanguardia de Cuenca\" \/>\n<meta property=\"og:description\" content=\"Pablo Sebasti\u00e1n (Publicado en Republica.com, aqu\u00ed) Los espa\u00f1oles hemos pintado poco en la cumbre de la UE pero hemos salvado los muebles de la deuda soberana y de la crisis financiera -toquemos madera- y nos hemos subido al tren que conducen Merkel y Sarkozy, aunque dicho sea de paso por ahora sin haber pagado el...\" \/>\n<meta property=\"og:url\" content=\"https:\/\/lavanguardiadecuenca.es\/?p=3776\" \/>\n<meta property=\"og:site_name\" content=\"La Vanguardia de Cuenca\" \/>\n<meta property=\"article:published_time\" content=\"2011-12-10T12:52:49+00:00\" \/>\n<meta property=\"og:image\" content=\"https:\/\/jabuedo.typepad.com\/.a\/6a00d8341c734753ef0154381fd2bb970c-800wi\" \/>\n<meta name=\"author\" content=\"admin6567\" \/>\n<meta name=\"twitter:card\" content=\"summary_large_image\" \/>\n<meta name=\"twitter:label1\" content=\"Escrito por\" \/>\n\t<meta name=\"twitter:data1\" content=\"admin6567\" \/>\n\t<meta name=\"twitter:label2\" content=\"Tiempo de lectura\" \/>\n\t<meta name=\"twitter:data2\" content=\"3 minutos\" \/>\n<script type=\"application\/ld+json\" class=\"yoast-schema-graph\">{\"@context\":\"https:\\\/\\\/schema.org\",\"@graph\":[{\"@type\":\"Article\",\"@id\":\"https:\\\/\\\/lavanguardiadecuenca.es\\\/?p=3776#article\",\"isPartOf\":{\"@id\":\"https:\\\/\\\/lavanguardiadecuenca.es\\\/?p=3776\"},\"author\":{\"name\":\"admin6567\",\"@id\":\"https:\\\/\\\/lavanguardiadecuenca.es\\\/#\\\/schema\\\/person\\\/533d101fbc2a9ecf6af26aeddcaf1abd\"},\"headline\":\"Espa\u00f1a pinta poco en la UE, y nada en Am\u00e9rica (por Pablo Sebasti\u00e1n)\",\"datePublished\":\"2011-12-10T12:52:49+00:00\",\"mainEntityOfPage\":{\"@id\":\"https:\\\/\\\/lavanguardiadecuenca.es\\\/?p=3776\"},\"wordCount\":707,\"commentCount\":0,\"publisher\":{\"@id\":\"https:\\\/\\\/lavanguardiadecuenca.es\\\/#\\\/schema\\\/person\\\/efd3b99fe10ec3fad96a88f3ae7d092f\"},\"image\":{\"@id\":\"https:\\\/\\\/lavanguardiadecuenca.es\\\/?p=3776#primaryimage\"},\"thumbnailUrl\":\"https:\\\/\\\/jabuedo.typepad.com\\\/.a\\\/6a00d8341c734753ef0154381fd2bb970c-800wi\",\"articleSection\":[\"Actualidad\",\"Historia\",\"Pensamiento pol\u00edtico\",\"Pol\u00edtica\"],\"inLanguage\":\"es\",\"potentialAction\":[{\"@type\":\"CommentAction\",\"name\":\"Comment\",\"target\":[\"https:\\\/\\\/lavanguardiadecuenca.es\\\/?p=3776#respond\"]}]},{\"@type\":\"WebPage\",\"@id\":\"https:\\\/\\\/lavanguardiadecuenca.es\\\/?p=3776\",\"url\":\"https:\\\/\\\/lavanguardiadecuenca.es\\\/?p=3776\",\"name\":\"Espa\u00f1a pinta poco en la UE, y nada en Am\u00e9rica (por Pablo Sebasti\u00e1n) - La Vanguardia de Cuenca\",\"isPartOf\":{\"@id\":\"https:\\\/\\\/lavanguardiadecuenca.es\\\/#website\"},\"primaryImageOfPage\":{\"@id\":\"https:\\\/\\\/lavanguardiadecuenca.es\\\/?p=3776#primaryimage\"},\"image\":{\"@id\":\"https:\\\/\\\/lavanguardiadecuenca.es\\\/?p=3776#primaryimage\"},\"thumbnailUrl\":\"https:\\\/\\\/jabuedo.typepad.com\\\/.a\\\/6a00d8341c734753ef0154381fd2bb970c-800wi\",\"datePublished\":\"2011-12-10T12:52:49+00:00\",\"breadcrumb\":{\"@id\":\"https:\\\/\\\/lavanguardiadecuenca.es\\\/?p=3776#breadcrumb\"},\"inLanguage\":\"es\",\"potentialAction\":[{\"@type\":\"ReadAction\",\"target\":[\"https:\\\/\\\/lavanguardiadecuenca.es\\\/?p=3776\"]}]},{\"@type\":\"ImageObject\",\"inLanguage\":\"es\",\"@id\":\"https:\\\/\\\/lavanguardiadecuenca.es\\\/?p=3776#primaryimage\",\"url\":\"https:\\\/\\\/jabuedo.typepad.com\\\/.a\\\/6a00d8341c734753ef0154381fd2bb970c-800wi\",\"contentUrl\":\"https:\\\/\\\/jabuedo.typepad.com\\\/.a\\\/6a00d8341c734753ef0154381fd2bb970c-800wi\"},{\"@type\":\"BreadcrumbList\",\"@id\":\"https:\\\/\\\/lavanguardiadecuenca.es\\\/?p=3776#breadcrumb\",\"itemListElement\":[{\"@type\":\"ListItem\",\"position\":1,\"name\":\"Portada\",\"item\":\"https:\\\/\\\/lavanguardiadecuenca.es\\\/\"},{\"@type\":\"ListItem\",\"position\":2,\"name\":\"Espa\u00f1a pinta poco en la UE, y nada en Am\u00e9rica (por Pablo Sebasti\u00e1n)\"}]},{\"@type\":\"WebSite\",\"@id\":\"https:\\\/\\\/lavanguardiadecuenca.es\\\/#website\",\"url\":\"https:\\\/\\\/lavanguardiadecuenca.es\\\/\",\"name\":\"La Vanguardia de Cuenca\",\"description\":\"Intereses: comunicaci\u00f3n y actualidad en general, weblogs, sociedad, pol\u00edtica\",\"publisher\":{\"@id\":\"https:\\\/\\\/lavanguardiadecuenca.es\\\/#\\\/schema\\\/person\\\/efd3b99fe10ec3fad96a88f3ae7d092f\"},\"potentialAction\":[{\"@type\":\"SearchAction\",\"target\":{\"@type\":\"EntryPoint\",\"urlTemplate\":\"https:\\\/\\\/lavanguardiadecuenca.es\\\/?s={search_term_string}\"},\"query-input\":{\"@type\":\"PropertyValueSpecification\",\"valueRequired\":true,\"valueName\":\"search_term_string\"}}],\"inLanguage\":\"es\"},{\"@type\":[\"Person\",\"Organization\"],\"@id\":\"https:\\\/\\\/lavanguardiadecuenca.es\\\/#\\\/schema\\\/person\\\/efd3b99fe10ec3fad96a88f3ae7d092f\",\"name\":\"Juan Andr\u00e9s Buedo\",\"image\":{\"@type\":\"ImageObject\",\"inLanguage\":\"es\",\"@id\":\"https:\\\/\\\/lavanguardiadecuenca.es\\\/wp-content\\\/uploads\\\/2025\\\/09\\\/6a00d8341c734753ef0278801a3634200d-250si.jpg\",\"url\":\"https:\\\/\\\/lavanguardiadecuenca.es\\\/wp-content\\\/uploads\\\/2025\\\/09\\\/6a00d8341c734753ef0278801a3634200d-250si.jpg\",\"contentUrl\":\"https:\\\/\\\/lavanguardiadecuenca.es\\\/wp-content\\\/uploads\\\/2025\\\/09\\\/6a00d8341c734753ef0278801a3634200d-250si.jpg\",\"width\":250,\"height\":250,\"caption\":\"Juan Andr\u00e9s Buedo\"},\"logo\":{\"@id\":\"https:\\\/\\\/lavanguardiadecuenca.es\\\/wp-content\\\/uploads\\\/2025\\\/09\\\/6a00d8341c734753ef0278801a3634200d-250si.jpg\"},\"sameAs\":[\"https:\\\/\\\/lavanguardiadecuenca.es\\\/\"]},{\"@type\":\"Person\",\"@id\":\"https:\\\/\\\/lavanguardiadecuenca.es\\\/#\\\/schema\\\/person\\\/533d101fbc2a9ecf6af26aeddcaf1abd\",\"name\":\"admin6567\",\"image\":{\"@type\":\"ImageObject\",\"inLanguage\":\"es\",\"@id\":\"https:\\\/\\\/secure.gravatar.com\\\/avatar\\\/79503df8b75d394ce1e22cb5293c3e8fee42d212f6de88e2d65bfaa128f73542?s=96&d=mm&r=g\",\"url\":\"https:\\\/\\\/secure.gravatar.com\\\/avatar\\\/79503df8b75d394ce1e22cb5293c3e8fee42d212f6de88e2d65bfaa128f73542?s=96&d=mm&r=g\",\"contentUrl\":\"https:\\\/\\\/secure.gravatar.com\\\/avatar\\\/79503df8b75d394ce1e22cb5293c3e8fee42d212f6de88e2d65bfaa128f73542?s=96&d=mm&r=g\",\"caption\":\"admin6567\"},\"sameAs\":[\"http:\\\/\\\/lavanguardiadecuenca.es\"],\"url\":\"https:\\\/\\\/lavanguardiadecuenca.es\\\/?author=1\"}]}<\/script>\n<!-- \/ Yoast SEO plugin. -->","yoast_head_json":{"title":"Espa\u00f1a pinta poco en la UE, y nada en Am\u00e9rica (por Pablo Sebasti\u00e1n) - La Vanguardia de Cuenca","robots":{"index":"index","follow":"follow","max-snippet":"max-snippet:-1","max-image-preview":"max-image-preview:large","max-video-preview":"max-video-preview:-1"},"canonical":"https:\/\/lavanguardiadecuenca.es\/?p=3776","og_locale":"es_ES","og_type":"article","og_title":"Espa\u00f1a pinta poco en la UE, y nada en Am\u00e9rica (por Pablo Sebasti\u00e1n) - La Vanguardia de Cuenca","og_description":"Pablo Sebasti\u00e1n (Publicado en Republica.com, aqu\u00ed) Los espa\u00f1oles hemos pintado poco en la cumbre de la UE pero hemos salvado los muebles de la deuda soberana y de la crisis financiera -toquemos madera- y nos hemos subido al tren que conducen Merkel y Sarkozy, aunque dicho sea de paso por ahora sin haber pagado el...","og_url":"https:\/\/lavanguardiadecuenca.es\/?p=3776","og_site_name":"La Vanguardia de Cuenca","article_published_time":"2011-12-10T12:52:49+00:00","og_image":[{"url":"https:\/\/jabuedo.typepad.com\/.a\/6a00d8341c734753ef0154381fd2bb970c-800wi","type":"","width":"","height":""}],"author":"admin6567","twitter_card":"summary_large_image","twitter_misc":{"Escrito por":"admin6567","Tiempo de lectura":"3 minutos"},"schema":{"@context":"https:\/\/schema.org","@graph":[{"@type":"Article","@id":"https:\/\/lavanguardiadecuenca.es\/?p=3776#article","isPartOf":{"@id":"https:\/\/lavanguardiadecuenca.es\/?p=3776"},"author":{"name":"admin6567","@id":"https:\/\/lavanguardiadecuenca.es\/#\/schema\/person\/533d101fbc2a9ecf6af26aeddcaf1abd"},"headline":"Espa\u00f1a pinta poco en la UE, y nada en Am\u00e9rica (por Pablo Sebasti\u00e1n)","datePublished":"2011-12-10T12:52:49+00:00","mainEntityOfPage":{"@id":"https:\/\/lavanguardiadecuenca.es\/?p=3776"},"wordCount":707,"commentCount":0,"publisher":{"@id":"https:\/\/lavanguardiadecuenca.es\/#\/schema\/person\/efd3b99fe10ec3fad96a88f3ae7d092f"},"image":{"@id":"https:\/\/lavanguardiadecuenca.es\/?p=3776#primaryimage"},"thumbnailUrl":"https:\/\/jabuedo.typepad.com\/.a\/6a00d8341c734753ef0154381fd2bb970c-800wi","articleSection":["Actualidad","Historia","Pensamiento pol\u00edtico","Pol\u00edtica"],"inLanguage":"es","potentialAction":[{"@type":"CommentAction","name":"Comment","target":["https:\/\/lavanguardiadecuenca.es\/?p=3776#respond"]}]},{"@type":"WebPage","@id":"https:\/\/lavanguardiadecuenca.es\/?p=3776","url":"https:\/\/lavanguardiadecuenca.es\/?p=3776","name":"Espa\u00f1a pinta poco en la UE, y nada en Am\u00e9rica (por Pablo Sebasti\u00e1n) - La Vanguardia de Cuenca","isPartOf":{"@id":"https:\/\/lavanguardiadecuenca.es\/#website"},"primaryImageOfPage":{"@id":"https:\/\/lavanguardiadecuenca.es\/?p=3776#primaryimage"},"image":{"@id":"https:\/\/lavanguardiadecuenca.es\/?p=3776#primaryimage"},"thumbnailUrl":"https:\/\/jabuedo.typepad.com\/.a\/6a00d8341c734753ef0154381fd2bb970c-800wi","datePublished":"2011-12-10T12:52:49+00:00","breadcrumb":{"@id":"https:\/\/lavanguardiadecuenca.es\/?p=3776#breadcrumb"},"inLanguage":"es","potentialAction":[{"@type":"ReadAction","target":["https:\/\/lavanguardiadecuenca.es\/?p=3776"]}]},{"@type":"ImageObject","inLanguage":"es","@id":"https:\/\/lavanguardiadecuenca.es\/?p=3776#primaryimage","url":"https:\/\/jabuedo.typepad.com\/.a\/6a00d8341c734753ef0154381fd2bb970c-800wi","contentUrl":"https:\/\/jabuedo.typepad.com\/.a\/6a00d8341c734753ef0154381fd2bb970c-800wi"},{"@type":"BreadcrumbList","@id":"https:\/\/lavanguardiadecuenca.es\/?p=3776#breadcrumb","itemListElement":[{"@type":"ListItem","position":1,"name":"Portada","item":"https:\/\/lavanguardiadecuenca.es\/"},{"@type":"ListItem","position":2,"name":"Espa\u00f1a pinta poco en la UE, y nada en Am\u00e9rica (por Pablo Sebasti\u00e1n)"}]},{"@type":"WebSite","@id":"https:\/\/lavanguardiadecuenca.es\/#website","url":"https:\/\/lavanguardiadecuenca.es\/","name":"La Vanguardia de Cuenca","description":"Intereses: comunicaci\u00f3n y actualidad en general, weblogs, sociedad, pol\u00edtica","publisher":{"@id":"https:\/\/lavanguardiadecuenca.es\/#\/schema\/person\/efd3b99fe10ec3fad96a88f3ae7d092f"},"potentialAction":[{"@type":"SearchAction","target":{"@type":"EntryPoint","urlTemplate":"https:\/\/lavanguardiadecuenca.es\/?s={search_term_string}"},"query-input":{"@type":"PropertyValueSpecification","valueRequired":true,"valueName":"search_term_string"}}],"inLanguage":"es"},{"@type":["Person","Organization"],"@id":"https:\/\/lavanguardiadecuenca.es\/#\/schema\/person\/efd3b99fe10ec3fad96a88f3ae7d092f","name":"Juan Andr\u00e9s Buedo","image":{"@type":"ImageObject","inLanguage":"es","@id":"https:\/\/lavanguardiadecuenca.es\/wp-content\/uploads\/2025\/09\/6a00d8341c734753ef0278801a3634200d-250si.jpg","url":"https:\/\/lavanguardiadecuenca.es\/wp-content\/uploads\/2025\/09\/6a00d8341c734753ef0278801a3634200d-250si.jpg","contentUrl":"https:\/\/lavanguardiadecuenca.es\/wp-content\/uploads\/2025\/09\/6a00d8341c734753ef0278801a3634200d-250si.jpg","width":250,"height":250,"caption":"Juan Andr\u00e9s Buedo"},"logo":{"@id":"https:\/\/lavanguardiadecuenca.es\/wp-content\/uploads\/2025\/09\/6a00d8341c734753ef0278801a3634200d-250si.jpg"},"sameAs":["https:\/\/lavanguardiadecuenca.es\/"]},{"@type":"Person","@id":"https:\/\/lavanguardiadecuenca.es\/#\/schema\/person\/533d101fbc2a9ecf6af26aeddcaf1abd","name":"admin6567","image":{"@type":"ImageObject","inLanguage":"es","@id":"https:\/\/secure.gravatar.com\/avatar\/79503df8b75d394ce1e22cb5293c3e8fee42d212f6de88e2d65bfaa128f73542?s=96&d=mm&r=g","url":"https:\/\/secure.gravatar.com\/avatar\/79503df8b75d394ce1e22cb5293c3e8fee42d212f6de88e2d65bfaa128f73542?s=96&d=mm&r=g","contentUrl":"https:\/\/secure.gravatar.com\/avatar\/79503df8b75d394ce1e22cb5293c3e8fee42d212f6de88e2d65bfaa128f73542?s=96&d=mm&r=g","caption":"admin6567"},"sameAs":["http:\/\/lavanguardiadecuenca.es"],"url":"https:\/\/lavanguardiadecuenca.es\/?author=1"}]}},"_links":{"self":[{"href":"https:\/\/lavanguardiadecuenca.es\/index.php?rest_route=\/wp\/v2\/posts\/3776","targetHints":{"allow":["GET"]}}],"collection":[{"href":"https:\/\/lavanguardiadecuenca.es\/index.php?rest_route=\/wp\/v2\/posts"}],"about":[{"href":"https:\/\/lavanguardiadecuenca.es\/index.php?rest_route=\/wp\/v2\/types\/post"}],"author":[{"embeddable":true,"href":"https:\/\/lavanguardiadecuenca.es\/index.php?rest_route=\/wp\/v2\/users\/1"}],"replies":[{"embeddable":true,"href":"https:\/\/lavanguardiadecuenca.es\/index.php?rest_route=%2Fwp%2Fv2%2Fcomments&post=3776"}],"version-history":[{"count":0,"href":"https:\/\/lavanguardiadecuenca.es\/index.php?rest_route=\/wp\/v2\/posts\/3776\/revisions"}],"wp:attachment":[{"href":"https:\/\/lavanguardiadecuenca.es\/index.php?rest_route=%2Fwp%2Fv2%2Fmedia&parent=3776"}],"wp:term":[{"taxonomy":"category","embeddable":true,"href":"https:\/\/lavanguardiadecuenca.es\/index.php?rest_route=%2Fwp%2Fv2%2Fcategories&post=3776"},{"taxonomy":"post_tag","embeddable":true,"href":"https:\/\/lavanguardiadecuenca.es\/index.php?rest_route=%2Fwp%2Fv2%2Ftags&post=3776"}],"curies":[{"name":"wp","href":"https:\/\/api.w.org\/{rel}","templated":true}]}}