{"id":3582,"date":"2012-02-20T19:59:52","date_gmt":"2012-02-20T19:59:52","guid":{"rendered":"https:\/\/lavanguardiadecuenca.es\/?p=3582"},"modified":"2012-02-20T19:59:52","modified_gmt":"2012-02-20T19:59:52","slug":"es-el-sistema-estupidos-por-gorka-maneiro","status":"publish","type":"post","link":"https:\/\/lavanguardiadecuenca.es\/?p=3582","title":{"rendered":"\u00abEs el sistema, est\u00fapidos\u00bb (por Gorka Maneiro)"},"content":{"rendered":"<div style=\"text-align: justify;\"><a href=\"http:\/\/jabuedo.typepad.com\/.a\/6a00d8341c734753ef016301b97d80970d-pi\" style=\"float: left;\"><img decoding=\"async\" alt=\"Maneiro\" border=\"0\" class=\"asset  asset-image at-xid-6a00d8341c734753ef016301b97d80970d image-full\" src=\"https:\/\/jabuedo.typepad.com\/.a\/6a00d8341c734753ef016301b97d80970d-800wi\" style=\"margin: 0px 5px 5px 0px;\" title=\"Maneiro\" \/><\/a>(art\u00edculo publicado en El Mundo el 19 de febrero de 2012 y en <em>El blog de Gorka Maneiro<\/em>, <a href=\"http:\/\/elblogdegorka.blogspot.com\/2012\/02\/es-el-sistema-estupidos.html\" target=\"_self\">aqu\u00ed<\/a>)<\/div>\n<div>\n<div style=\"text-align: justify;\">El 7 de noviembre de 2010, UPyD registr\u00f3 una iniciativa parlamentaria para interpelar al lehendakari sobre los prop\u00f3sitos del Gobierno Vasco para impulsar la modificaci\u00f3n de la Ley de Territorios Hist\u00f3ricos y, por ese camino, racionalizar el disparatado entramado institucional vasco. El lehendakari me respondi\u00f3 que \u201clo verdaderamente importante no es que ahora, porque s\u00ed, empecemos a poner en cuesti\u00f3n nuestras instituciones y nuestro modelo institucional\u201d sino \u201cevitar duplicidades, solapamientos y gastos innecesarios\u201d. El 9 de diciembre de 2010, registramos una moci\u00f3n solicitando al Gobierno la inclusi\u00f3n en el calendario legislativo del Proyecto de Ley de reforma de la Ley de Territorios Hist\u00f3ricos, al objeto de eliminar las duplicidades y las ineficiencias existentes en Euskadi. Los foralistas de toda la vida, es decir, PNV y PP, as\u00ed como los que tienen el miedo foral metido en el cuerpo, esto es, el Partido Socialista, votaron en contra. Y eso que tal prop\u00f3sito est\u00e1 incluido en el incumplido programa socialista. Sea como fuere, en aquel debate se acord\u00f3 instar al Gobierno a elaborar un informe que analizara las duplicidades en las que incurren las Administraciones P\u00fablicas Vascas. Y tal informe es el que pudimos conocer hace unos meses: 403 millones de euros el coste anual de la broma. El propio Lehendakari explic\u00f3 que el coste ser\u00eda mucho mayor. Al fin y al cabo, el informe no hab\u00eda podido analizar el conjunto de las instituciones (ya saben, las diputaciones no colaboraron) ni todas las pol\u00edticas p\u00fablicas. (Por cierto, \u00bfd\u00f3nde est\u00e1n y qui\u00e9nes son los responsables de este dispendio de dinero p\u00fablico?)<\/p>\n<p>A partir de ese informe, se acord\u00f3 en el Parlamento Vasco la constituci\u00f3n de una Comisi\u00f3n de estudio sobre duplicidades e ineficiencias existentes en el entramado institucional vasco. El dictamen ser\u00e1 debatido en Pleno. Nosotros ya sabemos qu\u00e9 tipo de arquitectura institucional necesitamos: aquella que mejor sirva a los intereses de los ciudadanos, la m\u00e1s eficaz, la m\u00e1s eficiente y la m\u00e1s igualitaria. Es decir, creemos que ya hay razones sobradamente conocidas y suficientes para modificar la Ley de Territorios Hist\u00f3ricos y reformar a fondo el entramado. No es razonable que una Comunidad Aut\u00f3noma como la vasca, con apenas dos millones de habitantes, tenga nada m\u00e1s y nada menos que cuatro parlamentos y tres haciendas forales. No es coherente que, en pleno siglo XXI y mientras se demuestra imprescindible una pol\u00edtica fiscal com\u00fan para el conjunto de la zona euro, tengamos aqu\u00ed tres pol\u00edticas fiscales distintas, una por cada territorio, y el absurdo resultante: el hecho que los vascos paguemos distintos impuestos en funci\u00f3n del territorio hist\u00f3rico donde residamos. No es entendible que Euskadi no tenga un Plan Conjunto de Lucha contra el Fraude Fiscal porque cada vez que se propone aparece el diputado general de turno bramando que la competencia de lucha contra el fraude es suya y s\u00f3lo suya. Podemos crear tantas comisiones y ponencias como sus se\u00f1or\u00edas propongan. Podemos hacer como que no conocemos el problema y seguir dando largas a las soluciones del mismo. Podemos calcular electoralmente si esto de denunciar este disparate nos da m\u00e1s o menos votos. La pregunta es si existe voluntad pol\u00edtica para cambiar las cosas y superar el conservadurismo de los inmovilistas.<\/p>\n<p>Parafraseando la famosa frase de James Carville, el estratega de Bill Clinton, podr\u00edamos decir que \u201ces el sistema, est\u00fapidos\u201d, \u00e9se es el problema. Es el propio entramado institucional vasco el que falla clamorosamente. Porque, lo que dice el estudio ya lo sab\u00edamos. Insisto: el asunto es si existe voluntad pol\u00edtica para cambiar las cosas. Y nosotros tenemos voluntad y una propuesta a discutir sobre el asunto. No basta mejorar la coordinaci\u00f3n entre las administraciones. Es necesario reformar la Constituci\u00f3n Espa\u00f1ola, el Estatuto de Gernika y la Ley de Territorios Hist\u00f3ricos. Debemos alcanzar una nueva distribuci\u00f3n competencial y, en todo caso, clarificarla. Debemos modernizarnos. No es s\u00f3lo que a nuestras administraciones les sobre grasa, sino que sobran administraciones. Las Diputaciones Forales deben ser suprimidas. Del mismo modo que no podemos tener tres de todo, tampoco podemos tener, porque no los necesitamos, nada menos que tres parlamentos forales que adem\u00e1s hagan oposici\u00f3n y competencia al Gobierno Vasco. Ni la oscura red clientelar de organismos p\u00fablicos que nos chupan la sangre para el beneficio de unos pocos. Y necesitamos una Ley Municipal que sit\u00fae a los ayuntamientos en el lugar que les corresponde, con competencias claras y autosuficiencia financiera. Mal que les pese a los conservadores, nuestro entramado institucional no es intocable: a los ciudadanos del siglo XXI nos toca cambiarlo. Me dec\u00eda el lehendakari el pasado d\u00eda 7 de noviembre de 2010 que \u201clo verdaderamente importante no es que ahora, porque s\u00ed, empecemos a poner en cuesti\u00f3n nuestras instituciones y nuestro modelo institucional\u201d sino \u201cevitar duplicidades, solapamientos y gastos innecesarios\u201d. No es \u201cporque s\u00ed\u201d, se\u00f1or Lehendakari. El modelo es inviable. Ahora hay que dar los pasos necesarios para reformarlo a fondo con un objetivo fundamental: servir mejor y de manera m\u00e1s igualitaria a los ciudadanos.<\/p><\/div>\n<\/div>\n","protected":false},"excerpt":{"rendered":"<p>(art\u00edculo publicado en El Mundo el 19 de febrero de 2012 y en El blog de Gorka Maneiro, aqu\u00ed) El 7 de noviembre de 2010, UPyD registr\u00f3 una iniciativa parlamentaria para interpelar al lehendakari sobre los prop\u00f3sitos del Gobierno Vasco para impulsar la modificaci\u00f3n de la Ley de Territorios Hist\u00f3ricos y, por ese camino, racionalizar&#8230;<\/p>\n","protected":false},"author":1,"featured_media":0,"comment_status":"open","ping_status":"open","sticky":false,"template":"","format":"standard","meta":{"rop_custom_images_group":[],"rop_custom_messages_group":[],"rop_publish_now":"initial","rop_publish_now_accounts":[],"rop_publish_now_history":[],"rop_publish_now_status":"pending","footnotes":""},"categories":[2,6,15,16],"tags":[],"class_list":["post-3582","post","type-post","status-publish","format-standard","hentry","category-actualidad","category-historia","category-pensamiento-politico","category-politica"],"yoast_head":"<!-- This site is optimized with the Yoast SEO plugin v27.5 - https:\/\/yoast.com\/product\/yoast-seo-wordpress\/ -->\n<title>&quot;Es el sistema, est\u00fapidos&quot; (por Gorka Maneiro) - La Vanguardia de Cuenca<\/title>\n<meta name=\"robots\" content=\"index, follow, max-snippet:-1, max-image-preview:large, max-video-preview:-1\" \/>\n<link rel=\"canonical\" href=\"https:\/\/lavanguardiadecuenca.es\/?p=3582\" \/>\n<meta property=\"og:locale\" content=\"es_ES\" \/>\n<meta property=\"og:type\" content=\"article\" \/>\n<meta property=\"og:title\" content=\"&quot;Es el sistema, est\u00fapidos&quot; (por Gorka Maneiro) - La Vanguardia de Cuenca\" \/>\n<meta property=\"og:description\" content=\"(art\u00edculo publicado en El Mundo el 19 de febrero de 2012 y en El blog de Gorka Maneiro, aqu\u00ed) El 7 de noviembre de 2010, UPyD registr\u00f3 una iniciativa parlamentaria para interpelar al lehendakari sobre los prop\u00f3sitos del Gobierno Vasco para impulsar la modificaci\u00f3n de la Ley de Territorios Hist\u00f3ricos y, por ese camino, racionalizar...\" \/>\n<meta property=\"og:url\" content=\"https:\/\/lavanguardiadecuenca.es\/?p=3582\" \/>\n<meta property=\"og:site_name\" content=\"La Vanguardia de Cuenca\" \/>\n<meta property=\"article:published_time\" content=\"2012-02-20T19:59:52+00:00\" \/>\n<meta property=\"og:image\" content=\"https:\/\/jabuedo.typepad.com\/.a\/6a00d8341c734753ef016301b97d80970d-800wi\" \/>\n<meta name=\"author\" content=\"admin6567\" \/>\n<meta name=\"twitter:card\" content=\"summary_large_image\" \/>\n<meta name=\"twitter:label1\" content=\"Escrito por\" \/>\n\t<meta name=\"twitter:data1\" content=\"admin6567\" \/>\n\t<meta name=\"twitter:label2\" content=\"Tiempo de lectura\" \/>\n\t<meta name=\"twitter:data2\" content=\"4 minutos\" \/>\n<script type=\"application\/ld+json\" class=\"yoast-schema-graph\">{\"@context\":\"https:\\\/\\\/schema.org\",\"@graph\":[{\"@type\":\"Article\",\"@id\":\"https:\\\/\\\/lavanguardiadecuenca.es\\\/?p=3582#article\",\"isPartOf\":{\"@id\":\"https:\\\/\\\/lavanguardiadecuenca.es\\\/?p=3582\"},\"author\":{\"name\":\"admin6567\",\"@id\":\"https:\\\/\\\/lavanguardiadecuenca.es\\\/#\\\/schema\\\/person\\\/533d101fbc2a9ecf6af26aeddcaf1abd\"},\"headline\":\"\u00abEs el sistema, est\u00fapidos\u00bb (por Gorka Maneiro)\",\"datePublished\":\"2012-02-20T19:59:52+00:00\",\"mainEntityOfPage\":{\"@id\":\"https:\\\/\\\/lavanguardiadecuenca.es\\\/?p=3582\"},\"wordCount\":895,\"commentCount\":0,\"publisher\":{\"@id\":\"https:\\\/\\\/lavanguardiadecuenca.es\\\/#\\\/schema\\\/person\\\/efd3b99fe10ec3fad96a88f3ae7d092f\"},\"image\":{\"@id\":\"https:\\\/\\\/lavanguardiadecuenca.es\\\/?p=3582#primaryimage\"},\"thumbnailUrl\":\"https:\\\/\\\/jabuedo.typepad.com\\\/.a\\\/6a00d8341c734753ef016301b97d80970d-800wi\",\"articleSection\":[\"Actualidad\",\"Historia\",\"Pensamiento pol\u00edtico\",\"Pol\u00edtica\"],\"inLanguage\":\"es\",\"potentialAction\":[{\"@type\":\"CommentAction\",\"name\":\"Comment\",\"target\":[\"https:\\\/\\\/lavanguardiadecuenca.es\\\/?p=3582#respond\"]}]},{\"@type\":\"WebPage\",\"@id\":\"https:\\\/\\\/lavanguardiadecuenca.es\\\/?p=3582\",\"url\":\"https:\\\/\\\/lavanguardiadecuenca.es\\\/?p=3582\",\"name\":\"\\\"Es el sistema, est\u00fapidos\\\" (por Gorka Maneiro) - La Vanguardia de Cuenca\",\"isPartOf\":{\"@id\":\"https:\\\/\\\/lavanguardiadecuenca.es\\\/#website\"},\"primaryImageOfPage\":{\"@id\":\"https:\\\/\\\/lavanguardiadecuenca.es\\\/?p=3582#primaryimage\"},\"image\":{\"@id\":\"https:\\\/\\\/lavanguardiadecuenca.es\\\/?p=3582#primaryimage\"},\"thumbnailUrl\":\"https:\\\/\\\/jabuedo.typepad.com\\\/.a\\\/6a00d8341c734753ef016301b97d80970d-800wi\",\"datePublished\":\"2012-02-20T19:59:52+00:00\",\"breadcrumb\":{\"@id\":\"https:\\\/\\\/lavanguardiadecuenca.es\\\/?p=3582#breadcrumb\"},\"inLanguage\":\"es\",\"potentialAction\":[{\"@type\":\"ReadAction\",\"target\":[\"https:\\\/\\\/lavanguardiadecuenca.es\\\/?p=3582\"]}]},{\"@type\":\"ImageObject\",\"inLanguage\":\"es\",\"@id\":\"https:\\\/\\\/lavanguardiadecuenca.es\\\/?p=3582#primaryimage\",\"url\":\"https:\\\/\\\/jabuedo.typepad.com\\\/.a\\\/6a00d8341c734753ef016301b97d80970d-800wi\",\"contentUrl\":\"https:\\\/\\\/jabuedo.typepad.com\\\/.a\\\/6a00d8341c734753ef016301b97d80970d-800wi\"},{\"@type\":\"BreadcrumbList\",\"@id\":\"https:\\\/\\\/lavanguardiadecuenca.es\\\/?p=3582#breadcrumb\",\"itemListElement\":[{\"@type\":\"ListItem\",\"position\":1,\"name\":\"Portada\",\"item\":\"https:\\\/\\\/lavanguardiadecuenca.es\\\/\"},{\"@type\":\"ListItem\",\"position\":2,\"name\":\"\u00abEs el sistema, est\u00fapidos\u00bb (por Gorka Maneiro)\"}]},{\"@type\":\"WebSite\",\"@id\":\"https:\\\/\\\/lavanguardiadecuenca.es\\\/#website\",\"url\":\"https:\\\/\\\/lavanguardiadecuenca.es\\\/\",\"name\":\"La Vanguardia de Cuenca\",\"description\":\"Intereses: comunicaci\u00f3n y actualidad en general, weblogs, sociedad, pol\u00edtica\",\"publisher\":{\"@id\":\"https:\\\/\\\/lavanguardiadecuenca.es\\\/#\\\/schema\\\/person\\\/efd3b99fe10ec3fad96a88f3ae7d092f\"},\"potentialAction\":[{\"@type\":\"SearchAction\",\"target\":{\"@type\":\"EntryPoint\",\"urlTemplate\":\"https:\\\/\\\/lavanguardiadecuenca.es\\\/?s={search_term_string}\"},\"query-input\":{\"@type\":\"PropertyValueSpecification\",\"valueRequired\":true,\"valueName\":\"search_term_string\"}}],\"inLanguage\":\"es\"},{\"@type\":[\"Person\",\"Organization\"],\"@id\":\"https:\\\/\\\/lavanguardiadecuenca.es\\\/#\\\/schema\\\/person\\\/efd3b99fe10ec3fad96a88f3ae7d092f\",\"name\":\"Juan Andr\u00e9s Buedo\",\"image\":{\"@type\":\"ImageObject\",\"inLanguage\":\"es\",\"@id\":\"https:\\\/\\\/lavanguardiadecuenca.es\\\/wp-content\\\/uploads\\\/2025\\\/09\\\/6a00d8341c734753ef0278801a3634200d-250si.jpg\",\"url\":\"https:\\\/\\\/lavanguardiadecuenca.es\\\/wp-content\\\/uploads\\\/2025\\\/09\\\/6a00d8341c734753ef0278801a3634200d-250si.jpg\",\"contentUrl\":\"https:\\\/\\\/lavanguardiadecuenca.es\\\/wp-content\\\/uploads\\\/2025\\\/09\\\/6a00d8341c734753ef0278801a3634200d-250si.jpg\",\"width\":250,\"height\":250,\"caption\":\"Juan Andr\u00e9s Buedo\"},\"logo\":{\"@id\":\"https:\\\/\\\/lavanguardiadecuenca.es\\\/wp-content\\\/uploads\\\/2025\\\/09\\\/6a00d8341c734753ef0278801a3634200d-250si.jpg\"},\"sameAs\":[\"https:\\\/\\\/lavanguardiadecuenca.es\\\/\"]},{\"@type\":\"Person\",\"@id\":\"https:\\\/\\\/lavanguardiadecuenca.es\\\/#\\\/schema\\\/person\\\/533d101fbc2a9ecf6af26aeddcaf1abd\",\"name\":\"admin6567\",\"image\":{\"@type\":\"ImageObject\",\"inLanguage\":\"es\",\"@id\":\"https:\\\/\\\/secure.gravatar.com\\\/avatar\\\/79503df8b75d394ce1e22cb5293c3e8fee42d212f6de88e2d65bfaa128f73542?s=96&d=mm&r=g\",\"url\":\"https:\\\/\\\/secure.gravatar.com\\\/avatar\\\/79503df8b75d394ce1e22cb5293c3e8fee42d212f6de88e2d65bfaa128f73542?s=96&d=mm&r=g\",\"contentUrl\":\"https:\\\/\\\/secure.gravatar.com\\\/avatar\\\/79503df8b75d394ce1e22cb5293c3e8fee42d212f6de88e2d65bfaa128f73542?s=96&d=mm&r=g\",\"caption\":\"admin6567\"},\"sameAs\":[\"http:\\\/\\\/lavanguardiadecuenca.es\"],\"url\":\"https:\\\/\\\/lavanguardiadecuenca.es\\\/?author=1\"}]}<\/script>\n<!-- \/ Yoast SEO plugin. -->","yoast_head_json":{"title":"\"Es el sistema, est\u00fapidos\" (por Gorka Maneiro) - La Vanguardia de Cuenca","robots":{"index":"index","follow":"follow","max-snippet":"max-snippet:-1","max-image-preview":"max-image-preview:large","max-video-preview":"max-video-preview:-1"},"canonical":"https:\/\/lavanguardiadecuenca.es\/?p=3582","og_locale":"es_ES","og_type":"article","og_title":"\"Es el sistema, est\u00fapidos\" (por Gorka Maneiro) - La Vanguardia de Cuenca","og_description":"(art\u00edculo publicado en El Mundo el 19 de febrero de 2012 y en El blog de Gorka Maneiro, aqu\u00ed) El 7 de noviembre de 2010, UPyD registr\u00f3 una iniciativa parlamentaria para interpelar al lehendakari sobre los prop\u00f3sitos del Gobierno Vasco para impulsar la modificaci\u00f3n de la Ley de Territorios Hist\u00f3ricos y, por ese camino, racionalizar...","og_url":"https:\/\/lavanguardiadecuenca.es\/?p=3582","og_site_name":"La Vanguardia de Cuenca","article_published_time":"2012-02-20T19:59:52+00:00","og_image":[{"url":"https:\/\/jabuedo.typepad.com\/.a\/6a00d8341c734753ef016301b97d80970d-800wi","type":"","width":"","height":""}],"author":"admin6567","twitter_card":"summary_large_image","twitter_misc":{"Escrito por":"admin6567","Tiempo de lectura":"4 minutos"},"schema":{"@context":"https:\/\/schema.org","@graph":[{"@type":"Article","@id":"https:\/\/lavanguardiadecuenca.es\/?p=3582#article","isPartOf":{"@id":"https:\/\/lavanguardiadecuenca.es\/?p=3582"},"author":{"name":"admin6567","@id":"https:\/\/lavanguardiadecuenca.es\/#\/schema\/person\/533d101fbc2a9ecf6af26aeddcaf1abd"},"headline":"\u00abEs el sistema, est\u00fapidos\u00bb (por Gorka Maneiro)","datePublished":"2012-02-20T19:59:52+00:00","mainEntityOfPage":{"@id":"https:\/\/lavanguardiadecuenca.es\/?p=3582"},"wordCount":895,"commentCount":0,"publisher":{"@id":"https:\/\/lavanguardiadecuenca.es\/#\/schema\/person\/efd3b99fe10ec3fad96a88f3ae7d092f"},"image":{"@id":"https:\/\/lavanguardiadecuenca.es\/?p=3582#primaryimage"},"thumbnailUrl":"https:\/\/jabuedo.typepad.com\/.a\/6a00d8341c734753ef016301b97d80970d-800wi","articleSection":["Actualidad","Historia","Pensamiento pol\u00edtico","Pol\u00edtica"],"inLanguage":"es","potentialAction":[{"@type":"CommentAction","name":"Comment","target":["https:\/\/lavanguardiadecuenca.es\/?p=3582#respond"]}]},{"@type":"WebPage","@id":"https:\/\/lavanguardiadecuenca.es\/?p=3582","url":"https:\/\/lavanguardiadecuenca.es\/?p=3582","name":"\"Es el sistema, est\u00fapidos\" (por Gorka Maneiro) - La Vanguardia de Cuenca","isPartOf":{"@id":"https:\/\/lavanguardiadecuenca.es\/#website"},"primaryImageOfPage":{"@id":"https:\/\/lavanguardiadecuenca.es\/?p=3582#primaryimage"},"image":{"@id":"https:\/\/lavanguardiadecuenca.es\/?p=3582#primaryimage"},"thumbnailUrl":"https:\/\/jabuedo.typepad.com\/.a\/6a00d8341c734753ef016301b97d80970d-800wi","datePublished":"2012-02-20T19:59:52+00:00","breadcrumb":{"@id":"https:\/\/lavanguardiadecuenca.es\/?p=3582#breadcrumb"},"inLanguage":"es","potentialAction":[{"@type":"ReadAction","target":["https:\/\/lavanguardiadecuenca.es\/?p=3582"]}]},{"@type":"ImageObject","inLanguage":"es","@id":"https:\/\/lavanguardiadecuenca.es\/?p=3582#primaryimage","url":"https:\/\/jabuedo.typepad.com\/.a\/6a00d8341c734753ef016301b97d80970d-800wi","contentUrl":"https:\/\/jabuedo.typepad.com\/.a\/6a00d8341c734753ef016301b97d80970d-800wi"},{"@type":"BreadcrumbList","@id":"https:\/\/lavanguardiadecuenca.es\/?p=3582#breadcrumb","itemListElement":[{"@type":"ListItem","position":1,"name":"Portada","item":"https:\/\/lavanguardiadecuenca.es\/"},{"@type":"ListItem","position":2,"name":"\u00abEs el sistema, est\u00fapidos\u00bb (por Gorka Maneiro)"}]},{"@type":"WebSite","@id":"https:\/\/lavanguardiadecuenca.es\/#website","url":"https:\/\/lavanguardiadecuenca.es\/","name":"La Vanguardia de Cuenca","description":"Intereses: comunicaci\u00f3n y actualidad en general, weblogs, sociedad, pol\u00edtica","publisher":{"@id":"https:\/\/lavanguardiadecuenca.es\/#\/schema\/person\/efd3b99fe10ec3fad96a88f3ae7d092f"},"potentialAction":[{"@type":"SearchAction","target":{"@type":"EntryPoint","urlTemplate":"https:\/\/lavanguardiadecuenca.es\/?s={search_term_string}"},"query-input":{"@type":"PropertyValueSpecification","valueRequired":true,"valueName":"search_term_string"}}],"inLanguage":"es"},{"@type":["Person","Organization"],"@id":"https:\/\/lavanguardiadecuenca.es\/#\/schema\/person\/efd3b99fe10ec3fad96a88f3ae7d092f","name":"Juan Andr\u00e9s Buedo","image":{"@type":"ImageObject","inLanguage":"es","@id":"https:\/\/lavanguardiadecuenca.es\/wp-content\/uploads\/2025\/09\/6a00d8341c734753ef0278801a3634200d-250si.jpg","url":"https:\/\/lavanguardiadecuenca.es\/wp-content\/uploads\/2025\/09\/6a00d8341c734753ef0278801a3634200d-250si.jpg","contentUrl":"https:\/\/lavanguardiadecuenca.es\/wp-content\/uploads\/2025\/09\/6a00d8341c734753ef0278801a3634200d-250si.jpg","width":250,"height":250,"caption":"Juan Andr\u00e9s Buedo"},"logo":{"@id":"https:\/\/lavanguardiadecuenca.es\/wp-content\/uploads\/2025\/09\/6a00d8341c734753ef0278801a3634200d-250si.jpg"},"sameAs":["https:\/\/lavanguardiadecuenca.es\/"]},{"@type":"Person","@id":"https:\/\/lavanguardiadecuenca.es\/#\/schema\/person\/533d101fbc2a9ecf6af26aeddcaf1abd","name":"admin6567","image":{"@type":"ImageObject","inLanguage":"es","@id":"https:\/\/secure.gravatar.com\/avatar\/79503df8b75d394ce1e22cb5293c3e8fee42d212f6de88e2d65bfaa128f73542?s=96&d=mm&r=g","url":"https:\/\/secure.gravatar.com\/avatar\/79503df8b75d394ce1e22cb5293c3e8fee42d212f6de88e2d65bfaa128f73542?s=96&d=mm&r=g","contentUrl":"https:\/\/secure.gravatar.com\/avatar\/79503df8b75d394ce1e22cb5293c3e8fee42d212f6de88e2d65bfaa128f73542?s=96&d=mm&r=g","caption":"admin6567"},"sameAs":["http:\/\/lavanguardiadecuenca.es"],"url":"https:\/\/lavanguardiadecuenca.es\/?author=1"}]}},"_links":{"self":[{"href":"https:\/\/lavanguardiadecuenca.es\/index.php?rest_route=\/wp\/v2\/posts\/3582","targetHints":{"allow":["GET"]}}],"collection":[{"href":"https:\/\/lavanguardiadecuenca.es\/index.php?rest_route=\/wp\/v2\/posts"}],"about":[{"href":"https:\/\/lavanguardiadecuenca.es\/index.php?rest_route=\/wp\/v2\/types\/post"}],"author":[{"embeddable":true,"href":"https:\/\/lavanguardiadecuenca.es\/index.php?rest_route=\/wp\/v2\/users\/1"}],"replies":[{"embeddable":true,"href":"https:\/\/lavanguardiadecuenca.es\/index.php?rest_route=%2Fwp%2Fv2%2Fcomments&post=3582"}],"version-history":[{"count":0,"href":"https:\/\/lavanguardiadecuenca.es\/index.php?rest_route=\/wp\/v2\/posts\/3582\/revisions"}],"wp:attachment":[{"href":"https:\/\/lavanguardiadecuenca.es\/index.php?rest_route=%2Fwp%2Fv2%2Fmedia&parent=3582"}],"wp:term":[{"taxonomy":"category","embeddable":true,"href":"https:\/\/lavanguardiadecuenca.es\/index.php?rest_route=%2Fwp%2Fv2%2Fcategories&post=3582"},{"taxonomy":"post_tag","embeddable":true,"href":"https:\/\/lavanguardiadecuenca.es\/index.php?rest_route=%2Fwp%2Fv2%2Ftags&post=3582"}],"curies":[{"name":"wp","href":"https:\/\/api.w.org\/{rel}","templated":true}]}}