{"id":3561,"date":"2012-02-26T14:03:49","date_gmt":"2012-02-26T14:03:49","guid":{"rendered":"https:\/\/lavanguardiadecuenca.es\/?p=3561"},"modified":"2012-02-26T14:03:49","modified_gmt":"2012-02-26T14:03:49","slug":"garzon-juro-el-dia-en-que-se-sintio-expulsado-de-la-politica-estos-se-van-a-enterar","status":"publish","type":"post","link":"https:\/\/lavanguardiadecuenca.es\/?p=3561","title":{"rendered":"Garz\u00f3n jur\u00f3 el d\u00eda en que se sinti\u00f3 expulsado de la pol\u00edtica: estos se van a enterar"},"content":{"rendered":"<h2 id=\"post-38888\"><a href=\"http:\/\/elcomentario.tv\/reggio\/la-nariz-de-cleopatra-y-la-miseria-del-hombre-de-santos-julia-en-domingo-de-el-pais\/26\/02\/2012\/\" rel=\"bookmark\">La nariz de Cleopatra y la miseria del hombre, de Santos Juli\u00e1 en Domingo de El Pa\u00eds<\/a><\/h2>\n<p>(Publicado en <em>Reggio\u00b4s<\/em>, <a href=\"http:\/\/elcomentario.tv\/reggio\/la-nariz-de-cleopatra-y-la-miseria-del-hombre-de-santos-julia-en-domingo-de-el-pais\/26\/02\/2012\/\" target=\"_self\">aqu\u00ed<\/a>)<\/p>\n<div>\n<p>Es la m\u00e1s socorrida imagen cada vez que un insignificante azar cambia el curso de una historia. La nariz de Cleopatra, escribi\u00f3 Pascal: \u201cSi hubiera sido m\u00e1s corta, toda la faz de la tierra habr\u00eda cambiado\u201d. Quiz\u00e1 tambi\u00e9n Felipe Gonz\u00e1lez record\u00f3 la c\u00e9lebre nariz cuando comprob\u00f3 el resultado final de su llamada a un juez de instrucci\u00f3n de la Audiencia Nacional, Baltasar Garz\u00f3n, para ofrecerle el segundo puesto en la candidatura a elecciones generales por el distrito de Madrid. Ah, si no lo hubiera llamado. O, puesto que lo llam\u00f3, ah, si le hubiera ofrecido la titularidad de un ministerio, no la faz de la tierra, pero s\u00ed nuestra peque\u00f1a historia habr\u00eda cambiado.<\/p>\n<p>Pero, como tambi\u00e9n escribi\u00f3 Pascal, <em>le hasard en dispose<\/em>, el azar decide. Quiz\u00e1 no del todo, quiz\u00e1 algo tuvo que ver el error de juicio, la supuesta habilidad en el manejo de la gente, especialmente si la gente es vanidosa o anda sedienta de poder, o cree uno saber cu\u00e1l es su precio. Sea lo que fuere, por azar o por c\u00e1lculo errado, el presidente Gonz\u00e1lez llam\u00f3 como segundo al juez Garz\u00f3n y luego lo humill\u00f3 con un puesto de tercera. Si lo que pretend\u00eda era amortizarlo como instructor, eligi\u00f3 el peor de los caminos posibles: agraviarlo. Y para rematar la faena, agraviarlo por personas interpuestas, tres jueces a los que entreg\u00f3 todo el poder disponible fundiendo en un solo ministerio los de Justicia e Interior y enviando al otro a paseo.<\/p>\n<p>La conducta del as\u00ed agraviado, desde el momento mismo en que encontr\u00f3 la salida del callej\u00f3n en que Gonz\u00e1lez quiso aparcarlo, es muy conocida. Sin dudarlo ni un minuto, abri\u00f3 el caj\u00f3n y puso encima de la mesa de su despacho el expediente que hab\u00eda dejado dormir durante su excursi\u00f3n por los aleda\u00f1os del poder pol\u00edtico. A partir de ah\u00ed, la resonancia de sus iniciativas no dej\u00f3 de crecer: Pinochet y la justicia internacional, ETA y la ilegalizaci\u00f3n de Batasuna. De juez despreciado por el poder se convirti\u00f3 en juez poderoso; m\u00e1s exactamente, en instructor poderoso, un instructor que no conoc\u00eda l\u00edmites o que en el ejercicio de su funci\u00f3n perdi\u00f3 el sentido del l\u00edmite.<\/p>\n<p>Esa p\u00e9rdida explica que en un auto haya podido ordenar la escucha indiscriminada y universal de conversaciones de abogados con sus defendidos; o que haya abierto un procedimiento penal contra 35 jerarcas de la dictadura, desde el general Franco hasta el almirante Regalado, todos notoriamente muertos (con la \u00fanica y parad\u00f3jica conclusi\u00f3n de declarar extinguida la responsabilidad penal de los 35 encausados\u2026 \u00a1porque ni uno de ellos estaba vivo!); o en fin que de manera harto galana solicitara, con abrazo de amigo incluido, sustanciosas cantidades de dinero a patrocinadores de cursos en el extranjero que casualmente ten\u00edan causas pendientes en la Audiencia Nacional.<\/p>\n<p>\u00c9xito, fama, dinero, en un mundo, como el de la judicatura en Espa\u00f1a, degradado por los efectos perversos de la mezcla de corporativismo y politizaci\u00f3n a que ni jueces ni pol\u00edticos ponen remedio. En ese punto ya no hay azares que valgan; ah\u00ed lo que comienza a actuar son las enga\u00f1osas y soberbias potencias, enemigas de la raz\u00f3n, que componen lo que el mismo Pascal llamaba <em>la mis\u00e8re de l\u2019homme<\/em>, la miseria del hombre. Y el m\u00e1s lamentable producto de esa miseria, que nubla la raz\u00f3n y arruina el juicio, ha sido el espect\u00e1culo montado por el Tribunal Supremo para demostrar con una sentencia ejemplarizante, y el archivo de una causa que funciona a modo de sentencia, qui\u00e9n marca aqu\u00ed los l\u00edmites.<\/p>\n<p>Pues, enfundados en sus togas y armi\u00f1os, en todo ese \u201caugusto aparato\u201d (Pascal otra vez) desde el que juzgan, han sido esos mismos l\u00edmites que pretend\u00edan corregir los que ellos han traspasado: instrucciones err\u00e1ticas, instructores de una causa que act\u00faan como magistrados en otra, un procedimiento que se archiva cuando ni siquiera debi\u00f3 haber sido abierto, y otro en el que el instructor gu\u00eda la mano del querellante. Los magistrados del Supremo parecen haberse confabulado para impartir a la sociedad la lecci\u00f3n magistral que confirma una creciente sospecha: que en Espa\u00f1a, en lo que respecta a la administraci\u00f3n de justicia, ni la raz\u00f3n ni el decoro valen como l\u00edmites con tal de obtener el resultado previamente decidido.<\/p>\n<p>Es lo que Garz\u00f3n jur\u00f3 el d\u00eda en que se sinti\u00f3 expulsado de la pol\u00edtica: estos se van a enterar. Y es lo que los magistrados del Supremo han repetido con su triple proceso: este se va a enterar. La miseria del hombre, que dir\u00eda Pascal.<\/p>\n<\/div>\n","protected":false},"excerpt":{"rendered":"<p>La nariz de Cleopatra y la miseria del hombre, de Santos Juli\u00e1 en Domingo de El Pa\u00eds (Publicado en Reggio\u00b4s, aqu\u00ed) Es la m\u00e1s socorrida imagen cada vez que un insignificante azar cambia el curso de una historia. La nariz de Cleopatra, escribi\u00f3 Pascal: \u201cSi hubiera sido m\u00e1s corta, toda la faz de la tierra&#8230;<\/p>\n","protected":false},"author":1,"featured_media":0,"comment_status":"open","ping_status":"open","sticky":false,"template":"","format":"standard","meta":{"rop_custom_images_group":[],"rop_custom_messages_group":[],"rop_publish_now":"initial","rop_publish_now_accounts":[],"rop_publish_now_history":[],"rop_publish_now_status":"pending","footnotes":""},"categories":[2,13,6,15,16],"tags":[],"class_list":["post-3561","post","type-post","status-publish","format-standard","hentry","category-actualidad","category-administracion-publica","category-historia","category-pensamiento-politico","category-politica"],"yoast_head":"<!-- This site is optimized with the Yoast SEO plugin v27.5 - https:\/\/yoast.com\/product\/yoast-seo-wordpress\/ -->\n<title>Garz\u00f3n jur\u00f3 el d\u00eda en que se sinti\u00f3 expulsado de la pol\u00edtica: estos se van a enterar - La Vanguardia de Cuenca<\/title>\n<meta name=\"robots\" content=\"index, follow, max-snippet:-1, max-image-preview:large, max-video-preview:-1\" \/>\n<link rel=\"canonical\" href=\"https:\/\/lavanguardiadecuenca.es\/?p=3561\" \/>\n<meta property=\"og:locale\" content=\"es_ES\" \/>\n<meta property=\"og:type\" content=\"article\" \/>\n<meta property=\"og:title\" content=\"Garz\u00f3n jur\u00f3 el d\u00eda en que se sinti\u00f3 expulsado de la pol\u00edtica: estos se van a enterar - La Vanguardia de Cuenca\" \/>\n<meta property=\"og:description\" content=\"La nariz de Cleopatra y la miseria del hombre, de Santos Juli\u00e1 en Domingo de El Pa\u00eds (Publicado en Reggio\u00b4s, aqu\u00ed) Es la m\u00e1s socorrida imagen cada vez que un insignificante azar cambia el curso de una historia. La nariz de Cleopatra, escribi\u00f3 Pascal: \u201cSi hubiera sido m\u00e1s corta, toda la faz de la tierra...\" \/>\n<meta property=\"og:url\" content=\"https:\/\/lavanguardiadecuenca.es\/?p=3561\" \/>\n<meta property=\"og:site_name\" content=\"La Vanguardia de Cuenca\" \/>\n<meta property=\"article:published_time\" content=\"2012-02-26T14:03:49+00:00\" \/>\n<meta name=\"author\" content=\"admin6567\" \/>\n<meta name=\"twitter:card\" content=\"summary_large_image\" \/>\n<meta name=\"twitter:label1\" content=\"Escrito por\" \/>\n\t<meta name=\"twitter:data1\" content=\"admin6567\" \/>\n\t<meta name=\"twitter:label2\" content=\"Tiempo de lectura\" \/>\n\t<meta name=\"twitter:data2\" content=\"4 minutos\" \/>\n<script type=\"application\/ld+json\" class=\"yoast-schema-graph\">{\"@context\":\"https:\\\/\\\/schema.org\",\"@graph\":[{\"@type\":\"Article\",\"@id\":\"https:\\\/\\\/lavanguardiadecuenca.es\\\/?p=3561#article\",\"isPartOf\":{\"@id\":\"https:\\\/\\\/lavanguardiadecuenca.es\\\/?p=3561\"},\"author\":{\"name\":\"admin6567\",\"@id\":\"https:\\\/\\\/lavanguardiadecuenca.es\\\/#\\\/schema\\\/person\\\/533d101fbc2a9ecf6af26aeddcaf1abd\"},\"headline\":\"Garz\u00f3n jur\u00f3 el d\u00eda en que se sinti\u00f3 expulsado de la pol\u00edtica: estos se van a enterar\",\"datePublished\":\"2012-02-26T14:03:49+00:00\",\"mainEntityOfPage\":{\"@id\":\"https:\\\/\\\/lavanguardiadecuenca.es\\\/?p=3561\"},\"wordCount\":849,\"commentCount\":0,\"publisher\":{\"@id\":\"https:\\\/\\\/lavanguardiadecuenca.es\\\/#\\\/schema\\\/person\\\/efd3b99fe10ec3fad96a88f3ae7d092f\"},\"articleSection\":[\"Actualidad\",\"Administraci\u00f3n P\u00fablica\",\"Historia\",\"Pensamiento pol\u00edtico\",\"Pol\u00edtica\"],\"inLanguage\":\"es\",\"potentialAction\":[{\"@type\":\"CommentAction\",\"name\":\"Comment\",\"target\":[\"https:\\\/\\\/lavanguardiadecuenca.es\\\/?p=3561#respond\"]}]},{\"@type\":\"WebPage\",\"@id\":\"https:\\\/\\\/lavanguardiadecuenca.es\\\/?p=3561\",\"url\":\"https:\\\/\\\/lavanguardiadecuenca.es\\\/?p=3561\",\"name\":\"Garz\u00f3n jur\u00f3 el d\u00eda en que se sinti\u00f3 expulsado de la pol\u00edtica: estos se van a enterar - La Vanguardia de Cuenca\",\"isPartOf\":{\"@id\":\"https:\\\/\\\/lavanguardiadecuenca.es\\\/#website\"},\"datePublished\":\"2012-02-26T14:03:49+00:00\",\"breadcrumb\":{\"@id\":\"https:\\\/\\\/lavanguardiadecuenca.es\\\/?p=3561#breadcrumb\"},\"inLanguage\":\"es\",\"potentialAction\":[{\"@type\":\"ReadAction\",\"target\":[\"https:\\\/\\\/lavanguardiadecuenca.es\\\/?p=3561\"]}]},{\"@type\":\"BreadcrumbList\",\"@id\":\"https:\\\/\\\/lavanguardiadecuenca.es\\\/?p=3561#breadcrumb\",\"itemListElement\":[{\"@type\":\"ListItem\",\"position\":1,\"name\":\"Portada\",\"item\":\"https:\\\/\\\/lavanguardiadecuenca.es\\\/\"},{\"@type\":\"ListItem\",\"position\":2,\"name\":\"Garz\u00f3n jur\u00f3 el d\u00eda en que se sinti\u00f3 expulsado de la pol\u00edtica: estos se van a enterar\"}]},{\"@type\":\"WebSite\",\"@id\":\"https:\\\/\\\/lavanguardiadecuenca.es\\\/#website\",\"url\":\"https:\\\/\\\/lavanguardiadecuenca.es\\\/\",\"name\":\"La Vanguardia de Cuenca\",\"description\":\"Intereses: comunicaci\u00f3n y actualidad en general, weblogs, sociedad, pol\u00edtica\",\"publisher\":{\"@id\":\"https:\\\/\\\/lavanguardiadecuenca.es\\\/#\\\/schema\\\/person\\\/efd3b99fe10ec3fad96a88f3ae7d092f\"},\"potentialAction\":[{\"@type\":\"SearchAction\",\"target\":{\"@type\":\"EntryPoint\",\"urlTemplate\":\"https:\\\/\\\/lavanguardiadecuenca.es\\\/?s={search_term_string}\"},\"query-input\":{\"@type\":\"PropertyValueSpecification\",\"valueRequired\":true,\"valueName\":\"search_term_string\"}}],\"inLanguage\":\"es\"},{\"@type\":[\"Person\",\"Organization\"],\"@id\":\"https:\\\/\\\/lavanguardiadecuenca.es\\\/#\\\/schema\\\/person\\\/efd3b99fe10ec3fad96a88f3ae7d092f\",\"name\":\"Juan Andr\u00e9s Buedo\",\"image\":{\"@type\":\"ImageObject\",\"inLanguage\":\"es\",\"@id\":\"https:\\\/\\\/lavanguardiadecuenca.es\\\/wp-content\\\/uploads\\\/2025\\\/09\\\/6a00d8341c734753ef0278801a3634200d-250si.jpg\",\"url\":\"https:\\\/\\\/lavanguardiadecuenca.es\\\/wp-content\\\/uploads\\\/2025\\\/09\\\/6a00d8341c734753ef0278801a3634200d-250si.jpg\",\"contentUrl\":\"https:\\\/\\\/lavanguardiadecuenca.es\\\/wp-content\\\/uploads\\\/2025\\\/09\\\/6a00d8341c734753ef0278801a3634200d-250si.jpg\",\"width\":250,\"height\":250,\"caption\":\"Juan Andr\u00e9s Buedo\"},\"logo\":{\"@id\":\"https:\\\/\\\/lavanguardiadecuenca.es\\\/wp-content\\\/uploads\\\/2025\\\/09\\\/6a00d8341c734753ef0278801a3634200d-250si.jpg\"},\"sameAs\":[\"https:\\\/\\\/lavanguardiadecuenca.es\\\/\"]},{\"@type\":\"Person\",\"@id\":\"https:\\\/\\\/lavanguardiadecuenca.es\\\/#\\\/schema\\\/person\\\/533d101fbc2a9ecf6af26aeddcaf1abd\",\"name\":\"admin6567\",\"image\":{\"@type\":\"ImageObject\",\"inLanguage\":\"es\",\"@id\":\"https:\\\/\\\/secure.gravatar.com\\\/avatar\\\/79503df8b75d394ce1e22cb5293c3e8fee42d212f6de88e2d65bfaa128f73542?s=96&d=mm&r=g\",\"url\":\"https:\\\/\\\/secure.gravatar.com\\\/avatar\\\/79503df8b75d394ce1e22cb5293c3e8fee42d212f6de88e2d65bfaa128f73542?s=96&d=mm&r=g\",\"contentUrl\":\"https:\\\/\\\/secure.gravatar.com\\\/avatar\\\/79503df8b75d394ce1e22cb5293c3e8fee42d212f6de88e2d65bfaa128f73542?s=96&d=mm&r=g\",\"caption\":\"admin6567\"},\"sameAs\":[\"http:\\\/\\\/lavanguardiadecuenca.es\"],\"url\":\"https:\\\/\\\/lavanguardiadecuenca.es\\\/?author=1\"}]}<\/script>\n<!-- \/ Yoast SEO plugin. -->","yoast_head_json":{"title":"Garz\u00f3n jur\u00f3 el d\u00eda en que se sinti\u00f3 expulsado de la pol\u00edtica: estos se van a enterar - La Vanguardia de Cuenca","robots":{"index":"index","follow":"follow","max-snippet":"max-snippet:-1","max-image-preview":"max-image-preview:large","max-video-preview":"max-video-preview:-1"},"canonical":"https:\/\/lavanguardiadecuenca.es\/?p=3561","og_locale":"es_ES","og_type":"article","og_title":"Garz\u00f3n jur\u00f3 el d\u00eda en que se sinti\u00f3 expulsado de la pol\u00edtica: estos se van a enterar - La Vanguardia de Cuenca","og_description":"La nariz de Cleopatra y la miseria del hombre, de Santos Juli\u00e1 en Domingo de El Pa\u00eds (Publicado en Reggio\u00b4s, aqu\u00ed) Es la m\u00e1s socorrida imagen cada vez que un insignificante azar cambia el curso de una historia. La nariz de Cleopatra, escribi\u00f3 Pascal: \u201cSi hubiera sido m\u00e1s corta, toda la faz de la tierra...","og_url":"https:\/\/lavanguardiadecuenca.es\/?p=3561","og_site_name":"La Vanguardia de Cuenca","article_published_time":"2012-02-26T14:03:49+00:00","author":"admin6567","twitter_card":"summary_large_image","twitter_misc":{"Escrito por":"admin6567","Tiempo de lectura":"4 minutos"},"schema":{"@context":"https:\/\/schema.org","@graph":[{"@type":"Article","@id":"https:\/\/lavanguardiadecuenca.es\/?p=3561#article","isPartOf":{"@id":"https:\/\/lavanguardiadecuenca.es\/?p=3561"},"author":{"name":"admin6567","@id":"https:\/\/lavanguardiadecuenca.es\/#\/schema\/person\/533d101fbc2a9ecf6af26aeddcaf1abd"},"headline":"Garz\u00f3n jur\u00f3 el d\u00eda en que se sinti\u00f3 expulsado de la pol\u00edtica: estos se van a enterar","datePublished":"2012-02-26T14:03:49+00:00","mainEntityOfPage":{"@id":"https:\/\/lavanguardiadecuenca.es\/?p=3561"},"wordCount":849,"commentCount":0,"publisher":{"@id":"https:\/\/lavanguardiadecuenca.es\/#\/schema\/person\/efd3b99fe10ec3fad96a88f3ae7d092f"},"articleSection":["Actualidad","Administraci\u00f3n P\u00fablica","Historia","Pensamiento pol\u00edtico","Pol\u00edtica"],"inLanguage":"es","potentialAction":[{"@type":"CommentAction","name":"Comment","target":["https:\/\/lavanguardiadecuenca.es\/?p=3561#respond"]}]},{"@type":"WebPage","@id":"https:\/\/lavanguardiadecuenca.es\/?p=3561","url":"https:\/\/lavanguardiadecuenca.es\/?p=3561","name":"Garz\u00f3n jur\u00f3 el d\u00eda en que se sinti\u00f3 expulsado de la pol\u00edtica: estos se van a enterar - La Vanguardia de Cuenca","isPartOf":{"@id":"https:\/\/lavanguardiadecuenca.es\/#website"},"datePublished":"2012-02-26T14:03:49+00:00","breadcrumb":{"@id":"https:\/\/lavanguardiadecuenca.es\/?p=3561#breadcrumb"},"inLanguage":"es","potentialAction":[{"@type":"ReadAction","target":["https:\/\/lavanguardiadecuenca.es\/?p=3561"]}]},{"@type":"BreadcrumbList","@id":"https:\/\/lavanguardiadecuenca.es\/?p=3561#breadcrumb","itemListElement":[{"@type":"ListItem","position":1,"name":"Portada","item":"https:\/\/lavanguardiadecuenca.es\/"},{"@type":"ListItem","position":2,"name":"Garz\u00f3n jur\u00f3 el d\u00eda en que se sinti\u00f3 expulsado de la pol\u00edtica: estos se van a enterar"}]},{"@type":"WebSite","@id":"https:\/\/lavanguardiadecuenca.es\/#website","url":"https:\/\/lavanguardiadecuenca.es\/","name":"La Vanguardia de Cuenca","description":"Intereses: comunicaci\u00f3n y actualidad en general, weblogs, sociedad, pol\u00edtica","publisher":{"@id":"https:\/\/lavanguardiadecuenca.es\/#\/schema\/person\/efd3b99fe10ec3fad96a88f3ae7d092f"},"potentialAction":[{"@type":"SearchAction","target":{"@type":"EntryPoint","urlTemplate":"https:\/\/lavanguardiadecuenca.es\/?s={search_term_string}"},"query-input":{"@type":"PropertyValueSpecification","valueRequired":true,"valueName":"search_term_string"}}],"inLanguage":"es"},{"@type":["Person","Organization"],"@id":"https:\/\/lavanguardiadecuenca.es\/#\/schema\/person\/efd3b99fe10ec3fad96a88f3ae7d092f","name":"Juan Andr\u00e9s Buedo","image":{"@type":"ImageObject","inLanguage":"es","@id":"https:\/\/lavanguardiadecuenca.es\/wp-content\/uploads\/2025\/09\/6a00d8341c734753ef0278801a3634200d-250si.jpg","url":"https:\/\/lavanguardiadecuenca.es\/wp-content\/uploads\/2025\/09\/6a00d8341c734753ef0278801a3634200d-250si.jpg","contentUrl":"https:\/\/lavanguardiadecuenca.es\/wp-content\/uploads\/2025\/09\/6a00d8341c734753ef0278801a3634200d-250si.jpg","width":250,"height":250,"caption":"Juan Andr\u00e9s Buedo"},"logo":{"@id":"https:\/\/lavanguardiadecuenca.es\/wp-content\/uploads\/2025\/09\/6a00d8341c734753ef0278801a3634200d-250si.jpg"},"sameAs":["https:\/\/lavanguardiadecuenca.es\/"]},{"@type":"Person","@id":"https:\/\/lavanguardiadecuenca.es\/#\/schema\/person\/533d101fbc2a9ecf6af26aeddcaf1abd","name":"admin6567","image":{"@type":"ImageObject","inLanguage":"es","@id":"https:\/\/secure.gravatar.com\/avatar\/79503df8b75d394ce1e22cb5293c3e8fee42d212f6de88e2d65bfaa128f73542?s=96&d=mm&r=g","url":"https:\/\/secure.gravatar.com\/avatar\/79503df8b75d394ce1e22cb5293c3e8fee42d212f6de88e2d65bfaa128f73542?s=96&d=mm&r=g","contentUrl":"https:\/\/secure.gravatar.com\/avatar\/79503df8b75d394ce1e22cb5293c3e8fee42d212f6de88e2d65bfaa128f73542?s=96&d=mm&r=g","caption":"admin6567"},"sameAs":["http:\/\/lavanguardiadecuenca.es"],"url":"https:\/\/lavanguardiadecuenca.es\/?author=1"}]}},"_links":{"self":[{"href":"https:\/\/lavanguardiadecuenca.es\/index.php?rest_route=\/wp\/v2\/posts\/3561","targetHints":{"allow":["GET"]}}],"collection":[{"href":"https:\/\/lavanguardiadecuenca.es\/index.php?rest_route=\/wp\/v2\/posts"}],"about":[{"href":"https:\/\/lavanguardiadecuenca.es\/index.php?rest_route=\/wp\/v2\/types\/post"}],"author":[{"embeddable":true,"href":"https:\/\/lavanguardiadecuenca.es\/index.php?rest_route=\/wp\/v2\/users\/1"}],"replies":[{"embeddable":true,"href":"https:\/\/lavanguardiadecuenca.es\/index.php?rest_route=%2Fwp%2Fv2%2Fcomments&post=3561"}],"version-history":[{"count":0,"href":"https:\/\/lavanguardiadecuenca.es\/index.php?rest_route=\/wp\/v2\/posts\/3561\/revisions"}],"wp:attachment":[{"href":"https:\/\/lavanguardiadecuenca.es\/index.php?rest_route=%2Fwp%2Fv2%2Fmedia&parent=3561"}],"wp:term":[{"taxonomy":"category","embeddable":true,"href":"https:\/\/lavanguardiadecuenca.es\/index.php?rest_route=%2Fwp%2Fv2%2Fcategories&post=3561"},{"taxonomy":"post_tag","embeddable":true,"href":"https:\/\/lavanguardiadecuenca.es\/index.php?rest_route=%2Fwp%2Fv2%2Ftags&post=3561"}],"curies":[{"name":"wp","href":"https:\/\/api.w.org\/{rel}","templated":true}]}}