{"id":3553,"date":"2012-02-28T21:40:27","date_gmt":"2012-02-28T21:40:27","guid":{"rendered":"https:\/\/lavanguardiadecuenca.es\/?p=3553"},"modified":"2012-02-28T21:40:27","modified_gmt":"2012-02-28T21:40:27","slug":"la-crisis-europea-y-la-economia-verde-por-teresa-ribera-laurence-tubiana-y-nicholas-stern","status":"publish","type":"post","link":"https:\/\/lavanguardiadecuenca.es\/?p=3553","title":{"rendered":"La crisis europea y la econom\u00eda verde (por Teresa Ribera, Laurence Tubiana y Nicholas Stern)"},"content":{"rendered":"<div id=\"subtitulo_noticia\">\n<h3>Invertir en una econom\u00eda verde generar\u00e1 crecimiento y empleo, lo que no logra la concentraci\u00f3n exclusiva en austeridad y reformas estructurales<\/h3>\n<\/div>\n<div><a href=\"http:\/\/elpais.com\/autor\/teresa_ribera\/a\/\" rel=\"author\" title=\"Ver todas las noticias de Teresa Ribera\">Teresa Ribera<\/a> \/ <a href=\"http:\/\/elpais.com\/autor\/laurence_tubiana\/a\/\" rel=\"author\" title=\"Ver todas las noticias de Laurence Tubiana\">Laurence Tubiana<\/a> \/ <a href=\"http:\/\/elpais.com\/autor\/nicholas_stern\/a\/\" rel=\"author\" title=\"Ver todas las noticias de Nicholas Stern\">Nicholas Stern<\/a> (Publicado en <em>El Pa\u00eds<\/em>, <a href=\"http:\/\/elpais.com\/elpais\/2012\/02\/27\/opinion\/1330344852_696188.html\" target=\"_self\">aqu\u00ed<\/a>)<\/div>\n<div>La respuesta europea a la crisis no puede limitarse a la austeridad y las reformas estructurales. Un enfoque centrado exclusivamente en estos objetivos producir\u00eda enormes desajustes econ\u00f3micos y sociales. Europa necesita un plan para generar empleo y crecimiento. Simult\u00e1neamente, las reformas econ\u00f3micas deben integrar las respuestas a los retos que Europa tiene a largo plazo, como son la escasez de recursos y el cambio clim\u00e1tico.<\/div>\n<div>\n<div id=\"cuerpo_noticia\">\n<p>Europa presenta el ratio mundial m\u00e1s alto en importaciones de recursos por persona. Es, por tanto, muy vulnerable a un shock de materias primas. En 2030 habr\u00e1 3.000 de personas m\u00e1s integrando la clase media y compitiendo por el acceso a recursos crecientemente escasos y caros. De hecho, ya es visible esta gran tendencia a la escasez de recursos, el incremento de precios y la competencia por el acceso a los mismos y hay indicios de que ha incidido en la crisis actual. Por ejemplo, las reacciones econ\u00f3micas asim\u00e9tricas ante el alza de precios de las materias primas y la energ\u00eda durante el periodo 2005-2008 tuvieron consecuencias en la crisis europea.<\/p>\n<p>Cada d\u00eda es m\u00e1s evidente que concentrarse solo en la austeridad y las reformas estructurales no crear\u00e1 empleo ni resolver\u00e1 las cuentas p\u00fablicas ni establecer\u00e1 las bases para la prosperidad a medio plazo. Invertir en una econom\u00eda verde ayuda a construir el puente entre los dos horizontes temporales, generando crecimiento y empleo ahora y sentando las bases para la prosperidad europea del futuro.<\/p>\n<div id=\"sumario_1|html\"><a name=\"sumario_1\"><\/a><\/p>\n<h4>La parte verde del paquete de est\u00edmulo de EE UU en 2009 fue la de mayor \u00e9xito en la movilizaci\u00f3n de inversi\u00f3n privada<\/h4>\n<\/div>\n<p>A corto plazo, es vital que los gobiernos incentiven de forma inmediata la recuperaci\u00f3n, dado que, de lo contrario, el peso de la deuda de algunos pa\u00edses ser\u00e1 insostenible. Las propuestas de reformas estructurales hechas hasta el momento s\u00f3lo dar\u00e1n su fruto a largo plazo. La demanda y la confianza empresarial son bajas y el margen de la mayor parte de los gobiernos para est\u00edmulos fiscales es limitado. Sin embargo, el hecho de que se est\u00e9n pagando intereses cercanos a cero por valores considerados refugio (deudas soberanas brit\u00e1nica y alemana) indica que hay escasez de inversiones productivas y exceso de ahorro buscando destino. En distintas partes de Europa, capital y mano de obra est\u00e1n esperando a ser aprovechados. Es decir, estamos en un momento \u00f3ptimo para invertir en valores productivos a largo plazo y reducir los desequilibrios europeos.<\/p>\n<p>La eficiencia de recursos es clave para la competitividad y la resiliencia econ\u00f3micas del futuro. Se pueden lograr importantes ahorros y la escala de transformaci\u00f3n es inmensa. No hay ning\u00fan otro \u00e1mbito que ofrezca \u00f3rdenes de magnitud, oportunidad y necesidad equivalentes. Peque\u00f1as iniciativas p\u00fablicas que corrijan errores de mercado facilitan grandes inversiones en infraestructuras verdes europeas, generando crecimiento y empleo locales y beneficios para toda Europa. A modo de ejemplo, la parte verde del paquete de 2009 de medidas de est\u00edmulo en EE UU fue la de mayor \u00e9xito en la movilizaci\u00f3n de inversi\u00f3n privada. En Europa, se podr\u00eda constituir un fondo de inversi\u00f3n verde acompa\u00f1ado de una l\u00ednea de financiaci\u00f3n espec\u00edfica que podr\u00eda movilizar inversiones muy significativas.<\/p>\n<p>Los gobiernos necesitan consolidar sus cuentas a la vez que promueven empleo y crecimiento y adoptan medidas de reforma estructural para fortalecer la competitividad. Sin embargo, este tipo de decisiones pueden reducir la demanda y generar gran malestar social. Una reforma fiscal verde permite dar respuesta a la necesidad de consolidaci\u00f3n fiscal de manera m\u00e1s razonable. Si trasladamos parte de las elevadas cargas fiscales sobre el empleo a los consumos de recursos \u2014en la actualidad con una fiscalidad muy baja\u2014 podemos crear incentivos al empleo e incrementar las rentas disponibles, generando crecimiento y puestos de trabajo. Europa tiene una extensa y positiva experiencia en fiscalidad ambiental, sobre todo en Escandinavia y en Alemania. La Comisi\u00f3n Europea estima que la tercera parte de los pa\u00edses del euro pueden incentivar empleo y crecimiento trasladando parte de la fiscalidad sobre el empleo a fiscalidad ambiental.<\/p>\n<div id=\"sumario_2|html\"><a name=\"sumario_2\"><\/a><\/p>\n<h4>Si se traslada parte de las elevadas cargas fiscales sobre el empleo a los consumos de recursos habr\u00e1 m\u00e1s renta disponible y se generar\u00e1n puestos de trabajo<\/h4>\n<\/div>\n<p>Finalmente, un plan de recuperaci\u00f3n tambi\u00e9n facilita las condiciones para el crecimiento a largo plazo. La innovaci\u00f3n es el elemento central en la era de la escasez. Europa necesita fortalecerla para reducir su importaci\u00f3n de recursos y reducir su vulnerabilidad ante un eventual shock de materias primas, y debe liderar el pujante mercado de bienes y servicios verdes y bajos en carbono. Pero las industrias verdes competitivas no surgen de la nada. El presupuesto comunitario y los paquetes nacionales de reformas deben priorizar los apoyos en funci\u00f3n de las capacidades de la industria para innovar y su potencial de generar beneficios para Europa. La intervenci\u00f3n p\u00fablica puede levantar las barreras del mercado a la innovaci\u00f3n y generar r\u00e1pidas mejoras de coste y eficiencia. Deben ser empleados ajust\u00e1ndose a las recomendaciones de un s\u00f3lido an\u00e1lisis econ\u00f3mico y teniendo en cuenta la imperiosa necesidad europea de crear un c\u00edrculo virtuoso e integrador de innovaci\u00f3n.<\/p>\n<p>Europa no se puede permitir perder tiempo sin rumbo, guiada por par\u00e1metros cortoplacistas que sientan las bases para crisis futuras. Un elemento central de la respuesta debe ser un s\u00f3lido plan para una econom\u00eda verde e innovadora. Ofrece los cauces para impulsar crecimiento y empleo a corto plazo, mediante la construcci\u00f3n de la infraestructura, la resiliencia y el capital intelectual europeos necesarios para competir y prosperar en el largo plazo.<\/p>\n<p>&#0160;<\/p>\n<p><span style=\"color: #a2a2a2;\"><strong>Teresa Ribera<\/strong> fue secretaria de Estado de Cambio Clim\u00e1tico de 2008 a 2011. <strong>Laurence Tubiana<\/strong> es directora del Instituto de Desarrollo Sostenible y Relaciones Internacionales de Par\u00eds, profesora y directora del Centro de Desarrollo Sostenible de Ciencias Po Par\u00eds y profesora en la Universidad de Columbia (Nueva York). <strong>Lord Nicholas Stern<\/strong> es profesor de la London School of Economics y execonomista jefe del Banco Mundial.<\/span><\/p>\n<\/div>\n<\/div>\n","protected":false},"excerpt":{"rendered":"<p>Invertir en una econom\u00eda verde generar\u00e1 crecimiento y empleo, lo que no logra la concentraci\u00f3n exclusiva en austeridad y reformas estructurales Teresa Ribera \/ Laurence Tubiana \/ Nicholas Stern (Publicado en El Pa\u00eds, aqu\u00ed) La respuesta europea a la crisis no puede limitarse a la austeridad y las reformas estructurales. Un enfoque centrado exclusivamente en&#8230;<\/p>\n","protected":false},"author":1,"featured_media":0,"comment_status":"open","ping_status":"open","sticky":false,"template":"","format":"standard","meta":{"rop_custom_images_group":[],"rop_custom_messages_group":[],"rop_publish_now":"initial","rop_publish_now_accounts":[],"rop_publish_now_history":[],"rop_publish_now_status":"pending","footnotes":""},"categories":[2,13,14,27,15,16,8],"tags":[],"class_list":["post-3553","post","type-post","status-publish","format-standard","hentry","category-actualidad","category-administracion-publica","category-economia","category-medio-ambiente","category-pensamiento-politico","category-politica","category-sociedad"],"yoast_head":"<!-- This site is optimized with the Yoast SEO plugin v27.5 - https:\/\/yoast.com\/product\/yoast-seo-wordpress\/ -->\n<title>La crisis europea y la econom\u00eda verde (por Teresa Ribera, Laurence Tubiana y Nicholas Stern) - La Vanguardia de Cuenca<\/title>\n<meta name=\"robots\" content=\"index, follow, max-snippet:-1, max-image-preview:large, max-video-preview:-1\" \/>\n<link rel=\"canonical\" href=\"https:\/\/lavanguardiadecuenca.es\/?p=3553\" \/>\n<meta property=\"og:locale\" content=\"es_ES\" \/>\n<meta property=\"og:type\" content=\"article\" \/>\n<meta property=\"og:title\" content=\"La crisis europea y la econom\u00eda verde (por Teresa Ribera, Laurence Tubiana y Nicholas Stern) - La Vanguardia de Cuenca\" \/>\n<meta property=\"og:description\" content=\"Invertir en una econom\u00eda verde generar\u00e1 crecimiento y empleo, lo que no logra la concentraci\u00f3n exclusiva en austeridad y reformas estructurales Teresa Ribera \/ Laurence Tubiana \/ Nicholas Stern (Publicado en El Pa\u00eds, aqu\u00ed) La respuesta europea a la crisis no puede limitarse a la austeridad y las reformas estructurales. Un enfoque centrado exclusivamente en...\" \/>\n<meta property=\"og:url\" content=\"https:\/\/lavanguardiadecuenca.es\/?p=3553\" \/>\n<meta property=\"og:site_name\" content=\"La Vanguardia de Cuenca\" \/>\n<meta property=\"article:published_time\" content=\"2012-02-28T21:40:27+00:00\" \/>\n<meta name=\"author\" content=\"admin6567\" \/>\n<meta name=\"twitter:card\" content=\"summary_large_image\" \/>\n<meta name=\"twitter:label1\" content=\"Escrito por\" \/>\n\t<meta name=\"twitter:data1\" content=\"admin6567\" \/>\n\t<meta name=\"twitter:label2\" content=\"Tiempo de lectura\" \/>\n\t<meta name=\"twitter:data2\" content=\"5 minutos\" \/>\n<script type=\"application\/ld+json\" class=\"yoast-schema-graph\">{\"@context\":\"https:\\\/\\\/schema.org\",\"@graph\":[{\"@type\":\"Article\",\"@id\":\"https:\\\/\\\/lavanguardiadecuenca.es\\\/?p=3553#article\",\"isPartOf\":{\"@id\":\"https:\\\/\\\/lavanguardiadecuenca.es\\\/?p=3553\"},\"author\":{\"name\":\"admin6567\",\"@id\":\"https:\\\/\\\/lavanguardiadecuenca.es\\\/#\\\/schema\\\/person\\\/533d101fbc2a9ecf6af26aeddcaf1abd\"},\"headline\":\"La crisis europea y la econom\u00eda verde (por Teresa Ribera, Laurence Tubiana y Nicholas Stern)\",\"datePublished\":\"2012-02-28T21:40:27+00:00\",\"mainEntityOfPage\":{\"@id\":\"https:\\\/\\\/lavanguardiadecuenca.es\\\/?p=3553\"},\"wordCount\":1087,\"commentCount\":0,\"publisher\":{\"@id\":\"https:\\\/\\\/lavanguardiadecuenca.es\\\/#\\\/schema\\\/person\\\/efd3b99fe10ec3fad96a88f3ae7d092f\"},\"articleSection\":[\"Actualidad\",\"Administraci\u00f3n P\u00fablica\",\"Econom\u00eda\",\"Medio ambiente\",\"Pensamiento pol\u00edtico\",\"Pol\u00edtica\",\"Sociedad\"],\"inLanguage\":\"es\",\"potentialAction\":[{\"@type\":\"CommentAction\",\"name\":\"Comment\",\"target\":[\"https:\\\/\\\/lavanguardiadecuenca.es\\\/?p=3553#respond\"]}]},{\"@type\":\"WebPage\",\"@id\":\"https:\\\/\\\/lavanguardiadecuenca.es\\\/?p=3553\",\"url\":\"https:\\\/\\\/lavanguardiadecuenca.es\\\/?p=3553\",\"name\":\"La crisis europea y la econom\u00eda verde (por Teresa Ribera, Laurence Tubiana y Nicholas Stern) - La Vanguardia de Cuenca\",\"isPartOf\":{\"@id\":\"https:\\\/\\\/lavanguardiadecuenca.es\\\/#website\"},\"datePublished\":\"2012-02-28T21:40:27+00:00\",\"breadcrumb\":{\"@id\":\"https:\\\/\\\/lavanguardiadecuenca.es\\\/?p=3553#breadcrumb\"},\"inLanguage\":\"es\",\"potentialAction\":[{\"@type\":\"ReadAction\",\"target\":[\"https:\\\/\\\/lavanguardiadecuenca.es\\\/?p=3553\"]}]},{\"@type\":\"BreadcrumbList\",\"@id\":\"https:\\\/\\\/lavanguardiadecuenca.es\\\/?p=3553#breadcrumb\",\"itemListElement\":[{\"@type\":\"ListItem\",\"position\":1,\"name\":\"Portada\",\"item\":\"https:\\\/\\\/lavanguardiadecuenca.es\\\/\"},{\"@type\":\"ListItem\",\"position\":2,\"name\":\"La crisis europea y la econom\u00eda verde (por Teresa Ribera, Laurence Tubiana y Nicholas Stern)\"}]},{\"@type\":\"WebSite\",\"@id\":\"https:\\\/\\\/lavanguardiadecuenca.es\\\/#website\",\"url\":\"https:\\\/\\\/lavanguardiadecuenca.es\\\/\",\"name\":\"La Vanguardia de Cuenca\",\"description\":\"Intereses: comunicaci\u00f3n y actualidad en general, weblogs, sociedad, pol\u00edtica\",\"publisher\":{\"@id\":\"https:\\\/\\\/lavanguardiadecuenca.es\\\/#\\\/schema\\\/person\\\/efd3b99fe10ec3fad96a88f3ae7d092f\"},\"potentialAction\":[{\"@type\":\"SearchAction\",\"target\":{\"@type\":\"EntryPoint\",\"urlTemplate\":\"https:\\\/\\\/lavanguardiadecuenca.es\\\/?s={search_term_string}\"},\"query-input\":{\"@type\":\"PropertyValueSpecification\",\"valueRequired\":true,\"valueName\":\"search_term_string\"}}],\"inLanguage\":\"es\"},{\"@type\":[\"Person\",\"Organization\"],\"@id\":\"https:\\\/\\\/lavanguardiadecuenca.es\\\/#\\\/schema\\\/person\\\/efd3b99fe10ec3fad96a88f3ae7d092f\",\"name\":\"Juan Andr\u00e9s Buedo\",\"image\":{\"@type\":\"ImageObject\",\"inLanguage\":\"es\",\"@id\":\"https:\\\/\\\/lavanguardiadecuenca.es\\\/wp-content\\\/uploads\\\/2025\\\/09\\\/6a00d8341c734753ef0278801a3634200d-250si.jpg\",\"url\":\"https:\\\/\\\/lavanguardiadecuenca.es\\\/wp-content\\\/uploads\\\/2025\\\/09\\\/6a00d8341c734753ef0278801a3634200d-250si.jpg\",\"contentUrl\":\"https:\\\/\\\/lavanguardiadecuenca.es\\\/wp-content\\\/uploads\\\/2025\\\/09\\\/6a00d8341c734753ef0278801a3634200d-250si.jpg\",\"width\":250,\"height\":250,\"caption\":\"Juan Andr\u00e9s Buedo\"},\"logo\":{\"@id\":\"https:\\\/\\\/lavanguardiadecuenca.es\\\/wp-content\\\/uploads\\\/2025\\\/09\\\/6a00d8341c734753ef0278801a3634200d-250si.jpg\"},\"sameAs\":[\"https:\\\/\\\/lavanguardiadecuenca.es\\\/\"]},{\"@type\":\"Person\",\"@id\":\"https:\\\/\\\/lavanguardiadecuenca.es\\\/#\\\/schema\\\/person\\\/533d101fbc2a9ecf6af26aeddcaf1abd\",\"name\":\"admin6567\",\"image\":{\"@type\":\"ImageObject\",\"inLanguage\":\"es\",\"@id\":\"https:\\\/\\\/secure.gravatar.com\\\/avatar\\\/79503df8b75d394ce1e22cb5293c3e8fee42d212f6de88e2d65bfaa128f73542?s=96&d=mm&r=g\",\"url\":\"https:\\\/\\\/secure.gravatar.com\\\/avatar\\\/79503df8b75d394ce1e22cb5293c3e8fee42d212f6de88e2d65bfaa128f73542?s=96&d=mm&r=g\",\"contentUrl\":\"https:\\\/\\\/secure.gravatar.com\\\/avatar\\\/79503df8b75d394ce1e22cb5293c3e8fee42d212f6de88e2d65bfaa128f73542?s=96&d=mm&r=g\",\"caption\":\"admin6567\"},\"sameAs\":[\"http:\\\/\\\/lavanguardiadecuenca.es\"],\"url\":\"https:\\\/\\\/lavanguardiadecuenca.es\\\/?author=1\"}]}<\/script>\n<!-- \/ Yoast SEO plugin. -->","yoast_head_json":{"title":"La crisis europea y la econom\u00eda verde (por Teresa Ribera, Laurence Tubiana y Nicholas Stern) - La Vanguardia de Cuenca","robots":{"index":"index","follow":"follow","max-snippet":"max-snippet:-1","max-image-preview":"max-image-preview:large","max-video-preview":"max-video-preview:-1"},"canonical":"https:\/\/lavanguardiadecuenca.es\/?p=3553","og_locale":"es_ES","og_type":"article","og_title":"La crisis europea y la econom\u00eda verde (por Teresa Ribera, Laurence Tubiana y Nicholas Stern) - La Vanguardia de Cuenca","og_description":"Invertir en una econom\u00eda verde generar\u00e1 crecimiento y empleo, lo que no logra la concentraci\u00f3n exclusiva en austeridad y reformas estructurales Teresa Ribera \/ Laurence Tubiana \/ Nicholas Stern (Publicado en El Pa\u00eds, aqu\u00ed) La respuesta europea a la crisis no puede limitarse a la austeridad y las reformas estructurales. Un enfoque centrado exclusivamente en...","og_url":"https:\/\/lavanguardiadecuenca.es\/?p=3553","og_site_name":"La Vanguardia de Cuenca","article_published_time":"2012-02-28T21:40:27+00:00","author":"admin6567","twitter_card":"summary_large_image","twitter_misc":{"Escrito por":"admin6567","Tiempo de lectura":"5 minutos"},"schema":{"@context":"https:\/\/schema.org","@graph":[{"@type":"Article","@id":"https:\/\/lavanguardiadecuenca.es\/?p=3553#article","isPartOf":{"@id":"https:\/\/lavanguardiadecuenca.es\/?p=3553"},"author":{"name":"admin6567","@id":"https:\/\/lavanguardiadecuenca.es\/#\/schema\/person\/533d101fbc2a9ecf6af26aeddcaf1abd"},"headline":"La crisis europea y la econom\u00eda verde (por Teresa Ribera, Laurence Tubiana y Nicholas Stern)","datePublished":"2012-02-28T21:40:27+00:00","mainEntityOfPage":{"@id":"https:\/\/lavanguardiadecuenca.es\/?p=3553"},"wordCount":1087,"commentCount":0,"publisher":{"@id":"https:\/\/lavanguardiadecuenca.es\/#\/schema\/person\/efd3b99fe10ec3fad96a88f3ae7d092f"},"articleSection":["Actualidad","Administraci\u00f3n P\u00fablica","Econom\u00eda","Medio ambiente","Pensamiento pol\u00edtico","Pol\u00edtica","Sociedad"],"inLanguage":"es","potentialAction":[{"@type":"CommentAction","name":"Comment","target":["https:\/\/lavanguardiadecuenca.es\/?p=3553#respond"]}]},{"@type":"WebPage","@id":"https:\/\/lavanguardiadecuenca.es\/?p=3553","url":"https:\/\/lavanguardiadecuenca.es\/?p=3553","name":"La crisis europea y la econom\u00eda verde (por Teresa Ribera, Laurence Tubiana y Nicholas Stern) - La Vanguardia de Cuenca","isPartOf":{"@id":"https:\/\/lavanguardiadecuenca.es\/#website"},"datePublished":"2012-02-28T21:40:27+00:00","breadcrumb":{"@id":"https:\/\/lavanguardiadecuenca.es\/?p=3553#breadcrumb"},"inLanguage":"es","potentialAction":[{"@type":"ReadAction","target":["https:\/\/lavanguardiadecuenca.es\/?p=3553"]}]},{"@type":"BreadcrumbList","@id":"https:\/\/lavanguardiadecuenca.es\/?p=3553#breadcrumb","itemListElement":[{"@type":"ListItem","position":1,"name":"Portada","item":"https:\/\/lavanguardiadecuenca.es\/"},{"@type":"ListItem","position":2,"name":"La crisis europea y la econom\u00eda verde (por Teresa Ribera, Laurence Tubiana y Nicholas Stern)"}]},{"@type":"WebSite","@id":"https:\/\/lavanguardiadecuenca.es\/#website","url":"https:\/\/lavanguardiadecuenca.es\/","name":"La Vanguardia de Cuenca","description":"Intereses: comunicaci\u00f3n y actualidad en general, weblogs, sociedad, pol\u00edtica","publisher":{"@id":"https:\/\/lavanguardiadecuenca.es\/#\/schema\/person\/efd3b99fe10ec3fad96a88f3ae7d092f"},"potentialAction":[{"@type":"SearchAction","target":{"@type":"EntryPoint","urlTemplate":"https:\/\/lavanguardiadecuenca.es\/?s={search_term_string}"},"query-input":{"@type":"PropertyValueSpecification","valueRequired":true,"valueName":"search_term_string"}}],"inLanguage":"es"},{"@type":["Person","Organization"],"@id":"https:\/\/lavanguardiadecuenca.es\/#\/schema\/person\/efd3b99fe10ec3fad96a88f3ae7d092f","name":"Juan Andr\u00e9s Buedo","image":{"@type":"ImageObject","inLanguage":"es","@id":"https:\/\/lavanguardiadecuenca.es\/wp-content\/uploads\/2025\/09\/6a00d8341c734753ef0278801a3634200d-250si.jpg","url":"https:\/\/lavanguardiadecuenca.es\/wp-content\/uploads\/2025\/09\/6a00d8341c734753ef0278801a3634200d-250si.jpg","contentUrl":"https:\/\/lavanguardiadecuenca.es\/wp-content\/uploads\/2025\/09\/6a00d8341c734753ef0278801a3634200d-250si.jpg","width":250,"height":250,"caption":"Juan Andr\u00e9s Buedo"},"logo":{"@id":"https:\/\/lavanguardiadecuenca.es\/wp-content\/uploads\/2025\/09\/6a00d8341c734753ef0278801a3634200d-250si.jpg"},"sameAs":["https:\/\/lavanguardiadecuenca.es\/"]},{"@type":"Person","@id":"https:\/\/lavanguardiadecuenca.es\/#\/schema\/person\/533d101fbc2a9ecf6af26aeddcaf1abd","name":"admin6567","image":{"@type":"ImageObject","inLanguage":"es","@id":"https:\/\/secure.gravatar.com\/avatar\/79503df8b75d394ce1e22cb5293c3e8fee42d212f6de88e2d65bfaa128f73542?s=96&d=mm&r=g","url":"https:\/\/secure.gravatar.com\/avatar\/79503df8b75d394ce1e22cb5293c3e8fee42d212f6de88e2d65bfaa128f73542?s=96&d=mm&r=g","contentUrl":"https:\/\/secure.gravatar.com\/avatar\/79503df8b75d394ce1e22cb5293c3e8fee42d212f6de88e2d65bfaa128f73542?s=96&d=mm&r=g","caption":"admin6567"},"sameAs":["http:\/\/lavanguardiadecuenca.es"],"url":"https:\/\/lavanguardiadecuenca.es\/?author=1"}]}},"_links":{"self":[{"href":"https:\/\/lavanguardiadecuenca.es\/index.php?rest_route=\/wp\/v2\/posts\/3553","targetHints":{"allow":["GET"]}}],"collection":[{"href":"https:\/\/lavanguardiadecuenca.es\/index.php?rest_route=\/wp\/v2\/posts"}],"about":[{"href":"https:\/\/lavanguardiadecuenca.es\/index.php?rest_route=\/wp\/v2\/types\/post"}],"author":[{"embeddable":true,"href":"https:\/\/lavanguardiadecuenca.es\/index.php?rest_route=\/wp\/v2\/users\/1"}],"replies":[{"embeddable":true,"href":"https:\/\/lavanguardiadecuenca.es\/index.php?rest_route=%2Fwp%2Fv2%2Fcomments&post=3553"}],"version-history":[{"count":0,"href":"https:\/\/lavanguardiadecuenca.es\/index.php?rest_route=\/wp\/v2\/posts\/3553\/revisions"}],"wp:attachment":[{"href":"https:\/\/lavanguardiadecuenca.es\/index.php?rest_route=%2Fwp%2Fv2%2Fmedia&parent=3553"}],"wp:term":[{"taxonomy":"category","embeddable":true,"href":"https:\/\/lavanguardiadecuenca.es\/index.php?rest_route=%2Fwp%2Fv2%2Fcategories&post=3553"},{"taxonomy":"post_tag","embeddable":true,"href":"https:\/\/lavanguardiadecuenca.es\/index.php?rest_route=%2Fwp%2Fv2%2Ftags&post=3553"}],"curies":[{"name":"wp","href":"https:\/\/api.w.org\/{rel}","templated":true}]}}