{"id":3419,"date":"2012-04-20T23:31:44","date_gmt":"2012-04-20T23:31:44","guid":{"rendered":"https:\/\/lavanguardiadecuenca.es\/?p=3419"},"modified":"2012-04-20T23:31:44","modified_gmt":"2012-04-20T23:31:44","slug":"andalucia-la-manzana-podrida-en-el-cesto-por-miguel-massanet-bosch","status":"publish","type":"post","link":"https:\/\/lavanguardiadecuenca.es\/?p=3419","title":{"rendered":"Andaluc\u00eda, la manzana podrida en el cesto (por Miguel Massanet Bosch)"},"content":{"rendered":"<p style=\"text-align: justify\"><span style=\"font-family:Arial; font-size:10pt\">La tradicional habilidad propagand\u00edstica de la izquierda ha convertido, por arte de magia, la gran victoria electoral del PP en Andaluc\u00eda, en derrota. En el cap\u00edtulo X de la segunda parte del Don Quijote de la Mancha, encontramos uno de los sabrosos pensamientos de don Quijote, en este caso sobre la verdad: \u00ab<em>La verdad adelgaza y no quiebra, y siempre nada sobre la mentira como aceite sobre el agua<\/em>\u00ab. Todos sabemos la situaci\u00f3n de Andaluc\u00eda, todos conocemos los casos de corrupci\u00f3n que han rondado a las primeras figuras del PSOE en la regi\u00f3n y la escandalosa desviaci\u00f3n de recursos destinados a los obreros afectados por ERE&#8217;s, hacia simpatizantes, amigos y militantes del partido, tambi\u00e9n conocido como <strong>\u00bb caso del fondo de reptiles<\/strong>\u00ab; en una de las operaciones m\u00e1s vergonzosas de abuso de autoridad, desviaci\u00f3n y malversaci\u00f3n de fondos p\u00fablicos y caradura supina, llevada a cabo por importantes figuras del partido socialista en dicha autonom\u00eda, algunas de ellas ya en situaci\u00f3n de imputados. Sin duda, cuando las gestiones que est\u00e1 llevando a cabo la jueza Mercedes Alaya, se plasmen en pruebas demostrables y se cierre el sumario de este caso, tendremos ocasi\u00f3n de conocer una de las m\u00e1s espectaculares causas, en las que se demostrar\u00e1 hasta que punto muchos de los actuales integrantes del Parlamento andaluz estaban implicados en tan turbia maquinaci\u00f3n.<br \/>\n<\/span><\/p>\n<p style=\"text-align: justify\"><span style=\"font-family:Arial; font-size:10pt\">Sin embargo, la mec\u00e1nica de los votos, la posibilidad de alianzas, algunas contra natura y otras desnaturalizadas, les ha dado la posibilidad, a los perdedores, de acudir a las combinaciones de pactos \u2013  \u00bfc\u00f3mo puede afirmar el se\u00f1or Gri\u00f1\u00e1n, sin que se le enrojezca la papada como la de un pavo irritado, que los andaluces hayan votado mayoritariamente por la izquierda? \u2013 , en este caso con los comunistas de IU, de este partido nost\u00e1lgico del Frente Popular, verdadero causante del desplome de la II Rep\u00fablica, que ahora preside el se\u00f1or Cayo Lara, que centra sus objetivos en convertir a Espa\u00f1a en una sucursal  del comunismo m\u00e1s trasnochado y pasado de moda. Y es que, se\u00f1ores, los futuros socios de los socialistas, en el Parlamento de Andaluc\u00eda, son los que, a trav\u00e9s de la red social Twitter, avisan sin el menor rebozo de que: \u00ab<em>nuestros recortes ser\u00e1n con guillotina<\/em>\u00bb al m\u00e1s puro estilo revolucionario jacobeo, tan de moda en los d\u00edas previos al inicio de la Guerra Civil, en los que aquellas amenazas se convirtieron en hechos consumados, como podr\u00edan atestiguar los documentos en los que se recogen los asesinatos, extorsiones, incendios y torturas, llevadas a cabo por aquellos de su misma formaci\u00f3n pol\u00edtica en aquellos nefastos tiempos.<br \/>\n<\/span><\/p>\n<p style=\"text-align: justify\"><span style=\"font-family:Arial; font-size:10pt\">Es muy curioso el comportamiento que, unas pocas comunidades, aquellas gobernadas por nacionalistas y la andaluza, si es que no queremos aludir a las Canarias, experta en el juego de apostar por la formaci\u00f3n que m\u00e1s les favorece, seg\u00fan el tema del que se trate, en un ejercicio vomitivo al m\u00e1s puro estilo camale\u00f3nico. Y es que, en unas circunstancias verdaderamente dram\u00e1ticas para el pa\u00eds, en momentos de zozobra nacional debidos a la campa\u00f1a desatada por los especuladores contra la deuda espa\u00f1ola; y en ejemplos de falta de seriedad de algunas naciones europeas, que parece que prefieren cargar las tintas sobre la situaci\u00f3n de Espa\u00f1a, para as\u00ed encubrir sus propias carencias y la posible reca\u00edda de Europa en una nueva recesi\u00f3n; cuando la unidad deber\u00eda ser la consigna com\u00fan para apoyar, contra viento y marea, al gobierno de la naci\u00f3n; es cuando, los intereses partidistas, los sectarismos en torno a ideas separatistas o a ansias desmesuradas de recuperar el poder que se les escap\u00f3 de las manos, pretenden convertir a Espa\u00f1a en una verdadera olla de grillos que, como es evidente, s\u00f3lo puede favorecer a aquellos que pretenden que nuestra naci\u00f3n deba ser intervenida por aquello de que \u00ab<em>a aguas revueltas ganancia de pescadores<\/em>\u00ab.<br \/>\n<\/span><\/p>\n<p style=\"text-align: justify\"><span style=\"font-family:Arial; font-size:10pt\">Si los comunistas del se\u00f1or ayo Lara, se mostraron tan puritanos exigiendo a los socialistas que el PSA eliminase del Parlamento a todos aquellos que pudieran estar involucrados en actividades fraudulentas y a los corruptos (es posible que, si as\u00ed fuera, pocos se salvar\u00edan de la escabechina); ahora tendremos ocasi\u00f3n de comprobar si, esta exigencia, se lleva a cabo cuando se constituya el nuevo Parlamento. Tambi\u00e9n nos enteraremos de si se ha accedido a crear una cantidad m\u00ednima que debiera cobrar cada andaluz (\u00bfuna modalidad extendida de los PER o un salario m\u00ednimo para sustituir al subsidio de desempleo aunque se trabaja?); sin dejar para luego una explicaci\u00f3n sobre como va a acabar aquello de la creaci\u00f3n de un banco p\u00fablico andaluz, para favorecer la recuperaci\u00f3n de una econom\u00eda que, los socialistas, ya se han encargado de que desaparezca, favoreciendo la distracci\u00f3n de subvenciones de sus verdaderos destinos para beneficiar a amiguetes y paniaguados, a trav\u00e9s de empresas p\u00fablicas y enchufes semejantes.<br \/>\n<\/span><\/p>\n<p style=\"text-align: justify\"><span style=\"font-family:Arial; font-size:10pt\">Pero, lo verdaderamente preocupante de esta alianza de socialistas y comunistas, es que lo que se ha venido ocultando sobre el endeudamiento de la autonom\u00eda, las facturas que duermen el sue\u00f1o de los justos en los cajones de las administraciones y aquellos chanchullos que todos esper\u00e1bamos que salieran a la luz si hubieran ganado los del PP la elecciones, van a seguir ocultos, enterrados bajo fardos de expedientes apilados en los s\u00f3tanos de los edificios oficiales, sin que aquellos, supuestamente escrupulosos, representantes de los 6.000 se\u00f1ores, a los que parece que representan los comunistas andaluces, si es que queremos atenernos a los que ellos van a consultar respecto al futuro acuerdo con el PSA.;despu\u00e9s de que impusieron, para colaborar con los socialistas, como condici\u00f3n <em>sine qua non,<\/em> aclarar las cuentas y descubrir las anomal\u00edas que en ellas pudiera haber; resulte que, una vez conseguidos sus objetivos de asumir una parte del poder, se relajan, se vuelven conformistas y deciden que, al fin y al cabo, si se trata de fastidiar a Espa\u00f1a y a la derecha, no importan las irregularidades y los fondos dilapidados por el anterior gobierno.<br \/>\n<\/span><\/p>\n<p style=\"text-align: justify\"><span style=\"font-family:Arial; font-size:10pt\">El hecho innegable de que, el PP, a pesar de tener controladas la mayor\u00eda de autonom\u00edas y municipios, tenga que bregar con una serie de autonom\u00edas d\u00edscolas, interesadas en crear problemas para intentar sacar tajada y, al parecer, dispuestas a boicotear cualquier acuerdo que tome el resto de Espa\u00f1a, para impedir que el programa de recortes del Gobierno pudiera tener \u00e9xito o, al menos, intentar recortarlo y ensombrecerlo para que, quienes nos observan con lupa desde el extranjero, encuentren motivos que alimenten su desconfianza hacia nosotros. El se\u00f1or Montoro, con muy buen sentido, ha amenazado con cortar por lo sano con aquellas de las autonom\u00edas que no cumplan con la ley de Estabilidad Presupuestaria y con el techo de gasto. Incluso, parece que llegar\u00eda a aplicar la posibilidad que le otorga la Constituci\u00f3n, de intervenir alguna de ellas, para dar ejemplo de que las amenazas, en esta ocasi\u00f3n, no son meros cohetes de advertencia, sino que van en serio y que est\u00e1 dispuesto a cumplirlas. Creo que, si ha de empezar por alguna deber\u00eda ser por Andaluc\u00eda, que parece dispuesta a enfrentarse al Estado y a incumplir, sistem\u00e1ticamente, las normas estatales que se vayan promulgando. Es posible que la intervenci\u00f3n creara un cierto revuelo, pero el factor ejemplificante no hay duda que cortar\u00eda los humos a aquellas otras que pretendieran seguir el ejemplo. O esto es lo que opino, se\u00f1ores, cuando Espa\u00f1a no se puede permitir vacilaciones en sus medidas para sanear nuestra econom\u00eda.<br \/>\n<\/span><\/p>\n<p style=\"text-align: justify; margin-left: 36pt\"><span style=\"color:#1f497d; font-family:Arial; font-size:10pt\"><strong>Miguel Massanet Bosch<\/strong><\/span><\/p>\n","protected":false},"excerpt":{"rendered":"<p>La tradicional habilidad propagand\u00edstica de la izquierda ha convertido, por arte de magia, la gran victoria electoral del PP en Andaluc\u00eda, en derrota. En el cap\u00edtulo X de la segunda parte del Don Quijote de la Mancha, encontramos uno de los sabrosos pensamientos de don Quijote, en este caso sobre la verdad: \u00abLa verdad adelgaza&#8230;<\/p>\n","protected":false},"author":1,"featured_media":0,"comment_status":"open","ping_status":"open","sticky":false,"template":"","format":"standard","meta":{"rop_custom_images_group":[],"rop_custom_messages_group":[],"rop_publish_now":"initial","rop_publish_now_accounts":[],"rop_publish_now_history":[],"rop_publish_now_status":"pending","footnotes":""},"categories":[1],"tags":[],"class_list":["post-3419","post","type-post","status-publish","format-standard","hentry","category-uncategorized"],"yoast_head":"<!-- This site is optimized with the Yoast SEO plugin v27.5 - https:\/\/yoast.com\/product\/yoast-seo-wordpress\/ -->\n<title>Andaluc\u00eda, la manzana podrida en el cesto (por Miguel Massanet Bosch) - La Vanguardia de Cuenca<\/title>\n<meta name=\"robots\" content=\"index, follow, max-snippet:-1, max-image-preview:large, max-video-preview:-1\" \/>\n<link rel=\"canonical\" href=\"https:\/\/lavanguardiadecuenca.es\/?p=3419\" \/>\n<meta property=\"og:locale\" content=\"es_ES\" \/>\n<meta property=\"og:type\" content=\"article\" \/>\n<meta property=\"og:title\" content=\"Andaluc\u00eda, la manzana podrida en el cesto (por Miguel Massanet Bosch) - La Vanguardia de Cuenca\" \/>\n<meta property=\"og:description\" content=\"La tradicional habilidad propagand\u00edstica de la izquierda ha convertido, por arte de magia, la gran victoria electoral del PP en Andaluc\u00eda, en derrota. En el cap\u00edtulo X de la segunda parte del Don Quijote de la Mancha, encontramos uno de los sabrosos pensamientos de don Quijote, en este caso sobre la verdad: \u00abLa verdad adelgaza...\" \/>\n<meta property=\"og:url\" content=\"https:\/\/lavanguardiadecuenca.es\/?p=3419\" \/>\n<meta property=\"og:site_name\" content=\"La Vanguardia de Cuenca\" \/>\n<meta property=\"article:published_time\" content=\"2012-04-20T23:31:44+00:00\" \/>\n<meta name=\"author\" content=\"admin6567\" \/>\n<meta name=\"twitter:card\" content=\"summary_large_image\" \/>\n<meta name=\"twitter:label1\" content=\"Escrito por\" \/>\n\t<meta name=\"twitter:data1\" content=\"admin6567\" \/>\n\t<meta name=\"twitter:label2\" content=\"Tiempo de lectura\" \/>\n\t<meta name=\"twitter:data2\" content=\"7 minutos\" \/>\n<script type=\"application\/ld+json\" class=\"yoast-schema-graph\">{\"@context\":\"https:\\\/\\\/schema.org\",\"@graph\":[{\"@type\":\"Article\",\"@id\":\"https:\\\/\\\/lavanguardiadecuenca.es\\\/?p=3419#article\",\"isPartOf\":{\"@id\":\"https:\\\/\\\/lavanguardiadecuenca.es\\\/?p=3419\"},\"author\":{\"name\":\"admin6567\",\"@id\":\"https:\\\/\\\/lavanguardiadecuenca.es\\\/#\\\/schema\\\/person\\\/533d101fbc2a9ecf6af26aeddcaf1abd\"},\"headline\":\"Andaluc\u00eda, la manzana podrida en el cesto (por Miguel Massanet Bosch)\",\"datePublished\":\"2012-04-20T23:31:44+00:00\",\"mainEntityOfPage\":{\"@id\":\"https:\\\/\\\/lavanguardiadecuenca.es\\\/?p=3419\"},\"wordCount\":1334,\"commentCount\":0,\"publisher\":{\"@id\":\"https:\\\/\\\/lavanguardiadecuenca.es\\\/#\\\/schema\\\/person\\\/efd3b99fe10ec3fad96a88f3ae7d092f\"},\"articleSection\":[\"Uncategorized\"],\"inLanguage\":\"es\",\"potentialAction\":[{\"@type\":\"CommentAction\",\"name\":\"Comment\",\"target\":[\"https:\\\/\\\/lavanguardiadecuenca.es\\\/?p=3419#respond\"]}]},{\"@type\":\"WebPage\",\"@id\":\"https:\\\/\\\/lavanguardiadecuenca.es\\\/?p=3419\",\"url\":\"https:\\\/\\\/lavanguardiadecuenca.es\\\/?p=3419\",\"name\":\"Andaluc\u00eda, la manzana podrida en el cesto (por Miguel Massanet Bosch) - La Vanguardia de Cuenca\",\"isPartOf\":{\"@id\":\"https:\\\/\\\/lavanguardiadecuenca.es\\\/#website\"},\"datePublished\":\"2012-04-20T23:31:44+00:00\",\"breadcrumb\":{\"@id\":\"https:\\\/\\\/lavanguardiadecuenca.es\\\/?p=3419#breadcrumb\"},\"inLanguage\":\"es\",\"potentialAction\":[{\"@type\":\"ReadAction\",\"target\":[\"https:\\\/\\\/lavanguardiadecuenca.es\\\/?p=3419\"]}]},{\"@type\":\"BreadcrumbList\",\"@id\":\"https:\\\/\\\/lavanguardiadecuenca.es\\\/?p=3419#breadcrumb\",\"itemListElement\":[{\"@type\":\"ListItem\",\"position\":1,\"name\":\"Portada\",\"item\":\"https:\\\/\\\/lavanguardiadecuenca.es\\\/\"},{\"@type\":\"ListItem\",\"position\":2,\"name\":\"Andaluc\u00eda, la manzana podrida en el cesto (por Miguel Massanet Bosch)\"}]},{\"@type\":\"WebSite\",\"@id\":\"https:\\\/\\\/lavanguardiadecuenca.es\\\/#website\",\"url\":\"https:\\\/\\\/lavanguardiadecuenca.es\\\/\",\"name\":\"La Vanguardia de Cuenca\",\"description\":\"Intereses: comunicaci\u00f3n y actualidad en general, weblogs, sociedad, pol\u00edtica\",\"publisher\":{\"@id\":\"https:\\\/\\\/lavanguardiadecuenca.es\\\/#\\\/schema\\\/person\\\/efd3b99fe10ec3fad96a88f3ae7d092f\"},\"potentialAction\":[{\"@type\":\"SearchAction\",\"target\":{\"@type\":\"EntryPoint\",\"urlTemplate\":\"https:\\\/\\\/lavanguardiadecuenca.es\\\/?s={search_term_string}\"},\"query-input\":{\"@type\":\"PropertyValueSpecification\",\"valueRequired\":true,\"valueName\":\"search_term_string\"}}],\"inLanguage\":\"es\"},{\"@type\":[\"Person\",\"Organization\"],\"@id\":\"https:\\\/\\\/lavanguardiadecuenca.es\\\/#\\\/schema\\\/person\\\/efd3b99fe10ec3fad96a88f3ae7d092f\",\"name\":\"Juan Andr\u00e9s Buedo\",\"image\":{\"@type\":\"ImageObject\",\"inLanguage\":\"es\",\"@id\":\"https:\\\/\\\/lavanguardiadecuenca.es\\\/wp-content\\\/uploads\\\/2025\\\/09\\\/6a00d8341c734753ef0278801a3634200d-250si.jpg\",\"url\":\"https:\\\/\\\/lavanguardiadecuenca.es\\\/wp-content\\\/uploads\\\/2025\\\/09\\\/6a00d8341c734753ef0278801a3634200d-250si.jpg\",\"contentUrl\":\"https:\\\/\\\/lavanguardiadecuenca.es\\\/wp-content\\\/uploads\\\/2025\\\/09\\\/6a00d8341c734753ef0278801a3634200d-250si.jpg\",\"width\":250,\"height\":250,\"caption\":\"Juan Andr\u00e9s Buedo\"},\"logo\":{\"@id\":\"https:\\\/\\\/lavanguardiadecuenca.es\\\/wp-content\\\/uploads\\\/2025\\\/09\\\/6a00d8341c734753ef0278801a3634200d-250si.jpg\"},\"sameAs\":[\"https:\\\/\\\/lavanguardiadecuenca.es\\\/\"]},{\"@type\":\"Person\",\"@id\":\"https:\\\/\\\/lavanguardiadecuenca.es\\\/#\\\/schema\\\/person\\\/533d101fbc2a9ecf6af26aeddcaf1abd\",\"name\":\"admin6567\",\"image\":{\"@type\":\"ImageObject\",\"inLanguage\":\"es\",\"@id\":\"https:\\\/\\\/secure.gravatar.com\\\/avatar\\\/79503df8b75d394ce1e22cb5293c3e8fee42d212f6de88e2d65bfaa128f73542?s=96&d=mm&r=g\",\"url\":\"https:\\\/\\\/secure.gravatar.com\\\/avatar\\\/79503df8b75d394ce1e22cb5293c3e8fee42d212f6de88e2d65bfaa128f73542?s=96&d=mm&r=g\",\"contentUrl\":\"https:\\\/\\\/secure.gravatar.com\\\/avatar\\\/79503df8b75d394ce1e22cb5293c3e8fee42d212f6de88e2d65bfaa128f73542?s=96&d=mm&r=g\",\"caption\":\"admin6567\"},\"sameAs\":[\"http:\\\/\\\/lavanguardiadecuenca.es\"],\"url\":\"https:\\\/\\\/lavanguardiadecuenca.es\\\/?author=1\"}]}<\/script>\n<!-- \/ Yoast SEO plugin. -->","yoast_head_json":{"title":"Andaluc\u00eda, la manzana podrida en el cesto (por Miguel Massanet Bosch) - La Vanguardia de Cuenca","robots":{"index":"index","follow":"follow","max-snippet":"max-snippet:-1","max-image-preview":"max-image-preview:large","max-video-preview":"max-video-preview:-1"},"canonical":"https:\/\/lavanguardiadecuenca.es\/?p=3419","og_locale":"es_ES","og_type":"article","og_title":"Andaluc\u00eda, la manzana podrida en el cesto (por Miguel Massanet Bosch) - La Vanguardia de Cuenca","og_description":"La tradicional habilidad propagand\u00edstica de la izquierda ha convertido, por arte de magia, la gran victoria electoral del PP en Andaluc\u00eda, en derrota. En el cap\u00edtulo X de la segunda parte del Don Quijote de la Mancha, encontramos uno de los sabrosos pensamientos de don Quijote, en este caso sobre la verdad: \u00abLa verdad adelgaza...","og_url":"https:\/\/lavanguardiadecuenca.es\/?p=3419","og_site_name":"La Vanguardia de Cuenca","article_published_time":"2012-04-20T23:31:44+00:00","author":"admin6567","twitter_card":"summary_large_image","twitter_misc":{"Escrito por":"admin6567","Tiempo de lectura":"7 minutos"},"schema":{"@context":"https:\/\/schema.org","@graph":[{"@type":"Article","@id":"https:\/\/lavanguardiadecuenca.es\/?p=3419#article","isPartOf":{"@id":"https:\/\/lavanguardiadecuenca.es\/?p=3419"},"author":{"name":"admin6567","@id":"https:\/\/lavanguardiadecuenca.es\/#\/schema\/person\/533d101fbc2a9ecf6af26aeddcaf1abd"},"headline":"Andaluc\u00eda, la manzana podrida en el cesto (por Miguel Massanet Bosch)","datePublished":"2012-04-20T23:31:44+00:00","mainEntityOfPage":{"@id":"https:\/\/lavanguardiadecuenca.es\/?p=3419"},"wordCount":1334,"commentCount":0,"publisher":{"@id":"https:\/\/lavanguardiadecuenca.es\/#\/schema\/person\/efd3b99fe10ec3fad96a88f3ae7d092f"},"articleSection":["Uncategorized"],"inLanguage":"es","potentialAction":[{"@type":"CommentAction","name":"Comment","target":["https:\/\/lavanguardiadecuenca.es\/?p=3419#respond"]}]},{"@type":"WebPage","@id":"https:\/\/lavanguardiadecuenca.es\/?p=3419","url":"https:\/\/lavanguardiadecuenca.es\/?p=3419","name":"Andaluc\u00eda, la manzana podrida en el cesto (por Miguel Massanet Bosch) - La Vanguardia de Cuenca","isPartOf":{"@id":"https:\/\/lavanguardiadecuenca.es\/#website"},"datePublished":"2012-04-20T23:31:44+00:00","breadcrumb":{"@id":"https:\/\/lavanguardiadecuenca.es\/?p=3419#breadcrumb"},"inLanguage":"es","potentialAction":[{"@type":"ReadAction","target":["https:\/\/lavanguardiadecuenca.es\/?p=3419"]}]},{"@type":"BreadcrumbList","@id":"https:\/\/lavanguardiadecuenca.es\/?p=3419#breadcrumb","itemListElement":[{"@type":"ListItem","position":1,"name":"Portada","item":"https:\/\/lavanguardiadecuenca.es\/"},{"@type":"ListItem","position":2,"name":"Andaluc\u00eda, la manzana podrida en el cesto (por Miguel Massanet Bosch)"}]},{"@type":"WebSite","@id":"https:\/\/lavanguardiadecuenca.es\/#website","url":"https:\/\/lavanguardiadecuenca.es\/","name":"La Vanguardia de Cuenca","description":"Intereses: comunicaci\u00f3n y actualidad en general, weblogs, sociedad, pol\u00edtica","publisher":{"@id":"https:\/\/lavanguardiadecuenca.es\/#\/schema\/person\/efd3b99fe10ec3fad96a88f3ae7d092f"},"potentialAction":[{"@type":"SearchAction","target":{"@type":"EntryPoint","urlTemplate":"https:\/\/lavanguardiadecuenca.es\/?s={search_term_string}"},"query-input":{"@type":"PropertyValueSpecification","valueRequired":true,"valueName":"search_term_string"}}],"inLanguage":"es"},{"@type":["Person","Organization"],"@id":"https:\/\/lavanguardiadecuenca.es\/#\/schema\/person\/efd3b99fe10ec3fad96a88f3ae7d092f","name":"Juan Andr\u00e9s Buedo","image":{"@type":"ImageObject","inLanguage":"es","@id":"https:\/\/lavanguardiadecuenca.es\/wp-content\/uploads\/2025\/09\/6a00d8341c734753ef0278801a3634200d-250si.jpg","url":"https:\/\/lavanguardiadecuenca.es\/wp-content\/uploads\/2025\/09\/6a00d8341c734753ef0278801a3634200d-250si.jpg","contentUrl":"https:\/\/lavanguardiadecuenca.es\/wp-content\/uploads\/2025\/09\/6a00d8341c734753ef0278801a3634200d-250si.jpg","width":250,"height":250,"caption":"Juan Andr\u00e9s Buedo"},"logo":{"@id":"https:\/\/lavanguardiadecuenca.es\/wp-content\/uploads\/2025\/09\/6a00d8341c734753ef0278801a3634200d-250si.jpg"},"sameAs":["https:\/\/lavanguardiadecuenca.es\/"]},{"@type":"Person","@id":"https:\/\/lavanguardiadecuenca.es\/#\/schema\/person\/533d101fbc2a9ecf6af26aeddcaf1abd","name":"admin6567","image":{"@type":"ImageObject","inLanguage":"es","@id":"https:\/\/secure.gravatar.com\/avatar\/79503df8b75d394ce1e22cb5293c3e8fee42d212f6de88e2d65bfaa128f73542?s=96&d=mm&r=g","url":"https:\/\/secure.gravatar.com\/avatar\/79503df8b75d394ce1e22cb5293c3e8fee42d212f6de88e2d65bfaa128f73542?s=96&d=mm&r=g","contentUrl":"https:\/\/secure.gravatar.com\/avatar\/79503df8b75d394ce1e22cb5293c3e8fee42d212f6de88e2d65bfaa128f73542?s=96&d=mm&r=g","caption":"admin6567"},"sameAs":["http:\/\/lavanguardiadecuenca.es"],"url":"https:\/\/lavanguardiadecuenca.es\/?author=1"}]}},"_links":{"self":[{"href":"https:\/\/lavanguardiadecuenca.es\/index.php?rest_route=\/wp\/v2\/posts\/3419","targetHints":{"allow":["GET"]}}],"collection":[{"href":"https:\/\/lavanguardiadecuenca.es\/index.php?rest_route=\/wp\/v2\/posts"}],"about":[{"href":"https:\/\/lavanguardiadecuenca.es\/index.php?rest_route=\/wp\/v2\/types\/post"}],"author":[{"embeddable":true,"href":"https:\/\/lavanguardiadecuenca.es\/index.php?rest_route=\/wp\/v2\/users\/1"}],"replies":[{"embeddable":true,"href":"https:\/\/lavanguardiadecuenca.es\/index.php?rest_route=%2Fwp%2Fv2%2Fcomments&post=3419"}],"version-history":[{"count":0,"href":"https:\/\/lavanguardiadecuenca.es\/index.php?rest_route=\/wp\/v2\/posts\/3419\/revisions"}],"wp:attachment":[{"href":"https:\/\/lavanguardiadecuenca.es\/index.php?rest_route=%2Fwp%2Fv2%2Fmedia&parent=3419"}],"wp:term":[{"taxonomy":"category","embeddable":true,"href":"https:\/\/lavanguardiadecuenca.es\/index.php?rest_route=%2Fwp%2Fv2%2Fcategories&post=3419"},{"taxonomy":"post_tag","embeddable":true,"href":"https:\/\/lavanguardiadecuenca.es\/index.php?rest_route=%2Fwp%2Fv2%2Ftags&post=3419"}],"curies":[{"name":"wp","href":"https:\/\/api.w.org\/{rel}","templated":true}]}}