{"id":3415,"date":"2012-04-22T19:24:29","date_gmt":"2012-04-22T19:24:29","guid":{"rendered":"https:\/\/lavanguardiadecuenca.es\/?p=3415"},"modified":"2012-04-22T19:24:29","modified_gmt":"2012-04-22T19:24:29","slug":"callense-los-sembradores-de-cizana-espana-no-los-soporta-por-miguel-massanet-bosch","status":"publish","type":"post","link":"https:\/\/lavanguardiadecuenca.es\/?p=3415","title":{"rendered":"\u00a1C\u00e1llense los sembradores de ciza\u00f1a! Espa\u00f1a no los soporta (por Miguel Massanet Bosch)"},"content":{"rendered":"<p>\n\u00a0<\/p>\n<p style=\"text-align: justify\"><span style=\"font-family:Arial; font-size:10pt\">El filosofo griego Teofrasto (bautizado as\u00ed por Arist\u00f3teles) vivi\u00f3 a caballo de los siglos 3\u00ba y 4\u00ba a.C. habiendo estudiado en la escuela de Plat\u00f3n hasta que \u00e9ste muri\u00f3. En su obra \u00abLos caracteres\u00bb hac\u00eda referencia a aquellos que insisten en hablar demasiado, en los siguientes t\u00e9rminos: \u00ab<em>Si al hablador se le soporta es hombre que no se cansa nunca\u00bb.<\/em> En Espa\u00f1a, para castigo de los ciudadanos y sopor de las personas inteligentes, tenemos la desgracia de tener que soportar a determinados grupos que se han atribuido a s\u00ed mismos, sin que nadie les diera licencia para ello, la misi\u00f3n de decirnos a los espa\u00f1oles lo que debemos y no debemos hacer; lo que ellos consideran que est\u00e1 bien y aquello que deciden que no debe hacerse; es decir que, as\u00ed como tenemos un Tribunal Constitucional encargado de velar por el cumplimiento de la Constituci\u00f3n ellos, <em>motu propio<\/em>, se han erigido en los vigilantes de la moral y \u00e9tica de los espa\u00f1oles y en los censores, ya dir\u00eda que inquisitoriales, de la conducta del gobierno de la naci\u00f3n.<br \/>\n<\/span><\/p>\n<p style=\"text-align: justify\"><span style=\"font-family:Arial; font-size:10pt\">Se\u00f1ores como el ex ministro de Educaci\u00f3n de UCD y ex director de la UNESCO, don Federico Mayor Zaragoza, del que lo \u00fanico que se puede decir es que ha convertido en <em>modus vivendi,<\/em> en cruzada redentora de naciones descarriadas y en defensor de causas perdidas, su misi\u00f3n redentora en la Tierra; ha formado equipo con una serie de personajes, a cual m\u00e1s iluso, (cuando no sectario y  nost\u00e1lgico del comunismo de allende el Tel\u00f3n de Acero) que, desde que el se\u00f1or Rodr\u00edguez Zapatero decidi\u00f3 convertir a Espa\u00f1a en el gui\u00f1apo que nos ha dejado, tuvieron vara alta para pretender imponernos sus filosof\u00edas descabelladas y su \u00abbuenismo\u00bb de opereta c\u00f3mica. No contentos con haber apoyado, contra viento y marea, el nefasto gobierno de ZP, durante dos legislaturas, parece que no han escarmentado y siguen, erre que erre, pretendiendo enmendar la plana a un gobierno que ha obtenido una apabullante mayor\u00eda absoluta precisamente para que no vuelva a caer en los errores y estupideces que caracterizaron, a los ejecutivos del PSOE, durante los casi ocho a\u00f1os que tuvimos que soportarlos.<br \/>\n<\/span><\/p>\n<p style=\"text-align: justify\"><span style=\"font-family:Arial; font-size:10pt\">Profesionales de los \u00abmanifiestos\u00bb no dudan en emborronar hoja tras hoja, con conceptos obsoletos, teor\u00edas igualitarias y ut\u00f3picos sistemas de gobierno; que s\u00f3lo existen en el limbo de sus mentes calenturientas. Con apoyos tan \u00abs\u00f3lidos\u00bb como el de la se\u00f1ora Bardem, que ha decidido seguir incordiando a los espa\u00f1oles mostr\u00e1ndose como defensora de los d\u00e9biles pero, eso s\u00ed, viendo a lo grande, porque, se\u00f1ores \u00abuna cosa es predicar y otra dar trigo\u00bb o el de este prescindible actorzuelo, que uno se lo encuentra hasta en la sopa, conocido como Willy Toledo, que donde se encuentra m\u00e1s a gusto es destrozando escaparates en una manifestaci\u00f3n contra el orden y el \u00abpoder\u00bb, y que nadie sabe de donde saca sus \u00abamplios conocimientos sociol\u00f3gicos\u00bb para que pretenda enmendar la plana a quienes han tenido que apechugar con los nefastos resultados del anterior gobierno. Sin duda que, ellos y el grupo de intelectuales y eternos descontentos que se sienten despechados, en realidad, porque nadie se haya acordado de ellos a las horas de repartir el pastel pol\u00edtico y, por ello, se constituyen en los m\u00e1s jacobinos detractores  de los que, actualmente, se encargan de \u00e9l.<br \/>\n<\/span><\/p>\n<p style=\"text-align: justify\"><span style=\"font-family:Arial; font-size:10pt\">Ahora, una vez m\u00e1s, todos estos pelmazos que, cuando no est\u00e1n en una manifestaci\u00f3n ante el Tribunal Supremo para apoyar a un juez prevaricador, te los encuentras en la Puerta del Sol con los 15M o protestando por los recortes que hace el Gobierno; porque, en realidad, de lo que se trata es de hacerse notar, llamar la atenci\u00f3n y que, pobres infelices como yo, tengan motivos para criticarlos y darles, de paso, notoriedad. En fin, que otra vez se han reunido para firmar uno m\u00e1s de los manifiestos que me imagino ya deben tener impresos; en esta ocasi\u00f3n, para pedir al Gobierno, por si no tuviera pocos dolores de cabeza intentando sacarnos del abismo en el que ellos y los socialistas nos han metido, que  comience a negociar con la banda terrorista ETA, la que se carg\u00f3 a cerca de 900 ciudadanos inocentes, para reivindicar no se sabe que aspiraciones nacionalistas, fruto de la mente calenturienta de Sabino Arana y, por si no bastara, que se abra una mesa de negociaci\u00f3n de car\u00e1cter pol\u00edtico, como si se tratara de negociar un acuerdo con Francia o Alemania, por ejemplo. As\u00ed de sencillo, sin m\u00e1s narices, olvid\u00e1ndonos de los miles de v\u00edctimas que han tenido que llorar a sus muertos por la vesania de unos asesinos que ya no saben si luchan por una Euskadi libre o por seguir viviendo a costa de su actividad criminal. Y tenemos que escuchar a una se\u00f1ora profesora de la universidad Carlos III de Madrid sermonearnos diciendo: \u00abque<em> esa es una postura meramente moral que no puede condicionar el obtener una situaci\u00f3n de normalidad<\/em> \u00aba\u00f1adiendo a continuaci\u00f3n: \u00ab<em>el perd\u00f3n en el sentido m\u00e1s jur\u00eddico es evidente que se est\u00e1 haciendo por todos los presos<\/em>\u00ab.<br \/>\n<\/span><\/p>\n<p style=\"text-align: justify\"><span style=\"font-family:Arial; font-size:10pt\">\u00a1Repugnante! \u00bfC\u00f3mo puede esta se\u00f1ora hablar de que, el rechazo al perd\u00f3n es una \u00abpostura moral\u00bb? Por lo visto se olvida esta se\u00f1ora de que Espa\u00f1a es un Estado de Derecho; que se rige por leyes que no distinguen entre criminales vascos o de otras autonom\u00edas y que, lo que han hecho estos individuos de los que tanto se preocupan, ha sido asesinar a traici\u00f3n, con todos los agravantes del C\u00f3digo Penal, a unos pobres ciudadanos que tuvieron la mala suerte de cruzarse en su camino. Seguramente, ninguno de los firmantes de semejante bazofia, se ha parado a pensar en lo que sentir\u00eda si le hubieran masacrado a alg\u00fan familiar cercano. Me resulta incomprensible esta facilidad que algunos demuestran al decantarse, no sabemos en funci\u00f3n de qu\u00e9 clase de filosof\u00eda,  a favor del perd\u00f3n a los criminales, sin tener en cuenta el da\u00f1o que causaron, el castigo merecido y la desgracia irreparable y desprotecci\u00f3n que causaron a sus familias.<br \/>\n<\/span><\/p>\n<p style=\"text-align: justify\"><span style=\"font-family:Arial; font-size:10pt\">Lo que tiene que hacer ETA es disolverse, entregar las armas y someterse a la Justicia de los tribunales, para purgar las penas que les correspondan, por los cr\u00edmenes cometidos y para que el orden p\u00fablico sea restablecido.  Todos estos falsos mediadores,  estos izquierdistas que pretenden arreglar el mundo cediendo ante los que pretenden implantar un sistema basado en el totalitarismo, el absolutismo y la ley del m\u00e1s fuerte; deberemos concluir que no viven en el mismo planeta que nosotros y que, si lo que pretenden es aprovecharse de la situaci\u00f3n de debilidad y desconcierto en la que est\u00e1 sumida nuestra naci\u00f3n, para llevar el agua hacia su molino; entonces, se\u00f1ores, no son m\u00e1s que traidores a los que se les debe tratar como se merecen. No est\u00e1 el horno para semejantes bollos ni se puede permitir que, cuatro insensatos, movidos por motivos ut\u00f3picos y sectarios, se dediquen a crear m\u00e1s dificultades de las que, quienes les vienen apoyando, ya nos han causado durante casi ocho a\u00f1os de gobierno.<br \/>\n<\/span><\/p>\n<p style=\"text-align: justify\"><span style=\"font-family:Arial; font-size:10pt\">Para conocer el percal de quienes son los firmantes del famoso manifiesto basta que enumeremos, adem\u00e1s de los citados anteriormente, a varios profesores de la Universidad Complutense de Madrid ,\u00bfser\u00e1n aquellos que no permiten que pol\u00edticos, como Rosa Diaz, puedan dar conferencias en ellas?; de la Universidad Aut\u00f3noma de Madrid, de la UND; el se\u00f1or Enrique de Santiago de IU; Red Roja; Iniciativa Comunista; Izquierda Castellana e Izquierda anticapitalista acompa\u00f1ados, como no, por actores como Alberto San Juan, Unax Ugalde o Antonio de la Torre. Los habituales representantes de \u00abla cultura\u00bb que, no obstante, son incapaces de elaborar propuestas constructivas, limit\u00e1ndose a atenerse al manual comunista del se\u00f1or Stal\u00edn. Lamentable, se\u00f1ores, lamentable o as\u00ed me lo parece a m\u00ed.<br \/>\n<\/span><\/p>\n<p style=\"text-align: justify\">\n\u00a0<\/p>\n<p style=\"text-align: justify; margin-left: 35pt\"><span style=\"color:#1f497d; font-family:Arial; font-size:10pt\"><strong>Miguel Massanet Bosch<br \/>\n<\/strong><\/span><\/p>\n","protected":false},"excerpt":{"rendered":"<p>\u00a0 El filosofo griego Teofrasto (bautizado as\u00ed por Arist\u00f3teles) vivi\u00f3 a caballo de los siglos 3\u00ba y 4\u00ba a.C. habiendo estudiado en la escuela de Plat\u00f3n hasta que \u00e9ste muri\u00f3. En su obra \u00abLos caracteres\u00bb hac\u00eda referencia a aquellos que insisten en hablar demasiado, en los siguientes t\u00e9rminos: \u00abSi al hablador se le soporta es&#8230;<\/p>\n","protected":false},"author":1,"featured_media":0,"comment_status":"open","ping_status":"open","sticky":false,"template":"","format":"standard","meta":{"rop_custom_images_group":[],"rop_custom_messages_group":[],"rop_publish_now":"initial","rop_publish_now_accounts":[],"rop_publish_now_history":[],"rop_publish_now_status":"pending","footnotes":""},"categories":[1],"tags":[],"class_list":["post-3415","post","type-post","status-publish","format-standard","hentry","category-uncategorized"],"yoast_head":"<!-- This site is optimized with the Yoast SEO plugin v27.5 - https:\/\/yoast.com\/product\/yoast-seo-wordpress\/ -->\n<title>\u00a1C\u00e1llense los sembradores de ciza\u00f1a! Espa\u00f1a no los soporta (por Miguel Massanet Bosch) - La Vanguardia de Cuenca<\/title>\n<meta name=\"robots\" content=\"index, follow, max-snippet:-1, max-image-preview:large, max-video-preview:-1\" \/>\n<link rel=\"canonical\" href=\"https:\/\/lavanguardiadecuenca.es\/?p=3415\" \/>\n<meta property=\"og:locale\" content=\"es_ES\" \/>\n<meta property=\"og:type\" content=\"article\" \/>\n<meta property=\"og:title\" content=\"\u00a1C\u00e1llense los sembradores de ciza\u00f1a! Espa\u00f1a no los soporta (por Miguel Massanet Bosch) - La Vanguardia de Cuenca\" \/>\n<meta property=\"og:description\" content=\"\u00a0 El filosofo griego Teofrasto (bautizado as\u00ed por Arist\u00f3teles) vivi\u00f3 a caballo de los siglos 3\u00ba y 4\u00ba a.C. habiendo estudiado en la escuela de Plat\u00f3n hasta que \u00e9ste muri\u00f3. En su obra \u00abLos caracteres\u00bb hac\u00eda referencia a aquellos que insisten en hablar demasiado, en los siguientes t\u00e9rminos: \u00abSi al hablador se le soporta es...\" \/>\n<meta property=\"og:url\" content=\"https:\/\/lavanguardiadecuenca.es\/?p=3415\" \/>\n<meta property=\"og:site_name\" content=\"La Vanguardia de Cuenca\" \/>\n<meta property=\"article:published_time\" content=\"2012-04-22T19:24:29+00:00\" \/>\n<meta name=\"author\" content=\"admin6567\" \/>\n<meta name=\"twitter:card\" content=\"summary_large_image\" \/>\n<meta name=\"twitter:label1\" content=\"Escrito por\" \/>\n\t<meta name=\"twitter:data1\" content=\"admin6567\" \/>\n\t<meta name=\"twitter:label2\" content=\"Tiempo de lectura\" \/>\n\t<meta name=\"twitter:data2\" content=\"7 minutos\" \/>\n<script type=\"application\/ld+json\" class=\"yoast-schema-graph\">{\"@context\":\"https:\\\/\\\/schema.org\",\"@graph\":[{\"@type\":\"Article\",\"@id\":\"https:\\\/\\\/lavanguardiadecuenca.es\\\/?p=3415#article\",\"isPartOf\":{\"@id\":\"https:\\\/\\\/lavanguardiadecuenca.es\\\/?p=3415\"},\"author\":{\"name\":\"admin6567\",\"@id\":\"https:\\\/\\\/lavanguardiadecuenca.es\\\/#\\\/schema\\\/person\\\/533d101fbc2a9ecf6af26aeddcaf1abd\"},\"headline\":\"\u00a1C\u00e1llense los sembradores de ciza\u00f1a! Espa\u00f1a no los soporta (por Miguel Massanet Bosch)\",\"datePublished\":\"2012-04-22T19:24:29+00:00\",\"mainEntityOfPage\":{\"@id\":\"https:\\\/\\\/lavanguardiadecuenca.es\\\/?p=3415\"},\"wordCount\":1394,\"commentCount\":0,\"publisher\":{\"@id\":\"https:\\\/\\\/lavanguardiadecuenca.es\\\/#\\\/schema\\\/person\\\/efd3b99fe10ec3fad96a88f3ae7d092f\"},\"articleSection\":[\"Uncategorized\"],\"inLanguage\":\"es\",\"potentialAction\":[{\"@type\":\"CommentAction\",\"name\":\"Comment\",\"target\":[\"https:\\\/\\\/lavanguardiadecuenca.es\\\/?p=3415#respond\"]}]},{\"@type\":\"WebPage\",\"@id\":\"https:\\\/\\\/lavanguardiadecuenca.es\\\/?p=3415\",\"url\":\"https:\\\/\\\/lavanguardiadecuenca.es\\\/?p=3415\",\"name\":\"\u00a1C\u00e1llense los sembradores de ciza\u00f1a! Espa\u00f1a no los soporta (por Miguel Massanet Bosch) - La Vanguardia de Cuenca\",\"isPartOf\":{\"@id\":\"https:\\\/\\\/lavanguardiadecuenca.es\\\/#website\"},\"datePublished\":\"2012-04-22T19:24:29+00:00\",\"breadcrumb\":{\"@id\":\"https:\\\/\\\/lavanguardiadecuenca.es\\\/?p=3415#breadcrumb\"},\"inLanguage\":\"es\",\"potentialAction\":[{\"@type\":\"ReadAction\",\"target\":[\"https:\\\/\\\/lavanguardiadecuenca.es\\\/?p=3415\"]}]},{\"@type\":\"BreadcrumbList\",\"@id\":\"https:\\\/\\\/lavanguardiadecuenca.es\\\/?p=3415#breadcrumb\",\"itemListElement\":[{\"@type\":\"ListItem\",\"position\":1,\"name\":\"Portada\",\"item\":\"https:\\\/\\\/lavanguardiadecuenca.es\\\/\"},{\"@type\":\"ListItem\",\"position\":2,\"name\":\"\u00a1C\u00e1llense los sembradores de ciza\u00f1a! Espa\u00f1a no los soporta (por Miguel Massanet Bosch)\"}]},{\"@type\":\"WebSite\",\"@id\":\"https:\\\/\\\/lavanguardiadecuenca.es\\\/#website\",\"url\":\"https:\\\/\\\/lavanguardiadecuenca.es\\\/\",\"name\":\"La Vanguardia de Cuenca\",\"description\":\"Intereses: comunicaci\u00f3n y actualidad en general, weblogs, sociedad, pol\u00edtica\",\"publisher\":{\"@id\":\"https:\\\/\\\/lavanguardiadecuenca.es\\\/#\\\/schema\\\/person\\\/efd3b99fe10ec3fad96a88f3ae7d092f\"},\"potentialAction\":[{\"@type\":\"SearchAction\",\"target\":{\"@type\":\"EntryPoint\",\"urlTemplate\":\"https:\\\/\\\/lavanguardiadecuenca.es\\\/?s={search_term_string}\"},\"query-input\":{\"@type\":\"PropertyValueSpecification\",\"valueRequired\":true,\"valueName\":\"search_term_string\"}}],\"inLanguage\":\"es\"},{\"@type\":[\"Person\",\"Organization\"],\"@id\":\"https:\\\/\\\/lavanguardiadecuenca.es\\\/#\\\/schema\\\/person\\\/efd3b99fe10ec3fad96a88f3ae7d092f\",\"name\":\"Juan Andr\u00e9s Buedo\",\"image\":{\"@type\":\"ImageObject\",\"inLanguage\":\"es\",\"@id\":\"https:\\\/\\\/lavanguardiadecuenca.es\\\/wp-content\\\/uploads\\\/2025\\\/09\\\/6a00d8341c734753ef0278801a3634200d-250si.jpg\",\"url\":\"https:\\\/\\\/lavanguardiadecuenca.es\\\/wp-content\\\/uploads\\\/2025\\\/09\\\/6a00d8341c734753ef0278801a3634200d-250si.jpg\",\"contentUrl\":\"https:\\\/\\\/lavanguardiadecuenca.es\\\/wp-content\\\/uploads\\\/2025\\\/09\\\/6a00d8341c734753ef0278801a3634200d-250si.jpg\",\"width\":250,\"height\":250,\"caption\":\"Juan Andr\u00e9s Buedo\"},\"logo\":{\"@id\":\"https:\\\/\\\/lavanguardiadecuenca.es\\\/wp-content\\\/uploads\\\/2025\\\/09\\\/6a00d8341c734753ef0278801a3634200d-250si.jpg\"},\"sameAs\":[\"https:\\\/\\\/lavanguardiadecuenca.es\\\/\"]},{\"@type\":\"Person\",\"@id\":\"https:\\\/\\\/lavanguardiadecuenca.es\\\/#\\\/schema\\\/person\\\/533d101fbc2a9ecf6af26aeddcaf1abd\",\"name\":\"admin6567\",\"image\":{\"@type\":\"ImageObject\",\"inLanguage\":\"es\",\"@id\":\"https:\\\/\\\/secure.gravatar.com\\\/avatar\\\/79503df8b75d394ce1e22cb5293c3e8fee42d212f6de88e2d65bfaa128f73542?s=96&d=mm&r=g\",\"url\":\"https:\\\/\\\/secure.gravatar.com\\\/avatar\\\/79503df8b75d394ce1e22cb5293c3e8fee42d212f6de88e2d65bfaa128f73542?s=96&d=mm&r=g\",\"contentUrl\":\"https:\\\/\\\/secure.gravatar.com\\\/avatar\\\/79503df8b75d394ce1e22cb5293c3e8fee42d212f6de88e2d65bfaa128f73542?s=96&d=mm&r=g\",\"caption\":\"admin6567\"},\"sameAs\":[\"http:\\\/\\\/lavanguardiadecuenca.es\"],\"url\":\"https:\\\/\\\/lavanguardiadecuenca.es\\\/?author=1\"}]}<\/script>\n<!-- \/ Yoast SEO plugin. -->","yoast_head_json":{"title":"\u00a1C\u00e1llense los sembradores de ciza\u00f1a! Espa\u00f1a no los soporta (por Miguel Massanet Bosch) - La Vanguardia de Cuenca","robots":{"index":"index","follow":"follow","max-snippet":"max-snippet:-1","max-image-preview":"max-image-preview:large","max-video-preview":"max-video-preview:-1"},"canonical":"https:\/\/lavanguardiadecuenca.es\/?p=3415","og_locale":"es_ES","og_type":"article","og_title":"\u00a1C\u00e1llense los sembradores de ciza\u00f1a! Espa\u00f1a no los soporta (por Miguel Massanet Bosch) - La Vanguardia de Cuenca","og_description":"\u00a0 El filosofo griego Teofrasto (bautizado as\u00ed por Arist\u00f3teles) vivi\u00f3 a caballo de los siglos 3\u00ba y 4\u00ba a.C. habiendo estudiado en la escuela de Plat\u00f3n hasta que \u00e9ste muri\u00f3. En su obra \u00abLos caracteres\u00bb hac\u00eda referencia a aquellos que insisten en hablar demasiado, en los siguientes t\u00e9rminos: \u00abSi al hablador se le soporta es...","og_url":"https:\/\/lavanguardiadecuenca.es\/?p=3415","og_site_name":"La Vanguardia de Cuenca","article_published_time":"2012-04-22T19:24:29+00:00","author":"admin6567","twitter_card":"summary_large_image","twitter_misc":{"Escrito por":"admin6567","Tiempo de lectura":"7 minutos"},"schema":{"@context":"https:\/\/schema.org","@graph":[{"@type":"Article","@id":"https:\/\/lavanguardiadecuenca.es\/?p=3415#article","isPartOf":{"@id":"https:\/\/lavanguardiadecuenca.es\/?p=3415"},"author":{"name":"admin6567","@id":"https:\/\/lavanguardiadecuenca.es\/#\/schema\/person\/533d101fbc2a9ecf6af26aeddcaf1abd"},"headline":"\u00a1C\u00e1llense los sembradores de ciza\u00f1a! Espa\u00f1a no los soporta (por Miguel Massanet Bosch)","datePublished":"2012-04-22T19:24:29+00:00","mainEntityOfPage":{"@id":"https:\/\/lavanguardiadecuenca.es\/?p=3415"},"wordCount":1394,"commentCount":0,"publisher":{"@id":"https:\/\/lavanguardiadecuenca.es\/#\/schema\/person\/efd3b99fe10ec3fad96a88f3ae7d092f"},"articleSection":["Uncategorized"],"inLanguage":"es","potentialAction":[{"@type":"CommentAction","name":"Comment","target":["https:\/\/lavanguardiadecuenca.es\/?p=3415#respond"]}]},{"@type":"WebPage","@id":"https:\/\/lavanguardiadecuenca.es\/?p=3415","url":"https:\/\/lavanguardiadecuenca.es\/?p=3415","name":"\u00a1C\u00e1llense los sembradores de ciza\u00f1a! Espa\u00f1a no los soporta (por Miguel Massanet Bosch) - La Vanguardia de Cuenca","isPartOf":{"@id":"https:\/\/lavanguardiadecuenca.es\/#website"},"datePublished":"2012-04-22T19:24:29+00:00","breadcrumb":{"@id":"https:\/\/lavanguardiadecuenca.es\/?p=3415#breadcrumb"},"inLanguage":"es","potentialAction":[{"@type":"ReadAction","target":["https:\/\/lavanguardiadecuenca.es\/?p=3415"]}]},{"@type":"BreadcrumbList","@id":"https:\/\/lavanguardiadecuenca.es\/?p=3415#breadcrumb","itemListElement":[{"@type":"ListItem","position":1,"name":"Portada","item":"https:\/\/lavanguardiadecuenca.es\/"},{"@type":"ListItem","position":2,"name":"\u00a1C\u00e1llense los sembradores de ciza\u00f1a! Espa\u00f1a no los soporta (por Miguel Massanet Bosch)"}]},{"@type":"WebSite","@id":"https:\/\/lavanguardiadecuenca.es\/#website","url":"https:\/\/lavanguardiadecuenca.es\/","name":"La Vanguardia de Cuenca","description":"Intereses: comunicaci\u00f3n y actualidad en general, weblogs, sociedad, pol\u00edtica","publisher":{"@id":"https:\/\/lavanguardiadecuenca.es\/#\/schema\/person\/efd3b99fe10ec3fad96a88f3ae7d092f"},"potentialAction":[{"@type":"SearchAction","target":{"@type":"EntryPoint","urlTemplate":"https:\/\/lavanguardiadecuenca.es\/?s={search_term_string}"},"query-input":{"@type":"PropertyValueSpecification","valueRequired":true,"valueName":"search_term_string"}}],"inLanguage":"es"},{"@type":["Person","Organization"],"@id":"https:\/\/lavanguardiadecuenca.es\/#\/schema\/person\/efd3b99fe10ec3fad96a88f3ae7d092f","name":"Juan Andr\u00e9s Buedo","image":{"@type":"ImageObject","inLanguage":"es","@id":"https:\/\/lavanguardiadecuenca.es\/wp-content\/uploads\/2025\/09\/6a00d8341c734753ef0278801a3634200d-250si.jpg","url":"https:\/\/lavanguardiadecuenca.es\/wp-content\/uploads\/2025\/09\/6a00d8341c734753ef0278801a3634200d-250si.jpg","contentUrl":"https:\/\/lavanguardiadecuenca.es\/wp-content\/uploads\/2025\/09\/6a00d8341c734753ef0278801a3634200d-250si.jpg","width":250,"height":250,"caption":"Juan Andr\u00e9s Buedo"},"logo":{"@id":"https:\/\/lavanguardiadecuenca.es\/wp-content\/uploads\/2025\/09\/6a00d8341c734753ef0278801a3634200d-250si.jpg"},"sameAs":["https:\/\/lavanguardiadecuenca.es\/"]},{"@type":"Person","@id":"https:\/\/lavanguardiadecuenca.es\/#\/schema\/person\/533d101fbc2a9ecf6af26aeddcaf1abd","name":"admin6567","image":{"@type":"ImageObject","inLanguage":"es","@id":"https:\/\/secure.gravatar.com\/avatar\/79503df8b75d394ce1e22cb5293c3e8fee42d212f6de88e2d65bfaa128f73542?s=96&d=mm&r=g","url":"https:\/\/secure.gravatar.com\/avatar\/79503df8b75d394ce1e22cb5293c3e8fee42d212f6de88e2d65bfaa128f73542?s=96&d=mm&r=g","contentUrl":"https:\/\/secure.gravatar.com\/avatar\/79503df8b75d394ce1e22cb5293c3e8fee42d212f6de88e2d65bfaa128f73542?s=96&d=mm&r=g","caption":"admin6567"},"sameAs":["http:\/\/lavanguardiadecuenca.es"],"url":"https:\/\/lavanguardiadecuenca.es\/?author=1"}]}},"_links":{"self":[{"href":"https:\/\/lavanguardiadecuenca.es\/index.php?rest_route=\/wp\/v2\/posts\/3415","targetHints":{"allow":["GET"]}}],"collection":[{"href":"https:\/\/lavanguardiadecuenca.es\/index.php?rest_route=\/wp\/v2\/posts"}],"about":[{"href":"https:\/\/lavanguardiadecuenca.es\/index.php?rest_route=\/wp\/v2\/types\/post"}],"author":[{"embeddable":true,"href":"https:\/\/lavanguardiadecuenca.es\/index.php?rest_route=\/wp\/v2\/users\/1"}],"replies":[{"embeddable":true,"href":"https:\/\/lavanguardiadecuenca.es\/index.php?rest_route=%2Fwp%2Fv2%2Fcomments&post=3415"}],"version-history":[{"count":0,"href":"https:\/\/lavanguardiadecuenca.es\/index.php?rest_route=\/wp\/v2\/posts\/3415\/revisions"}],"wp:attachment":[{"href":"https:\/\/lavanguardiadecuenca.es\/index.php?rest_route=%2Fwp%2Fv2%2Fmedia&parent=3415"}],"wp:term":[{"taxonomy":"category","embeddable":true,"href":"https:\/\/lavanguardiadecuenca.es\/index.php?rest_route=%2Fwp%2Fv2%2Fcategories&post=3415"},{"taxonomy":"post_tag","embeddable":true,"href":"https:\/\/lavanguardiadecuenca.es\/index.php?rest_route=%2Fwp%2Fv2%2Ftags&post=3415"}],"curies":[{"name":"wp","href":"https:\/\/api.w.org\/{rel}","templated":true}]}}