{"id":3414,"date":"2012-04-22T19:31:32","date_gmt":"2012-04-22T19:31:32","guid":{"rendered":"https:\/\/lavanguardiadecuenca.es\/?p=3414"},"modified":"2012-04-22T19:31:32","modified_gmt":"2012-04-22T19:31:32","slug":"impacientes-de-derechas-sectarios-y-oportunistas-de-izquierdas-por-miguel-massanet-bosch","status":"publish","type":"post","link":"https:\/\/lavanguardiadecuenca.es\/?p=3414","title":{"rendered":"Impacientes de derechas; sectarios y oportunistas de izquierdas (por Miguel Massanet Bosch)"},"content":{"rendered":"<p>\n\u00a0<\/p>\n<p style=\"text-align: justify\"><span style=\"font-family:Arial; font-size:10pt\">\u00a1<em>Madera, m\u00e1s madera, traed madera, es la guerra!<br \/>\n<\/em><\/span><\/p>\n<p style=\"text-align: justify\"><span style=\"font-family:Arial; font-size:10pt\">El eximio poeta nicarag\u00fcense, Rub\u00e9n Dar\u00edo (1.867-1.916), llamado <em>pr\u00edncipe de las letras castellanas,<\/em> recoge, en \u00ab<em>El salmo de la pluma<\/em>\u00ab, los siguientes versos en los que define, po\u00e9ticamente, el pesimismo: \u00ab<em>Esp\u00edritu con alas de murci\u00e9lago\/ y garras de chacal<\/em>\u00ab. Y no se crean que sea un capricho o casualidad que me refiera a este viejo compa\u00f1ero de fatigas que, para m\u00ed es, el pesimismo, un sentimiento con el que estoy luchando desde hace muchos a\u00f1os y que, en ocasiones, ha conseguido llegar a amargarme la existencia. Pero hoy quiero hablarles de una pel\u00edcula de los a\u00f1os 40, una delicia con la que nos obsequiaban los incomparables Hermanos Marx, con su peculiar humor y sus inigualables <em>gags<\/em>.<br \/>\n<\/span><\/p>\n<p style=\"text-align: justify\"><span style=\"font-family:Arial; font-size:10pt\">Me refiero al filme \u00ab<em>Los hermanos Marx en el Oeste<\/em>\u00bb un western que gira en tono a una mina de oro sin valor y en los oscuros designios de una compa\u00f1\u00eda de ferrocarriles que necesitaba aquellos terrenos. Entre las m\u00faltiples escenas c\u00f3micas de la pel\u00edcula hay una, particularmente graciosa y que, sin embargo, encierra en s\u00ed una met\u00e1fora de la que se pueden sacar jugosas conclusiones. Es un momento en que, los hermanos Marx, tienen urgencia de llegar a un destino determinado y se embarcan en un tren de aquellos de caldera de vapor, al que quieren obligar a ir m\u00e1s deprisa a toda costa, por lo cual, cuando ya se ha terminado el dep\u00f3sito de carb\u00f3n de la locomotora, los tres hermanos se dedican a desguazar los vagones para alimentar el fuego con la madera que sacan de ellos. El fin, ya se lo pueden imaginar ustedes: el tren convertido en un esqueleto de hierros mientras Groucho, el del puro, sigue pidiendo, a grito pelado: \u00a1<em>Madera, m\u00e1s madera, traed madera, es la guerra!<br \/>\n<\/em><\/span><\/p>\n<p style=\"text-align: justify\"><span style=\"font-family:Arial; font-size:10pt\">A mi se me ocurre que la historia del tren puede ser entendida como una met\u00e1fora elevada a s\u00edmbolo de la actual situaci\u00f3n de nuestra naci\u00f3n. El tren ser\u00eda Espa\u00f1a, una naci\u00f3n que se dirige al encuentro de su futuro, los hermanos Marx, con perd\u00f3n, ser\u00edan nuestros actuales gobernantes, empe\u00f1ados en que el tren llegue a su destino; los malos de la historia, la compa\u00f1\u00eda de ferrocarriles, son todos aquellos que est\u00e1n esperando, como cuervos acechando la carro\u00f1a, que el Gobierno fracase, para lanzarse sobre lo que quede del pa\u00eds como hienas hambrientas; los pasajeros ser\u00edamos los espa\u00f1oles mudos sujetos pasivos de la escena. Es evidente que, a pesar de que las izquierdas se empe\u00f1an en negarlo, en hacer que olvidemos quienes son los que nos han conducido a esta situaci\u00f3n extrema, lo cierto es que, los nos dejaron un tren sin frenos y sin le\u00f1a, han sido los gobiernos del PSOE con la inestimable colaboraci\u00f3n de comunistas y nacionalistas que colaboraron a mantenerlo en pie.<br \/>\n<\/span><\/p>\n<p style=\"text-align: justify\"><span style=\"font-family:Arial; font-size:10pt\">Ya tenemos a los personajes de este drama ahora veamos como transcurre la trama: los hermanos Marx (el Gobierno) pretenden alcanzar el objetivo de llegar a la meta; se encuentran en una situaci\u00f3n l\u00edmite que les obliga a tomar medidas extremas para evitar quedarse por el camino. Groucho (Rajoy) grita, animando a la colaboraci\u00f3n \u00ab<em>Traed madera, m\u00e1s madera<\/em>\u2026\u00bb; el pa\u00eds necesita el esfuerzo de todos, no es momento de andarse con minucias, hay que arrimar el hombro, no valen excusas o reproches. Ya no hablamos de planteamientos electorales, ni de quien ha incumplido m\u00e1s sus promesas; estamos ante una situaci\u00f3n distinta de la esperada, una realidad que supera y duplica lo cualquier presupuesto y que obliga a desmantelar lo que algunos, de una manera torticera, se empe\u00f1an en querer obligar al nuevo Gobierno a que mantenga a toda costa, el famoso \u00abestado del bienestar\u00bb.; un estado ut\u00f3pico que ya ha dejado de existir desde que revent\u00f3 la burbuja inmobiliaria, el paro se dispar\u00f3 hasta rozar casi los seis millones de desempleados y el fantasma de la p\u00e9rdida del puesto de trabajo se ha abatido sobre todos los espa\u00f1oles, que permanecemos atrincherados, consumiendo lo indispensable, en espera de que la tormenta amaine aunque, por ahora, parece que esto no suceder\u00e1.<br \/>\n<\/span><\/p>\n<p style=\"text-align: justify\"><span style=\"font-family:Arial; font-size:10pt\">Pero, entre el pasaje hay quintacolumnistas que intentan impedir que se utilice la madera para hacer funcionar la maquinaria y quieren retenerla en los vagones, alegando que se van a resfriar. Su objetivo se centra en que, los hermanos Marx ( el Gobierno), no consigan alcanzar su objetivo que, en nuestro caso, es lograr que Espa\u00f1a supere el trauma y pueda recuperar la confianza de los mercados, cuando se convenzan de que estamos sentando las bases para recobrar el aliento y reemprender el camino que nunca debi\u00e9ramos de haber abandonado que, por supuesto no consiste en seguir manteniendo las subvenciones a los amiguetes y despilfarrar los impuestos a manos llenas, para llenarse, de paso, las faltriqueras. Pero hay algo peor, incluso, que la deslealtad de los socialistas y los comunistas que, al fin y al cabo, ya conocemos de qu\u00e9 pie cojean; no, se\u00f1ores, lo peor es que aquellos que s\u00f3lo hace dos meses eran partidarios ac\u00e9rrimos del nuevo gobierno; que se mostraron dispuestos a asumir los sacrificios precisos para levantar la naci\u00f3n; ahora, cuando llega el momento de los sacrificios, cuando ven que puede llegarles a ellos el recorte y cuando se ponen en juego puestos de trabajo que deben eliminarse para evitar el sobre coste de nuestro aparato p\u00fablico, se cambian la camisa, empiezan a criticar las medidas del Gobierno y quieren matizar unas cosas y discutir otras porque, en este pa\u00eds, cada espa\u00f1ol se ve con fuerzas para darle consejos al Ejecutivo; algo que que, como es natural, es imposible admitir si es que queremos salir indemnes de este trance.<br \/>\n<\/span><\/p>\n<p style=\"text-align: justify\"><span style=\"font-family:Arial; font-size:10pt\">Pone los pelos de punta ver como reporteros de s\u00f3lido prestigio empiezan a flaquear s\u00f3lo porque a ellos no les convencen las medidas que est\u00e1 aplicando el nuevo Gobierno. Y es que, si uno se toma la molestia de escuchar las tertulias que, en n\u00famero desproporcionado y excesivo, sirven para darles de comer a muchos periodistas que, de otra forma, no llegar\u00edan a final de mes; y se apercibe del engolamiento y suficiencia con  que, se\u00f1ores y se\u00f1oras, dan sus recetas, al parecer infalibles, sobre lo que deber\u00eda hacer el se\u00f1or Rajoy o el se\u00f1or Guindos; como si,, todos ellos, estuvieran diplomados en econom\u00eda, ciencias pol\u00edticas, ciencias sociales, derecho financiero y todo el sinf\u00edn de especialidades que, si tuvi\u00e9ramos que atenernos a lo que pretenden saber todos estos se\u00f1ores, no es que sean periodistas, sino que son verdaderas enciclopedias parlantes. Lo que ocurre es que se vienen equivocando una y otra vez con sus pron\u00f3sticos, sin que, al parecer, nadie se lo reconvenga. \u00a1Y estos se\u00f1ores son los que presumen de formar opini\u00f3n, de crear una informaci\u00f3n fidedigna y de mantener una objetividad a prueba de bombas!<br \/>\n<\/span><\/p>\n<p style=\"text-align: justify\"><span style=\"font-family:Arial; font-size:10pt\">No se trata, a mi entender, de que vayamos emitiendo juicios sobre cada una de las medidas que vaya implantando el Gobierno; ni tampoco que pretendamos hacer un an\u00e1lisis global de la situaci\u00f3n de Espa\u00f1a, porque es algo que, evidentemente, no est\u00e1 en nuestras manos; ni que les hagamos el caldo gordo a todos aquellos que quieren pescar en aguas revueltas, pero que, ya lo han demostrado durante el tiempo que han gobernado la naci\u00f3n, ni tuvieron ni ahora tienen f\u00f3rmulas m\u00e1gicas para hacerlo mejor que los actuales gobernantes. Lo que toca es apretar los dientes, rezar los que creen en Dios y esperar que todos los esfuerzos que se nos piden tengan, en un plazo razonable, los efectos positivos que nos permitan confiar en una recuperaci\u00f3n que, desde luego, no va a ser inmediata, pero que nos deje esperar la llegada de tiempos mejores. O esto es, se\u00f1ores, lo que yo pienso al respeto sobre esta cuesti\u00f3n.<br \/>\n<\/span><\/p>\n<p style=\"text-align: justify\">\n\u00a0<\/p>\n<p><span style=\"color:#1f497d; font-family:Arial; font-size:10pt\"><strong>Miguel Massanet Bosch<\/strong><\/span><\/p>\n","protected":false},"excerpt":{"rendered":"<p>\u00a0 \u00a1Madera, m\u00e1s madera, traed madera, es la guerra! El eximio poeta nicarag\u00fcense, Rub\u00e9n Dar\u00edo (1.867-1.916), llamado pr\u00edncipe de las letras castellanas, recoge, en \u00abEl salmo de la pluma\u00ab, los siguientes versos en los que define, po\u00e9ticamente, el pesimismo: \u00abEsp\u00edritu con alas de murci\u00e9lago\/ y garras de chacal\u00ab. Y no se crean que sea un&#8230;<\/p>\n","protected":false},"author":1,"featured_media":0,"comment_status":"open","ping_status":"open","sticky":false,"template":"","format":"standard","meta":{"rop_custom_images_group":[],"rop_custom_messages_group":[],"rop_publish_now":"initial","rop_publish_now_accounts":[],"rop_publish_now_history":[],"rop_publish_now_status":"pending","footnotes":""},"categories":[1],"tags":[],"class_list":["post-3414","post","type-post","status-publish","format-standard","hentry","category-uncategorized"],"yoast_head":"<!-- This site is optimized with the Yoast SEO plugin v27.5 - https:\/\/yoast.com\/product\/yoast-seo-wordpress\/ -->\n<title>Impacientes de derechas; sectarios y oportunistas de izquierdas (por Miguel Massanet Bosch) - La Vanguardia de Cuenca<\/title>\n<meta name=\"robots\" content=\"index, follow, max-snippet:-1, max-image-preview:large, max-video-preview:-1\" \/>\n<link rel=\"canonical\" href=\"https:\/\/lavanguardiadecuenca.es\/?p=3414\" \/>\n<meta property=\"og:locale\" content=\"es_ES\" \/>\n<meta property=\"og:type\" content=\"article\" \/>\n<meta property=\"og:title\" content=\"Impacientes de derechas; sectarios y oportunistas de izquierdas (por Miguel Massanet Bosch) - La Vanguardia de Cuenca\" \/>\n<meta property=\"og:description\" content=\"\u00a0 \u00a1Madera, m\u00e1s madera, traed madera, es la guerra! El eximio poeta nicarag\u00fcense, Rub\u00e9n Dar\u00edo (1.867-1.916), llamado pr\u00edncipe de las letras castellanas, recoge, en \u00abEl salmo de la pluma\u00ab, los siguientes versos en los que define, po\u00e9ticamente, el pesimismo: \u00abEsp\u00edritu con alas de murci\u00e9lago\/ y garras de chacal\u00ab. Y no se crean que sea un...\" \/>\n<meta property=\"og:url\" content=\"https:\/\/lavanguardiadecuenca.es\/?p=3414\" \/>\n<meta property=\"og:site_name\" content=\"La Vanguardia de Cuenca\" \/>\n<meta property=\"article:published_time\" content=\"2012-04-22T19:31:32+00:00\" \/>\n<meta name=\"author\" content=\"admin6567\" \/>\n<meta name=\"twitter:card\" content=\"summary_large_image\" \/>\n<meta name=\"twitter:label1\" content=\"Escrito por\" \/>\n\t<meta name=\"twitter:data1\" content=\"admin6567\" \/>\n\t<meta name=\"twitter:label2\" content=\"Tiempo de lectura\" \/>\n\t<meta name=\"twitter:data2\" content=\"7 minutos\" \/>\n<script type=\"application\/ld+json\" class=\"yoast-schema-graph\">{\"@context\":\"https:\\\/\\\/schema.org\",\"@graph\":[{\"@type\":\"Article\",\"@id\":\"https:\\\/\\\/lavanguardiadecuenca.es\\\/?p=3414#article\",\"isPartOf\":{\"@id\":\"https:\\\/\\\/lavanguardiadecuenca.es\\\/?p=3414\"},\"author\":{\"name\":\"admin6567\",\"@id\":\"https:\\\/\\\/lavanguardiadecuenca.es\\\/#\\\/schema\\\/person\\\/533d101fbc2a9ecf6af26aeddcaf1abd\"},\"headline\":\"Impacientes de derechas; sectarios y oportunistas de izquierdas (por Miguel Massanet Bosch)\",\"datePublished\":\"2012-04-22T19:31:32+00:00\",\"mainEntityOfPage\":{\"@id\":\"https:\\\/\\\/lavanguardiadecuenca.es\\\/?p=3414\"},\"wordCount\":1382,\"commentCount\":0,\"publisher\":{\"@id\":\"https:\\\/\\\/lavanguardiadecuenca.es\\\/#\\\/schema\\\/person\\\/efd3b99fe10ec3fad96a88f3ae7d092f\"},\"articleSection\":[\"Uncategorized\"],\"inLanguage\":\"es\",\"potentialAction\":[{\"@type\":\"CommentAction\",\"name\":\"Comment\",\"target\":[\"https:\\\/\\\/lavanguardiadecuenca.es\\\/?p=3414#respond\"]}]},{\"@type\":\"WebPage\",\"@id\":\"https:\\\/\\\/lavanguardiadecuenca.es\\\/?p=3414\",\"url\":\"https:\\\/\\\/lavanguardiadecuenca.es\\\/?p=3414\",\"name\":\"Impacientes de derechas; sectarios y oportunistas de izquierdas (por Miguel Massanet Bosch) - La Vanguardia de Cuenca\",\"isPartOf\":{\"@id\":\"https:\\\/\\\/lavanguardiadecuenca.es\\\/#website\"},\"datePublished\":\"2012-04-22T19:31:32+00:00\",\"breadcrumb\":{\"@id\":\"https:\\\/\\\/lavanguardiadecuenca.es\\\/?p=3414#breadcrumb\"},\"inLanguage\":\"es\",\"potentialAction\":[{\"@type\":\"ReadAction\",\"target\":[\"https:\\\/\\\/lavanguardiadecuenca.es\\\/?p=3414\"]}]},{\"@type\":\"BreadcrumbList\",\"@id\":\"https:\\\/\\\/lavanguardiadecuenca.es\\\/?p=3414#breadcrumb\",\"itemListElement\":[{\"@type\":\"ListItem\",\"position\":1,\"name\":\"Portada\",\"item\":\"https:\\\/\\\/lavanguardiadecuenca.es\\\/\"},{\"@type\":\"ListItem\",\"position\":2,\"name\":\"Impacientes de derechas; sectarios y oportunistas de izquierdas (por Miguel Massanet Bosch)\"}]},{\"@type\":\"WebSite\",\"@id\":\"https:\\\/\\\/lavanguardiadecuenca.es\\\/#website\",\"url\":\"https:\\\/\\\/lavanguardiadecuenca.es\\\/\",\"name\":\"La Vanguardia de Cuenca\",\"description\":\"Intereses: comunicaci\u00f3n y actualidad en general, weblogs, sociedad, pol\u00edtica\",\"publisher\":{\"@id\":\"https:\\\/\\\/lavanguardiadecuenca.es\\\/#\\\/schema\\\/person\\\/efd3b99fe10ec3fad96a88f3ae7d092f\"},\"potentialAction\":[{\"@type\":\"SearchAction\",\"target\":{\"@type\":\"EntryPoint\",\"urlTemplate\":\"https:\\\/\\\/lavanguardiadecuenca.es\\\/?s={search_term_string}\"},\"query-input\":{\"@type\":\"PropertyValueSpecification\",\"valueRequired\":true,\"valueName\":\"search_term_string\"}}],\"inLanguage\":\"es\"},{\"@type\":[\"Person\",\"Organization\"],\"@id\":\"https:\\\/\\\/lavanguardiadecuenca.es\\\/#\\\/schema\\\/person\\\/efd3b99fe10ec3fad96a88f3ae7d092f\",\"name\":\"Juan Andr\u00e9s Buedo\",\"image\":{\"@type\":\"ImageObject\",\"inLanguage\":\"es\",\"@id\":\"https:\\\/\\\/lavanguardiadecuenca.es\\\/wp-content\\\/uploads\\\/2025\\\/09\\\/6a00d8341c734753ef0278801a3634200d-250si.jpg\",\"url\":\"https:\\\/\\\/lavanguardiadecuenca.es\\\/wp-content\\\/uploads\\\/2025\\\/09\\\/6a00d8341c734753ef0278801a3634200d-250si.jpg\",\"contentUrl\":\"https:\\\/\\\/lavanguardiadecuenca.es\\\/wp-content\\\/uploads\\\/2025\\\/09\\\/6a00d8341c734753ef0278801a3634200d-250si.jpg\",\"width\":250,\"height\":250,\"caption\":\"Juan Andr\u00e9s Buedo\"},\"logo\":{\"@id\":\"https:\\\/\\\/lavanguardiadecuenca.es\\\/wp-content\\\/uploads\\\/2025\\\/09\\\/6a00d8341c734753ef0278801a3634200d-250si.jpg\"},\"sameAs\":[\"https:\\\/\\\/lavanguardiadecuenca.es\\\/\"]},{\"@type\":\"Person\",\"@id\":\"https:\\\/\\\/lavanguardiadecuenca.es\\\/#\\\/schema\\\/person\\\/533d101fbc2a9ecf6af26aeddcaf1abd\",\"name\":\"admin6567\",\"image\":{\"@type\":\"ImageObject\",\"inLanguage\":\"es\",\"@id\":\"https:\\\/\\\/secure.gravatar.com\\\/avatar\\\/79503df8b75d394ce1e22cb5293c3e8fee42d212f6de88e2d65bfaa128f73542?s=96&d=mm&r=g\",\"url\":\"https:\\\/\\\/secure.gravatar.com\\\/avatar\\\/79503df8b75d394ce1e22cb5293c3e8fee42d212f6de88e2d65bfaa128f73542?s=96&d=mm&r=g\",\"contentUrl\":\"https:\\\/\\\/secure.gravatar.com\\\/avatar\\\/79503df8b75d394ce1e22cb5293c3e8fee42d212f6de88e2d65bfaa128f73542?s=96&d=mm&r=g\",\"caption\":\"admin6567\"},\"sameAs\":[\"http:\\\/\\\/lavanguardiadecuenca.es\"],\"url\":\"https:\\\/\\\/lavanguardiadecuenca.es\\\/?author=1\"}]}<\/script>\n<!-- \/ Yoast SEO plugin. -->","yoast_head_json":{"title":"Impacientes de derechas; sectarios y oportunistas de izquierdas (por Miguel Massanet Bosch) - La Vanguardia de Cuenca","robots":{"index":"index","follow":"follow","max-snippet":"max-snippet:-1","max-image-preview":"max-image-preview:large","max-video-preview":"max-video-preview:-1"},"canonical":"https:\/\/lavanguardiadecuenca.es\/?p=3414","og_locale":"es_ES","og_type":"article","og_title":"Impacientes de derechas; sectarios y oportunistas de izquierdas (por Miguel Massanet Bosch) - La Vanguardia de Cuenca","og_description":"\u00a0 \u00a1Madera, m\u00e1s madera, traed madera, es la guerra! El eximio poeta nicarag\u00fcense, Rub\u00e9n Dar\u00edo (1.867-1.916), llamado pr\u00edncipe de las letras castellanas, recoge, en \u00abEl salmo de la pluma\u00ab, los siguientes versos en los que define, po\u00e9ticamente, el pesimismo: \u00abEsp\u00edritu con alas de murci\u00e9lago\/ y garras de chacal\u00ab. Y no se crean que sea un...","og_url":"https:\/\/lavanguardiadecuenca.es\/?p=3414","og_site_name":"La Vanguardia de Cuenca","article_published_time":"2012-04-22T19:31:32+00:00","author":"admin6567","twitter_card":"summary_large_image","twitter_misc":{"Escrito por":"admin6567","Tiempo de lectura":"7 minutos"},"schema":{"@context":"https:\/\/schema.org","@graph":[{"@type":"Article","@id":"https:\/\/lavanguardiadecuenca.es\/?p=3414#article","isPartOf":{"@id":"https:\/\/lavanguardiadecuenca.es\/?p=3414"},"author":{"name":"admin6567","@id":"https:\/\/lavanguardiadecuenca.es\/#\/schema\/person\/533d101fbc2a9ecf6af26aeddcaf1abd"},"headline":"Impacientes de derechas; sectarios y oportunistas de izquierdas (por Miguel Massanet Bosch)","datePublished":"2012-04-22T19:31:32+00:00","mainEntityOfPage":{"@id":"https:\/\/lavanguardiadecuenca.es\/?p=3414"},"wordCount":1382,"commentCount":0,"publisher":{"@id":"https:\/\/lavanguardiadecuenca.es\/#\/schema\/person\/efd3b99fe10ec3fad96a88f3ae7d092f"},"articleSection":["Uncategorized"],"inLanguage":"es","potentialAction":[{"@type":"CommentAction","name":"Comment","target":["https:\/\/lavanguardiadecuenca.es\/?p=3414#respond"]}]},{"@type":"WebPage","@id":"https:\/\/lavanguardiadecuenca.es\/?p=3414","url":"https:\/\/lavanguardiadecuenca.es\/?p=3414","name":"Impacientes de derechas; sectarios y oportunistas de izquierdas (por Miguel Massanet Bosch) - La Vanguardia de Cuenca","isPartOf":{"@id":"https:\/\/lavanguardiadecuenca.es\/#website"},"datePublished":"2012-04-22T19:31:32+00:00","breadcrumb":{"@id":"https:\/\/lavanguardiadecuenca.es\/?p=3414#breadcrumb"},"inLanguage":"es","potentialAction":[{"@type":"ReadAction","target":["https:\/\/lavanguardiadecuenca.es\/?p=3414"]}]},{"@type":"BreadcrumbList","@id":"https:\/\/lavanguardiadecuenca.es\/?p=3414#breadcrumb","itemListElement":[{"@type":"ListItem","position":1,"name":"Portada","item":"https:\/\/lavanguardiadecuenca.es\/"},{"@type":"ListItem","position":2,"name":"Impacientes de derechas; sectarios y oportunistas de izquierdas (por Miguel Massanet Bosch)"}]},{"@type":"WebSite","@id":"https:\/\/lavanguardiadecuenca.es\/#website","url":"https:\/\/lavanguardiadecuenca.es\/","name":"La Vanguardia de Cuenca","description":"Intereses: comunicaci\u00f3n y actualidad en general, weblogs, sociedad, pol\u00edtica","publisher":{"@id":"https:\/\/lavanguardiadecuenca.es\/#\/schema\/person\/efd3b99fe10ec3fad96a88f3ae7d092f"},"potentialAction":[{"@type":"SearchAction","target":{"@type":"EntryPoint","urlTemplate":"https:\/\/lavanguardiadecuenca.es\/?s={search_term_string}"},"query-input":{"@type":"PropertyValueSpecification","valueRequired":true,"valueName":"search_term_string"}}],"inLanguage":"es"},{"@type":["Person","Organization"],"@id":"https:\/\/lavanguardiadecuenca.es\/#\/schema\/person\/efd3b99fe10ec3fad96a88f3ae7d092f","name":"Juan Andr\u00e9s Buedo","image":{"@type":"ImageObject","inLanguage":"es","@id":"https:\/\/lavanguardiadecuenca.es\/wp-content\/uploads\/2025\/09\/6a00d8341c734753ef0278801a3634200d-250si.jpg","url":"https:\/\/lavanguardiadecuenca.es\/wp-content\/uploads\/2025\/09\/6a00d8341c734753ef0278801a3634200d-250si.jpg","contentUrl":"https:\/\/lavanguardiadecuenca.es\/wp-content\/uploads\/2025\/09\/6a00d8341c734753ef0278801a3634200d-250si.jpg","width":250,"height":250,"caption":"Juan Andr\u00e9s Buedo"},"logo":{"@id":"https:\/\/lavanguardiadecuenca.es\/wp-content\/uploads\/2025\/09\/6a00d8341c734753ef0278801a3634200d-250si.jpg"},"sameAs":["https:\/\/lavanguardiadecuenca.es\/"]},{"@type":"Person","@id":"https:\/\/lavanguardiadecuenca.es\/#\/schema\/person\/533d101fbc2a9ecf6af26aeddcaf1abd","name":"admin6567","image":{"@type":"ImageObject","inLanguage":"es","@id":"https:\/\/secure.gravatar.com\/avatar\/79503df8b75d394ce1e22cb5293c3e8fee42d212f6de88e2d65bfaa128f73542?s=96&d=mm&r=g","url":"https:\/\/secure.gravatar.com\/avatar\/79503df8b75d394ce1e22cb5293c3e8fee42d212f6de88e2d65bfaa128f73542?s=96&d=mm&r=g","contentUrl":"https:\/\/secure.gravatar.com\/avatar\/79503df8b75d394ce1e22cb5293c3e8fee42d212f6de88e2d65bfaa128f73542?s=96&d=mm&r=g","caption":"admin6567"},"sameAs":["http:\/\/lavanguardiadecuenca.es"],"url":"https:\/\/lavanguardiadecuenca.es\/?author=1"}]}},"_links":{"self":[{"href":"https:\/\/lavanguardiadecuenca.es\/index.php?rest_route=\/wp\/v2\/posts\/3414","targetHints":{"allow":["GET"]}}],"collection":[{"href":"https:\/\/lavanguardiadecuenca.es\/index.php?rest_route=\/wp\/v2\/posts"}],"about":[{"href":"https:\/\/lavanguardiadecuenca.es\/index.php?rest_route=\/wp\/v2\/types\/post"}],"author":[{"embeddable":true,"href":"https:\/\/lavanguardiadecuenca.es\/index.php?rest_route=\/wp\/v2\/users\/1"}],"replies":[{"embeddable":true,"href":"https:\/\/lavanguardiadecuenca.es\/index.php?rest_route=%2Fwp%2Fv2%2Fcomments&post=3414"}],"version-history":[{"count":0,"href":"https:\/\/lavanguardiadecuenca.es\/index.php?rest_route=\/wp\/v2\/posts\/3414\/revisions"}],"wp:attachment":[{"href":"https:\/\/lavanguardiadecuenca.es\/index.php?rest_route=%2Fwp%2Fv2%2Fmedia&parent=3414"}],"wp:term":[{"taxonomy":"category","embeddable":true,"href":"https:\/\/lavanguardiadecuenca.es\/index.php?rest_route=%2Fwp%2Fv2%2Fcategories&post=3414"},{"taxonomy":"post_tag","embeddable":true,"href":"https:\/\/lavanguardiadecuenca.es\/index.php?rest_route=%2Fwp%2Fv2%2Ftags&post=3414"}],"curies":[{"name":"wp","href":"https:\/\/api.w.org\/{rel}","templated":true}]}}