{"id":3403,"date":"2012-04-26T19:58:26","date_gmt":"2012-04-26T19:58:26","guid":{"rendered":"https:\/\/lavanguardiadecuenca.es\/?p=3403"},"modified":"2012-04-26T19:58:26","modified_gmt":"2012-04-26T19:58:26","slug":"hombre-pues-muchas-gracias-senor-draghi-por-miguel-massanet-bosch","status":"publish","type":"post","link":"https:\/\/lavanguardiadecuenca.es\/?p=3403","title":{"rendered":"\u00a1Hombre, pues muchas gracias se\u00f1or Draghi! (por Miguel Massanet Bosch)"},"content":{"rendered":"<p>\n\u00a0<\/p>\n<p style=\"text-align: justify\"><span style=\"font-family:Arial; font-size:10pt\"><em>No basta levantar al d\u00e9bil, hay que sostenerlo despu\u00e9s<\/em><strong><br \/>\n<\/strong><\/span><\/p>\n<p style=\"text-align: justify\"><span style=\"font-family:Arial; font-size:10pt\">El escritor y dramaturgo ingl\u00e9s William  Shakespeare, mundialmente conocido por sus grandes obras de teatro, en el Acto I de su Timon of Athens nos deja esta inspirada frase: \u00ab<em>No basta levantar al d\u00e9bil, hay que sostenerlo despu\u00e9s\u00bb.<\/em> Ser\u00e1 porque no alcanzamos a entender como se manejan las grandes finanzas europeas, o porque vemos los problemas de nuestra naci\u00f3n de una forma simplista porque no somos de ciencias y m\u00e1s bien nos tiran las letras; pero el caso es que no alcanzamos a entender las palabras que, el l\u00edder del BCE, ha dedicado a Espa\u00f1a en las que, por una parte alaba los esfuerzos hechos por el Gobierno espa\u00f1ol en cuanto a las reformas necesarias llevadas a cabo para enfrentarnos a la crisis y, por otra, con toda la naturalidad del mundo nos niega que vaya a comprar m\u00e1s deuda espa\u00f1ola, bas\u00e1ndose en tecnicismos legales que, por lo visto, le impiden gastarse ni un centavo m\u00e1s en echarnos una mano.<br \/>\n<\/span><\/p>\n<p style=\"text-align: justify\"><span style=\"font-family:Arial; font-size:10pt\">Pero a m\u00ed me tira m\u00e1s la frase de Shakespeare, no porque fuera un gran economista, ni porque escribiera como los \u00e1ngeles, sino porque, en todo lo que dice, hay una gran dosis de sentido com\u00fan. Creo que fue Voltaire quien dijo que era \u00ab<em>el menos com\u00fan de los sentidos<\/em>\u00ab. No acabo de entender que, si el BCE, sabiendo que s\u00f3lo era un mero truco legal, ha estado comprando deuda espa\u00f1ola (algo que le est\u00e1 prohibido hacerlo en sus estatutos) en el mercado secundario a los bancos espa\u00f1oles, durante varios meses ahora, a tiro pasado, le entren a su presidente estos reparos legales, estas estrecheces de conciencia y, dig\u00e1moslo en plata, esta manera de cogerse la minga con papel de fumar; cuando se trata de echarle una mano a Espa\u00f1a en un momento de tanta dificultad, cuando el se\u00f1or Rajoy se est\u00e1 jugando su credibilidad y, por supuesto, las nuevas elecciones legislativas, para hacer todo lo necesario, aunque sea teniendo que asumir el descontento que ello produce en los ciudadanos espa\u00f1oles y los ataques virulentos de una oposici\u00f3n, lanzada a moro muerto, con la \u00fanica intenci\u00f3n de conducir al ,pa\u00eds a un verdadero caos pol\u00edtico y a su ca\u00edda en la temida quiebra soberana.<br \/>\n<\/span><\/p>\n<p style=\"text-align: justify\"><span style=\"font-family:Arial; font-size:10pt\">S\u00ed, si se\u00f1or  Draghi, le agradecemos de coraz\u00f3n que alabe los grandes esfuerzos del  gobierno en cumplir, escrupulosamente, lo que nos vienen marcando, con extremo rigor, desde Bruselas y el ECOFIN; algo que no suced\u00eda en tiempos del se\u00f1or Rodr\u00edguez Zapatero, que ment\u00eda m\u00e1s que hablaba, simulando hacer reformas que luego no se materializaban en la realidad. Si Espa\u00f1a act\u00faa con nobleza; el pueblo espa\u00f1ol, sin excepci\u00f3n, ha asumido su parte de sacrificio, el \u00faltimo de los cuales le obliga a asumir parte del coste farmac\u00e9utico; los bancos van asumiendo su recapitalizaci\u00f3n y est\u00e1n haciendo provisiones especiales para compensar la desvalorizaci\u00f3n de sus activos inmobiliarios y se est\u00e1 obligando a las autonom\u00edas a recortar gastos y a sujetarse a un techo de gasto fijado por la nueva ley de Estabilidad Presupuestaria; creemos que Europa, que tan generosa se ha mostrado con Grecia, un pa\u00eds que en una primera instancia les facilit\u00f3 datos falsos y que, cuando ya estaba en la sima econ\u00f3mica, parece que se ha convertido en un pozo sin fondo, necesitado de continuas ayudas econ\u00f3micas que nadie sabe si las va a poder recuperar la CE o si van a perderse definitivamente.<br \/>\n<\/span><\/p>\n<p style=\"text-align: justify\"><span style=\"font-family:Arial; font-size:10pt\">Si la UE sabe, positivamente, que se producen movimientos especulativos en cuanto a la deuda espa\u00f1ola y su prima de riesgo y, tambi\u00e9n conoce que, las ayudas del BCE pueden calmar a las bolsas de manera que, Espa\u00f1a, no se vea forzada a adquirir deuda al 6% de inter\u00e9s y asumir un riesgo de que, con el tiempo, no pueda soportar esta escalada especulativa; uno, en su desconocimiento de los intr\u00edngulis bancarios y teniendo en cuenta las ingentes cantidades de las que se est\u00e1n dotando al FMI y las propias reservas que Europa ha venido constituyendo para asumir de rescates a naciones en peligro de impago de su deuda; no alcanzamos a entender esta postura, al parecer suicida, del BCE que, neg\u00e1ndose a seguir comprando deuda espa\u00f1ola, asume el riesgo de que, una naci\u00f3n del tama\u00f1o e importancia de Espa\u00f1a, pudiera necesitar acudir al rescate, como les ha ocurrido a Grecia, Irlanda y Portugal, con las repercusiones que ello ha tenido, en cuanto a la estabilidad del euro y la nueva recesi\u00f3n que se est\u00e1 apoderando, nuevamente, de la UE, ya que no se trata de que sea nuestro pa\u00eds el que est\u00e1 en recesi\u00f3n, sino que el Reino Unido ya ha ingresado en el club de los afectados por la misma dolencia.<br \/>\n<\/span><\/p>\n<p style=\"text-align: justify\"><span style=\"font-family:Arial; font-size:10pt\">Todo el mundo es consciente de que ni Europa ni el euro podr\u00edan resistir, sin desmoronarse, que una naci\u00f3n de la envergadura econ\u00f3mica de Espa\u00f1a pudiera entrar en una situaci\u00f3n parecida a la de Grecia. Ser\u00eda, con toda seguridad, pese a la supuesta fortaleza de Alemania, la sentencia de muerte para este proyecto, tan mal llevado, que conocemos como la uni\u00f3n pol\u00edtica, econ\u00f3mica y financiera de las naciones europeas; un experimento que se est\u00e1 tambaleando y que, es probable, que tenga que modificar su rumbo si, el se\u00f1or Hollande, ganara las elecciones francesas, algo que, a la vista de las encuestas, es muy posible que pueda ocurrir. Debemos a\u00f1adir que, la se\u00f1ora Merkel, lleva tiempo haciendo encaje de bolillos para conseguir contentar a sus socios liberales y mantener a raya a los miembros de su propio partido y a una importante parte del pueblo alem\u00e1n, que est\u00e1n intentando regresar al marco, en vista del mal resultado que ha dado el cambio al euro y el dinero que le viene costando a la naci\u00f3n alemana.<br \/>\n<\/span><\/p>\n<p style=\"text-align: justify\"><span style=\"font-family:Arial; font-size:10pt\">Y en este punto tampoco entendemos que, la todopoderosa se\u00f1ora Merkel, la principal impulsora de esta pol\u00edtica de austeridad, no entienda que a una naci\u00f3n que siempre ha venido cumpliendo sus compromisos de pago, que ahora tiene un gobierno serio, que se esmera en poner orden y que se ha encontrado con dos herencias, a cual peor, una la de un d\u00e9ficit financiero que, s\u00f3lo en el a\u00f1o pasado, ha sido del 8&#8217;5 sobre el PIB y, por otra parte un par\u00f3n industrial y de ventas que, aparte de los cientos de miles de peque\u00f1as empresas que han tenido que cerrar, ha tra\u00eddo un paro que ya alcanza los 5&#8217;5 millones de desempleados; no pueda dar resultados, por mucho que se activen las pol\u00edticas de recortes y de fomento de empleo, en unos pocos meses. Puede que, con las elecciones francesas, falt\u00e1ndole, por el momento, su socio en este negocio, el se\u00f1or Sarkozy, la presidenta alemana no est\u00e9 en su mejor momento, a la espera de la persona con la que tendr\u00e1 que compartir esta \u00abjefatura\u00bb de la UE. En todo caso, debiera de intervenir en el tema espa\u00f1ol porque, nada le podr\u00eda resultar m\u00e1s peligroso para la misma Alemania y para el resto de la CE, que un percance importante en el proceso de relanzamiento de nuestra econom\u00eda.<br \/>\n<\/span><\/p>\n<p style=\"text-align: justify\"><span style=\"font-family:Arial; font-size:10pt\">No puedo saber si el se\u00f1or Draghi se ha tirado un farol, para obligar a Espa\u00f1a a m\u00e1s esfuerzos de reducci\u00f3n del gasto o si, en realidad, se est\u00e1 creyendo lo que dice. Pero a mi me gustar\u00eda hacerle una observaci\u00f3n sobre la verdadera situaci\u00f3n de nuestro pa\u00eds \u00a1cuidado con tensar demasiado la cuerda!, porque lo peor que le pudiera suceder a Europa es que, en Espa\u00f1a, se pudiera crear una situaci\u00f3n social parecida a la de Grecia; teniendo en consideraci\u00f3n que, a pesar de sus problemas, la gente en paro que tienen los griegos, en porcentaje, es la mitad de la que tenemos nosotros. El polvor\u00edn latente que tenemos en nuestra naci\u00f3n se podr\u00e1 seguir manteniendo, todo lo m\u00e1s, hasta finales de a\u00f1o y eso siempre que, el frente com\u00fan de nacionalistas e izquierdas no se dedique, como parece que est\u00e1n dispuestos a hacer, a crear problemas en las calles y a dinamitar el orden en las ciudades, de modo que la situaci\u00f3n llegue un momento en el que sea insostenible. Creo, se\u00f1ores, que, el se\u00f1or Draghi, debiera meditar sobre este tema.<span style=\"text-decoration:underline\"><br \/>\n<\/span><\/span><\/p>\n<p style=\"margin-left: 36pt\"><span style=\"color:#1f497d\"><strong>Miguel Massanet Bosch<br \/>\n<\/strong><\/span><\/p>\n<p> \u00a0<\/p>\n","protected":false},"excerpt":{"rendered":"<p>\u00a0 No basta levantar al d\u00e9bil, hay que sostenerlo despu\u00e9s El escritor y dramaturgo ingl\u00e9s William Shakespeare, mundialmente conocido por sus grandes obras de teatro, en el Acto I de su Timon of Athens nos deja esta inspirada frase: \u00abNo basta levantar al d\u00e9bil, hay que sostenerlo despu\u00e9s\u00bb. Ser\u00e1 porque no alcanzamos a entender como&#8230;<\/p>\n","protected":false},"author":1,"featured_media":0,"comment_status":"open","ping_status":"open","sticky":false,"template":"","format":"standard","meta":{"rop_custom_images_group":[],"rop_custom_messages_group":[],"rop_publish_now":"initial","rop_publish_now_accounts":[],"rop_publish_now_history":[],"rop_publish_now_status":"pending","footnotes":""},"categories":[1],"tags":[],"class_list":["post-3403","post","type-post","status-publish","format-standard","hentry","category-uncategorized"],"yoast_head":"<!-- This site is optimized with the Yoast SEO plugin v27.5 - https:\/\/yoast.com\/product\/yoast-seo-wordpress\/ -->\n<title>\u00a1Hombre, pues muchas gracias se\u00f1or Draghi! (por Miguel Massanet Bosch) - La Vanguardia de Cuenca<\/title>\n<meta name=\"robots\" content=\"index, follow, max-snippet:-1, max-image-preview:large, max-video-preview:-1\" \/>\n<link rel=\"canonical\" href=\"https:\/\/lavanguardiadecuenca.es\/?p=3403\" \/>\n<meta property=\"og:locale\" content=\"es_ES\" \/>\n<meta property=\"og:type\" content=\"article\" \/>\n<meta property=\"og:title\" content=\"\u00a1Hombre, pues muchas gracias se\u00f1or Draghi! (por Miguel Massanet Bosch) - La Vanguardia de Cuenca\" \/>\n<meta property=\"og:description\" content=\"\u00a0 No basta levantar al d\u00e9bil, hay que sostenerlo despu\u00e9s El escritor y dramaturgo ingl\u00e9s William Shakespeare, mundialmente conocido por sus grandes obras de teatro, en el Acto I de su Timon of Athens nos deja esta inspirada frase: \u00abNo basta levantar al d\u00e9bil, hay que sostenerlo despu\u00e9s\u00bb. Ser\u00e1 porque no alcanzamos a entender como...\" \/>\n<meta property=\"og:url\" content=\"https:\/\/lavanguardiadecuenca.es\/?p=3403\" \/>\n<meta property=\"og:site_name\" content=\"La Vanguardia de Cuenca\" \/>\n<meta property=\"article:published_time\" content=\"2012-04-26T19:58:26+00:00\" \/>\n<meta name=\"author\" content=\"admin6567\" \/>\n<meta name=\"twitter:card\" content=\"summary_large_image\" \/>\n<meta name=\"twitter:label1\" content=\"Escrito por\" \/>\n\t<meta name=\"twitter:data1\" content=\"admin6567\" \/>\n\t<meta name=\"twitter:label2\" content=\"Tiempo de lectura\" \/>\n\t<meta name=\"twitter:data2\" content=\"7 minutos\" \/>\n<script type=\"application\/ld+json\" class=\"yoast-schema-graph\">{\"@context\":\"https:\\\/\\\/schema.org\",\"@graph\":[{\"@type\":\"Article\",\"@id\":\"https:\\\/\\\/lavanguardiadecuenca.es\\\/?p=3403#article\",\"isPartOf\":{\"@id\":\"https:\\\/\\\/lavanguardiadecuenca.es\\\/?p=3403\"},\"author\":{\"name\":\"admin6567\",\"@id\":\"https:\\\/\\\/lavanguardiadecuenca.es\\\/#\\\/schema\\\/person\\\/533d101fbc2a9ecf6af26aeddcaf1abd\"},\"headline\":\"\u00a1Hombre, pues muchas gracias se\u00f1or Draghi! (por Miguel Massanet Bosch)\",\"datePublished\":\"2012-04-26T19:58:26+00:00\",\"mainEntityOfPage\":{\"@id\":\"https:\\\/\\\/lavanguardiadecuenca.es\\\/?p=3403\"},\"wordCount\":1482,\"commentCount\":0,\"publisher\":{\"@id\":\"https:\\\/\\\/lavanguardiadecuenca.es\\\/#\\\/schema\\\/person\\\/efd3b99fe10ec3fad96a88f3ae7d092f\"},\"articleSection\":[\"Uncategorized\"],\"inLanguage\":\"es\",\"potentialAction\":[{\"@type\":\"CommentAction\",\"name\":\"Comment\",\"target\":[\"https:\\\/\\\/lavanguardiadecuenca.es\\\/?p=3403#respond\"]}]},{\"@type\":\"WebPage\",\"@id\":\"https:\\\/\\\/lavanguardiadecuenca.es\\\/?p=3403\",\"url\":\"https:\\\/\\\/lavanguardiadecuenca.es\\\/?p=3403\",\"name\":\"\u00a1Hombre, pues muchas gracias se\u00f1or Draghi! (por Miguel Massanet Bosch) - La Vanguardia de Cuenca\",\"isPartOf\":{\"@id\":\"https:\\\/\\\/lavanguardiadecuenca.es\\\/#website\"},\"datePublished\":\"2012-04-26T19:58:26+00:00\",\"breadcrumb\":{\"@id\":\"https:\\\/\\\/lavanguardiadecuenca.es\\\/?p=3403#breadcrumb\"},\"inLanguage\":\"es\",\"potentialAction\":[{\"@type\":\"ReadAction\",\"target\":[\"https:\\\/\\\/lavanguardiadecuenca.es\\\/?p=3403\"]}]},{\"@type\":\"BreadcrumbList\",\"@id\":\"https:\\\/\\\/lavanguardiadecuenca.es\\\/?p=3403#breadcrumb\",\"itemListElement\":[{\"@type\":\"ListItem\",\"position\":1,\"name\":\"Portada\",\"item\":\"https:\\\/\\\/lavanguardiadecuenca.es\\\/\"},{\"@type\":\"ListItem\",\"position\":2,\"name\":\"\u00a1Hombre, pues muchas gracias se\u00f1or Draghi! (por Miguel Massanet Bosch)\"}]},{\"@type\":\"WebSite\",\"@id\":\"https:\\\/\\\/lavanguardiadecuenca.es\\\/#website\",\"url\":\"https:\\\/\\\/lavanguardiadecuenca.es\\\/\",\"name\":\"La Vanguardia de Cuenca\",\"description\":\"Intereses: comunicaci\u00f3n y actualidad en general, weblogs, sociedad, pol\u00edtica\",\"publisher\":{\"@id\":\"https:\\\/\\\/lavanguardiadecuenca.es\\\/#\\\/schema\\\/person\\\/efd3b99fe10ec3fad96a88f3ae7d092f\"},\"potentialAction\":[{\"@type\":\"SearchAction\",\"target\":{\"@type\":\"EntryPoint\",\"urlTemplate\":\"https:\\\/\\\/lavanguardiadecuenca.es\\\/?s={search_term_string}\"},\"query-input\":{\"@type\":\"PropertyValueSpecification\",\"valueRequired\":true,\"valueName\":\"search_term_string\"}}],\"inLanguage\":\"es\"},{\"@type\":[\"Person\",\"Organization\"],\"@id\":\"https:\\\/\\\/lavanguardiadecuenca.es\\\/#\\\/schema\\\/person\\\/efd3b99fe10ec3fad96a88f3ae7d092f\",\"name\":\"Juan Andr\u00e9s Buedo\",\"image\":{\"@type\":\"ImageObject\",\"inLanguage\":\"es\",\"@id\":\"https:\\\/\\\/lavanguardiadecuenca.es\\\/wp-content\\\/uploads\\\/2025\\\/09\\\/6a00d8341c734753ef0278801a3634200d-250si.jpg\",\"url\":\"https:\\\/\\\/lavanguardiadecuenca.es\\\/wp-content\\\/uploads\\\/2025\\\/09\\\/6a00d8341c734753ef0278801a3634200d-250si.jpg\",\"contentUrl\":\"https:\\\/\\\/lavanguardiadecuenca.es\\\/wp-content\\\/uploads\\\/2025\\\/09\\\/6a00d8341c734753ef0278801a3634200d-250si.jpg\",\"width\":250,\"height\":250,\"caption\":\"Juan Andr\u00e9s Buedo\"},\"logo\":{\"@id\":\"https:\\\/\\\/lavanguardiadecuenca.es\\\/wp-content\\\/uploads\\\/2025\\\/09\\\/6a00d8341c734753ef0278801a3634200d-250si.jpg\"},\"sameAs\":[\"https:\\\/\\\/lavanguardiadecuenca.es\\\/\"]},{\"@type\":\"Person\",\"@id\":\"https:\\\/\\\/lavanguardiadecuenca.es\\\/#\\\/schema\\\/person\\\/533d101fbc2a9ecf6af26aeddcaf1abd\",\"name\":\"admin6567\",\"image\":{\"@type\":\"ImageObject\",\"inLanguage\":\"es\",\"@id\":\"https:\\\/\\\/secure.gravatar.com\\\/avatar\\\/79503df8b75d394ce1e22cb5293c3e8fee42d212f6de88e2d65bfaa128f73542?s=96&d=mm&r=g\",\"url\":\"https:\\\/\\\/secure.gravatar.com\\\/avatar\\\/79503df8b75d394ce1e22cb5293c3e8fee42d212f6de88e2d65bfaa128f73542?s=96&d=mm&r=g\",\"contentUrl\":\"https:\\\/\\\/secure.gravatar.com\\\/avatar\\\/79503df8b75d394ce1e22cb5293c3e8fee42d212f6de88e2d65bfaa128f73542?s=96&d=mm&r=g\",\"caption\":\"admin6567\"},\"sameAs\":[\"http:\\\/\\\/lavanguardiadecuenca.es\"],\"url\":\"https:\\\/\\\/lavanguardiadecuenca.es\\\/?author=1\"}]}<\/script>\n<!-- \/ Yoast SEO plugin. -->","yoast_head_json":{"title":"\u00a1Hombre, pues muchas gracias se\u00f1or Draghi! (por Miguel Massanet Bosch) - La Vanguardia de Cuenca","robots":{"index":"index","follow":"follow","max-snippet":"max-snippet:-1","max-image-preview":"max-image-preview:large","max-video-preview":"max-video-preview:-1"},"canonical":"https:\/\/lavanguardiadecuenca.es\/?p=3403","og_locale":"es_ES","og_type":"article","og_title":"\u00a1Hombre, pues muchas gracias se\u00f1or Draghi! (por Miguel Massanet Bosch) - La Vanguardia de Cuenca","og_description":"\u00a0 No basta levantar al d\u00e9bil, hay que sostenerlo despu\u00e9s El escritor y dramaturgo ingl\u00e9s William Shakespeare, mundialmente conocido por sus grandes obras de teatro, en el Acto I de su Timon of Athens nos deja esta inspirada frase: \u00abNo basta levantar al d\u00e9bil, hay que sostenerlo despu\u00e9s\u00bb. Ser\u00e1 porque no alcanzamos a entender como...","og_url":"https:\/\/lavanguardiadecuenca.es\/?p=3403","og_site_name":"La Vanguardia de Cuenca","article_published_time":"2012-04-26T19:58:26+00:00","author":"admin6567","twitter_card":"summary_large_image","twitter_misc":{"Escrito por":"admin6567","Tiempo de lectura":"7 minutos"},"schema":{"@context":"https:\/\/schema.org","@graph":[{"@type":"Article","@id":"https:\/\/lavanguardiadecuenca.es\/?p=3403#article","isPartOf":{"@id":"https:\/\/lavanguardiadecuenca.es\/?p=3403"},"author":{"name":"admin6567","@id":"https:\/\/lavanguardiadecuenca.es\/#\/schema\/person\/533d101fbc2a9ecf6af26aeddcaf1abd"},"headline":"\u00a1Hombre, pues muchas gracias se\u00f1or Draghi! (por Miguel Massanet Bosch)","datePublished":"2012-04-26T19:58:26+00:00","mainEntityOfPage":{"@id":"https:\/\/lavanguardiadecuenca.es\/?p=3403"},"wordCount":1482,"commentCount":0,"publisher":{"@id":"https:\/\/lavanguardiadecuenca.es\/#\/schema\/person\/efd3b99fe10ec3fad96a88f3ae7d092f"},"articleSection":["Uncategorized"],"inLanguage":"es","potentialAction":[{"@type":"CommentAction","name":"Comment","target":["https:\/\/lavanguardiadecuenca.es\/?p=3403#respond"]}]},{"@type":"WebPage","@id":"https:\/\/lavanguardiadecuenca.es\/?p=3403","url":"https:\/\/lavanguardiadecuenca.es\/?p=3403","name":"\u00a1Hombre, pues muchas gracias se\u00f1or Draghi! (por Miguel Massanet Bosch) - La Vanguardia de Cuenca","isPartOf":{"@id":"https:\/\/lavanguardiadecuenca.es\/#website"},"datePublished":"2012-04-26T19:58:26+00:00","breadcrumb":{"@id":"https:\/\/lavanguardiadecuenca.es\/?p=3403#breadcrumb"},"inLanguage":"es","potentialAction":[{"@type":"ReadAction","target":["https:\/\/lavanguardiadecuenca.es\/?p=3403"]}]},{"@type":"BreadcrumbList","@id":"https:\/\/lavanguardiadecuenca.es\/?p=3403#breadcrumb","itemListElement":[{"@type":"ListItem","position":1,"name":"Portada","item":"https:\/\/lavanguardiadecuenca.es\/"},{"@type":"ListItem","position":2,"name":"\u00a1Hombre, pues muchas gracias se\u00f1or Draghi! (por Miguel Massanet Bosch)"}]},{"@type":"WebSite","@id":"https:\/\/lavanguardiadecuenca.es\/#website","url":"https:\/\/lavanguardiadecuenca.es\/","name":"La Vanguardia de Cuenca","description":"Intereses: comunicaci\u00f3n y actualidad en general, weblogs, sociedad, pol\u00edtica","publisher":{"@id":"https:\/\/lavanguardiadecuenca.es\/#\/schema\/person\/efd3b99fe10ec3fad96a88f3ae7d092f"},"potentialAction":[{"@type":"SearchAction","target":{"@type":"EntryPoint","urlTemplate":"https:\/\/lavanguardiadecuenca.es\/?s={search_term_string}"},"query-input":{"@type":"PropertyValueSpecification","valueRequired":true,"valueName":"search_term_string"}}],"inLanguage":"es"},{"@type":["Person","Organization"],"@id":"https:\/\/lavanguardiadecuenca.es\/#\/schema\/person\/efd3b99fe10ec3fad96a88f3ae7d092f","name":"Juan Andr\u00e9s Buedo","image":{"@type":"ImageObject","inLanguage":"es","@id":"https:\/\/lavanguardiadecuenca.es\/wp-content\/uploads\/2025\/09\/6a00d8341c734753ef0278801a3634200d-250si.jpg","url":"https:\/\/lavanguardiadecuenca.es\/wp-content\/uploads\/2025\/09\/6a00d8341c734753ef0278801a3634200d-250si.jpg","contentUrl":"https:\/\/lavanguardiadecuenca.es\/wp-content\/uploads\/2025\/09\/6a00d8341c734753ef0278801a3634200d-250si.jpg","width":250,"height":250,"caption":"Juan Andr\u00e9s Buedo"},"logo":{"@id":"https:\/\/lavanguardiadecuenca.es\/wp-content\/uploads\/2025\/09\/6a00d8341c734753ef0278801a3634200d-250si.jpg"},"sameAs":["https:\/\/lavanguardiadecuenca.es\/"]},{"@type":"Person","@id":"https:\/\/lavanguardiadecuenca.es\/#\/schema\/person\/533d101fbc2a9ecf6af26aeddcaf1abd","name":"admin6567","image":{"@type":"ImageObject","inLanguage":"es","@id":"https:\/\/secure.gravatar.com\/avatar\/79503df8b75d394ce1e22cb5293c3e8fee42d212f6de88e2d65bfaa128f73542?s=96&d=mm&r=g","url":"https:\/\/secure.gravatar.com\/avatar\/79503df8b75d394ce1e22cb5293c3e8fee42d212f6de88e2d65bfaa128f73542?s=96&d=mm&r=g","contentUrl":"https:\/\/secure.gravatar.com\/avatar\/79503df8b75d394ce1e22cb5293c3e8fee42d212f6de88e2d65bfaa128f73542?s=96&d=mm&r=g","caption":"admin6567"},"sameAs":["http:\/\/lavanguardiadecuenca.es"],"url":"https:\/\/lavanguardiadecuenca.es\/?author=1"}]}},"_links":{"self":[{"href":"https:\/\/lavanguardiadecuenca.es\/index.php?rest_route=\/wp\/v2\/posts\/3403","targetHints":{"allow":["GET"]}}],"collection":[{"href":"https:\/\/lavanguardiadecuenca.es\/index.php?rest_route=\/wp\/v2\/posts"}],"about":[{"href":"https:\/\/lavanguardiadecuenca.es\/index.php?rest_route=\/wp\/v2\/types\/post"}],"author":[{"embeddable":true,"href":"https:\/\/lavanguardiadecuenca.es\/index.php?rest_route=\/wp\/v2\/users\/1"}],"replies":[{"embeddable":true,"href":"https:\/\/lavanguardiadecuenca.es\/index.php?rest_route=%2Fwp%2Fv2%2Fcomments&post=3403"}],"version-history":[{"count":0,"href":"https:\/\/lavanguardiadecuenca.es\/index.php?rest_route=\/wp\/v2\/posts\/3403\/revisions"}],"wp:attachment":[{"href":"https:\/\/lavanguardiadecuenca.es\/index.php?rest_route=%2Fwp%2Fv2%2Fmedia&parent=3403"}],"wp:term":[{"taxonomy":"category","embeddable":true,"href":"https:\/\/lavanguardiadecuenca.es\/index.php?rest_route=%2Fwp%2Fv2%2Fcategories&post=3403"},{"taxonomy":"post_tag","embeddable":true,"href":"https:\/\/lavanguardiadecuenca.es\/index.php?rest_route=%2Fwp%2Fv2%2Ftags&post=3403"}],"curies":[{"name":"wp","href":"https:\/\/api.w.org\/{rel}","templated":true}]}}