{"id":3331,"date":"2012-05-22T23:51:04","date_gmt":"2012-05-22T23:51:04","guid":{"rendered":"https:\/\/lavanguardiadecuenca.es\/?p=3331"},"modified":"2012-05-22T23:51:04","modified_gmt":"2012-05-22T23:51:04","slug":"argentina-cuesta-abajo-por-roberto-velasco","status":"publish","type":"post","link":"https:\/\/lavanguardiadecuenca.es\/?p=3331","title":{"rendered":"Argentina, cuesta abajo (por Roberto Velasco)"},"content":{"rendered":"<p><span style=\"font-size: 12pt;\">La historia de incumplimientos de sus compromisos internacionales es interminable. Se trata del pa\u00eds con m\u00e1s causas activas por denuncias presentadas por empresas e inversores de toda condici\u00f3n<\/span><\/p>\n<div><a href=\"http:\/\/elpais.com\/autor\/roberto_velasco\/a\/\" rel=\"author\" title=\"Ver todas las noticias de Roberto Velasco\">Roberto Velasco<\/a> (Publicado en <em>El Pa\u00eds<\/em>, <a href=\"http:\/\/elpais.com\/elpais\/2012\/05\/14\/opinion\/1336994128_051649.html\" target=\"_self\">aqu\u00ed<\/a>)<\/div>\n<div><img loading=\"lazy\" decoding=\"async\" alt=\"\" height=\"488\" src=\"http:\/\/ep01.epimg.net\/elpais\/imagenes\/2012\/05\/14\/opinion\/1336994128_051649_1337613102_noticia_normal.jpg\" width=\"300\" \/><\/p>\n<p>EULOGIA MERLE<\/p>\n<p>Tras d\u00e9cadas de olvido por parte de la doctrina neocl\u00e1sica, el an\u00e1lisis econ\u00f3mico contempor\u00e1neo ha recuperado con cierto entusiasmo que \u201clas instituciones importan\u201d. A partir de los trabajos seminales de Ronald Coase y los posteriores de Douglas North se ha llegado a la conclusi\u00f3n de que las instituciones son las reglas del juego que rigen el comportamiento de las personas y las empresas, proporcionando la estructura de incentivos y el conjunto de reglas que favorecen la reducci\u00f3n del oportunismo en los intercambios, que extienden la mutua confianza entre los agentes y, con ello, la viabilidad a largo plazo de la ejecuci\u00f3n de los contratos y el ahorro de costes de transacci\u00f3n.<\/p>\n<div id=\"cuerpo_noticia\">\n<p>En el avance de los pa\u00edses hacia la eficiencia institucional desempe\u00f1a un papel central la noci\u00f3n de <em>compromiso.<\/em> Es por eso que all\u00e1 donde exista un mal dise\u00f1o, o un mal uso, de las instituciones pol\u00edticas, el valor de los compromisos alcanzados por los agentes ser\u00e1 reducido, las pol\u00edticas ser\u00e1n de baja calidad e, inevitablemente, tendr\u00e1n un sesgo hacia el corto plazo. Todo lo cual tendr\u00e1 efectos negativos sobre la evoluci\u00f3n del pa\u00eds de que se trate, mermando sus posibilidades de crecimiento sostenido en el tiempo. En definitiva, las instituciones se entienden como procedimientos para estabilizar expectativas y convertir as\u00ed el tiempo hist\u00f3rico en tiempo l\u00f3gico.<\/p>\n<p>Los determinantes institucionales del desarrollo econ\u00f3mico argentino han sido analizados por organismos multilaterales y por varios expertos de ese pa\u00eds. Entre los primeros, el Informe 2006 del Banco Interamericano de Desarrollo sobre el progreso econ\u00f3mico y social en Am\u00e9rica Latina, avalado tambi\u00e9n por la Universidad de Harvard, clasifica a las naciones latinoamericanas en tres categor\u00edas (\u201calta\u201d, \u201cmedia\u201d y \u201cbaja\u201d) seg\u00fan la calidad de sus pol\u00edticas p\u00fablicas. Pues bien, el Informe considera que las correspondientes a la Rep\u00fablica Argentina presentan una \u201cbaja\u201d calidad en materia de \u201cestabilidad\u201d, \u201caplicaci\u00f3n efectiva\u201d, \u201ccoherencia\u201d y \u201ceficiencia\u201d, otorgando tambi\u00e9n la calificaci\u00f3n \u201cbaja\u201d al \u00edndice global de las pol\u00edticas. En este mismo ranking se reconoce una puntuaci\u00f3n \u201calta\u201d en el \u00edndice global a Brasil, Colombia, Costa Rica, El Salvador, Guatemala, M\u00e9xico y Uruguay, reserv\u00e1ndose para Chile la categor\u00eda de \u201cmuy alta\u201d. En el mismo Informe se recoge tambi\u00e9n que Argentina presenta un nivel \u201calto\u201d de corrupci\u00f3n en materia de inversi\u00f3n empresarial, frente al \u201cbajo\u201d nivel de Chile o el \u201cmedio\u201d de Brasil, Colombia y M\u00e9xico. Y, como conclusi\u00f3n, afirma que \u201cciertas caracter\u00edsticas clave de las pol\u00edticas p\u00fablicas, como su estabilidad y su calidad, son tan importantes como el contenido espec\u00edfico de las mismas para el desarrollo econ\u00f3mico\u201d. Algo que advierte tambi\u00e9n la CEPAL (ONU) cuando, refiri\u00e9ndose a Argentina, se\u00f1ala que \u201cuna econom\u00eda en donde las condiciones futuras son muy inciertas y donde, al mismo tiempo, se desconf\u00eda mucho de la discrecionalidad del Gobierno, tendr\u00e1 dificultades para establecer un marco apropiado de pol\u00edticas\u201d.<\/p>\n<div id=\"sumario_1|html\"><a name=\"sumario_1\"><\/a><\/p>\n<p><span style=\"font-size: 12pt;\">Entre los temas pendientes en el Club de Par\u00eds est\u00e1 la deuda que mantiene con Espa\u00f1a<\/span><\/p>\n<\/div>\n<p><span style=\"font-size: 12pt;\"><span style=\"font-size: 10pt;\">Unos a\u00f1os antes, los profesores Pablo Spiller y Mariano Tommasi realizaron una serie de recomendaciones para dar mayor coherencia y estabilidad a las pol\u00edticas p\u00fablicas de Argentina, tras llegar a la conclusi\u00f3n de que las caracter\u00edsticas institucionales y la inestabilidad pol\u00edtica hab\u00edan conducido a un Congreso \u201cno profesional y cortoplacista\u201d, a una Administraci\u00f3n P\u00fablica ineficiente y a una Justicia poco independiente e \u201cincapaz de ejercer un contrapeso suficiente de los dem\u00e1s poderes\u201d. Estos mismos autores documentaron en 2007<\/span> la <\/span><em>volatilidad<\/em> en varias pol\u00edticas de gran relevancia (fiscal, comercial, regulatoria, social), una circunstancia que conduce a resultados econ\u00f3micos y sociales muy inferiores a los deseables.<\/p>\n<p>La historia de incumplimientos de sus compromisos internacionales es, en el caso de Argentina, interminable. No en vano se trata del pa\u00eds con m\u00e1s causas activas en el CIADI por denuncias presentadas por empresas e inversores de toda condici\u00f3n. Y otro tanto cabr\u00eda decir de las deudas millonarias con el Club de Par\u00eds, asociaci\u00f3n de 19 pa\u00edses que negocia el pago de deudas bilaterales entre Estados y que fue creada a mediados del siglo XX para resolver, precisamente, otra suspensi\u00f3n de pagos, otro <em>default,<\/em> de Argentina. Entre los temas pendientes en el Club de Par\u00eds est\u00e1 la deuda que el pa\u00eds austral mantiene con Espa\u00f1a.<\/p>\n<p>Por otro lado, si algo distingui\u00f3 al Gobierno argentino tras la suspensi\u00f3n de pagos que antecedi\u00f3 al famoso <em>corralito,<\/em> la m\u00e1s abultada y prolongada de la historia econ\u00f3mica contempor\u00e1nea, fue acompa\u00f1ar los impagos (m\u00e1s de 900.000 millones de d\u00f3lares) con insultos a los acreedores privados de todo el mundo, a quienes el presidente Kirchner calific\u00f3 en numerosas ocasiones de <em>timberos, ahorristas buitres<\/em> y <em>jugadores de casino.<\/em> Todo ello despu\u00e9s de intentar una quita-tr\u00e1gala de m\u00e1s del 75% de la deuda. Pero quiz\u00e1s lo m\u00e1s irritante fue que un Gobierno especialista en tirar por la calle del medio, en incumplir los compromisos firmados y pisar los derechos de propiedad pudiera atreverse a pedir explicaciones y a reclamar la \u201ccomprensi\u00f3n y cooperaci\u00f3n\u201d de los inversores extranjeros, al tiempo que destru\u00eda los \u00faltimos restos de su confianza. Y mientras esto suced\u00eda, los capitales aut\u00f3ctonos huyeron en estampida a las primeras de cambio, esperando al abrigo de cualquier contratiempo unas circunstancias favorables para el regreso oportunista, en una m\u00e1s de sus demostraciones patri\u00f3ticas preferidas. Ahora puede estar repiti\u00e9ndose el proceso.<\/p>\n<p>Durante el mandato de N\u00e9stor Kichner, un presidente caudillista pr\u00f3ximo al chavismo que jam\u00e1s reuni\u00f3 a su Consejo de Ministros, Argentina aument\u00f3 hasta l\u00edmites insufribles la inseguridad jur\u00eddica de las empresas oferentes de servicios p\u00fablicos utilizando diversas f\u00f3rmulas, como congelaciones irracionales de tarifas o el establecimiento de impuestos abusivos a la exportaci\u00f3n. Por su parte, grupos de <em>piqueteros<\/em> oficialistas, parados que recib\u00edan subsidios del Gobierno y obedec\u00edan directa y ciegamente a los Kichner (por ejemplo, para bloquear durante meses el puente que une Argentina con Uruguay), se desplegaron por supermercados y gasolineras para impedir <em>manu militari<\/em> el aumento de precios. Una original pol\u00edtica de lucha contra la inflaci\u00f3n, complementada con el hostigamiento a la prensa independiente y con la persistente manipulaci\u00f3n del \u00cdndice de Precios elaborado por el Indec, Instituto de Estad\u00edstica. Manipulaci\u00f3n que se ha vuelto ahora a retomar.<\/p>\n<div id=\"sumario_2|html\"><a name=\"sumario_2\"><\/a><\/p>\n<p><span style=\"font-size: 12pt;\">Los Kichner iniciaron la \u201creargentinizaci\u00f3n\u201d de empresas de inversores extranjeros<\/span><\/p>\n<\/div>\n<p>En paralelo, los Kichner iniciaron la \u201creargentinizaci\u00f3n\u201d de antiguas empresas p\u00fablicas y privadas propiedad de inversores extranjeros, sobre la base de presiones sin cuento, para que sus due\u00f1os dieran entrada en el accionariado, m\u00e1s o menos por la cara, a empresarios argentinos pr\u00f3ximos a la Casa Rosada. Posteriormente se procedi\u00f3 a expropiar Aerol\u00edneas Argentinas y a nacionalizar los fondos privados de pensiones, hecho que movi\u00f3 a declarar al alcalde de Buenos Aires, Mauricio Macri, que los Kichner hab\u00edan convertido el Estado en \u201cun estafador en serie\u201d. M\u00e1s comedidos, los medios de Wall Street calificaron la decisi\u00f3n de \u201cgran verg\u00fcenza\u201d y \u201cerror de proporciones monumentales\u201d. De este modo, el Gobierno argentino provoc\u00f3 el \u00e9xodo de empresas multinacionales (Shell y Suez, entre otras) y que la inversi\u00f3n directa internacional prefiriera recalar en pa\u00edses como Chile, M\u00e9xico o Brasil. Un informe de CEPAL se\u00f1al\u00f3 en 2008 que la Rep\u00fablica de El Salvador super\u00f3 a la Argentina en el saldo neto de inversiones extranjeras en el bienio anterior.<\/p>\n<p>Pues bien, el remate final de este proceso le ha puesto la presidenta Fern\u00e1ndez con la expropiaci\u00f3n del 51% de las acciones de YPF propiedad de Repsol, incumpliendo las normas del Derecho Internacional y el Acuerdo para la protecci\u00f3n rec\u00edproca de inversiones entre Espa\u00f1a y Argentina, de 3 de octubre de 1991. Una decisi\u00f3n duramente criticada por todos los pa\u00edses serios del mundo y que incrementar\u00e1 m\u00e1s, si cabe, el aislamiento internacional (EE&lt;TH&gt;UU expuls\u00f3 recientemente a Argentina de su Sistema de Preferencias Generalizadas) de un pa\u00eds cuyo Gobierno se mueve cada vez m\u00e1s en el nacional-populismo, jaleado por grupos dogm\u00e1ticos de creaci\u00f3n propia, mientras tiene a casi medio pa\u00eds sometido al clientelismo pol\u00edtico y por debajo del umbral de pobreza. Algunos analistas argentinos consideran que este desprop\u00f3sito no se hubiese realizado sin negociaci\u00f3n previa con Repsol de haber vivido N\u00e9stor Kichner, de quien se dec\u00eda que sol\u00eda \u201crecurrir a los actos para enmendar sus palabras\u201d, muchas veces lapidarias y destinadas al consumo del populismo interno. Es imposible de saber. Lo \u00fanico cierto es que su esposa contin\u00faa conduciendo no ya sin rumbo sino <em>cuesta abajo<\/em> a un pa\u00eds que, como dice el tango de este t\u00edtulo, est\u00e1 hastiado de \u201carrastrar por este mundo la verg\u00fcenza de haber sido y el dolor de ya no ser\u201d.<\/p>\n<p><strong>Roberto Velasco<\/strong> es catedr\u00e1tico de Econom\u00eda Aplicada. Universidad del Pa\u00eds Vasco.<\/p>\n<\/div>\n<\/div>\n","protected":false},"excerpt":{"rendered":"<p>La historia de incumplimientos de sus compromisos internacionales es interminable. Se trata del pa\u00eds con m\u00e1s causas activas por denuncias presentadas por empresas e inversores de toda condici\u00f3n Roberto Velasco (Publicado en El Pa\u00eds, aqu\u00ed) EULOGIA MERLE Tras d\u00e9cadas de olvido por parte de la doctrina neocl\u00e1sica, el an\u00e1lisis econ\u00f3mico contempor\u00e1neo ha recuperado con cierto&#8230;<\/p>\n","protected":false},"author":1,"featured_media":0,"comment_status":"open","ping_status":"open","sticky":false,"template":"","format":"standard","meta":{"rop_custom_images_group":[],"rop_custom_messages_group":[],"rop_publish_now":"initial","rop_publish_now_accounts":[],"rop_publish_now_history":[],"rop_publish_now_status":"pending","footnotes":""},"categories":[2,14,15,16],"tags":[],"class_list":["post-3331","post","type-post","status-publish","format-standard","hentry","category-actualidad","category-economia","category-pensamiento-politico","category-politica"],"yoast_head":"<!-- This site is optimized with the Yoast SEO plugin v27.5 - https:\/\/yoast.com\/product\/yoast-seo-wordpress\/ -->\n<title>Argentina, cuesta abajo (por Roberto Velasco) - La Vanguardia de Cuenca<\/title>\n<meta name=\"robots\" content=\"index, follow, max-snippet:-1, max-image-preview:large, max-video-preview:-1\" \/>\n<link rel=\"canonical\" href=\"https:\/\/lavanguardiadecuenca.es\/?p=3331\" \/>\n<meta property=\"og:locale\" content=\"es_ES\" \/>\n<meta property=\"og:type\" content=\"article\" \/>\n<meta property=\"og:title\" content=\"Argentina, cuesta abajo (por Roberto Velasco) - La Vanguardia de Cuenca\" \/>\n<meta property=\"og:description\" content=\"La historia de incumplimientos de sus compromisos internacionales es interminable. Se trata del pa\u00eds con m\u00e1s causas activas por denuncias presentadas por empresas e inversores de toda condici\u00f3n Roberto Velasco (Publicado en El Pa\u00eds, aqu\u00ed) EULOGIA MERLE Tras d\u00e9cadas de olvido por parte de la doctrina neocl\u00e1sica, el an\u00e1lisis econ\u00f3mico contempor\u00e1neo ha recuperado con cierto...\" \/>\n<meta property=\"og:url\" content=\"https:\/\/lavanguardiadecuenca.es\/?p=3331\" \/>\n<meta property=\"og:site_name\" content=\"La Vanguardia de Cuenca\" \/>\n<meta property=\"article:published_time\" content=\"2012-05-22T23:51:04+00:00\" \/>\n<meta property=\"og:image\" content=\"http:\/\/ep01.epimg.net\/elpais\/imagenes\/2012\/05\/14\/opinion\/1336994128_051649_1337613102_noticia_normal.jpg\" \/>\n<meta name=\"author\" content=\"admin6567\" \/>\n<meta name=\"twitter:card\" content=\"summary_large_image\" \/>\n<meta name=\"twitter:label1\" content=\"Escrito por\" \/>\n\t<meta name=\"twitter:data1\" content=\"admin6567\" \/>\n\t<meta name=\"twitter:label2\" content=\"Tiempo de lectura\" \/>\n\t<meta name=\"twitter:data2\" content=\"8 minutos\" \/>\n<script type=\"application\/ld+json\" class=\"yoast-schema-graph\">{\"@context\":\"https:\\\/\\\/schema.org\",\"@graph\":[{\"@type\":\"Article\",\"@id\":\"https:\\\/\\\/lavanguardiadecuenca.es\\\/?p=3331#article\",\"isPartOf\":{\"@id\":\"https:\\\/\\\/lavanguardiadecuenca.es\\\/?p=3331\"},\"author\":{\"name\":\"admin6567\",\"@id\":\"https:\\\/\\\/lavanguardiadecuenca.es\\\/#\\\/schema\\\/person\\\/533d101fbc2a9ecf6af26aeddcaf1abd\"},\"headline\":\"Argentina, cuesta abajo (por Roberto Velasco)\",\"datePublished\":\"2012-05-22T23:51:04+00:00\",\"mainEntityOfPage\":{\"@id\":\"https:\\\/\\\/lavanguardiadecuenca.es\\\/?p=3331\"},\"wordCount\":1602,\"commentCount\":0,\"publisher\":{\"@id\":\"https:\\\/\\\/lavanguardiadecuenca.es\\\/#\\\/schema\\\/person\\\/efd3b99fe10ec3fad96a88f3ae7d092f\"},\"image\":{\"@id\":\"https:\\\/\\\/lavanguardiadecuenca.es\\\/?p=3331#primaryimage\"},\"thumbnailUrl\":\"http:\\\/\\\/ep01.epimg.net\\\/elpais\\\/imagenes\\\/2012\\\/05\\\/14\\\/opinion\\\/1336994128_051649_1337613102_noticia_normal.jpg\",\"articleSection\":[\"Actualidad\",\"Econom\u00eda\",\"Pensamiento pol\u00edtico\",\"Pol\u00edtica\"],\"inLanguage\":\"es\",\"potentialAction\":[{\"@type\":\"CommentAction\",\"name\":\"Comment\",\"target\":[\"https:\\\/\\\/lavanguardiadecuenca.es\\\/?p=3331#respond\"]}]},{\"@type\":\"WebPage\",\"@id\":\"https:\\\/\\\/lavanguardiadecuenca.es\\\/?p=3331\",\"url\":\"https:\\\/\\\/lavanguardiadecuenca.es\\\/?p=3331\",\"name\":\"Argentina, cuesta abajo (por Roberto Velasco) - La Vanguardia de Cuenca\",\"isPartOf\":{\"@id\":\"https:\\\/\\\/lavanguardiadecuenca.es\\\/#website\"},\"primaryImageOfPage\":{\"@id\":\"https:\\\/\\\/lavanguardiadecuenca.es\\\/?p=3331#primaryimage\"},\"image\":{\"@id\":\"https:\\\/\\\/lavanguardiadecuenca.es\\\/?p=3331#primaryimage\"},\"thumbnailUrl\":\"http:\\\/\\\/ep01.epimg.net\\\/elpais\\\/imagenes\\\/2012\\\/05\\\/14\\\/opinion\\\/1336994128_051649_1337613102_noticia_normal.jpg\",\"datePublished\":\"2012-05-22T23:51:04+00:00\",\"breadcrumb\":{\"@id\":\"https:\\\/\\\/lavanguardiadecuenca.es\\\/?p=3331#breadcrumb\"},\"inLanguage\":\"es\",\"potentialAction\":[{\"@type\":\"ReadAction\",\"target\":[\"https:\\\/\\\/lavanguardiadecuenca.es\\\/?p=3331\"]}]},{\"@type\":\"ImageObject\",\"inLanguage\":\"es\",\"@id\":\"https:\\\/\\\/lavanguardiadecuenca.es\\\/?p=3331#primaryimage\",\"url\":\"http:\\\/\\\/ep01.epimg.net\\\/elpais\\\/imagenes\\\/2012\\\/05\\\/14\\\/opinion\\\/1336994128_051649_1337613102_noticia_normal.jpg\",\"contentUrl\":\"http:\\\/\\\/ep01.epimg.net\\\/elpais\\\/imagenes\\\/2012\\\/05\\\/14\\\/opinion\\\/1336994128_051649_1337613102_noticia_normal.jpg\"},{\"@type\":\"BreadcrumbList\",\"@id\":\"https:\\\/\\\/lavanguardiadecuenca.es\\\/?p=3331#breadcrumb\",\"itemListElement\":[{\"@type\":\"ListItem\",\"position\":1,\"name\":\"Portada\",\"item\":\"https:\\\/\\\/lavanguardiadecuenca.es\\\/\"},{\"@type\":\"ListItem\",\"position\":2,\"name\":\"Argentina, cuesta abajo (por Roberto Velasco)\"}]},{\"@type\":\"WebSite\",\"@id\":\"https:\\\/\\\/lavanguardiadecuenca.es\\\/#website\",\"url\":\"https:\\\/\\\/lavanguardiadecuenca.es\\\/\",\"name\":\"La Vanguardia de Cuenca\",\"description\":\"Intereses: comunicaci\u00f3n y actualidad en general, weblogs, sociedad, pol\u00edtica\",\"publisher\":{\"@id\":\"https:\\\/\\\/lavanguardiadecuenca.es\\\/#\\\/schema\\\/person\\\/efd3b99fe10ec3fad96a88f3ae7d092f\"},\"potentialAction\":[{\"@type\":\"SearchAction\",\"target\":{\"@type\":\"EntryPoint\",\"urlTemplate\":\"https:\\\/\\\/lavanguardiadecuenca.es\\\/?s={search_term_string}\"},\"query-input\":{\"@type\":\"PropertyValueSpecification\",\"valueRequired\":true,\"valueName\":\"search_term_string\"}}],\"inLanguage\":\"es\"},{\"@type\":[\"Person\",\"Organization\"],\"@id\":\"https:\\\/\\\/lavanguardiadecuenca.es\\\/#\\\/schema\\\/person\\\/efd3b99fe10ec3fad96a88f3ae7d092f\",\"name\":\"Juan Andr\u00e9s Buedo\",\"image\":{\"@type\":\"ImageObject\",\"inLanguage\":\"es\",\"@id\":\"https:\\\/\\\/lavanguardiadecuenca.es\\\/wp-content\\\/uploads\\\/2025\\\/09\\\/6a00d8341c734753ef0278801a3634200d-250si.jpg\",\"url\":\"https:\\\/\\\/lavanguardiadecuenca.es\\\/wp-content\\\/uploads\\\/2025\\\/09\\\/6a00d8341c734753ef0278801a3634200d-250si.jpg\",\"contentUrl\":\"https:\\\/\\\/lavanguardiadecuenca.es\\\/wp-content\\\/uploads\\\/2025\\\/09\\\/6a00d8341c734753ef0278801a3634200d-250si.jpg\",\"width\":250,\"height\":250,\"caption\":\"Juan Andr\u00e9s Buedo\"},\"logo\":{\"@id\":\"https:\\\/\\\/lavanguardiadecuenca.es\\\/wp-content\\\/uploads\\\/2025\\\/09\\\/6a00d8341c734753ef0278801a3634200d-250si.jpg\"},\"sameAs\":[\"https:\\\/\\\/lavanguardiadecuenca.es\\\/\"]},{\"@type\":\"Person\",\"@id\":\"https:\\\/\\\/lavanguardiadecuenca.es\\\/#\\\/schema\\\/person\\\/533d101fbc2a9ecf6af26aeddcaf1abd\",\"name\":\"admin6567\",\"image\":{\"@type\":\"ImageObject\",\"inLanguage\":\"es\",\"@id\":\"https:\\\/\\\/secure.gravatar.com\\\/avatar\\\/79503df8b75d394ce1e22cb5293c3e8fee42d212f6de88e2d65bfaa128f73542?s=96&d=mm&r=g\",\"url\":\"https:\\\/\\\/secure.gravatar.com\\\/avatar\\\/79503df8b75d394ce1e22cb5293c3e8fee42d212f6de88e2d65bfaa128f73542?s=96&d=mm&r=g\",\"contentUrl\":\"https:\\\/\\\/secure.gravatar.com\\\/avatar\\\/79503df8b75d394ce1e22cb5293c3e8fee42d212f6de88e2d65bfaa128f73542?s=96&d=mm&r=g\",\"caption\":\"admin6567\"},\"sameAs\":[\"http:\\\/\\\/lavanguardiadecuenca.es\"],\"url\":\"https:\\\/\\\/lavanguardiadecuenca.es\\\/?author=1\"}]}<\/script>\n<!-- \/ Yoast SEO plugin. -->","yoast_head_json":{"title":"Argentina, cuesta abajo (por Roberto Velasco) - La Vanguardia de Cuenca","robots":{"index":"index","follow":"follow","max-snippet":"max-snippet:-1","max-image-preview":"max-image-preview:large","max-video-preview":"max-video-preview:-1"},"canonical":"https:\/\/lavanguardiadecuenca.es\/?p=3331","og_locale":"es_ES","og_type":"article","og_title":"Argentina, cuesta abajo (por Roberto Velasco) - La Vanguardia de Cuenca","og_description":"La historia de incumplimientos de sus compromisos internacionales es interminable. Se trata del pa\u00eds con m\u00e1s causas activas por denuncias presentadas por empresas e inversores de toda condici\u00f3n Roberto Velasco (Publicado en El Pa\u00eds, aqu\u00ed) EULOGIA MERLE Tras d\u00e9cadas de olvido por parte de la doctrina neocl\u00e1sica, el an\u00e1lisis econ\u00f3mico contempor\u00e1neo ha recuperado con cierto...","og_url":"https:\/\/lavanguardiadecuenca.es\/?p=3331","og_site_name":"La Vanguardia de Cuenca","article_published_time":"2012-05-22T23:51:04+00:00","og_image":[{"url":"http:\/\/ep01.epimg.net\/elpais\/imagenes\/2012\/05\/14\/opinion\/1336994128_051649_1337613102_noticia_normal.jpg","type":"","width":"","height":""}],"author":"admin6567","twitter_card":"summary_large_image","twitter_misc":{"Escrito por":"admin6567","Tiempo de lectura":"8 minutos"},"schema":{"@context":"https:\/\/schema.org","@graph":[{"@type":"Article","@id":"https:\/\/lavanguardiadecuenca.es\/?p=3331#article","isPartOf":{"@id":"https:\/\/lavanguardiadecuenca.es\/?p=3331"},"author":{"name":"admin6567","@id":"https:\/\/lavanguardiadecuenca.es\/#\/schema\/person\/533d101fbc2a9ecf6af26aeddcaf1abd"},"headline":"Argentina, cuesta abajo (por Roberto Velasco)","datePublished":"2012-05-22T23:51:04+00:00","mainEntityOfPage":{"@id":"https:\/\/lavanguardiadecuenca.es\/?p=3331"},"wordCount":1602,"commentCount":0,"publisher":{"@id":"https:\/\/lavanguardiadecuenca.es\/#\/schema\/person\/efd3b99fe10ec3fad96a88f3ae7d092f"},"image":{"@id":"https:\/\/lavanguardiadecuenca.es\/?p=3331#primaryimage"},"thumbnailUrl":"http:\/\/ep01.epimg.net\/elpais\/imagenes\/2012\/05\/14\/opinion\/1336994128_051649_1337613102_noticia_normal.jpg","articleSection":["Actualidad","Econom\u00eda","Pensamiento pol\u00edtico","Pol\u00edtica"],"inLanguage":"es","potentialAction":[{"@type":"CommentAction","name":"Comment","target":["https:\/\/lavanguardiadecuenca.es\/?p=3331#respond"]}]},{"@type":"WebPage","@id":"https:\/\/lavanguardiadecuenca.es\/?p=3331","url":"https:\/\/lavanguardiadecuenca.es\/?p=3331","name":"Argentina, cuesta abajo (por Roberto Velasco) - La Vanguardia de Cuenca","isPartOf":{"@id":"https:\/\/lavanguardiadecuenca.es\/#website"},"primaryImageOfPage":{"@id":"https:\/\/lavanguardiadecuenca.es\/?p=3331#primaryimage"},"image":{"@id":"https:\/\/lavanguardiadecuenca.es\/?p=3331#primaryimage"},"thumbnailUrl":"http:\/\/ep01.epimg.net\/elpais\/imagenes\/2012\/05\/14\/opinion\/1336994128_051649_1337613102_noticia_normal.jpg","datePublished":"2012-05-22T23:51:04+00:00","breadcrumb":{"@id":"https:\/\/lavanguardiadecuenca.es\/?p=3331#breadcrumb"},"inLanguage":"es","potentialAction":[{"@type":"ReadAction","target":["https:\/\/lavanguardiadecuenca.es\/?p=3331"]}]},{"@type":"ImageObject","inLanguage":"es","@id":"https:\/\/lavanguardiadecuenca.es\/?p=3331#primaryimage","url":"http:\/\/ep01.epimg.net\/elpais\/imagenes\/2012\/05\/14\/opinion\/1336994128_051649_1337613102_noticia_normal.jpg","contentUrl":"http:\/\/ep01.epimg.net\/elpais\/imagenes\/2012\/05\/14\/opinion\/1336994128_051649_1337613102_noticia_normal.jpg"},{"@type":"BreadcrumbList","@id":"https:\/\/lavanguardiadecuenca.es\/?p=3331#breadcrumb","itemListElement":[{"@type":"ListItem","position":1,"name":"Portada","item":"https:\/\/lavanguardiadecuenca.es\/"},{"@type":"ListItem","position":2,"name":"Argentina, cuesta abajo (por Roberto Velasco)"}]},{"@type":"WebSite","@id":"https:\/\/lavanguardiadecuenca.es\/#website","url":"https:\/\/lavanguardiadecuenca.es\/","name":"La Vanguardia de Cuenca","description":"Intereses: comunicaci\u00f3n y actualidad en general, weblogs, sociedad, pol\u00edtica","publisher":{"@id":"https:\/\/lavanguardiadecuenca.es\/#\/schema\/person\/efd3b99fe10ec3fad96a88f3ae7d092f"},"potentialAction":[{"@type":"SearchAction","target":{"@type":"EntryPoint","urlTemplate":"https:\/\/lavanguardiadecuenca.es\/?s={search_term_string}"},"query-input":{"@type":"PropertyValueSpecification","valueRequired":true,"valueName":"search_term_string"}}],"inLanguage":"es"},{"@type":["Person","Organization"],"@id":"https:\/\/lavanguardiadecuenca.es\/#\/schema\/person\/efd3b99fe10ec3fad96a88f3ae7d092f","name":"Juan Andr\u00e9s Buedo","image":{"@type":"ImageObject","inLanguage":"es","@id":"https:\/\/lavanguardiadecuenca.es\/wp-content\/uploads\/2025\/09\/6a00d8341c734753ef0278801a3634200d-250si.jpg","url":"https:\/\/lavanguardiadecuenca.es\/wp-content\/uploads\/2025\/09\/6a00d8341c734753ef0278801a3634200d-250si.jpg","contentUrl":"https:\/\/lavanguardiadecuenca.es\/wp-content\/uploads\/2025\/09\/6a00d8341c734753ef0278801a3634200d-250si.jpg","width":250,"height":250,"caption":"Juan Andr\u00e9s Buedo"},"logo":{"@id":"https:\/\/lavanguardiadecuenca.es\/wp-content\/uploads\/2025\/09\/6a00d8341c734753ef0278801a3634200d-250si.jpg"},"sameAs":["https:\/\/lavanguardiadecuenca.es\/"]},{"@type":"Person","@id":"https:\/\/lavanguardiadecuenca.es\/#\/schema\/person\/533d101fbc2a9ecf6af26aeddcaf1abd","name":"admin6567","image":{"@type":"ImageObject","inLanguage":"es","@id":"https:\/\/secure.gravatar.com\/avatar\/79503df8b75d394ce1e22cb5293c3e8fee42d212f6de88e2d65bfaa128f73542?s=96&d=mm&r=g","url":"https:\/\/secure.gravatar.com\/avatar\/79503df8b75d394ce1e22cb5293c3e8fee42d212f6de88e2d65bfaa128f73542?s=96&d=mm&r=g","contentUrl":"https:\/\/secure.gravatar.com\/avatar\/79503df8b75d394ce1e22cb5293c3e8fee42d212f6de88e2d65bfaa128f73542?s=96&d=mm&r=g","caption":"admin6567"},"sameAs":["http:\/\/lavanguardiadecuenca.es"],"url":"https:\/\/lavanguardiadecuenca.es\/?author=1"}]}},"_links":{"self":[{"href":"https:\/\/lavanguardiadecuenca.es\/index.php?rest_route=\/wp\/v2\/posts\/3331","targetHints":{"allow":["GET"]}}],"collection":[{"href":"https:\/\/lavanguardiadecuenca.es\/index.php?rest_route=\/wp\/v2\/posts"}],"about":[{"href":"https:\/\/lavanguardiadecuenca.es\/index.php?rest_route=\/wp\/v2\/types\/post"}],"author":[{"embeddable":true,"href":"https:\/\/lavanguardiadecuenca.es\/index.php?rest_route=\/wp\/v2\/users\/1"}],"replies":[{"embeddable":true,"href":"https:\/\/lavanguardiadecuenca.es\/index.php?rest_route=%2Fwp%2Fv2%2Fcomments&post=3331"}],"version-history":[{"count":0,"href":"https:\/\/lavanguardiadecuenca.es\/index.php?rest_route=\/wp\/v2\/posts\/3331\/revisions"}],"wp:attachment":[{"href":"https:\/\/lavanguardiadecuenca.es\/index.php?rest_route=%2Fwp%2Fv2%2Fmedia&parent=3331"}],"wp:term":[{"taxonomy":"category","embeddable":true,"href":"https:\/\/lavanguardiadecuenca.es\/index.php?rest_route=%2Fwp%2Fv2%2Fcategories&post=3331"},{"taxonomy":"post_tag","embeddable":true,"href":"https:\/\/lavanguardiadecuenca.es\/index.php?rest_route=%2Fwp%2Fv2%2Ftags&post=3331"}],"curies":[{"name":"wp","href":"https:\/\/api.w.org\/{rel}","templated":true}]}}