{"id":3260,"date":"2012-06-17T20:21:15","date_gmt":"2012-06-17T20:21:15","guid":{"rendered":"https:\/\/lavanguardiadecuenca.es\/?p=3260"},"modified":"2012-06-17T20:21:15","modified_gmt":"2012-06-17T20:21:15","slug":"estrategias-de-emprendimiento-para-el-desarrollo-de-castilla-la-mancha-por-juan-andres-buedo","status":"publish","type":"post","link":"https:\/\/lavanguardiadecuenca.es\/?p=3260","title":{"rendered":"Estrategias de emprendimiento para el desarrollo de Castilla-La Mancha (por Juan Andr\u00e9s Buedo)"},"content":{"rendered":"<p style=\"margin-left: 36pt\"><a href=\"https:\/\/www.morebooks.de\/assets\/product_images\/9783659017\/big\/7702655\/estrategias-de-emprendimiento-para-el-desarrollo-de-castilla-la-mancha.jpg?locale=es\"><img decoding=\"async\" src=\"https:\/\/jabuedo.typepad.com\/.a\/6a00d8341c734753ef016306aedb59970d-pi\" alt=\"\" border=\"0\"\/><\/a>\n<\/p>\n<p>T\u00edtulo del libro:\n<\/p>\n<h1>Estrategias de emprendimiento para el desarrollo de Castilla-La Mancha<br \/>\n<\/h1>\n<h2>Nuevas actividades econ\u00f3micas de generaci\u00f3n de empleo en la regi\u00f3n<br \/>\n<\/h2>\n<p style=\"margin-left: 36pt\">Editorial Acad\u00e9mica Espa\u00f1ola (2012-06-10)\n<\/p>\n<p style=\"text-align: center\"><span style=\"font-family:Arial; font-size:8pt\">Principio del formulario<br \/>\n<\/span><\/p>\n<p style=\"margin-left: 36pt\"><img decoding=\"async\" src=\"https:\/\/jabuedo.typepad.com\/.a\/6a00d8341c734753ef01761597bf50970c-pi\" alt=\"\"\/><img decoding=\"async\" src=\"https:\/\/jabuedo.typepad.com\/.a\/6a00d8341c734753ef016767a23f73970b-pi\" alt=\"\"\/>\n<\/p>\n<p style=\"margin-left: 36pt\">Precio 49.00 \u20ac\n<\/p>\n<p style=\"margin-left: 36pt\">Cantidad: <img decoding=\"async\" src=\"https:\/\/jabuedo.typepad.com\/.a\/6a00d8341c734753ef016767a23f84970b-pi\" alt=\"\"\/><img decoding=\"async\" src=\"https:\/\/jabuedo.typepad.com\/.a\/6a00d8341c734753ef016767a23f8d970b-pi\" alt=\"\"\/>\n<\/p>\n<p style=\"text-align: center\"><span style=\"font-family:Arial; font-size:8pt\">Final del formulario<br \/>\n<\/span><\/p>\n<p>ISBN-13:\n<\/p>\n<h3>978-3-659-01747-6<br \/>\n<\/h3>\n<p>ISBN-10:\n<\/p>\n<p style=\"margin-left: 36pt\">3659017477\n<\/p>\n<p>EAN:\n<\/p>\n<p style=\"margin-left: 36pt\">9783659017476\n<\/p>\n<p>Idioma del libro:\n<\/p>\n<p>Notas y citas \/ Texto breve:\n<\/p>\n<p style=\"margin-left: 36pt\">La obra se centra en el examen de los recursos disponibles por las Administraciones P\u00fablicas de Castilla-La Mancha para impulsar el emprendimiento, entendido no solo como la capacidad para iniciar nuevas actividades econ\u00f3micas de generaci\u00f3n de empleo y crecimiento social en esta regi\u00f3n, sino tambi\u00e9n como valor social que debe promoverse y ampararse desde todos los poderes p\u00fablicos. El prop\u00f3sito esencial del ensayo es divulgar entre los alumnos de la Universidad de Castilla-La Mancha el esp\u00edritu emprendedor, que est\u00e1 recogido a nivel europeo en la iniciativa pol\u00edtica patrocinada por la Comisi\u00f3n Europea en junio de 2008, denominada \u00abSmall Business Act for Europe\u00bb, ayudando a expandir entre los alumnos una cultura no solo en defensa de la figura del emprendedor, sino promover y fomentar tambi\u00e9n su surgimiento, de manera que el esfuerzo y la capacidad de superaci\u00f3n ante la dificultad de los retos, sean alentados y valorados.\n<\/p>\n<p>Editorial:\n<\/p>\n<p style=\"margin-left: 36pt\"><a href=\"https:\/\/www.morebooks.de\/books\/es\/published_by\/editorial-acad%C3%A9mica-espa%C3%B1ola\/189875\/products\" title=\"Ver m\u00e1s libros de la editorial Editorial Acad\u00e9mica Espa\u00f1ola\">Editorial Acad\u00e9mica Espa\u00f1ola<\/a>\n<\/p>\n<p>Sitio web:\n<\/p>\n<p style=\"margin-left: 36pt\"><a href=\"https:\/\/www.eae-publishing.com\/\">https:\/\/www.eae-publishing.com\/<\/a>\n<\/p>\n<p>Por (autor):\n<\/p>\n<p style=\"margin-left: 36pt\"><a href=\"https:\/\/www.morebooks.de\/search\/es?q=+Juan+Andr%C3%A9s++Buedo+Garc%C3%ADa&amp;via_keyword=1\">Juan Andr\u00e9s Buedo Garc\u00eda<\/a>\n<\/p>\n<p>N\u00famero de p\u00e1ginas:\n<\/p>\n<p style=\"margin-left: 36pt\">140\n<\/p>\n<p>Publicado en:\n<\/p>\n<p style=\"margin-left: 36pt\">2012-06-10\n<\/p>\n<p>Stock:\n<\/p>\n<p style=\"margin-left: 36pt\"><span style=\"color:#8ed627\">En stock<br \/>\n<\/span><\/p>\n<p>Categor\u00eda:\n<\/p>\n<p style=\"margin-left: 36pt\"><a href=\"https:\/\/www.morebooks.de\/store\/es\/category\/pol%C3%ADtica-y-econom%C3%ADa\/178\" title=\"a los libros en la categor\u00eda Pol\u00edtica y econom\u00eda\">Pol\u00edtica y econom\u00eda<\/a>\n<\/p>\n<p>Precio:\n<\/p>\n<p style=\"margin-left: 36pt\">49.00 \u20ac\n<\/p>\n<p>Palabras clave:\n<\/p>\n<p style=\"margin-left: 36pt\"><a href=\"https:\/\/www.morebooks.de\/search\/es?q=desarrollo&amp;via_keyword=1\">desarrollo<\/a>, <a href=\"https:\/\/www.morebooks.de\/search\/es?q=Econom%C3%ADa&amp;via_keyword=1\">Econom\u00eda<\/a>, <a href=\"https:\/\/www.morebooks.de\/search\/es?q=Castilla&amp;via_keyword=1\">Castilla<\/a>, <a href=\"https:\/\/www.morebooks.de\/search\/es?q=La+Mancha&amp;via_keyword=1\">La Mancha<\/a>, <a href=\"https:\/\/www.morebooks.de\/search\/es?q=emprendimiento&amp;via_keyword=1\">emprendimiento<\/a>, <a href=\"https:\/\/www.morebooks.de\/search\/es?q=Economia&amp;via_keyword=1\">Economia<\/a>, <a href=\"https:\/\/www.morebooks.de\/search\/es?q=Econ%C3%B3mia&amp;via_keyword=1\">Econ\u00f3mia<\/a>\n<\/p>\n<p>\n\u00a0<\/p>\n<p style=\"text-align: center\"><span style=\"font-family:Arial; font-size:8pt\">Principio del formulario<br \/>\n<\/span><\/p>\n<p><img decoding=\"async\" src=\"https:\/\/jabuedo.typepad.com\/.a\/6a00d8341c734753ef016306aedb7c970d-pi\" alt=\"\"\/><img decoding=\"async\" src=\"https:\/\/jabuedo.typepad.com\/.a\/6a00d8341c734753ef016306aedb80970d-pi\" alt=\"\"\/>\n<\/p>\n<p>Cantidad <img decoding=\"async\" src=\"https:\/\/jabuedo.typepad.com\/.a\/6a00d8341c734753ef016306aedb8a970d-pi\" alt=\"\"\/><img decoding=\"async\" src=\"https:\/\/jabuedo.typepad.com\/.a\/6a00d8341c734753ef01761597bf7a970c-pi\" alt=\"\"\/>\n<\/p>\n<p>Estrategias de emprendimiento para el desarrollo de Castilla-La Mancha Comprar ahora!\n<\/p>\n<p>\n\u00a0<\/p>\n<p style=\"text-align: center\"><span style=\"font-family:Arial; font-size:8pt\">Final del formulario<br \/>\n<\/span><\/p>\n<h1>https:\/\/www.morebooks.de\/store\/gb\/book\/estrategias-de-emprendimiento-para-el-desarrollo-de-castilla-la-mancha\/isbn\/978-3-659-01747-6<br \/>\n<\/h1>\n<h1>INTRODUCCI\u00d3N<br \/>\n<\/h1>\n<p>\n\u00a0<\/p>\n<p style=\"text-align: justify\">La disciplina politol\u00f3gica en Espa\u00f1a, guiada de una cierta propensi\u00f3n a no seguir las modas, en la d\u00e9cada de los noventa del pasado siglo ha dejado de atribuir a la pol\u00edtica y los poderes locales un car\u00e1cter residual en el panorama de la producci\u00f3n cient\u00edfica, tal como demuestra la revitalizaci\u00f3n de empresas e iniciativas intelectuales que, desde aqu\u00e9lla, se encargan de desentra\u00f1ar la compleja realidad de los <em>gobiernos locales<\/em>, a partir de su tratamiento aut\u00f3nomo y sistem\u00e1tico. Entre las mismas destaca, por su novedad y rigor acad\u00e9mico, la obra <em>Gobiernos Locales y Pol\u00edticas P\u00fablicas. Bienestar social, promoci\u00f3n econ\u00f3mica y territorio<\/em>, cuya coordinaci\u00f3n<em><br \/>\n<\/em>corri\u00f3 a cargo de los profesores del<em><br \/>\n<\/em>Departamento de Ciencia Pol\u00edtica de la<em><br \/>\n<\/em>Universitat Aut\u00f2noma de Barcelona<em><br \/>\n<\/em>(UAB), Quim Brugu\u00e9 y Ricard Gom\u00e0. Publicada en 1998 por la Editorial Ariel, esta obra, junto al libro <em>El sistema pol\u00edtico local: un nuevo escenario de gobierno<\/em>, coordinado por los profesores Carlos Alba y Francisco J. Vanaclocha (Universidad Carlos III de Madrid), exponen diversos proyectos de renovaci\u00f3n de los modos de hacer pol\u00edtica en nuestro pa\u00eds y de legitimarlos democr\u00e1ticamente. Son un conjunto de aspectos que reconocen en los actores de base local un protagonismo de primer orden. Asimismo constituyen una interesante y exhaustiva aproximaci\u00f3n a los gobiernos locales a partir de los modelos del <em>policy analysis, <\/em>que renueva el inter\u00e9s por unas investigaciones complicadas por el \u00e9nfasis en el estudio de las estructuras de poder y \u00e9lites locales, y son una referencia bibliogr\u00e1fica inexcusable para todos aquellos estudiosos de los gobiernos locales desde su espacio politol\u00f3gico.\n<\/p>\n<p style=\"text-align: justify\">Ambos trabajos dan cuenta de la recuperaci\u00f3n de la llamada <em>\u00abdimensi\u00f3n gubernamental\u00bb<\/em> por parte de la esfera local, advirtiendo su importancia real. Una trascendencia cuyo provecho he comunicado en numerosos cap\u00edtulos de los estudios m\u00e1s recientes que he desarrollado alrededor de la Comunidad aut\u00f3noma de Castilla-La Mancha, con una contraste emp\u00edrico asentado especialmente en las pol\u00edticas de car\u00e1cter territorial, que, como tendremos ocasi\u00f3n de ver en este ensayo, son un reto para la <em>renovaci\u00f3n rural <\/em>y el desarrollo econ\u00f3mico de<em><br \/>\n<\/em>esta regi\u00f3n espa\u00f1ola<em>.<\/em>\n<\/p>\n<p style=\"text-align: justify\">As\u00ed ha venido a corroborarse en la <strong>demanda de un esquema prestacional coherente con el nuevo modelo de organizaci\u00f3n administrativa y un proyecto ineludible de cambio social<\/strong>. Nuestras autoridades, frente a los viejos modelos burocr\u00e1ticos que llevan implantando en las dos d\u00e9cadas y media \u00faltimas, han de repromover e instaurar un nuevo y particular \u00e1mbito de promoci\u00f3n econ\u00f3mica, reflejado en diversas opciones pol\u00edtico-ideol\u00f3gicas, que se diferencian siempre en funci\u00f3n de la preeminencia de instrumentos de car\u00e1cter mercantil, p\u00fablico o comunitario, a partir de un conjunto heterog\u00e9neo de preferencias y ventajas concedidas a estos efectos.\n<\/p>\n<p style=\"text-align: justify\">La <em>postburocracizaci\u00f3n <\/em>de los servicios municipales exige incorporar el utillaje del <em>pensamiento estrat\u00e9gico <\/em>(identificaci\u00f3n de los agentes cr\u00edticos, liderazgo organizativo, roles anticipativos y planificaci\u00f3n medio y largoplacista, entre otros muchos), pero tambi\u00e9n fomentar las <em>actitudes relacionales <\/em>por cuanto, como se\u00f1al\u00f3 Vall\u00e9s al comienzo de la obra dirigida por Brugu\u00e9 y Gom\u00e0, los gobiernos locales al formar parte del \u00abentramado de la sociedad red\u00bb subvierten \u00ab(&#8230;) las tradicionales jerarqu\u00edas estructuradas sobre la preeminencia del Estado-naci\u00f3n\u00bb. De acuerdo con estos tres especialistas en Ciencia Pol\u00edtica y de la Administraci\u00f3n, estimo que la Junta de Comunidades de Castilla-La Mancha ha de <strong>poner en marcha un modelo de integraci\u00f3n de pol\u00edticas<\/strong> que, desde el sim\u00e9trico an\u00e1lisis emp\u00edrico, disponga una <strong>propuesta voluntarista con base en la realidad<\/strong>.  En este sentido, <strong>mi consejo es el del esquema triangular de Xurigu\u00e9<\/strong>, como ya hice a\u00f1os atr\u00e1s para el caso espec\u00edfico de Cuenca. Es decir, un positivo y eficiente reflejo de las interacciones mutuas entre las pol\u00edticas sectoriales exploradas en el recorrido sociol\u00f3gico y econ\u00f3mico que he librado durante 2011, con aportaciones particulares y los tres objetivos interactivos, resultados de los compromisos asumidos desde la l\u00f3gica de la &#8216;<em>integraci\u00f3n sin\u00e9rgica<\/em>&#8216; a partir de los escritos de J. Xurigu\u00e9, que son los siguientes:\n<\/p>\n<ul style=\"margin-left: 53pt\">\n<li>\n<div style=\"text-align: justify\">la <em>integraci\u00f3n econ\u00f3mica de las relaciones sociales<\/em>,\n<\/div>\n<\/li>\n<li>\n<div style=\"text-align: justify\">la <em>integraci\u00f3n territorial de<\/em><br \/>\n<em>las relaciones econ\u00f3micas <\/em>y, por \u00faltimo,\n<\/div>\n<\/li>\n<li>\n<div style=\"text-align: justify\">la <em>integraci\u00f3n social de las relaciones<\/em><br \/>\n<em>territoriales<\/em>.\n<\/div>\n<\/li>\n<\/ul>\n<p style=\"text-align: justify\">Situados en el a\u00f1o 2012, la combinaci\u00f3n de reforma del Estado y la globalizaci\u00f3n acent\u00faa una nueva din\u00e1mica en los gobiernos locales, dot\u00e1ndolos con mayores competencias y con an\u00e1logos recursos, pero, a la vez, con una mayor evaluaci\u00f3n por parte de la sociedad. La cuesti\u00f3n que se plantea es en qu\u00e9 medida estas innovaciones son una adecuaci\u00f3n a la \u00f3ptima articulaci\u00f3n, descarga de tareas y responsabilidades del Estado nacional y auton\u00f3mico hacia las provincias y los municipios, con una competente  descentralizaci\u00f3n y una mayor participaci\u00f3n de los ciudadanos a trav\u00e9s de las gestiones locales.\n<\/p>\n<p style=\"text-align: justify\"><span style=\"color:black\">La desburocratizaci\u00f3n y los requerimientos de eficacia y eficiencia, como hemos visto, vienen orientando el desarrollo local y el planeamiento estrat\u00e9gico con una mayor ingerencia municipal en la pol\u00edtica social. Esto lleva consigo el que las ciudades pasan a ser centro de decisiones y estrategias propias, deslizando el proyecto nacional o auton\u00f3mico al local. Esto llega a identificar proyectos en lo m\u00e1s micro y cercano, donde la ciudad se conecta al instante desde lo local con lo global.<br \/>\n<\/span><\/p>\n<p style=\"text-align: justify\"><span style=\"color:black\">En este <strong>nuevo escenario de \u00ablocalismo cosmopolita\u00bb<\/strong> se articulan al mismo tiempo un aumento de las actividades municipales con un mayor protagonismo  de ellas, y de las expectativas de la poblaci\u00f3n con fen\u00f3menos de depresi\u00f3n y estancamiento de la corporaci\u00f3n. De este modo se produce, por un lado, una revitalizaci\u00f3n de la gesti\u00f3n local y, por otro, el municipio aparece como un punto de concentraci\u00f3n de la fragmentaci\u00f3n social, de la protesta, de la crisis de mediaciones y de la falta de recursos.<\/span> De esta manera, los Ayuntamientos de las ciudades castellano-manchegas con una poblaci\u00f3n superior a los 15.000 habitantes tienen que salir a resolver los variados problemas que les exigen pronta resoluci\u00f3n, a trav\u00e9s de unos estilos pol\u00edticos categ\u00f3ricos y de nuevas pr\u00e1cticas necesarias para ejecutar pol\u00edticas sociales m\u00e1s modernas que las actuales, tratando as\u00ed de concertar o articular de la mejor manera las relaciones entre la gesti\u00f3n p\u00fablica y la sociedad civil.\n<\/p>\n<p style=\"text-align: justify\"><span style=\"color:black\">La efectiva realizaci\u00f3n de pol\u00edticas sociales por el gobierno municipal no depende exclusivamente del grado de profesionalizaci\u00f3n del equipo que la lleva adelante, ni de la voluntad pol\u00edtica del alcalde o concejal responsable o de las intervenciones de las organizaciones sociales. La aplicaci\u00f3n de programas y pol\u00edticas sociales se concreta en la articulaci\u00f3n que se d\u00e9 entre los planos t\u00e9cnicos, pol\u00edticos y sociales: la capacidad t\u00e9cnica o nivel de profesionalizaci\u00f3n de la administraci\u00f3n, los estilos de gesti\u00f3n pol\u00edtica y los niveles de participaci\u00f3n de las organizaciones de la sociedad civil.<\/span>\n<\/p>\n<p style=\"text-align: justify\">\u00c1lvaro Cuesta ha reconocido y resaltado el papel de los municipios espa\u00f1oles en la construcci\u00f3n de nuestra democracia, en el desarrollo constitucional, en el progreso econ\u00f3mico y en la modernizaci\u00f3n de la gesti\u00f3n p\u00fablica e institucional: \u00abLa profundizaci\u00f3n democr\u00e1tica desde un nuevo concepto de participaci\u00f3n y proximidad, el desarrollo de nuevas pol\u00edticas sociales desde el di\u00e1logo y la cooperaci\u00f3n con las administraciones p\u00fablicas, y la vertebraci\u00f3n territorial de Espa\u00f1a no se hubieran logrado sin el protagonismo de los ayuntamientos\u00bb.\n<\/p>\n<p style=\"text-align: justify\">Sin embargo, el peso y el reconocimiento institucional de los municipios y el desarrollo de la Autonom\u00eda Local, no han crecido en Espa\u00f1a en paralelo al desarrollo y consolidaci\u00f3n del Estado de las Autonom\u00edas. Por esto el municipalismo castellano-manchego sigue teniendo retos muy importantes, tanto en la definici\u00f3n del marco competencial como en el modelo de financiaci\u00f3n, tal y como se recoge en la Carta de Vitoria elaborada por la FEMP, documento que reivindic\u00f3 un mejor estatus para los ayuntamientos espa\u00f1oles. Un instrumento ha de agregarse al <strong>nuevo escenario pol\u00edtico castellano-manchego<\/strong>. En \u00e9ste lo rural y lo urbano se configuran como escenarios pol\u00edticos de primera magnitud, en donde se despliegan un haz de pol\u00edticas y de actuaciones de impacto que requieren una coordinaci\u00f3n horizontal y transversal. Lo local, pues, va a desempe\u00f1ar un lugar estrat\u00e9gico en lo que se podr\u00eda definir como nuevas pol\u00edticas sociales concertadas. Y la universalizaci\u00f3n del bienestar social encuentra en el municipio el escenario pol\u00edtico y su oportunidad.\n<\/p>\n<p style=\"text-align: justify\"><span style=\"color:black\">No cabe una pol\u00edtica de Estado en esta materia sin una acci\u00f3n concertada, desde la lealtad y la cooperaci\u00f3n. Adem\u00e1s, cuando el Gobierno se propone desarrollar un ambicioso programa de reformas que va a afectar a la Constituci\u00f3n Espa\u00f1ola, a las Comunidades Aut\u00f3nomas y a sus Estatutos, y al Senado, de manera singular,<\/span><span style=\"color:#807e7e; font-family:Verdana; font-size:10pt\"><br \/>\n<\/span><span style=\"color:black\">los ayuntamientos no deben quedar descolgados de este nuevo proceso reformador que en el \u00e1mbito institucional y territorial se abre ahora en nuestro pa\u00eds. As\u00ed, como destaca Cuesta, \u00aben los procesos de reforma estatutaria tiene que estar presente la autonom\u00eda local, la definici\u00f3n de un marco competencial, el traspaso de transferencias desde las Comunidades Aut\u00f3nomas a los ayuntamientos, y la financiaci\u00f3n local auton\u00f3mica. Debe producirse un pacto, tambi\u00e9n, entre territorios, en el seno de las Comunidades Aut\u00f3nomas. As\u00ed mismo, en los cambios institucionales que el Gobierno de la Naci\u00f3n desarrolle debe estar presente y formar parte de la agenda pol\u00edtica y territorial del Gobierno, una nueva regulaci\u00f3n del Gobierno Local, una pol\u00edtica urbana y una reforma de la financiaci\u00f3n local\u00bb.<br \/>\n<\/span><\/p>\n<p style=\"text-align: justify\"><span style=\"color:black\">Desde la interrelaci\u00f3n de lo global y lo local, no puede olvidarse la <\/span>caracter\u00edstica b\u00e1sica del <span style=\"color:black\">nuevo escenario<\/span> creado de la mano de la convergencia de las telecomunicaciones, la inform\u00e1tica y la industria de contenidos. Las nuevas tecnolog\u00edas no s\u00f3lo permitieron la globalizaci\u00f3n, sino que tambi\u00e9n multiplicaron los espacios locales. Actualmente, muchos procesos de comunicaci\u00f3n <span style=\"color:black\">local<\/span> se convierten en mundiales por su difusi\u00f3n, como desde Castilla-La Mancha podemos constatar con las emisiones de Televisi\u00f3n auton\u00f3mica o la Radio castellano-manchega, por ejemplo, mediante los v\u00ednculos que est\u00e1n creando con la inmigraci\u00f3n gracias a los sat\u00e9lites y a la Red. Es decir, hoy hay muchas m\u00e1s posibilidades para que la comunicaci\u00f3n se difunda en los espacios globales, lo que hace que muchos procesos locales -como el nuestro- sean al mismo tiempo globales.\n<\/p>\n<p style=\"text-align: justify\">Todos estos aspectos deben presidir las reflexiones de las clases pol\u00edticas, empresariales y sociales de Castilla-La Mancha, pero sin olvidar que en el <span style=\"color:black\">nuevo<\/span> marco de la sociedad del tercer milenio el \u00e1mbito de las relaciones primarias de los ciudadanos seguir\u00e1 siendo con las personas pr\u00f3ximas, las que tienen un mismo idioma, un mismo horizonte y una misma realidad e identidad <span style=\"color:black\">local<\/span>. Durante 2012 y en los a\u00f1os sucesivos la mayor\u00eda de los ciudadanos compaginar\u00e1n las posibilidades de una mayor intercomunicaci\u00f3n planetaria con las relaciones con su entorno, con su \u00e1mbito social m\u00e1s inmediato. De ah\u00ed el valor social de la informaci\u00f3n de proximidad y su importancia para reforzar los rasgos de identidad en esa sociedad m\u00e1s <span style=\"color:black\">local<\/span> y global hacia la que caminamos. No debemos olvidar que los medios de comunicaci\u00f3n tambi\u00e9n son en la actualidad unos poderosos elementos de consolidaci\u00f3n de una identidad cultural. Por ello precisan emplear las tecnolog\u00edas actuales, que ya no son s\u00f3lo herramientas, sino procesos a desarrollar. Los usuarios tienen que tomar las nuevas tecnolog\u00edas -en especial Internet- para producir y distribuir bienes y servicios. As\u00ed podremos intervenir y contribuir a la consolidaci\u00f3n de la identidad cultural castellano-manchega, al tiempo que participaremos en ese desaf\u00edo al proceso de globalizaci\u00f3n estandarizadora por la que optamos los defensores del dise\u00f1o del <span style=\"color:black\">nuevo escenario<\/span>.\n<\/p>\n<p style=\"text-align: justify\">Con todo, y en consecuencia, conviene indicar que tanto los medios de comunicaci\u00f3n tradicionales como los nuevos tienen que realizar en Castilla-La Mancha una mayor aportaci\u00f3n al proceso de identificaci\u00f3n cultural. En definitiva, <span style=\"color:black\">los medios locales pudieron ayer, pueden hoy y podr\u00e1n ma\u00f1ana ser portavoces de la espont\u00e1nea y libre opini\u00f3n creada por los habitantes de ese espacio de comunicaci\u00f3n. Su estrategia informativa ha estado imbuida siempre de altas dosis de atenci\u00f3n a las experiencias pr\u00f3ximas. Pero ahora, cuando vivimos entre la necesidad del lugar y la tendencia inevitable de lo global, precisan seguir centrando su actuaci\u00f3n en lo cercano, aunque combinando bien las estrategias macro y micro.<br \/>\n<\/span><\/p>\n<p style=\"text-align: justify\">En el \u00e1mbito local castellano-manchego, esos observatorios privilegiados de lo que pasa en el mundo de la comunicaci\u00f3n en tiempos de la globalizaci\u00f3n, emiten unos datos que confirman que el aumento de informaci\u00f3n no siempre conlleva avances en la calidad de la informaci\u00f3n. Es una llamada de atenci\u00f3n para que no olviden en ning\u00fan momento que m\u00e1s informaci\u00f3n no significa mejor informaci\u00f3n. Y es una advertencia para exigir a los medios locales que asuman los nuevos desaf\u00edos de una sociedad m\u00e1s globalizada. Esto les obliga a impartir a los ciudadanos un buen adiestramiento, que les permita entender el papel de los nuevos soportes de la Sociedad de la Informaci\u00f3n.\n<\/p>\n<p style=\"text-align: justify\">Esto obliga a reservar un apartado importante <span style=\"color:black\">al Small Business Act (SBA), o ley de las peque\u00f1as y medianas empresas (PYME), la cual establece un marco estrat\u00e9gico que debe permitir explotar mejor el potencial de crecimiento y de innovaci\u00f3n de las PYME. Este ajuste deber\u00eda promover la competitividad sostenible de la Uni\u00f3n Europea (UE) y su transici\u00f3n hacia una econom\u00eda del conocimiento.<br \/>\n<\/span><\/p>\n<p style=\"text-align: justify\"><span style=\"color:black\">El SBA se basa en diez principios orientados a definir las pol\u00edticas comunitarias y nacionales, y en medidas pr\u00e1cticas para su aplicaci\u00f3n. Desarrollo de un <strong>marco favorable para los empresarios<\/strong> para facilitar la creaci\u00f3n de PYME, en particular, por parte de las mujeres y los inmigrantes, y fomentar la transmisi\u00f3n de empresas, especialmente de PYME familiares. La Comisi\u00f3n sabe que debe promover la cultura empresarial, en especial mediante la creaci\u00f3n de redes de empresas y el intercambio de experiencias. Los Estados miembros deben adoptar medidas en materia de ense\u00f1anza, formaci\u00f3n, fiscalidad y asistencia a empresarios. Y, en este acoplamiento, no dejaremos tampoco de lado las acciones derivadas de la aplicaci\u00f3n y desarrollo de <\/span>la Ley 15\/2011, de 15 de diciembre de 2011, de<span style=\"color:black\"><br \/>\n<\/span>Emprendedores, Aut\u00f3nomos y Pymes de Castilla-La Mancha, dispuesta para articular<span style=\"color:black\"><br \/>\n<\/span>por el Gobierno de la Comunidad Aut\u00f3noma todos los recursos disponibles por las<span style=\"color:black\"><br \/>\n<\/span>Administraciones P\u00fablicas para impulsar el emprendimiento, entendido no solo como la<span style=\"color:black\"><br \/>\n<\/span>capacidad para iniciar nuevas actividades econ\u00f3micas de generaci\u00f3n de empleo y<span style=\"color:black\"><br \/>\n<\/span>crecimiento social en esta regi\u00f3n, sino tambi\u00e9n como valor social que debe promoverse y ampararse desde todos los poderes p\u00fablicos.<span style=\"color:black\"><br \/>\n<\/span><\/p>\n<p style=\"text-align: justify\">Estos han de impulsar un particular y efectivo esp\u00edritu emprendedor, arrancando de la iniciativa pol\u00edtica patrocinada por la Comisi\u00f3n Europea en junio de 2008, la citada \u00abSmall Business Act for Europe\u00bb, ayudando a expandir entre empresarios y trabajadores una cultura no solo en defensa de la figura del emprendedor, sino promover y fomentar tambi\u00e9n su surgimiento, de manera que el esfuerzo y la capacidad de superaci\u00f3n ante la dificultad de los retos, sean alentados y valorados. <span style=\"color:black\">El <strong>Observatorio Regional de Mercado<\/strong> dispuesto en la Ley 15\/2011 puede ser esa plataforma precisa para crear nuevas empresas y <\/span>arropar la actividad de innovaci\u00f3n, tutela y ayudas econ\u00f3micas a los emprendedores.\n<\/p>\n<p style=\"text-align: justify\">Esta promoci\u00f3n puede valer tambi\u00e9n para apaciguar la \u00abprueba de fuerza\u00bb contra el Gobierno y el test de esfuerzo de los sindicatos y de los partidos de la izquierda que inician el 29 de abril de 2012. Son retos que se van a dirimir en esta fecha en toda Espa\u00f1a a la luz de la respuesta ciudadana que tenga el llamamiento de la <strong>Plataforma<\/strong><br \/>\n<strong>Social en Defensa del Estado de Bienestar<\/strong>, con m\u00e1s de 50 organizaciones sociales, contra los recortes del PP. A mediod\u00eda se celebraron manifestaciones en 55 ciudades con el lema <em>Con la educaci\u00f3n y la sanidad no se juega,<\/em> aunque en el manifiesto que se lee como broche de las mismas se abomina de otras medidas gubernamentales. Fueron marchas contra la <strong>reforma laboral, ya vigente<\/strong>, as\u00ed como contra la subida del IRPF y otras medidas que se consideran discriminatorias, como la <strong>exclusi\u00f3n de la sanidad a los inmigrantes que no tengan residencia legal<\/strong> o el <strong>copago farmac\u00e9utico<\/strong> seg\u00fan la renta.<\/p>\n","protected":false},"excerpt":{"rendered":"<p>T\u00edtulo del libro: Estrategias de emprendimiento para el desarrollo de Castilla-La Mancha Nuevas actividades econ\u00f3micas de generaci\u00f3n de empleo en la regi\u00f3n Editorial Acad\u00e9mica Espa\u00f1ola (2012-06-10) Principio del formulario Precio 49.00 \u20ac Cantidad: Final del formulario ISBN-13: 978-3-659-01747-6 ISBN-10: 3659017477 EAN: 9783659017476 Idioma del libro: Notas y citas \/ Texto breve: La obra se centra&#8230;<\/p>\n","protected":false},"author":1,"featured_media":0,"comment_status":"open","ping_status":"open","sticky":false,"template":"","format":"standard","meta":{"rop_custom_images_group":[],"rop_custom_messages_group":[],"rop_publish_now":"initial","rop_publish_now_accounts":[],"rop_publish_now_history":[],"rop_publish_now_status":"pending","footnotes":""},"categories":[1],"tags":[],"class_list":["post-3260","post","type-post","status-publish","format-standard","hentry","category-uncategorized"],"yoast_head":"<!-- This site is optimized with the Yoast SEO plugin v27.5 - https:\/\/yoast.com\/product\/yoast-seo-wordpress\/ -->\n<title>Estrategias de emprendimiento para el desarrollo de Castilla-La Mancha (por Juan Andr\u00e9s Buedo) - La Vanguardia de Cuenca<\/title>\n<meta name=\"robots\" content=\"index, follow, max-snippet:-1, max-image-preview:large, max-video-preview:-1\" \/>\n<link rel=\"canonical\" href=\"https:\/\/lavanguardiadecuenca.es\/?p=3260\" \/>\n<meta property=\"og:locale\" content=\"es_ES\" \/>\n<meta property=\"og:type\" content=\"article\" \/>\n<meta property=\"og:title\" content=\"Estrategias de emprendimiento para el desarrollo de Castilla-La Mancha (por Juan Andr\u00e9s Buedo) - La Vanguardia de Cuenca\" \/>\n<meta property=\"og:description\" content=\"T\u00edtulo del libro: Estrategias de emprendimiento para el desarrollo de Castilla-La Mancha Nuevas actividades econ\u00f3micas de generaci\u00f3n de empleo en la regi\u00f3n Editorial Acad\u00e9mica Espa\u00f1ola (2012-06-10) Principio del formulario Precio 49.00 \u20ac Cantidad: Final del formulario ISBN-13: 978-3-659-01747-6 ISBN-10: 3659017477 EAN: 9783659017476 Idioma del libro: Notas y citas \/ Texto breve: La obra se centra...\" \/>\n<meta property=\"og:url\" content=\"https:\/\/lavanguardiadecuenca.es\/?p=3260\" \/>\n<meta property=\"og:site_name\" content=\"La Vanguardia de Cuenca\" \/>\n<meta property=\"article:published_time\" content=\"2012-06-17T20:21:15+00:00\" \/>\n<meta property=\"og:image\" content=\"https:\/\/jabuedo.typepad.com\/.a\/6a00d8341c734753ef016306aedb59970d-pi\" \/>\n<meta name=\"author\" content=\"admin6567\" \/>\n<meta name=\"twitter:card\" content=\"summary_large_image\" \/>\n<meta name=\"twitter:label1\" content=\"Escrito por\" \/>\n\t<meta name=\"twitter:data1\" content=\"admin6567\" \/>\n\t<meta name=\"twitter:label2\" content=\"Tiempo de lectura\" \/>\n\t<meta name=\"twitter:data2\" content=\"16 minutos\" \/>\n<script type=\"application\/ld+json\" class=\"yoast-schema-graph\">{\"@context\":\"https:\\\/\\\/schema.org\",\"@graph\":[{\"@type\":\"Article\",\"@id\":\"https:\\\/\\\/lavanguardiadecuenca.es\\\/?p=3260#article\",\"isPartOf\":{\"@id\":\"https:\\\/\\\/lavanguardiadecuenca.es\\\/?p=3260\"},\"author\":{\"name\":\"admin6567\",\"@id\":\"https:\\\/\\\/lavanguardiadecuenca.es\\\/#\\\/schema\\\/person\\\/533d101fbc2a9ecf6af26aeddcaf1abd\"},\"headline\":\"Estrategias de emprendimiento para el desarrollo de Castilla-La Mancha (por Juan Andr\u00e9s Buedo)\",\"datePublished\":\"2012-06-17T20:21:15+00:00\",\"mainEntityOfPage\":{\"@id\":\"https:\\\/\\\/lavanguardiadecuenca.es\\\/?p=3260\"},\"wordCount\":3164,\"commentCount\":0,\"publisher\":{\"@id\":\"https:\\\/\\\/lavanguardiadecuenca.es\\\/#\\\/schema\\\/person\\\/efd3b99fe10ec3fad96a88f3ae7d092f\"},\"image\":{\"@id\":\"https:\\\/\\\/lavanguardiadecuenca.es\\\/?p=3260#primaryimage\"},\"thumbnailUrl\":\"https:\\\/\\\/jabuedo.typepad.com\\\/.a\\\/6a00d8341c734753ef016306aedb59970d-pi\",\"articleSection\":[\"Uncategorized\"],\"inLanguage\":\"es\",\"potentialAction\":[{\"@type\":\"CommentAction\",\"name\":\"Comment\",\"target\":[\"https:\\\/\\\/lavanguardiadecuenca.es\\\/?p=3260#respond\"]}]},{\"@type\":\"WebPage\",\"@id\":\"https:\\\/\\\/lavanguardiadecuenca.es\\\/?p=3260\",\"url\":\"https:\\\/\\\/lavanguardiadecuenca.es\\\/?p=3260\",\"name\":\"Estrategias de emprendimiento para el desarrollo de Castilla-La Mancha (por Juan Andr\u00e9s Buedo) - La Vanguardia de Cuenca\",\"isPartOf\":{\"@id\":\"https:\\\/\\\/lavanguardiadecuenca.es\\\/#website\"},\"primaryImageOfPage\":{\"@id\":\"https:\\\/\\\/lavanguardiadecuenca.es\\\/?p=3260#primaryimage\"},\"image\":{\"@id\":\"https:\\\/\\\/lavanguardiadecuenca.es\\\/?p=3260#primaryimage\"},\"thumbnailUrl\":\"https:\\\/\\\/jabuedo.typepad.com\\\/.a\\\/6a00d8341c734753ef016306aedb59970d-pi\",\"datePublished\":\"2012-06-17T20:21:15+00:00\",\"breadcrumb\":{\"@id\":\"https:\\\/\\\/lavanguardiadecuenca.es\\\/?p=3260#breadcrumb\"},\"inLanguage\":\"es\",\"potentialAction\":[{\"@type\":\"ReadAction\",\"target\":[\"https:\\\/\\\/lavanguardiadecuenca.es\\\/?p=3260\"]}]},{\"@type\":\"ImageObject\",\"inLanguage\":\"es\",\"@id\":\"https:\\\/\\\/lavanguardiadecuenca.es\\\/?p=3260#primaryimage\",\"url\":\"https:\\\/\\\/jabuedo.typepad.com\\\/.a\\\/6a00d8341c734753ef016306aedb59970d-pi\",\"contentUrl\":\"https:\\\/\\\/jabuedo.typepad.com\\\/.a\\\/6a00d8341c734753ef016306aedb59970d-pi\"},{\"@type\":\"BreadcrumbList\",\"@id\":\"https:\\\/\\\/lavanguardiadecuenca.es\\\/?p=3260#breadcrumb\",\"itemListElement\":[{\"@type\":\"ListItem\",\"position\":1,\"name\":\"Portada\",\"item\":\"https:\\\/\\\/lavanguardiadecuenca.es\\\/\"},{\"@type\":\"ListItem\",\"position\":2,\"name\":\"Estrategias de emprendimiento para el desarrollo de Castilla-La Mancha (por Juan Andr\u00e9s Buedo)\"}]},{\"@type\":\"WebSite\",\"@id\":\"https:\\\/\\\/lavanguardiadecuenca.es\\\/#website\",\"url\":\"https:\\\/\\\/lavanguardiadecuenca.es\\\/\",\"name\":\"La Vanguardia de Cuenca\",\"description\":\"Intereses: comunicaci\u00f3n y actualidad en general, weblogs, sociedad, pol\u00edtica\",\"publisher\":{\"@id\":\"https:\\\/\\\/lavanguardiadecuenca.es\\\/#\\\/schema\\\/person\\\/efd3b99fe10ec3fad96a88f3ae7d092f\"},\"potentialAction\":[{\"@type\":\"SearchAction\",\"target\":{\"@type\":\"EntryPoint\",\"urlTemplate\":\"https:\\\/\\\/lavanguardiadecuenca.es\\\/?s={search_term_string}\"},\"query-input\":{\"@type\":\"PropertyValueSpecification\",\"valueRequired\":true,\"valueName\":\"search_term_string\"}}],\"inLanguage\":\"es\"},{\"@type\":[\"Person\",\"Organization\"],\"@id\":\"https:\\\/\\\/lavanguardiadecuenca.es\\\/#\\\/schema\\\/person\\\/efd3b99fe10ec3fad96a88f3ae7d092f\",\"name\":\"Juan Andr\u00e9s Buedo\",\"image\":{\"@type\":\"ImageObject\",\"inLanguage\":\"es\",\"@id\":\"https:\\\/\\\/lavanguardiadecuenca.es\\\/wp-content\\\/uploads\\\/2025\\\/09\\\/6a00d8341c734753ef0278801a3634200d-250si.jpg\",\"url\":\"https:\\\/\\\/lavanguardiadecuenca.es\\\/wp-content\\\/uploads\\\/2025\\\/09\\\/6a00d8341c734753ef0278801a3634200d-250si.jpg\",\"contentUrl\":\"https:\\\/\\\/lavanguardiadecuenca.es\\\/wp-content\\\/uploads\\\/2025\\\/09\\\/6a00d8341c734753ef0278801a3634200d-250si.jpg\",\"width\":250,\"height\":250,\"caption\":\"Juan Andr\u00e9s Buedo\"},\"logo\":{\"@id\":\"https:\\\/\\\/lavanguardiadecuenca.es\\\/wp-content\\\/uploads\\\/2025\\\/09\\\/6a00d8341c734753ef0278801a3634200d-250si.jpg\"},\"sameAs\":[\"https:\\\/\\\/lavanguardiadecuenca.es\\\/\"]},{\"@type\":\"Person\",\"@id\":\"https:\\\/\\\/lavanguardiadecuenca.es\\\/#\\\/schema\\\/person\\\/533d101fbc2a9ecf6af26aeddcaf1abd\",\"name\":\"admin6567\",\"image\":{\"@type\":\"ImageObject\",\"inLanguage\":\"es\",\"@id\":\"https:\\\/\\\/secure.gravatar.com\\\/avatar\\\/79503df8b75d394ce1e22cb5293c3e8fee42d212f6de88e2d65bfaa128f73542?s=96&d=mm&r=g\",\"url\":\"https:\\\/\\\/secure.gravatar.com\\\/avatar\\\/79503df8b75d394ce1e22cb5293c3e8fee42d212f6de88e2d65bfaa128f73542?s=96&d=mm&r=g\",\"contentUrl\":\"https:\\\/\\\/secure.gravatar.com\\\/avatar\\\/79503df8b75d394ce1e22cb5293c3e8fee42d212f6de88e2d65bfaa128f73542?s=96&d=mm&r=g\",\"caption\":\"admin6567\"},\"sameAs\":[\"http:\\\/\\\/lavanguardiadecuenca.es\"],\"url\":\"https:\\\/\\\/lavanguardiadecuenca.es\\\/?author=1\"}]}<\/script>\n<!-- \/ Yoast SEO plugin. -->","yoast_head_json":{"title":"Estrategias de emprendimiento para el desarrollo de Castilla-La Mancha (por Juan Andr\u00e9s Buedo) - La Vanguardia de Cuenca","robots":{"index":"index","follow":"follow","max-snippet":"max-snippet:-1","max-image-preview":"max-image-preview:large","max-video-preview":"max-video-preview:-1"},"canonical":"https:\/\/lavanguardiadecuenca.es\/?p=3260","og_locale":"es_ES","og_type":"article","og_title":"Estrategias de emprendimiento para el desarrollo de Castilla-La Mancha (por Juan Andr\u00e9s Buedo) - La Vanguardia de Cuenca","og_description":"T\u00edtulo del libro: Estrategias de emprendimiento para el desarrollo de Castilla-La Mancha Nuevas actividades econ\u00f3micas de generaci\u00f3n de empleo en la regi\u00f3n Editorial Acad\u00e9mica Espa\u00f1ola (2012-06-10) Principio del formulario Precio 49.00 \u20ac Cantidad: Final del formulario ISBN-13: 978-3-659-01747-6 ISBN-10: 3659017477 EAN: 9783659017476 Idioma del libro: Notas y citas \/ Texto breve: La obra se centra...","og_url":"https:\/\/lavanguardiadecuenca.es\/?p=3260","og_site_name":"La Vanguardia de Cuenca","article_published_time":"2012-06-17T20:21:15+00:00","og_image":[{"url":"https:\/\/jabuedo.typepad.com\/.a\/6a00d8341c734753ef016306aedb59970d-pi","type":"","width":"","height":""}],"author":"admin6567","twitter_card":"summary_large_image","twitter_misc":{"Escrito por":"admin6567","Tiempo de lectura":"16 minutos"},"schema":{"@context":"https:\/\/schema.org","@graph":[{"@type":"Article","@id":"https:\/\/lavanguardiadecuenca.es\/?p=3260#article","isPartOf":{"@id":"https:\/\/lavanguardiadecuenca.es\/?p=3260"},"author":{"name":"admin6567","@id":"https:\/\/lavanguardiadecuenca.es\/#\/schema\/person\/533d101fbc2a9ecf6af26aeddcaf1abd"},"headline":"Estrategias de emprendimiento para el desarrollo de Castilla-La Mancha (por Juan Andr\u00e9s Buedo)","datePublished":"2012-06-17T20:21:15+00:00","mainEntityOfPage":{"@id":"https:\/\/lavanguardiadecuenca.es\/?p=3260"},"wordCount":3164,"commentCount":0,"publisher":{"@id":"https:\/\/lavanguardiadecuenca.es\/#\/schema\/person\/efd3b99fe10ec3fad96a88f3ae7d092f"},"image":{"@id":"https:\/\/lavanguardiadecuenca.es\/?p=3260#primaryimage"},"thumbnailUrl":"https:\/\/jabuedo.typepad.com\/.a\/6a00d8341c734753ef016306aedb59970d-pi","articleSection":["Uncategorized"],"inLanguage":"es","potentialAction":[{"@type":"CommentAction","name":"Comment","target":["https:\/\/lavanguardiadecuenca.es\/?p=3260#respond"]}]},{"@type":"WebPage","@id":"https:\/\/lavanguardiadecuenca.es\/?p=3260","url":"https:\/\/lavanguardiadecuenca.es\/?p=3260","name":"Estrategias de emprendimiento para el desarrollo de Castilla-La Mancha (por Juan Andr\u00e9s Buedo) - La Vanguardia de Cuenca","isPartOf":{"@id":"https:\/\/lavanguardiadecuenca.es\/#website"},"primaryImageOfPage":{"@id":"https:\/\/lavanguardiadecuenca.es\/?p=3260#primaryimage"},"image":{"@id":"https:\/\/lavanguardiadecuenca.es\/?p=3260#primaryimage"},"thumbnailUrl":"https:\/\/jabuedo.typepad.com\/.a\/6a00d8341c734753ef016306aedb59970d-pi","datePublished":"2012-06-17T20:21:15+00:00","breadcrumb":{"@id":"https:\/\/lavanguardiadecuenca.es\/?p=3260#breadcrumb"},"inLanguage":"es","potentialAction":[{"@type":"ReadAction","target":["https:\/\/lavanguardiadecuenca.es\/?p=3260"]}]},{"@type":"ImageObject","inLanguage":"es","@id":"https:\/\/lavanguardiadecuenca.es\/?p=3260#primaryimage","url":"https:\/\/jabuedo.typepad.com\/.a\/6a00d8341c734753ef016306aedb59970d-pi","contentUrl":"https:\/\/jabuedo.typepad.com\/.a\/6a00d8341c734753ef016306aedb59970d-pi"},{"@type":"BreadcrumbList","@id":"https:\/\/lavanguardiadecuenca.es\/?p=3260#breadcrumb","itemListElement":[{"@type":"ListItem","position":1,"name":"Portada","item":"https:\/\/lavanguardiadecuenca.es\/"},{"@type":"ListItem","position":2,"name":"Estrategias de emprendimiento para el desarrollo de Castilla-La Mancha (por Juan Andr\u00e9s Buedo)"}]},{"@type":"WebSite","@id":"https:\/\/lavanguardiadecuenca.es\/#website","url":"https:\/\/lavanguardiadecuenca.es\/","name":"La Vanguardia de Cuenca","description":"Intereses: comunicaci\u00f3n y actualidad en general, weblogs, sociedad, pol\u00edtica","publisher":{"@id":"https:\/\/lavanguardiadecuenca.es\/#\/schema\/person\/efd3b99fe10ec3fad96a88f3ae7d092f"},"potentialAction":[{"@type":"SearchAction","target":{"@type":"EntryPoint","urlTemplate":"https:\/\/lavanguardiadecuenca.es\/?s={search_term_string}"},"query-input":{"@type":"PropertyValueSpecification","valueRequired":true,"valueName":"search_term_string"}}],"inLanguage":"es"},{"@type":["Person","Organization"],"@id":"https:\/\/lavanguardiadecuenca.es\/#\/schema\/person\/efd3b99fe10ec3fad96a88f3ae7d092f","name":"Juan Andr\u00e9s Buedo","image":{"@type":"ImageObject","inLanguage":"es","@id":"https:\/\/lavanguardiadecuenca.es\/wp-content\/uploads\/2025\/09\/6a00d8341c734753ef0278801a3634200d-250si.jpg","url":"https:\/\/lavanguardiadecuenca.es\/wp-content\/uploads\/2025\/09\/6a00d8341c734753ef0278801a3634200d-250si.jpg","contentUrl":"https:\/\/lavanguardiadecuenca.es\/wp-content\/uploads\/2025\/09\/6a00d8341c734753ef0278801a3634200d-250si.jpg","width":250,"height":250,"caption":"Juan Andr\u00e9s Buedo"},"logo":{"@id":"https:\/\/lavanguardiadecuenca.es\/wp-content\/uploads\/2025\/09\/6a00d8341c734753ef0278801a3634200d-250si.jpg"},"sameAs":["https:\/\/lavanguardiadecuenca.es\/"]},{"@type":"Person","@id":"https:\/\/lavanguardiadecuenca.es\/#\/schema\/person\/533d101fbc2a9ecf6af26aeddcaf1abd","name":"admin6567","image":{"@type":"ImageObject","inLanguage":"es","@id":"https:\/\/secure.gravatar.com\/avatar\/79503df8b75d394ce1e22cb5293c3e8fee42d212f6de88e2d65bfaa128f73542?s=96&d=mm&r=g","url":"https:\/\/secure.gravatar.com\/avatar\/79503df8b75d394ce1e22cb5293c3e8fee42d212f6de88e2d65bfaa128f73542?s=96&d=mm&r=g","contentUrl":"https:\/\/secure.gravatar.com\/avatar\/79503df8b75d394ce1e22cb5293c3e8fee42d212f6de88e2d65bfaa128f73542?s=96&d=mm&r=g","caption":"admin6567"},"sameAs":["http:\/\/lavanguardiadecuenca.es"],"url":"https:\/\/lavanguardiadecuenca.es\/?author=1"}]}},"_links":{"self":[{"href":"https:\/\/lavanguardiadecuenca.es\/index.php?rest_route=\/wp\/v2\/posts\/3260","targetHints":{"allow":["GET"]}}],"collection":[{"href":"https:\/\/lavanguardiadecuenca.es\/index.php?rest_route=\/wp\/v2\/posts"}],"about":[{"href":"https:\/\/lavanguardiadecuenca.es\/index.php?rest_route=\/wp\/v2\/types\/post"}],"author":[{"embeddable":true,"href":"https:\/\/lavanguardiadecuenca.es\/index.php?rest_route=\/wp\/v2\/users\/1"}],"replies":[{"embeddable":true,"href":"https:\/\/lavanguardiadecuenca.es\/index.php?rest_route=%2Fwp%2Fv2%2Fcomments&post=3260"}],"version-history":[{"count":0,"href":"https:\/\/lavanguardiadecuenca.es\/index.php?rest_route=\/wp\/v2\/posts\/3260\/revisions"}],"wp:attachment":[{"href":"https:\/\/lavanguardiadecuenca.es\/index.php?rest_route=%2Fwp%2Fv2%2Fmedia&parent=3260"}],"wp:term":[{"taxonomy":"category","embeddable":true,"href":"https:\/\/lavanguardiadecuenca.es\/index.php?rest_route=%2Fwp%2Fv2%2Fcategories&post=3260"},{"taxonomy":"post_tag","embeddable":true,"href":"https:\/\/lavanguardiadecuenca.es\/index.php?rest_route=%2Fwp%2Fv2%2Ftags&post=3260"}],"curies":[{"name":"wp","href":"https:\/\/api.w.org\/{rel}","templated":true}]}}