{"id":3237,"date":"2012-06-29T21:32:52","date_gmt":"2012-06-29T21:32:52","guid":{"rendered":"https:\/\/lavanguardiadecuenca.es\/?p=3237"},"modified":"2012-06-29T21:32:52","modified_gmt":"2012-06-29T21:32:52","slug":"cataluna-se-rebela-contra-el-estado-de-derecho-por-miguel-massanet-bosch","status":"publish","type":"post","link":"https:\/\/lavanguardiadecuenca.es\/?p=3237","title":{"rendered":"Catalu\u00f1a se rebela contra el Estado de Derecho (por Miguel Massanet Bosch)"},"content":{"rendered":"<p style=\"text-align: justify\">\n\u00a0<\/p>\n<p style=\"text-align: justify\"><span style=\"font-family:Arial; font-size:10pt\">Por  mucho que intentemos evitarlo, por mucho empe\u00f1o que pongamos en ello, lo cierto es que, como dec\u00eda muy bien el se\u00f1or Abad- El- Kader, (1.808-1.883), sult\u00e1n  de Argelia, que lucho contra los franceses y, cuando fue derrotado, se refugi\u00f3 en Marruecos y, m\u00e1s tarde en Damasco; (un personaje del que, el general franc\u00e9s, Bugeaut dec\u00eda \u00ab<em>Un hombre de genio que la historia debe poner al lado de Jugurtha &#8211; rey N\u00famida-\u00ab): \u00abLa muerte es un camello negro que se arrodilla ante la puerta de todas las casas\u00bb.<\/em> Y es cierto que todo ser humano, como me acaba de ocurrir a m\u00ed mismo con un familiar, debe pagar este peaje inevitable del tr\u00e1nsito a la otra vida. La muerte, una vez m\u00e1s, me ha hecho reflexionar sobre la soledad de aquellos a los que, la suerte o la Providencia, nos permite sobrevivir, aunque sea a trancas y barrancas, a tantos compa\u00f1eros de juventud, amigos, parientes, personajes pol\u00edticos, artistas, conocidos o eminentes investigadores e inventores que formaron parte, durante tantos a\u00f1os, de nuestro entorno vital que, poco a poco, se va difuminando en el recuerdo, hasta que te encuentras inane viviendo entre generaciones en las que sientes un extra\u00f1o y con los que te es imposible compartir nada, como no sea la contemplaci\u00f3n estupefacta de c\u00f3mo se desmoronan valores, principios, s\u00edmbolos, costumbres, sentimientos y h\u00e1bitos que nunca te pudieras haber imaginado que pudieran derrumbarse, en un tiempo tan corto y con tanta facilidad.<br \/>\n<\/span><\/p>\n<p style=\"text-align: justify\"><span style=\"font-family:Arial; font-size:10pt\">Durante estos \u00faltimos meses, quien se desconecta, aunque sea por unos pocos d\u00edas, de los acontecimientos que, cada vez con m\u00e1s rapidez e intensidad, se van sucediendo en nuestro globo terr\u00e1queo, corre el riesgo de quedarse desfasado y perder el tren de lo que sucede en este universo loco y desalmado de la econom\u00eda, las finanzas y la pol\u00edtica; que andan tan convulsionadas, especialmente por lo que respeta a nuestra naci\u00f3n, que casi es imposible abarcar la informaci\u00f3n, dada la complejidad del tema y lo acelerado de los cambios pol\u00edticos que se van sucediendo.<br \/>\n<\/span><\/p>\n<p style=\"text-align: justify\"><span style=\"font-family:Arial; font-size:10pt\">Se dice que durante los acontecimientos del mayo de 1.937 cuando, durante la Guerra Civil, los republicanos retiraron tropas, que luchaban en el frente contra los nacionales, para llevarlas a Barcelona donde, comunistas, socialistas y miembros de ERC, intentaban deshacerse de sus adversarios tradicionales: los de la CNT, POUM y los extremistas de la primera, integrados en la FAY. Una operaci\u00f3n que, sin duda, les facilit\u00f3 a las tropas del general  Franco realizar importantes avances. Hoy, cuando estamos pasando por d\u00edas de verdadera inestabilidad, de graves acontecimientos y de dudas sobre si, Espa\u00f1a, podr\u00e1 salir del conflicto en el que est\u00e1 sumida; pendiente de las decisiones que salgan de una Europa que, a la vez, demuestra estar desunida y poco segura de cu\u00e1l es el mejor camino para evitar la ca\u00edda definitiva de la divisa europea, el euro; el hecho penoso que, una vez m\u00e1s, desde la comunidad catalana vuelvan a dar la nota, con unas declaraciones, poco afortunadas, del se\u00f1or Mas que, posteriormente, por si no hubiera sido lo bastante expl\u00edcitas, han sido reforzadas y ratificadas por el portavoz del Gobierno catal\u00e1n, se\u00f1or Francesc Homs, quien ha dicho,  referente a la reciente sentencia del T.Supremo que ha anulado los art\u00edculos 4.1, 4.3,. 4.4 y 4.5 del <em>Decreto catal\u00e1n que ordena el Segundo Ciclo de Ense\u00f1anza Infantil: \u00abDe<span style=\"text-decoration:underline\"> aqu\u00ed no nos movemos, diga lo que diga este tribunal o cualquier otro. Por aqu\u00ed no pasaremos\u00bb.<\/span><\/em> \u00bfRecuerdan ustedes aquel famoso eslogan de La Pasionaria, del \u00abno pasar\u00e1n\u00bb?, \u00bfs\u00ed?, pues pueden aplicarlo al se\u00f1or Mas y al se\u00f1or Homs, as\u00ed como a todos los que los apoyan.<br \/>\n<\/span><\/p>\n<p style=\"text-align: justify\"><span style=\"font-family:Arial; font-size:10pt\">Vamos a recordar el hecho de que Bruselas, por medio de la Comisi\u00f3n Europea, acaba de exigir la modificaci\u00f3n, en dos meses, de la Ley de Cine de Catalu\u00f1a por discriminar la distribuci\u00f3n de las pel\u00edculas europeas, tach\u00e1ndola de \u00abdiscriminatoria y contraria  a las normas de la UE sobre la libre circulaci\u00f3n de servicios\u00bb. \u00bfNo quer\u00edan el se\u00f1or M\u00e1s y todos los separatistas catalanes separarse de Espa\u00f1a para entrar, como pa\u00eds independiente, en la UE; pensando que ello les permitir\u00eda imponer el catal\u00e1n a cualquier precio? Pues aqu\u00ed tiene la primera respuesta de lo que les acontecer\u00eda si, como pa\u00eds pigmeo y aislado, pretendieran hacerse el gallito ante las naciones europeas. Pero sucede que. contrariamente a lo que los catalanes y sus dirigentes sostienen, en la comunidad catalana no es que se pretenda conservar el catal\u00e1n, promocionarlo y hacer que lo hablen la mayor\u00eda de las personas que viven en Catalunya; sino que, su pretensi\u00f3n, es emplear el idioma catal\u00e1n como arma arrojadiza y, <em>pro domo sua,<\/em> hacerlo servir para imbuir a los catalanes de que, el resto de Espa\u00f1a, est\u00e1 en su contra y que lo que se pretende es hacer que desaparezca el idioma vern\u00e1culo en pro del castellano. Luego hablan del famoso Pacto Fiscal y de que Madrid les est\u00e1 esquilmando. De hecho, esta pol\u00edtica, ante la impasibilidad del Gobierno central, ha conseguido que, en una \u00faltima encuesta (no sabemos si manipulada o no),  parece que, un 51% de los catalanes, quieren la independencia de Espa\u00f1a.<br \/>\n<\/span><\/p>\n<p style=\"text-align: justify\"><span style=\"font-family:Arial; font-size:10pt\">El TS ha dejado invalidada, en una gran parte, la ley catalana que impon\u00eda la vehicularidad del catal\u00e1n en la ense\u00f1anza. Para salvar la cara, obligaba a los que desearan ser ense\u00f1ados en castellano, a pedirlo especialmente, con lo que se convert\u00eda a los ni\u00f1os que lo pidieran en unos marcados, condenados al ostracismo y aislado del resto de catalano\u2013parlantes.. El Supremo ha acabado, contundentemente, con esta ignominia y ha reconocido el derecho a cualquier ciudadano a ser educado en castellano; anula la resoluci\u00f3n del TSJC que establec\u00eda que, el catal\u00e1n, debe ser la lengua vehicular en las aulas de las escuelas ( tanto en actividades internas como externas); descarta la separaci\u00f3n de los alumnos en funci\u00f3n de la lengua, implanta metodolog\u00edas de inmersi\u00f3n ling\u00fc\u00edstica y hace obligatorio para los centros el aprobar un proyecto para el uso del catal\u00e1n en la escuela. En definitiva: para ser constitucional el decreto de la Generalitat debe reconocer el derecho de los alumnos a ser escolarizados en castellano, sin condicionarlo por quien lo posea a t\u00edtulo individual\u00bb \u00a1M\u00e1s claro, agua! Por otra parte, el Supremo rechaza el que el idioma castellano \u00ab<em>quede reducido en su uso al de objeto de estudio de una asignatura m\u00e1s, sin que se haga efectiva su utilizaci\u00f3n como lengua docente y vehicular en la ense\u00f1anza.<br \/>\n<\/em><\/span><\/p>\n<p style=\"text-align: justify\"><span style=\"font-family:Arial; font-size:10pt\">Sin embargo, a tenor de las declaraciones de sus gobernantes, una vez m\u00e1s, la comunidad catalana \u2013 en la que ya se han quemado banderas, retratos del rey y se han manifestado en p\u00fablico con banderas separatistas y panfletos, insultando a Espa\u00f1a y a los espa\u00f1oles \u2013 ha mostrado su cara m\u00e1s oscura, su predisposici\u00f3n en contra de nuestra patria y de aquellos que, adem\u00e1s de catalanes, queremos ser espa\u00f1oles y amamos nuestros s\u00edmbolos, y su intenci\u00f3n de ignorar cualquier norma que provenga de los tribunales espa\u00f1oles entre los cuales, como es natural, est\u00e1n el TS y el TC. Una vez m\u00e1s, se han ninguneado las resoluciones de nuestros m\u00e1s altos tribunales, referentes a la necesidad de que Catalunya, como cualquier otra comunidad espa\u00f1ola, acate y ejecute las resoluciones del poder judicial que como es sabido act\u00faa, o deber\u00eda hacerlo, de acuerdo con lo se\u00f1alado por las leyes estatales y, en especial, con las normas constitucionales. El que sean el presidente de la comunidad y otros altos cargos quienes se manifiestan en contra de seguir cumpliendo las sentencias de los tribunales (cuando pueden intentar acudir a instancias m\u00e1s altas para sostener sus objeciones, si las hubiera). Si estamos en una situaci\u00f3n cr\u00edtica, cuando todos nos vemos obligados a sacrificarnos y  los inversores internacionales nos miran con desconfianza y dejan de comprar nuestra deuda o nos obligar\u00e1n a pagar precios insostenibles para colocarla; nada m\u00e1s le falta, a Espa\u00f1a, el tener que bregar con sujetos levantiscos y comunidades rebeldes, que pretenden sacar tajada de la dif\u00edcil situaci\u00f3n del pueblo espa\u00f1ol, para obtener beneficio para sus causas separatistas.<br \/>\n<\/span><\/p>\n<p style=\"text-align: justify\"><span style=\"font-family:Arial; font-size:10pt\">Los tribunales, en esta ocasi\u00f3n, han cumplido con su cometido pero \u00bfqui\u00e9n ser\u00e1 que le pone el cascabel al gato? \u00bfActuar\u00e1n las fiscal\u00edas de acuerdo con su obligaci\u00f3n de hacer que las leyes sean ejecutadas o se quedar\u00e1n, como han venido haci\u00e9ndolo hasta ahora, mirando hacia otro lado mientras que, los infractores de las leyes, siguen tan tranquilos, manteni\u00e9ndose en sus posturas de enfrentamiento a la legalidad? Ya ser\u00eda hora, como dijeron los del PP cuando entraron en el Gobierno, de poner orden en el Estado de las Autonom\u00edas, si es que quieren que Espa\u00f1a siga siendo Espa\u00f1a. O as\u00ed es, se\u00f1ores, como lo veo yo.<br \/>\n<\/span><\/p>\n<p style=\"text-align: justify; margin-left: 36pt\"><span style=\"color:#1f497d; font-family:Arial; font-size:10pt\"><strong>Miguel Massanet Bosch<\/strong><\/span><\/p>\n","protected":false},"excerpt":{"rendered":"<p>\u00a0 Por mucho que intentemos evitarlo, por mucho empe\u00f1o que pongamos en ello, lo cierto es que, como dec\u00eda muy bien el se\u00f1or Abad- El- Kader, (1.808-1.883), sult\u00e1n de Argelia, que lucho contra los franceses y, cuando fue derrotado, se refugi\u00f3 en Marruecos y, m\u00e1s tarde en Damasco; (un personaje del que, el general franc\u00e9s,&#8230;<\/p>\n","protected":false},"author":1,"featured_media":0,"comment_status":"open","ping_status":"open","sticky":false,"template":"","format":"standard","meta":{"rop_custom_images_group":[],"rop_custom_messages_group":[],"rop_publish_now":"initial","rop_publish_now_accounts":[],"rop_publish_now_history":[],"rop_publish_now_status":"pending","footnotes":""},"categories":[1],"tags":[],"class_list":["post-3237","post","type-post","status-publish","format-standard","hentry","category-uncategorized"],"yoast_head":"<!-- This site is optimized with the Yoast SEO plugin v27.5 - https:\/\/yoast.com\/product\/yoast-seo-wordpress\/ -->\n<title>Catalu\u00f1a se rebela contra el Estado de Derecho (por Miguel Massanet Bosch) - La Vanguardia de Cuenca<\/title>\n<meta name=\"robots\" content=\"index, follow, max-snippet:-1, max-image-preview:large, max-video-preview:-1\" \/>\n<link rel=\"canonical\" href=\"https:\/\/lavanguardiadecuenca.es\/?p=3237\" \/>\n<meta property=\"og:locale\" content=\"es_ES\" \/>\n<meta property=\"og:type\" content=\"article\" \/>\n<meta property=\"og:title\" content=\"Catalu\u00f1a se rebela contra el Estado de Derecho (por Miguel Massanet Bosch) - La Vanguardia de Cuenca\" \/>\n<meta property=\"og:description\" content=\"\u00a0 Por mucho que intentemos evitarlo, por mucho empe\u00f1o que pongamos en ello, lo cierto es que, como dec\u00eda muy bien el se\u00f1or Abad- El- Kader, (1.808-1.883), sult\u00e1n de Argelia, que lucho contra los franceses y, cuando fue derrotado, se refugi\u00f3 en Marruecos y, m\u00e1s tarde en Damasco; (un personaje del que, el general franc\u00e9s,...\" \/>\n<meta property=\"og:url\" content=\"https:\/\/lavanguardiadecuenca.es\/?p=3237\" \/>\n<meta property=\"og:site_name\" content=\"La Vanguardia de Cuenca\" \/>\n<meta property=\"article:published_time\" content=\"2012-06-29T21:32:52+00:00\" \/>\n<meta name=\"author\" content=\"admin6567\" \/>\n<meta name=\"twitter:card\" content=\"summary_large_image\" \/>\n<meta name=\"twitter:label1\" content=\"Escrito por\" \/>\n\t<meta name=\"twitter:data1\" content=\"admin6567\" \/>\n\t<meta name=\"twitter:label2\" content=\"Tiempo de lectura\" \/>\n\t<meta name=\"twitter:data2\" content=\"8 minutos\" \/>\n<script type=\"application\/ld+json\" class=\"yoast-schema-graph\">{\"@context\":\"https:\\\/\\\/schema.org\",\"@graph\":[{\"@type\":\"Article\",\"@id\":\"https:\\\/\\\/lavanguardiadecuenca.es\\\/?p=3237#article\",\"isPartOf\":{\"@id\":\"https:\\\/\\\/lavanguardiadecuenca.es\\\/?p=3237\"},\"author\":{\"name\":\"admin6567\",\"@id\":\"https:\\\/\\\/lavanguardiadecuenca.es\\\/#\\\/schema\\\/person\\\/533d101fbc2a9ecf6af26aeddcaf1abd\"},\"headline\":\"Catalu\u00f1a se rebela contra el Estado de Derecho (por Miguel Massanet Bosch)\",\"datePublished\":\"2012-06-29T21:32:52+00:00\",\"mainEntityOfPage\":{\"@id\":\"https:\\\/\\\/lavanguardiadecuenca.es\\\/?p=3237\"},\"wordCount\":1574,\"commentCount\":0,\"publisher\":{\"@id\":\"https:\\\/\\\/lavanguardiadecuenca.es\\\/#\\\/schema\\\/person\\\/efd3b99fe10ec3fad96a88f3ae7d092f\"},\"articleSection\":[\"Uncategorized\"],\"inLanguage\":\"es\",\"potentialAction\":[{\"@type\":\"CommentAction\",\"name\":\"Comment\",\"target\":[\"https:\\\/\\\/lavanguardiadecuenca.es\\\/?p=3237#respond\"]}]},{\"@type\":\"WebPage\",\"@id\":\"https:\\\/\\\/lavanguardiadecuenca.es\\\/?p=3237\",\"url\":\"https:\\\/\\\/lavanguardiadecuenca.es\\\/?p=3237\",\"name\":\"Catalu\u00f1a se rebela contra el Estado de Derecho (por Miguel Massanet Bosch) - La Vanguardia de Cuenca\",\"isPartOf\":{\"@id\":\"https:\\\/\\\/lavanguardiadecuenca.es\\\/#website\"},\"datePublished\":\"2012-06-29T21:32:52+00:00\",\"breadcrumb\":{\"@id\":\"https:\\\/\\\/lavanguardiadecuenca.es\\\/?p=3237#breadcrumb\"},\"inLanguage\":\"es\",\"potentialAction\":[{\"@type\":\"ReadAction\",\"target\":[\"https:\\\/\\\/lavanguardiadecuenca.es\\\/?p=3237\"]}]},{\"@type\":\"BreadcrumbList\",\"@id\":\"https:\\\/\\\/lavanguardiadecuenca.es\\\/?p=3237#breadcrumb\",\"itemListElement\":[{\"@type\":\"ListItem\",\"position\":1,\"name\":\"Portada\",\"item\":\"https:\\\/\\\/lavanguardiadecuenca.es\\\/\"},{\"@type\":\"ListItem\",\"position\":2,\"name\":\"Catalu\u00f1a se rebela contra el Estado de Derecho (por Miguel Massanet Bosch)\"}]},{\"@type\":\"WebSite\",\"@id\":\"https:\\\/\\\/lavanguardiadecuenca.es\\\/#website\",\"url\":\"https:\\\/\\\/lavanguardiadecuenca.es\\\/\",\"name\":\"La Vanguardia de Cuenca\",\"description\":\"Intereses: comunicaci\u00f3n y actualidad en general, weblogs, sociedad, pol\u00edtica\",\"publisher\":{\"@id\":\"https:\\\/\\\/lavanguardiadecuenca.es\\\/#\\\/schema\\\/person\\\/efd3b99fe10ec3fad96a88f3ae7d092f\"},\"potentialAction\":[{\"@type\":\"SearchAction\",\"target\":{\"@type\":\"EntryPoint\",\"urlTemplate\":\"https:\\\/\\\/lavanguardiadecuenca.es\\\/?s={search_term_string}\"},\"query-input\":{\"@type\":\"PropertyValueSpecification\",\"valueRequired\":true,\"valueName\":\"search_term_string\"}}],\"inLanguage\":\"es\"},{\"@type\":[\"Person\",\"Organization\"],\"@id\":\"https:\\\/\\\/lavanguardiadecuenca.es\\\/#\\\/schema\\\/person\\\/efd3b99fe10ec3fad96a88f3ae7d092f\",\"name\":\"Juan Andr\u00e9s Buedo\",\"image\":{\"@type\":\"ImageObject\",\"inLanguage\":\"es\",\"@id\":\"https:\\\/\\\/lavanguardiadecuenca.es\\\/wp-content\\\/uploads\\\/2025\\\/09\\\/6a00d8341c734753ef0278801a3634200d-250si.jpg\",\"url\":\"https:\\\/\\\/lavanguardiadecuenca.es\\\/wp-content\\\/uploads\\\/2025\\\/09\\\/6a00d8341c734753ef0278801a3634200d-250si.jpg\",\"contentUrl\":\"https:\\\/\\\/lavanguardiadecuenca.es\\\/wp-content\\\/uploads\\\/2025\\\/09\\\/6a00d8341c734753ef0278801a3634200d-250si.jpg\",\"width\":250,\"height\":250,\"caption\":\"Juan Andr\u00e9s Buedo\"},\"logo\":{\"@id\":\"https:\\\/\\\/lavanguardiadecuenca.es\\\/wp-content\\\/uploads\\\/2025\\\/09\\\/6a00d8341c734753ef0278801a3634200d-250si.jpg\"},\"sameAs\":[\"https:\\\/\\\/lavanguardiadecuenca.es\\\/\"]},{\"@type\":\"Person\",\"@id\":\"https:\\\/\\\/lavanguardiadecuenca.es\\\/#\\\/schema\\\/person\\\/533d101fbc2a9ecf6af26aeddcaf1abd\",\"name\":\"admin6567\",\"image\":{\"@type\":\"ImageObject\",\"inLanguage\":\"es\",\"@id\":\"https:\\\/\\\/secure.gravatar.com\\\/avatar\\\/79503df8b75d394ce1e22cb5293c3e8fee42d212f6de88e2d65bfaa128f73542?s=96&d=mm&r=g\",\"url\":\"https:\\\/\\\/secure.gravatar.com\\\/avatar\\\/79503df8b75d394ce1e22cb5293c3e8fee42d212f6de88e2d65bfaa128f73542?s=96&d=mm&r=g\",\"contentUrl\":\"https:\\\/\\\/secure.gravatar.com\\\/avatar\\\/79503df8b75d394ce1e22cb5293c3e8fee42d212f6de88e2d65bfaa128f73542?s=96&d=mm&r=g\",\"caption\":\"admin6567\"},\"sameAs\":[\"http:\\\/\\\/lavanguardiadecuenca.es\"],\"url\":\"https:\\\/\\\/lavanguardiadecuenca.es\\\/?author=1\"}]}<\/script>\n<!-- \/ Yoast SEO plugin. -->","yoast_head_json":{"title":"Catalu\u00f1a se rebela contra el Estado de Derecho (por Miguel Massanet Bosch) - La Vanguardia de Cuenca","robots":{"index":"index","follow":"follow","max-snippet":"max-snippet:-1","max-image-preview":"max-image-preview:large","max-video-preview":"max-video-preview:-1"},"canonical":"https:\/\/lavanguardiadecuenca.es\/?p=3237","og_locale":"es_ES","og_type":"article","og_title":"Catalu\u00f1a se rebela contra el Estado de Derecho (por Miguel Massanet Bosch) - La Vanguardia de Cuenca","og_description":"\u00a0 Por mucho que intentemos evitarlo, por mucho empe\u00f1o que pongamos en ello, lo cierto es que, como dec\u00eda muy bien el se\u00f1or Abad- El- Kader, (1.808-1.883), sult\u00e1n de Argelia, que lucho contra los franceses y, cuando fue derrotado, se refugi\u00f3 en Marruecos y, m\u00e1s tarde en Damasco; (un personaje del que, el general franc\u00e9s,...","og_url":"https:\/\/lavanguardiadecuenca.es\/?p=3237","og_site_name":"La Vanguardia de Cuenca","article_published_time":"2012-06-29T21:32:52+00:00","author":"admin6567","twitter_card":"summary_large_image","twitter_misc":{"Escrito por":"admin6567","Tiempo de lectura":"8 minutos"},"schema":{"@context":"https:\/\/schema.org","@graph":[{"@type":"Article","@id":"https:\/\/lavanguardiadecuenca.es\/?p=3237#article","isPartOf":{"@id":"https:\/\/lavanguardiadecuenca.es\/?p=3237"},"author":{"name":"admin6567","@id":"https:\/\/lavanguardiadecuenca.es\/#\/schema\/person\/533d101fbc2a9ecf6af26aeddcaf1abd"},"headline":"Catalu\u00f1a se rebela contra el Estado de Derecho (por Miguel Massanet Bosch)","datePublished":"2012-06-29T21:32:52+00:00","mainEntityOfPage":{"@id":"https:\/\/lavanguardiadecuenca.es\/?p=3237"},"wordCount":1574,"commentCount":0,"publisher":{"@id":"https:\/\/lavanguardiadecuenca.es\/#\/schema\/person\/efd3b99fe10ec3fad96a88f3ae7d092f"},"articleSection":["Uncategorized"],"inLanguage":"es","potentialAction":[{"@type":"CommentAction","name":"Comment","target":["https:\/\/lavanguardiadecuenca.es\/?p=3237#respond"]}]},{"@type":"WebPage","@id":"https:\/\/lavanguardiadecuenca.es\/?p=3237","url":"https:\/\/lavanguardiadecuenca.es\/?p=3237","name":"Catalu\u00f1a se rebela contra el Estado de Derecho (por Miguel Massanet Bosch) - La Vanguardia de Cuenca","isPartOf":{"@id":"https:\/\/lavanguardiadecuenca.es\/#website"},"datePublished":"2012-06-29T21:32:52+00:00","breadcrumb":{"@id":"https:\/\/lavanguardiadecuenca.es\/?p=3237#breadcrumb"},"inLanguage":"es","potentialAction":[{"@type":"ReadAction","target":["https:\/\/lavanguardiadecuenca.es\/?p=3237"]}]},{"@type":"BreadcrumbList","@id":"https:\/\/lavanguardiadecuenca.es\/?p=3237#breadcrumb","itemListElement":[{"@type":"ListItem","position":1,"name":"Portada","item":"https:\/\/lavanguardiadecuenca.es\/"},{"@type":"ListItem","position":2,"name":"Catalu\u00f1a se rebela contra el Estado de Derecho (por Miguel Massanet Bosch)"}]},{"@type":"WebSite","@id":"https:\/\/lavanguardiadecuenca.es\/#website","url":"https:\/\/lavanguardiadecuenca.es\/","name":"La Vanguardia de Cuenca","description":"Intereses: comunicaci\u00f3n y actualidad en general, weblogs, sociedad, pol\u00edtica","publisher":{"@id":"https:\/\/lavanguardiadecuenca.es\/#\/schema\/person\/efd3b99fe10ec3fad96a88f3ae7d092f"},"potentialAction":[{"@type":"SearchAction","target":{"@type":"EntryPoint","urlTemplate":"https:\/\/lavanguardiadecuenca.es\/?s={search_term_string}"},"query-input":{"@type":"PropertyValueSpecification","valueRequired":true,"valueName":"search_term_string"}}],"inLanguage":"es"},{"@type":["Person","Organization"],"@id":"https:\/\/lavanguardiadecuenca.es\/#\/schema\/person\/efd3b99fe10ec3fad96a88f3ae7d092f","name":"Juan Andr\u00e9s Buedo","image":{"@type":"ImageObject","inLanguage":"es","@id":"https:\/\/lavanguardiadecuenca.es\/wp-content\/uploads\/2025\/09\/6a00d8341c734753ef0278801a3634200d-250si.jpg","url":"https:\/\/lavanguardiadecuenca.es\/wp-content\/uploads\/2025\/09\/6a00d8341c734753ef0278801a3634200d-250si.jpg","contentUrl":"https:\/\/lavanguardiadecuenca.es\/wp-content\/uploads\/2025\/09\/6a00d8341c734753ef0278801a3634200d-250si.jpg","width":250,"height":250,"caption":"Juan Andr\u00e9s Buedo"},"logo":{"@id":"https:\/\/lavanguardiadecuenca.es\/wp-content\/uploads\/2025\/09\/6a00d8341c734753ef0278801a3634200d-250si.jpg"},"sameAs":["https:\/\/lavanguardiadecuenca.es\/"]},{"@type":"Person","@id":"https:\/\/lavanguardiadecuenca.es\/#\/schema\/person\/533d101fbc2a9ecf6af26aeddcaf1abd","name":"admin6567","image":{"@type":"ImageObject","inLanguage":"es","@id":"https:\/\/secure.gravatar.com\/avatar\/79503df8b75d394ce1e22cb5293c3e8fee42d212f6de88e2d65bfaa128f73542?s=96&d=mm&r=g","url":"https:\/\/secure.gravatar.com\/avatar\/79503df8b75d394ce1e22cb5293c3e8fee42d212f6de88e2d65bfaa128f73542?s=96&d=mm&r=g","contentUrl":"https:\/\/secure.gravatar.com\/avatar\/79503df8b75d394ce1e22cb5293c3e8fee42d212f6de88e2d65bfaa128f73542?s=96&d=mm&r=g","caption":"admin6567"},"sameAs":["http:\/\/lavanguardiadecuenca.es"],"url":"https:\/\/lavanguardiadecuenca.es\/?author=1"}]}},"_links":{"self":[{"href":"https:\/\/lavanguardiadecuenca.es\/index.php?rest_route=\/wp\/v2\/posts\/3237","targetHints":{"allow":["GET"]}}],"collection":[{"href":"https:\/\/lavanguardiadecuenca.es\/index.php?rest_route=\/wp\/v2\/posts"}],"about":[{"href":"https:\/\/lavanguardiadecuenca.es\/index.php?rest_route=\/wp\/v2\/types\/post"}],"author":[{"embeddable":true,"href":"https:\/\/lavanguardiadecuenca.es\/index.php?rest_route=\/wp\/v2\/users\/1"}],"replies":[{"embeddable":true,"href":"https:\/\/lavanguardiadecuenca.es\/index.php?rest_route=%2Fwp%2Fv2%2Fcomments&post=3237"}],"version-history":[{"count":0,"href":"https:\/\/lavanguardiadecuenca.es\/index.php?rest_route=\/wp\/v2\/posts\/3237\/revisions"}],"wp:attachment":[{"href":"https:\/\/lavanguardiadecuenca.es\/index.php?rest_route=%2Fwp%2Fv2%2Fmedia&parent=3237"}],"wp:term":[{"taxonomy":"category","embeddable":true,"href":"https:\/\/lavanguardiadecuenca.es\/index.php?rest_route=%2Fwp%2Fv2%2Fcategories&post=3237"},{"taxonomy":"post_tag","embeddable":true,"href":"https:\/\/lavanguardiadecuenca.es\/index.php?rest_route=%2Fwp%2Fv2%2Ftags&post=3237"}],"curies":[{"name":"wp","href":"https:\/\/api.w.org\/{rel}","templated":true}]}}