{"id":3236,"date":"2012-06-29T21:36:38","date_gmt":"2012-06-29T21:36:38","guid":{"rendered":"https:\/\/lavanguardiadecuenca.es\/?p=3236"},"modified":"2012-06-29T21:36:38","modified_gmt":"2012-06-29T21:36:38","slug":"el-fracaso-de-los-oraculos-de-las-finanzas-por-miguel-massanet-bosch","status":"publish","type":"post","link":"https:\/\/lavanguardiadecuenca.es\/?p=3236","title":{"rendered":"El fracaso de los or\u00e1culos de las finanzas (por Miguel Massanet Bosch)"},"content":{"rendered":"<p>\n\u00a0<\/p>\n<p style=\"text-align: justify\"><span style=\"font-family:Arial; font-size:10pt\">Thomas Carlyle, (1.795\u20131.881) historiador, cr\u00edtico social y ensayista brit\u00e1nico, en su obra <em>La Revoluci\u00f3n Francesa,<\/em> dej\u00f3 escrita la siguiente reflexi\u00f3n: \u00ab<em>La bancarrota es algo grandioso: es el abismo inmenso y sin fondo donde se sumergen y desaparecen todas las falsedades, p\u00fablicas y privadas\u00bb.<\/em>  Y algo de cierto habr\u00eda en ello si es que queremos hacer referencia a lo que est\u00e1 sucediendo en esta extra\u00f1a y persistente crisis que se incub\u00f3, a finales del 2007, en el sector inmobiliario y toda la especulaci\u00f3n que se hab\u00eda creado en su entorno. Si pudi\u00e9ramos recopilar todo lo que los \u00abexpertos\u00bb han venido diciendo respecto a los acontecimientos pol\u00edticos y econ\u00f3micos que se han ido sucediendo desde aquella fecha hasta la actualidad, es posible que muchos ciudadanos, muchos  de estos que ahora se han convertido, a la fuerza y sin ser culpables de ello, en los chivos expiatorios de la incuria, negligencia, ambici\u00f3n, imprevisi\u00f3n y egolatr\u00eda de aquellos a quienes confiamos el gobierno de nuestra naci\u00f3n y de aquellos otros que consiguieron, con sus especulaciones y temeridades, que la econom\u00eda espa\u00f1ola, especialmente centrada alrededor del sector de la construcci\u00f3n; se convirtiera en la bomba de relojer\u00eda financiera que, al fin y a la postre, nos ha explotado en la cara a todos los espa\u00f1oles; no nos hubi\u00e9ramos dejado embaucar.<br \/>\n<\/span><\/p>\n<p style=\"text-align: justify\"><span style=\"font-family:Arial; font-size:10pt\">Y es que, se\u00f1ores, en Espa\u00f1a sobramos \u00abenterados\u00bb, con m\u00e1s o menos formaci\u00f3n, y hacen falta personas preparadas, trabajadoras, modestas, honestas, efectivas en su cometido y dispuestas a asumir responsabilidades, sin estar influidas por ideas pol\u00edticas, sectarismos, adoctrinamientos o prejuicios varios, que les impidan actuar con objetividad, sensatez y realismo en beneficio de la comunidad. Si todas las predicciones que, tanto pol\u00edticos como economistas, han venido haciendo sobre lo que ir\u00eda sucediendo en Espa\u00f1a, su econom\u00eda y sus finanzas, desde el comienzo de la crisis, se hubieran cumplido tal y como se nos vaticinaban, sin duda que estar\u00edamos en un pa\u00eds floreciente, pr\u00f3spero y libre de preocupaciones. Afortunadamente, para los espa\u00f1oles y su salud, los m\u00e9dicos de este pa\u00eds suelen acertar con m\u00e1s tino y eficiencia en sus diagn\u00f3sticos y en las recetas para curar a sus pacientes, que estos grandes \u00abvud\u00fas\u00bb de la econom\u00eda y gestores financieros, porque si no hubiera sido as\u00ed, en estos momentos, nuestra naci\u00f3n ser\u00eda un cementerio de despojos humanos.<br \/>\n<\/span><\/p>\n<p style=\"text-align: justify\"><span style=\"font-family:Arial; font-size:10pt\">Lo m\u00e1s desesperanzador de todo lo que nos est\u00e1 sucediendo a los ciudadanos de a pie es que, por si fuera poco, nos vemos obligados a contemplar at\u00f3nitos como en el Congreso, la c\u00e1mara de representaci\u00f3n de todos los ciudadanos espa\u00f1oles, en lugar de preocuparse conjuntamente, sin fisuras, con esp\u00edritu constructivo y buscando el bien com\u00fan de todos los espa\u00f1oles, a estudiar soluciones viables, a planear pol\u00edticas de refuerzo de nuestras empresas y a trabajar en unidad y al un\u00edsono para presentar un frente com\u00fan ante esta Europa, que parece que pretende marginarnos; se dedican a ponerse zancadillas los unos a los otros, amenazarse mutuamente y sembrar de la ciza\u00f1a de la confrontaci\u00f3n y el sectarismo los bancos donde se sientan sus se\u00f1or\u00edas que, m\u00e1s que representantes de la soberan\u00eda del pueblo, dan la sensaci\u00f3n de ser una jaula de grillos, donde nadie se entiende, todos buscan su lucimiento e inter\u00e9s personal y, si es posible, intentar desacreditar la labor de aquellos pocos que buscan imponer una dosis de sensatez y serenidad entre tanto desconcierto. Se\u00f1ores, si todos nos empe\u00f1amos en remar hacia la direcci\u00f3n que nos plazca, si lo que se busca, en contra del m\u00e1s elemental sentido com\u00fan, es sacar provecho partidista de la delicada situaci\u00f3n en la que nos encontramos, al borde del precipicio, con una prima de riesgo que bordea, en ocasiones, los 600 puntos b\u00e1sicos; pagando un inter\u00e9s del 7&#8217;14% por colocar nuestra deuda a 10 a\u00f1os y con un CDS (seguro de impago) de los bonos a 5 a\u00f1os de 620 puntos; podemos prepararnos para lo peor.<br \/>\n<\/span><\/p>\n<p style=\"text-align: justify\"><span style=\"font-family:Arial; font-size:10pt\">No nos podemos permitir m\u00e1s \u00abalegr\u00edas\u00bb, no se pueden retrasar m\u00e1s el poner en pr\u00e1ctica las medidas precisas para evitar que sigamos cayendo en las mismas equivocaciones en las que cay\u00f3 el anterior gobierno del PSOE, que han sido las que nos han llevado a esta situaci\u00f3n extrema. Olvid\u00e9monos de salvadores de la patria como el se\u00f1or Anguita, que cuando ya se hab\u00eda retirado, dignamente, de la pol\u00edtica, dejando un buen sabor de boca por su integridad y realismo ahora, a la vejez viruelas, se nos ofrece para sacarnos del embrollo, cuando lo \u00fanico que se puede esperar de su inoportuna y absurda idea de aglutinar una especie de nuevo \u00absoviet\u00bb, es que todav\u00eda pueda crearse una confusi\u00f3n mayor en el pa\u00eds, que acabe por volvernos locos a todos los espa\u00f1oles. Ni ante la evidencia del rotundo fracaso del gobierno del PSOE, parece que todav\u00eda los hay que siguen empecinados en no dar su brazo a torcer y pretenden cambiar  Europa con discursos m\u00e1s propios del se\u00f1or Hugo Ch\u00e1vez de Venezuela. All\u00e1 ellos, pero la soluci\u00f3n del mal que aqueja Espa\u00f1a, nunca ser\u00e1 volver al Estado gestor y burocratizado.<br \/>\n<\/span><\/p>\n<p style=\"text-align: justify\"><span style=\"font-family:Arial; font-size:10pt\">Lo m\u00e1s lamentable es que, aquellos que se han erigido en los jueces de la crisis europea, que pretenden darnos consignas y nos imponen recortes y sacrificios, tampoco parecen estar muy seguros de cual es, en verdad, el camino correcto y, mientras un sector capitaneado por el se\u00f1or Hollande, parece que ser\u00eda partidario de aflojar la tenaza y dar m\u00e1s impulso a las pol\u00edticas de recuperaci\u00f3n de la actividad econ\u00f3mica, prolongando los plazos para que las naciones con dificultades tuvieran m\u00e1s facilidades para reducir su d\u00e9ficit; los hay que siguen en sus trece, manteniendo la espada en alto para dejarla caer, sin miramiento alguno, sobre aquella naci\u00f3n que no consiga alcanzar las metas que se le han impuesto. Si a esto le llaman unidad europea; si para esto se ha creado un BCE, o un ECOFIN; si el objetivo es, caiga quien caiga, disputarse al estilo del III Reich alem\u00e1n donde una naci\u00f3n consiga, por las imposiciones financieras y econ\u00f3micas, dominar aquellos territorios que no consigui\u00f3 conquistar en dos guerras europeas, mucho nos tememos que, el euro, est\u00e1 condenado a muerte desde ya.<br \/>\n<\/span><\/p>\n<p style=\"text-align: justify\"><span style=\"font-family:Arial; font-size:10pt\">Como todos los gobiernos, el del PP ha cometido sus errores pero, se\u00f1ores, no ha habido ning\u00fan gobierno, desde la llegada de la democracia, que se haya encontrado con una Espa\u00f1a tan destrozada, debilitada, endeudada y desprestigiada como \u00e9sta que ha heredado del PSOE del se\u00f1or Zapatero y Rubalcaba. En poco menos de seis meses ha llevado a cabo una labor \u00edmproba, pretendiendo coordinar su pol\u00edtica respecto a la Zona Euro, con intentar poner remedio a los vicios de autonom\u00edas, justicia, municipios, separatistas, organismos p\u00fablicos y toda una pl\u00e9yade de arribistas que han estado sangrando al pa\u00eds durante m\u00e1s de siete a\u00f1os, sin que nadie pusiera freno a sus desmanes. Cierto que el se\u00f1or Rajoy ha pecado de excesivamente reservado y, en ocasiones, de un cierto triunfalismo que, dada la situaci\u00f3n en la que se ha visto, creemos que se le puede perdonar. Peor ha sido la postura negativa, obstruccionista, desleal, oscurantista y sectaria de los partidos de la izquierda que, en lugar de arrimar el hombro, lo que han intentado es incendiar las calles, desprestigiar la dif\u00edcil tarea del Ejecutivo y ahora, con el se\u00f1or Anguita, incitar a la revoluci\u00f3n del proletariado, reviviendo viejos \u00abtics\u00bb comunistas de tiempos en los que, \u00abel padrecito Stalin\u00bb, solucionaba sus problemas en Rusia asesinando a millones de sus propios compa\u00f1eros de partido. Pero ya sabemos que, los \u00abnost\u00e1lgicos\u00bb de aquel simulacro de Rep\u00fablica, nunca aceptar\u00e1n que aquellos tiempos ya han pasado. O esta es, se\u00f1ores, mi visi\u00f3n sobre esta cuesti\u00f3n.<br \/>\n<\/span><\/p>\n<p style=\"margin-left: 36pt\"><span style=\"color:#1f497d\"><strong>Miguel Massanet Bosch<\/strong><\/span><\/p>\n","protected":false},"excerpt":{"rendered":"<p>\u00a0 Thomas Carlyle, (1.795\u20131.881) historiador, cr\u00edtico social y ensayista brit\u00e1nico, en su obra La Revoluci\u00f3n Francesa, dej\u00f3 escrita la siguiente reflexi\u00f3n: \u00abLa bancarrota es algo grandioso: es el abismo inmenso y sin fondo donde se sumergen y desaparecen todas las falsedades, p\u00fablicas y privadas\u00bb. Y algo de cierto habr\u00eda en ello si es que queremos&#8230;<\/p>\n","protected":false},"author":1,"featured_media":0,"comment_status":"open","ping_status":"open","sticky":false,"template":"","format":"standard","meta":{"rop_custom_images_group":[],"rop_custom_messages_group":[],"rop_publish_now":"initial","rop_publish_now_accounts":[],"rop_publish_now_history":[],"rop_publish_now_status":"pending","footnotes":""},"categories":[1],"tags":[],"class_list":["post-3236","post","type-post","status-publish","format-standard","hentry","category-uncategorized"],"yoast_head":"<!-- This site is optimized with the Yoast SEO plugin v27.5 - https:\/\/yoast.com\/product\/yoast-seo-wordpress\/ -->\n<title>El fracaso de los or\u00e1culos de las finanzas (por Miguel Massanet Bosch) - La Vanguardia de Cuenca<\/title>\n<meta name=\"robots\" content=\"index, follow, max-snippet:-1, max-image-preview:large, max-video-preview:-1\" \/>\n<link rel=\"canonical\" href=\"https:\/\/lavanguardiadecuenca.es\/?p=3236\" \/>\n<meta property=\"og:locale\" content=\"es_ES\" \/>\n<meta property=\"og:type\" content=\"article\" \/>\n<meta property=\"og:title\" content=\"El fracaso de los or\u00e1culos de las finanzas (por Miguel Massanet Bosch) - La Vanguardia de Cuenca\" \/>\n<meta property=\"og:description\" content=\"\u00a0 Thomas Carlyle, (1.795\u20131.881) historiador, cr\u00edtico social y ensayista brit\u00e1nico, en su obra La Revoluci\u00f3n Francesa, dej\u00f3 escrita la siguiente reflexi\u00f3n: \u00abLa bancarrota es algo grandioso: es el abismo inmenso y sin fondo donde se sumergen y desaparecen todas las falsedades, p\u00fablicas y privadas\u00bb. Y algo de cierto habr\u00eda en ello si es que queremos...\" \/>\n<meta property=\"og:url\" content=\"https:\/\/lavanguardiadecuenca.es\/?p=3236\" \/>\n<meta property=\"og:site_name\" content=\"La Vanguardia de Cuenca\" \/>\n<meta property=\"article:published_time\" content=\"2012-06-29T21:36:38+00:00\" \/>\n<meta name=\"author\" content=\"admin6567\" \/>\n<meta name=\"twitter:card\" content=\"summary_large_image\" \/>\n<meta name=\"twitter:label1\" content=\"Escrito por\" \/>\n\t<meta name=\"twitter:data1\" content=\"admin6567\" \/>\n\t<meta name=\"twitter:label2\" content=\"Tiempo de lectura\" \/>\n\t<meta name=\"twitter:data2\" content=\"7 minutos\" \/>\n<script type=\"application\/ld+json\" class=\"yoast-schema-graph\">{\"@context\":\"https:\\\/\\\/schema.org\",\"@graph\":[{\"@type\":\"Article\",\"@id\":\"https:\\\/\\\/lavanguardiadecuenca.es\\\/?p=3236#article\",\"isPartOf\":{\"@id\":\"https:\\\/\\\/lavanguardiadecuenca.es\\\/?p=3236\"},\"author\":{\"name\":\"admin6567\",\"@id\":\"https:\\\/\\\/lavanguardiadecuenca.es\\\/#\\\/schema\\\/person\\\/533d101fbc2a9ecf6af26aeddcaf1abd\"},\"headline\":\"El fracaso de los or\u00e1culos de las finanzas (por Miguel Massanet Bosch)\",\"datePublished\":\"2012-06-29T21:36:38+00:00\",\"mainEntityOfPage\":{\"@id\":\"https:\\\/\\\/lavanguardiadecuenca.es\\\/?p=3236\"},\"wordCount\":1399,\"commentCount\":0,\"publisher\":{\"@id\":\"https:\\\/\\\/lavanguardiadecuenca.es\\\/#\\\/schema\\\/person\\\/efd3b99fe10ec3fad96a88f3ae7d092f\"},\"articleSection\":[\"Uncategorized\"],\"inLanguage\":\"es\",\"potentialAction\":[{\"@type\":\"CommentAction\",\"name\":\"Comment\",\"target\":[\"https:\\\/\\\/lavanguardiadecuenca.es\\\/?p=3236#respond\"]}]},{\"@type\":\"WebPage\",\"@id\":\"https:\\\/\\\/lavanguardiadecuenca.es\\\/?p=3236\",\"url\":\"https:\\\/\\\/lavanguardiadecuenca.es\\\/?p=3236\",\"name\":\"El fracaso de los or\u00e1culos de las finanzas (por Miguel Massanet Bosch) - La Vanguardia de Cuenca\",\"isPartOf\":{\"@id\":\"https:\\\/\\\/lavanguardiadecuenca.es\\\/#website\"},\"datePublished\":\"2012-06-29T21:36:38+00:00\",\"breadcrumb\":{\"@id\":\"https:\\\/\\\/lavanguardiadecuenca.es\\\/?p=3236#breadcrumb\"},\"inLanguage\":\"es\",\"potentialAction\":[{\"@type\":\"ReadAction\",\"target\":[\"https:\\\/\\\/lavanguardiadecuenca.es\\\/?p=3236\"]}]},{\"@type\":\"BreadcrumbList\",\"@id\":\"https:\\\/\\\/lavanguardiadecuenca.es\\\/?p=3236#breadcrumb\",\"itemListElement\":[{\"@type\":\"ListItem\",\"position\":1,\"name\":\"Portada\",\"item\":\"https:\\\/\\\/lavanguardiadecuenca.es\\\/\"},{\"@type\":\"ListItem\",\"position\":2,\"name\":\"El fracaso de los or\u00e1culos de las finanzas (por Miguel Massanet Bosch)\"}]},{\"@type\":\"WebSite\",\"@id\":\"https:\\\/\\\/lavanguardiadecuenca.es\\\/#website\",\"url\":\"https:\\\/\\\/lavanguardiadecuenca.es\\\/\",\"name\":\"La Vanguardia de Cuenca\",\"description\":\"Intereses: comunicaci\u00f3n y actualidad en general, weblogs, sociedad, pol\u00edtica\",\"publisher\":{\"@id\":\"https:\\\/\\\/lavanguardiadecuenca.es\\\/#\\\/schema\\\/person\\\/efd3b99fe10ec3fad96a88f3ae7d092f\"},\"potentialAction\":[{\"@type\":\"SearchAction\",\"target\":{\"@type\":\"EntryPoint\",\"urlTemplate\":\"https:\\\/\\\/lavanguardiadecuenca.es\\\/?s={search_term_string}\"},\"query-input\":{\"@type\":\"PropertyValueSpecification\",\"valueRequired\":true,\"valueName\":\"search_term_string\"}}],\"inLanguage\":\"es\"},{\"@type\":[\"Person\",\"Organization\"],\"@id\":\"https:\\\/\\\/lavanguardiadecuenca.es\\\/#\\\/schema\\\/person\\\/efd3b99fe10ec3fad96a88f3ae7d092f\",\"name\":\"Juan Andr\u00e9s Buedo\",\"image\":{\"@type\":\"ImageObject\",\"inLanguage\":\"es\",\"@id\":\"https:\\\/\\\/lavanguardiadecuenca.es\\\/wp-content\\\/uploads\\\/2025\\\/09\\\/6a00d8341c734753ef0278801a3634200d-250si.jpg\",\"url\":\"https:\\\/\\\/lavanguardiadecuenca.es\\\/wp-content\\\/uploads\\\/2025\\\/09\\\/6a00d8341c734753ef0278801a3634200d-250si.jpg\",\"contentUrl\":\"https:\\\/\\\/lavanguardiadecuenca.es\\\/wp-content\\\/uploads\\\/2025\\\/09\\\/6a00d8341c734753ef0278801a3634200d-250si.jpg\",\"width\":250,\"height\":250,\"caption\":\"Juan Andr\u00e9s Buedo\"},\"logo\":{\"@id\":\"https:\\\/\\\/lavanguardiadecuenca.es\\\/wp-content\\\/uploads\\\/2025\\\/09\\\/6a00d8341c734753ef0278801a3634200d-250si.jpg\"},\"sameAs\":[\"https:\\\/\\\/lavanguardiadecuenca.es\\\/\"]},{\"@type\":\"Person\",\"@id\":\"https:\\\/\\\/lavanguardiadecuenca.es\\\/#\\\/schema\\\/person\\\/533d101fbc2a9ecf6af26aeddcaf1abd\",\"name\":\"admin6567\",\"image\":{\"@type\":\"ImageObject\",\"inLanguage\":\"es\",\"@id\":\"https:\\\/\\\/secure.gravatar.com\\\/avatar\\\/79503df8b75d394ce1e22cb5293c3e8fee42d212f6de88e2d65bfaa128f73542?s=96&d=mm&r=g\",\"url\":\"https:\\\/\\\/secure.gravatar.com\\\/avatar\\\/79503df8b75d394ce1e22cb5293c3e8fee42d212f6de88e2d65bfaa128f73542?s=96&d=mm&r=g\",\"contentUrl\":\"https:\\\/\\\/secure.gravatar.com\\\/avatar\\\/79503df8b75d394ce1e22cb5293c3e8fee42d212f6de88e2d65bfaa128f73542?s=96&d=mm&r=g\",\"caption\":\"admin6567\"},\"sameAs\":[\"http:\\\/\\\/lavanguardiadecuenca.es\"],\"url\":\"https:\\\/\\\/lavanguardiadecuenca.es\\\/?author=1\"}]}<\/script>\n<!-- \/ Yoast SEO plugin. -->","yoast_head_json":{"title":"El fracaso de los or\u00e1culos de las finanzas (por Miguel Massanet Bosch) - La Vanguardia de Cuenca","robots":{"index":"index","follow":"follow","max-snippet":"max-snippet:-1","max-image-preview":"max-image-preview:large","max-video-preview":"max-video-preview:-1"},"canonical":"https:\/\/lavanguardiadecuenca.es\/?p=3236","og_locale":"es_ES","og_type":"article","og_title":"El fracaso de los or\u00e1culos de las finanzas (por Miguel Massanet Bosch) - La Vanguardia de Cuenca","og_description":"\u00a0 Thomas Carlyle, (1.795\u20131.881) historiador, cr\u00edtico social y ensayista brit\u00e1nico, en su obra La Revoluci\u00f3n Francesa, dej\u00f3 escrita la siguiente reflexi\u00f3n: \u00abLa bancarrota es algo grandioso: es el abismo inmenso y sin fondo donde se sumergen y desaparecen todas las falsedades, p\u00fablicas y privadas\u00bb. Y algo de cierto habr\u00eda en ello si es que queremos...","og_url":"https:\/\/lavanguardiadecuenca.es\/?p=3236","og_site_name":"La Vanguardia de Cuenca","article_published_time":"2012-06-29T21:36:38+00:00","author":"admin6567","twitter_card":"summary_large_image","twitter_misc":{"Escrito por":"admin6567","Tiempo de lectura":"7 minutos"},"schema":{"@context":"https:\/\/schema.org","@graph":[{"@type":"Article","@id":"https:\/\/lavanguardiadecuenca.es\/?p=3236#article","isPartOf":{"@id":"https:\/\/lavanguardiadecuenca.es\/?p=3236"},"author":{"name":"admin6567","@id":"https:\/\/lavanguardiadecuenca.es\/#\/schema\/person\/533d101fbc2a9ecf6af26aeddcaf1abd"},"headline":"El fracaso de los or\u00e1culos de las finanzas (por Miguel Massanet Bosch)","datePublished":"2012-06-29T21:36:38+00:00","mainEntityOfPage":{"@id":"https:\/\/lavanguardiadecuenca.es\/?p=3236"},"wordCount":1399,"commentCount":0,"publisher":{"@id":"https:\/\/lavanguardiadecuenca.es\/#\/schema\/person\/efd3b99fe10ec3fad96a88f3ae7d092f"},"articleSection":["Uncategorized"],"inLanguage":"es","potentialAction":[{"@type":"CommentAction","name":"Comment","target":["https:\/\/lavanguardiadecuenca.es\/?p=3236#respond"]}]},{"@type":"WebPage","@id":"https:\/\/lavanguardiadecuenca.es\/?p=3236","url":"https:\/\/lavanguardiadecuenca.es\/?p=3236","name":"El fracaso de los or\u00e1culos de las finanzas (por Miguel Massanet Bosch) - La Vanguardia de Cuenca","isPartOf":{"@id":"https:\/\/lavanguardiadecuenca.es\/#website"},"datePublished":"2012-06-29T21:36:38+00:00","breadcrumb":{"@id":"https:\/\/lavanguardiadecuenca.es\/?p=3236#breadcrumb"},"inLanguage":"es","potentialAction":[{"@type":"ReadAction","target":["https:\/\/lavanguardiadecuenca.es\/?p=3236"]}]},{"@type":"BreadcrumbList","@id":"https:\/\/lavanguardiadecuenca.es\/?p=3236#breadcrumb","itemListElement":[{"@type":"ListItem","position":1,"name":"Portada","item":"https:\/\/lavanguardiadecuenca.es\/"},{"@type":"ListItem","position":2,"name":"El fracaso de los or\u00e1culos de las finanzas (por Miguel Massanet Bosch)"}]},{"@type":"WebSite","@id":"https:\/\/lavanguardiadecuenca.es\/#website","url":"https:\/\/lavanguardiadecuenca.es\/","name":"La Vanguardia de Cuenca","description":"Intereses: comunicaci\u00f3n y actualidad en general, weblogs, sociedad, pol\u00edtica","publisher":{"@id":"https:\/\/lavanguardiadecuenca.es\/#\/schema\/person\/efd3b99fe10ec3fad96a88f3ae7d092f"},"potentialAction":[{"@type":"SearchAction","target":{"@type":"EntryPoint","urlTemplate":"https:\/\/lavanguardiadecuenca.es\/?s={search_term_string}"},"query-input":{"@type":"PropertyValueSpecification","valueRequired":true,"valueName":"search_term_string"}}],"inLanguage":"es"},{"@type":["Person","Organization"],"@id":"https:\/\/lavanguardiadecuenca.es\/#\/schema\/person\/efd3b99fe10ec3fad96a88f3ae7d092f","name":"Juan Andr\u00e9s Buedo","image":{"@type":"ImageObject","inLanguage":"es","@id":"https:\/\/lavanguardiadecuenca.es\/wp-content\/uploads\/2025\/09\/6a00d8341c734753ef0278801a3634200d-250si.jpg","url":"https:\/\/lavanguardiadecuenca.es\/wp-content\/uploads\/2025\/09\/6a00d8341c734753ef0278801a3634200d-250si.jpg","contentUrl":"https:\/\/lavanguardiadecuenca.es\/wp-content\/uploads\/2025\/09\/6a00d8341c734753ef0278801a3634200d-250si.jpg","width":250,"height":250,"caption":"Juan Andr\u00e9s Buedo"},"logo":{"@id":"https:\/\/lavanguardiadecuenca.es\/wp-content\/uploads\/2025\/09\/6a00d8341c734753ef0278801a3634200d-250si.jpg"},"sameAs":["https:\/\/lavanguardiadecuenca.es\/"]},{"@type":"Person","@id":"https:\/\/lavanguardiadecuenca.es\/#\/schema\/person\/533d101fbc2a9ecf6af26aeddcaf1abd","name":"admin6567","image":{"@type":"ImageObject","inLanguage":"es","@id":"https:\/\/secure.gravatar.com\/avatar\/79503df8b75d394ce1e22cb5293c3e8fee42d212f6de88e2d65bfaa128f73542?s=96&d=mm&r=g","url":"https:\/\/secure.gravatar.com\/avatar\/79503df8b75d394ce1e22cb5293c3e8fee42d212f6de88e2d65bfaa128f73542?s=96&d=mm&r=g","contentUrl":"https:\/\/secure.gravatar.com\/avatar\/79503df8b75d394ce1e22cb5293c3e8fee42d212f6de88e2d65bfaa128f73542?s=96&d=mm&r=g","caption":"admin6567"},"sameAs":["http:\/\/lavanguardiadecuenca.es"],"url":"https:\/\/lavanguardiadecuenca.es\/?author=1"}]}},"_links":{"self":[{"href":"https:\/\/lavanguardiadecuenca.es\/index.php?rest_route=\/wp\/v2\/posts\/3236","targetHints":{"allow":["GET"]}}],"collection":[{"href":"https:\/\/lavanguardiadecuenca.es\/index.php?rest_route=\/wp\/v2\/posts"}],"about":[{"href":"https:\/\/lavanguardiadecuenca.es\/index.php?rest_route=\/wp\/v2\/types\/post"}],"author":[{"embeddable":true,"href":"https:\/\/lavanguardiadecuenca.es\/index.php?rest_route=\/wp\/v2\/users\/1"}],"replies":[{"embeddable":true,"href":"https:\/\/lavanguardiadecuenca.es\/index.php?rest_route=%2Fwp%2Fv2%2Fcomments&post=3236"}],"version-history":[{"count":0,"href":"https:\/\/lavanguardiadecuenca.es\/index.php?rest_route=\/wp\/v2\/posts\/3236\/revisions"}],"wp:attachment":[{"href":"https:\/\/lavanguardiadecuenca.es\/index.php?rest_route=%2Fwp%2Fv2%2Fmedia&parent=3236"}],"wp:term":[{"taxonomy":"category","embeddable":true,"href":"https:\/\/lavanguardiadecuenca.es\/index.php?rest_route=%2Fwp%2Fv2%2Fcategories&post=3236"},{"taxonomy":"post_tag","embeddable":true,"href":"https:\/\/lavanguardiadecuenca.es\/index.php?rest_route=%2Fwp%2Fv2%2Ftags&post=3236"}],"curies":[{"name":"wp","href":"https:\/\/api.w.org\/{rel}","templated":true}]}}