{"id":3231,"date":"2012-07-01T18:54:36","date_gmt":"2012-07-01T18:54:36","guid":{"rendered":"https:\/\/lavanguardiadecuenca.es\/?p=3231"},"modified":"2012-07-01T18:54:36","modified_gmt":"2012-07-01T18:54:36","slug":"upyd-repulsa-los-actos-de-vandalismo-contra-la-sede-del-partido-popular-en-cuenca","status":"publish","type":"post","link":"https:\/\/lavanguardiadecuenca.es\/?p=3231","title":{"rendered":"UPyD repulsa los actos de vandalismo contra la sede del Partido Popular en Cuenca"},"content":{"rendered":"<p style=\"text-align: justify\">\n\u00a0<\/p>\n<p style=\"text-align: justify\"><span style=\"color:fuchsia; font-family:Arial; font-size:16pt; text-decoration:underline\"><strong>UPyD Cuenca \u00abNada justifica la violencia aunque se manifieste con vandalismo y pintadas\u00bb<br \/>\n<\/strong><\/span><\/p>\n<p>\n\u00a0<\/p>\n<p>El Consejo Local de UPyD en Cuenca muestra su pesar por los actos de vandalismo causados una vez m\u00e1s  en la sede del Partido Popular en Cuenca y condena los mismos.\n<\/p>\n<p>\n\u00a0<\/p>\n<p>Nadie puede ser garante de derechos cuando de forma cobarde usa el insulto y menosprecia a otra opci\u00f3n por muy poco que gusten sus ideas, sus actos y su forma de gobernar.\n<\/p>\n<p>\n\u00a0<\/p>\n<p>Para UPyD el termino empleado, \u00abfascista\u00bb, puede ser empleado para definir a los autores de las pintadas, ya que este t\u00e9rmino es v\u00e1lido para todas las ideolog\u00edas y personas que carecen de respeto hacia los dem\u00e1s y que demuestran con estos actos que son partidarios de imponer sus criterios por alg\u00fan medio menos democr\u00e1tico que las urnas.\n<\/p>\n<p>\n\u00a0<\/p>\n<p>UPyD est\u00e1 en contra de la pol\u00edtica  de recortes, que no ajustes, del gobierno regional y que en provincias como Cuenca, al aplicarlas generan  situaciones dram\u00e1ticas y suponen el acoso y derribo a los servicios b\u00e1sicos de una provincia, pero no justifican actuaciones como esta.\n<\/p>\n<p>\n\u00a0<\/p>\n<p>Sin duda las pol\u00edticas aplicadas por el gobierno regional han generado malestar y crispaci\u00f3n en los conquenses, pero nada justifica la violencia, aun cuando se manifieste en simb\u00f3licas pintadas.\n<\/p>\n<p>\n\u00a0<\/p>\n<p>Como otras provincias de parecidas caracter\u00edsticas (pocos votos), Cuenca a sufrido un olvido de 20 a\u00f1os por los gobiernos del PP y del PSOE, y necesita que las  medidas de ajuste se apliquen de una forma menos traum\u00e1tica.  UPyD rechaza todos los recortes efectuados en Sanidad  y Educaci\u00f3n ya que seg\u00fan la formaci\u00f3n magenta son dos servicios p\u00fablicos esenciales y existen muchos otros gastos superfluos que eliminar y medidas de ahorro que tomar en vez de quitar bienestar a los ciudadanos.\n<\/p>\n<p>\n\u00a0<\/p>\n<p>\n\u00a0<\/p>\n<p>\n\u00a0<\/p>\n<p>Para m\u00e1s informaci\u00f3n, ponerse en contacto con:\n<\/p>\n<p>Upyd Cuenca.\n<\/p>\n<p><a href=\"mailto:upydcuenca@hotmail.es\">upydcuenca@hotmail.es<\/a><strong><br \/>\n<\/strong><\/p>\n<p>Tel\u00e9fono.- 661212855<\/p>\n","protected":false},"excerpt":{"rendered":"<p>\u00a0 UPyD Cuenca \u00abNada justifica la violencia aunque se manifieste con vandalismo y pintadas\u00bb \u00a0 El Consejo Local de UPyD en Cuenca muestra su pesar por los actos de vandalismo causados una vez m\u00e1s en la sede del Partido Popular en Cuenca y condena los mismos. \u00a0 Nadie puede ser garante de derechos cuando de&#8230;<\/p>\n","protected":false},"author":1,"featured_media":0,"comment_status":"open","ping_status":"open","sticky":false,"template":"","format":"standard","meta":{"rop_custom_images_group":[],"rop_custom_messages_group":[],"rop_publish_now":"initial","rop_publish_now_accounts":[],"rop_publish_now_history":[],"rop_publish_now_status":"pending","footnotes":""},"categories":[1],"tags":[],"class_list":["post-3231","post","type-post","status-publish","format-standard","hentry","category-uncategorized"],"yoast_head":"<!-- This site is optimized with the Yoast SEO plugin v27.5 - https:\/\/yoast.com\/product\/yoast-seo-wordpress\/ -->\n<title>UPyD repulsa los actos de vandalismo contra la sede del Partido Popular en Cuenca - La Vanguardia de Cuenca<\/title>\n<meta name=\"robots\" content=\"index, follow, max-snippet:-1, max-image-preview:large, max-video-preview:-1\" \/>\n<link rel=\"canonical\" href=\"https:\/\/lavanguardiadecuenca.es\/?p=3231\" \/>\n<meta property=\"og:locale\" content=\"es_ES\" \/>\n<meta property=\"og:type\" content=\"article\" \/>\n<meta property=\"og:title\" content=\"UPyD repulsa los actos de vandalismo contra la sede del Partido Popular en Cuenca - La Vanguardia de Cuenca\" \/>\n<meta property=\"og:description\" content=\"\u00a0 UPyD Cuenca \u00abNada justifica la violencia aunque se manifieste con vandalismo y pintadas\u00bb \u00a0 El Consejo Local de UPyD en Cuenca muestra su pesar por los actos de vandalismo causados una vez m\u00e1s en la sede del Partido Popular en Cuenca y condena los mismos. \u00a0 Nadie puede ser garante de derechos cuando de...\" \/>\n<meta property=\"og:url\" content=\"https:\/\/lavanguardiadecuenca.es\/?p=3231\" \/>\n<meta property=\"og:site_name\" content=\"La Vanguardia de Cuenca\" \/>\n<meta property=\"article:published_time\" content=\"2012-07-01T18:54:36+00:00\" \/>\n<meta name=\"author\" content=\"admin6567\" \/>\n<meta name=\"twitter:card\" content=\"summary_large_image\" \/>\n<meta name=\"twitter:label1\" content=\"Escrito por\" \/>\n\t<meta name=\"twitter:data1\" content=\"admin6567\" \/>\n\t<meta name=\"twitter:label2\" content=\"Tiempo de lectura\" \/>\n\t<meta name=\"twitter:data2\" content=\"2 minutos\" \/>\n<script type=\"application\/ld+json\" class=\"yoast-schema-graph\">{\"@context\":\"https:\\\/\\\/schema.org\",\"@graph\":[{\"@type\":\"Article\",\"@id\":\"https:\\\/\\\/lavanguardiadecuenca.es\\\/?p=3231#article\",\"isPartOf\":{\"@id\":\"https:\\\/\\\/lavanguardiadecuenca.es\\\/?p=3231\"},\"author\":{\"name\":\"admin6567\",\"@id\":\"https:\\\/\\\/lavanguardiadecuenca.es\\\/#\\\/schema\\\/person\\\/533d101fbc2a9ecf6af26aeddcaf1abd\"},\"headline\":\"UPyD repulsa los actos de vandalismo contra la sede del Partido Popular en Cuenca\",\"datePublished\":\"2012-07-01T18:54:36+00:00\",\"mainEntityOfPage\":{\"@id\":\"https:\\\/\\\/lavanguardiadecuenca.es\\\/?p=3231\"},\"wordCount\":339,\"commentCount\":0,\"publisher\":{\"@id\":\"https:\\\/\\\/lavanguardiadecuenca.es\\\/#\\\/schema\\\/person\\\/efd3b99fe10ec3fad96a88f3ae7d092f\"},\"articleSection\":[\"Uncategorized\"],\"inLanguage\":\"es\",\"potentialAction\":[{\"@type\":\"CommentAction\",\"name\":\"Comment\",\"target\":[\"https:\\\/\\\/lavanguardiadecuenca.es\\\/?p=3231#respond\"]}]},{\"@type\":\"WebPage\",\"@id\":\"https:\\\/\\\/lavanguardiadecuenca.es\\\/?p=3231\",\"url\":\"https:\\\/\\\/lavanguardiadecuenca.es\\\/?p=3231\",\"name\":\"UPyD repulsa los actos de vandalismo contra la sede del Partido Popular en Cuenca - La Vanguardia de Cuenca\",\"isPartOf\":{\"@id\":\"https:\\\/\\\/lavanguardiadecuenca.es\\\/#website\"},\"datePublished\":\"2012-07-01T18:54:36+00:00\",\"breadcrumb\":{\"@id\":\"https:\\\/\\\/lavanguardiadecuenca.es\\\/?p=3231#breadcrumb\"},\"inLanguage\":\"es\",\"potentialAction\":[{\"@type\":\"ReadAction\",\"target\":[\"https:\\\/\\\/lavanguardiadecuenca.es\\\/?p=3231\"]}]},{\"@type\":\"BreadcrumbList\",\"@id\":\"https:\\\/\\\/lavanguardiadecuenca.es\\\/?p=3231#breadcrumb\",\"itemListElement\":[{\"@type\":\"ListItem\",\"position\":1,\"name\":\"Portada\",\"item\":\"https:\\\/\\\/lavanguardiadecuenca.es\\\/\"},{\"@type\":\"ListItem\",\"position\":2,\"name\":\"UPyD repulsa los actos de vandalismo contra la sede del Partido Popular en Cuenca\"}]},{\"@type\":\"WebSite\",\"@id\":\"https:\\\/\\\/lavanguardiadecuenca.es\\\/#website\",\"url\":\"https:\\\/\\\/lavanguardiadecuenca.es\\\/\",\"name\":\"La Vanguardia de Cuenca\",\"description\":\"Intereses: comunicaci\u00f3n y actualidad en general, weblogs, sociedad, pol\u00edtica\",\"publisher\":{\"@id\":\"https:\\\/\\\/lavanguardiadecuenca.es\\\/#\\\/schema\\\/person\\\/efd3b99fe10ec3fad96a88f3ae7d092f\"},\"potentialAction\":[{\"@type\":\"SearchAction\",\"target\":{\"@type\":\"EntryPoint\",\"urlTemplate\":\"https:\\\/\\\/lavanguardiadecuenca.es\\\/?s={search_term_string}\"},\"query-input\":{\"@type\":\"PropertyValueSpecification\",\"valueRequired\":true,\"valueName\":\"search_term_string\"}}],\"inLanguage\":\"es\"},{\"@type\":[\"Person\",\"Organization\"],\"@id\":\"https:\\\/\\\/lavanguardiadecuenca.es\\\/#\\\/schema\\\/person\\\/efd3b99fe10ec3fad96a88f3ae7d092f\",\"name\":\"Juan Andr\u00e9s Buedo\",\"image\":{\"@type\":\"ImageObject\",\"inLanguage\":\"es\",\"@id\":\"https:\\\/\\\/lavanguardiadecuenca.es\\\/wp-content\\\/uploads\\\/2025\\\/09\\\/6a00d8341c734753ef0278801a3634200d-250si.jpg\",\"url\":\"https:\\\/\\\/lavanguardiadecuenca.es\\\/wp-content\\\/uploads\\\/2025\\\/09\\\/6a00d8341c734753ef0278801a3634200d-250si.jpg\",\"contentUrl\":\"https:\\\/\\\/lavanguardiadecuenca.es\\\/wp-content\\\/uploads\\\/2025\\\/09\\\/6a00d8341c734753ef0278801a3634200d-250si.jpg\",\"width\":250,\"height\":250,\"caption\":\"Juan Andr\u00e9s Buedo\"},\"logo\":{\"@id\":\"https:\\\/\\\/lavanguardiadecuenca.es\\\/wp-content\\\/uploads\\\/2025\\\/09\\\/6a00d8341c734753ef0278801a3634200d-250si.jpg\"},\"sameAs\":[\"https:\\\/\\\/lavanguardiadecuenca.es\\\/\"]},{\"@type\":\"Person\",\"@id\":\"https:\\\/\\\/lavanguardiadecuenca.es\\\/#\\\/schema\\\/person\\\/533d101fbc2a9ecf6af26aeddcaf1abd\",\"name\":\"admin6567\",\"image\":{\"@type\":\"ImageObject\",\"inLanguage\":\"es\",\"@id\":\"https:\\\/\\\/secure.gravatar.com\\\/avatar\\\/79503df8b75d394ce1e22cb5293c3e8fee42d212f6de88e2d65bfaa128f73542?s=96&d=mm&r=g\",\"url\":\"https:\\\/\\\/secure.gravatar.com\\\/avatar\\\/79503df8b75d394ce1e22cb5293c3e8fee42d212f6de88e2d65bfaa128f73542?s=96&d=mm&r=g\",\"contentUrl\":\"https:\\\/\\\/secure.gravatar.com\\\/avatar\\\/79503df8b75d394ce1e22cb5293c3e8fee42d212f6de88e2d65bfaa128f73542?s=96&d=mm&r=g\",\"caption\":\"admin6567\"},\"sameAs\":[\"http:\\\/\\\/lavanguardiadecuenca.es\"],\"url\":\"https:\\\/\\\/lavanguardiadecuenca.es\\\/?author=1\"}]}<\/script>\n<!-- \/ Yoast SEO plugin. -->","yoast_head_json":{"title":"UPyD repulsa los actos de vandalismo contra la sede del Partido Popular en Cuenca - La Vanguardia de Cuenca","robots":{"index":"index","follow":"follow","max-snippet":"max-snippet:-1","max-image-preview":"max-image-preview:large","max-video-preview":"max-video-preview:-1"},"canonical":"https:\/\/lavanguardiadecuenca.es\/?p=3231","og_locale":"es_ES","og_type":"article","og_title":"UPyD repulsa los actos de vandalismo contra la sede del Partido Popular en Cuenca - La Vanguardia de Cuenca","og_description":"\u00a0 UPyD Cuenca \u00abNada justifica la violencia aunque se manifieste con vandalismo y pintadas\u00bb \u00a0 El Consejo Local de UPyD en Cuenca muestra su pesar por los actos de vandalismo causados una vez m\u00e1s en la sede del Partido Popular en Cuenca y condena los mismos. \u00a0 Nadie puede ser garante de derechos cuando de...","og_url":"https:\/\/lavanguardiadecuenca.es\/?p=3231","og_site_name":"La Vanguardia de Cuenca","article_published_time":"2012-07-01T18:54:36+00:00","author":"admin6567","twitter_card":"summary_large_image","twitter_misc":{"Escrito por":"admin6567","Tiempo de lectura":"2 minutos"},"schema":{"@context":"https:\/\/schema.org","@graph":[{"@type":"Article","@id":"https:\/\/lavanguardiadecuenca.es\/?p=3231#article","isPartOf":{"@id":"https:\/\/lavanguardiadecuenca.es\/?p=3231"},"author":{"name":"admin6567","@id":"https:\/\/lavanguardiadecuenca.es\/#\/schema\/person\/533d101fbc2a9ecf6af26aeddcaf1abd"},"headline":"UPyD repulsa los actos de vandalismo contra la sede del Partido Popular en Cuenca","datePublished":"2012-07-01T18:54:36+00:00","mainEntityOfPage":{"@id":"https:\/\/lavanguardiadecuenca.es\/?p=3231"},"wordCount":339,"commentCount":0,"publisher":{"@id":"https:\/\/lavanguardiadecuenca.es\/#\/schema\/person\/efd3b99fe10ec3fad96a88f3ae7d092f"},"articleSection":["Uncategorized"],"inLanguage":"es","potentialAction":[{"@type":"CommentAction","name":"Comment","target":["https:\/\/lavanguardiadecuenca.es\/?p=3231#respond"]}]},{"@type":"WebPage","@id":"https:\/\/lavanguardiadecuenca.es\/?p=3231","url":"https:\/\/lavanguardiadecuenca.es\/?p=3231","name":"UPyD repulsa los actos de vandalismo contra la sede del Partido Popular en Cuenca - La Vanguardia de Cuenca","isPartOf":{"@id":"https:\/\/lavanguardiadecuenca.es\/#website"},"datePublished":"2012-07-01T18:54:36+00:00","breadcrumb":{"@id":"https:\/\/lavanguardiadecuenca.es\/?p=3231#breadcrumb"},"inLanguage":"es","potentialAction":[{"@type":"ReadAction","target":["https:\/\/lavanguardiadecuenca.es\/?p=3231"]}]},{"@type":"BreadcrumbList","@id":"https:\/\/lavanguardiadecuenca.es\/?p=3231#breadcrumb","itemListElement":[{"@type":"ListItem","position":1,"name":"Portada","item":"https:\/\/lavanguardiadecuenca.es\/"},{"@type":"ListItem","position":2,"name":"UPyD repulsa los actos de vandalismo contra la sede del Partido Popular en Cuenca"}]},{"@type":"WebSite","@id":"https:\/\/lavanguardiadecuenca.es\/#website","url":"https:\/\/lavanguardiadecuenca.es\/","name":"La Vanguardia de Cuenca","description":"Intereses: comunicaci\u00f3n y actualidad en general, weblogs, sociedad, pol\u00edtica","publisher":{"@id":"https:\/\/lavanguardiadecuenca.es\/#\/schema\/person\/efd3b99fe10ec3fad96a88f3ae7d092f"},"potentialAction":[{"@type":"SearchAction","target":{"@type":"EntryPoint","urlTemplate":"https:\/\/lavanguardiadecuenca.es\/?s={search_term_string}"},"query-input":{"@type":"PropertyValueSpecification","valueRequired":true,"valueName":"search_term_string"}}],"inLanguage":"es"},{"@type":["Person","Organization"],"@id":"https:\/\/lavanguardiadecuenca.es\/#\/schema\/person\/efd3b99fe10ec3fad96a88f3ae7d092f","name":"Juan Andr\u00e9s Buedo","image":{"@type":"ImageObject","inLanguage":"es","@id":"https:\/\/lavanguardiadecuenca.es\/wp-content\/uploads\/2025\/09\/6a00d8341c734753ef0278801a3634200d-250si.jpg","url":"https:\/\/lavanguardiadecuenca.es\/wp-content\/uploads\/2025\/09\/6a00d8341c734753ef0278801a3634200d-250si.jpg","contentUrl":"https:\/\/lavanguardiadecuenca.es\/wp-content\/uploads\/2025\/09\/6a00d8341c734753ef0278801a3634200d-250si.jpg","width":250,"height":250,"caption":"Juan Andr\u00e9s Buedo"},"logo":{"@id":"https:\/\/lavanguardiadecuenca.es\/wp-content\/uploads\/2025\/09\/6a00d8341c734753ef0278801a3634200d-250si.jpg"},"sameAs":["https:\/\/lavanguardiadecuenca.es\/"]},{"@type":"Person","@id":"https:\/\/lavanguardiadecuenca.es\/#\/schema\/person\/533d101fbc2a9ecf6af26aeddcaf1abd","name":"admin6567","image":{"@type":"ImageObject","inLanguage":"es","@id":"https:\/\/secure.gravatar.com\/avatar\/79503df8b75d394ce1e22cb5293c3e8fee42d212f6de88e2d65bfaa128f73542?s=96&d=mm&r=g","url":"https:\/\/secure.gravatar.com\/avatar\/79503df8b75d394ce1e22cb5293c3e8fee42d212f6de88e2d65bfaa128f73542?s=96&d=mm&r=g","contentUrl":"https:\/\/secure.gravatar.com\/avatar\/79503df8b75d394ce1e22cb5293c3e8fee42d212f6de88e2d65bfaa128f73542?s=96&d=mm&r=g","caption":"admin6567"},"sameAs":["http:\/\/lavanguardiadecuenca.es"],"url":"https:\/\/lavanguardiadecuenca.es\/?author=1"}]}},"_links":{"self":[{"href":"https:\/\/lavanguardiadecuenca.es\/index.php?rest_route=\/wp\/v2\/posts\/3231","targetHints":{"allow":["GET"]}}],"collection":[{"href":"https:\/\/lavanguardiadecuenca.es\/index.php?rest_route=\/wp\/v2\/posts"}],"about":[{"href":"https:\/\/lavanguardiadecuenca.es\/index.php?rest_route=\/wp\/v2\/types\/post"}],"author":[{"embeddable":true,"href":"https:\/\/lavanguardiadecuenca.es\/index.php?rest_route=\/wp\/v2\/users\/1"}],"replies":[{"embeddable":true,"href":"https:\/\/lavanguardiadecuenca.es\/index.php?rest_route=%2Fwp%2Fv2%2Fcomments&post=3231"}],"version-history":[{"count":0,"href":"https:\/\/lavanguardiadecuenca.es\/index.php?rest_route=\/wp\/v2\/posts\/3231\/revisions"}],"wp:attachment":[{"href":"https:\/\/lavanguardiadecuenca.es\/index.php?rest_route=%2Fwp%2Fv2%2Fmedia&parent=3231"}],"wp:term":[{"taxonomy":"category","embeddable":true,"href":"https:\/\/lavanguardiadecuenca.es\/index.php?rest_route=%2Fwp%2Fv2%2Fcategories&post=3231"},{"taxonomy":"post_tag","embeddable":true,"href":"https:\/\/lavanguardiadecuenca.es\/index.php?rest_route=%2Fwp%2Fv2%2Ftags&post=3231"}],"curies":[{"name":"wp","href":"https:\/\/api.w.org\/{rel}","templated":true}]}}