{"id":3194,"date":"2012-07-17T22:12:50","date_gmt":"2012-07-17T22:12:50","guid":{"rendered":"https:\/\/lavanguardiadecuenca.es\/?p=3194"},"modified":"2012-07-17T22:12:50","modified_gmt":"2012-07-17T22:12:50","slug":"el-pp-no-acaba-de-poner-orden-en-la-tv1-por-miguel-massanet-bosch","status":"publish","type":"post","link":"https:\/\/lavanguardiadecuenca.es\/?p=3194","title":{"rendered":"El PP no acaba de poner orden en la TV1 (por Miguel Massanet Bosch)"},"content":{"rendered":"<p style=\"text-align: justify\">\n\u00a0<\/p>\n<p style=\"text-align: justify\"><span style=\"font-family:Arial; font-size:10pt\">\u00bfDejar\u00edan ustedes que, en su casa, permaneciera junto a su familia una peligrosa \u00ab<strong>mamba negra<\/strong>\u00ab, el ofidio m\u00e1s venenoso del continente africano y uno de los m\u00e1s agresivos cuando se trata de defender su territorio? Mucho me temo que har\u00edan todo lo posible para deshacerse de ella, llamar\u00edan al zoo m\u00e1s pr\u00f3ximo para que los expertos se la llevaran a un lugar seguro, entre sus cong\u00e9neres, y se ocupar\u00edan de vigilar si, en alg\u00fan rinc\u00f3n de su casa, pudiera haber quedado, oculto a la vista, alg\u00fan nido con cr\u00edas de tan peligroso reptil. Sin embargo, se\u00f1ores, lament\u00e1ndolo mucho y sinti\u00e9ndome como un pardillo por haber pensado que los nuevos gobernantes, estos se\u00f1ores del PP, al que he venido votando pensando que, alguna vez, sabr\u00edan entender aquello de que \u00abal enemigo ni agua\u00bb y ser\u00edan capaces, tendr\u00edan la valent\u00eda, la inteligencia y los arrestos precisos para  librar a la TV1, la p\u00fablica,  de este nido de cuervos que los socialistas tienen instalado firmemente dentro de la cadena. Un grupo de personas que han venido imponiendo su ley y, ahora, incluso cuando el PP ha conseguido una potente mayor\u00eda absoluta en las c\u00e1maras, siguen actuando de V columna, lanzando cargas de profundidad desde la pantalla en contra del nuevo Gobierno y en apoyo de sus protectores, los del PSOE.<br \/>\n<\/span><\/p>\n<p style=\"text-align: justify\"><span style=\"font-family:Arial; font-size:10pt\">De toda la r\u00e9mora de filosocialistas que sigue en la p\u00fablica, si tuviera que destacar a alguien especialmente peligroso, incluso muy por encima de la, afortunadamente, cesada, la se\u00f1ora  Pepa Bueno; alguien que destaca por su parcialidad, una adicta y fiel propagandista al servicio del PSOE, que bebi\u00f3 con fruici\u00f3n del virus de odio y mala sangre que el se\u00f1or I\u00f1aki Gabilondo ( gran amigo del se\u00f1or Zapatero), su antiguo colega y jefe, siente hacia la derecha; es, sin duda alguna, esa se\u00f1ora de buen ver , Ana Pastor, que presenta el programa \u00bb Los Desayunos\u00bb. Puede que alguno de ustedes se sienta extra\u00f1ado de que me meta con una presentadora que ha sido premiada con varios importantes premios, la mayor\u00eda de los cuales lo han sido por \u00ab<em>su buen hacer e imparcialidad<\/em>\u00ab. No deber\u00edan sorprenderse si conocieran bien este extravagante mundo de la far\u00e1ndula espa\u00f1ola, esta casta en la que el clientelismo, el partidismo, la endogamia, la envidia, la laicidad, el resentimiento y el izquierdismo radical conviven en buen entendimiento. Pocas veces ver\u00e1n ustedes que alguno de los pocos actores, cantantes, dramaturgos o cineastas que se han atrevido a discrepar del \u00abpensamiento mayoritario\u00bb  o \u00abpensamiento \u00fanico\u00bb haya recibido ayuda, galard\u00f3n, globos o Goyas (en algunos casos me da la sensaci\u00f3n de que la estatuilla, horrorosa, del gran pintor, intenta resistirse a caer en las manos de alg\u00fan galardonado, cuyos \u00fanicos m\u00e9ritos han sido ser un guaperas, saberse desnudar bien, fingir bien un orgasmo y despotricar en contra del extinto general Franco.<br \/>\n<\/span><\/p>\n<p style=\"text-align: justify\"><span style=\"font-family:Arial; font-size:10pt\">Esta se\u00f1ora, Ana Pastor, ha dado abundantes muestras de c\u00f3mo ella entiende el concepto  \u00abimparcialidad\u00bb. Para ella  parece que consiste en mimar, ayudar, mostrarse servicial y obsequiosa con aquellos que pertenecen a su propia l\u00ednea ideol\u00f3gica, sorteando aquellas preguntas que los pudieran incomodar y potenciando y resaltando aquellas otras que los favorecieran. V\u00e9anla ustedes, no obstante, como gata panza arriba, cuando el entrevistado no pertenece a su c\u00edrculo de preferidos, cuando le conviene ponerle en aprietos momento en que no duda en lanzarse a su yugular sin la menor contemplaci\u00f3n. Recuerdo un entrevista con la se\u00f1ora presidenta de la Comunidad de Madrid en la que, si no hubiera sido por el desparpajo y rapidez mental de Esperanza Aguirre, no hubiera podido salir airosa de la encerrona que le hab\u00eda preparado. \u00a1Y esta se\u00f1ora ha sido premiada por su imparcialidad! Cosas veredes Sancho.<br \/>\n<\/span><\/p>\n<p style=\"text-align: justify\"><span style=\"font-family:Arial; font-size:10pt\">Sin embargo, se\u00f1ores, parece que, a los se\u00f1ores del PP y al nuevo director del ente, cuando ha llegado el momento de efectuar limpieza general del medio, prescindir de todos aquellos elementos, claramente inclinados hacia el redil socialistas, dispuestos a hacer todo el mal posible al nuevo Gobierno; parece que se les encoge la mano, como si temieran que librarse de semejantes estorbos les pudiera causar m\u00e1s problemas que el mantenerlos en activo. Este nutrido grupo de profesionales han sido quienes durante el mandato socialistas han ido ocultando los yerros y fallos del anterior gobierno de ZP y, sin duda, est\u00e1n dispuesto a seguir con su labor destructiva, siempre que se lo permitan, desgastando desde la pantalla de la televisi\u00f3n al gobierno del se\u00f1or Rajoy, ya sea a trav\u00e9s de im\u00e1genes tendenciosas, ya con una aparici\u00f3n m\u00e1s asidua en las pantallas de personajes de la oposici\u00f3n o vendiendo las noticias de la manera m\u00e1s favorable a sus designios. Muestra de ello las habr\u00e1n tenido, recientemente, en los conflictos callejeros donde siempre han destacado los aspectos m\u00e1s favorables a los ocupantes de las calles y los que m\u00e1s podr\u00edan perjudicar al gobierno.<br \/>\n<\/span><\/p>\n<p style=\"text-align: justify\"><span style=\"font-family:Arial; font-size:10pt\">Conviene recordar que, cuando en el mes de marzo del 2004, los socialistas asumieron el gobierno de la naci\u00f3n, no tardaron ni quince d\u00edas, desde que se hicieron con el poder, en destituir de la TVE al se\u00f1or Urdaci  por considerar que era demasiado de derechas. Al se\u00f1or Zapatero y al se\u00f1or Rubalcaba no les import\u00f3 si se les criticar\u00eda o no, si dar\u00edan motivo a protestas o si la gente callar\u00eda (como, por cierto, ocurri\u00f3); ellos tomaron las medidas que estimaron oportunas y, desde entonces, la televisi\u00f3n, RNE, la mayor\u00eda de las televisiones auton\u00f3micas y diarios importantes del pa\u00eds, han sido sus principales valedores y propagandistas, una mayor\u00eda que siguen manteniendo a pesar de haber dejado el gobierno de la naci\u00f3n. El se\u00f1or Rajoy y su equipo no han estado finos en esto de garantizarse un buen servicio que contrarrestara la supremac\u00eda de medios informativos de la izquierda; siempre han ido dando tumbos pretendiendo presentarse como caballeros sin que, las tarascadas que ha recibido de sus contrarios, les hayan hecho ver que esto de dar la otra mejilla no suele resultar rentable en pol\u00edtica.<br \/>\n<\/span><\/p>\n<p style=\"text-align: justify\"><span style=\"font-family:Arial; font-size:10pt\">Ya metieron la pata al decir que: el traspaso de poderes con los socialistas \u00ab<em>hab\u00eda sido ejemplar\u00bb<\/em> Si se\u00f1ores, tan ejemplar que les metieron un embolado  de miles de millones, cuando la se\u00f1ora Salgado les dijo que el d\u00e9ficit ser\u00eda del 6% del PIB y luego fue del 8&#8217;53%. Lo mismo les ha ido ocurriendo con las autonom\u00edas, en las que han sustituido a los anteriores gobiernos socialistas, que, cuando han levantado las alfombras, s\u00f3lo han encontrado que facturas y deudas pendientes de pago. No llego a comprender como, un partido tan importante, con una mayor\u00eda absoluta, ha conseguido ponerse enfrente a toda la oposici\u00f3n, cuando ha tenido en su mano poner en vereda a las autonom\u00edas y potenciar una m\u00e1quina de expertos en informaci\u00f3n, capaces de hacer entender a los ciudadanos el hecho de que, la Espa\u00f1a que recibieron, no ten\u00eda otra posibilidad de salir adelante que el trabajo y el sacrificio de todos los espa\u00f1oles.<br \/>\n<\/span><\/p>\n<p style=\"text-align: justify\"><span style=\"font-family:Arial; font-size:10pt\">Mucho nos tememos que el permanecer en los cuarteles de invierno, dejando la iniciativa pol\u00edtica y propagand\u00edstica en manos de unos expertos en su manejo, .los del PSOE, va a acabar por desgastar la confianza de los espa\u00f1oles en que, los esfuerzos del Gobierno, lleven al pa\u00eds a buen puerto. Y un apunte m\u00e1s: el PP debe acometer, sin m\u00e1s dilaci\u00f3n y cueste lo que cueste, la reforma de la mastod\u00f3ntica estructura del Estado y de las autonom\u00edas; para que los espa\u00f1oles vean que los sacrificios no caen solamente sobre los de siempre. O esta es, se\u00f1ores, mi opini\u00f3n en tan dif\u00edcil coyuntura.<br \/>\n<\/span><\/p>\n<p style=\"margin-left: 36pt\"><span style=\"color:#1f497d; font-family:Arial; font-size:10pt\"><strong>Miguel Massanet Bosch<\/strong><\/span><\/p>\n","protected":false},"excerpt":{"rendered":"<p>\u00a0 \u00bfDejar\u00edan ustedes que, en su casa, permaneciera junto a su familia una peligrosa \u00abmamba negra\u00ab, el ofidio m\u00e1s venenoso del continente africano y uno de los m\u00e1s agresivos cuando se trata de defender su territorio? Mucho me temo que har\u00edan todo lo posible para deshacerse de ella, llamar\u00edan al zoo m\u00e1s pr\u00f3ximo para que&#8230;<\/p>\n","protected":false},"author":1,"featured_media":0,"comment_status":"open","ping_status":"open","sticky":false,"template":"","format":"standard","meta":{"rop_custom_images_group":[],"rop_custom_messages_group":[],"rop_publish_now":"initial","rop_publish_now_accounts":[],"rop_publish_now_history":[],"rop_publish_now_status":"pending","footnotes":""},"categories":[1],"tags":[],"class_list":["post-3194","post","type-post","status-publish","format-standard","hentry","category-uncategorized"],"yoast_head":"<!-- This site is optimized with the Yoast SEO plugin v27.5 - https:\/\/yoast.com\/product\/yoast-seo-wordpress\/ -->\n<title>El PP no acaba de poner orden en la TV1 (por Miguel Massanet Bosch) - La Vanguardia de Cuenca<\/title>\n<meta name=\"robots\" content=\"index, follow, max-snippet:-1, max-image-preview:large, max-video-preview:-1\" \/>\n<link rel=\"canonical\" href=\"https:\/\/lavanguardiadecuenca.es\/?p=3194\" \/>\n<meta property=\"og:locale\" content=\"es_ES\" \/>\n<meta property=\"og:type\" content=\"article\" \/>\n<meta property=\"og:title\" content=\"El PP no acaba de poner orden en la TV1 (por Miguel Massanet Bosch) - La Vanguardia de Cuenca\" \/>\n<meta property=\"og:description\" content=\"\u00a0 \u00bfDejar\u00edan ustedes que, en su casa, permaneciera junto a su familia una peligrosa \u00abmamba negra\u00ab, el ofidio m\u00e1s venenoso del continente africano y uno de los m\u00e1s agresivos cuando se trata de defender su territorio? Mucho me temo que har\u00edan todo lo posible para deshacerse de ella, llamar\u00edan al zoo m\u00e1s pr\u00f3ximo para que...\" \/>\n<meta property=\"og:url\" content=\"https:\/\/lavanguardiadecuenca.es\/?p=3194\" \/>\n<meta property=\"og:site_name\" content=\"La Vanguardia de Cuenca\" \/>\n<meta property=\"article:published_time\" content=\"2012-07-17T22:12:50+00:00\" \/>\n<meta name=\"author\" content=\"admin6567\" \/>\n<meta name=\"twitter:card\" content=\"summary_large_image\" \/>\n<meta name=\"twitter:label1\" content=\"Escrito por\" \/>\n\t<meta name=\"twitter:data1\" content=\"admin6567\" \/>\n\t<meta name=\"twitter:label2\" content=\"Tiempo de lectura\" \/>\n\t<meta name=\"twitter:data2\" content=\"7 minutos\" \/>\n<script type=\"application\/ld+json\" class=\"yoast-schema-graph\">{\"@context\":\"https:\\\/\\\/schema.org\",\"@graph\":[{\"@type\":\"Article\",\"@id\":\"https:\\\/\\\/lavanguardiadecuenca.es\\\/?p=3194#article\",\"isPartOf\":{\"@id\":\"https:\\\/\\\/lavanguardiadecuenca.es\\\/?p=3194\"},\"author\":{\"name\":\"admin6567\",\"@id\":\"https:\\\/\\\/lavanguardiadecuenca.es\\\/#\\\/schema\\\/person\\\/533d101fbc2a9ecf6af26aeddcaf1abd\"},\"headline\":\"El PP no acaba de poner orden en la TV1 (por Miguel Massanet Bosch)\",\"datePublished\":\"2012-07-17T22:12:50+00:00\",\"mainEntityOfPage\":{\"@id\":\"https:\\\/\\\/lavanguardiadecuenca.es\\\/?p=3194\"},\"wordCount\":1372,\"commentCount\":0,\"publisher\":{\"@id\":\"https:\\\/\\\/lavanguardiadecuenca.es\\\/#\\\/schema\\\/person\\\/efd3b99fe10ec3fad96a88f3ae7d092f\"},\"articleSection\":[\"Uncategorized\"],\"inLanguage\":\"es\",\"potentialAction\":[{\"@type\":\"CommentAction\",\"name\":\"Comment\",\"target\":[\"https:\\\/\\\/lavanguardiadecuenca.es\\\/?p=3194#respond\"]}]},{\"@type\":\"WebPage\",\"@id\":\"https:\\\/\\\/lavanguardiadecuenca.es\\\/?p=3194\",\"url\":\"https:\\\/\\\/lavanguardiadecuenca.es\\\/?p=3194\",\"name\":\"El PP no acaba de poner orden en la TV1 (por Miguel Massanet Bosch) - La Vanguardia de Cuenca\",\"isPartOf\":{\"@id\":\"https:\\\/\\\/lavanguardiadecuenca.es\\\/#website\"},\"datePublished\":\"2012-07-17T22:12:50+00:00\",\"breadcrumb\":{\"@id\":\"https:\\\/\\\/lavanguardiadecuenca.es\\\/?p=3194#breadcrumb\"},\"inLanguage\":\"es\",\"potentialAction\":[{\"@type\":\"ReadAction\",\"target\":[\"https:\\\/\\\/lavanguardiadecuenca.es\\\/?p=3194\"]}]},{\"@type\":\"BreadcrumbList\",\"@id\":\"https:\\\/\\\/lavanguardiadecuenca.es\\\/?p=3194#breadcrumb\",\"itemListElement\":[{\"@type\":\"ListItem\",\"position\":1,\"name\":\"Portada\",\"item\":\"https:\\\/\\\/lavanguardiadecuenca.es\\\/\"},{\"@type\":\"ListItem\",\"position\":2,\"name\":\"El PP no acaba de poner orden en la TV1 (por Miguel Massanet Bosch)\"}]},{\"@type\":\"WebSite\",\"@id\":\"https:\\\/\\\/lavanguardiadecuenca.es\\\/#website\",\"url\":\"https:\\\/\\\/lavanguardiadecuenca.es\\\/\",\"name\":\"La Vanguardia de Cuenca\",\"description\":\"Intereses: comunicaci\u00f3n y actualidad en general, weblogs, sociedad, pol\u00edtica\",\"publisher\":{\"@id\":\"https:\\\/\\\/lavanguardiadecuenca.es\\\/#\\\/schema\\\/person\\\/efd3b99fe10ec3fad96a88f3ae7d092f\"},\"potentialAction\":[{\"@type\":\"SearchAction\",\"target\":{\"@type\":\"EntryPoint\",\"urlTemplate\":\"https:\\\/\\\/lavanguardiadecuenca.es\\\/?s={search_term_string}\"},\"query-input\":{\"@type\":\"PropertyValueSpecification\",\"valueRequired\":true,\"valueName\":\"search_term_string\"}}],\"inLanguage\":\"es\"},{\"@type\":[\"Person\",\"Organization\"],\"@id\":\"https:\\\/\\\/lavanguardiadecuenca.es\\\/#\\\/schema\\\/person\\\/efd3b99fe10ec3fad96a88f3ae7d092f\",\"name\":\"Juan Andr\u00e9s Buedo\",\"image\":{\"@type\":\"ImageObject\",\"inLanguage\":\"es\",\"@id\":\"https:\\\/\\\/lavanguardiadecuenca.es\\\/wp-content\\\/uploads\\\/2025\\\/09\\\/6a00d8341c734753ef0278801a3634200d-250si.jpg\",\"url\":\"https:\\\/\\\/lavanguardiadecuenca.es\\\/wp-content\\\/uploads\\\/2025\\\/09\\\/6a00d8341c734753ef0278801a3634200d-250si.jpg\",\"contentUrl\":\"https:\\\/\\\/lavanguardiadecuenca.es\\\/wp-content\\\/uploads\\\/2025\\\/09\\\/6a00d8341c734753ef0278801a3634200d-250si.jpg\",\"width\":250,\"height\":250,\"caption\":\"Juan Andr\u00e9s Buedo\"},\"logo\":{\"@id\":\"https:\\\/\\\/lavanguardiadecuenca.es\\\/wp-content\\\/uploads\\\/2025\\\/09\\\/6a00d8341c734753ef0278801a3634200d-250si.jpg\"},\"sameAs\":[\"https:\\\/\\\/lavanguardiadecuenca.es\\\/\"]},{\"@type\":\"Person\",\"@id\":\"https:\\\/\\\/lavanguardiadecuenca.es\\\/#\\\/schema\\\/person\\\/533d101fbc2a9ecf6af26aeddcaf1abd\",\"name\":\"admin6567\",\"image\":{\"@type\":\"ImageObject\",\"inLanguage\":\"es\",\"@id\":\"https:\\\/\\\/secure.gravatar.com\\\/avatar\\\/79503df8b75d394ce1e22cb5293c3e8fee42d212f6de88e2d65bfaa128f73542?s=96&d=mm&r=g\",\"url\":\"https:\\\/\\\/secure.gravatar.com\\\/avatar\\\/79503df8b75d394ce1e22cb5293c3e8fee42d212f6de88e2d65bfaa128f73542?s=96&d=mm&r=g\",\"contentUrl\":\"https:\\\/\\\/secure.gravatar.com\\\/avatar\\\/79503df8b75d394ce1e22cb5293c3e8fee42d212f6de88e2d65bfaa128f73542?s=96&d=mm&r=g\",\"caption\":\"admin6567\"},\"sameAs\":[\"http:\\\/\\\/lavanguardiadecuenca.es\"],\"url\":\"https:\\\/\\\/lavanguardiadecuenca.es\\\/?author=1\"}]}<\/script>\n<!-- \/ Yoast SEO plugin. -->","yoast_head_json":{"title":"El PP no acaba de poner orden en la TV1 (por Miguel Massanet Bosch) - La Vanguardia de Cuenca","robots":{"index":"index","follow":"follow","max-snippet":"max-snippet:-1","max-image-preview":"max-image-preview:large","max-video-preview":"max-video-preview:-1"},"canonical":"https:\/\/lavanguardiadecuenca.es\/?p=3194","og_locale":"es_ES","og_type":"article","og_title":"El PP no acaba de poner orden en la TV1 (por Miguel Massanet Bosch) - La Vanguardia de Cuenca","og_description":"\u00a0 \u00bfDejar\u00edan ustedes que, en su casa, permaneciera junto a su familia una peligrosa \u00abmamba negra\u00ab, el ofidio m\u00e1s venenoso del continente africano y uno de los m\u00e1s agresivos cuando se trata de defender su territorio? Mucho me temo que har\u00edan todo lo posible para deshacerse de ella, llamar\u00edan al zoo m\u00e1s pr\u00f3ximo para que...","og_url":"https:\/\/lavanguardiadecuenca.es\/?p=3194","og_site_name":"La Vanguardia de Cuenca","article_published_time":"2012-07-17T22:12:50+00:00","author":"admin6567","twitter_card":"summary_large_image","twitter_misc":{"Escrito por":"admin6567","Tiempo de lectura":"7 minutos"},"schema":{"@context":"https:\/\/schema.org","@graph":[{"@type":"Article","@id":"https:\/\/lavanguardiadecuenca.es\/?p=3194#article","isPartOf":{"@id":"https:\/\/lavanguardiadecuenca.es\/?p=3194"},"author":{"name":"admin6567","@id":"https:\/\/lavanguardiadecuenca.es\/#\/schema\/person\/533d101fbc2a9ecf6af26aeddcaf1abd"},"headline":"El PP no acaba de poner orden en la TV1 (por Miguel Massanet Bosch)","datePublished":"2012-07-17T22:12:50+00:00","mainEntityOfPage":{"@id":"https:\/\/lavanguardiadecuenca.es\/?p=3194"},"wordCount":1372,"commentCount":0,"publisher":{"@id":"https:\/\/lavanguardiadecuenca.es\/#\/schema\/person\/efd3b99fe10ec3fad96a88f3ae7d092f"},"articleSection":["Uncategorized"],"inLanguage":"es","potentialAction":[{"@type":"CommentAction","name":"Comment","target":["https:\/\/lavanguardiadecuenca.es\/?p=3194#respond"]}]},{"@type":"WebPage","@id":"https:\/\/lavanguardiadecuenca.es\/?p=3194","url":"https:\/\/lavanguardiadecuenca.es\/?p=3194","name":"El PP no acaba de poner orden en la TV1 (por Miguel Massanet Bosch) - La Vanguardia de Cuenca","isPartOf":{"@id":"https:\/\/lavanguardiadecuenca.es\/#website"},"datePublished":"2012-07-17T22:12:50+00:00","breadcrumb":{"@id":"https:\/\/lavanguardiadecuenca.es\/?p=3194#breadcrumb"},"inLanguage":"es","potentialAction":[{"@type":"ReadAction","target":["https:\/\/lavanguardiadecuenca.es\/?p=3194"]}]},{"@type":"BreadcrumbList","@id":"https:\/\/lavanguardiadecuenca.es\/?p=3194#breadcrumb","itemListElement":[{"@type":"ListItem","position":1,"name":"Portada","item":"https:\/\/lavanguardiadecuenca.es\/"},{"@type":"ListItem","position":2,"name":"El PP no acaba de poner orden en la TV1 (por Miguel Massanet Bosch)"}]},{"@type":"WebSite","@id":"https:\/\/lavanguardiadecuenca.es\/#website","url":"https:\/\/lavanguardiadecuenca.es\/","name":"La Vanguardia de Cuenca","description":"Intereses: comunicaci\u00f3n y actualidad en general, weblogs, sociedad, pol\u00edtica","publisher":{"@id":"https:\/\/lavanguardiadecuenca.es\/#\/schema\/person\/efd3b99fe10ec3fad96a88f3ae7d092f"},"potentialAction":[{"@type":"SearchAction","target":{"@type":"EntryPoint","urlTemplate":"https:\/\/lavanguardiadecuenca.es\/?s={search_term_string}"},"query-input":{"@type":"PropertyValueSpecification","valueRequired":true,"valueName":"search_term_string"}}],"inLanguage":"es"},{"@type":["Person","Organization"],"@id":"https:\/\/lavanguardiadecuenca.es\/#\/schema\/person\/efd3b99fe10ec3fad96a88f3ae7d092f","name":"Juan Andr\u00e9s Buedo","image":{"@type":"ImageObject","inLanguage":"es","@id":"https:\/\/lavanguardiadecuenca.es\/wp-content\/uploads\/2025\/09\/6a00d8341c734753ef0278801a3634200d-250si.jpg","url":"https:\/\/lavanguardiadecuenca.es\/wp-content\/uploads\/2025\/09\/6a00d8341c734753ef0278801a3634200d-250si.jpg","contentUrl":"https:\/\/lavanguardiadecuenca.es\/wp-content\/uploads\/2025\/09\/6a00d8341c734753ef0278801a3634200d-250si.jpg","width":250,"height":250,"caption":"Juan Andr\u00e9s Buedo"},"logo":{"@id":"https:\/\/lavanguardiadecuenca.es\/wp-content\/uploads\/2025\/09\/6a00d8341c734753ef0278801a3634200d-250si.jpg"},"sameAs":["https:\/\/lavanguardiadecuenca.es\/"]},{"@type":"Person","@id":"https:\/\/lavanguardiadecuenca.es\/#\/schema\/person\/533d101fbc2a9ecf6af26aeddcaf1abd","name":"admin6567","image":{"@type":"ImageObject","inLanguage":"es","@id":"https:\/\/secure.gravatar.com\/avatar\/79503df8b75d394ce1e22cb5293c3e8fee42d212f6de88e2d65bfaa128f73542?s=96&d=mm&r=g","url":"https:\/\/secure.gravatar.com\/avatar\/79503df8b75d394ce1e22cb5293c3e8fee42d212f6de88e2d65bfaa128f73542?s=96&d=mm&r=g","contentUrl":"https:\/\/secure.gravatar.com\/avatar\/79503df8b75d394ce1e22cb5293c3e8fee42d212f6de88e2d65bfaa128f73542?s=96&d=mm&r=g","caption":"admin6567"},"sameAs":["http:\/\/lavanguardiadecuenca.es"],"url":"https:\/\/lavanguardiadecuenca.es\/?author=1"}]}},"_links":{"self":[{"href":"https:\/\/lavanguardiadecuenca.es\/index.php?rest_route=\/wp\/v2\/posts\/3194","targetHints":{"allow":["GET"]}}],"collection":[{"href":"https:\/\/lavanguardiadecuenca.es\/index.php?rest_route=\/wp\/v2\/posts"}],"about":[{"href":"https:\/\/lavanguardiadecuenca.es\/index.php?rest_route=\/wp\/v2\/types\/post"}],"author":[{"embeddable":true,"href":"https:\/\/lavanguardiadecuenca.es\/index.php?rest_route=\/wp\/v2\/users\/1"}],"replies":[{"embeddable":true,"href":"https:\/\/lavanguardiadecuenca.es\/index.php?rest_route=%2Fwp%2Fv2%2Fcomments&post=3194"}],"version-history":[{"count":0,"href":"https:\/\/lavanguardiadecuenca.es\/index.php?rest_route=\/wp\/v2\/posts\/3194\/revisions"}],"wp:attachment":[{"href":"https:\/\/lavanguardiadecuenca.es\/index.php?rest_route=%2Fwp%2Fv2%2Fmedia&parent=3194"}],"wp:term":[{"taxonomy":"category","embeddable":true,"href":"https:\/\/lavanguardiadecuenca.es\/index.php?rest_route=%2Fwp%2Fv2%2Fcategories&post=3194"},{"taxonomy":"post_tag","embeddable":true,"href":"https:\/\/lavanguardiadecuenca.es\/index.php?rest_route=%2Fwp%2Fv2%2Ftags&post=3194"}],"curies":[{"name":"wp","href":"https:\/\/api.w.org\/{rel}","templated":true}]}}