{"id":3178,"date":"2012-07-23T20:36:08","date_gmt":"2012-07-23T20:36:08","guid":{"rendered":"https:\/\/lavanguardiadecuenca.es\/?p=3178"},"modified":"2012-07-23T20:36:08","modified_gmt":"2012-07-23T20:36:08","slug":"pretende-el-norte-de-europa-colonizar-al-sur-por-miguel-massanet-bosch","status":"publish","type":"post","link":"https:\/\/lavanguardiadecuenca.es\/?p=3178","title":{"rendered":"\u00bfPretende el norte de Europa colonizar al sur? (por Miguel Massanet Bosch)"},"content":{"rendered":"<p style=\"text-align: justify\">\n\u00a0<\/p>\n<p style=\"text-align: justify\"><span style=\"font-family:Arial; font-size:10pt\">Si al que lucha con el mar para no ahogarse, en lugar de tirarle un salvavidas para ayudarle a flotar, se le cuelga de las piernas un lastre de plomo, es indudable que el destino de esta persona sea perecer ahogado. Loa que somos legos en econom\u00eda y nos limitamos a contemplar, unas veces asombrados, otras indignados y, en la mayor\u00eda de los casos, pasmados, como personas, a las que consider\u00e1bamos bien preparadas, de las que esperamos decisiones sensatas o de las que se supon\u00eda que supieran sacarnos del abismo al que, otros gobernantes, \u2013a los que algunos espa\u00f1oles, convencidos de lo mismo, les dieron su confianza en las urnas (en esta caso equivocadamente) \u2013 parecen andar confusas y desconcertadas. La evidencia, no obstante, es que, en el caso que nos ocupa, el de una Espa\u00f1a al borde del mayor cataclismo pol\u00edtico, financiero y econ\u00f3mico ( el de valores \u00e9ticos y morales, hace ya tiempo que se produjo), que nunca pudimos esperar que se produjera, los que han sucedido en el gobierno al PSOE del se\u00f1or Zapatero, los del PP, sin comerlo ni beberlo, enga\u00f1ados una vez m\u00e1s por los socialistas, han tenido que apechugar, con una cierta desorientaci\u00f3n, todo hay que decirlo, la peor situaci\u00f3n imaginable; de modo que, desde que tomaron el poder, se han visto obligados a enfrentarse a unos problemas que, hasta el m\u00e1s ac\u00e9rrimo de los pesimistas hubiera sido incapaz de prever.<br \/>\n<\/span><\/p>\n<p style=\"text-align: justify\"><span style=\"font-family:Arial; font-size:10pt\">Lo cierto es que, el nuevo Gobierno, ha hecho de mangas capirotes para intentar cumplir al pie de la letra las consignas que se nos daban desde Bruselas, el FMI y el propio BCE en cuanto a las reformas que se les hab\u00edan exigido a los del PSOE (que s\u00f3lo cumplieron en un m\u00ednima parte para evitar el desgaste pol\u00edtico y electoral que ello supondr\u00eda para ellos).  El PP, renunciando a la mayor parte de sus ofertas electorales, en s\u00f3lo 7 meses, ha tenido que hacer reformas que han superado, en profundidad y trascendencia, a las que llevaron a cabo los socialistas en todos sus a\u00f1os de mandato. No obstante, a pesar de ce\u00f1irnos como un guante a lo que se nos ha pedido desde la CE, cada d\u00eda que pasa nos damos cuenta de que, cuanto m\u00e1s duros sean los recortes, m\u00e1s impopulares para los ciudadanos y m\u00e1s gravosos para la Administraci\u00f3n; en lugar de causar efectos ben\u00e9ficos para Espa\u00f1a, aliviar la presi\u00f3n de los mercados, disminuir nuestra prima de riesgo y reducir los intereses que pagamos por colocar nuestra deuda, se\u00f1ores, de forma inconcebible, al menos para la mayor\u00eda de los espa\u00f1oles, lo que parece que sucede  es todo lo contrario de aquello que se pretende. En efecto, lo que hemos visto estos d\u00edas ha sido un r\u00e1pido empeoramiento de la confianza de los inversores que, al parecer, cuanto m\u00e1s nos esforzamos en cumplir con el plan que se nos exigi\u00f3, tanto peor reaccionan las bolsas y mayores dificultades tenemos para poder seguir financi\u00e1ndonos; de modo que ya hay voces agoreras que nos dicen que apenas podremos resistir 60 d\u00edas m\u00e1s sin tener que reclamar el famoso \u00abrescate\u00bb.<br \/>\n<\/span><\/p>\n<p style=\"text-align: justify\"><span style=\"font-family:Arial; font-size:10pt\">Dejando aparte el pobre y poco edificante espect\u00e1culo que nuestros pol\u00edticos, verdadero ejemplo de la inoportunidad, la desfachatez, la inoperancia, la falta de sentido com\u00fan y de incapacidad para representar, dignamente, al pueblo espa\u00f1ol que los vot\u00f3; cuando en lugar de cooperar y facilitar las medidas precisas para que podamos salir del atolladero; lo \u00fanico a lo que se han dedicado ha sido a intentar desacreditar las reformas emprendidas, a desautorizar al Ejecutivo ante los espa\u00f1oles y a soliviantar a la ciudadan\u00eda para que se rebele contra la pol\u00edtica gubernamental. Y, si socialistas y comunistas, han elegido este camino, los de las comunidades nacionalistas han aprovechado la ocasi\u00f3n para intentar acentuar, en sus respectivas comunidades, el esp\u00edritu independentista, con llamadas a las otras comunidades para que se levanten en contra de Espa\u00f1a, en la m\u00e1s absurda y rid\u00edcula muestra de su alopecia mental y falta de sentido com\u00fan. El gran problema, se\u00f1ores, parece que nos viene de la misma Europa. De una Europa que parece ser que ha renunciado a sus principios de unidad, ayuda mutua y defensa de sus miembros, tanto en cuanto a la econom\u00eda, finanzas, peligros externos o seguridad, para convertirse en una suerte de dictadura de los pa\u00edses del norte sobre las naciones del sur.<br \/>\n<\/span><\/p>\n<p style=\"text-align: justify\"><span style=\"font-family:Arial; font-size:10pt\">Empezamos a dudar sobre si, lo que se est\u00e1 defendiendo, es al euro o la misma UE. Cada vez tenemos la m\u00e1s firm convicci\u00f3n de que, el que mejor ha jugado sus bazas en el tema de la moneda \u00fanica y del mantenimiento de sus privilegios insulares ha sido, sin duda, el Reino Unido; que no se dej\u00f3 atraer por el se\u00f1uelo de una gran superpotencia europea, como se nos promet\u00eda desde Bruselas, cuando se estaba intentando aprobar la famosa Constituci\u00f3n Europea, que resulto, como tantos otros intentos de unificaci\u00f3n, un fracaso total del que parece que, todav\u00eda, la CE no se ha sabido reponerse. En efecto, estamos comprobando como, capitaneados por Alemania, la mayor\u00eda de las naciones del norte integradas en la CE y la Zona Euro, est\u00e1n dando la impresi\u00f3n de que, no tanto les interesa la supervivencia del euro \u2013una moneda que, si Espa\u00f1a cayese, es probable que se desplomase juntamente con ella \u2013 sino el convertir a las naciones del sur de Europa, las m\u00e1s implicadas en los problemas de la recesi\u00f3n, en futuros pa\u00edses colonizados, sujetos a las f\u00e9rreas condiciones que se les impongan y relegados a una \u00absegunda velocidad\u00bb, como naciones de segundo orden. No olvidemos que Espa\u00f1a, aunque subordinada a lo que ha sido el <em>boom <\/em>de la construcci\u00f3n durante a\u00f1os, tiene otro tipo de industrias, entre ellas la automovilista y la industria qu\u00edmica que, si bien en la actualidad no tienen mercado dentro del pa\u00eds, sin embargo, est\u00e1n teniendo mucho \u00e9xito en sus exportaciones al exterior, donde compiten, con \u00e9xito, con tras naciones.<br \/>\n<\/span><\/p>\n<p style=\"text-align: justify\"><span style=\"font-family:Arial; font-size:10pt\">Lo que s\u00ed parece incontrovertible es que: solamente con recortes, disminuyendo el poder adquisitivo de los ciudadanos, cargando de impuestos a las empresas y particulares o pagando el subsidio a los nuevos desempleados para que sigan en paro; no se va a conseguir que Espa\u00f1a pueda remontar la crisis ni en uno ni en diez a\u00f1os. Es preciso que, a la par que se disminuyan los costes del Estado, se recorten las subvenciones y se adelgacen las n\u00f3minas de los empleados p\u00fablicos, se empiecen a poner en pr\u00e1ctica medidas para el crecimiento y la recuperaci\u00f3n de nuestras empresas, peque\u00f1as, medianas y grandes, poniendo los mecanismos fiscales, las medidas extraordinarias de regulaci\u00f3n de plantillas, los incentivos a la producci\u00f3n y la eliminaci\u00f3n de trabas burocr\u00e1ticas para que, nuestros empresarios puedan, con entera libertad, iniciar o continuar sus negocios con la suficiente seguridad jur\u00eddica para que se sepan apoyados por el Gobierno, se les den posibilidades para financiarse y se les abran las puertas para poner en pr\u00e1ctica libremente sus proyectos.<br \/>\n<\/span><\/p>\n<p style=\"text-align: justify\"><span style=\"font-family:Arial; font-size:10pt\">Creo que los pa\u00edses del sur de Europa, con Espa\u00f1a e Italia a la cabeza, han de dejar claro a las potencias del norte que no son meros t\u00edteres a los que se les hace bailar al son que nos impongan las grandes potencias. Porque, se\u00f1ores, Alemania es muy posible que no est\u00e9 tan entusiasmada defendiendo el euro ya que se sabe que, la mayor\u00eda de sus ciudadanos a\u00f1ora el potente marco, al que seguramente estar\u00edan encantados de volver. \u00bfQu\u00e9 ocurrir\u00eda si, en un momento determinado, decidiera abandonar el euro a su suerte?. Sin duda la sentencia de muerte para la moneda \u00fanica, un marco robusto y la devaluaci\u00f3n, a niveles de ruina, del resto de monedas nacionales, incluida la francesa.<br \/>\n<\/span><\/p>\n<p style=\"text-align: justify\"><span style=\"font-family:Arial; font-size:10pt\">\u00bfUna utop\u00eda? Puede que s\u00ed, pero \u00bfy si fuera cierto? As\u00ed es, se\u00f1ores, como lo veo yo.<br \/>\n<\/span><\/p>\n<p style=\"margin-left: 36pt\"><span style=\"color:#1f497d\"><strong>Miguel Massanet Bosch<\/strong><\/span><\/p>\n","protected":false},"excerpt":{"rendered":"<p>\u00a0 Si al que lucha con el mar para no ahogarse, en lugar de tirarle un salvavidas para ayudarle a flotar, se le cuelga de las piernas un lastre de plomo, es indudable que el destino de esta persona sea perecer ahogado. Loa que somos legos en econom\u00eda y nos limitamos a contemplar, unas veces&#8230;<\/p>\n","protected":false},"author":1,"featured_media":0,"comment_status":"open","ping_status":"open","sticky":false,"template":"","format":"standard","meta":{"rop_custom_images_group":[],"rop_custom_messages_group":[],"rop_publish_now":"initial","rop_publish_now_accounts":[],"rop_publish_now_history":[],"rop_publish_now_status":"pending","footnotes":""},"categories":[1],"tags":[],"class_list":["post-3178","post","type-post","status-publish","format-standard","hentry","category-uncategorized"],"yoast_head":"<!-- This site is optimized with the Yoast SEO plugin v27.5 - https:\/\/yoast.com\/product\/yoast-seo-wordpress\/ -->\n<title>\u00bfPretende el norte de Europa colonizar al sur? (por Miguel Massanet Bosch) - La Vanguardia de Cuenca<\/title>\n<meta name=\"robots\" content=\"index, follow, max-snippet:-1, max-image-preview:large, max-video-preview:-1\" \/>\n<link rel=\"canonical\" href=\"https:\/\/lavanguardiadecuenca.es\/?p=3178\" \/>\n<meta property=\"og:locale\" content=\"es_ES\" \/>\n<meta property=\"og:type\" content=\"article\" \/>\n<meta property=\"og:title\" content=\"\u00bfPretende el norte de Europa colonizar al sur? (por Miguel Massanet Bosch) - La Vanguardia de Cuenca\" \/>\n<meta property=\"og:description\" content=\"\u00a0 Si al que lucha con el mar para no ahogarse, en lugar de tirarle un salvavidas para ayudarle a flotar, se le cuelga de las piernas un lastre de plomo, es indudable que el destino de esta persona sea perecer ahogado. Loa que somos legos en econom\u00eda y nos limitamos a contemplar, unas veces...\" \/>\n<meta property=\"og:url\" content=\"https:\/\/lavanguardiadecuenca.es\/?p=3178\" \/>\n<meta property=\"og:site_name\" content=\"La Vanguardia de Cuenca\" \/>\n<meta property=\"article:published_time\" content=\"2012-07-23T20:36:08+00:00\" \/>\n<meta name=\"author\" content=\"admin6567\" \/>\n<meta name=\"twitter:card\" content=\"summary_large_image\" \/>\n<meta name=\"twitter:label1\" content=\"Escrito por\" \/>\n\t<meta name=\"twitter:data1\" content=\"admin6567\" \/>\n\t<meta name=\"twitter:label2\" content=\"Tiempo de lectura\" \/>\n\t<meta name=\"twitter:data2\" content=\"7 minutos\" \/>\n<script type=\"application\/ld+json\" class=\"yoast-schema-graph\">{\"@context\":\"https:\\\/\\\/schema.org\",\"@graph\":[{\"@type\":\"Article\",\"@id\":\"https:\\\/\\\/lavanguardiadecuenca.es\\\/?p=3178#article\",\"isPartOf\":{\"@id\":\"https:\\\/\\\/lavanguardiadecuenca.es\\\/?p=3178\"},\"author\":{\"name\":\"admin6567\",\"@id\":\"https:\\\/\\\/lavanguardiadecuenca.es\\\/#\\\/schema\\\/person\\\/533d101fbc2a9ecf6af26aeddcaf1abd\"},\"headline\":\"\u00bfPretende el norte de Europa colonizar al sur? (por Miguel Massanet Bosch)\",\"datePublished\":\"2012-07-23T20:36:08+00:00\",\"mainEntityOfPage\":{\"@id\":\"https:\\\/\\\/lavanguardiadecuenca.es\\\/?p=3178\"},\"wordCount\":1405,\"commentCount\":0,\"publisher\":{\"@id\":\"https:\\\/\\\/lavanguardiadecuenca.es\\\/#\\\/schema\\\/person\\\/efd3b99fe10ec3fad96a88f3ae7d092f\"},\"articleSection\":[\"Uncategorized\"],\"inLanguage\":\"es\",\"potentialAction\":[{\"@type\":\"CommentAction\",\"name\":\"Comment\",\"target\":[\"https:\\\/\\\/lavanguardiadecuenca.es\\\/?p=3178#respond\"]}]},{\"@type\":\"WebPage\",\"@id\":\"https:\\\/\\\/lavanguardiadecuenca.es\\\/?p=3178\",\"url\":\"https:\\\/\\\/lavanguardiadecuenca.es\\\/?p=3178\",\"name\":\"\u00bfPretende el norte de Europa colonizar al sur? (por Miguel Massanet Bosch) - La Vanguardia de Cuenca\",\"isPartOf\":{\"@id\":\"https:\\\/\\\/lavanguardiadecuenca.es\\\/#website\"},\"datePublished\":\"2012-07-23T20:36:08+00:00\",\"breadcrumb\":{\"@id\":\"https:\\\/\\\/lavanguardiadecuenca.es\\\/?p=3178#breadcrumb\"},\"inLanguage\":\"es\",\"potentialAction\":[{\"@type\":\"ReadAction\",\"target\":[\"https:\\\/\\\/lavanguardiadecuenca.es\\\/?p=3178\"]}]},{\"@type\":\"BreadcrumbList\",\"@id\":\"https:\\\/\\\/lavanguardiadecuenca.es\\\/?p=3178#breadcrumb\",\"itemListElement\":[{\"@type\":\"ListItem\",\"position\":1,\"name\":\"Portada\",\"item\":\"https:\\\/\\\/lavanguardiadecuenca.es\\\/\"},{\"@type\":\"ListItem\",\"position\":2,\"name\":\"\u00bfPretende el norte de Europa colonizar al sur? (por Miguel Massanet Bosch)\"}]},{\"@type\":\"WebSite\",\"@id\":\"https:\\\/\\\/lavanguardiadecuenca.es\\\/#website\",\"url\":\"https:\\\/\\\/lavanguardiadecuenca.es\\\/\",\"name\":\"La Vanguardia de Cuenca\",\"description\":\"Intereses: comunicaci\u00f3n y actualidad en general, weblogs, sociedad, pol\u00edtica\",\"publisher\":{\"@id\":\"https:\\\/\\\/lavanguardiadecuenca.es\\\/#\\\/schema\\\/person\\\/efd3b99fe10ec3fad96a88f3ae7d092f\"},\"potentialAction\":[{\"@type\":\"SearchAction\",\"target\":{\"@type\":\"EntryPoint\",\"urlTemplate\":\"https:\\\/\\\/lavanguardiadecuenca.es\\\/?s={search_term_string}\"},\"query-input\":{\"@type\":\"PropertyValueSpecification\",\"valueRequired\":true,\"valueName\":\"search_term_string\"}}],\"inLanguage\":\"es\"},{\"@type\":[\"Person\",\"Organization\"],\"@id\":\"https:\\\/\\\/lavanguardiadecuenca.es\\\/#\\\/schema\\\/person\\\/efd3b99fe10ec3fad96a88f3ae7d092f\",\"name\":\"Juan Andr\u00e9s Buedo\",\"image\":{\"@type\":\"ImageObject\",\"inLanguage\":\"es\",\"@id\":\"https:\\\/\\\/lavanguardiadecuenca.es\\\/wp-content\\\/uploads\\\/2025\\\/09\\\/6a00d8341c734753ef0278801a3634200d-250si.jpg\",\"url\":\"https:\\\/\\\/lavanguardiadecuenca.es\\\/wp-content\\\/uploads\\\/2025\\\/09\\\/6a00d8341c734753ef0278801a3634200d-250si.jpg\",\"contentUrl\":\"https:\\\/\\\/lavanguardiadecuenca.es\\\/wp-content\\\/uploads\\\/2025\\\/09\\\/6a00d8341c734753ef0278801a3634200d-250si.jpg\",\"width\":250,\"height\":250,\"caption\":\"Juan Andr\u00e9s Buedo\"},\"logo\":{\"@id\":\"https:\\\/\\\/lavanguardiadecuenca.es\\\/wp-content\\\/uploads\\\/2025\\\/09\\\/6a00d8341c734753ef0278801a3634200d-250si.jpg\"},\"sameAs\":[\"https:\\\/\\\/lavanguardiadecuenca.es\\\/\"]},{\"@type\":\"Person\",\"@id\":\"https:\\\/\\\/lavanguardiadecuenca.es\\\/#\\\/schema\\\/person\\\/533d101fbc2a9ecf6af26aeddcaf1abd\",\"name\":\"admin6567\",\"image\":{\"@type\":\"ImageObject\",\"inLanguage\":\"es\",\"@id\":\"https:\\\/\\\/secure.gravatar.com\\\/avatar\\\/79503df8b75d394ce1e22cb5293c3e8fee42d212f6de88e2d65bfaa128f73542?s=96&d=mm&r=g\",\"url\":\"https:\\\/\\\/secure.gravatar.com\\\/avatar\\\/79503df8b75d394ce1e22cb5293c3e8fee42d212f6de88e2d65bfaa128f73542?s=96&d=mm&r=g\",\"contentUrl\":\"https:\\\/\\\/secure.gravatar.com\\\/avatar\\\/79503df8b75d394ce1e22cb5293c3e8fee42d212f6de88e2d65bfaa128f73542?s=96&d=mm&r=g\",\"caption\":\"admin6567\"},\"sameAs\":[\"http:\\\/\\\/lavanguardiadecuenca.es\"],\"url\":\"https:\\\/\\\/lavanguardiadecuenca.es\\\/?author=1\"}]}<\/script>\n<!-- \/ Yoast SEO plugin. -->","yoast_head_json":{"title":"\u00bfPretende el norte de Europa colonizar al sur? (por Miguel Massanet Bosch) - La Vanguardia de Cuenca","robots":{"index":"index","follow":"follow","max-snippet":"max-snippet:-1","max-image-preview":"max-image-preview:large","max-video-preview":"max-video-preview:-1"},"canonical":"https:\/\/lavanguardiadecuenca.es\/?p=3178","og_locale":"es_ES","og_type":"article","og_title":"\u00bfPretende el norte de Europa colonizar al sur? (por Miguel Massanet Bosch) - La Vanguardia de Cuenca","og_description":"\u00a0 Si al que lucha con el mar para no ahogarse, en lugar de tirarle un salvavidas para ayudarle a flotar, se le cuelga de las piernas un lastre de plomo, es indudable que el destino de esta persona sea perecer ahogado. Loa que somos legos en econom\u00eda y nos limitamos a contemplar, unas veces...","og_url":"https:\/\/lavanguardiadecuenca.es\/?p=3178","og_site_name":"La Vanguardia de Cuenca","article_published_time":"2012-07-23T20:36:08+00:00","author":"admin6567","twitter_card":"summary_large_image","twitter_misc":{"Escrito por":"admin6567","Tiempo de lectura":"7 minutos"},"schema":{"@context":"https:\/\/schema.org","@graph":[{"@type":"Article","@id":"https:\/\/lavanguardiadecuenca.es\/?p=3178#article","isPartOf":{"@id":"https:\/\/lavanguardiadecuenca.es\/?p=3178"},"author":{"name":"admin6567","@id":"https:\/\/lavanguardiadecuenca.es\/#\/schema\/person\/533d101fbc2a9ecf6af26aeddcaf1abd"},"headline":"\u00bfPretende el norte de Europa colonizar al sur? (por Miguel Massanet Bosch)","datePublished":"2012-07-23T20:36:08+00:00","mainEntityOfPage":{"@id":"https:\/\/lavanguardiadecuenca.es\/?p=3178"},"wordCount":1405,"commentCount":0,"publisher":{"@id":"https:\/\/lavanguardiadecuenca.es\/#\/schema\/person\/efd3b99fe10ec3fad96a88f3ae7d092f"},"articleSection":["Uncategorized"],"inLanguage":"es","potentialAction":[{"@type":"CommentAction","name":"Comment","target":["https:\/\/lavanguardiadecuenca.es\/?p=3178#respond"]}]},{"@type":"WebPage","@id":"https:\/\/lavanguardiadecuenca.es\/?p=3178","url":"https:\/\/lavanguardiadecuenca.es\/?p=3178","name":"\u00bfPretende el norte de Europa colonizar al sur? (por Miguel Massanet Bosch) - La Vanguardia de Cuenca","isPartOf":{"@id":"https:\/\/lavanguardiadecuenca.es\/#website"},"datePublished":"2012-07-23T20:36:08+00:00","breadcrumb":{"@id":"https:\/\/lavanguardiadecuenca.es\/?p=3178#breadcrumb"},"inLanguage":"es","potentialAction":[{"@type":"ReadAction","target":["https:\/\/lavanguardiadecuenca.es\/?p=3178"]}]},{"@type":"BreadcrumbList","@id":"https:\/\/lavanguardiadecuenca.es\/?p=3178#breadcrumb","itemListElement":[{"@type":"ListItem","position":1,"name":"Portada","item":"https:\/\/lavanguardiadecuenca.es\/"},{"@type":"ListItem","position":2,"name":"\u00bfPretende el norte de Europa colonizar al sur? (por Miguel Massanet Bosch)"}]},{"@type":"WebSite","@id":"https:\/\/lavanguardiadecuenca.es\/#website","url":"https:\/\/lavanguardiadecuenca.es\/","name":"La Vanguardia de Cuenca","description":"Intereses: comunicaci\u00f3n y actualidad en general, weblogs, sociedad, pol\u00edtica","publisher":{"@id":"https:\/\/lavanguardiadecuenca.es\/#\/schema\/person\/efd3b99fe10ec3fad96a88f3ae7d092f"},"potentialAction":[{"@type":"SearchAction","target":{"@type":"EntryPoint","urlTemplate":"https:\/\/lavanguardiadecuenca.es\/?s={search_term_string}"},"query-input":{"@type":"PropertyValueSpecification","valueRequired":true,"valueName":"search_term_string"}}],"inLanguage":"es"},{"@type":["Person","Organization"],"@id":"https:\/\/lavanguardiadecuenca.es\/#\/schema\/person\/efd3b99fe10ec3fad96a88f3ae7d092f","name":"Juan Andr\u00e9s Buedo","image":{"@type":"ImageObject","inLanguage":"es","@id":"https:\/\/lavanguardiadecuenca.es\/wp-content\/uploads\/2025\/09\/6a00d8341c734753ef0278801a3634200d-250si.jpg","url":"https:\/\/lavanguardiadecuenca.es\/wp-content\/uploads\/2025\/09\/6a00d8341c734753ef0278801a3634200d-250si.jpg","contentUrl":"https:\/\/lavanguardiadecuenca.es\/wp-content\/uploads\/2025\/09\/6a00d8341c734753ef0278801a3634200d-250si.jpg","width":250,"height":250,"caption":"Juan Andr\u00e9s Buedo"},"logo":{"@id":"https:\/\/lavanguardiadecuenca.es\/wp-content\/uploads\/2025\/09\/6a00d8341c734753ef0278801a3634200d-250si.jpg"},"sameAs":["https:\/\/lavanguardiadecuenca.es\/"]},{"@type":"Person","@id":"https:\/\/lavanguardiadecuenca.es\/#\/schema\/person\/533d101fbc2a9ecf6af26aeddcaf1abd","name":"admin6567","image":{"@type":"ImageObject","inLanguage":"es","@id":"https:\/\/secure.gravatar.com\/avatar\/79503df8b75d394ce1e22cb5293c3e8fee42d212f6de88e2d65bfaa128f73542?s=96&d=mm&r=g","url":"https:\/\/secure.gravatar.com\/avatar\/79503df8b75d394ce1e22cb5293c3e8fee42d212f6de88e2d65bfaa128f73542?s=96&d=mm&r=g","contentUrl":"https:\/\/secure.gravatar.com\/avatar\/79503df8b75d394ce1e22cb5293c3e8fee42d212f6de88e2d65bfaa128f73542?s=96&d=mm&r=g","caption":"admin6567"},"sameAs":["http:\/\/lavanguardiadecuenca.es"],"url":"https:\/\/lavanguardiadecuenca.es\/?author=1"}]}},"_links":{"self":[{"href":"https:\/\/lavanguardiadecuenca.es\/index.php?rest_route=\/wp\/v2\/posts\/3178","targetHints":{"allow":["GET"]}}],"collection":[{"href":"https:\/\/lavanguardiadecuenca.es\/index.php?rest_route=\/wp\/v2\/posts"}],"about":[{"href":"https:\/\/lavanguardiadecuenca.es\/index.php?rest_route=\/wp\/v2\/types\/post"}],"author":[{"embeddable":true,"href":"https:\/\/lavanguardiadecuenca.es\/index.php?rest_route=\/wp\/v2\/users\/1"}],"replies":[{"embeddable":true,"href":"https:\/\/lavanguardiadecuenca.es\/index.php?rest_route=%2Fwp%2Fv2%2Fcomments&post=3178"}],"version-history":[{"count":0,"href":"https:\/\/lavanguardiadecuenca.es\/index.php?rest_route=\/wp\/v2\/posts\/3178\/revisions"}],"wp:attachment":[{"href":"https:\/\/lavanguardiadecuenca.es\/index.php?rest_route=%2Fwp%2Fv2%2Fmedia&parent=3178"}],"wp:term":[{"taxonomy":"category","embeddable":true,"href":"https:\/\/lavanguardiadecuenca.es\/index.php?rest_route=%2Fwp%2Fv2%2Fcategories&post=3178"},{"taxonomy":"post_tag","embeddable":true,"href":"https:\/\/lavanguardiadecuenca.es\/index.php?rest_route=%2Fwp%2Fv2%2Ftags&post=3178"}],"curies":[{"name":"wp","href":"https:\/\/api.w.org\/{rel}","templated":true}]}}