{"id":3159,"date":"2012-07-29T19:58:27","date_gmt":"2012-07-29T19:58:27","guid":{"rendered":"https:\/\/lavanguardiadecuenca.es\/?p=3159"},"modified":"2012-07-29T19:58:27","modified_gmt":"2012-07-29T19:58:27","slug":"que-se-proponen-quienes-atizan-el-fuego-en-contra-de-espana-por-miguel-massanet-bosch","status":"publish","type":"post","link":"https:\/\/lavanguardiadecuenca.es\/?p=3159","title":{"rendered":"\u00bfQu\u00e9 se proponen quienes atizan el fuego en contra de Espa\u00f1a? (por Miguel Massanet Bosch)"},"content":{"rendered":"<p style=\"text-align: justify\">\n\u00a0<\/p>\n<p style=\"text-align: justify\"><span style=\"font-family:Arial; font-size:10pt\">Se dice de los antiguos romanos que, a pesar de su avanzada civilizaci\u00f3n y de su amplia cultura eran, sin embargo, muy supersticiosos y, por ello, ante de emprender una empresa, sol\u00edan consultar a los augures para que les informaran sobre las posibilidades de \u00e9xito o de fracaso de aquello que intentaban llevar a cabo. Uno de los procedimientos de adivinaci\u00f3n del porvenir que usaban aquellos magos, era observar el vuelo de los p\u00e1jaros, del que sacaban las conclusiones que los orientaban en su dictamen. De ah\u00ed sali\u00f3 la conocida frase de \u00ab<em>p\u00e1jaro de mal ag\u00fcero<\/em>\u00ab, que con tanta frecuencia se aplica para calificar a aquellos que nos amargan la existencia con sus pron\u00f3sticos pesimistas o con sus advertencias deprimentes a cerca de lo que nos espera en el futuro. Parece que, para Espa\u00f1a, resultan gafes, en aquellas ocasiones en las que aparece alg\u00fan dato que pueda ayudarla a mejorar su situaci\u00f3n, aquellas manifestaciones de los organismos reguladores que tienen relaci\u00f3n con las finanzas mundiales, que dan la sensaci\u00f3n de estar agazapados en espera de que alg\u00fan factor nos sea favorable para saltarnos a la yugular, con nuevas malas noticias que saben que nos van a perjudicar de nuevo.<br \/>\n<\/span><\/p>\n<p style=\"text-align: justify\"><span style=\"font-family:Arial; font-size:10pt\">Si las agencias de calificaci\u00f3n de la deuda ya han demostrado que pueden hacernos cisco, cuando lo estimen oportuno, atacando nuestra credibilidad ante los presuntos inversores en nuestra deuda; cosa que ya han llevado a cabo en varias ocasiones; no ha actuado con m\u00e1s diplomacia el BCE cuando, sin comerlo ni beberlo, se apresur\u00f3 a desautorizar los acuerdos de Roma, que hac\u00edan presumir una relajaci\u00f3n de la rigidez que ven\u00eda manteniendo, neg\u00e1ndose, categ\u00f3ricamente, a comprar deuda a trav\u00e9s del mercado secundario. Su presidente, el se\u00f1or Mario Draghi, cortaba por lo sano cualquier esperanza de refinanciaci\u00f3n a trav\u00e9s de dicha instituci\u00f3n, al afirmar, al d\u00eda siguiente del Congreso, que el \u00ab<em>BCE no estaba para solucionar los problemas de las naciones<\/em>\u00ab; unas imprudentes declaraciones que dieron por resultado el que, nuestra prima de riesgo, se situase por encima de los 650 puntos b\u00e1sicos, batiendo records y obligando a recompensar nuestra deuda con intereses que superaron el 7&#8217;53%, lo que nos coloc\u00f3 en una situaci\u00f3n pr\u00e1cticamente insostenible, al borde de la bancarrota.<br \/>\n<\/span><\/p>\n<p style=\"text-align: justify\"><span style=\"font-family:Arial; font-size:10pt\">Pero es que, una vez m\u00e1s, cuando el propio se\u00f1or Draghi parec\u00eda que, despu\u00e9s de la actividad fren\u00e9tica de nuestro se\u00f1or De Guindos, tanto en Bruselas como en Alemania y en Francia y las conversaciones telef\u00f3nicas del se\u00f1or Rajoy con sus hom\u00f3logos europeos, se vislumbraba una salida al conflicto; cuando, el propio se\u00f1or Mario Draghi, hace un par de d\u00edas, abr\u00eda una ventana a la esperanza afirmando que har\u00eda lo preciso para salvar al euro; una vez m\u00e1s, los hados de la desgracia se han vuelto a abatir sobre nuestro pa\u00eds; esta vez por medio de el FMI, de la se\u00f1ora Lagarde, que ha decidido volver a ponernos a prueba, con unas previsiones de desarrollo para Espa\u00f1a, que tiran para abajo las m\u00e1s pesimistas predicciones que, tanto el mismo fondo, como el BCE y Bruselas, hab\u00edan dado a conocer sobre nuestras posibilidades futuras de crecimiento.<br \/>\n<\/span><\/p>\n<p style=\"text-align: justify\"><span style=\"font-family:Arial; font-size:10pt\">En este caso, uno que ha seguido un poco el desarrollo de los acontecimientos, no tiene m\u00e1s remedio que recordarle al FMI y a su presidenta la se\u00f1ora Lagarde, que fueron precisamente ellos ( algo que han tenido que admitir) los que, juntamente con las instituciones de la UE, nos \u00abobligaron\u00bb a que se tomaran las duras medidas de ajuste que, en contra de su voluntad y obligado por las circunstancia y el enorme agujero que nos dejaron el se\u00f1or Rodriguez Zapatero y los socialistas; tuvo que poner en pr\u00e1ctica el se\u00f1or Rajoy, precisamente para conseguir que Europa nos diera una mano. Deberemos pues, poner en cuesti\u00f3n los estudios realizados por el FMI, si nos atenemos a que, lo mismo que hace unos meses se nos recomend\u00f3 hacer, cuando se ha puesto en funcionamiento resulta que, para ellos, est\u00e1 dando unos resultados contrarios a los que ellos mismo previeron. \u00bfQu\u00e9 autoridad se les puede conceder, a unos presuntos t\u00e9cnicos en la materia, que hacen unas recomendaciones que, al par de meses de hacerlas, resultan estar equivocadas?, \u00bf C\u00f3mo podemos fiarnos ahora de que, los estudios que nos pronostican tan endeble futuro no van a resultar, una vez m\u00e1s, fruto de un equipo de analistas que, no se sabe si intencionadamente o por incompetencia, es incapaz de acertar lo que ocurrir\u00e1 en dos meses y pretende que nos creamos lo que prev\u00e9 tendr\u00e1 lugar el lejano a\u00f1o 2014?<br \/>\n<\/span><\/p>\n<p style=\"text-align: justify\"><span style=\"font-family:Arial; font-size:10pt\">Ya son demasiadas las veces que alguna de las instituciones relacionadas con la Eurozona o con las finanzas europeas aparece, en el momento m\u00e1s cr\u00edtico, para asestarnos una pu\u00f1alada trapera por medio de informes, previsiones o desmentidos emitidos y dados a la publicidad cuando parec\u00eda que, Espa\u00f1a, estaba en condiciones de experimentar un ligero alivio en su situaci\u00f3n econ\u00f3mica y financiera. Para el espa\u00f1ol de a pie, para el ciudadano que, cada d\u00eda, se ve sometido a nuevos recortes, que se esfuerza en colaborar con el Gobierno aunque ello le suponga renunciar a una parte importante de su nivel de vida, no puede dejar de causarle estupor y rabia que, sin saber a quien atribuir esta falta de sincronizaci\u00f3n o, a\u00fan peor, esta posible coordinaci\u00f3n de ir alternando malas noticias con buenas, para que as\u00ed la especulaci\u00f3n en las bolsas sea un negocio cada vez m\u00e1s rentable para quienes viven y se hacen ricos con estas pr\u00e1cticas, sin tener en cuenta que, con ello, con estas pr\u00e1cticas fraudulentas que parece que pasan inadvertidas por los organismos de control internacionales; lo \u00fanico que se consigue es atentar contra el bienestar de los ciudadanos, aumentar la miseria de los menos favorecidos, prolongar y poner en cuesti\u00f3n las posibilidades de crecimiento del pa\u00eds y mantener e, incluso, aumentar a casi 5.7 millones de parados que, cada vez, tienen que sobrevivir en peores condiciones.<br \/>\n<\/span><\/p>\n<p style=\"text-align: justify\"><span style=\"font-family:Arial; font-size:10pt\">Europa debiera tener en cuenta que nada hay que m\u00e1s le pueda perjudicar que crear un foco de inestabilidad pol\u00edtica en el sur de Europa. Ya lo est\u00e1n consiguiendo con Grecia<br \/>\n<\/span><\/p>\n<p style=\"text-align: justify\"><span style=\"font-family:Arial; font-size:10pt\">( un tema en el que, otra vez, han quedado a la vista las incongruencias de Bruselas y sus errores de bulto al valorar la situaci\u00f3n de dicho pa\u00eds y la evidencia de que han sido incapaces de controlar los miles de millones que han invertido en su rescate). Si Espa\u00f1a cae o se le exige demasiado es muy posible que la situaci\u00f3n social del pa\u00eds llegue a ser insostenible y ello, sin duda, va a favorecer a las izquierdas m\u00e1s radicales, que est\u00e1n esperando la ocasi\u00f3n de ocupar las calles y larvar una revoluci\u00f3n que se podr\u00eda incrementar, si Italia, como es muy posible que ocurriera, siguiera el mismo camino de Espa\u00f1a y no pudiera atender los vencimientos de deuda, importantes vencimientos a punto de producirse, que le ser\u00eda imposible atender sin ayuda europea.<br \/>\n<\/span><\/p>\n<p><span style=\"font-family:Arial; font-size:10pt\">Grecia, Espa\u00f1a, Italia y, seguramente, Portugal, puede que fuera un alivio para Alemania, Holanda, Finlandia y otros pa\u00edses n\u00f3rdicos si salieran del euro y se constituyeran en pa\u00edses de segundo orden, sometidos a las grande potencias pero, nadie debe olvidar que, un grupo de naciones en las que pudieran darse movimientos, como han tenido lugar en algunos pa\u00edses sudamericanos, con reg\u00edmenes filocomunistas y regidos por posibles dictadores, al estilo del se\u00f1or Hugo Ch\u00e1vez, es algo que, sin duda, no ser\u00eda del agrado para Francia, Alemania y las otras potencias cuando, por otra parte, dentro de esos mismo pa\u00edses ya tienen el germen, en partidos que empiezan a cuestionar las medidas de sus gobiernos. O esa es, se\u00f1ores, mi visi\u00f3n de esta Europa en ebullici\u00f3n.<br \/>\n<\/span><\/p>\n<p style=\"margin-left: 36pt\"><span style=\"color:#1f497d; font-family:Arial; font-size:10pt\"><strong>Miguel Massanet Bosch<\/strong><\/span><\/p>\n","protected":false},"excerpt":{"rendered":"<p>\u00a0 Se dice de los antiguos romanos que, a pesar de su avanzada civilizaci\u00f3n y de su amplia cultura eran, sin embargo, muy supersticiosos y, por ello, ante de emprender una empresa, sol\u00edan consultar a los augures para que les informaran sobre las posibilidades de \u00e9xito o de fracaso de aquello que intentaban llevar a&#8230;<\/p>\n","protected":false},"author":1,"featured_media":0,"comment_status":"open","ping_status":"open","sticky":false,"template":"","format":"standard","meta":{"rop_custom_images_group":[],"rop_custom_messages_group":[],"rop_publish_now":"initial","rop_publish_now_accounts":[],"rop_publish_now_history":[],"rop_publish_now_status":"pending","footnotes":""},"categories":[1],"tags":[],"class_list":["post-3159","post","type-post","status-publish","format-standard","hentry","category-uncategorized"],"yoast_head":"<!-- This site is optimized with the Yoast SEO plugin v27.5 - https:\/\/yoast.com\/product\/yoast-seo-wordpress\/ -->\n<title>\u00bfQu\u00e9 se proponen quienes atizan el fuego en contra de Espa\u00f1a? (por Miguel Massanet Bosch) - La Vanguardia de Cuenca<\/title>\n<meta name=\"robots\" content=\"index, follow, max-snippet:-1, max-image-preview:large, max-video-preview:-1\" \/>\n<link rel=\"canonical\" href=\"https:\/\/lavanguardiadecuenca.es\/?p=3159\" \/>\n<meta property=\"og:locale\" content=\"es_ES\" \/>\n<meta property=\"og:type\" content=\"article\" \/>\n<meta property=\"og:title\" content=\"\u00bfQu\u00e9 se proponen quienes atizan el fuego en contra de Espa\u00f1a? (por Miguel Massanet Bosch) - La Vanguardia de Cuenca\" \/>\n<meta property=\"og:description\" content=\"\u00a0 Se dice de los antiguos romanos que, a pesar de su avanzada civilizaci\u00f3n y de su amplia cultura eran, sin embargo, muy supersticiosos y, por ello, ante de emprender una empresa, sol\u00edan consultar a los augures para que les informaran sobre las posibilidades de \u00e9xito o de fracaso de aquello que intentaban llevar a...\" \/>\n<meta property=\"og:url\" content=\"https:\/\/lavanguardiadecuenca.es\/?p=3159\" \/>\n<meta property=\"og:site_name\" content=\"La Vanguardia de Cuenca\" \/>\n<meta property=\"article:published_time\" content=\"2012-07-29T19:58:27+00:00\" \/>\n<meta name=\"author\" content=\"admin6567\" \/>\n<meta name=\"twitter:card\" content=\"summary_large_image\" \/>\n<meta name=\"twitter:label1\" content=\"Escrito por\" \/>\n\t<meta name=\"twitter:data1\" content=\"admin6567\" \/>\n\t<meta name=\"twitter:label2\" content=\"Tiempo de lectura\" \/>\n\t<meta name=\"twitter:data2\" content=\"7 minutos\" \/>\n<script type=\"application\/ld+json\" class=\"yoast-schema-graph\">{\"@context\":\"https:\\\/\\\/schema.org\",\"@graph\":[{\"@type\":\"Article\",\"@id\":\"https:\\\/\\\/lavanguardiadecuenca.es\\\/?p=3159#article\",\"isPartOf\":{\"@id\":\"https:\\\/\\\/lavanguardiadecuenca.es\\\/?p=3159\"},\"author\":{\"name\":\"admin6567\",\"@id\":\"https:\\\/\\\/lavanguardiadecuenca.es\\\/#\\\/schema\\\/person\\\/533d101fbc2a9ecf6af26aeddcaf1abd\"},\"headline\":\"\u00bfQu\u00e9 se proponen quienes atizan el fuego en contra de Espa\u00f1a? (por Miguel Massanet Bosch)\",\"datePublished\":\"2012-07-29T19:58:27+00:00\",\"mainEntityOfPage\":{\"@id\":\"https:\\\/\\\/lavanguardiadecuenca.es\\\/?p=3159\"},\"wordCount\":1387,\"commentCount\":0,\"publisher\":{\"@id\":\"https:\\\/\\\/lavanguardiadecuenca.es\\\/#\\\/schema\\\/person\\\/efd3b99fe10ec3fad96a88f3ae7d092f\"},\"articleSection\":[\"Uncategorized\"],\"inLanguage\":\"es\",\"potentialAction\":[{\"@type\":\"CommentAction\",\"name\":\"Comment\",\"target\":[\"https:\\\/\\\/lavanguardiadecuenca.es\\\/?p=3159#respond\"]}]},{\"@type\":\"WebPage\",\"@id\":\"https:\\\/\\\/lavanguardiadecuenca.es\\\/?p=3159\",\"url\":\"https:\\\/\\\/lavanguardiadecuenca.es\\\/?p=3159\",\"name\":\"\u00bfQu\u00e9 se proponen quienes atizan el fuego en contra de Espa\u00f1a? (por Miguel Massanet Bosch) - La Vanguardia de Cuenca\",\"isPartOf\":{\"@id\":\"https:\\\/\\\/lavanguardiadecuenca.es\\\/#website\"},\"datePublished\":\"2012-07-29T19:58:27+00:00\",\"breadcrumb\":{\"@id\":\"https:\\\/\\\/lavanguardiadecuenca.es\\\/?p=3159#breadcrumb\"},\"inLanguage\":\"es\",\"potentialAction\":[{\"@type\":\"ReadAction\",\"target\":[\"https:\\\/\\\/lavanguardiadecuenca.es\\\/?p=3159\"]}]},{\"@type\":\"BreadcrumbList\",\"@id\":\"https:\\\/\\\/lavanguardiadecuenca.es\\\/?p=3159#breadcrumb\",\"itemListElement\":[{\"@type\":\"ListItem\",\"position\":1,\"name\":\"Portada\",\"item\":\"https:\\\/\\\/lavanguardiadecuenca.es\\\/\"},{\"@type\":\"ListItem\",\"position\":2,\"name\":\"\u00bfQu\u00e9 se proponen quienes atizan el fuego en contra de Espa\u00f1a? (por Miguel Massanet Bosch)\"}]},{\"@type\":\"WebSite\",\"@id\":\"https:\\\/\\\/lavanguardiadecuenca.es\\\/#website\",\"url\":\"https:\\\/\\\/lavanguardiadecuenca.es\\\/\",\"name\":\"La Vanguardia de Cuenca\",\"description\":\"Intereses: comunicaci\u00f3n y actualidad en general, weblogs, sociedad, pol\u00edtica\",\"publisher\":{\"@id\":\"https:\\\/\\\/lavanguardiadecuenca.es\\\/#\\\/schema\\\/person\\\/efd3b99fe10ec3fad96a88f3ae7d092f\"},\"potentialAction\":[{\"@type\":\"SearchAction\",\"target\":{\"@type\":\"EntryPoint\",\"urlTemplate\":\"https:\\\/\\\/lavanguardiadecuenca.es\\\/?s={search_term_string}\"},\"query-input\":{\"@type\":\"PropertyValueSpecification\",\"valueRequired\":true,\"valueName\":\"search_term_string\"}}],\"inLanguage\":\"es\"},{\"@type\":[\"Person\",\"Organization\"],\"@id\":\"https:\\\/\\\/lavanguardiadecuenca.es\\\/#\\\/schema\\\/person\\\/efd3b99fe10ec3fad96a88f3ae7d092f\",\"name\":\"Juan Andr\u00e9s Buedo\",\"image\":{\"@type\":\"ImageObject\",\"inLanguage\":\"es\",\"@id\":\"https:\\\/\\\/lavanguardiadecuenca.es\\\/wp-content\\\/uploads\\\/2025\\\/09\\\/6a00d8341c734753ef0278801a3634200d-250si.jpg\",\"url\":\"https:\\\/\\\/lavanguardiadecuenca.es\\\/wp-content\\\/uploads\\\/2025\\\/09\\\/6a00d8341c734753ef0278801a3634200d-250si.jpg\",\"contentUrl\":\"https:\\\/\\\/lavanguardiadecuenca.es\\\/wp-content\\\/uploads\\\/2025\\\/09\\\/6a00d8341c734753ef0278801a3634200d-250si.jpg\",\"width\":250,\"height\":250,\"caption\":\"Juan Andr\u00e9s Buedo\"},\"logo\":{\"@id\":\"https:\\\/\\\/lavanguardiadecuenca.es\\\/wp-content\\\/uploads\\\/2025\\\/09\\\/6a00d8341c734753ef0278801a3634200d-250si.jpg\"},\"sameAs\":[\"https:\\\/\\\/lavanguardiadecuenca.es\\\/\"]},{\"@type\":\"Person\",\"@id\":\"https:\\\/\\\/lavanguardiadecuenca.es\\\/#\\\/schema\\\/person\\\/533d101fbc2a9ecf6af26aeddcaf1abd\",\"name\":\"admin6567\",\"image\":{\"@type\":\"ImageObject\",\"inLanguage\":\"es\",\"@id\":\"https:\\\/\\\/secure.gravatar.com\\\/avatar\\\/79503df8b75d394ce1e22cb5293c3e8fee42d212f6de88e2d65bfaa128f73542?s=96&d=mm&r=g\",\"url\":\"https:\\\/\\\/secure.gravatar.com\\\/avatar\\\/79503df8b75d394ce1e22cb5293c3e8fee42d212f6de88e2d65bfaa128f73542?s=96&d=mm&r=g\",\"contentUrl\":\"https:\\\/\\\/secure.gravatar.com\\\/avatar\\\/79503df8b75d394ce1e22cb5293c3e8fee42d212f6de88e2d65bfaa128f73542?s=96&d=mm&r=g\",\"caption\":\"admin6567\"},\"sameAs\":[\"http:\\\/\\\/lavanguardiadecuenca.es\"],\"url\":\"https:\\\/\\\/lavanguardiadecuenca.es\\\/?author=1\"}]}<\/script>\n<!-- \/ Yoast SEO plugin. -->","yoast_head_json":{"title":"\u00bfQu\u00e9 se proponen quienes atizan el fuego en contra de Espa\u00f1a? (por Miguel Massanet Bosch) - La Vanguardia de Cuenca","robots":{"index":"index","follow":"follow","max-snippet":"max-snippet:-1","max-image-preview":"max-image-preview:large","max-video-preview":"max-video-preview:-1"},"canonical":"https:\/\/lavanguardiadecuenca.es\/?p=3159","og_locale":"es_ES","og_type":"article","og_title":"\u00bfQu\u00e9 se proponen quienes atizan el fuego en contra de Espa\u00f1a? (por Miguel Massanet Bosch) - La Vanguardia de Cuenca","og_description":"\u00a0 Se dice de los antiguos romanos que, a pesar de su avanzada civilizaci\u00f3n y de su amplia cultura eran, sin embargo, muy supersticiosos y, por ello, ante de emprender una empresa, sol\u00edan consultar a los augures para que les informaran sobre las posibilidades de \u00e9xito o de fracaso de aquello que intentaban llevar a...","og_url":"https:\/\/lavanguardiadecuenca.es\/?p=3159","og_site_name":"La Vanguardia de Cuenca","article_published_time":"2012-07-29T19:58:27+00:00","author":"admin6567","twitter_card":"summary_large_image","twitter_misc":{"Escrito por":"admin6567","Tiempo de lectura":"7 minutos"},"schema":{"@context":"https:\/\/schema.org","@graph":[{"@type":"Article","@id":"https:\/\/lavanguardiadecuenca.es\/?p=3159#article","isPartOf":{"@id":"https:\/\/lavanguardiadecuenca.es\/?p=3159"},"author":{"name":"admin6567","@id":"https:\/\/lavanguardiadecuenca.es\/#\/schema\/person\/533d101fbc2a9ecf6af26aeddcaf1abd"},"headline":"\u00bfQu\u00e9 se proponen quienes atizan el fuego en contra de Espa\u00f1a? (por Miguel Massanet Bosch)","datePublished":"2012-07-29T19:58:27+00:00","mainEntityOfPage":{"@id":"https:\/\/lavanguardiadecuenca.es\/?p=3159"},"wordCount":1387,"commentCount":0,"publisher":{"@id":"https:\/\/lavanguardiadecuenca.es\/#\/schema\/person\/efd3b99fe10ec3fad96a88f3ae7d092f"},"articleSection":["Uncategorized"],"inLanguage":"es","potentialAction":[{"@type":"CommentAction","name":"Comment","target":["https:\/\/lavanguardiadecuenca.es\/?p=3159#respond"]}]},{"@type":"WebPage","@id":"https:\/\/lavanguardiadecuenca.es\/?p=3159","url":"https:\/\/lavanguardiadecuenca.es\/?p=3159","name":"\u00bfQu\u00e9 se proponen quienes atizan el fuego en contra de Espa\u00f1a? (por Miguel Massanet Bosch) - La Vanguardia de Cuenca","isPartOf":{"@id":"https:\/\/lavanguardiadecuenca.es\/#website"},"datePublished":"2012-07-29T19:58:27+00:00","breadcrumb":{"@id":"https:\/\/lavanguardiadecuenca.es\/?p=3159#breadcrumb"},"inLanguage":"es","potentialAction":[{"@type":"ReadAction","target":["https:\/\/lavanguardiadecuenca.es\/?p=3159"]}]},{"@type":"BreadcrumbList","@id":"https:\/\/lavanguardiadecuenca.es\/?p=3159#breadcrumb","itemListElement":[{"@type":"ListItem","position":1,"name":"Portada","item":"https:\/\/lavanguardiadecuenca.es\/"},{"@type":"ListItem","position":2,"name":"\u00bfQu\u00e9 se proponen quienes atizan el fuego en contra de Espa\u00f1a? (por Miguel Massanet Bosch)"}]},{"@type":"WebSite","@id":"https:\/\/lavanguardiadecuenca.es\/#website","url":"https:\/\/lavanguardiadecuenca.es\/","name":"La Vanguardia de Cuenca","description":"Intereses: comunicaci\u00f3n y actualidad en general, weblogs, sociedad, pol\u00edtica","publisher":{"@id":"https:\/\/lavanguardiadecuenca.es\/#\/schema\/person\/efd3b99fe10ec3fad96a88f3ae7d092f"},"potentialAction":[{"@type":"SearchAction","target":{"@type":"EntryPoint","urlTemplate":"https:\/\/lavanguardiadecuenca.es\/?s={search_term_string}"},"query-input":{"@type":"PropertyValueSpecification","valueRequired":true,"valueName":"search_term_string"}}],"inLanguage":"es"},{"@type":["Person","Organization"],"@id":"https:\/\/lavanguardiadecuenca.es\/#\/schema\/person\/efd3b99fe10ec3fad96a88f3ae7d092f","name":"Juan Andr\u00e9s Buedo","image":{"@type":"ImageObject","inLanguage":"es","@id":"https:\/\/lavanguardiadecuenca.es\/wp-content\/uploads\/2025\/09\/6a00d8341c734753ef0278801a3634200d-250si.jpg","url":"https:\/\/lavanguardiadecuenca.es\/wp-content\/uploads\/2025\/09\/6a00d8341c734753ef0278801a3634200d-250si.jpg","contentUrl":"https:\/\/lavanguardiadecuenca.es\/wp-content\/uploads\/2025\/09\/6a00d8341c734753ef0278801a3634200d-250si.jpg","width":250,"height":250,"caption":"Juan Andr\u00e9s Buedo"},"logo":{"@id":"https:\/\/lavanguardiadecuenca.es\/wp-content\/uploads\/2025\/09\/6a00d8341c734753ef0278801a3634200d-250si.jpg"},"sameAs":["https:\/\/lavanguardiadecuenca.es\/"]},{"@type":"Person","@id":"https:\/\/lavanguardiadecuenca.es\/#\/schema\/person\/533d101fbc2a9ecf6af26aeddcaf1abd","name":"admin6567","image":{"@type":"ImageObject","inLanguage":"es","@id":"https:\/\/secure.gravatar.com\/avatar\/79503df8b75d394ce1e22cb5293c3e8fee42d212f6de88e2d65bfaa128f73542?s=96&d=mm&r=g","url":"https:\/\/secure.gravatar.com\/avatar\/79503df8b75d394ce1e22cb5293c3e8fee42d212f6de88e2d65bfaa128f73542?s=96&d=mm&r=g","contentUrl":"https:\/\/secure.gravatar.com\/avatar\/79503df8b75d394ce1e22cb5293c3e8fee42d212f6de88e2d65bfaa128f73542?s=96&d=mm&r=g","caption":"admin6567"},"sameAs":["http:\/\/lavanguardiadecuenca.es"],"url":"https:\/\/lavanguardiadecuenca.es\/?author=1"}]}},"_links":{"self":[{"href":"https:\/\/lavanguardiadecuenca.es\/index.php?rest_route=\/wp\/v2\/posts\/3159","targetHints":{"allow":["GET"]}}],"collection":[{"href":"https:\/\/lavanguardiadecuenca.es\/index.php?rest_route=\/wp\/v2\/posts"}],"about":[{"href":"https:\/\/lavanguardiadecuenca.es\/index.php?rest_route=\/wp\/v2\/types\/post"}],"author":[{"embeddable":true,"href":"https:\/\/lavanguardiadecuenca.es\/index.php?rest_route=\/wp\/v2\/users\/1"}],"replies":[{"embeddable":true,"href":"https:\/\/lavanguardiadecuenca.es\/index.php?rest_route=%2Fwp%2Fv2%2Fcomments&post=3159"}],"version-history":[{"count":0,"href":"https:\/\/lavanguardiadecuenca.es\/index.php?rest_route=\/wp\/v2\/posts\/3159\/revisions"}],"wp:attachment":[{"href":"https:\/\/lavanguardiadecuenca.es\/index.php?rest_route=%2Fwp%2Fv2%2Fmedia&parent=3159"}],"wp:term":[{"taxonomy":"category","embeddable":true,"href":"https:\/\/lavanguardiadecuenca.es\/index.php?rest_route=%2Fwp%2Fv2%2Fcategories&post=3159"},{"taxonomy":"post_tag","embeddable":true,"href":"https:\/\/lavanguardiadecuenca.es\/index.php?rest_route=%2Fwp%2Fv2%2Ftags&post=3159"}],"curies":[{"name":"wp","href":"https:\/\/api.w.org\/{rel}","templated":true}]}}