{"id":3083,"date":"2012-09-14T21:58:39","date_gmt":"2012-09-14T21:58:39","guid":{"rendered":"https:\/\/lavanguardiadecuenca.es\/?p=3083"},"modified":"2012-09-14T21:58:39","modified_gmt":"2012-09-14T21:58:39","slug":"artur-mas-abre-la-caja-de-los-truenos-por-miguel-massanet-bosch","status":"publish","type":"post","link":"https:\/\/lavanguardiadecuenca.es\/?p=3083","title":{"rendered":"Artur Mas abre la caja de los truenos (por Miguel Massanet Bosch)"},"content":{"rendered":"<p style=\"text-align: justify\">\n\u00a0<\/p>\n<p style=\"text-align: justify\"><span style=\"font-family:Arial; font-size:10pt\">Alguien se refiri\u00f3 a la irresponsabilidad de la siguiente forma: \u00ab<em>La irresponsabilidad se debe confrontar con decisiones fuertes he indeseables\u00bb.<\/em> A las alturas del siglo XXI parecer\u00eda que, aquel episodio b\u00edblico de David y Goliat, debiera de estar superado debido a que, si en aquella ocasi\u00f3n son\u00f3 la flauta por casualidad y David consigui\u00f3 vencer al gigante Goliat las estad\u00edsticas, la realidad cotidiana y las experiencias personales nos han ense\u00f1ado a todos que no es una buena t\u00e1ctica enfrentarse con aquel que nos supera en fuerza, inteligencia, poder o influencia, si no es que disponemos de alguna arma lo suficientemente poderosa para contrarrestar aquellas cualidades. Y es que uno, como simple ciudadano de a pie, se tiene que frotar los ojos, como aquel que despierta de un sue\u00f1o, para conseguir entender como, un simple presidente de una de las 17 autonom\u00edas que, en mala hora, tenemos en Espa\u00f1a, se comporta como si en sus manos tuviera el destino de toda Espa\u00f1a, pudiera imponer al resto de espa\u00f1oles sus teor\u00edas y tuviera la capacidad de modificar la Constituci\u00f3n, contando para ello con s\u00f3lo el argumento de haber conseguido sacar a la calle a un grupo de ciudadanos que, en comparaci\u00f3n con los 47 millones de habitantes de nuestra naci\u00f3n, no es m\u00e1s que un escupitajo en un oc\u00e9ano.<br \/>\n<\/span><\/p>\n<p style=\"text-align: justify\"><span style=\"font-family:Arial; font-size:10pt\">El se\u00f1or Mas, no s\u00f3lo se ha erigido en el cabecilla de la teor\u00eda independentista que sustentan algunos de los m\u00e1s exaltados catalanes, sino que, por a\u00f1adidura, se ha trasladado a Madrid para hacer saber a los madrile\u00f1os, al Gobierno espa\u00f1ol y a las Cortes que, el solo o en compa\u00f1\u00eda de sus filibusteros, va a doblegar a Espa\u00f1a y le va a obligar a morder el polvo, aceptando que Catalu\u00f1a se separe de la patria, sino que lo va a hacer a su modo, sin que le importe un \u00e1pice el que el resto del pa\u00eds no pueda estar de acuerdo con sus planes. Lo curioso ha sido que, durante la conferencia pronunciada en Madrid por el se\u00f1or <em>President de la Generalitat<\/em> \u2013 una conferencia a la que no asisti\u00f3 ning\u00fan miembro del Gobierno y s\u00ed, nos gustar\u00eda saber por qu\u00e9, el se\u00f1or Spottorno, jefe de la Casa del Rey lo hizo, \u00bfacaso la familia real se quiere congraciar con Catalunya por la pifia del se\u00f1or Urdangar\u00edn? \u2013, se tuvieron que escuchar del se\u00f1or Mas argumentos, afirmaciones y exposiciones que, seguramente, si en Espa\u00f1a cont\u00e1ramos con un verdadero Estado de Derecho y no con una legislaci\u00f3n acomodaticia y flexible seg\u00fan convenga al momento ( sic se\u00f1or  Fern\u00e1ndez Bermejo), que parece que sigue vigente, a\u00fan despu\u00e9s de la derrota socialista; es muy posible que, el fiscal General del reino, hubiera ordenado abrir expediente al se\u00f1or Mas por delito de incitaci\u00f3n a la rebeli\u00f3n y atentar contra la Constituci\u00f3n, en lo que hace referencia a la unidad de Espa\u00f1a.<br \/>\n<\/span><\/p>\n<p style=\"text-align: justify\"><span style=\"font-family:Arial; font-size:10pt\">No ha sido as\u00ed y, sorprendentemente, hemos visto como el Gobierno ha preferido hacerse el tonto ( a veces hasta parece que lo es) y ha salido del trance con meros comentarios, m\u00e1s o menos evasivos, como el de la se\u00f1ora vicepresidenta, S\u00e1ez de Santamar\u00eda, que contest\u00f3 a quienes la interrogaban diciendo que no eran momentos para ocuparse de estas cosas ( \u00bfnimiedades, se\u00f1ora S\u00e1ez?) y que lo que importaba era sacar a Espa\u00f1a de la grave situaci\u00f3n en la que se encuentra por sus problemas de deuda. De acuerdo, pero \u00bfacaso el Gobierno no considera que, lo que est\u00e1 ocurriendo en Catalunya, esta manifestaci\u00f3n por la independencia, las bravatas de los dirigentes de todas las fuerzas pol\u00edticas, excepto el PP, incitando a la rebeli\u00f3n contra Espa\u00f1a y sus leyes, no requiere una respuesta inmediata para hacer entender, al se\u00f1or Mas y los suyos, que el suelo catal\u00e1n no es m\u00e1s que una parte importante de la naci\u00f3n espa\u00f1ola?<br \/>\n<\/span><\/p>\n<p style=\"text-align: justify\"><span style=\"font-family:Arial; font-size:10pt\">Vamos a ver, \u00bfc\u00f3mo se entiende que, en la referida conferencia, se escuchara tranquilamente como, un engre\u00eddo y melifluo, se\u00f1or Mas hablaba de \u00ab<em>Catalunya necesita un  Estado y, si no hay acuerdo, refer\u00e9ndum<\/em>\u00bb o \u00ab\u00bf<em>C\u00f3mo se sabe si un pueblo es naci\u00f3n? Votemos y veremos cu\u00e1l es la mayor\u00eda<\/em>\u00bb o \u00ab<em>El proceso de transici\u00f3n est\u00e1 en marcha\u2026 quiz\u00e1 trat\u00e1ndonos de t\u00fa a t\u00fa la relaci\u00f3n las relaciones mejoran y alcanzaremos una buena vecindad\u00bb<\/em>? El se\u00f1or M\u00e1s ejerci\u00f3 de Napole\u00f3n ante un p\u00fablico respetuoso pero perplejo, que escuchaba como el catal\u00e1n emulaba al gran corso, como si en cada una de sus afirmaciones perdonara la vida a Espa\u00f1a y a todos los espa\u00f1oles. \u00a1Se\u00f1ores, nunca en la vida he sentido una sensaci\u00f3n de verg\u00fcenza ajena como la que me produjo el ver la frialdad, la aparente indiferencia y los remilgos pol\u00edticos del Gobierno ante una declaraci\u00f3n tan descarada como es la de declarar a Catalunya como un estado, atribuy\u00e9ndose los mismos derechos que tiene el espa\u00f1ol, para negociar con \u00e9l de t\u00fa a t\u00fa!<br \/>\n<\/span><\/p>\n<p style=\"text-align: justify\"><span style=\"font-family:Arial; font-size:10pt\">\u00bfQu\u00e9 es eso de que Catalunya necesita un Estado? Hombre, puestos as\u00ed, los de Vitigudino de Abajo pueden exigir lo mismo y las Baleares y Ceuta y Melilla. Ya tenemos a la naci\u00f3n convertida en miles de peque\u00f1os estados..Ver\u00e1n ustedes, en la contraportada del peri\u00f3dico catal\u00e1n La Vanguardia, se entrevistaba a un sujeto que apuraba a\u00fan m\u00e1s la atomizaci\u00f3n del estado cuando dec\u00eda: \u00ab<em>Deber\u00edamos organizarnos en peque\u00f1as comunidades autogobernadas\u00bb<\/em>, \u00bfpor qu\u00e9 no?, \u00bfO es que no tienen sus ra\u00edces los gallegos o los castellanos, sus costumbres, sus lenguas, su cultura espec\u00edfica?. Y es que, se\u00f1ores, el sectarismo, la demagogia, la ignorancia, el empe\u00f1o en enfrentar a las personas unas con otras, las ambiciones pol\u00edtica, la temeridad y la irresponsabilidad llegan a l\u00edmites tan extremos que existen pol\u00edticos, nacionalistas ac\u00e9rrimos, que no les importar\u00eda vender a sus padres con tal de conseguir sus prop\u00f3sitos a costa, naturalmente, de enga\u00f1ar a aquellos ilusos que se dejan engatusar por sus palabras.<br \/>\n<\/span><\/p>\n<p style=\"text-align: justify\"><span style=\"font-family:Arial; font-size:10pt\">Mire usted, se\u00f1or M\u00e1s, hay algo en lo que coincido con usted cuando, se quiere cubrir con la manta de la democracia. Porque usted habla de un refer\u00e9ndum, afirmando que con \u00e9l se demostrar\u00eda que los catalanes, en su mayor\u00eda, desean la independencia; pero lo que no vale, que es trampa, es que usted pretenda que voten los que sabe que lo apoyan, sin embargo aqu\u00ed se trata de un Estado, Espa\u00f1a, unificada desde hace 500 a\u00f1os, que es la que, en todo caso, debiera decidir si est\u00e1 dispuesta a que una parte de su territorio, unas tierras, r\u00edos, lagos y campos y monta\u00f1as, tienen que dejar de pertenecerle; s\u00f3lo porque sus ocupantes ( muchos de los cuales, por lo menos la mitad, han inmigrado de otras provincias) han decidido que la quieren convertir en una naci\u00f3n independiente. Su famoso Estatut fue aprobado por una minor\u00eda de catalanes, que no alcanzaron ni el 50% de los votantes, cuando sus efectos s\u00ed afectaban al resto de autonom\u00edas, que se sintieron perjudicadas por \u00e9l. Refer\u00e9ndum, si se hace, que se debe hacer extensivo a todos los espa\u00f1oles, para que as\u00ed exista una mayor\u00eda suficiente para saber si, en general, los espa\u00f1oles quieren o no la independencia catalana. Y, otra cosa, ustedes no pueden rectificar, por s\u00ed solos, los procedimientos y condiciones para convocar un refer\u00e9ndum.<br \/>\n<\/span><\/p>\n<p style=\"text-align: justify\"><span style=\"font-family:Arial; font-size:10pt\">Y una anotaci\u00f3n m\u00e1s: basta ya de hablar de Catalunya y Espa\u00f1a. Este vicio se ha extendido hasta en los medios de comunicaci\u00f3n. Catalunya es Espa\u00f1a, una parte de una Espa\u00f1a indivisible, con la que forma un todo. Se debe mencionar como las relaciones de la autonom\u00eda catalana con el Estado o el Gobierno de la naci\u00f3n, porque, que sepamos y mientras la Constituci\u00f3n no se modifique, en Espa\u00f1a no hay m\u00e1s que un Estado. Como espa\u00f1oles exigimos al Gobierno que haga cumplir la ley sin paliativos. Es inadmisible que se hagan o\u00eddos sordos ante una amenaza a la unidad de la naci\u00f3n. Huele a traici\u00f3n y componenda. O as\u00ed es, se\u00f1ores, como me lo parece.<br \/>\n<\/span><\/p>\n<p style=\"margin-left: 36pt\"><span style=\"color:#1f497d; font-family:Arial; font-size:10pt\"><strong>Miguel Massanet Bosch<\/strong><\/span><\/p>\n","protected":false},"excerpt":{"rendered":"<p>\u00a0 Alguien se refiri\u00f3 a la irresponsabilidad de la siguiente forma: \u00abLa irresponsabilidad se debe confrontar con decisiones fuertes he indeseables\u00bb. A las alturas del siglo XXI parecer\u00eda que, aquel episodio b\u00edblico de David y Goliat, debiera de estar superado debido a que, si en aquella ocasi\u00f3n son\u00f3 la flauta por casualidad y David consigui\u00f3&#8230;<\/p>\n","protected":false},"author":1,"featured_media":0,"comment_status":"open","ping_status":"open","sticky":false,"template":"","format":"standard","meta":{"rop_custom_images_group":[],"rop_custom_messages_group":[],"rop_publish_now":"initial","rop_publish_now_accounts":[],"rop_publish_now_history":[],"rop_publish_now_status":"pending","footnotes":""},"categories":[1],"tags":[],"class_list":["post-3083","post","type-post","status-publish","format-standard","hentry","category-uncategorized"],"yoast_head":"<!-- This site is optimized with the Yoast SEO plugin v27.5 - https:\/\/yoast.com\/product\/yoast-seo-wordpress\/ -->\n<title>Artur Mas abre la caja de los truenos (por Miguel Massanet Bosch) - La Vanguardia de Cuenca<\/title>\n<meta name=\"robots\" content=\"index, follow, max-snippet:-1, max-image-preview:large, max-video-preview:-1\" \/>\n<link rel=\"canonical\" href=\"https:\/\/lavanguardiadecuenca.es\/?p=3083\" \/>\n<meta property=\"og:locale\" content=\"es_ES\" \/>\n<meta property=\"og:type\" content=\"article\" \/>\n<meta property=\"og:title\" content=\"Artur Mas abre la caja de los truenos (por Miguel Massanet Bosch) - La Vanguardia de Cuenca\" \/>\n<meta property=\"og:description\" content=\"\u00a0 Alguien se refiri\u00f3 a la irresponsabilidad de la siguiente forma: \u00abLa irresponsabilidad se debe confrontar con decisiones fuertes he indeseables\u00bb. A las alturas del siglo XXI parecer\u00eda que, aquel episodio b\u00edblico de David y Goliat, debiera de estar superado debido a que, si en aquella ocasi\u00f3n son\u00f3 la flauta por casualidad y David consigui\u00f3...\" \/>\n<meta property=\"og:url\" content=\"https:\/\/lavanguardiadecuenca.es\/?p=3083\" \/>\n<meta property=\"og:site_name\" content=\"La Vanguardia de Cuenca\" \/>\n<meta property=\"article:published_time\" content=\"2012-09-14T21:58:39+00:00\" \/>\n<meta name=\"author\" content=\"admin6567\" \/>\n<meta name=\"twitter:card\" content=\"summary_large_image\" \/>\n<meta name=\"twitter:label1\" content=\"Escrito por\" \/>\n\t<meta name=\"twitter:data1\" content=\"admin6567\" \/>\n\t<meta name=\"twitter:label2\" content=\"Tiempo de lectura\" \/>\n\t<meta name=\"twitter:data2\" content=\"7 minutos\" \/>\n<script type=\"application\/ld+json\" class=\"yoast-schema-graph\">{\"@context\":\"https:\\\/\\\/schema.org\",\"@graph\":[{\"@type\":\"Article\",\"@id\":\"https:\\\/\\\/lavanguardiadecuenca.es\\\/?p=3083#article\",\"isPartOf\":{\"@id\":\"https:\\\/\\\/lavanguardiadecuenca.es\\\/?p=3083\"},\"author\":{\"name\":\"admin6567\",\"@id\":\"https:\\\/\\\/lavanguardiadecuenca.es\\\/#\\\/schema\\\/person\\\/533d101fbc2a9ecf6af26aeddcaf1abd\"},\"headline\":\"Artur Mas abre la caja de los truenos (por Miguel Massanet Bosch)\",\"datePublished\":\"2012-09-14T21:58:39+00:00\",\"mainEntityOfPage\":{\"@id\":\"https:\\\/\\\/lavanguardiadecuenca.es\\\/?p=3083\"},\"wordCount\":1457,\"commentCount\":0,\"publisher\":{\"@id\":\"https:\\\/\\\/lavanguardiadecuenca.es\\\/#\\\/schema\\\/person\\\/efd3b99fe10ec3fad96a88f3ae7d092f\"},\"articleSection\":[\"Uncategorized\"],\"inLanguage\":\"es\",\"potentialAction\":[{\"@type\":\"CommentAction\",\"name\":\"Comment\",\"target\":[\"https:\\\/\\\/lavanguardiadecuenca.es\\\/?p=3083#respond\"]}]},{\"@type\":\"WebPage\",\"@id\":\"https:\\\/\\\/lavanguardiadecuenca.es\\\/?p=3083\",\"url\":\"https:\\\/\\\/lavanguardiadecuenca.es\\\/?p=3083\",\"name\":\"Artur Mas abre la caja de los truenos (por Miguel Massanet Bosch) - La Vanguardia de Cuenca\",\"isPartOf\":{\"@id\":\"https:\\\/\\\/lavanguardiadecuenca.es\\\/#website\"},\"datePublished\":\"2012-09-14T21:58:39+00:00\",\"breadcrumb\":{\"@id\":\"https:\\\/\\\/lavanguardiadecuenca.es\\\/?p=3083#breadcrumb\"},\"inLanguage\":\"es\",\"potentialAction\":[{\"@type\":\"ReadAction\",\"target\":[\"https:\\\/\\\/lavanguardiadecuenca.es\\\/?p=3083\"]}]},{\"@type\":\"BreadcrumbList\",\"@id\":\"https:\\\/\\\/lavanguardiadecuenca.es\\\/?p=3083#breadcrumb\",\"itemListElement\":[{\"@type\":\"ListItem\",\"position\":1,\"name\":\"Portada\",\"item\":\"https:\\\/\\\/lavanguardiadecuenca.es\\\/\"},{\"@type\":\"ListItem\",\"position\":2,\"name\":\"Artur Mas abre la caja de los truenos (por Miguel Massanet Bosch)\"}]},{\"@type\":\"WebSite\",\"@id\":\"https:\\\/\\\/lavanguardiadecuenca.es\\\/#website\",\"url\":\"https:\\\/\\\/lavanguardiadecuenca.es\\\/\",\"name\":\"La Vanguardia de Cuenca\",\"description\":\"Intereses: comunicaci\u00f3n y actualidad en general, weblogs, sociedad, pol\u00edtica\",\"publisher\":{\"@id\":\"https:\\\/\\\/lavanguardiadecuenca.es\\\/#\\\/schema\\\/person\\\/efd3b99fe10ec3fad96a88f3ae7d092f\"},\"potentialAction\":[{\"@type\":\"SearchAction\",\"target\":{\"@type\":\"EntryPoint\",\"urlTemplate\":\"https:\\\/\\\/lavanguardiadecuenca.es\\\/?s={search_term_string}\"},\"query-input\":{\"@type\":\"PropertyValueSpecification\",\"valueRequired\":true,\"valueName\":\"search_term_string\"}}],\"inLanguage\":\"es\"},{\"@type\":[\"Person\",\"Organization\"],\"@id\":\"https:\\\/\\\/lavanguardiadecuenca.es\\\/#\\\/schema\\\/person\\\/efd3b99fe10ec3fad96a88f3ae7d092f\",\"name\":\"Juan Andr\u00e9s Buedo\",\"image\":{\"@type\":\"ImageObject\",\"inLanguage\":\"es\",\"@id\":\"https:\\\/\\\/lavanguardiadecuenca.es\\\/wp-content\\\/uploads\\\/2025\\\/09\\\/6a00d8341c734753ef0278801a3634200d-250si.jpg\",\"url\":\"https:\\\/\\\/lavanguardiadecuenca.es\\\/wp-content\\\/uploads\\\/2025\\\/09\\\/6a00d8341c734753ef0278801a3634200d-250si.jpg\",\"contentUrl\":\"https:\\\/\\\/lavanguardiadecuenca.es\\\/wp-content\\\/uploads\\\/2025\\\/09\\\/6a00d8341c734753ef0278801a3634200d-250si.jpg\",\"width\":250,\"height\":250,\"caption\":\"Juan Andr\u00e9s Buedo\"},\"logo\":{\"@id\":\"https:\\\/\\\/lavanguardiadecuenca.es\\\/wp-content\\\/uploads\\\/2025\\\/09\\\/6a00d8341c734753ef0278801a3634200d-250si.jpg\"},\"sameAs\":[\"https:\\\/\\\/lavanguardiadecuenca.es\\\/\"]},{\"@type\":\"Person\",\"@id\":\"https:\\\/\\\/lavanguardiadecuenca.es\\\/#\\\/schema\\\/person\\\/533d101fbc2a9ecf6af26aeddcaf1abd\",\"name\":\"admin6567\",\"image\":{\"@type\":\"ImageObject\",\"inLanguage\":\"es\",\"@id\":\"https:\\\/\\\/secure.gravatar.com\\\/avatar\\\/79503df8b75d394ce1e22cb5293c3e8fee42d212f6de88e2d65bfaa128f73542?s=96&d=mm&r=g\",\"url\":\"https:\\\/\\\/secure.gravatar.com\\\/avatar\\\/79503df8b75d394ce1e22cb5293c3e8fee42d212f6de88e2d65bfaa128f73542?s=96&d=mm&r=g\",\"contentUrl\":\"https:\\\/\\\/secure.gravatar.com\\\/avatar\\\/79503df8b75d394ce1e22cb5293c3e8fee42d212f6de88e2d65bfaa128f73542?s=96&d=mm&r=g\",\"caption\":\"admin6567\"},\"sameAs\":[\"http:\\\/\\\/lavanguardiadecuenca.es\"],\"url\":\"https:\\\/\\\/lavanguardiadecuenca.es\\\/?author=1\"}]}<\/script>\n<!-- \/ Yoast SEO plugin. -->","yoast_head_json":{"title":"Artur Mas abre la caja de los truenos (por Miguel Massanet Bosch) - La Vanguardia de Cuenca","robots":{"index":"index","follow":"follow","max-snippet":"max-snippet:-1","max-image-preview":"max-image-preview:large","max-video-preview":"max-video-preview:-1"},"canonical":"https:\/\/lavanguardiadecuenca.es\/?p=3083","og_locale":"es_ES","og_type":"article","og_title":"Artur Mas abre la caja de los truenos (por Miguel Massanet Bosch) - La Vanguardia de Cuenca","og_description":"\u00a0 Alguien se refiri\u00f3 a la irresponsabilidad de la siguiente forma: \u00abLa irresponsabilidad se debe confrontar con decisiones fuertes he indeseables\u00bb. A las alturas del siglo XXI parecer\u00eda que, aquel episodio b\u00edblico de David y Goliat, debiera de estar superado debido a que, si en aquella ocasi\u00f3n son\u00f3 la flauta por casualidad y David consigui\u00f3...","og_url":"https:\/\/lavanguardiadecuenca.es\/?p=3083","og_site_name":"La Vanguardia de Cuenca","article_published_time":"2012-09-14T21:58:39+00:00","author":"admin6567","twitter_card":"summary_large_image","twitter_misc":{"Escrito por":"admin6567","Tiempo de lectura":"7 minutos"},"schema":{"@context":"https:\/\/schema.org","@graph":[{"@type":"Article","@id":"https:\/\/lavanguardiadecuenca.es\/?p=3083#article","isPartOf":{"@id":"https:\/\/lavanguardiadecuenca.es\/?p=3083"},"author":{"name":"admin6567","@id":"https:\/\/lavanguardiadecuenca.es\/#\/schema\/person\/533d101fbc2a9ecf6af26aeddcaf1abd"},"headline":"Artur Mas abre la caja de los truenos (por Miguel Massanet Bosch)","datePublished":"2012-09-14T21:58:39+00:00","mainEntityOfPage":{"@id":"https:\/\/lavanguardiadecuenca.es\/?p=3083"},"wordCount":1457,"commentCount":0,"publisher":{"@id":"https:\/\/lavanguardiadecuenca.es\/#\/schema\/person\/efd3b99fe10ec3fad96a88f3ae7d092f"},"articleSection":["Uncategorized"],"inLanguage":"es","potentialAction":[{"@type":"CommentAction","name":"Comment","target":["https:\/\/lavanguardiadecuenca.es\/?p=3083#respond"]}]},{"@type":"WebPage","@id":"https:\/\/lavanguardiadecuenca.es\/?p=3083","url":"https:\/\/lavanguardiadecuenca.es\/?p=3083","name":"Artur Mas abre la caja de los truenos (por Miguel Massanet Bosch) - La Vanguardia de Cuenca","isPartOf":{"@id":"https:\/\/lavanguardiadecuenca.es\/#website"},"datePublished":"2012-09-14T21:58:39+00:00","breadcrumb":{"@id":"https:\/\/lavanguardiadecuenca.es\/?p=3083#breadcrumb"},"inLanguage":"es","potentialAction":[{"@type":"ReadAction","target":["https:\/\/lavanguardiadecuenca.es\/?p=3083"]}]},{"@type":"BreadcrumbList","@id":"https:\/\/lavanguardiadecuenca.es\/?p=3083#breadcrumb","itemListElement":[{"@type":"ListItem","position":1,"name":"Portada","item":"https:\/\/lavanguardiadecuenca.es\/"},{"@type":"ListItem","position":2,"name":"Artur Mas abre la caja de los truenos (por Miguel Massanet Bosch)"}]},{"@type":"WebSite","@id":"https:\/\/lavanguardiadecuenca.es\/#website","url":"https:\/\/lavanguardiadecuenca.es\/","name":"La Vanguardia de Cuenca","description":"Intereses: comunicaci\u00f3n y actualidad en general, weblogs, sociedad, pol\u00edtica","publisher":{"@id":"https:\/\/lavanguardiadecuenca.es\/#\/schema\/person\/efd3b99fe10ec3fad96a88f3ae7d092f"},"potentialAction":[{"@type":"SearchAction","target":{"@type":"EntryPoint","urlTemplate":"https:\/\/lavanguardiadecuenca.es\/?s={search_term_string}"},"query-input":{"@type":"PropertyValueSpecification","valueRequired":true,"valueName":"search_term_string"}}],"inLanguage":"es"},{"@type":["Person","Organization"],"@id":"https:\/\/lavanguardiadecuenca.es\/#\/schema\/person\/efd3b99fe10ec3fad96a88f3ae7d092f","name":"Juan Andr\u00e9s Buedo","image":{"@type":"ImageObject","inLanguage":"es","@id":"https:\/\/lavanguardiadecuenca.es\/wp-content\/uploads\/2025\/09\/6a00d8341c734753ef0278801a3634200d-250si.jpg","url":"https:\/\/lavanguardiadecuenca.es\/wp-content\/uploads\/2025\/09\/6a00d8341c734753ef0278801a3634200d-250si.jpg","contentUrl":"https:\/\/lavanguardiadecuenca.es\/wp-content\/uploads\/2025\/09\/6a00d8341c734753ef0278801a3634200d-250si.jpg","width":250,"height":250,"caption":"Juan Andr\u00e9s Buedo"},"logo":{"@id":"https:\/\/lavanguardiadecuenca.es\/wp-content\/uploads\/2025\/09\/6a00d8341c734753ef0278801a3634200d-250si.jpg"},"sameAs":["https:\/\/lavanguardiadecuenca.es\/"]},{"@type":"Person","@id":"https:\/\/lavanguardiadecuenca.es\/#\/schema\/person\/533d101fbc2a9ecf6af26aeddcaf1abd","name":"admin6567","image":{"@type":"ImageObject","inLanguage":"es","@id":"https:\/\/secure.gravatar.com\/avatar\/79503df8b75d394ce1e22cb5293c3e8fee42d212f6de88e2d65bfaa128f73542?s=96&d=mm&r=g","url":"https:\/\/secure.gravatar.com\/avatar\/79503df8b75d394ce1e22cb5293c3e8fee42d212f6de88e2d65bfaa128f73542?s=96&d=mm&r=g","contentUrl":"https:\/\/secure.gravatar.com\/avatar\/79503df8b75d394ce1e22cb5293c3e8fee42d212f6de88e2d65bfaa128f73542?s=96&d=mm&r=g","caption":"admin6567"},"sameAs":["http:\/\/lavanguardiadecuenca.es"],"url":"https:\/\/lavanguardiadecuenca.es\/?author=1"}]}},"_links":{"self":[{"href":"https:\/\/lavanguardiadecuenca.es\/index.php?rest_route=\/wp\/v2\/posts\/3083","targetHints":{"allow":["GET"]}}],"collection":[{"href":"https:\/\/lavanguardiadecuenca.es\/index.php?rest_route=\/wp\/v2\/posts"}],"about":[{"href":"https:\/\/lavanguardiadecuenca.es\/index.php?rest_route=\/wp\/v2\/types\/post"}],"author":[{"embeddable":true,"href":"https:\/\/lavanguardiadecuenca.es\/index.php?rest_route=\/wp\/v2\/users\/1"}],"replies":[{"embeddable":true,"href":"https:\/\/lavanguardiadecuenca.es\/index.php?rest_route=%2Fwp%2Fv2%2Fcomments&post=3083"}],"version-history":[{"count":0,"href":"https:\/\/lavanguardiadecuenca.es\/index.php?rest_route=\/wp\/v2\/posts\/3083\/revisions"}],"wp:attachment":[{"href":"https:\/\/lavanguardiadecuenca.es\/index.php?rest_route=%2Fwp%2Fv2%2Fmedia&parent=3083"}],"wp:term":[{"taxonomy":"category","embeddable":true,"href":"https:\/\/lavanguardiadecuenca.es\/index.php?rest_route=%2Fwp%2Fv2%2Fcategories&post=3083"},{"taxonomy":"post_tag","embeddable":true,"href":"https:\/\/lavanguardiadecuenca.es\/index.php?rest_route=%2Fwp%2Fv2%2Ftags&post=3083"}],"curies":[{"name":"wp","href":"https:\/\/api.w.org\/{rel}","templated":true}]}}