{"id":3053,"date":"2012-09-25T21:33:03","date_gmt":"2012-09-25T21:33:03","guid":{"rendered":"https:\/\/lavanguardiadecuenca.es\/?p=3053"},"modified":"2012-09-25T21:33:03","modified_gmt":"2012-09-25T21:33:03","slug":"clase-de-derecho-y-de-vida","status":"publish","type":"post","link":"https:\/\/lavanguardiadecuenca.es\/?p=3053","title":{"rendered":"Clase de Derecho y de vida"},"content":{"rendered":"<p><span style=\"font-family:Arial; font-size:10pt\">Un estimado profesional de la Sanidad con ejercicio en Cuenca me ha remitido una an\u00e9cdota, tremendamente aleccionadora, que resulta estimulante y termina en un aforismo concluyente, indispensable para la contestaci\u00f3n de los empleados p\u00fablicos al poder neoliberal, irresoluto, privatizador y ligado a los allegados del PP.<br \/>\n<\/span><\/p>\n<p>\n\u00a0<\/p>\n<p><span style=\"color:#1f497d; font-family:Arial; font-size:10pt\"><strong>Juan Andr\u00e9s Buedo<br \/>\n<\/strong><\/span><\/p>\n<p>\n\u00a0<\/p>\n<p><img decoding=\"async\" src=\"https:\/\/jabuedo.typepad.com\/.a\/6a00d8341c734753ef017c32224f29970b-pi\" alt=\"\"\/><span style=\"color:#1f497d; font-family:Arial; font-size:10pt\"><strong><br \/>\n<\/strong><\/span><\/p>\n<p><span style=\"font-family:Times; font-size:13pt\"><em>Una ma\u00f1ana cuando nuestro nuevo profesor de \u00abIntroducci\u00f3n al Derecho\u00bb entr\u00f3 en clase lo primero que hizo fue preguntarle el nombre a un alumno que estaba sentado en la primera fila: <\/em><\/span><span style=\"font-family:Tahoma; font-size:10pt\"><br \/>\n<\/span><\/p>\n<p><span style=\"font-family:Times; font-size:13pt\"><em>&#8211; \u00bfC\u00f3mo te llamas?<\/p>\n<p>Me llamo Juan, se\u00f1or.<\/p>\n<p>\u00a1Vete de mi clase y no quiero que vuelvas nunca m\u00e1s! &#8211; grit\u00f3 el desagradable profesor. Juan estaba desconcertado. Cuando reaccion\u00f3 se levant\u00f3 torpemente, recogi\u00f3 sus cosas y sali\u00f3 de la clase. Todos est\u00e1bamos asustados e indignados pero nadie dijo nada.<\/p>\n<p>Est\u00e1 bien. \u00a1Ahora s\u00ed! \u00bfPara qu\u00e9 sirven las leyes?&#8230; Segu\u00edamos asustados pero poco a poco comenzamos a responder a su pregunta: \u00abPara que haya un orden en nuestra sociedad\u00bb \u00ab\u00a1No!\u00bb contestaba el profesor \u00abPara cumplirlas\u00bb \u00ab\u00a1No!\u00bb \u00abPara que la gente mala pague por sus actos\u00bb \u00ab\u00a1\u00a1No!! \u00bfPero es que nadie sabr\u00e1 responder esta pregunta?!\u00bb&#8230; \u00abPara que haya justicia\u00bb, dijo t\u00edmidamente una chica. \u00ab\u00a1Por fin! Eso es&#8230; para que haya justicia. Y ahora \u00bfpara qu\u00e9 sirve la justicia?\u00bb<\/em><\/span><span style=\"font-family:Tahoma; font-size:10pt\"><br \/>\n<\/span><\/p>\n<p><span style=\"font-family:Times; font-size:13pt\"><em>Todos empez\u00e1bamos a estar molestos por esa actitud tan grosera. Sin embargo, segu\u00edamos respondiendo: \u00abPara salvaguardar los derechos humanos\u00bb \u00abBien, \u00bfqu\u00e9 m\u00e1s?\u00bb, dec\u00eda el profesor. \u00abPara discriminar lo que est\u00e1 bien de lo que est\u00e1 mal\u00bb&#8230; Seguir&#8230; \u00abPara premiar a quien hace el bien.\u00bb<\/p>\n<p>Ok, no est\u00e1 mal pero&#8230; respondan a esta pregunta \u00bfactu\u00e9 correctamente al expulsar de la clase a Juan?&#8230;. Todos nos quedamos callados, nadie respond\u00eda. &#8211; Quiero una respuesta decidida y un\u00e1nime.<\/p>\n<p>\u00a1\u00a1No!!- dijimos todos a la vez.<\/p>\n<p>\u00bfPodr\u00eda decirse que comet\u00ed una injusticia?<\/p>\n<p>\u00a1S\u00ed!<\/p>\n<p>\u00bfPor qu\u00e9 nadie hizo nada al respecto? \u00bfPara qu\u00e9 queremos leyes y reglas si no disponemos de la valent\u00eda para llevarlas a la pr\u00e1ctica? <strong>Cada uno de ustedes tiene la obligaci\u00f3n de actuar cuando presencia una injusticia. Todos. <\/strong><\/em><\/span><span style=\"font-family:Tahoma; font-size:10pt\"><br \/>\n<\/span><\/p>\n<p><span style=\"font-family:Times; font-size:13pt\"><em><strong>\u00a1No vuelvan a quedarse callados nunca m\u00e1s!<\/strong> Vete a buscar a Juan- dijo mir\u00e1ndome fijamente.<\/p>\n<p>Aquel d\u00eda recib\u00ed la lecci\u00f3n m\u00e1s pr\u00e1ctica de mi clase de Derecho.<\/em><\/span><span style=\"font-family:Tahoma; font-size:10pt\"><br \/>\n<\/span><\/p>\n<p><span style=\"font-family:Tahoma\"><span style=\"font-size:18pt\"><strong><em>Cuando no defendemos nuestros derechos perdemos la dignidad y la dignidad no se negocia.<\/em><\/strong><\/span><span style=\"font-size:10pt\"><span style=\"color:#888888\"><strong><br \/>\n<\/strong><\/span><br \/>\n<\/span><\/span><\/p>\n<p>\n\u00a0<\/p>\n<p><span style=\"font-family:Tahoma; font-size:10pt\"><br \/>\n<\/span>\u00a0<\/p>\n","protected":false},"excerpt":{"rendered":"<p>Un estimado profesional de la Sanidad con ejercicio en Cuenca me ha remitido una an\u00e9cdota, tremendamente aleccionadora, que resulta estimulante y termina en un aforismo concluyente, indispensable para la contestaci\u00f3n de los empleados p\u00fablicos al poder neoliberal, irresoluto, privatizador y ligado a los allegados del PP. \u00a0 Juan Andr\u00e9s Buedo \u00a0 Una ma\u00f1ana cuando nuestro&#8230;<\/p>\n","protected":false},"author":1,"featured_media":0,"comment_status":"open","ping_status":"open","sticky":false,"template":"","format":"standard","meta":{"rop_custom_images_group":[],"rop_custom_messages_group":[],"rop_publish_now":"initial","rop_publish_now_accounts":[],"rop_publish_now_history":[],"rop_publish_now_status":"pending","footnotes":""},"categories":[1],"tags":[],"class_list":["post-3053","post","type-post","status-publish","format-standard","hentry","category-uncategorized"],"yoast_head":"<!-- This site is optimized with the Yoast SEO plugin v27.5 - https:\/\/yoast.com\/product\/yoast-seo-wordpress\/ -->\n<title>Clase de Derecho y de vida - La Vanguardia de Cuenca<\/title>\n<meta name=\"robots\" content=\"index, follow, max-snippet:-1, max-image-preview:large, max-video-preview:-1\" \/>\n<link rel=\"canonical\" href=\"https:\/\/lavanguardiadecuenca.es\/?p=3053\" \/>\n<meta property=\"og:locale\" content=\"es_ES\" \/>\n<meta property=\"og:type\" content=\"article\" \/>\n<meta property=\"og:title\" content=\"Clase de Derecho y de vida - La Vanguardia de Cuenca\" \/>\n<meta property=\"og:description\" content=\"Un estimado profesional de la Sanidad con ejercicio en Cuenca me ha remitido una an\u00e9cdota, tremendamente aleccionadora, que resulta estimulante y termina en un aforismo concluyente, indispensable para la contestaci\u00f3n de los empleados p\u00fablicos al poder neoliberal, irresoluto, privatizador y ligado a los allegados del PP. \u00a0 Juan Andr\u00e9s Buedo \u00a0 Una ma\u00f1ana cuando nuestro...\" \/>\n<meta property=\"og:url\" content=\"https:\/\/lavanguardiadecuenca.es\/?p=3053\" \/>\n<meta property=\"og:site_name\" content=\"La Vanguardia de Cuenca\" \/>\n<meta property=\"article:published_time\" content=\"2012-09-25T21:33:03+00:00\" \/>\n<meta property=\"og:image\" content=\"https:\/\/jabuedo.typepad.com\/.a\/6a00d8341c734753ef017c32224f29970b-pi\" \/>\n<meta name=\"author\" content=\"admin6567\" \/>\n<meta name=\"twitter:card\" content=\"summary_large_image\" \/>\n<meta name=\"twitter:label1\" content=\"Escrito por\" \/>\n\t<meta name=\"twitter:data1\" content=\"admin6567\" \/>\n\t<meta name=\"twitter:label2\" content=\"Tiempo de lectura\" \/>\n\t<meta name=\"twitter:data2\" content=\"2 minutos\" \/>\n<script type=\"application\/ld+json\" class=\"yoast-schema-graph\">{\"@context\":\"https:\\\/\\\/schema.org\",\"@graph\":[{\"@type\":\"Article\",\"@id\":\"https:\\\/\\\/lavanguardiadecuenca.es\\\/?p=3053#article\",\"isPartOf\":{\"@id\":\"https:\\\/\\\/lavanguardiadecuenca.es\\\/?p=3053\"},\"author\":{\"name\":\"admin6567\",\"@id\":\"https:\\\/\\\/lavanguardiadecuenca.es\\\/#\\\/schema\\\/person\\\/533d101fbc2a9ecf6af26aeddcaf1abd\"},\"headline\":\"Clase de Derecho y de vida\",\"datePublished\":\"2012-09-25T21:33:03+00:00\",\"mainEntityOfPage\":{\"@id\":\"https:\\\/\\\/lavanguardiadecuenca.es\\\/?p=3053\"},\"wordCount\":408,\"commentCount\":0,\"publisher\":{\"@id\":\"https:\\\/\\\/lavanguardiadecuenca.es\\\/#\\\/schema\\\/person\\\/efd3b99fe10ec3fad96a88f3ae7d092f\"},\"image\":{\"@id\":\"https:\\\/\\\/lavanguardiadecuenca.es\\\/?p=3053#primaryimage\"},\"thumbnailUrl\":\"https:\\\/\\\/jabuedo.typepad.com\\\/.a\\\/6a00d8341c734753ef017c32224f29970b-pi\",\"articleSection\":[\"Uncategorized\"],\"inLanguage\":\"es\",\"potentialAction\":[{\"@type\":\"CommentAction\",\"name\":\"Comment\",\"target\":[\"https:\\\/\\\/lavanguardiadecuenca.es\\\/?p=3053#respond\"]}]},{\"@type\":\"WebPage\",\"@id\":\"https:\\\/\\\/lavanguardiadecuenca.es\\\/?p=3053\",\"url\":\"https:\\\/\\\/lavanguardiadecuenca.es\\\/?p=3053\",\"name\":\"Clase de Derecho y de vida - La Vanguardia de Cuenca\",\"isPartOf\":{\"@id\":\"https:\\\/\\\/lavanguardiadecuenca.es\\\/#website\"},\"primaryImageOfPage\":{\"@id\":\"https:\\\/\\\/lavanguardiadecuenca.es\\\/?p=3053#primaryimage\"},\"image\":{\"@id\":\"https:\\\/\\\/lavanguardiadecuenca.es\\\/?p=3053#primaryimage\"},\"thumbnailUrl\":\"https:\\\/\\\/jabuedo.typepad.com\\\/.a\\\/6a00d8341c734753ef017c32224f29970b-pi\",\"datePublished\":\"2012-09-25T21:33:03+00:00\",\"breadcrumb\":{\"@id\":\"https:\\\/\\\/lavanguardiadecuenca.es\\\/?p=3053#breadcrumb\"},\"inLanguage\":\"es\",\"potentialAction\":[{\"@type\":\"ReadAction\",\"target\":[\"https:\\\/\\\/lavanguardiadecuenca.es\\\/?p=3053\"]}]},{\"@type\":\"ImageObject\",\"inLanguage\":\"es\",\"@id\":\"https:\\\/\\\/lavanguardiadecuenca.es\\\/?p=3053#primaryimage\",\"url\":\"https:\\\/\\\/jabuedo.typepad.com\\\/.a\\\/6a00d8341c734753ef017c32224f29970b-pi\",\"contentUrl\":\"https:\\\/\\\/jabuedo.typepad.com\\\/.a\\\/6a00d8341c734753ef017c32224f29970b-pi\"},{\"@type\":\"BreadcrumbList\",\"@id\":\"https:\\\/\\\/lavanguardiadecuenca.es\\\/?p=3053#breadcrumb\",\"itemListElement\":[{\"@type\":\"ListItem\",\"position\":1,\"name\":\"Portada\",\"item\":\"https:\\\/\\\/lavanguardiadecuenca.es\\\/\"},{\"@type\":\"ListItem\",\"position\":2,\"name\":\"Clase de Derecho y de vida\"}]},{\"@type\":\"WebSite\",\"@id\":\"https:\\\/\\\/lavanguardiadecuenca.es\\\/#website\",\"url\":\"https:\\\/\\\/lavanguardiadecuenca.es\\\/\",\"name\":\"La Vanguardia de Cuenca\",\"description\":\"Intereses: comunicaci\u00f3n y actualidad en general, weblogs, sociedad, pol\u00edtica\",\"publisher\":{\"@id\":\"https:\\\/\\\/lavanguardiadecuenca.es\\\/#\\\/schema\\\/person\\\/efd3b99fe10ec3fad96a88f3ae7d092f\"},\"potentialAction\":[{\"@type\":\"SearchAction\",\"target\":{\"@type\":\"EntryPoint\",\"urlTemplate\":\"https:\\\/\\\/lavanguardiadecuenca.es\\\/?s={search_term_string}\"},\"query-input\":{\"@type\":\"PropertyValueSpecification\",\"valueRequired\":true,\"valueName\":\"search_term_string\"}}],\"inLanguage\":\"es\"},{\"@type\":[\"Person\",\"Organization\"],\"@id\":\"https:\\\/\\\/lavanguardiadecuenca.es\\\/#\\\/schema\\\/person\\\/efd3b99fe10ec3fad96a88f3ae7d092f\",\"name\":\"Juan Andr\u00e9s Buedo\",\"image\":{\"@type\":\"ImageObject\",\"inLanguage\":\"es\",\"@id\":\"https:\\\/\\\/lavanguardiadecuenca.es\\\/wp-content\\\/uploads\\\/2025\\\/09\\\/6a00d8341c734753ef0278801a3634200d-250si.jpg\",\"url\":\"https:\\\/\\\/lavanguardiadecuenca.es\\\/wp-content\\\/uploads\\\/2025\\\/09\\\/6a00d8341c734753ef0278801a3634200d-250si.jpg\",\"contentUrl\":\"https:\\\/\\\/lavanguardiadecuenca.es\\\/wp-content\\\/uploads\\\/2025\\\/09\\\/6a00d8341c734753ef0278801a3634200d-250si.jpg\",\"width\":250,\"height\":250,\"caption\":\"Juan Andr\u00e9s Buedo\"},\"logo\":{\"@id\":\"https:\\\/\\\/lavanguardiadecuenca.es\\\/wp-content\\\/uploads\\\/2025\\\/09\\\/6a00d8341c734753ef0278801a3634200d-250si.jpg\"},\"sameAs\":[\"https:\\\/\\\/lavanguardiadecuenca.es\\\/\"]},{\"@type\":\"Person\",\"@id\":\"https:\\\/\\\/lavanguardiadecuenca.es\\\/#\\\/schema\\\/person\\\/533d101fbc2a9ecf6af26aeddcaf1abd\",\"name\":\"admin6567\",\"image\":{\"@type\":\"ImageObject\",\"inLanguage\":\"es\",\"@id\":\"https:\\\/\\\/secure.gravatar.com\\\/avatar\\\/79503df8b75d394ce1e22cb5293c3e8fee42d212f6de88e2d65bfaa128f73542?s=96&d=mm&r=g\",\"url\":\"https:\\\/\\\/secure.gravatar.com\\\/avatar\\\/79503df8b75d394ce1e22cb5293c3e8fee42d212f6de88e2d65bfaa128f73542?s=96&d=mm&r=g\",\"contentUrl\":\"https:\\\/\\\/secure.gravatar.com\\\/avatar\\\/79503df8b75d394ce1e22cb5293c3e8fee42d212f6de88e2d65bfaa128f73542?s=96&d=mm&r=g\",\"caption\":\"admin6567\"},\"sameAs\":[\"http:\\\/\\\/lavanguardiadecuenca.es\"],\"url\":\"https:\\\/\\\/lavanguardiadecuenca.es\\\/?author=1\"}]}<\/script>\n<!-- \/ Yoast SEO plugin. -->","yoast_head_json":{"title":"Clase de Derecho y de vida - La Vanguardia de Cuenca","robots":{"index":"index","follow":"follow","max-snippet":"max-snippet:-1","max-image-preview":"max-image-preview:large","max-video-preview":"max-video-preview:-1"},"canonical":"https:\/\/lavanguardiadecuenca.es\/?p=3053","og_locale":"es_ES","og_type":"article","og_title":"Clase de Derecho y de vida - La Vanguardia de Cuenca","og_description":"Un estimado profesional de la Sanidad con ejercicio en Cuenca me ha remitido una an\u00e9cdota, tremendamente aleccionadora, que resulta estimulante y termina en un aforismo concluyente, indispensable para la contestaci\u00f3n de los empleados p\u00fablicos al poder neoliberal, irresoluto, privatizador y ligado a los allegados del PP. \u00a0 Juan Andr\u00e9s Buedo \u00a0 Una ma\u00f1ana cuando nuestro...","og_url":"https:\/\/lavanguardiadecuenca.es\/?p=3053","og_site_name":"La Vanguardia de Cuenca","article_published_time":"2012-09-25T21:33:03+00:00","og_image":[{"url":"https:\/\/jabuedo.typepad.com\/.a\/6a00d8341c734753ef017c32224f29970b-pi","type":"","width":"","height":""}],"author":"admin6567","twitter_card":"summary_large_image","twitter_misc":{"Escrito por":"admin6567","Tiempo de lectura":"2 minutos"},"schema":{"@context":"https:\/\/schema.org","@graph":[{"@type":"Article","@id":"https:\/\/lavanguardiadecuenca.es\/?p=3053#article","isPartOf":{"@id":"https:\/\/lavanguardiadecuenca.es\/?p=3053"},"author":{"name":"admin6567","@id":"https:\/\/lavanguardiadecuenca.es\/#\/schema\/person\/533d101fbc2a9ecf6af26aeddcaf1abd"},"headline":"Clase de Derecho y de vida","datePublished":"2012-09-25T21:33:03+00:00","mainEntityOfPage":{"@id":"https:\/\/lavanguardiadecuenca.es\/?p=3053"},"wordCount":408,"commentCount":0,"publisher":{"@id":"https:\/\/lavanguardiadecuenca.es\/#\/schema\/person\/efd3b99fe10ec3fad96a88f3ae7d092f"},"image":{"@id":"https:\/\/lavanguardiadecuenca.es\/?p=3053#primaryimage"},"thumbnailUrl":"https:\/\/jabuedo.typepad.com\/.a\/6a00d8341c734753ef017c32224f29970b-pi","articleSection":["Uncategorized"],"inLanguage":"es","potentialAction":[{"@type":"CommentAction","name":"Comment","target":["https:\/\/lavanguardiadecuenca.es\/?p=3053#respond"]}]},{"@type":"WebPage","@id":"https:\/\/lavanguardiadecuenca.es\/?p=3053","url":"https:\/\/lavanguardiadecuenca.es\/?p=3053","name":"Clase de Derecho y de vida - La Vanguardia de Cuenca","isPartOf":{"@id":"https:\/\/lavanguardiadecuenca.es\/#website"},"primaryImageOfPage":{"@id":"https:\/\/lavanguardiadecuenca.es\/?p=3053#primaryimage"},"image":{"@id":"https:\/\/lavanguardiadecuenca.es\/?p=3053#primaryimage"},"thumbnailUrl":"https:\/\/jabuedo.typepad.com\/.a\/6a00d8341c734753ef017c32224f29970b-pi","datePublished":"2012-09-25T21:33:03+00:00","breadcrumb":{"@id":"https:\/\/lavanguardiadecuenca.es\/?p=3053#breadcrumb"},"inLanguage":"es","potentialAction":[{"@type":"ReadAction","target":["https:\/\/lavanguardiadecuenca.es\/?p=3053"]}]},{"@type":"ImageObject","inLanguage":"es","@id":"https:\/\/lavanguardiadecuenca.es\/?p=3053#primaryimage","url":"https:\/\/jabuedo.typepad.com\/.a\/6a00d8341c734753ef017c32224f29970b-pi","contentUrl":"https:\/\/jabuedo.typepad.com\/.a\/6a00d8341c734753ef017c32224f29970b-pi"},{"@type":"BreadcrumbList","@id":"https:\/\/lavanguardiadecuenca.es\/?p=3053#breadcrumb","itemListElement":[{"@type":"ListItem","position":1,"name":"Portada","item":"https:\/\/lavanguardiadecuenca.es\/"},{"@type":"ListItem","position":2,"name":"Clase de Derecho y de vida"}]},{"@type":"WebSite","@id":"https:\/\/lavanguardiadecuenca.es\/#website","url":"https:\/\/lavanguardiadecuenca.es\/","name":"La Vanguardia de Cuenca","description":"Intereses: comunicaci\u00f3n y actualidad en general, weblogs, sociedad, pol\u00edtica","publisher":{"@id":"https:\/\/lavanguardiadecuenca.es\/#\/schema\/person\/efd3b99fe10ec3fad96a88f3ae7d092f"},"potentialAction":[{"@type":"SearchAction","target":{"@type":"EntryPoint","urlTemplate":"https:\/\/lavanguardiadecuenca.es\/?s={search_term_string}"},"query-input":{"@type":"PropertyValueSpecification","valueRequired":true,"valueName":"search_term_string"}}],"inLanguage":"es"},{"@type":["Person","Organization"],"@id":"https:\/\/lavanguardiadecuenca.es\/#\/schema\/person\/efd3b99fe10ec3fad96a88f3ae7d092f","name":"Juan Andr\u00e9s Buedo","image":{"@type":"ImageObject","inLanguage":"es","@id":"https:\/\/lavanguardiadecuenca.es\/wp-content\/uploads\/2025\/09\/6a00d8341c734753ef0278801a3634200d-250si.jpg","url":"https:\/\/lavanguardiadecuenca.es\/wp-content\/uploads\/2025\/09\/6a00d8341c734753ef0278801a3634200d-250si.jpg","contentUrl":"https:\/\/lavanguardiadecuenca.es\/wp-content\/uploads\/2025\/09\/6a00d8341c734753ef0278801a3634200d-250si.jpg","width":250,"height":250,"caption":"Juan Andr\u00e9s Buedo"},"logo":{"@id":"https:\/\/lavanguardiadecuenca.es\/wp-content\/uploads\/2025\/09\/6a00d8341c734753ef0278801a3634200d-250si.jpg"},"sameAs":["https:\/\/lavanguardiadecuenca.es\/"]},{"@type":"Person","@id":"https:\/\/lavanguardiadecuenca.es\/#\/schema\/person\/533d101fbc2a9ecf6af26aeddcaf1abd","name":"admin6567","image":{"@type":"ImageObject","inLanguage":"es","@id":"https:\/\/secure.gravatar.com\/avatar\/79503df8b75d394ce1e22cb5293c3e8fee42d212f6de88e2d65bfaa128f73542?s=96&d=mm&r=g","url":"https:\/\/secure.gravatar.com\/avatar\/79503df8b75d394ce1e22cb5293c3e8fee42d212f6de88e2d65bfaa128f73542?s=96&d=mm&r=g","contentUrl":"https:\/\/secure.gravatar.com\/avatar\/79503df8b75d394ce1e22cb5293c3e8fee42d212f6de88e2d65bfaa128f73542?s=96&d=mm&r=g","caption":"admin6567"},"sameAs":["http:\/\/lavanguardiadecuenca.es"],"url":"https:\/\/lavanguardiadecuenca.es\/?author=1"}]}},"_links":{"self":[{"href":"https:\/\/lavanguardiadecuenca.es\/index.php?rest_route=\/wp\/v2\/posts\/3053","targetHints":{"allow":["GET"]}}],"collection":[{"href":"https:\/\/lavanguardiadecuenca.es\/index.php?rest_route=\/wp\/v2\/posts"}],"about":[{"href":"https:\/\/lavanguardiadecuenca.es\/index.php?rest_route=\/wp\/v2\/types\/post"}],"author":[{"embeddable":true,"href":"https:\/\/lavanguardiadecuenca.es\/index.php?rest_route=\/wp\/v2\/users\/1"}],"replies":[{"embeddable":true,"href":"https:\/\/lavanguardiadecuenca.es\/index.php?rest_route=%2Fwp%2Fv2%2Fcomments&post=3053"}],"version-history":[{"count":0,"href":"https:\/\/lavanguardiadecuenca.es\/index.php?rest_route=\/wp\/v2\/posts\/3053\/revisions"}],"wp:attachment":[{"href":"https:\/\/lavanguardiadecuenca.es\/index.php?rest_route=%2Fwp%2Fv2%2Fmedia&parent=3053"}],"wp:term":[{"taxonomy":"category","embeddable":true,"href":"https:\/\/lavanguardiadecuenca.es\/index.php?rest_route=%2Fwp%2Fv2%2Fcategories&post=3053"},{"taxonomy":"post_tag","embeddable":true,"href":"https:\/\/lavanguardiadecuenca.es\/index.php?rest_route=%2Fwp%2Fv2%2Ftags&post=3053"}],"curies":[{"name":"wp","href":"https:\/\/api.w.org\/{rel}","templated":true}]}}