{"id":3047,"date":"2012-09-26T21:09:09","date_gmt":"2012-09-26T21:09:09","guid":{"rendered":"https:\/\/lavanguardiadecuenca.es\/?p=3047"},"modified":"2012-09-26T21:09:09","modified_gmt":"2012-09-26T21:09:09","slug":"la-perversion-del-concepto-democracia-en-boca-de-las-izquierdas-por-miguel-massanet-bosch","status":"publish","type":"post","link":"https:\/\/lavanguardiadecuenca.es\/?p=3047","title":{"rendered":"La perversi\u00f3n del concepto \u201cdemocracia\u201d en boca de las izquierdas (por Miguel Massanet Bosch)"},"content":{"rendered":"<p style=\"text-align: justify\">\n\u00a0<\/p>\n<p style=\"text-align: justify\"><span style=\"font-family:Arial; font-size:10pt\">Thomas Macaulay, lord Macaulay, humanista, poeta e historiador brit\u00e1nico del siglo XIX, hombre de exquisita educaci\u00f3n y gran facilidad de palabra; de quien se cuenta la an\u00e9cdota de que, siendo ni\u00f1o y yendo de paseo con su madre, se fij\u00f3 en el humo que sal\u00eda por las altas chimeneas de las f\u00e1bricas, e intrigado le pregunt\u00f3 a su progenitora: \u00ab<span style=\"color:black; background-color:white\"><em>El humo que sale de esas chimeneas \u00bfprocede de los fuegos del infierno?\u00bb.<\/em> En su obra <em>Historia de Inglaterra<\/em> dejo escrito el siguiente p\u00e1rrafo: \u00ab<em>Los m\u00e1s viles ejemplares de la naturaleza humana se encuentran, en todas las \u00e9pocas, entre los demagogos<\/em>\u00ab. Nunca una frase vino m\u00e1s a cuento de lo que est\u00e1 sucediendo en esta Espa\u00f1a de nuestras entretelas, durante los \u00faltimos tiempos en los que, el triunfo de las derechas en los comicios del pasado mes de noviembre y el espectacular derrumbe del PSOE en la urnas, parece que vienen propiciando un cambio de estrategia entre aquellos que, con su particular interpretaci\u00f3n de la democracia, entienden que s\u00f3lo debe respetarse si les resulta favorable a sus particulares intereses.<br \/>\n<\/span><\/span><\/p>\n<p style=\"text-align: justify\"><span style=\"color:black; font-family:Arial; font-size:10pt; background-color:white\">Estos d\u00edas hemos tenido ocasi\u00f3n de contemplar como grupos de descontentos, los del 15M o los del 25S, o cualesquiera de estos corp\u00fasculos que han decidido trasladar su protesta a las calles \u2013lo cual no tiene nada de particular si consiguen la autorizaci\u00f3n pertinente y desarrollan la protesta de forma pac\u00edfica y civilizada, respetando los derechos del resto de ciudadanos \u2013 est\u00e1n utilizando de manera repetitiva para justificar sus quejas en contra del Gobierno y los recortes que ha llevado a cabo, la excusa de que lo hacen para reclamar \u00abla democracia\u00bb que, al parecer, a su criterio, no existe en Espa\u00f1a. Seguramente sean los sindicatos, sean los del se\u00f1or Cayo Lara y el siempre descontento y antisistema, se\u00f1or Llamazares o fueren los de este PSOE, que intenta levantar las masas para que salgan a la calle contra el leg\u00edtimo Gobierno de la naci\u00f3n \u2013sin querer recordar que, si nos encontramos, en Espa\u00f1a, en una situaci\u00f3n l\u00edmite, no se la debemos a nadie m\u00e1s que al se\u00f1or Rodr\u00edguez Zapatero y toda aquella pl\u00e9yade de ministros, como la se\u00f1ora Magdalena \u00c1lvarez que, citada para declarar en la Comisi\u00f3n de los Eres de Andaluc\u00eda, tuvo la desfachatez de decir que no recordaba lo que hab\u00eda ocurrido con 12.000 millones de euros, \u00a1alegando que hab\u00eda manejado tanto dinero que ya no recordaba nada de ellos! Como si se tratara de unos pocos c\u00e9ntimos que a uno se le caen por un agujero en el bolsillo \u2013 consideran que el modelo de Estado que nos dimos los espa\u00f1oles mediante la Constituci\u00f3n del a\u00f1o 1978, el de una Monarqu\u00eda constitucional, no tiene las caracter\u00edsticas que deben concurrir en una democracia: \u00abel gobierno del pueblo por el pueblo\u00bb.<br \/>\n<\/span><\/p>\n<p style=\"text-align: justify\"><span style=\"color:black; font-family:Arial; font-size:10pt; background-color:white\">Es posible que, para estos eternos descontentos y agitadores de profesi\u00f3n, no sea tan importante que exista una consulta popular, a trav\u00e9s de las urnas, para escoger a los leg\u00edtimos representantes del pueblo; que sirva para que los elegidos por los ciudadanos se constituyan en un Gobierno, con su presidente y que existan unos \u00f3rganos de representaci\u00f3n popular, denominados Congreso y Senado, donde se congreguen los congresistas y senadores para deliberar y dictar leyes que luego han de servir para que, todos los espa\u00f1oles, se sientan seguros y respaldados por ellas. Para estos grupos, que alteran la paz de las poblaciones, que impiden el normal desenvolvimiento de la vida ciudadana y que utilizan la agresi\u00f3n, la intimidaci\u00f3n, la coacci\u00f3n y la fuerza bruta, para imponer lo que ellos denominan \u00absu democracia\u00bb; lo que han decidido cuarenta millones de ciudadanos a trav\u00e9s de la elecciones legislativas, llevadas a cabo con todas las garant\u00edas que les proporciona la existencia de un Estado de Derecho; decaen ante lo que ellos entienden como ejercicio democr\u00e1tico que, curiosamente, difiere de unos grupos a otros y, en muchos casos, como ocurri\u00f3 con aquella triste experiencia de la invasi\u00f3n de las calles por los del 15M, fue imposible que, entre ellos mismos, se consiguiera perge\u00f1ar una propuesta \u00fanica que aunase todas sus peticiones. Seg\u00fan ellos, y esto vale para el caso de los separatistas catalanes, lo que decidan unas minor\u00edas que, en las mayor\u00eda de los casos no saben ni lo que quieren, arrastradas por los profesionales en crear situaciones de desorden y enfrentamientos con las fuerzas del orden; debiera prevalecer sobre lo que la inmensa mayor\u00eda de votantes ha decidido.<br \/>\n<\/span><\/p>\n<p style=\"text-align: justify\"><span style=\"color:black; font-family:Arial; font-size:10pt; background-color:white\">El que seis mil, diez mil, doscientos mil o un mill\u00f3n de manifestantes puedan pensar, querer o desear; puede ser un signo de una inquietud ciudadana, lo que piensa una minor\u00eda o lo que quisiera que sucediera un grupo m\u00e1s o menos numeroso, que se hace ver en la calle, que grita esl\u00f3ganes, que porta pancartas y que, en la mayor\u00eda de casos, cuenta con pandillas de descerebrados cuya mayor aportaci\u00f3n consiste en producir da\u00f1os, romper escaparates, insultar y enfrentarse a la polic\u00eda. En todos estos casos, existen pol\u00edticos interesados que, como el se\u00f1or Gaspar Llamazares, pretenden desvirtuar los hechos con sus acusaciones de \u00ab<em>brutalidad\u00bb<\/em>, \u00ab<em>actuaci\u00f3n desproporcionada<\/em>\u00bb  contra unos \u00ab<em>manifestantes ejemplares<\/em>\u00ab. La realidad es que la izquierda tiene ensayadas unas t\u00e1cticas de guerrillas, mediante las cuales primero provocan con gritos, lanzamientos de piedras ( 260 kilos de piedras ha dicho la Delegada del Gobierno en Madrid que se han recogido del lugar donde tuvo lugar el enfrentamiento con las fuerzas del orden) y objetos contundentes, para provocar las cargas de las fuerzas disuasorias para despu\u00e9s lanzarse al suelo gritar y acusar, a quienes cumplen con su deber, de reprimir las alteraciones del orden mediante la fuerza, de comportarse brutalmente con \u00bb los pac\u00edficos manifestantes\u00bb. Somos demasiado viejos, hemos vivido demasiados sucesos parecidos y tenemos una experiencia tan larga, que el que unos ni\u00f1atos, hijos de pap\u00e1, o una banda de delincuentes comunes, nos quieran hacer comulgar con ruedas de molino nos irrita. S\u00f3lo unos inconscientes ignorantes pueden caer en semejante trampa.<br \/>\n<\/span><\/p>\n<p style=\"text-align: justify\"><span style=\"color:black; font-family:Arial; font-size:10pt; background-color:white\">Sin embargo, debemos denunciar una vez m\u00e1s, la propaganda gratuita que las cadenas televisivas, los peri\u00f3dicos de izquierdas y muchos \u00abcolaboradores voluntarios\u00bb que se dejan entrevistar para explicar, a su manera, lo sucedido con toda clase de detalles a cual m\u00e1s dram\u00e1tico. Por ejemplo, escuchamos en la TV1, en un programa prescindible de las ma\u00f1anas, a una individua que negaba que se hubieran producido intentos de derribar las vallas y de invadir la parte guardada por las fuerzas del orden. Lo malo, para esta se\u00f1ora, fue que en varios telediarios se vio claramente los intentos de derribar vallas, de ataques a los polic\u00edas y lanzamiento de objetos por los \u00abpac\u00edficos\u00bb manifestantes, hechos que, evidentemente, la desautorizaron. Es algo deleznable que, estos profesionales del caos y el alboroto, utilicen frases como \u00ab<em>Esto es un secuestro contra la democracia\u00bb,<\/em>contra los leg\u00edtimos gobernantes, para reprocharles, precisamente, que est\u00e9n gobernando en bien de la mayor\u00eda de los ciudadanos y en provecho de Espa\u00f1a; aunque ello implique que se nos pidan sacrificios sin los cuales no hay medio posible de salir de la situaci\u00f3n a la que nos condujeron estos mismos se\u00f1ores que, entonces, se mostraron inactivos y no protestaron ni se manifestaron en contra del gobierno del PSOE, que fue el que neg\u00f3 la existencia de la crisis.<br \/>\n<\/span><\/p>\n<p style=\"text-align: justify\"><span style=\"color:black; font-family:Arial; font-size:10pt; background-color:white\">Y es que, se\u00f1ores, como recientemente coment\u00f3 el ex canciller alem\u00e1n Helmut Schmidt, que en 1.968 form\u00f3 parte de gobierno de coalici\u00f3n alem\u00e1n, hoy en d\u00eda est\u00e1n de moda los \u00ab<em>nacional ego\u00edsmos<\/em>\u00bb de los que nos est\u00e1n dando abundantes muestras todos estos grupos de antipatriotas o, como ocurre en Catalunya, de independentistas ac\u00e9rrimos, que no dudan en poner en cuesti\u00f3n la estabilidad del gobierno de Espa\u00f1a y de sus propias autonom\u00edas con tal de ir avanzando en sus fines, sean estos de derribar al gobierno de la naci\u00f3n o sean de ir avanzando en sus prop\u00f3sitos separatistas. El que todas estas algaradas en el extranjero se vean como signos de la falta de estabilidad de la naci\u00f3n y jueguen en contra de la confianza que debe inspirar nuestra naci\u00f3n, para que los inversores se animen a traer sus capitales, no parece que les importe ni a los que causan estos denigrantes espect\u00e1culos ni a algunos partidos pol\u00edticos que se regocijan cuando Espa\u00f1a va sufriendo contrariedades, ya que piensan que, cuanto peor estemos m\u00e1s beneficio van a tener en orden a conseguir sus espurios prop\u00f3sitos de hacerse amos de la situaci\u00f3n. Lo que les ocurra a la mayor\u00eda de los espa\u00f1oles, que ven con preocupaci\u00f3n el futuro de Espa\u00f1a, es algo que a todos estos profesionales de crear descontentos y disturbios, por mucho que apelen a la democracia y el bien del pueblo, les trae sin cuidado, puesto que ellos est\u00e1n al servicio de las fuerzas ocultas que se mueven detr\u00e1s de los bastidores, que ocultan los grandes intereses que se mueven detr\u00e1s de todos estos movimientos.<br \/>\n<\/span><\/p>\n<p style=\"text-align: justify\"><span style=\"color:black; font-family:Arial; font-size:10pt; background-color:white\">El desaf\u00edo del se\u00f1or Mas, materializado en el Parlamento catal\u00e1n, nos da la medida de hasta donde est\u00e1n llegando los problemas que, cada d\u00eda, van causando m\u00e1s mella en nuestra credibilidad. Mucho nos tememos que, la blandura con la que hasta ahora se ha tenido con los pol\u00edticos catalanes; las concesiones que se les han venido haciendo y la falta de reacci\u00f3n por parte del Gobierno de Madrid ante los sucesivos incumplimiento de la Constituci\u00f3n, desacatos a las sentencias de los tribunales y los insultos a Espa\u00f1a, a nuestras instituciones y a nuestros s\u00edmbolos; han llevado, sin duda alguna, a que hayamos llegado a esta situaci\u00f3n l\u00edmite, en la que nos enfrentamos a una grave amenaza de escisi\u00f3n. No creo decir nada nuevo si afirmamos que puede que nos encontremos ante una de las situaciones m\u00e1s comprometidas de toda nuestra democracia. O as\u00ed es como veo, se\u00f1ores, el momento actual.<br \/>\n<\/span><\/p>\n<p style=\"margin-left: 36pt\"><span style=\"color:#1f497d; font-family:Arial; font-size:10pt\"><strong>Miguel Massanet Bosch<\/strong><\/span><\/p>\n","protected":false},"excerpt":{"rendered":"<p>\u00a0 Thomas Macaulay, lord Macaulay, humanista, poeta e historiador brit\u00e1nico del siglo XIX, hombre de exquisita educaci\u00f3n y gran facilidad de palabra; de quien se cuenta la an\u00e9cdota de que, siendo ni\u00f1o y yendo de paseo con su madre, se fij\u00f3 en el humo que sal\u00eda por las altas chimeneas de las f\u00e1bricas, e intrigado&#8230;<\/p>\n","protected":false},"author":1,"featured_media":0,"comment_status":"open","ping_status":"open","sticky":false,"template":"","format":"standard","meta":{"rop_custom_images_group":[],"rop_custom_messages_group":[],"rop_publish_now":"initial","rop_publish_now_accounts":[],"rop_publish_now_history":[],"rop_publish_now_status":"pending","footnotes":""},"categories":[1],"tags":[],"class_list":["post-3047","post","type-post","status-publish","format-standard","hentry","category-uncategorized"],"yoast_head":"<!-- This site is optimized with the Yoast SEO plugin v27.5 - https:\/\/yoast.com\/product\/yoast-seo-wordpress\/ -->\n<title>La perversi\u00f3n del concepto \u201cdemocracia\u201d en boca de las izquierdas (por Miguel Massanet Bosch) - La Vanguardia de Cuenca<\/title>\n<meta name=\"robots\" content=\"index, follow, max-snippet:-1, max-image-preview:large, max-video-preview:-1\" \/>\n<link rel=\"canonical\" href=\"https:\/\/lavanguardiadecuenca.es\/?p=3047\" \/>\n<meta property=\"og:locale\" content=\"es_ES\" \/>\n<meta property=\"og:type\" content=\"article\" \/>\n<meta property=\"og:title\" content=\"La perversi\u00f3n del concepto \u201cdemocracia\u201d en boca de las izquierdas (por Miguel Massanet Bosch) - La Vanguardia de Cuenca\" \/>\n<meta property=\"og:description\" content=\"\u00a0 Thomas Macaulay, lord Macaulay, humanista, poeta e historiador brit\u00e1nico del siglo XIX, hombre de exquisita educaci\u00f3n y gran facilidad de palabra; de quien se cuenta la an\u00e9cdota de que, siendo ni\u00f1o y yendo de paseo con su madre, se fij\u00f3 en el humo que sal\u00eda por las altas chimeneas de las f\u00e1bricas, e intrigado...\" \/>\n<meta property=\"og:url\" content=\"https:\/\/lavanguardiadecuenca.es\/?p=3047\" \/>\n<meta property=\"og:site_name\" content=\"La Vanguardia de Cuenca\" \/>\n<meta property=\"article:published_time\" content=\"2012-09-26T21:09:09+00:00\" \/>\n<meta name=\"author\" content=\"admin6567\" \/>\n<meta name=\"twitter:card\" content=\"summary_large_image\" \/>\n<meta name=\"twitter:label1\" content=\"Escrito por\" \/>\n\t<meta name=\"twitter:data1\" content=\"admin6567\" \/>\n\t<meta name=\"twitter:label2\" content=\"Tiempo de lectura\" \/>\n\t<meta name=\"twitter:data2\" content=\"9 minutos\" \/>\n<script type=\"application\/ld+json\" class=\"yoast-schema-graph\">{\"@context\":\"https:\\\/\\\/schema.org\",\"@graph\":[{\"@type\":\"Article\",\"@id\":\"https:\\\/\\\/lavanguardiadecuenca.es\\\/?p=3047#article\",\"isPartOf\":{\"@id\":\"https:\\\/\\\/lavanguardiadecuenca.es\\\/?p=3047\"},\"author\":{\"name\":\"admin6567\",\"@id\":\"https:\\\/\\\/lavanguardiadecuenca.es\\\/#\\\/schema\\\/person\\\/533d101fbc2a9ecf6af26aeddcaf1abd\"},\"headline\":\"La perversi\u00f3n del concepto \u201cdemocracia\u201d en boca de las izquierdas (por Miguel Massanet Bosch)\",\"datePublished\":\"2012-09-26T21:09:09+00:00\",\"mainEntityOfPage\":{\"@id\":\"https:\\\/\\\/lavanguardiadecuenca.es\\\/?p=3047\"},\"wordCount\":1759,\"commentCount\":0,\"publisher\":{\"@id\":\"https:\\\/\\\/lavanguardiadecuenca.es\\\/#\\\/schema\\\/person\\\/efd3b99fe10ec3fad96a88f3ae7d092f\"},\"articleSection\":[\"Uncategorized\"],\"inLanguage\":\"es\",\"potentialAction\":[{\"@type\":\"CommentAction\",\"name\":\"Comment\",\"target\":[\"https:\\\/\\\/lavanguardiadecuenca.es\\\/?p=3047#respond\"]}]},{\"@type\":\"WebPage\",\"@id\":\"https:\\\/\\\/lavanguardiadecuenca.es\\\/?p=3047\",\"url\":\"https:\\\/\\\/lavanguardiadecuenca.es\\\/?p=3047\",\"name\":\"La perversi\u00f3n del concepto \u201cdemocracia\u201d en boca de las izquierdas (por Miguel Massanet Bosch) - La Vanguardia de Cuenca\",\"isPartOf\":{\"@id\":\"https:\\\/\\\/lavanguardiadecuenca.es\\\/#website\"},\"datePublished\":\"2012-09-26T21:09:09+00:00\",\"breadcrumb\":{\"@id\":\"https:\\\/\\\/lavanguardiadecuenca.es\\\/?p=3047#breadcrumb\"},\"inLanguage\":\"es\",\"potentialAction\":[{\"@type\":\"ReadAction\",\"target\":[\"https:\\\/\\\/lavanguardiadecuenca.es\\\/?p=3047\"]}]},{\"@type\":\"BreadcrumbList\",\"@id\":\"https:\\\/\\\/lavanguardiadecuenca.es\\\/?p=3047#breadcrumb\",\"itemListElement\":[{\"@type\":\"ListItem\",\"position\":1,\"name\":\"Portada\",\"item\":\"https:\\\/\\\/lavanguardiadecuenca.es\\\/\"},{\"@type\":\"ListItem\",\"position\":2,\"name\":\"La perversi\u00f3n del concepto \u201cdemocracia\u201d en boca de las izquierdas (por Miguel Massanet Bosch)\"}]},{\"@type\":\"WebSite\",\"@id\":\"https:\\\/\\\/lavanguardiadecuenca.es\\\/#website\",\"url\":\"https:\\\/\\\/lavanguardiadecuenca.es\\\/\",\"name\":\"La Vanguardia de Cuenca\",\"description\":\"Intereses: comunicaci\u00f3n y actualidad en general, weblogs, sociedad, pol\u00edtica\",\"publisher\":{\"@id\":\"https:\\\/\\\/lavanguardiadecuenca.es\\\/#\\\/schema\\\/person\\\/efd3b99fe10ec3fad96a88f3ae7d092f\"},\"potentialAction\":[{\"@type\":\"SearchAction\",\"target\":{\"@type\":\"EntryPoint\",\"urlTemplate\":\"https:\\\/\\\/lavanguardiadecuenca.es\\\/?s={search_term_string}\"},\"query-input\":{\"@type\":\"PropertyValueSpecification\",\"valueRequired\":true,\"valueName\":\"search_term_string\"}}],\"inLanguage\":\"es\"},{\"@type\":[\"Person\",\"Organization\"],\"@id\":\"https:\\\/\\\/lavanguardiadecuenca.es\\\/#\\\/schema\\\/person\\\/efd3b99fe10ec3fad96a88f3ae7d092f\",\"name\":\"Juan Andr\u00e9s Buedo\",\"image\":{\"@type\":\"ImageObject\",\"inLanguage\":\"es\",\"@id\":\"https:\\\/\\\/lavanguardiadecuenca.es\\\/wp-content\\\/uploads\\\/2025\\\/09\\\/6a00d8341c734753ef0278801a3634200d-250si.jpg\",\"url\":\"https:\\\/\\\/lavanguardiadecuenca.es\\\/wp-content\\\/uploads\\\/2025\\\/09\\\/6a00d8341c734753ef0278801a3634200d-250si.jpg\",\"contentUrl\":\"https:\\\/\\\/lavanguardiadecuenca.es\\\/wp-content\\\/uploads\\\/2025\\\/09\\\/6a00d8341c734753ef0278801a3634200d-250si.jpg\",\"width\":250,\"height\":250,\"caption\":\"Juan Andr\u00e9s Buedo\"},\"logo\":{\"@id\":\"https:\\\/\\\/lavanguardiadecuenca.es\\\/wp-content\\\/uploads\\\/2025\\\/09\\\/6a00d8341c734753ef0278801a3634200d-250si.jpg\"},\"sameAs\":[\"https:\\\/\\\/lavanguardiadecuenca.es\\\/\"]},{\"@type\":\"Person\",\"@id\":\"https:\\\/\\\/lavanguardiadecuenca.es\\\/#\\\/schema\\\/person\\\/533d101fbc2a9ecf6af26aeddcaf1abd\",\"name\":\"admin6567\",\"image\":{\"@type\":\"ImageObject\",\"inLanguage\":\"es\",\"@id\":\"https:\\\/\\\/secure.gravatar.com\\\/avatar\\\/79503df8b75d394ce1e22cb5293c3e8fee42d212f6de88e2d65bfaa128f73542?s=96&d=mm&r=g\",\"url\":\"https:\\\/\\\/secure.gravatar.com\\\/avatar\\\/79503df8b75d394ce1e22cb5293c3e8fee42d212f6de88e2d65bfaa128f73542?s=96&d=mm&r=g\",\"contentUrl\":\"https:\\\/\\\/secure.gravatar.com\\\/avatar\\\/79503df8b75d394ce1e22cb5293c3e8fee42d212f6de88e2d65bfaa128f73542?s=96&d=mm&r=g\",\"caption\":\"admin6567\"},\"sameAs\":[\"http:\\\/\\\/lavanguardiadecuenca.es\"],\"url\":\"https:\\\/\\\/lavanguardiadecuenca.es\\\/?author=1\"}]}<\/script>\n<!-- \/ Yoast SEO plugin. -->","yoast_head_json":{"title":"La perversi\u00f3n del concepto \u201cdemocracia\u201d en boca de las izquierdas (por Miguel Massanet Bosch) - La Vanguardia de Cuenca","robots":{"index":"index","follow":"follow","max-snippet":"max-snippet:-1","max-image-preview":"max-image-preview:large","max-video-preview":"max-video-preview:-1"},"canonical":"https:\/\/lavanguardiadecuenca.es\/?p=3047","og_locale":"es_ES","og_type":"article","og_title":"La perversi\u00f3n del concepto \u201cdemocracia\u201d en boca de las izquierdas (por Miguel Massanet Bosch) - La Vanguardia de Cuenca","og_description":"\u00a0 Thomas Macaulay, lord Macaulay, humanista, poeta e historiador brit\u00e1nico del siglo XIX, hombre de exquisita educaci\u00f3n y gran facilidad de palabra; de quien se cuenta la an\u00e9cdota de que, siendo ni\u00f1o y yendo de paseo con su madre, se fij\u00f3 en el humo que sal\u00eda por las altas chimeneas de las f\u00e1bricas, e intrigado...","og_url":"https:\/\/lavanguardiadecuenca.es\/?p=3047","og_site_name":"La Vanguardia de Cuenca","article_published_time":"2012-09-26T21:09:09+00:00","author":"admin6567","twitter_card":"summary_large_image","twitter_misc":{"Escrito por":"admin6567","Tiempo de lectura":"9 minutos"},"schema":{"@context":"https:\/\/schema.org","@graph":[{"@type":"Article","@id":"https:\/\/lavanguardiadecuenca.es\/?p=3047#article","isPartOf":{"@id":"https:\/\/lavanguardiadecuenca.es\/?p=3047"},"author":{"name":"admin6567","@id":"https:\/\/lavanguardiadecuenca.es\/#\/schema\/person\/533d101fbc2a9ecf6af26aeddcaf1abd"},"headline":"La perversi\u00f3n del concepto \u201cdemocracia\u201d en boca de las izquierdas (por Miguel Massanet Bosch)","datePublished":"2012-09-26T21:09:09+00:00","mainEntityOfPage":{"@id":"https:\/\/lavanguardiadecuenca.es\/?p=3047"},"wordCount":1759,"commentCount":0,"publisher":{"@id":"https:\/\/lavanguardiadecuenca.es\/#\/schema\/person\/efd3b99fe10ec3fad96a88f3ae7d092f"},"articleSection":["Uncategorized"],"inLanguage":"es","potentialAction":[{"@type":"CommentAction","name":"Comment","target":["https:\/\/lavanguardiadecuenca.es\/?p=3047#respond"]}]},{"@type":"WebPage","@id":"https:\/\/lavanguardiadecuenca.es\/?p=3047","url":"https:\/\/lavanguardiadecuenca.es\/?p=3047","name":"La perversi\u00f3n del concepto \u201cdemocracia\u201d en boca de las izquierdas (por Miguel Massanet Bosch) - La Vanguardia de Cuenca","isPartOf":{"@id":"https:\/\/lavanguardiadecuenca.es\/#website"},"datePublished":"2012-09-26T21:09:09+00:00","breadcrumb":{"@id":"https:\/\/lavanguardiadecuenca.es\/?p=3047#breadcrumb"},"inLanguage":"es","potentialAction":[{"@type":"ReadAction","target":["https:\/\/lavanguardiadecuenca.es\/?p=3047"]}]},{"@type":"BreadcrumbList","@id":"https:\/\/lavanguardiadecuenca.es\/?p=3047#breadcrumb","itemListElement":[{"@type":"ListItem","position":1,"name":"Portada","item":"https:\/\/lavanguardiadecuenca.es\/"},{"@type":"ListItem","position":2,"name":"La perversi\u00f3n del concepto \u201cdemocracia\u201d en boca de las izquierdas (por Miguel Massanet Bosch)"}]},{"@type":"WebSite","@id":"https:\/\/lavanguardiadecuenca.es\/#website","url":"https:\/\/lavanguardiadecuenca.es\/","name":"La Vanguardia de Cuenca","description":"Intereses: comunicaci\u00f3n y actualidad en general, weblogs, sociedad, pol\u00edtica","publisher":{"@id":"https:\/\/lavanguardiadecuenca.es\/#\/schema\/person\/efd3b99fe10ec3fad96a88f3ae7d092f"},"potentialAction":[{"@type":"SearchAction","target":{"@type":"EntryPoint","urlTemplate":"https:\/\/lavanguardiadecuenca.es\/?s={search_term_string}"},"query-input":{"@type":"PropertyValueSpecification","valueRequired":true,"valueName":"search_term_string"}}],"inLanguage":"es"},{"@type":["Person","Organization"],"@id":"https:\/\/lavanguardiadecuenca.es\/#\/schema\/person\/efd3b99fe10ec3fad96a88f3ae7d092f","name":"Juan Andr\u00e9s Buedo","image":{"@type":"ImageObject","inLanguage":"es","@id":"https:\/\/lavanguardiadecuenca.es\/wp-content\/uploads\/2025\/09\/6a00d8341c734753ef0278801a3634200d-250si.jpg","url":"https:\/\/lavanguardiadecuenca.es\/wp-content\/uploads\/2025\/09\/6a00d8341c734753ef0278801a3634200d-250si.jpg","contentUrl":"https:\/\/lavanguardiadecuenca.es\/wp-content\/uploads\/2025\/09\/6a00d8341c734753ef0278801a3634200d-250si.jpg","width":250,"height":250,"caption":"Juan Andr\u00e9s Buedo"},"logo":{"@id":"https:\/\/lavanguardiadecuenca.es\/wp-content\/uploads\/2025\/09\/6a00d8341c734753ef0278801a3634200d-250si.jpg"},"sameAs":["https:\/\/lavanguardiadecuenca.es\/"]},{"@type":"Person","@id":"https:\/\/lavanguardiadecuenca.es\/#\/schema\/person\/533d101fbc2a9ecf6af26aeddcaf1abd","name":"admin6567","image":{"@type":"ImageObject","inLanguage":"es","@id":"https:\/\/secure.gravatar.com\/avatar\/79503df8b75d394ce1e22cb5293c3e8fee42d212f6de88e2d65bfaa128f73542?s=96&d=mm&r=g","url":"https:\/\/secure.gravatar.com\/avatar\/79503df8b75d394ce1e22cb5293c3e8fee42d212f6de88e2d65bfaa128f73542?s=96&d=mm&r=g","contentUrl":"https:\/\/secure.gravatar.com\/avatar\/79503df8b75d394ce1e22cb5293c3e8fee42d212f6de88e2d65bfaa128f73542?s=96&d=mm&r=g","caption":"admin6567"},"sameAs":["http:\/\/lavanguardiadecuenca.es"],"url":"https:\/\/lavanguardiadecuenca.es\/?author=1"}]}},"_links":{"self":[{"href":"https:\/\/lavanguardiadecuenca.es\/index.php?rest_route=\/wp\/v2\/posts\/3047","targetHints":{"allow":["GET"]}}],"collection":[{"href":"https:\/\/lavanguardiadecuenca.es\/index.php?rest_route=\/wp\/v2\/posts"}],"about":[{"href":"https:\/\/lavanguardiadecuenca.es\/index.php?rest_route=\/wp\/v2\/types\/post"}],"author":[{"embeddable":true,"href":"https:\/\/lavanguardiadecuenca.es\/index.php?rest_route=\/wp\/v2\/users\/1"}],"replies":[{"embeddable":true,"href":"https:\/\/lavanguardiadecuenca.es\/index.php?rest_route=%2Fwp%2Fv2%2Fcomments&post=3047"}],"version-history":[{"count":0,"href":"https:\/\/lavanguardiadecuenca.es\/index.php?rest_route=\/wp\/v2\/posts\/3047\/revisions"}],"wp:attachment":[{"href":"https:\/\/lavanguardiadecuenca.es\/index.php?rest_route=%2Fwp%2Fv2%2Fmedia&parent=3047"}],"wp:term":[{"taxonomy":"category","embeddable":true,"href":"https:\/\/lavanguardiadecuenca.es\/index.php?rest_route=%2Fwp%2Fv2%2Fcategories&post=3047"},{"taxonomy":"post_tag","embeddable":true,"href":"https:\/\/lavanguardiadecuenca.es\/index.php?rest_route=%2Fwp%2Fv2%2Ftags&post=3047"}],"curies":[{"name":"wp","href":"https:\/\/api.w.org\/{rel}","templated":true}]}}