{"id":3004,"date":"2012-10-12T20:00:24","date_gmt":"2012-10-12T20:00:24","guid":{"rendered":"https:\/\/lavanguardiadecuenca.es\/?p=3004"},"modified":"2012-10-12T20:00:24","modified_gmt":"2012-10-12T20:00:24","slug":"mas-el-timbaler-del-bruch-del-independentismo-por-miguel-massanet-bosch","status":"publish","type":"post","link":"https:\/\/lavanguardiadecuenca.es\/?p=3004","title":{"rendered":"Mas, el \u201cTimbaler del Bruch\u201d del independentismo (por Miguel Massanet Bosch)"},"content":{"rendered":"<p style=\"text-align: justify\">\n\u00a0<\/p>\n<p style=\"text-align: justify\"><span style=\"font-family:Arial; font-size:10pt\">Es posible que hayamos llegado a un punto de no retorno a causa de la evidente ruptura que se ha producido entre la Espa\u00f1a constitucional y Catalunya. Lo cierto es que, cada d\u00eda que pasa, se van produciendo acontecimientos que nos hacen pensar en que la prudencia, la contenci\u00f3n, el sentido com\u00fan y el famoso \u00abseny\u00bb, que se le atribu\u00edan al pueblo catal\u00e1n, ha degenerado en una peligrosa, desproporcionada e inoportuna ans\u00eda de enfrentamiento a la naci\u00f3n espa\u00f1ola y a sus ciudadanos que, quiz\u00e1, encontrar\u00eda su explicaci\u00f3n en un sentimiento de desapego, de frustraci\u00f3n y de rencor ante la injusta y fuera de lugar percepci\u00f3n de que Espa\u00f1a pretende abusar de los catalanes o de que existe una antipat\u00eda end\u00e9mica en contra de ellos \u2013cuando, si se ha producido en el resto de los ciudadanos espa\u00f1oles un sentimiento de rechazo hacia Catalunya, se ha debido a que se han hartado de aguantar ofensas, amenazas y descalificaciones de los pol\u00edticos y dem\u00e1s medios de expresi\u00f3n catalanes \u2013 que se puede concretar en frases lapidarias como la del periodista catal\u00e1n V\u00edctor Alexandre, cuando dijo: \u00ab<em>En el caso de Catalu\u00f1a y Espa\u00f1a, solo una de las partes es dem\u00f3crata, la catalana. La otra es totalitaria, arrogante y desp\u00f3tica\u00bb<\/em>.(Evidentemente, si hablamos de democracia dentro de un Estado de Derecho, es f\u00e1cil atribuirle a cada una de las partes la calificaci\u00f3n que le corresponde que no es, evidentemente, la que les otorga este sujeto, en su utop\u00eda separatista) o en otra, no menos amenazadora, expresada  por este personajillo con humos de actor, Joel Joan, l\u00edder de la plataforma <em>Soberan\u00eda y Progres<\/em>, promotora de las consultas extraoficiales sobre la independencia, que dej\u00f3 claros sus sentimientos al proclamar: \u00ab<em>Cuando se gire la tortilla, quien no sea independentista ser\u00e1 un traidor\u00bb.<br \/>\n<\/em><\/span><\/p>\n<p style=\"text-align: justify\"><span style=\"font-family:Arial; font-size:10pt\">El mismo Jordi Pujol, este l\u00edder de CDC, aparentemente retirado, pero que nadie duda de que mueve los hilos de la trama desde detr\u00e1s de las candilejas, est\u00e1 jugando su propia partida a favor de su hijo, Oriol Pujol, el delf\u00edn que su padre tiene en mente para suceder a Mas, al que ha conseguido situar en un callej\u00f3n sin salida en el que, a\u00fan saliendo airoso de su enfrentamiento con el Estado (algo materialmente imposible), est\u00e1 condenado al ostracismo pol\u00edtico. Pero, para el ciudadano de a pie, existe la inquietante sensaci\u00f3n de que, tanto al gobierno del PP, tard\u00edo y excesivamente cauteloso en tomar en serio el peligro de involuci\u00f3n nacionalista en Catalunya, como el propio se\u00f1or Mas que no calcul\u00f3 bien los posibles resultados de su juego separatista y, ahora, se ve acosado por los partidos m\u00e1s extremistas ( ERC e IC y V,) para que no ceda un \u00e1pice respecto a sus promesas independentistas y siga, en su camino sin retorno, hacia la separaci\u00f3n de la comunidad catalana del resto de Espa\u00f1a.<br \/>\n<\/span><\/p>\n<p style=\"text-align: justify\"><span style=\"font-family:Arial; font-size:10pt\">Durante estos \u00faltimos d\u00edas se vienen produciendo hechos aislados que confirman que los extremismos catalanistas han hincado fuerte su garra en el tema independentista para insistir, a trav\u00e9s de los medios, en su ofensiva contra Espa\u00f1a. El caso de lo ocurrido en la TV3 donde, en un programa, \u00ab<em>Bestiari Il-ustrat<\/em>\u00ab, se fingi\u00f3 que unos conocidos separatistas disparaban sobre unos blancos en los que figuraban las efigies del Rey, de Salvador Sostres, de F\u00e9lix Millet o del mismo pr\u00edncipe Carlos de Inglaterra ( el programa fue retirado y apartada su directora). Otro caso. En la cadena local privada, <em>Canal 21 Ebre, <\/em>se emiti\u00f3 un programa <em>\u00abPetits artistas<\/em>\u00ab, en el que a unos ni\u00f1os de primaria se les preguntaba, despu\u00e9s de que la mayor\u00eda de ellos se declararan independentistas, las causas por las que prefer\u00edan la independencia. La contestaci\u00f3n demuestra a las claras el tipo de ense\u00f1anza que se les imparte y las ideas que le vienen imbuyendo en la autonom\u00eda catalana, cuando la contestaci\u00f3n fue: \u00ab<em>no queremos pagar los impuestos a toda Espa\u00f1a y qued\u00e1rnoslos nosotros\u00bb<\/em> \u00a1maravillosa demostraci\u00f3n del esp\u00edritu de solidaridad la que se les ha imbuido a estos ni\u00f1os por el sistema de ense\u00f1anza catal\u00e1n! Otro ni\u00f1o se refiri\u00f3 a la independencia con estas ilustrativas palabras: \u00ab<em>Tal y como est\u00e1 Espa\u00f1a mejor ser catal\u00e1n<\/em>\u00ab. Pero no deben ustedes sorprenderse ni tampoco se lleven las manos a la cabeza cuando escuchen a Mas decir cosas como estas:\u00bb<em>Habr\u00e1 consulta a los catalanes dentro de un marco legal, si o si\u00bb,<\/em> \u00bfqu\u00e9 entender\u00e1 el se\u00f1or Mas por marco legal?, \u00bfser\u00e1 el que ellos fabricar\u00e1n para Catalunya? Seguro que no se referir\u00e1n ni en sus ensue\u00f1os, al marco que establece la Constituci\u00f3n espa\u00f1ola, porque sabe perfectamente que no es el camino que le llevar\u00e1 al \u00e9xito.<br \/>\n<\/span><\/p>\n<p style=\"text-align: justify\"><span style=\"font-family:Arial; font-size:10pt\">El que, en La Vanguardia del sibilino conde God\u00f3, una veleta pol\u00edtica donde las haya, el se\u00f1or Mas insista, una y otra vez ,en sus desaf\u00edos al Estado de Derecho con expresiones como que \u00abla <em>pervivencia de Espa\u00f1a pasa por el reconocimientos de las naciones hist\u00f3ricas\u00bb \u00bf<\/em>d\u00f3nde deja usted la indivisibilidad de la naci\u00f3n espa\u00f1ola recogida en la Constituci\u00f3n? Pero donde el se\u00f1or Mas, que se extiende ampliamente en su programa separatista, para que no haya duda sobre cu\u00e1les son sus intenciones, es cuando quiere poner el ejemplo de Escocia para establecer un paralelismo con Catalunya. Lo que se olvida de decir el se\u00f1or Presidente es que, antes de que se uniera a Inglaterra y formaran todos el UK; Escocia ya era una naci\u00f3n independiente. Catalunya siempre perteneci\u00f3 a la Corona de Arag\u00f3n y nunca consigui\u00f3 independizarse de ella; eso s\u00ed, supo robarles su bandera de las cuatro barras a la que, \u00faltimamente, unos desaprensivos, a los que no les importa asumir la representaci\u00f3n de todo el pueblo catal\u00e1n, han querido mancillar coloc\u00e1ndole una estrella como s\u00edmbolo de sus aspiraciones espurias.<br \/>\n<\/span><\/p>\n<p style=\"text-align: justify\"><span style=\"font-family:Arial; font-size:10pt\">Los ciudadanos espa\u00f1oles, una vez m\u00e1s, han demostrado su desconfianza hacia el sistema auton\u00f3mico en una encuesta (de El Pa\u00eds) en la que la mayor\u00eda de consultados preferir\u00eda, a la vista de los resultados de las autonom\u00edas, quitarles una parte de sus competencias. En todo caso, yo quisiera proponerle al se\u00f1or Mas, que se ve obligado a administrar una deuda de 43.000 millones de euros; con una Sanidad deficitaria y con 600.000 parados en su autonom\u00eda \u00bfqu\u00e9 garant\u00eda les podr\u00eda dar a los pensionistas catalanes de que podr\u00edan seguir pag\u00e1ndoles sus pensiones, cuando han sido incapaces de pagar a los funcionarios a su tiempo? \u00bfEstar\u00eda, el ut\u00f3pico estado catal\u00e1n, en condiciones de asumir sus compromisos sociales, como por ejemplo, pagar el subsidio de desempleo? Con la deuda p\u00fablica catalana clasificada como \u00abdeuda basura\u00bb \u00bfde d\u00f3nde sacar\u00edan los pr\u00e9stamos para seguir atendiendo sus deudas o reducir su d\u00e9ficit? \u00bfC\u00f3mo podr\u00edan colocar su deuda p\u00fablica, a qu\u00e9 intereses, con que garant\u00eda de seguro de pago etc.? O es que todos estos \u00abpeque\u00f1os\u00bb detalles no tienen que explic\u00e1rselos a los ciudadanos catalanes, antes de emprender esta arriesgada aventura de enfrentarse a Espa\u00f1a. \u00bfY de la Sanidad qu\u00e9? Cuidado con ofrecer aquello que es imposible.<br \/>\n<\/span><\/p>\n<p style=\"text-align: justify\"><span style=\"font-family:Arial; font-size:10pt\">Y, por favor, se\u00f1or M\u00e1s y se\u00f1or Urkullu, dejen de una vez de hablar de estar dentro de Europa, porque saben ustedes que, tal y como est\u00e1 actualmente la legislaci\u00f3n europea, respecto a las condiciones para que sean admitidos nuevos pa\u00edses, es de todo punto imposible que se cumplan sus objetivos, teniendo en cuenta de que ni Alemania ni  Francia, ni Holanda ni muchos otros pa\u00edses de la CE, est\u00e1n por la tarea de aumentar el n\u00famero de pa\u00edses comunitarios y, mucho menos,( por as\u00ed estar recogido en la legislaci\u00f3n europea) a aquellas nuevas naciones separadas de alguna de los pa\u00edses miembros de la CE. \u00a1Ah! y no se quejen de que se quiera cambiar el m\u00e9todo de escolarizaci\u00f3n, genuinamente separatista y desconocedor de la realidad espa\u00f1ola, al que se ha referido el ministro Wert, al que debemos felicitar por su valent\u00eda  y su sentido com\u00fan. O as\u00ed es, se\u00f1ores, como los espa\u00f1oles catalanes vemos, con preocupaci\u00f3n, el tema separatista.<br \/>\n<\/span><\/p>\n<p style=\"margin-left: 36pt\"><span style=\"color:#1f497d\"><strong>Miguel Massanet Bosch<\/strong><\/span><\/p>\n","protected":false},"excerpt":{"rendered":"<p>\u00a0 Es posible que hayamos llegado a un punto de no retorno a causa de la evidente ruptura que se ha producido entre la Espa\u00f1a constitucional y Catalunya. Lo cierto es que, cada d\u00eda que pasa, se van produciendo acontecimientos que nos hacen pensar en que la prudencia, la contenci\u00f3n, el sentido com\u00fan y el&#8230;<\/p>\n","protected":false},"author":1,"featured_media":0,"comment_status":"open","ping_status":"open","sticky":false,"template":"","format":"standard","meta":{"rop_custom_images_group":[],"rop_custom_messages_group":[],"rop_publish_now":"initial","rop_publish_now_accounts":[],"rop_publish_now_history":[],"rop_publish_now_status":"pending","footnotes":""},"categories":[1],"tags":[],"class_list":["post-3004","post","type-post","status-publish","format-standard","hentry","category-uncategorized"],"yoast_head":"<!-- This site is optimized with the Yoast SEO plugin v27.5 - https:\/\/yoast.com\/product\/yoast-seo-wordpress\/ -->\n<title>Mas, el \u201cTimbaler del Bruch\u201d del independentismo (por Miguel Massanet Bosch) - La Vanguardia de Cuenca<\/title>\n<meta name=\"robots\" content=\"index, follow, max-snippet:-1, max-image-preview:large, max-video-preview:-1\" \/>\n<link rel=\"canonical\" href=\"https:\/\/lavanguardiadecuenca.es\/?p=3004\" \/>\n<meta property=\"og:locale\" content=\"es_ES\" \/>\n<meta property=\"og:type\" content=\"article\" \/>\n<meta property=\"og:title\" content=\"Mas, el \u201cTimbaler del Bruch\u201d del independentismo (por Miguel Massanet Bosch) - La Vanguardia de Cuenca\" \/>\n<meta property=\"og:description\" content=\"\u00a0 Es posible que hayamos llegado a un punto de no retorno a causa de la evidente ruptura que se ha producido entre la Espa\u00f1a constitucional y Catalunya. Lo cierto es que, cada d\u00eda que pasa, se van produciendo acontecimientos que nos hacen pensar en que la prudencia, la contenci\u00f3n, el sentido com\u00fan y el...\" \/>\n<meta property=\"og:url\" content=\"https:\/\/lavanguardiadecuenca.es\/?p=3004\" \/>\n<meta property=\"og:site_name\" content=\"La Vanguardia de Cuenca\" \/>\n<meta property=\"article:published_time\" content=\"2012-10-12T20:00:24+00:00\" \/>\n<meta name=\"author\" content=\"admin6567\" \/>\n<meta name=\"twitter:card\" content=\"summary_large_image\" \/>\n<meta name=\"twitter:label1\" content=\"Escrito por\" \/>\n\t<meta name=\"twitter:data1\" content=\"admin6567\" \/>\n\t<meta name=\"twitter:label2\" content=\"Tiempo de lectura\" \/>\n\t<meta name=\"twitter:data2\" content=\"7 minutos\" \/>\n<script type=\"application\/ld+json\" class=\"yoast-schema-graph\">{\"@context\":\"https:\\\/\\\/schema.org\",\"@graph\":[{\"@type\":\"Article\",\"@id\":\"https:\\\/\\\/lavanguardiadecuenca.es\\\/?p=3004#article\",\"isPartOf\":{\"@id\":\"https:\\\/\\\/lavanguardiadecuenca.es\\\/?p=3004\"},\"author\":{\"name\":\"admin6567\",\"@id\":\"https:\\\/\\\/lavanguardiadecuenca.es\\\/#\\\/schema\\\/person\\\/533d101fbc2a9ecf6af26aeddcaf1abd\"},\"headline\":\"Mas, el \u201cTimbaler del Bruch\u201d del independentismo (por Miguel Massanet Bosch)\",\"datePublished\":\"2012-10-12T20:00:24+00:00\",\"mainEntityOfPage\":{\"@id\":\"https:\\\/\\\/lavanguardiadecuenca.es\\\/?p=3004\"},\"wordCount\":1451,\"commentCount\":0,\"publisher\":{\"@id\":\"https:\\\/\\\/lavanguardiadecuenca.es\\\/#\\\/schema\\\/person\\\/efd3b99fe10ec3fad96a88f3ae7d092f\"},\"articleSection\":[\"Uncategorized\"],\"inLanguage\":\"es\",\"potentialAction\":[{\"@type\":\"CommentAction\",\"name\":\"Comment\",\"target\":[\"https:\\\/\\\/lavanguardiadecuenca.es\\\/?p=3004#respond\"]}]},{\"@type\":\"WebPage\",\"@id\":\"https:\\\/\\\/lavanguardiadecuenca.es\\\/?p=3004\",\"url\":\"https:\\\/\\\/lavanguardiadecuenca.es\\\/?p=3004\",\"name\":\"Mas, el \u201cTimbaler del Bruch\u201d del independentismo (por Miguel Massanet Bosch) - La Vanguardia de Cuenca\",\"isPartOf\":{\"@id\":\"https:\\\/\\\/lavanguardiadecuenca.es\\\/#website\"},\"datePublished\":\"2012-10-12T20:00:24+00:00\",\"breadcrumb\":{\"@id\":\"https:\\\/\\\/lavanguardiadecuenca.es\\\/?p=3004#breadcrumb\"},\"inLanguage\":\"es\",\"potentialAction\":[{\"@type\":\"ReadAction\",\"target\":[\"https:\\\/\\\/lavanguardiadecuenca.es\\\/?p=3004\"]}]},{\"@type\":\"BreadcrumbList\",\"@id\":\"https:\\\/\\\/lavanguardiadecuenca.es\\\/?p=3004#breadcrumb\",\"itemListElement\":[{\"@type\":\"ListItem\",\"position\":1,\"name\":\"Portada\",\"item\":\"https:\\\/\\\/lavanguardiadecuenca.es\\\/\"},{\"@type\":\"ListItem\",\"position\":2,\"name\":\"Mas, el \u201cTimbaler del Bruch\u201d del independentismo (por Miguel Massanet Bosch)\"}]},{\"@type\":\"WebSite\",\"@id\":\"https:\\\/\\\/lavanguardiadecuenca.es\\\/#website\",\"url\":\"https:\\\/\\\/lavanguardiadecuenca.es\\\/\",\"name\":\"La Vanguardia de Cuenca\",\"description\":\"Intereses: comunicaci\u00f3n y actualidad en general, weblogs, sociedad, pol\u00edtica\",\"publisher\":{\"@id\":\"https:\\\/\\\/lavanguardiadecuenca.es\\\/#\\\/schema\\\/person\\\/efd3b99fe10ec3fad96a88f3ae7d092f\"},\"potentialAction\":[{\"@type\":\"SearchAction\",\"target\":{\"@type\":\"EntryPoint\",\"urlTemplate\":\"https:\\\/\\\/lavanguardiadecuenca.es\\\/?s={search_term_string}\"},\"query-input\":{\"@type\":\"PropertyValueSpecification\",\"valueRequired\":true,\"valueName\":\"search_term_string\"}}],\"inLanguage\":\"es\"},{\"@type\":[\"Person\",\"Organization\"],\"@id\":\"https:\\\/\\\/lavanguardiadecuenca.es\\\/#\\\/schema\\\/person\\\/efd3b99fe10ec3fad96a88f3ae7d092f\",\"name\":\"Juan Andr\u00e9s Buedo\",\"image\":{\"@type\":\"ImageObject\",\"inLanguage\":\"es\",\"@id\":\"https:\\\/\\\/lavanguardiadecuenca.es\\\/wp-content\\\/uploads\\\/2025\\\/09\\\/6a00d8341c734753ef0278801a3634200d-250si.jpg\",\"url\":\"https:\\\/\\\/lavanguardiadecuenca.es\\\/wp-content\\\/uploads\\\/2025\\\/09\\\/6a00d8341c734753ef0278801a3634200d-250si.jpg\",\"contentUrl\":\"https:\\\/\\\/lavanguardiadecuenca.es\\\/wp-content\\\/uploads\\\/2025\\\/09\\\/6a00d8341c734753ef0278801a3634200d-250si.jpg\",\"width\":250,\"height\":250,\"caption\":\"Juan Andr\u00e9s Buedo\"},\"logo\":{\"@id\":\"https:\\\/\\\/lavanguardiadecuenca.es\\\/wp-content\\\/uploads\\\/2025\\\/09\\\/6a00d8341c734753ef0278801a3634200d-250si.jpg\"},\"sameAs\":[\"https:\\\/\\\/lavanguardiadecuenca.es\\\/\"]},{\"@type\":\"Person\",\"@id\":\"https:\\\/\\\/lavanguardiadecuenca.es\\\/#\\\/schema\\\/person\\\/533d101fbc2a9ecf6af26aeddcaf1abd\",\"name\":\"admin6567\",\"image\":{\"@type\":\"ImageObject\",\"inLanguage\":\"es\",\"@id\":\"https:\\\/\\\/secure.gravatar.com\\\/avatar\\\/79503df8b75d394ce1e22cb5293c3e8fee42d212f6de88e2d65bfaa128f73542?s=96&d=mm&r=g\",\"url\":\"https:\\\/\\\/secure.gravatar.com\\\/avatar\\\/79503df8b75d394ce1e22cb5293c3e8fee42d212f6de88e2d65bfaa128f73542?s=96&d=mm&r=g\",\"contentUrl\":\"https:\\\/\\\/secure.gravatar.com\\\/avatar\\\/79503df8b75d394ce1e22cb5293c3e8fee42d212f6de88e2d65bfaa128f73542?s=96&d=mm&r=g\",\"caption\":\"admin6567\"},\"sameAs\":[\"http:\\\/\\\/lavanguardiadecuenca.es\"],\"url\":\"https:\\\/\\\/lavanguardiadecuenca.es\\\/?author=1\"}]}<\/script>\n<!-- \/ Yoast SEO plugin. -->","yoast_head_json":{"title":"Mas, el \u201cTimbaler del Bruch\u201d del independentismo (por Miguel Massanet Bosch) - La Vanguardia de Cuenca","robots":{"index":"index","follow":"follow","max-snippet":"max-snippet:-1","max-image-preview":"max-image-preview:large","max-video-preview":"max-video-preview:-1"},"canonical":"https:\/\/lavanguardiadecuenca.es\/?p=3004","og_locale":"es_ES","og_type":"article","og_title":"Mas, el \u201cTimbaler del Bruch\u201d del independentismo (por Miguel Massanet Bosch) - La Vanguardia de Cuenca","og_description":"\u00a0 Es posible que hayamos llegado a un punto de no retorno a causa de la evidente ruptura que se ha producido entre la Espa\u00f1a constitucional y Catalunya. Lo cierto es que, cada d\u00eda que pasa, se van produciendo acontecimientos que nos hacen pensar en que la prudencia, la contenci\u00f3n, el sentido com\u00fan y el...","og_url":"https:\/\/lavanguardiadecuenca.es\/?p=3004","og_site_name":"La Vanguardia de Cuenca","article_published_time":"2012-10-12T20:00:24+00:00","author":"admin6567","twitter_card":"summary_large_image","twitter_misc":{"Escrito por":"admin6567","Tiempo de lectura":"7 minutos"},"schema":{"@context":"https:\/\/schema.org","@graph":[{"@type":"Article","@id":"https:\/\/lavanguardiadecuenca.es\/?p=3004#article","isPartOf":{"@id":"https:\/\/lavanguardiadecuenca.es\/?p=3004"},"author":{"name":"admin6567","@id":"https:\/\/lavanguardiadecuenca.es\/#\/schema\/person\/533d101fbc2a9ecf6af26aeddcaf1abd"},"headline":"Mas, el \u201cTimbaler del Bruch\u201d del independentismo (por Miguel Massanet Bosch)","datePublished":"2012-10-12T20:00:24+00:00","mainEntityOfPage":{"@id":"https:\/\/lavanguardiadecuenca.es\/?p=3004"},"wordCount":1451,"commentCount":0,"publisher":{"@id":"https:\/\/lavanguardiadecuenca.es\/#\/schema\/person\/efd3b99fe10ec3fad96a88f3ae7d092f"},"articleSection":["Uncategorized"],"inLanguage":"es","potentialAction":[{"@type":"CommentAction","name":"Comment","target":["https:\/\/lavanguardiadecuenca.es\/?p=3004#respond"]}]},{"@type":"WebPage","@id":"https:\/\/lavanguardiadecuenca.es\/?p=3004","url":"https:\/\/lavanguardiadecuenca.es\/?p=3004","name":"Mas, el \u201cTimbaler del Bruch\u201d del independentismo (por Miguel Massanet Bosch) - La Vanguardia de Cuenca","isPartOf":{"@id":"https:\/\/lavanguardiadecuenca.es\/#website"},"datePublished":"2012-10-12T20:00:24+00:00","breadcrumb":{"@id":"https:\/\/lavanguardiadecuenca.es\/?p=3004#breadcrumb"},"inLanguage":"es","potentialAction":[{"@type":"ReadAction","target":["https:\/\/lavanguardiadecuenca.es\/?p=3004"]}]},{"@type":"BreadcrumbList","@id":"https:\/\/lavanguardiadecuenca.es\/?p=3004#breadcrumb","itemListElement":[{"@type":"ListItem","position":1,"name":"Portada","item":"https:\/\/lavanguardiadecuenca.es\/"},{"@type":"ListItem","position":2,"name":"Mas, el \u201cTimbaler del Bruch\u201d del independentismo (por Miguel Massanet Bosch)"}]},{"@type":"WebSite","@id":"https:\/\/lavanguardiadecuenca.es\/#website","url":"https:\/\/lavanguardiadecuenca.es\/","name":"La Vanguardia de Cuenca","description":"Intereses: comunicaci\u00f3n y actualidad en general, weblogs, sociedad, pol\u00edtica","publisher":{"@id":"https:\/\/lavanguardiadecuenca.es\/#\/schema\/person\/efd3b99fe10ec3fad96a88f3ae7d092f"},"potentialAction":[{"@type":"SearchAction","target":{"@type":"EntryPoint","urlTemplate":"https:\/\/lavanguardiadecuenca.es\/?s={search_term_string}"},"query-input":{"@type":"PropertyValueSpecification","valueRequired":true,"valueName":"search_term_string"}}],"inLanguage":"es"},{"@type":["Person","Organization"],"@id":"https:\/\/lavanguardiadecuenca.es\/#\/schema\/person\/efd3b99fe10ec3fad96a88f3ae7d092f","name":"Juan Andr\u00e9s Buedo","image":{"@type":"ImageObject","inLanguage":"es","@id":"https:\/\/lavanguardiadecuenca.es\/wp-content\/uploads\/2025\/09\/6a00d8341c734753ef0278801a3634200d-250si.jpg","url":"https:\/\/lavanguardiadecuenca.es\/wp-content\/uploads\/2025\/09\/6a00d8341c734753ef0278801a3634200d-250si.jpg","contentUrl":"https:\/\/lavanguardiadecuenca.es\/wp-content\/uploads\/2025\/09\/6a00d8341c734753ef0278801a3634200d-250si.jpg","width":250,"height":250,"caption":"Juan Andr\u00e9s Buedo"},"logo":{"@id":"https:\/\/lavanguardiadecuenca.es\/wp-content\/uploads\/2025\/09\/6a00d8341c734753ef0278801a3634200d-250si.jpg"},"sameAs":["https:\/\/lavanguardiadecuenca.es\/"]},{"@type":"Person","@id":"https:\/\/lavanguardiadecuenca.es\/#\/schema\/person\/533d101fbc2a9ecf6af26aeddcaf1abd","name":"admin6567","image":{"@type":"ImageObject","inLanguage":"es","@id":"https:\/\/secure.gravatar.com\/avatar\/79503df8b75d394ce1e22cb5293c3e8fee42d212f6de88e2d65bfaa128f73542?s=96&d=mm&r=g","url":"https:\/\/secure.gravatar.com\/avatar\/79503df8b75d394ce1e22cb5293c3e8fee42d212f6de88e2d65bfaa128f73542?s=96&d=mm&r=g","contentUrl":"https:\/\/secure.gravatar.com\/avatar\/79503df8b75d394ce1e22cb5293c3e8fee42d212f6de88e2d65bfaa128f73542?s=96&d=mm&r=g","caption":"admin6567"},"sameAs":["http:\/\/lavanguardiadecuenca.es"],"url":"https:\/\/lavanguardiadecuenca.es\/?author=1"}]}},"_links":{"self":[{"href":"https:\/\/lavanguardiadecuenca.es\/index.php?rest_route=\/wp\/v2\/posts\/3004","targetHints":{"allow":["GET"]}}],"collection":[{"href":"https:\/\/lavanguardiadecuenca.es\/index.php?rest_route=\/wp\/v2\/posts"}],"about":[{"href":"https:\/\/lavanguardiadecuenca.es\/index.php?rest_route=\/wp\/v2\/types\/post"}],"author":[{"embeddable":true,"href":"https:\/\/lavanguardiadecuenca.es\/index.php?rest_route=\/wp\/v2\/users\/1"}],"replies":[{"embeddable":true,"href":"https:\/\/lavanguardiadecuenca.es\/index.php?rest_route=%2Fwp%2Fv2%2Fcomments&post=3004"}],"version-history":[{"count":0,"href":"https:\/\/lavanguardiadecuenca.es\/index.php?rest_route=\/wp\/v2\/posts\/3004\/revisions"}],"wp:attachment":[{"href":"https:\/\/lavanguardiadecuenca.es\/index.php?rest_route=%2Fwp%2Fv2%2Fmedia&parent=3004"}],"wp:term":[{"taxonomy":"category","embeddable":true,"href":"https:\/\/lavanguardiadecuenca.es\/index.php?rest_route=%2Fwp%2Fv2%2Fcategories&post=3004"},{"taxonomy":"post_tag","embeddable":true,"href":"https:\/\/lavanguardiadecuenca.es\/index.php?rest_route=%2Fwp%2Fv2%2Ftags&post=3004"}],"curies":[{"name":"wp","href":"https:\/\/api.w.org\/{rel}","templated":true}]}}