{"id":2946,"date":"2012-11-04T13:38:08","date_gmt":"2012-11-04T13:38:08","guid":{"rendered":"https:\/\/lavanguardiadecuenca.es\/?p=2946"},"modified":"2012-11-04T13:38:08","modified_gmt":"2012-11-04T13:38:08","slug":"no-cumplen-con-sus-compromisos-y-quieren-la-independencia-por-miguel-massanet-bosch","status":"publish","type":"post","link":"https:\/\/lavanguardiadecuenca.es\/?p=2946","title":{"rendered":"\u00bfNo cumplen con sus compromisos y quieren la independencia? (por Miguel Massanet Bosch)"},"content":{"rendered":"<p style=\"text-align: justify\">\n\u00a0<\/p>\n<p style=\"text-align: justify\"><span style=\"font-family:Arial; font-size:10pt\">\u00ab<em>Pacta sunt Servanda<\/em>\u00ab. Esta locuci\u00f3n latina que se traduce como \u00ablo pactado obliga\u00bb y constituye una de los principios b\u00e1sicos del derecho Civil espa\u00f1ol. No recuerdo que exista, en la legislaci\u00f3n espa\u00f1ola, ning\u00fan precepto que contradiga semejante compromiso que, por otra parte, ha venido siendo utilizado desde tiempos inmemoriales en todas las transacciones y convenios que se han venido llevando a cabo en todo el reino espa\u00f1ol. No obstante, se\u00f1ores, a pesar de que todos los espa\u00f1oles que, de una forma u otra, hemos estado cotizando a la Seguridad Social, obligatoriamente, no lo olvidemos, hemos tenido que cumplir nuestro compromiso con la Administraci\u00f3n durante nuestra vida laboral, no parece que quienes cumplir su parte del trato, est\u00e9n dispuestos a hacerlo<br \/>\n<\/span><\/p>\n<p style=\"text-align: justify\"><span style=\"font-family:Arial; font-size:10pt\">Porque, vean ustedes por donde, cuando se trata del Estado, de las Administraciones p\u00fablicas y de aquellas instituciones responsables de prestar los servicios por los que todos cotizamos; cuando los enfermos de larga duraci\u00f3n, los que tienen una incapacidad absoluta, los que cobran viudedad, orfandad o los mismos jubilados; pasan a depender de las pensiones de la Seguridad Social, se pueden encontrar, como sucede actualmente, que por parte de la Administraci\u00f3n p\u00fablica se comience a hacer recortes, variaciones, descuentos y dem\u00e1s alteraciones de aquella prestaci\u00f3n que se comprometi\u00f3 a pagar y que forma parte de la contraprestaci\u00f3n a la que tienen derecho aquellos que estuvieron cotizando, durante muchos a\u00f1os de su vida, para obtenerla.<br \/>\n<\/span><\/p>\n<p style=\"text-align: justify\"><span style=\"font-family:Arial; font-size:10pt\">En Catalunya, que siempre somos adelantados en esto de pagar tributos, tasas, impuestos y dem\u00e1s cargas tributarias, por aquello de ser diferentes del resto del Estado; ya se comenz\u00f3 a aplicar el copago de los medicamentos dispensados por las farmacias a los beneficiarios del Instituto de la Salud, un cobro que se adelant\u00f3 al resto de autonom\u00edas, consistente el pago de un euro por medicamento, desde hace ya un par de meses; ahora, como era de esperar, cuando el Estado ha dispuesto otro tipo de copago, basado en un complicado sistema relacionado con la renta de los beneficiarios ( algo que constituye una m\u00e1s de las cacicadas que se inventan los gobiernos cuando necesitan recaudar, a costa de lo que sea) nos encontramos que, al ir a recoger una medicina, no s\u00f3lo debemos pagar el mencionado euro, sino que debemos abonar  otra contribuci\u00f3n que se ha calculado sobre el IRPF de los beneficiarios, un c\u00e1lculo que no se nos ha facilitado y que, naturalmente, las farmacias donde expenden los medicamentos no tienen ni idea  ni, por cierto, deben tenerla, ya que se trata de un documento privado de cada persona. Eso s\u00ed, no proteste y pague porque, en caso contrario, no se le facilitar\u00e1 la receta que usted precisa para curar su enfermedad. Muchos pensionistas con pensiones escasas, el tener que abonar este sobreprecio les representa el tenerlo que sacar de otras partes de su econom\u00eda, algo imprevisto y que, en tiempo de crisis, con las pensiones casi congeladas, supone un grave trastorno para quienes ya no pueden trabajar ni obtener otro tipo de ayudas.<br \/>\n<\/span><\/p>\n<p style=\"text-align: justify\"><span style=\"font-family:Arial; font-size:10pt\">Ahora (todo lo malo se pega) han empezado a imitarlos en Madrid eso s\u00ed, \u00a1sin fines recaudatorios! S\u00f3lo para evitar abusos y despilfarros \u00bf?. No sabemos si, como ocurri\u00f3 en Catalunya, para llegar a destapar el enorme fraude existente en la dispensaci\u00f3n de recetas, algo que los inspectores, que cobran de nuestros impuestos, no supieron descubrir, a pesar de que timo a la SS., consistente en el uso de tarjetas de personas muertas para conseguir medicamentos gratis que luego se revenden parece que fue pr\u00e1ctica com\u00fan, como ha salido a la luz recientemente cuando se ha descubierto una mafia de m\u00e9dicos y farmac\u00e9uticos que hab\u00edan conseguido, con este procedimientos, pingues beneficios. \u00bfNo hubieran podido, los inspectores de la Sanidad, hacer su trabajo mejor, para que no hubiera sido necesario que quienes actuamos conforme a ley tengamos que pagar las consecuencias? Por lo visto no.<br \/>\n<\/span><\/p>\n<p style=\"text-align: justify\"><span style=\"font-family:Arial; font-size:10pt\">Pero, ya que hablamos de Catalunya y de sus organismos rectores, nos resulta muy cuesta arriba llegar a entender que, antes de acudir a recortar derechos de los ciudadanos el se\u00f1or Mas y sus correligionarios no hayan comenzado por meter la tijera a la mastod\u00f3ntica administraci\u00f3n catalana, nido de enchufados, refugio de amiguetes y reducto de independentistas designados a dedo por quienes ostentan el poder pol\u00edtico de esta autonom\u00eda. El detallar todos los recovecos de esta \u00abintocable\u00bb mafia p\u00fablica requerir\u00eda varios art\u00edculos, pero como no dispongo de tanto espacio s\u00f3lo me limitar\u00e9 a consignar algunos ejemplos:                                                                         <span style=\"text-decoration:underline\">N\u00ba empleados<\/span><br \/>\n<\/span><\/p>\n<p style=\"text-align: justify\"><span style=\"font-family:Arial; font-size:10pt\">Diputados auton\u00f3micos, provinciales, consejeros comarcales, alcaldes y<br \/>\n<\/span><\/p>\n<p style=\"text-align: justify\"><span style=\"font-family:Arial; font-size:10pt\">concejales \u00a0\u00a0\u00a0\u00a0     10.448.-<br \/>\n<\/span><\/p>\n<p style=\"text-align: justify\"><span style=\"font-family:Arial; font-size:10pt\">Cargos en el Gobierno catal\u00e1n\u00a0\u00a0\u00a0\u00a0       3.826.-<br \/>\n<\/span><\/p>\n<p style=\"text-align: justify\"><span style=\"font-family:Arial; font-size:10pt\">Miembros de organismos estatutarios\u00a0\u00a0\u00a0\u00a0            67.-<br \/>\n<\/span><\/p>\n<p style=\"text-align: justify\"><span style=\"font-family:Arial; font-size:10pt\">Personal \u00f3rganos superiores de Administraci\u00f3n\u00a0\u00a0\u00a0\u00a0 \u00a0\u00a0\u00a0\u00a0 623.-<br \/>\n<\/span><\/p>\n<p style=\"text-align: justify\"><span style=\"font-family:Arial; font-size:10pt\">Funcionarios Generalitat\u00a0\u00a0\u00a0\u00a0    173.093.-<br \/>\n<\/span><\/p>\n<p style=\"text-align: justify\"><span style=\"font-family:Arial; font-size:10pt\">\u00a1Consejos asesores! Otros (178)\u00a0\u00a0\u00a0\u00a0        2.206.-<br \/>\n<\/span><\/p>\n<p style=\"text-align: justify\"><span style=\"font-family:Arial; font-size:10pt\">\u00a1Consorci  per a la normaliciaci\u00f3 ling\u00fc\u00edstica! (22 centros de los que dependen<br \/>\n<\/span><\/p>\n<p style=\"text-align: justify\"><span style=\"font-family:Arial; font-size:10pt\">143 centros de Actividades)   Consejeros\u00a0\u00a0\u00a0\u00a0           350.-<br \/>\n<\/span><\/p>\n<p style=\"text-align: justify\"><span style=\"font-family:Arial; font-size:10pt\">                                                 Trabajadores\u00a0\u00a0\u00a0\u00a0           915.-<br \/>\n<\/span><\/p>\n<p style=\"text-align: justify\"><span style=\"font-family:Arial; font-size:10pt\">Otros entes p\u00fablicos (Comunidad y Entes locales) 1.933\u00a0\u00a0\u00a0\u00a0       17.965.-<br \/>\n<\/span><\/p>\n<p style=\"text-align: justify\"><span style=\"font-family:Arial; font-size:10pt\">Parlamento (Diputados y otros cargos)\u00a0\u00a0\u00a0\u00a0      \u00a0\u00a0\u00a0\u00a0   231.-\u00a0\u00a0\u00a0\u00a0<br \/>\n<\/span><\/p>\n<p style=\"text-align: justify\"><span style=\"font-family:Arial; font-size:10pt\">Diputaciones (Diputados provinciales y otros cargos)\u00a0\u00a0\u00a0\u00a0             415.-<br \/>\n<\/span><\/p>\n<p style=\"text-align: justify\"><span style=\"font-family:Arial; font-size:10pt\">\u00c9tc.etc.<br \/>\n<\/span><\/p>\n<p style=\"text-align: justify\"><span style=\"font-family:Arial; font-size:10pt\">Todo un ej\u00e9rcito de funcionarios, asesores, empleados de entes p\u00fablicos, diputados y un largo etc\u00e9tera que es evidente que resulta desproporcionado para una sola autonom\u00eda; a lo que podr\u00edamos a\u00f1adir las 6 \u00abembajadas\u00bb en el extranjero que suponen un costa anual de 32&#8217;8 millones de euros. S\u00f3lo para la TV catalana  se presupuestaron para el 2012, 338.900 millones de euros y para Catalunya Radio la friolera de 43.931 millones de euros; otros 11.720 millones de euros para el Teatro Nacional de Catalunya o para la Escola Superi\u00f3 de M\u00fasique de Catalunya fueron presupuestados otros 11.464 millones de euros. Tambi\u00e9n se destinaron 400.700 euros al Museo Memorial del Exili o 55.700 millones de euros al Consejo Catal\u00e1n del Deporte; todo ello sin tener en cuenta el despilfarro que se produce al destinar, a un organismo intervencionista y censor como es la Corporaci\u00f3n Catalana de Medios Audiovisuales, 273.442. millones de euros \u00bfPero en qu\u00e9 clase de pa\u00eds estamos? \u00bfSon tan importantes estas partidas para mantenerlas mientras se recortan salarios a los funcionarios, se escatima en sanidad y en los servicios m\u00e9dicos o se pide el copago a los pensionistas y dem\u00e1s trabajadores?; luego resulta que no pueden pagar las facturas de sus proveedores  u obligan a los ciudadanos a afrontar unas cargas que s\u00f3lo hacen que agravar su situaci\u00f3n econ\u00f3mica.<br \/>\n<\/span><\/p>\n<p><span style=\"font-family:Arial; font-size:10pt\">Y, se\u00f1ores, \u00bfson estos pol\u00edticos catalanes los que piden la independencia? Primero que nos expliquen, con detalle, c\u00f3mo se las van a arreglar cuando nos quedemos aislados del resto del mundo, fuera de Europa y, luego, que nos digan c\u00f3mo van a poder hacer frente a tantos pagos. Mientras, lo mejor es que se callen. O as\u00ed es como veo yo tanta falta de sentido com\u00fan y tantas utop\u00edas irrealizables.<br \/>\n<\/span><\/p>\n<p style=\"margin-left: 36pt\"><span style=\"color:#1f497d; font-family:Arial; font-size:10pt\"><strong>Miguel Massanet Bosch<\/strong><\/span><\/p>\n","protected":false},"excerpt":{"rendered":"<p>\u00a0 \u00abPacta sunt Servanda\u00ab. Esta locuci\u00f3n latina que se traduce como \u00ablo pactado obliga\u00bb y constituye una de los principios b\u00e1sicos del derecho Civil espa\u00f1ol. No recuerdo que exista, en la legislaci\u00f3n espa\u00f1ola, ning\u00fan precepto que contradiga semejante compromiso que, por otra parte, ha venido siendo utilizado desde tiempos inmemoriales en todas las transacciones y&#8230;<\/p>\n","protected":false},"author":1,"featured_media":0,"comment_status":"open","ping_status":"open","sticky":false,"template":"","format":"standard","meta":{"rop_custom_images_group":[],"rop_custom_messages_group":[],"rop_publish_now":"initial","rop_publish_now_accounts":[],"rop_publish_now_history":[],"rop_publish_now_status":"pending","footnotes":""},"categories":[1],"tags":[],"class_list":["post-2946","post","type-post","status-publish","format-standard","hentry","category-uncategorized"],"yoast_head":"<!-- This site is optimized with the Yoast SEO plugin v27.5 - https:\/\/yoast.com\/product\/yoast-seo-wordpress\/ -->\n<title>\u00bfNo cumplen con sus compromisos y quieren la independencia? (por Miguel Massanet Bosch) - La Vanguardia de Cuenca<\/title>\n<meta name=\"robots\" content=\"index, follow, max-snippet:-1, max-image-preview:large, max-video-preview:-1\" \/>\n<link rel=\"canonical\" href=\"https:\/\/lavanguardiadecuenca.es\/?p=2946\" \/>\n<meta property=\"og:locale\" content=\"es_ES\" \/>\n<meta property=\"og:type\" content=\"article\" \/>\n<meta property=\"og:title\" content=\"\u00bfNo cumplen con sus compromisos y quieren la independencia? (por Miguel Massanet Bosch) - La Vanguardia de Cuenca\" \/>\n<meta property=\"og:description\" content=\"\u00a0 \u00abPacta sunt Servanda\u00ab. Esta locuci\u00f3n latina que se traduce como \u00ablo pactado obliga\u00bb y constituye una de los principios b\u00e1sicos del derecho Civil espa\u00f1ol. No recuerdo que exista, en la legislaci\u00f3n espa\u00f1ola, ning\u00fan precepto que contradiga semejante compromiso que, por otra parte, ha venido siendo utilizado desde tiempos inmemoriales en todas las transacciones y...\" \/>\n<meta property=\"og:url\" content=\"https:\/\/lavanguardiadecuenca.es\/?p=2946\" \/>\n<meta property=\"og:site_name\" content=\"La Vanguardia de Cuenca\" \/>\n<meta property=\"article:published_time\" content=\"2012-11-04T13:38:08+00:00\" \/>\n<meta name=\"author\" content=\"admin6567\" \/>\n<meta name=\"twitter:card\" content=\"summary_large_image\" \/>\n<meta name=\"twitter:label1\" content=\"Escrito por\" \/>\n\t<meta name=\"twitter:data1\" content=\"admin6567\" \/>\n\t<meta name=\"twitter:label2\" content=\"Tiempo de lectura\" \/>\n\t<meta name=\"twitter:data2\" content=\"6 minutos\" \/>\n<script type=\"application\/ld+json\" class=\"yoast-schema-graph\">{\"@context\":\"https:\\\/\\\/schema.org\",\"@graph\":[{\"@type\":\"Article\",\"@id\":\"https:\\\/\\\/lavanguardiadecuenca.es\\\/?p=2946#article\",\"isPartOf\":{\"@id\":\"https:\\\/\\\/lavanguardiadecuenca.es\\\/?p=2946\"},\"author\":{\"name\":\"admin6567\",\"@id\":\"https:\\\/\\\/lavanguardiadecuenca.es\\\/#\\\/schema\\\/person\\\/533d101fbc2a9ecf6af26aeddcaf1abd\"},\"headline\":\"\u00bfNo cumplen con sus compromisos y quieren la independencia? (por Miguel Massanet Bosch)\",\"datePublished\":\"2012-11-04T13:38:08+00:00\",\"mainEntityOfPage\":{\"@id\":\"https:\\\/\\\/lavanguardiadecuenca.es\\\/?p=2946\"},\"wordCount\":1178,\"commentCount\":0,\"publisher\":{\"@id\":\"https:\\\/\\\/lavanguardiadecuenca.es\\\/#\\\/schema\\\/person\\\/efd3b99fe10ec3fad96a88f3ae7d092f\"},\"articleSection\":[\"Uncategorized\"],\"inLanguage\":\"es\",\"potentialAction\":[{\"@type\":\"CommentAction\",\"name\":\"Comment\",\"target\":[\"https:\\\/\\\/lavanguardiadecuenca.es\\\/?p=2946#respond\"]}]},{\"@type\":\"WebPage\",\"@id\":\"https:\\\/\\\/lavanguardiadecuenca.es\\\/?p=2946\",\"url\":\"https:\\\/\\\/lavanguardiadecuenca.es\\\/?p=2946\",\"name\":\"\u00bfNo cumplen con sus compromisos y quieren la independencia? (por Miguel Massanet Bosch) - La Vanguardia de Cuenca\",\"isPartOf\":{\"@id\":\"https:\\\/\\\/lavanguardiadecuenca.es\\\/#website\"},\"datePublished\":\"2012-11-04T13:38:08+00:00\",\"breadcrumb\":{\"@id\":\"https:\\\/\\\/lavanguardiadecuenca.es\\\/?p=2946#breadcrumb\"},\"inLanguage\":\"es\",\"potentialAction\":[{\"@type\":\"ReadAction\",\"target\":[\"https:\\\/\\\/lavanguardiadecuenca.es\\\/?p=2946\"]}]},{\"@type\":\"BreadcrumbList\",\"@id\":\"https:\\\/\\\/lavanguardiadecuenca.es\\\/?p=2946#breadcrumb\",\"itemListElement\":[{\"@type\":\"ListItem\",\"position\":1,\"name\":\"Portada\",\"item\":\"https:\\\/\\\/lavanguardiadecuenca.es\\\/\"},{\"@type\":\"ListItem\",\"position\":2,\"name\":\"\u00bfNo cumplen con sus compromisos y quieren la independencia? (por Miguel Massanet Bosch)\"}]},{\"@type\":\"WebSite\",\"@id\":\"https:\\\/\\\/lavanguardiadecuenca.es\\\/#website\",\"url\":\"https:\\\/\\\/lavanguardiadecuenca.es\\\/\",\"name\":\"La Vanguardia de Cuenca\",\"description\":\"Intereses: comunicaci\u00f3n y actualidad en general, weblogs, sociedad, pol\u00edtica\",\"publisher\":{\"@id\":\"https:\\\/\\\/lavanguardiadecuenca.es\\\/#\\\/schema\\\/person\\\/efd3b99fe10ec3fad96a88f3ae7d092f\"},\"potentialAction\":[{\"@type\":\"SearchAction\",\"target\":{\"@type\":\"EntryPoint\",\"urlTemplate\":\"https:\\\/\\\/lavanguardiadecuenca.es\\\/?s={search_term_string}\"},\"query-input\":{\"@type\":\"PropertyValueSpecification\",\"valueRequired\":true,\"valueName\":\"search_term_string\"}}],\"inLanguage\":\"es\"},{\"@type\":[\"Person\",\"Organization\"],\"@id\":\"https:\\\/\\\/lavanguardiadecuenca.es\\\/#\\\/schema\\\/person\\\/efd3b99fe10ec3fad96a88f3ae7d092f\",\"name\":\"Juan Andr\u00e9s Buedo\",\"image\":{\"@type\":\"ImageObject\",\"inLanguage\":\"es\",\"@id\":\"https:\\\/\\\/lavanguardiadecuenca.es\\\/wp-content\\\/uploads\\\/2025\\\/09\\\/6a00d8341c734753ef0278801a3634200d-250si.jpg\",\"url\":\"https:\\\/\\\/lavanguardiadecuenca.es\\\/wp-content\\\/uploads\\\/2025\\\/09\\\/6a00d8341c734753ef0278801a3634200d-250si.jpg\",\"contentUrl\":\"https:\\\/\\\/lavanguardiadecuenca.es\\\/wp-content\\\/uploads\\\/2025\\\/09\\\/6a00d8341c734753ef0278801a3634200d-250si.jpg\",\"width\":250,\"height\":250,\"caption\":\"Juan Andr\u00e9s Buedo\"},\"logo\":{\"@id\":\"https:\\\/\\\/lavanguardiadecuenca.es\\\/wp-content\\\/uploads\\\/2025\\\/09\\\/6a00d8341c734753ef0278801a3634200d-250si.jpg\"},\"sameAs\":[\"https:\\\/\\\/lavanguardiadecuenca.es\\\/\"]},{\"@type\":\"Person\",\"@id\":\"https:\\\/\\\/lavanguardiadecuenca.es\\\/#\\\/schema\\\/person\\\/533d101fbc2a9ecf6af26aeddcaf1abd\",\"name\":\"admin6567\",\"image\":{\"@type\":\"ImageObject\",\"inLanguage\":\"es\",\"@id\":\"https:\\\/\\\/secure.gravatar.com\\\/avatar\\\/79503df8b75d394ce1e22cb5293c3e8fee42d212f6de88e2d65bfaa128f73542?s=96&d=mm&r=g\",\"url\":\"https:\\\/\\\/secure.gravatar.com\\\/avatar\\\/79503df8b75d394ce1e22cb5293c3e8fee42d212f6de88e2d65bfaa128f73542?s=96&d=mm&r=g\",\"contentUrl\":\"https:\\\/\\\/secure.gravatar.com\\\/avatar\\\/79503df8b75d394ce1e22cb5293c3e8fee42d212f6de88e2d65bfaa128f73542?s=96&d=mm&r=g\",\"caption\":\"admin6567\"},\"sameAs\":[\"http:\\\/\\\/lavanguardiadecuenca.es\"],\"url\":\"https:\\\/\\\/lavanguardiadecuenca.es\\\/?author=1\"}]}<\/script>\n<!-- \/ Yoast SEO plugin. -->","yoast_head_json":{"title":"\u00bfNo cumplen con sus compromisos y quieren la independencia? (por Miguel Massanet Bosch) - La Vanguardia de Cuenca","robots":{"index":"index","follow":"follow","max-snippet":"max-snippet:-1","max-image-preview":"max-image-preview:large","max-video-preview":"max-video-preview:-1"},"canonical":"https:\/\/lavanguardiadecuenca.es\/?p=2946","og_locale":"es_ES","og_type":"article","og_title":"\u00bfNo cumplen con sus compromisos y quieren la independencia? (por Miguel Massanet Bosch) - La Vanguardia de Cuenca","og_description":"\u00a0 \u00abPacta sunt Servanda\u00ab. Esta locuci\u00f3n latina que se traduce como \u00ablo pactado obliga\u00bb y constituye una de los principios b\u00e1sicos del derecho Civil espa\u00f1ol. No recuerdo que exista, en la legislaci\u00f3n espa\u00f1ola, ning\u00fan precepto que contradiga semejante compromiso que, por otra parte, ha venido siendo utilizado desde tiempos inmemoriales en todas las transacciones y...","og_url":"https:\/\/lavanguardiadecuenca.es\/?p=2946","og_site_name":"La Vanguardia de Cuenca","article_published_time":"2012-11-04T13:38:08+00:00","author":"admin6567","twitter_card":"summary_large_image","twitter_misc":{"Escrito por":"admin6567","Tiempo de lectura":"6 minutos"},"schema":{"@context":"https:\/\/schema.org","@graph":[{"@type":"Article","@id":"https:\/\/lavanguardiadecuenca.es\/?p=2946#article","isPartOf":{"@id":"https:\/\/lavanguardiadecuenca.es\/?p=2946"},"author":{"name":"admin6567","@id":"https:\/\/lavanguardiadecuenca.es\/#\/schema\/person\/533d101fbc2a9ecf6af26aeddcaf1abd"},"headline":"\u00bfNo cumplen con sus compromisos y quieren la independencia? (por Miguel Massanet Bosch)","datePublished":"2012-11-04T13:38:08+00:00","mainEntityOfPage":{"@id":"https:\/\/lavanguardiadecuenca.es\/?p=2946"},"wordCount":1178,"commentCount":0,"publisher":{"@id":"https:\/\/lavanguardiadecuenca.es\/#\/schema\/person\/efd3b99fe10ec3fad96a88f3ae7d092f"},"articleSection":["Uncategorized"],"inLanguage":"es","potentialAction":[{"@type":"CommentAction","name":"Comment","target":["https:\/\/lavanguardiadecuenca.es\/?p=2946#respond"]}]},{"@type":"WebPage","@id":"https:\/\/lavanguardiadecuenca.es\/?p=2946","url":"https:\/\/lavanguardiadecuenca.es\/?p=2946","name":"\u00bfNo cumplen con sus compromisos y quieren la independencia? (por Miguel Massanet Bosch) - La Vanguardia de Cuenca","isPartOf":{"@id":"https:\/\/lavanguardiadecuenca.es\/#website"},"datePublished":"2012-11-04T13:38:08+00:00","breadcrumb":{"@id":"https:\/\/lavanguardiadecuenca.es\/?p=2946#breadcrumb"},"inLanguage":"es","potentialAction":[{"@type":"ReadAction","target":["https:\/\/lavanguardiadecuenca.es\/?p=2946"]}]},{"@type":"BreadcrumbList","@id":"https:\/\/lavanguardiadecuenca.es\/?p=2946#breadcrumb","itemListElement":[{"@type":"ListItem","position":1,"name":"Portada","item":"https:\/\/lavanguardiadecuenca.es\/"},{"@type":"ListItem","position":2,"name":"\u00bfNo cumplen con sus compromisos y quieren la independencia? (por Miguel Massanet Bosch)"}]},{"@type":"WebSite","@id":"https:\/\/lavanguardiadecuenca.es\/#website","url":"https:\/\/lavanguardiadecuenca.es\/","name":"La Vanguardia de Cuenca","description":"Intereses: comunicaci\u00f3n y actualidad en general, weblogs, sociedad, pol\u00edtica","publisher":{"@id":"https:\/\/lavanguardiadecuenca.es\/#\/schema\/person\/efd3b99fe10ec3fad96a88f3ae7d092f"},"potentialAction":[{"@type":"SearchAction","target":{"@type":"EntryPoint","urlTemplate":"https:\/\/lavanguardiadecuenca.es\/?s={search_term_string}"},"query-input":{"@type":"PropertyValueSpecification","valueRequired":true,"valueName":"search_term_string"}}],"inLanguage":"es"},{"@type":["Person","Organization"],"@id":"https:\/\/lavanguardiadecuenca.es\/#\/schema\/person\/efd3b99fe10ec3fad96a88f3ae7d092f","name":"Juan Andr\u00e9s Buedo","image":{"@type":"ImageObject","inLanguage":"es","@id":"https:\/\/lavanguardiadecuenca.es\/wp-content\/uploads\/2025\/09\/6a00d8341c734753ef0278801a3634200d-250si.jpg","url":"https:\/\/lavanguardiadecuenca.es\/wp-content\/uploads\/2025\/09\/6a00d8341c734753ef0278801a3634200d-250si.jpg","contentUrl":"https:\/\/lavanguardiadecuenca.es\/wp-content\/uploads\/2025\/09\/6a00d8341c734753ef0278801a3634200d-250si.jpg","width":250,"height":250,"caption":"Juan Andr\u00e9s Buedo"},"logo":{"@id":"https:\/\/lavanguardiadecuenca.es\/wp-content\/uploads\/2025\/09\/6a00d8341c734753ef0278801a3634200d-250si.jpg"},"sameAs":["https:\/\/lavanguardiadecuenca.es\/"]},{"@type":"Person","@id":"https:\/\/lavanguardiadecuenca.es\/#\/schema\/person\/533d101fbc2a9ecf6af26aeddcaf1abd","name":"admin6567","image":{"@type":"ImageObject","inLanguage":"es","@id":"https:\/\/secure.gravatar.com\/avatar\/79503df8b75d394ce1e22cb5293c3e8fee42d212f6de88e2d65bfaa128f73542?s=96&d=mm&r=g","url":"https:\/\/secure.gravatar.com\/avatar\/79503df8b75d394ce1e22cb5293c3e8fee42d212f6de88e2d65bfaa128f73542?s=96&d=mm&r=g","contentUrl":"https:\/\/secure.gravatar.com\/avatar\/79503df8b75d394ce1e22cb5293c3e8fee42d212f6de88e2d65bfaa128f73542?s=96&d=mm&r=g","caption":"admin6567"},"sameAs":["http:\/\/lavanguardiadecuenca.es"],"url":"https:\/\/lavanguardiadecuenca.es\/?author=1"}]}},"_links":{"self":[{"href":"https:\/\/lavanguardiadecuenca.es\/index.php?rest_route=\/wp\/v2\/posts\/2946","targetHints":{"allow":["GET"]}}],"collection":[{"href":"https:\/\/lavanguardiadecuenca.es\/index.php?rest_route=\/wp\/v2\/posts"}],"about":[{"href":"https:\/\/lavanguardiadecuenca.es\/index.php?rest_route=\/wp\/v2\/types\/post"}],"author":[{"embeddable":true,"href":"https:\/\/lavanguardiadecuenca.es\/index.php?rest_route=\/wp\/v2\/users\/1"}],"replies":[{"embeddable":true,"href":"https:\/\/lavanguardiadecuenca.es\/index.php?rest_route=%2Fwp%2Fv2%2Fcomments&post=2946"}],"version-history":[{"count":0,"href":"https:\/\/lavanguardiadecuenca.es\/index.php?rest_route=\/wp\/v2\/posts\/2946\/revisions"}],"wp:attachment":[{"href":"https:\/\/lavanguardiadecuenca.es\/index.php?rest_route=%2Fwp%2Fv2%2Fmedia&parent=2946"}],"wp:term":[{"taxonomy":"category","embeddable":true,"href":"https:\/\/lavanguardiadecuenca.es\/index.php?rest_route=%2Fwp%2Fv2%2Fcategories&post=2946"},{"taxonomy":"post_tag","embeddable":true,"href":"https:\/\/lavanguardiadecuenca.es\/index.php?rest_route=%2Fwp%2Fv2%2Ftags&post=2946"}],"curies":[{"name":"wp","href":"https:\/\/api.w.org\/{rel}","templated":true}]}}