{"id":2915,"date":"2012-11-14T23:51:31","date_gmt":"2012-11-14T23:51:31","guid":{"rendered":"https:\/\/lavanguardiadecuenca.es\/?p=2915"},"modified":"2012-11-14T23:51:31","modified_gmt":"2012-11-14T23:51:31","slug":"el-rol-sindical-en-capa-caida-una-huelga-inoportuna-por-miguel-massanet-bosch","status":"publish","type":"post","link":"https:\/\/lavanguardiadecuenca.es\/?p=2915","title":{"rendered":"El rol sindical en capa ca\u00edda. Una huelga inoportuna (por Miguel Massanet Bosch)"},"content":{"rendered":"<p style=\"text-align: justify\">\n\u00a0<\/p>\n<p style=\"text-align: justify\"><span style=\"font-family:Arial; font-size:10pt\">Se\u00f1ores: \u00a1la revoluci\u00f3n est\u00e1 servida! No, no se asusten, no es que el cuartel de San Andr\u00e9s de la Barcelona de 1.936 haya vuelto a entregar fusiles, pistolas, y bombas de mano a las turbas callejeras para que se enfrenten a los rebeldes que se levantaron, en Barcelona, contra la Rep\u00fablica el 19 de julio de aquel a\u00f1o; ni, tampoco, que las \u00ab<em>brigadas del amanecer<\/em>\u00bb recorrieran de nuevo las calles de Madrid en busca de \u00ab<em>facciosos<\/em>\u00bb a quienes ajusticiar, torturar o robar, que de todo hubo en la vi\u00f1a del Se\u00f1or; simplemente, se trata de lo que est\u00e1 ocurriendo en esta Espa\u00f1a del SigloXXI, cuando una parte de sus ciudadanos se encuentra sin trabajo; la otra que no quiere trabajar y por esto se ha metido a sindicalista, que es una profesi\u00f3n que s\u00f3lo requiere tener buenos pulmones, pocas luces intelectuales y mucho tiempo libre para dedicarlo a ir de manifestaci\u00f3n en manifestaci\u00f3n esgrimiendo banderas de CC.OO o de UGT, para as\u00ed simular que son muchos m\u00e1s de los que realmente son y, otros, que no acabamos de creernos que hayamos llegado a estas cotas de degradaci\u00f3n econ\u00f3mica, moral y \u00e9tica.<br \/>\n<\/span><\/p>\n<p style=\"text-align: justify\"><span style=\"font-family:Arial; font-size:10pt\">Claro que, en estas manifestaciones callejeras, tampoco faltan los nost\u00e1lgicos de la II Rep\u00fablica que sacan a relucir la bandera tricolor, porque eso de enarbolar la bandera constitucional s\u00f3lo es cosa de \u00abfachas\u00bb y \u00abopresores\u00bb del pueblo catal\u00e1n. Pero, la verdadera revoluci\u00f3n, a la que me estoy refiriendo, es a aquella que llevan a cabo todos aquellos insensatos que habiendo colaborado estrechamente con el anterior gobierno socialista, del se\u00f1or Rodriguez Zapatero, ahora no aceptan su fracaso, no entienden que hayan perdido el poder y, sobre todo, no soportan que sea la derecha la que gobierne con una mayor\u00eda absoluta, en las dos c\u00e1maras. Todo este sector del pueblo, todos los que han vivido durante siete a\u00f1os de cargos p\u00fablicos, de enchufes en empresas p\u00fablicas, de subvenciones del ministerio de Cultura o de ayudas a la actividad sindical de unos sindicatos que fueron incapaces de protestar ante la evidencia de que la incompetencia, la ineptitud y el sectarismo de un gobierno socialista de dos legislaturas, hab\u00edan dado lugar a que, en Espa\u00f1a, hubiera ya m\u00e1s de cinco millones de desocupados y una gran parte de nuestras empresas, especialmente la mediana y peque\u00f1a, en quiebra.<br \/>\n<\/span><\/p>\n<p style=\"text-align: justify\"><span style=\"font-family:Arial; font-size:10pt\">Pero vean ustedes la contradicci\u00f3n, la desverg\u00fcenza y la incoherencia de estas izquierdas a las que hemos tenido que soportar durante tantos a\u00f1os, con todos sus \u00abtics\u00bb comunistoides y sus end\u00e9micas proclamas laicistas, igualitarias, anti\u2013capitalistas y frente populistas; que todav\u00eda no se han enterado de que, cuando se iguala a todos rebaj\u00e1ndolos al nivel de la desgracia y pobreza, no se act\u00faa a favor de un pueblo, sino que se le hunde  en el fracaso y se le condena a la miseria, como en tantas ocasiones hemos tenido ocasi\u00f3n de comprobar en todas aquellas naciones europeas que permanecieron secuestradas detr\u00e1s del famoso \u00abTel\u00f3n de Acero\u00bb, que separaba las dos Alemanias y que fue, durante muchos a\u00f1os, la frontera simb\u00f3lica entre lo que era libertad, progreso y bienestar vs. opresi\u00f3n, pobreza e inseguridad.<br \/>\n<\/span><\/p>\n<p style=\"text-align: justify\"><span style=\"font-family:Arial; font-size:10pt\">Los que llevaron de la mano, colaborando con los distintos gobiernos socialistas de Zapatero ( no excluyamos a los sindicatos, separatistas, y las izquierdas extremas), a la naci\u00f3n \u2013otrora un ejemplo de lo que fue una transici\u00f3n ejemplar y un gobierno de progreso y orden, como fue el del se\u00f1or Aznar \u2013, hacia la peor situaci\u00f3n, desde aquella infausta Guerra Civil, hoy quieren dar lecciones a nuestros actuales gobernantes, de c\u00f3mo sacar al pa\u00eds de sus dificultades; predicar f\u00f3rmulas sociales que, cuando ellos las quisieron poner en marcha fracasaron estrepitosamente y, en el colmo de la cara dura y de la deslealtad pol\u00edtica, intentar culpar a quienes luchan para conseguir evitar que Espa\u00f1a sea apeada de la UE, caiga en el abismo de la quiebra soberana y pueda buscar, por el tortuoso camino del trabajo, el sacrificio, el esfuerzo y el tes\u00f3n, esta recuperaci\u00f3n que s\u00f3lo se puede lograr trabajando todos los espa\u00f1oles a una, codo a codo.<br \/>\n<\/span><\/p>\n<p style=\"text-align: justify\"><span style=\"font-family:Arial; font-size:10pt\">Porque, veamos se\u00f1ores, c\u00f3mo se puede digerir que hoy, 14 de noviembre, por segunda vez en este a\u00f1o, unos descerebrados sindicalistas, unos verdaderos dinosaurios de la fauna previa al <em>homo erectus<\/em>; tengan la osad\u00eda de, en medio de una crisis que ya llevamos arrastrando 5 a\u00f1os; pendientes de que Bruselas valore nuestros esfuerzos para enderezar el rumbo de Espa\u00f1a y con las bolsas pendientes del m\u00e1s m\u00ednimo signo de debilidad por nuestra parte, para volver a sepultarnos en las catacumbas de una prima de riesgo insostenible y de unos intereses desmesurados, que nos llevar\u00edan inexorablemente a una situaci\u00f3n todav\u00eda peor que la griega, con el peligro de tener que abandonar la moneda europea; el se\u00f1or Toxo y el se\u00f1or M\u00e9ndez, hayan encabezado una huelga general, una huelga de car\u00e1cter pol\u00edtico como ha demostrado el apoyo incondicional del PSOE y de los partidos de izquierdas; sabedores de que no van a conseguir ninguna ganancia de ella y que s\u00f3lo va a beneficiar a aquellos que buscan desestabilizar el r\u00e9gimen, para implantar el caos, la inseguridad, el absolutismo y la m\u00e1s penosa de las pobrezas; ya que, ninguna de dichas formaciones ha sido capaz de presentar un plan coherente y viable para evitar que caigamos en el precipicio de la marginaci\u00f3n de la UE y el retorno a la vieja peseta.<br \/>\n<\/span><\/p>\n<p style=\"text-align: justify\"><span style=\"font-family:Arial; font-size:10pt\">Y, por si fuera poco, el se\u00f1or Mas y sus ac\u00f3litos siguen, en su ca\u00edda libre, desde la estratosfera de la inconsciencia y el delirio de la utop\u00eda secesionista; sin atender al peligro de que, cuando quieran tirar de la argolla para desplegar el paraca\u00eddas de la sensatez y la contenci\u00f3n, es m\u00e1s que probable que, la inercia de la ca\u00edda, les impida hacerlo. Si ganase, con mayor\u00eda absoluta, se ver\u00eda forzado por los mismos que le votaron, que les aseguro que lo habr\u00e1n hecho m\u00e1s por el sentimiento que por la raz\u00f3n, le van a obligar a dar el paso definitivo en su enfrentamiento con el Estado espa\u00f1ol, pero es que, si no lo lograse y tuviera que gobernar en minor\u00eda, se tendr\u00eda que enfrentar, sin duda, con la ERC y los de ICV que le iban a obligar a una pol\u00edtica de izquierdas y a la convocatoria del referendo separatista; para dar un paso m\u00e1s en el camino independentista. En ambos casos, Catalunya estar\u00e1 condenada a afrontar las consecuencias de sus delirios anticonstitucionales, en un camino hacia la nada, en el que se va a encontrar sola ante los mercados internacionales y sus propias carencias.<br \/>\n<\/span><\/p>\n<p style=\"text-align: justify; background: white\"><span style=\"font-family:Arial; font-size:10pt\">Menci\u00f3n aparte merecen los resultados, que ya pronosticamos en su d\u00eda, de la incontinencia verbal del heredero de la Corono, el pr\u00edncipe Felipe; cuando dijo que \u00ab<em>\u00e9l no ve\u00eda que Catalunya fuera un problema<\/em>\u00ab, algo que, naturalmente, ha utilizado el veterinario de la familia Pujol, el se\u00f1or Oriol Pujol, para dar a entender que, el Pr\u00edncipe, estar\u00eda dispuesto a tratar del independentismo catal\u00e1n con m\u00e1s flexibilidad que SM el Rey Juan Carlos. Hete aqu\u00ed las consecuencias de creerse capacitado para opinar, cuando todav\u00eda se est\u00e1 verde para ello. Una princesa de sangre plebeya y progre, no resulta ser una compa\u00f1era ideal para aquel que ha pensado ser el futuro Rey de la naci\u00f3n. Mucho me temo que, con estas ligerezas y el desprestigio actual de la Casa Real, sea bien aceptado por las izquierdas y, si he de ser franco, mucho me temo que, tampoco por la derecha. <span style=\"color:black\">\u00ab<em>La monarqu\u00eda es la m\u00e1s costosa de todas las formas de gobierno<\/em>\u00ab, sentenci\u00f3 el escritor americano, James Feminor Cooper (1.789-1.851), autor de interesantes novelas de aventuras, especialmente basadas en la Historia de Am\u00e9rica y sus pioneros. Y, visto lo visto, es posible que tuviera raz\u00f3n. O esta es, se\u00f1ores, mi opini\u00f3n al respecto.<\/span><br \/>\n<\/span><\/p>\n<p>\n\u00a0<\/p>\n<p style=\"margin-left: 36pt\"><span style=\"color:#1f497d; font-family:Arial; font-size:10pt\"><strong>Miguel Massanet Bosch<\/strong><\/span><\/p>\n","protected":false},"excerpt":{"rendered":"<p>\u00a0 Se\u00f1ores: \u00a1la revoluci\u00f3n est\u00e1 servida! No, no se asusten, no es que el cuartel de San Andr\u00e9s de la Barcelona de 1.936 haya vuelto a entregar fusiles, pistolas, y bombas de mano a las turbas callejeras para que se enfrenten a los rebeldes que se levantaron, en Barcelona, contra la Rep\u00fablica el 19 de&#8230;<\/p>\n","protected":false},"author":1,"featured_media":0,"comment_status":"open","ping_status":"open","sticky":false,"template":"","format":"standard","meta":{"rop_custom_images_group":[],"rop_custom_messages_group":[],"rop_publish_now":"initial","rop_publish_now_accounts":[],"rop_publish_now_history":[],"rop_publish_now_status":"pending","footnotes":""},"categories":[1],"tags":[],"class_list":["post-2915","post","type-post","status-publish","format-standard","hentry","category-uncategorized"],"yoast_head":"<!-- This site is optimized with the Yoast SEO plugin v27.5 - https:\/\/yoast.com\/product\/yoast-seo-wordpress\/ -->\n<title>El rol sindical en capa ca\u00edda. Una huelga inoportuna (por Miguel Massanet Bosch) - La Vanguardia de Cuenca<\/title>\n<meta name=\"robots\" content=\"index, follow, max-snippet:-1, max-image-preview:large, max-video-preview:-1\" \/>\n<link rel=\"canonical\" href=\"https:\/\/lavanguardiadecuenca.es\/?p=2915\" \/>\n<meta property=\"og:locale\" content=\"es_ES\" \/>\n<meta property=\"og:type\" content=\"article\" \/>\n<meta property=\"og:title\" content=\"El rol sindical en capa ca\u00edda. Una huelga inoportuna (por Miguel Massanet Bosch) - La Vanguardia de Cuenca\" \/>\n<meta property=\"og:description\" content=\"\u00a0 Se\u00f1ores: \u00a1la revoluci\u00f3n est\u00e1 servida! No, no se asusten, no es que el cuartel de San Andr\u00e9s de la Barcelona de 1.936 haya vuelto a entregar fusiles, pistolas, y bombas de mano a las turbas callejeras para que se enfrenten a los rebeldes que se levantaron, en Barcelona, contra la Rep\u00fablica el 19 de...\" \/>\n<meta property=\"og:url\" content=\"https:\/\/lavanguardiadecuenca.es\/?p=2915\" \/>\n<meta property=\"og:site_name\" content=\"La Vanguardia de Cuenca\" \/>\n<meta property=\"article:published_time\" content=\"2012-11-14T23:51:31+00:00\" \/>\n<meta name=\"author\" content=\"admin6567\" \/>\n<meta name=\"twitter:card\" content=\"summary_large_image\" \/>\n<meta name=\"twitter:label1\" content=\"Escrito por\" \/>\n\t<meta name=\"twitter:data1\" content=\"admin6567\" \/>\n\t<meta name=\"twitter:label2\" content=\"Tiempo de lectura\" \/>\n\t<meta name=\"twitter:data2\" content=\"7 minutos\" \/>\n<script type=\"application\/ld+json\" class=\"yoast-schema-graph\">{\"@context\":\"https:\\\/\\\/schema.org\",\"@graph\":[{\"@type\":\"Article\",\"@id\":\"https:\\\/\\\/lavanguardiadecuenca.es\\\/?p=2915#article\",\"isPartOf\":{\"@id\":\"https:\\\/\\\/lavanguardiadecuenca.es\\\/?p=2915\"},\"author\":{\"name\":\"admin6567\",\"@id\":\"https:\\\/\\\/lavanguardiadecuenca.es\\\/#\\\/schema\\\/person\\\/533d101fbc2a9ecf6af26aeddcaf1abd\"},\"headline\":\"El rol sindical en capa ca\u00edda. Una huelga inoportuna (por Miguel Massanet Bosch)\",\"datePublished\":\"2012-11-14T23:51:31+00:00\",\"mainEntityOfPage\":{\"@id\":\"https:\\\/\\\/lavanguardiadecuenca.es\\\/?p=2915\"},\"wordCount\":1416,\"commentCount\":0,\"publisher\":{\"@id\":\"https:\\\/\\\/lavanguardiadecuenca.es\\\/#\\\/schema\\\/person\\\/efd3b99fe10ec3fad96a88f3ae7d092f\"},\"articleSection\":[\"Uncategorized\"],\"inLanguage\":\"es\",\"potentialAction\":[{\"@type\":\"CommentAction\",\"name\":\"Comment\",\"target\":[\"https:\\\/\\\/lavanguardiadecuenca.es\\\/?p=2915#respond\"]}]},{\"@type\":\"WebPage\",\"@id\":\"https:\\\/\\\/lavanguardiadecuenca.es\\\/?p=2915\",\"url\":\"https:\\\/\\\/lavanguardiadecuenca.es\\\/?p=2915\",\"name\":\"El rol sindical en capa ca\u00edda. Una huelga inoportuna (por Miguel Massanet Bosch) - La Vanguardia de Cuenca\",\"isPartOf\":{\"@id\":\"https:\\\/\\\/lavanguardiadecuenca.es\\\/#website\"},\"datePublished\":\"2012-11-14T23:51:31+00:00\",\"breadcrumb\":{\"@id\":\"https:\\\/\\\/lavanguardiadecuenca.es\\\/?p=2915#breadcrumb\"},\"inLanguage\":\"es\",\"potentialAction\":[{\"@type\":\"ReadAction\",\"target\":[\"https:\\\/\\\/lavanguardiadecuenca.es\\\/?p=2915\"]}]},{\"@type\":\"BreadcrumbList\",\"@id\":\"https:\\\/\\\/lavanguardiadecuenca.es\\\/?p=2915#breadcrumb\",\"itemListElement\":[{\"@type\":\"ListItem\",\"position\":1,\"name\":\"Portada\",\"item\":\"https:\\\/\\\/lavanguardiadecuenca.es\\\/\"},{\"@type\":\"ListItem\",\"position\":2,\"name\":\"El rol sindical en capa ca\u00edda. Una huelga inoportuna (por Miguel Massanet Bosch)\"}]},{\"@type\":\"WebSite\",\"@id\":\"https:\\\/\\\/lavanguardiadecuenca.es\\\/#website\",\"url\":\"https:\\\/\\\/lavanguardiadecuenca.es\\\/\",\"name\":\"La Vanguardia de Cuenca\",\"description\":\"Intereses: comunicaci\u00f3n y actualidad en general, weblogs, sociedad, pol\u00edtica\",\"publisher\":{\"@id\":\"https:\\\/\\\/lavanguardiadecuenca.es\\\/#\\\/schema\\\/person\\\/efd3b99fe10ec3fad96a88f3ae7d092f\"},\"potentialAction\":[{\"@type\":\"SearchAction\",\"target\":{\"@type\":\"EntryPoint\",\"urlTemplate\":\"https:\\\/\\\/lavanguardiadecuenca.es\\\/?s={search_term_string}\"},\"query-input\":{\"@type\":\"PropertyValueSpecification\",\"valueRequired\":true,\"valueName\":\"search_term_string\"}}],\"inLanguage\":\"es\"},{\"@type\":[\"Person\",\"Organization\"],\"@id\":\"https:\\\/\\\/lavanguardiadecuenca.es\\\/#\\\/schema\\\/person\\\/efd3b99fe10ec3fad96a88f3ae7d092f\",\"name\":\"Juan Andr\u00e9s Buedo\",\"image\":{\"@type\":\"ImageObject\",\"inLanguage\":\"es\",\"@id\":\"https:\\\/\\\/lavanguardiadecuenca.es\\\/wp-content\\\/uploads\\\/2025\\\/09\\\/6a00d8341c734753ef0278801a3634200d-250si.jpg\",\"url\":\"https:\\\/\\\/lavanguardiadecuenca.es\\\/wp-content\\\/uploads\\\/2025\\\/09\\\/6a00d8341c734753ef0278801a3634200d-250si.jpg\",\"contentUrl\":\"https:\\\/\\\/lavanguardiadecuenca.es\\\/wp-content\\\/uploads\\\/2025\\\/09\\\/6a00d8341c734753ef0278801a3634200d-250si.jpg\",\"width\":250,\"height\":250,\"caption\":\"Juan Andr\u00e9s Buedo\"},\"logo\":{\"@id\":\"https:\\\/\\\/lavanguardiadecuenca.es\\\/wp-content\\\/uploads\\\/2025\\\/09\\\/6a00d8341c734753ef0278801a3634200d-250si.jpg\"},\"sameAs\":[\"https:\\\/\\\/lavanguardiadecuenca.es\\\/\"]},{\"@type\":\"Person\",\"@id\":\"https:\\\/\\\/lavanguardiadecuenca.es\\\/#\\\/schema\\\/person\\\/533d101fbc2a9ecf6af26aeddcaf1abd\",\"name\":\"admin6567\",\"image\":{\"@type\":\"ImageObject\",\"inLanguage\":\"es\",\"@id\":\"https:\\\/\\\/secure.gravatar.com\\\/avatar\\\/79503df8b75d394ce1e22cb5293c3e8fee42d212f6de88e2d65bfaa128f73542?s=96&d=mm&r=g\",\"url\":\"https:\\\/\\\/secure.gravatar.com\\\/avatar\\\/79503df8b75d394ce1e22cb5293c3e8fee42d212f6de88e2d65bfaa128f73542?s=96&d=mm&r=g\",\"contentUrl\":\"https:\\\/\\\/secure.gravatar.com\\\/avatar\\\/79503df8b75d394ce1e22cb5293c3e8fee42d212f6de88e2d65bfaa128f73542?s=96&d=mm&r=g\",\"caption\":\"admin6567\"},\"sameAs\":[\"http:\\\/\\\/lavanguardiadecuenca.es\"],\"url\":\"https:\\\/\\\/lavanguardiadecuenca.es\\\/?author=1\"}]}<\/script>\n<!-- \/ Yoast SEO plugin. -->","yoast_head_json":{"title":"El rol sindical en capa ca\u00edda. Una huelga inoportuna (por Miguel Massanet Bosch) - La Vanguardia de Cuenca","robots":{"index":"index","follow":"follow","max-snippet":"max-snippet:-1","max-image-preview":"max-image-preview:large","max-video-preview":"max-video-preview:-1"},"canonical":"https:\/\/lavanguardiadecuenca.es\/?p=2915","og_locale":"es_ES","og_type":"article","og_title":"El rol sindical en capa ca\u00edda. Una huelga inoportuna (por Miguel Massanet Bosch) - La Vanguardia de Cuenca","og_description":"\u00a0 Se\u00f1ores: \u00a1la revoluci\u00f3n est\u00e1 servida! No, no se asusten, no es que el cuartel de San Andr\u00e9s de la Barcelona de 1.936 haya vuelto a entregar fusiles, pistolas, y bombas de mano a las turbas callejeras para que se enfrenten a los rebeldes que se levantaron, en Barcelona, contra la Rep\u00fablica el 19 de...","og_url":"https:\/\/lavanguardiadecuenca.es\/?p=2915","og_site_name":"La Vanguardia de Cuenca","article_published_time":"2012-11-14T23:51:31+00:00","author":"admin6567","twitter_card":"summary_large_image","twitter_misc":{"Escrito por":"admin6567","Tiempo de lectura":"7 minutos"},"schema":{"@context":"https:\/\/schema.org","@graph":[{"@type":"Article","@id":"https:\/\/lavanguardiadecuenca.es\/?p=2915#article","isPartOf":{"@id":"https:\/\/lavanguardiadecuenca.es\/?p=2915"},"author":{"name":"admin6567","@id":"https:\/\/lavanguardiadecuenca.es\/#\/schema\/person\/533d101fbc2a9ecf6af26aeddcaf1abd"},"headline":"El rol sindical en capa ca\u00edda. Una huelga inoportuna (por Miguel Massanet Bosch)","datePublished":"2012-11-14T23:51:31+00:00","mainEntityOfPage":{"@id":"https:\/\/lavanguardiadecuenca.es\/?p=2915"},"wordCount":1416,"commentCount":0,"publisher":{"@id":"https:\/\/lavanguardiadecuenca.es\/#\/schema\/person\/efd3b99fe10ec3fad96a88f3ae7d092f"},"articleSection":["Uncategorized"],"inLanguage":"es","potentialAction":[{"@type":"CommentAction","name":"Comment","target":["https:\/\/lavanguardiadecuenca.es\/?p=2915#respond"]}]},{"@type":"WebPage","@id":"https:\/\/lavanguardiadecuenca.es\/?p=2915","url":"https:\/\/lavanguardiadecuenca.es\/?p=2915","name":"El rol sindical en capa ca\u00edda. Una huelga inoportuna (por Miguel Massanet Bosch) - La Vanguardia de Cuenca","isPartOf":{"@id":"https:\/\/lavanguardiadecuenca.es\/#website"},"datePublished":"2012-11-14T23:51:31+00:00","breadcrumb":{"@id":"https:\/\/lavanguardiadecuenca.es\/?p=2915#breadcrumb"},"inLanguage":"es","potentialAction":[{"@type":"ReadAction","target":["https:\/\/lavanguardiadecuenca.es\/?p=2915"]}]},{"@type":"BreadcrumbList","@id":"https:\/\/lavanguardiadecuenca.es\/?p=2915#breadcrumb","itemListElement":[{"@type":"ListItem","position":1,"name":"Portada","item":"https:\/\/lavanguardiadecuenca.es\/"},{"@type":"ListItem","position":2,"name":"El rol sindical en capa ca\u00edda. Una huelga inoportuna (por Miguel Massanet Bosch)"}]},{"@type":"WebSite","@id":"https:\/\/lavanguardiadecuenca.es\/#website","url":"https:\/\/lavanguardiadecuenca.es\/","name":"La Vanguardia de Cuenca","description":"Intereses: comunicaci\u00f3n y actualidad en general, weblogs, sociedad, pol\u00edtica","publisher":{"@id":"https:\/\/lavanguardiadecuenca.es\/#\/schema\/person\/efd3b99fe10ec3fad96a88f3ae7d092f"},"potentialAction":[{"@type":"SearchAction","target":{"@type":"EntryPoint","urlTemplate":"https:\/\/lavanguardiadecuenca.es\/?s={search_term_string}"},"query-input":{"@type":"PropertyValueSpecification","valueRequired":true,"valueName":"search_term_string"}}],"inLanguage":"es"},{"@type":["Person","Organization"],"@id":"https:\/\/lavanguardiadecuenca.es\/#\/schema\/person\/efd3b99fe10ec3fad96a88f3ae7d092f","name":"Juan Andr\u00e9s Buedo","image":{"@type":"ImageObject","inLanguage":"es","@id":"https:\/\/lavanguardiadecuenca.es\/wp-content\/uploads\/2025\/09\/6a00d8341c734753ef0278801a3634200d-250si.jpg","url":"https:\/\/lavanguardiadecuenca.es\/wp-content\/uploads\/2025\/09\/6a00d8341c734753ef0278801a3634200d-250si.jpg","contentUrl":"https:\/\/lavanguardiadecuenca.es\/wp-content\/uploads\/2025\/09\/6a00d8341c734753ef0278801a3634200d-250si.jpg","width":250,"height":250,"caption":"Juan Andr\u00e9s Buedo"},"logo":{"@id":"https:\/\/lavanguardiadecuenca.es\/wp-content\/uploads\/2025\/09\/6a00d8341c734753ef0278801a3634200d-250si.jpg"},"sameAs":["https:\/\/lavanguardiadecuenca.es\/"]},{"@type":"Person","@id":"https:\/\/lavanguardiadecuenca.es\/#\/schema\/person\/533d101fbc2a9ecf6af26aeddcaf1abd","name":"admin6567","image":{"@type":"ImageObject","inLanguage":"es","@id":"https:\/\/secure.gravatar.com\/avatar\/79503df8b75d394ce1e22cb5293c3e8fee42d212f6de88e2d65bfaa128f73542?s=96&d=mm&r=g","url":"https:\/\/secure.gravatar.com\/avatar\/79503df8b75d394ce1e22cb5293c3e8fee42d212f6de88e2d65bfaa128f73542?s=96&d=mm&r=g","contentUrl":"https:\/\/secure.gravatar.com\/avatar\/79503df8b75d394ce1e22cb5293c3e8fee42d212f6de88e2d65bfaa128f73542?s=96&d=mm&r=g","caption":"admin6567"},"sameAs":["http:\/\/lavanguardiadecuenca.es"],"url":"https:\/\/lavanguardiadecuenca.es\/?author=1"}]}},"_links":{"self":[{"href":"https:\/\/lavanguardiadecuenca.es\/index.php?rest_route=\/wp\/v2\/posts\/2915","targetHints":{"allow":["GET"]}}],"collection":[{"href":"https:\/\/lavanguardiadecuenca.es\/index.php?rest_route=\/wp\/v2\/posts"}],"about":[{"href":"https:\/\/lavanguardiadecuenca.es\/index.php?rest_route=\/wp\/v2\/types\/post"}],"author":[{"embeddable":true,"href":"https:\/\/lavanguardiadecuenca.es\/index.php?rest_route=\/wp\/v2\/users\/1"}],"replies":[{"embeddable":true,"href":"https:\/\/lavanguardiadecuenca.es\/index.php?rest_route=%2Fwp%2Fv2%2Fcomments&post=2915"}],"version-history":[{"count":0,"href":"https:\/\/lavanguardiadecuenca.es\/index.php?rest_route=\/wp\/v2\/posts\/2915\/revisions"}],"wp:attachment":[{"href":"https:\/\/lavanguardiadecuenca.es\/index.php?rest_route=%2Fwp%2Fv2%2Fmedia&parent=2915"}],"wp:term":[{"taxonomy":"category","embeddable":true,"href":"https:\/\/lavanguardiadecuenca.es\/index.php?rest_route=%2Fwp%2Fv2%2Fcategories&post=2915"},{"taxonomy":"post_tag","embeddable":true,"href":"https:\/\/lavanguardiadecuenca.es\/index.php?rest_route=%2Fwp%2Fv2%2Ftags&post=2915"}],"curies":[{"name":"wp","href":"https:\/\/api.w.org\/{rel}","templated":true}]}}