{"id":2851,"date":"2012-12-04T22:59:50","date_gmt":"2012-12-04T22:59:50","guid":{"rendered":"https:\/\/lavanguardiadecuenca.es\/?p=2851"},"modified":"2012-12-04T22:59:50","modified_gmt":"2012-12-04T22:59:50","slug":"el-paro-aumento-en-6856-personas-en-castilla-la-mancha-en-el-mes-de-noviembre","status":"publish","type":"post","link":"https:\/\/lavanguardiadecuenca.es\/?p=2851","title":{"rendered":"El paro aument\u00f3 en 6.856 personas en Castilla-La Mancha en el mes de noviembre"},"content":{"rendered":"<p>\n\u00a0<\/p>\n<p><span style=\"color:red; font-size:14pt\">El n\u00famero de desempleados sube en 6.856 personas en noviembre en Castilla-La Mancha y se sit\u00faa en 262.882<br \/>\n<\/span><\/p>\n<p><span style=\"color:red; font-size:14pt\">Ciudad Real alcanza los 69.758 desempleados en noviembre, 2.325 m\u00e1s que en octubre<br \/>\n<\/span><\/p>\n<p><img decoding=\"async\" src=\"https:\/\/jabuedo.typepad.com\/.a\/6a00d8341c734753ef017d3e75d6cf970c-pi\" alt=\"\"\/>\n<\/p>\n<p>.\n<\/p>\n<p style=\"text-align: justify\"><strong>TOLEDO, 4 Dic. (EUROPA PRESS)<\/strong>\u00a0\u00a0\n<\/p>\n<p style=\"text-align: justify\">El n\u00famero de parados registrados en las oficinas de los servicios p\u00fablicos de empleo (antiguo Inem) en Castilla-La Mancha al t\u00e9rmino del mes de noviembre fue de 262.882 personas, lo que supone un aumento de 6.856 respecto al mes de agosto.\n<\/p>\n<p style=\"text-align: justify\">De esta forma, en t\u00e9rminos relativos, el aumento del paro durante el und\u00e9cimo mes del a\u00f1o en la Comunidad Aut\u00f3noma fue del 2,68 por ciento respecto al mes anterior, ha informado el Ministerio de Empleo y Seguridad Social.\n<\/p>\n<p style=\"text-align: justify\">A nivel nacional, el n\u00famero de parados subi\u00f3 en 74.296 desempleados en noviembre, un 1,5% respecto a octubre, lo que situ\u00f3 la cifra total de parados por encima de los 4,9 millones, nuevo r\u00e9cord del registro.\n<\/p>\n<p style=\"text-align: justify\"><strong>PROVINCIAS<\/strong>\n<\/p>\n<p style=\"text-align: justify\">El paro subi\u00f3 en todas las provincias de Castilla-La Mancha durante el mes pasado. As\u00ed, en Albacete el pasado mes finaliz\u00f3 con 1.494 parados m\u00e1s, de tal forma que el n\u00famero de parados se situ\u00f3 en 53.712, de los que 24.380 son hombres y 29.332 mujeres. Los parados menores de 25 a\u00f1os en esa provincia se sit\u00faan en 6.491, de los que 3.430 son hombres y 3.061 mujeres.\n<\/p>\n<p style=\"text-align: justify\">En Ciudad Real, el n\u00famero de parados se situ\u00f3 en 69.758, 2.325 m\u00e1s que el \u00faltimo mes. Del total de parados en esta provincia, 32.940 son hombres y 36.818 mujeres. Los menores de 25 a\u00f1os parados en esta provincia al t\u00e9rmino del pasado mes eran 10.256 de los que 5.469 son hombres y 4.787 mujeres.\n<\/p>\n<p style=\"text-align: justify\">La provincia de Cuenca cerr\u00f3 el pasado mes con 21.466 desempleados, al subir en 769 parados. Del total de personas en paro de esta provincia, 10.498 son hombres y 10.968 mujeres. La cifra de menores de 25 a\u00f1os desempleados que qued\u00f3 en la provincia de Cuenca ascendi\u00f3 a 2.486, 1.353 de ellos hombres y 1.133 mujeres. \u00a0\n<\/p>\n<p style=\"text-align: justify\">En la provincia de Guadalajara, el mes pasado se cerr\u00f3 con un total de 24.988 parados, 411 desempleados m\u00e1s que el mes anterior. Del total de desempleados de la provincia, 11.898 eran hombres y 13.090 mujeres. El pasado mes se cerr\u00f3 con 2.390 personas de m\u00e1s de 25 a\u00f1os, 1.220 de ellos hombres y 1.170 mujeres.\n<\/p>\n<p style=\"text-align: justify\">Finalmente, en la provincia de Toledo el pasado mes termin\u00f3 con 92.958 parados, 1.857 m\u00e1s. Del total de desempleados en la provincia 45.062 son hombres y 47.896 mujeres. Los menores de 25 a\u00f1os parados ascienden a 10.311, de los que 5.556 son hombres y 4.755 mujeres.\n<\/p>\n<p style=\"text-align: justify\"><strong>SECTORES<\/strong>\n<\/p>\n<p style=\"text-align: justify\">Por sectores, en la provincia de Albacete el desempleo subi\u00f3 en 136 personas en Agricultura, en 247 en Industria, en 146 en Construcci\u00f3n, en 778 en Servicios y en el colectivo sin empleo anterior subi\u00f3 en 187.\n<\/p>\n<p style=\"text-align: justify\">En Ciudad Real se registr\u00f3 un parado menos en Agricultura y subi\u00f3 en 423 en Industria, 672 en Construcci\u00f3n, en 1.053 en el sector Servicios y 178 en el grupo de sin empleo anterior.\n<\/p>\n<p style=\"text-align: justify\">En la provincia de Cuenca, hay 106 desempleados m\u00e1s en Agricultura, 141 en Industria, 51 en el sector de la Construcci\u00f3n, 404 en el sector Servicios y 67 personas en el colectivo sin empleo anterior.\n<\/p>\n<p style=\"text-align: justify\">Por su parte, en la provincia de Guadalajara, en Agricultura se registraron 115 parados m\u00e1s, 8 en el de Industria, dos parados menos en la Construcci\u00f3n, 267 m\u00e1s en el sector Servicios y 23 personas m\u00e1s en el colectivo sin empleo anterior.\n<\/p>\n<p style=\"text-align: justify\">Por \u00faltimo, en Toledo el paro ha subido en 91 personas en Agricultura y en 404 en Industria. Tambi\u00e9n ha aumentado en 264 personas en Construcci\u00f3n y en 1.026 en el sector Servicios. En el colectivo sin empleo anterior los desempleados han aumentado en 72.<\/p>\n","protected":false},"excerpt":{"rendered":"<p>\u00a0 El n\u00famero de desempleados sube en 6.856 personas en noviembre en Castilla-La Mancha y se sit\u00faa en 262.882 Ciudad Real alcanza los 69.758 desempleados en noviembre, 2.325 m\u00e1s que en octubre . TOLEDO, 4 Dic. (EUROPA PRESS)\u00a0\u00a0 El n\u00famero de parados registrados en las oficinas de los servicios p\u00fablicos de empleo (antiguo Inem) en&#8230;<\/p>\n","protected":false},"author":1,"featured_media":0,"comment_status":"open","ping_status":"open","sticky":false,"template":"","format":"standard","meta":{"rop_custom_images_group":[],"rop_custom_messages_group":[],"rop_publish_now":"initial","rop_publish_now_accounts":[],"rop_publish_now_history":[],"rop_publish_now_status":"pending","footnotes":""},"categories":[1],"tags":[],"class_list":["post-2851","post","type-post","status-publish","format-standard","hentry","category-uncategorized"],"yoast_head":"<!-- This site is optimized with the Yoast SEO plugin v27.5 - https:\/\/yoast.com\/product\/yoast-seo-wordpress\/ -->\n<title>El paro aument\u00f3 en 6.856 personas en Castilla-La Mancha en el mes de noviembre - La Vanguardia de Cuenca<\/title>\n<meta name=\"robots\" content=\"index, follow, max-snippet:-1, max-image-preview:large, max-video-preview:-1\" \/>\n<link rel=\"canonical\" href=\"https:\/\/lavanguardiadecuenca.es\/?p=2851\" \/>\n<meta property=\"og:locale\" content=\"es_ES\" \/>\n<meta property=\"og:type\" content=\"article\" \/>\n<meta property=\"og:title\" content=\"El paro aument\u00f3 en 6.856 personas en Castilla-La Mancha en el mes de noviembre - La Vanguardia de Cuenca\" \/>\n<meta property=\"og:description\" content=\"\u00a0 El n\u00famero de desempleados sube en 6.856 personas en noviembre en Castilla-La Mancha y se sit\u00faa en 262.882 Ciudad Real alcanza los 69.758 desempleados en noviembre, 2.325 m\u00e1s que en octubre . TOLEDO, 4 Dic. (EUROPA PRESS)\u00a0\u00a0 El n\u00famero de parados registrados en las oficinas de los servicios p\u00fablicos de empleo (antiguo Inem) en...\" \/>\n<meta property=\"og:url\" content=\"https:\/\/lavanguardiadecuenca.es\/?p=2851\" \/>\n<meta property=\"og:site_name\" content=\"La Vanguardia de Cuenca\" \/>\n<meta property=\"article:published_time\" content=\"2012-12-04T22:59:50+00:00\" \/>\n<meta property=\"og:image\" content=\"https:\/\/jabuedo.typepad.com\/.a\/6a00d8341c734753ef017d3e75d6cf970c-pi\" \/>\n<meta name=\"author\" content=\"admin6567\" \/>\n<meta name=\"twitter:card\" content=\"summary_large_image\" \/>\n<meta name=\"twitter:label1\" content=\"Escrito por\" \/>\n\t<meta name=\"twitter:data1\" content=\"admin6567\" \/>\n\t<meta name=\"twitter:label2\" content=\"Tiempo de lectura\" \/>\n\t<meta name=\"twitter:data2\" content=\"3 minutos\" \/>\n<script type=\"application\/ld+json\" class=\"yoast-schema-graph\">{\"@context\":\"https:\\\/\\\/schema.org\",\"@graph\":[{\"@type\":\"Article\",\"@id\":\"https:\\\/\\\/lavanguardiadecuenca.es\\\/?p=2851#article\",\"isPartOf\":{\"@id\":\"https:\\\/\\\/lavanguardiadecuenca.es\\\/?p=2851\"},\"author\":{\"name\":\"admin6567\",\"@id\":\"https:\\\/\\\/lavanguardiadecuenca.es\\\/#\\\/schema\\\/person\\\/533d101fbc2a9ecf6af26aeddcaf1abd\"},\"headline\":\"El paro aument\u00f3 en 6.856 personas en Castilla-La Mancha en el mes de noviembre\",\"datePublished\":\"2012-12-04T22:59:50+00:00\",\"mainEntityOfPage\":{\"@id\":\"https:\\\/\\\/lavanguardiadecuenca.es\\\/?p=2851\"},\"wordCount\":602,\"commentCount\":0,\"publisher\":{\"@id\":\"https:\\\/\\\/lavanguardiadecuenca.es\\\/#\\\/schema\\\/person\\\/efd3b99fe10ec3fad96a88f3ae7d092f\"},\"image\":{\"@id\":\"https:\\\/\\\/lavanguardiadecuenca.es\\\/?p=2851#primaryimage\"},\"thumbnailUrl\":\"https:\\\/\\\/jabuedo.typepad.com\\\/.a\\\/6a00d8341c734753ef017d3e75d6cf970c-pi\",\"articleSection\":[\"Uncategorized\"],\"inLanguage\":\"es\",\"potentialAction\":[{\"@type\":\"CommentAction\",\"name\":\"Comment\",\"target\":[\"https:\\\/\\\/lavanguardiadecuenca.es\\\/?p=2851#respond\"]}]},{\"@type\":\"WebPage\",\"@id\":\"https:\\\/\\\/lavanguardiadecuenca.es\\\/?p=2851\",\"url\":\"https:\\\/\\\/lavanguardiadecuenca.es\\\/?p=2851\",\"name\":\"El paro aument\u00f3 en 6.856 personas en Castilla-La Mancha en el mes de noviembre - La Vanguardia de Cuenca\",\"isPartOf\":{\"@id\":\"https:\\\/\\\/lavanguardiadecuenca.es\\\/#website\"},\"primaryImageOfPage\":{\"@id\":\"https:\\\/\\\/lavanguardiadecuenca.es\\\/?p=2851#primaryimage\"},\"image\":{\"@id\":\"https:\\\/\\\/lavanguardiadecuenca.es\\\/?p=2851#primaryimage\"},\"thumbnailUrl\":\"https:\\\/\\\/jabuedo.typepad.com\\\/.a\\\/6a00d8341c734753ef017d3e75d6cf970c-pi\",\"datePublished\":\"2012-12-04T22:59:50+00:00\",\"breadcrumb\":{\"@id\":\"https:\\\/\\\/lavanguardiadecuenca.es\\\/?p=2851#breadcrumb\"},\"inLanguage\":\"es\",\"potentialAction\":[{\"@type\":\"ReadAction\",\"target\":[\"https:\\\/\\\/lavanguardiadecuenca.es\\\/?p=2851\"]}]},{\"@type\":\"ImageObject\",\"inLanguage\":\"es\",\"@id\":\"https:\\\/\\\/lavanguardiadecuenca.es\\\/?p=2851#primaryimage\",\"url\":\"https:\\\/\\\/jabuedo.typepad.com\\\/.a\\\/6a00d8341c734753ef017d3e75d6cf970c-pi\",\"contentUrl\":\"https:\\\/\\\/jabuedo.typepad.com\\\/.a\\\/6a00d8341c734753ef017d3e75d6cf970c-pi\"},{\"@type\":\"BreadcrumbList\",\"@id\":\"https:\\\/\\\/lavanguardiadecuenca.es\\\/?p=2851#breadcrumb\",\"itemListElement\":[{\"@type\":\"ListItem\",\"position\":1,\"name\":\"Portada\",\"item\":\"https:\\\/\\\/lavanguardiadecuenca.es\\\/\"},{\"@type\":\"ListItem\",\"position\":2,\"name\":\"El paro aument\u00f3 en 6.856 personas en Castilla-La Mancha en el mes de noviembre\"}]},{\"@type\":\"WebSite\",\"@id\":\"https:\\\/\\\/lavanguardiadecuenca.es\\\/#website\",\"url\":\"https:\\\/\\\/lavanguardiadecuenca.es\\\/\",\"name\":\"La Vanguardia de Cuenca\",\"description\":\"Intereses: comunicaci\u00f3n y actualidad en general, weblogs, sociedad, pol\u00edtica\",\"publisher\":{\"@id\":\"https:\\\/\\\/lavanguardiadecuenca.es\\\/#\\\/schema\\\/person\\\/efd3b99fe10ec3fad96a88f3ae7d092f\"},\"potentialAction\":[{\"@type\":\"SearchAction\",\"target\":{\"@type\":\"EntryPoint\",\"urlTemplate\":\"https:\\\/\\\/lavanguardiadecuenca.es\\\/?s={search_term_string}\"},\"query-input\":{\"@type\":\"PropertyValueSpecification\",\"valueRequired\":true,\"valueName\":\"search_term_string\"}}],\"inLanguage\":\"es\"},{\"@type\":[\"Person\",\"Organization\"],\"@id\":\"https:\\\/\\\/lavanguardiadecuenca.es\\\/#\\\/schema\\\/person\\\/efd3b99fe10ec3fad96a88f3ae7d092f\",\"name\":\"Juan Andr\u00e9s Buedo\",\"image\":{\"@type\":\"ImageObject\",\"inLanguage\":\"es\",\"@id\":\"https:\\\/\\\/lavanguardiadecuenca.es\\\/wp-content\\\/uploads\\\/2025\\\/09\\\/6a00d8341c734753ef0278801a3634200d-250si.jpg\",\"url\":\"https:\\\/\\\/lavanguardiadecuenca.es\\\/wp-content\\\/uploads\\\/2025\\\/09\\\/6a00d8341c734753ef0278801a3634200d-250si.jpg\",\"contentUrl\":\"https:\\\/\\\/lavanguardiadecuenca.es\\\/wp-content\\\/uploads\\\/2025\\\/09\\\/6a00d8341c734753ef0278801a3634200d-250si.jpg\",\"width\":250,\"height\":250,\"caption\":\"Juan Andr\u00e9s Buedo\"},\"logo\":{\"@id\":\"https:\\\/\\\/lavanguardiadecuenca.es\\\/wp-content\\\/uploads\\\/2025\\\/09\\\/6a00d8341c734753ef0278801a3634200d-250si.jpg\"},\"sameAs\":[\"https:\\\/\\\/lavanguardiadecuenca.es\\\/\"]},{\"@type\":\"Person\",\"@id\":\"https:\\\/\\\/lavanguardiadecuenca.es\\\/#\\\/schema\\\/person\\\/533d101fbc2a9ecf6af26aeddcaf1abd\",\"name\":\"admin6567\",\"image\":{\"@type\":\"ImageObject\",\"inLanguage\":\"es\",\"@id\":\"https:\\\/\\\/secure.gravatar.com\\\/avatar\\\/79503df8b75d394ce1e22cb5293c3e8fee42d212f6de88e2d65bfaa128f73542?s=96&d=mm&r=g\",\"url\":\"https:\\\/\\\/secure.gravatar.com\\\/avatar\\\/79503df8b75d394ce1e22cb5293c3e8fee42d212f6de88e2d65bfaa128f73542?s=96&d=mm&r=g\",\"contentUrl\":\"https:\\\/\\\/secure.gravatar.com\\\/avatar\\\/79503df8b75d394ce1e22cb5293c3e8fee42d212f6de88e2d65bfaa128f73542?s=96&d=mm&r=g\",\"caption\":\"admin6567\"},\"sameAs\":[\"http:\\\/\\\/lavanguardiadecuenca.es\"],\"url\":\"https:\\\/\\\/lavanguardiadecuenca.es\\\/?author=1\"}]}<\/script>\n<!-- \/ Yoast SEO plugin. -->","yoast_head_json":{"title":"El paro aument\u00f3 en 6.856 personas en Castilla-La Mancha en el mes de noviembre - La Vanguardia de Cuenca","robots":{"index":"index","follow":"follow","max-snippet":"max-snippet:-1","max-image-preview":"max-image-preview:large","max-video-preview":"max-video-preview:-1"},"canonical":"https:\/\/lavanguardiadecuenca.es\/?p=2851","og_locale":"es_ES","og_type":"article","og_title":"El paro aument\u00f3 en 6.856 personas en Castilla-La Mancha en el mes de noviembre - La Vanguardia de Cuenca","og_description":"\u00a0 El n\u00famero de desempleados sube en 6.856 personas en noviembre en Castilla-La Mancha y se sit\u00faa en 262.882 Ciudad Real alcanza los 69.758 desempleados en noviembre, 2.325 m\u00e1s que en octubre . TOLEDO, 4 Dic. (EUROPA PRESS)\u00a0\u00a0 El n\u00famero de parados registrados en las oficinas de los servicios p\u00fablicos de empleo (antiguo Inem) en...","og_url":"https:\/\/lavanguardiadecuenca.es\/?p=2851","og_site_name":"La Vanguardia de Cuenca","article_published_time":"2012-12-04T22:59:50+00:00","og_image":[{"url":"https:\/\/jabuedo.typepad.com\/.a\/6a00d8341c734753ef017d3e75d6cf970c-pi","type":"","width":"","height":""}],"author":"admin6567","twitter_card":"summary_large_image","twitter_misc":{"Escrito por":"admin6567","Tiempo de lectura":"3 minutos"},"schema":{"@context":"https:\/\/schema.org","@graph":[{"@type":"Article","@id":"https:\/\/lavanguardiadecuenca.es\/?p=2851#article","isPartOf":{"@id":"https:\/\/lavanguardiadecuenca.es\/?p=2851"},"author":{"name":"admin6567","@id":"https:\/\/lavanguardiadecuenca.es\/#\/schema\/person\/533d101fbc2a9ecf6af26aeddcaf1abd"},"headline":"El paro aument\u00f3 en 6.856 personas en Castilla-La Mancha en el mes de noviembre","datePublished":"2012-12-04T22:59:50+00:00","mainEntityOfPage":{"@id":"https:\/\/lavanguardiadecuenca.es\/?p=2851"},"wordCount":602,"commentCount":0,"publisher":{"@id":"https:\/\/lavanguardiadecuenca.es\/#\/schema\/person\/efd3b99fe10ec3fad96a88f3ae7d092f"},"image":{"@id":"https:\/\/lavanguardiadecuenca.es\/?p=2851#primaryimage"},"thumbnailUrl":"https:\/\/jabuedo.typepad.com\/.a\/6a00d8341c734753ef017d3e75d6cf970c-pi","articleSection":["Uncategorized"],"inLanguage":"es","potentialAction":[{"@type":"CommentAction","name":"Comment","target":["https:\/\/lavanguardiadecuenca.es\/?p=2851#respond"]}]},{"@type":"WebPage","@id":"https:\/\/lavanguardiadecuenca.es\/?p=2851","url":"https:\/\/lavanguardiadecuenca.es\/?p=2851","name":"El paro aument\u00f3 en 6.856 personas en Castilla-La Mancha en el mes de noviembre - La Vanguardia de Cuenca","isPartOf":{"@id":"https:\/\/lavanguardiadecuenca.es\/#website"},"primaryImageOfPage":{"@id":"https:\/\/lavanguardiadecuenca.es\/?p=2851#primaryimage"},"image":{"@id":"https:\/\/lavanguardiadecuenca.es\/?p=2851#primaryimage"},"thumbnailUrl":"https:\/\/jabuedo.typepad.com\/.a\/6a00d8341c734753ef017d3e75d6cf970c-pi","datePublished":"2012-12-04T22:59:50+00:00","breadcrumb":{"@id":"https:\/\/lavanguardiadecuenca.es\/?p=2851#breadcrumb"},"inLanguage":"es","potentialAction":[{"@type":"ReadAction","target":["https:\/\/lavanguardiadecuenca.es\/?p=2851"]}]},{"@type":"ImageObject","inLanguage":"es","@id":"https:\/\/lavanguardiadecuenca.es\/?p=2851#primaryimage","url":"https:\/\/jabuedo.typepad.com\/.a\/6a00d8341c734753ef017d3e75d6cf970c-pi","contentUrl":"https:\/\/jabuedo.typepad.com\/.a\/6a00d8341c734753ef017d3e75d6cf970c-pi"},{"@type":"BreadcrumbList","@id":"https:\/\/lavanguardiadecuenca.es\/?p=2851#breadcrumb","itemListElement":[{"@type":"ListItem","position":1,"name":"Portada","item":"https:\/\/lavanguardiadecuenca.es\/"},{"@type":"ListItem","position":2,"name":"El paro aument\u00f3 en 6.856 personas en Castilla-La Mancha en el mes de noviembre"}]},{"@type":"WebSite","@id":"https:\/\/lavanguardiadecuenca.es\/#website","url":"https:\/\/lavanguardiadecuenca.es\/","name":"La Vanguardia de Cuenca","description":"Intereses: comunicaci\u00f3n y actualidad en general, weblogs, sociedad, pol\u00edtica","publisher":{"@id":"https:\/\/lavanguardiadecuenca.es\/#\/schema\/person\/efd3b99fe10ec3fad96a88f3ae7d092f"},"potentialAction":[{"@type":"SearchAction","target":{"@type":"EntryPoint","urlTemplate":"https:\/\/lavanguardiadecuenca.es\/?s={search_term_string}"},"query-input":{"@type":"PropertyValueSpecification","valueRequired":true,"valueName":"search_term_string"}}],"inLanguage":"es"},{"@type":["Person","Organization"],"@id":"https:\/\/lavanguardiadecuenca.es\/#\/schema\/person\/efd3b99fe10ec3fad96a88f3ae7d092f","name":"Juan Andr\u00e9s Buedo","image":{"@type":"ImageObject","inLanguage":"es","@id":"https:\/\/lavanguardiadecuenca.es\/wp-content\/uploads\/2025\/09\/6a00d8341c734753ef0278801a3634200d-250si.jpg","url":"https:\/\/lavanguardiadecuenca.es\/wp-content\/uploads\/2025\/09\/6a00d8341c734753ef0278801a3634200d-250si.jpg","contentUrl":"https:\/\/lavanguardiadecuenca.es\/wp-content\/uploads\/2025\/09\/6a00d8341c734753ef0278801a3634200d-250si.jpg","width":250,"height":250,"caption":"Juan Andr\u00e9s Buedo"},"logo":{"@id":"https:\/\/lavanguardiadecuenca.es\/wp-content\/uploads\/2025\/09\/6a00d8341c734753ef0278801a3634200d-250si.jpg"},"sameAs":["https:\/\/lavanguardiadecuenca.es\/"]},{"@type":"Person","@id":"https:\/\/lavanguardiadecuenca.es\/#\/schema\/person\/533d101fbc2a9ecf6af26aeddcaf1abd","name":"admin6567","image":{"@type":"ImageObject","inLanguage":"es","@id":"https:\/\/secure.gravatar.com\/avatar\/79503df8b75d394ce1e22cb5293c3e8fee42d212f6de88e2d65bfaa128f73542?s=96&d=mm&r=g","url":"https:\/\/secure.gravatar.com\/avatar\/79503df8b75d394ce1e22cb5293c3e8fee42d212f6de88e2d65bfaa128f73542?s=96&d=mm&r=g","contentUrl":"https:\/\/secure.gravatar.com\/avatar\/79503df8b75d394ce1e22cb5293c3e8fee42d212f6de88e2d65bfaa128f73542?s=96&d=mm&r=g","caption":"admin6567"},"sameAs":["http:\/\/lavanguardiadecuenca.es"],"url":"https:\/\/lavanguardiadecuenca.es\/?author=1"}]}},"_links":{"self":[{"href":"https:\/\/lavanguardiadecuenca.es\/index.php?rest_route=\/wp\/v2\/posts\/2851","targetHints":{"allow":["GET"]}}],"collection":[{"href":"https:\/\/lavanguardiadecuenca.es\/index.php?rest_route=\/wp\/v2\/posts"}],"about":[{"href":"https:\/\/lavanguardiadecuenca.es\/index.php?rest_route=\/wp\/v2\/types\/post"}],"author":[{"embeddable":true,"href":"https:\/\/lavanguardiadecuenca.es\/index.php?rest_route=\/wp\/v2\/users\/1"}],"replies":[{"embeddable":true,"href":"https:\/\/lavanguardiadecuenca.es\/index.php?rest_route=%2Fwp%2Fv2%2Fcomments&post=2851"}],"version-history":[{"count":0,"href":"https:\/\/lavanguardiadecuenca.es\/index.php?rest_route=\/wp\/v2\/posts\/2851\/revisions"}],"wp:attachment":[{"href":"https:\/\/lavanguardiadecuenca.es\/index.php?rest_route=%2Fwp%2Fv2%2Fmedia&parent=2851"}],"wp:term":[{"taxonomy":"category","embeddable":true,"href":"https:\/\/lavanguardiadecuenca.es\/index.php?rest_route=%2Fwp%2Fv2%2Fcategories&post=2851"},{"taxonomy":"post_tag","embeddable":true,"href":"https:\/\/lavanguardiadecuenca.es\/index.php?rest_route=%2Fwp%2Fv2%2Ftags&post=2851"}],"curies":[{"name":"wp","href":"https:\/\/api.w.org\/{rel}","templated":true}]}}