{"id":2811,"date":"2012-12-17T21:04:53","date_gmt":"2012-12-17T21:04:53","guid":{"rendered":"https:\/\/lavanguardiadecuenca.es\/?p=2811"},"modified":"2012-12-17T21:04:53","modified_gmt":"2012-12-17T21:04:53","slug":"donde-se-habla-de-profetas-mesianicos-dinero-negro-y-separatismo-por-miguel-massanet-bosch","status":"publish","type":"post","link":"https:\/\/lavanguardiadecuenca.es\/?p=2811","title":{"rendered":"Donde se habla de profetas mesi\u00e1nicos, dinero negro y separatismo (por Miguel Massanet Bosch)"},"content":{"rendered":"<p style=\"text-align: justify;\">&#0160;<\/p>\n<p style=\"text-align: justify;\"><span style=\"font-family: Arial; font-size: 10pt;\"><strong>&quot;<\/strong><em>Dios ha dado a cada pueblo un profeta en su propia lengua<\/em><strong>&quot; <\/strong>(Cor\u00e1n) Mahoma.<br \/>\n<\/span><\/p>\n<p style=\"text-align: justify;\">&#0160;<\/p>\n<p style=\"text-align: justify;\"><span style=\"font-family: Arial; font-size: 10pt;\">Uno empieza sorprendido, contin\u00faa perplejo, sigue interesado y, a medida que la secuencia del enredo se va desarrollando y los episodios se van enlazando, como las piezas del puzzle que, en un principio parece irresoluble, van encajando en sus respectivos huecos, empieza a sentir irritaci\u00f3n, rabia sorda y ansias de que quien se ha cubierto, de cara al resto de ciudadanos, con la falsa piel de persona justa, impecable y entregada en cuerpo y alma a un ideal nacionalista, equivocado y evidentemente desleal pero, al fin y al cabo, un ideal que, como tal, tiene en si la presunci\u00f3n de algo noble que tiene que ser respetado, en tanto y cuanto no represente un enga\u00f1o, un fraude o un simple medio de conseguir fines ego\u00edstas, riquezas sospechosas o ansias de poder.<br \/>\n<\/span><\/p>\n<p style=\"text-align: justify;\"><span style=\"font-family: Arial; font-size: 10pt;\">Ver\u00e1n ustedes, cuando un lee que un se\u00f1or se va a montar una empresa de m\u00e1rmol en Suiza, no es extra\u00f1o que se pregunt\u00e9 \u00bfporqu\u00e9 alguien tiene que irse tan lejos, cuando m\u00e1s cerca va a encontrar todo el que le de la gana? Pero es que, se\u00f1ores, si despu\u00e9s nos enteramos de que el aeropuerto del Prat estaba enlosado con aquel m\u00e1rmol suizo que alguien les recomend\u00f3 que utilizaran, mientras el se\u00f1or Jordi Pujol ejerc\u00eda de President de la Generalitat; las sospechas se convierten en certezas y se empieza a vislumbrar lo que se escond\u00eda detr\u00e1s de aquella acusaci\u00f3n de la &quot;mordida&quot; del 3%, que luego result\u00f3 ser del 4% y que qued\u00f3 en agua de borrajas, porque lo cierto era que: todos los pol\u00edticos que hab\u00edan ostentado el poder en Catalunya estaban, de una manera u otra, afectados por el mismo mal. Por cierto, que result\u00f3 ser tan malo el resultado de aquel m\u00e1rmol que enlosaba el Prat que, al poco tiempo, a causa del impacto de las ruedas de los carritos de equipajes, result\u00f3 que se fue deshaciendo, hasta que fue necesario cambiarlo, una operaci\u00f3n que cost\u00f3 a los ciudadanos catalanes la cantidad de 600.000 euros.<br \/>\n<\/span><\/p>\n<p style=\"text-align: justify;\"><span style=\"font-family: Arial; font-size: 10pt;\">Yo no s\u00e9 como va a terminar la denuncia del Mundo y tampoco veo clara la posici\u00f3n de la familia Pujol y de sus cuentas en Suiza. Una marmoler\u00eda, sin duda, ser\u00eda una buena cuartada para blanquear capitales que no se han conseguido de forma muy legal. Se habla de que el se\u00f1or De la Rosa est\u00e1 sufriendo amenazas para que calle. De hecho existe una declaraci\u00f3n de dicho se\u00f1or que, el juez Ruz, est\u00e1 estudiando y que ha trasladado al Ministerio P\u00fablico para que informe sobre si, el Juzgado Central de Instrucci\u00f3n n\u00ba 5, es competente para investigar los hechos y los oficios policiales de la Unidad de Delitos Econ\u00f3micos y Fiscales.  Dice De la Rosa, en su declaraci\u00f3n, que el matrimonio Pujol-Ferrusola y sus dos hijos Jordi y Oriol disponen de un capital de 165 millones de francos suizos en la banca privada Lombard Odio de Ginebra. \u00bfC\u00f3mo un simple m\u00e9dico de familia, que tuvo sus m\u00e1s y sus menos cuando fue directivo de la Banca Catalana y que se libr\u00f3 por los pelos de acabar en <em>chirona,<\/em> con el sueldo de Presidente de la Generalitat, ha podido amasar semejante fortuna? Y no olvidemos que su hijo Jordi ha abierto un importante hotel en M\u00e9jico.<br \/>\n<\/span><\/p>\n<p style=\"text-align: justify;\"><span style=\"font-family: Arial; font-size: 10pt;\">Y aqu\u00ed, se\u00f1ores, se cierne el tupido velo de lo que se conoce como tr\u00e1fico de Influencias,  financiaci\u00f3n ilegal de partidos; delito fiscal de ocultaci\u00f3n de bienes; blanqueo de capitales; negociaciones prohibidas a autoridades y funcionarios y toda una retah\u00edla de presuntas infracciones que ser\u00eda prolijo enumerar pero que, de confirmarse, podr\u00edan poner en serios compromisos a esta familia ultra nacionalista y, presuntamente, ejemplo de ciudadanos catalanes, si todo lo de lo que se les acusa fuera cierto y pudiera comportar haber incurrido en los delitos que se les imputan.<br \/>\n<\/span><\/p>\n<p style=\"text-align: justify;\"><span style=\"font-family: Arial; font-size: 10pt;\">Claro que, la relaci\u00f3n del se\u00f1or Artur Mas y su padre con la familia Pujol viene de hace muchos a\u00f1os y fue, precisamente, el padre del actual <em>President <\/em>quien se ocupaba de los bienes de la familia Pujol en Suiza. Se habla de que tuvo que declarar una importante cantidad al fisco, para regularizar sus situaci\u00f3n fiscal pero, a\u00fan as\u00ed, se dice que sus tres hijos, entre los que se halla don Artur Mas, tienen en Suiza una fortuna de 2.000.000 de euros, cuyo origen no parece estar muy claro, pese a que el se\u00f1or Mas hijo sostiene que no tiene nada que ocultar.<br \/>\n<\/span><\/p>\n<p style=\"text-align: justify;\"><span style=\"font-family: Arial; font-size: 10pt;\">No se que decirles pero, cuando uno observa a estos profetas que se erigen en redentores del pueblo y predican sacrificios, esfuerzos y revoluci\u00f3n en contra de presuntos &quot;opresores&quot; de los catalanes y, se ahonda en sus  verdaderos prop\u00f3sitos, se rasca un poco en las interioridades que se ocultan bajo aquel aspecto de &quot;patriotas&quot;; se apercibe de que estos nacionalismos, estas proclamas independentistas y estos presuntos para\u00edsos en los que se van a convertir los &quot;estados catalans&quot; ( no olviden que sus ansias anexionistas comprenden todo la parte sur de Francia norte de Espa\u00f1a, la llamada Marca Hisp\u00e1nica, formada por los condados dependientes de los monarcas carolingios pegados a la parte Sur de los Pirineos, a los que, posteriormente, se a\u00f1adi\u00f3 el de Barcelona y m\u00e1s tarde, Valencia y Baleares); no son m\u00e1s que \u00eddolos con pies de barro que, a lo que verdaderamente aspiran, es al poder y a asegurarse una buena posici\u00f3n para ellos y sus familias.<br \/>\n<\/span><\/p>\n<p style=\"text-align: justify;\"><span style=\"font-family: Arial; font-size: 10pt;\">El se\u00f1or Jordi Pujol, al que no se le puede negar habilidad y oportunismo, se mete en su papel de personaje importante, de persona sensata y dialogante, de verdadero entendido y de estadista situado por encima de todos los dem\u00e1s; asumiendo la postura de superdotado y maestro de maestros; todo el resto de los catalanes sufren una especie de catalepsia que les impide razonar y ver con la debida claridad cu\u00e1l es el camino que, tanto \u00e9l como su disc\u00edpulo y ejecutor, el se\u00f1or Mas, han elegido para Catalunya; al aventurarse en una correr\u00eda secesionista cuando, precisamente, la comunidad catalana se encuentra en uno de los momentos m\u00e1s dif\u00edciles de su historia, con ochocientos cincuenta mil parados; endeudados hasta las orejas, dependiendo de las ayudas del Estado central para poder pagar sus deudas y amortizar los vencimientos de su deuda y, lo que todav\u00eda enreda m\u00e1s las posibilidades de una separaci\u00f3n de Espa\u00f1a, la evidencia de que, en el caso de secesi\u00f3n, se quedar\u00edan autom\u00e1ticamente fuera de la CE; algo que, si se piensa con cordura, debiera de haber hecho reflexionar a CIU sobre las posibles y nefastas consecuencias de  proponer a los ciudadanos una consulta para someterles a su consideraci\u00f3n si Catalunya debe o no independizarse de Espa\u00f1a.<br \/>\n<\/span><\/p>\n<p style=\"text-align: justify;\"><span style=\"font-family: Arial; font-size: 10pt;\">De aqu\u00ed las dificultades que CIU tiene para lograr un acuerdo con ERC, que insiste, como segunda fuerza en el Parlament catal\u00e1n, en que concrete una fecha para la consulta popular, con la intenci\u00f3n de forzar, al nuevo ejecutivo, a un enfrentamiento directo con el gobierno de Rajoy; con la peregrina idea de que, tal y como ha pasado con los gobiernos anteriores, no se atrever\u00eda a actuar ante unos hechos consumados, como podr\u00eda ser la declaraci\u00f3n, unilateral, por la Generalitat, de la independencia de Catalunya. Mucho nos tememos que le va a ser muy dif\u00edcil al se\u00f1or Mas mantener quieto al se\u00f1or Junqueras de ERC. En realidad, todo el <em>bluf <\/em>de los nacionalistas, iniciado como consecuencia del fracaso de Pacto Fiscal, depende de lo que se acuerde con ERC. En  todo caso, se\u00f1ores, mucho me temo que va a tener un mal arreglo. O esta es, se\u00f1ores, mi opini\u00f3n sobre este complicado tema.<br \/>\n<\/span><\/p>\n<p style=\"margin-left: 36pt;\"><span style=\"color: #1f497d; font-family: Arial; font-size: 10pt;\"><strong>Miguel Massanet Bosch<\/strong><\/span><\/p>\n","protected":false},"excerpt":{"rendered":"<p>&#0160; &quot;Dios ha dado a cada pueblo un profeta en su propia lengua&quot; (Cor\u00e1n) Mahoma. &#0160; Uno empieza sorprendido, contin\u00faa perplejo, sigue interesado y, a medida que la secuencia del enredo se va desarrollando y los episodios se van enlazando, como las piezas del puzzle que, en un principio parece irresoluble, van encajando en sus&#8230;<\/p>\n","protected":false},"author":1,"featured_media":0,"comment_status":"open","ping_status":"open","sticky":false,"template":"","format":"standard","meta":{"rop_custom_images_group":[],"rop_custom_messages_group":[],"rop_publish_now":"initial","rop_publish_now_accounts":[],"rop_publish_now_history":[],"rop_publish_now_status":"pending","footnotes":""},"categories":[2,13,10,14,15,16,8],"tags":[],"class_list":["post-2811","post","type-post","status-publish","format-standard","hentry","category-actualidad","category-administracion-publica","category-comunicacion","category-economia","category-pensamiento-politico","category-politica","category-sociedad"],"yoast_head":"<!-- This site is optimized with the Yoast SEO plugin v27.5 - https:\/\/yoast.com\/product\/yoast-seo-wordpress\/ -->\n<title>Donde se habla de profetas mesi\u00e1nicos, dinero negro y separatismo (por Miguel Massanet Bosch) - La Vanguardia de Cuenca<\/title>\n<meta name=\"robots\" content=\"index, follow, max-snippet:-1, max-image-preview:large, max-video-preview:-1\" \/>\n<link rel=\"canonical\" href=\"https:\/\/lavanguardiadecuenca.es\/?p=2811\" \/>\n<meta property=\"og:locale\" content=\"es_ES\" \/>\n<meta property=\"og:type\" content=\"article\" \/>\n<meta property=\"og:title\" content=\"Donde se habla de profetas mesi\u00e1nicos, dinero negro y separatismo (por Miguel Massanet Bosch) - La Vanguardia de Cuenca\" \/>\n<meta property=\"og:description\" content=\"&#160; &quot;Dios ha dado a cada pueblo un profeta en su propia lengua&quot; (Cor\u00e1n) Mahoma. &#160; Uno empieza sorprendido, contin\u00faa perplejo, sigue interesado y, a medida que la secuencia del enredo se va desarrollando y los episodios se van enlazando, como las piezas del puzzle que, en un principio parece irresoluble, van encajando en sus...\" \/>\n<meta property=\"og:url\" content=\"https:\/\/lavanguardiadecuenca.es\/?p=2811\" \/>\n<meta property=\"og:site_name\" content=\"La Vanguardia de Cuenca\" \/>\n<meta property=\"article:published_time\" content=\"2012-12-17T21:04:53+00:00\" \/>\n<meta name=\"author\" content=\"admin6567\" \/>\n<meta name=\"twitter:card\" content=\"summary_large_image\" \/>\n<meta name=\"twitter:label1\" content=\"Escrito por\" \/>\n\t<meta name=\"twitter:data1\" content=\"admin6567\" \/>\n\t<meta name=\"twitter:label2\" content=\"Tiempo de lectura\" \/>\n\t<meta name=\"twitter:data2\" content=\"7 minutos\" \/>\n<script type=\"application\/ld+json\" class=\"yoast-schema-graph\">{\"@context\":\"https:\\\/\\\/schema.org\",\"@graph\":[{\"@type\":\"Article\",\"@id\":\"https:\\\/\\\/lavanguardiadecuenca.es\\\/?p=2811#article\",\"isPartOf\":{\"@id\":\"https:\\\/\\\/lavanguardiadecuenca.es\\\/?p=2811\"},\"author\":{\"name\":\"admin6567\",\"@id\":\"https:\\\/\\\/lavanguardiadecuenca.es\\\/#\\\/schema\\\/person\\\/533d101fbc2a9ecf6af26aeddcaf1abd\"},\"headline\":\"Donde se habla de profetas mesi\u00e1nicos, dinero negro y separatismo (por Miguel Massanet Bosch)\",\"datePublished\":\"2012-12-17T21:04:53+00:00\",\"mainEntityOfPage\":{\"@id\":\"https:\\\/\\\/lavanguardiadecuenca.es\\\/?p=2811\"},\"wordCount\":1375,\"commentCount\":0,\"publisher\":{\"@id\":\"https:\\\/\\\/lavanguardiadecuenca.es\\\/#\\\/schema\\\/person\\\/efd3b99fe10ec3fad96a88f3ae7d092f\"},\"articleSection\":[\"Actualidad\",\"Administraci\u00f3n P\u00fablica\",\"Comunicaci\u00f3n\",\"Econom\u00eda\",\"Pensamiento pol\u00edtico\",\"Pol\u00edtica\",\"Sociedad\"],\"inLanguage\":\"es\",\"potentialAction\":[{\"@type\":\"CommentAction\",\"name\":\"Comment\",\"target\":[\"https:\\\/\\\/lavanguardiadecuenca.es\\\/?p=2811#respond\"]}]},{\"@type\":\"WebPage\",\"@id\":\"https:\\\/\\\/lavanguardiadecuenca.es\\\/?p=2811\",\"url\":\"https:\\\/\\\/lavanguardiadecuenca.es\\\/?p=2811\",\"name\":\"Donde se habla de profetas mesi\u00e1nicos, dinero negro y separatismo (por Miguel Massanet Bosch) - La Vanguardia de Cuenca\",\"isPartOf\":{\"@id\":\"https:\\\/\\\/lavanguardiadecuenca.es\\\/#website\"},\"datePublished\":\"2012-12-17T21:04:53+00:00\",\"breadcrumb\":{\"@id\":\"https:\\\/\\\/lavanguardiadecuenca.es\\\/?p=2811#breadcrumb\"},\"inLanguage\":\"es\",\"potentialAction\":[{\"@type\":\"ReadAction\",\"target\":[\"https:\\\/\\\/lavanguardiadecuenca.es\\\/?p=2811\"]}]},{\"@type\":\"BreadcrumbList\",\"@id\":\"https:\\\/\\\/lavanguardiadecuenca.es\\\/?p=2811#breadcrumb\",\"itemListElement\":[{\"@type\":\"ListItem\",\"position\":1,\"name\":\"Portada\",\"item\":\"https:\\\/\\\/lavanguardiadecuenca.es\\\/\"},{\"@type\":\"ListItem\",\"position\":2,\"name\":\"Donde se habla de profetas mesi\u00e1nicos, dinero negro y separatismo (por Miguel Massanet Bosch)\"}]},{\"@type\":\"WebSite\",\"@id\":\"https:\\\/\\\/lavanguardiadecuenca.es\\\/#website\",\"url\":\"https:\\\/\\\/lavanguardiadecuenca.es\\\/\",\"name\":\"La Vanguardia de Cuenca\",\"description\":\"Intereses: comunicaci\u00f3n y actualidad en general, weblogs, sociedad, pol\u00edtica\",\"publisher\":{\"@id\":\"https:\\\/\\\/lavanguardiadecuenca.es\\\/#\\\/schema\\\/person\\\/efd3b99fe10ec3fad96a88f3ae7d092f\"},\"potentialAction\":[{\"@type\":\"SearchAction\",\"target\":{\"@type\":\"EntryPoint\",\"urlTemplate\":\"https:\\\/\\\/lavanguardiadecuenca.es\\\/?s={search_term_string}\"},\"query-input\":{\"@type\":\"PropertyValueSpecification\",\"valueRequired\":true,\"valueName\":\"search_term_string\"}}],\"inLanguage\":\"es\"},{\"@type\":[\"Person\",\"Organization\"],\"@id\":\"https:\\\/\\\/lavanguardiadecuenca.es\\\/#\\\/schema\\\/person\\\/efd3b99fe10ec3fad96a88f3ae7d092f\",\"name\":\"Juan Andr\u00e9s Buedo\",\"image\":{\"@type\":\"ImageObject\",\"inLanguage\":\"es\",\"@id\":\"https:\\\/\\\/lavanguardiadecuenca.es\\\/wp-content\\\/uploads\\\/2025\\\/09\\\/6a00d8341c734753ef0278801a3634200d-250si.jpg\",\"url\":\"https:\\\/\\\/lavanguardiadecuenca.es\\\/wp-content\\\/uploads\\\/2025\\\/09\\\/6a00d8341c734753ef0278801a3634200d-250si.jpg\",\"contentUrl\":\"https:\\\/\\\/lavanguardiadecuenca.es\\\/wp-content\\\/uploads\\\/2025\\\/09\\\/6a00d8341c734753ef0278801a3634200d-250si.jpg\",\"width\":250,\"height\":250,\"caption\":\"Juan Andr\u00e9s Buedo\"},\"logo\":{\"@id\":\"https:\\\/\\\/lavanguardiadecuenca.es\\\/wp-content\\\/uploads\\\/2025\\\/09\\\/6a00d8341c734753ef0278801a3634200d-250si.jpg\"},\"sameAs\":[\"https:\\\/\\\/lavanguardiadecuenca.es\\\/\"]},{\"@type\":\"Person\",\"@id\":\"https:\\\/\\\/lavanguardiadecuenca.es\\\/#\\\/schema\\\/person\\\/533d101fbc2a9ecf6af26aeddcaf1abd\",\"name\":\"admin6567\",\"image\":{\"@type\":\"ImageObject\",\"inLanguage\":\"es\",\"@id\":\"https:\\\/\\\/secure.gravatar.com\\\/avatar\\\/79503df8b75d394ce1e22cb5293c3e8fee42d212f6de88e2d65bfaa128f73542?s=96&d=mm&r=g\",\"url\":\"https:\\\/\\\/secure.gravatar.com\\\/avatar\\\/79503df8b75d394ce1e22cb5293c3e8fee42d212f6de88e2d65bfaa128f73542?s=96&d=mm&r=g\",\"contentUrl\":\"https:\\\/\\\/secure.gravatar.com\\\/avatar\\\/79503df8b75d394ce1e22cb5293c3e8fee42d212f6de88e2d65bfaa128f73542?s=96&d=mm&r=g\",\"caption\":\"admin6567\"},\"sameAs\":[\"http:\\\/\\\/lavanguardiadecuenca.es\"],\"url\":\"https:\\\/\\\/lavanguardiadecuenca.es\\\/?author=1\"}]}<\/script>\n<!-- \/ Yoast SEO plugin. -->","yoast_head_json":{"title":"Donde se habla de profetas mesi\u00e1nicos, dinero negro y separatismo (por Miguel Massanet Bosch) - La Vanguardia de Cuenca","robots":{"index":"index","follow":"follow","max-snippet":"max-snippet:-1","max-image-preview":"max-image-preview:large","max-video-preview":"max-video-preview:-1"},"canonical":"https:\/\/lavanguardiadecuenca.es\/?p=2811","og_locale":"es_ES","og_type":"article","og_title":"Donde se habla de profetas mesi\u00e1nicos, dinero negro y separatismo (por Miguel Massanet Bosch) - La Vanguardia de Cuenca","og_description":"&#0160; &quot;Dios ha dado a cada pueblo un profeta en su propia lengua&quot; (Cor\u00e1n) Mahoma. &#0160; Uno empieza sorprendido, contin\u00faa perplejo, sigue interesado y, a medida que la secuencia del enredo se va desarrollando y los episodios se van enlazando, como las piezas del puzzle que, en un principio parece irresoluble, van encajando en sus...","og_url":"https:\/\/lavanguardiadecuenca.es\/?p=2811","og_site_name":"La Vanguardia de Cuenca","article_published_time":"2012-12-17T21:04:53+00:00","author":"admin6567","twitter_card":"summary_large_image","twitter_misc":{"Escrito por":"admin6567","Tiempo de lectura":"7 minutos"},"schema":{"@context":"https:\/\/schema.org","@graph":[{"@type":"Article","@id":"https:\/\/lavanguardiadecuenca.es\/?p=2811#article","isPartOf":{"@id":"https:\/\/lavanguardiadecuenca.es\/?p=2811"},"author":{"name":"admin6567","@id":"https:\/\/lavanguardiadecuenca.es\/#\/schema\/person\/533d101fbc2a9ecf6af26aeddcaf1abd"},"headline":"Donde se habla de profetas mesi\u00e1nicos, dinero negro y separatismo (por Miguel Massanet Bosch)","datePublished":"2012-12-17T21:04:53+00:00","mainEntityOfPage":{"@id":"https:\/\/lavanguardiadecuenca.es\/?p=2811"},"wordCount":1375,"commentCount":0,"publisher":{"@id":"https:\/\/lavanguardiadecuenca.es\/#\/schema\/person\/efd3b99fe10ec3fad96a88f3ae7d092f"},"articleSection":["Actualidad","Administraci\u00f3n P\u00fablica","Comunicaci\u00f3n","Econom\u00eda","Pensamiento pol\u00edtico","Pol\u00edtica","Sociedad"],"inLanguage":"es","potentialAction":[{"@type":"CommentAction","name":"Comment","target":["https:\/\/lavanguardiadecuenca.es\/?p=2811#respond"]}]},{"@type":"WebPage","@id":"https:\/\/lavanguardiadecuenca.es\/?p=2811","url":"https:\/\/lavanguardiadecuenca.es\/?p=2811","name":"Donde se habla de profetas mesi\u00e1nicos, dinero negro y separatismo (por Miguel Massanet Bosch) - La Vanguardia de Cuenca","isPartOf":{"@id":"https:\/\/lavanguardiadecuenca.es\/#website"},"datePublished":"2012-12-17T21:04:53+00:00","breadcrumb":{"@id":"https:\/\/lavanguardiadecuenca.es\/?p=2811#breadcrumb"},"inLanguage":"es","potentialAction":[{"@type":"ReadAction","target":["https:\/\/lavanguardiadecuenca.es\/?p=2811"]}]},{"@type":"BreadcrumbList","@id":"https:\/\/lavanguardiadecuenca.es\/?p=2811#breadcrumb","itemListElement":[{"@type":"ListItem","position":1,"name":"Portada","item":"https:\/\/lavanguardiadecuenca.es\/"},{"@type":"ListItem","position":2,"name":"Donde se habla de profetas mesi\u00e1nicos, dinero negro y separatismo (por Miguel Massanet Bosch)"}]},{"@type":"WebSite","@id":"https:\/\/lavanguardiadecuenca.es\/#website","url":"https:\/\/lavanguardiadecuenca.es\/","name":"La Vanguardia de Cuenca","description":"Intereses: comunicaci\u00f3n y actualidad en general, weblogs, sociedad, pol\u00edtica","publisher":{"@id":"https:\/\/lavanguardiadecuenca.es\/#\/schema\/person\/efd3b99fe10ec3fad96a88f3ae7d092f"},"potentialAction":[{"@type":"SearchAction","target":{"@type":"EntryPoint","urlTemplate":"https:\/\/lavanguardiadecuenca.es\/?s={search_term_string}"},"query-input":{"@type":"PropertyValueSpecification","valueRequired":true,"valueName":"search_term_string"}}],"inLanguage":"es"},{"@type":["Person","Organization"],"@id":"https:\/\/lavanguardiadecuenca.es\/#\/schema\/person\/efd3b99fe10ec3fad96a88f3ae7d092f","name":"Juan Andr\u00e9s Buedo","image":{"@type":"ImageObject","inLanguage":"es","@id":"https:\/\/lavanguardiadecuenca.es\/wp-content\/uploads\/2025\/09\/6a00d8341c734753ef0278801a3634200d-250si.jpg","url":"https:\/\/lavanguardiadecuenca.es\/wp-content\/uploads\/2025\/09\/6a00d8341c734753ef0278801a3634200d-250si.jpg","contentUrl":"https:\/\/lavanguardiadecuenca.es\/wp-content\/uploads\/2025\/09\/6a00d8341c734753ef0278801a3634200d-250si.jpg","width":250,"height":250,"caption":"Juan Andr\u00e9s Buedo"},"logo":{"@id":"https:\/\/lavanguardiadecuenca.es\/wp-content\/uploads\/2025\/09\/6a00d8341c734753ef0278801a3634200d-250si.jpg"},"sameAs":["https:\/\/lavanguardiadecuenca.es\/"]},{"@type":"Person","@id":"https:\/\/lavanguardiadecuenca.es\/#\/schema\/person\/533d101fbc2a9ecf6af26aeddcaf1abd","name":"admin6567","image":{"@type":"ImageObject","inLanguage":"es","@id":"https:\/\/secure.gravatar.com\/avatar\/79503df8b75d394ce1e22cb5293c3e8fee42d212f6de88e2d65bfaa128f73542?s=96&d=mm&r=g","url":"https:\/\/secure.gravatar.com\/avatar\/79503df8b75d394ce1e22cb5293c3e8fee42d212f6de88e2d65bfaa128f73542?s=96&d=mm&r=g","contentUrl":"https:\/\/secure.gravatar.com\/avatar\/79503df8b75d394ce1e22cb5293c3e8fee42d212f6de88e2d65bfaa128f73542?s=96&d=mm&r=g","caption":"admin6567"},"sameAs":["http:\/\/lavanguardiadecuenca.es"],"url":"https:\/\/lavanguardiadecuenca.es\/?author=1"}]}},"_links":{"self":[{"href":"https:\/\/lavanguardiadecuenca.es\/index.php?rest_route=\/wp\/v2\/posts\/2811","targetHints":{"allow":["GET"]}}],"collection":[{"href":"https:\/\/lavanguardiadecuenca.es\/index.php?rest_route=\/wp\/v2\/posts"}],"about":[{"href":"https:\/\/lavanguardiadecuenca.es\/index.php?rest_route=\/wp\/v2\/types\/post"}],"author":[{"embeddable":true,"href":"https:\/\/lavanguardiadecuenca.es\/index.php?rest_route=\/wp\/v2\/users\/1"}],"replies":[{"embeddable":true,"href":"https:\/\/lavanguardiadecuenca.es\/index.php?rest_route=%2Fwp%2Fv2%2Fcomments&post=2811"}],"version-history":[{"count":0,"href":"https:\/\/lavanguardiadecuenca.es\/index.php?rest_route=\/wp\/v2\/posts\/2811\/revisions"}],"wp:attachment":[{"href":"https:\/\/lavanguardiadecuenca.es\/index.php?rest_route=%2Fwp%2Fv2%2Fmedia&parent=2811"}],"wp:term":[{"taxonomy":"category","embeddable":true,"href":"https:\/\/lavanguardiadecuenca.es\/index.php?rest_route=%2Fwp%2Fv2%2Fcategories&post=2811"},{"taxonomy":"post_tag","embeddable":true,"href":"https:\/\/lavanguardiadecuenca.es\/index.php?rest_route=%2Fwp%2Fv2%2Ftags&post=2811"}],"curies":[{"name":"wp","href":"https:\/\/api.w.org\/{rel}","templated":true}]}}