{"id":2801,"date":"2012-12-20T23:41:24","date_gmt":"2012-12-20T23:41:24","guid":{"rendered":"https:\/\/lavanguardiadecuenca.es\/?p=2801"},"modified":"2012-12-20T23:41:24","modified_gmt":"2012-12-20T23:41:24","slug":"upyd-cuenca-nos-esperan-30-anos-de-sequia-economica-con-la-nueva-gestion-del-ciclo-integral-del-agua","status":"publish","type":"post","link":"https:\/\/lavanguardiadecuenca.es\/?p=2801","title":{"rendered":"UPyD Cuenca: \u201cNos esperan 30 a\u00f1os de sequ\u00eda econ\u00f3mica con la nueva gesti\u00f3n del ciclo integral del agua\u201d"},"content":{"rendered":"<p style=\"text-align: justify;\"><strong>UPyD Cuenca cree que por inter\u00e9s pol\u00edtico existe ocultaci\u00f3n sobre la verdadera situaci\u00f3n y potencial del agua en nuestra ciudad y quiere hacer una labor m\u00e1s pedag\u00f3gica que pol\u00edtica e intentar evitar que los conquenses desconozcan la verdad sobre este tema, porque consideran que hay  una soluci\u00f3n mixta que mantenga el servicio como p\u00fablico y rentabilice el recurso, el agua.<br \/>\n<\/strong><\/p>\n<p style=\"text-align: justify;\"><strong>Las reuniones propiciados desde la alcald\u00eda seg\u00fan UPyD son una pantalla de transparencia y participaci\u00f3n acordes a otros proyectos, \u00a1vamos a hacer esto que os parece, vale pero lo hago!.<br \/>\n<\/strong><\/p>\n<p style=\"text-align: justify;\">\n<a class=\"asset-img-link\" href=\"http:\/\/jabuedo.typepad.com\/.a\/6a00d8341c734753ef017ee677947a970d-pi\" style=\"display: inline;\"><img decoding=\"async\" alt=\"122012_2240_UPyDCuencaN1\" class=\"asset  asset-image at-xid-6a00d8341c734753ef017ee677947a970d\" src=\"https:\/\/jabuedo.typepad.com\/.a\/6a00d8341c734753ef017ee677947a970d-320wi\" title=\"122012_2240_UPyDCuencaN1\" \/><\/a><strong><br \/>\n<\/strong><\/p>\n<p style=\"text-align: justify;\"><strong>&quot;Todos los conquenses tiene que saber Cuenca tiene un manantial propio, a coste cero y que por ello  es inexplicable la falta de diligencia y buena gesti\u00f3n econ\u00f3mica del agua desde hace a\u00f1os&quot; <\/strong>Afirma Antonio Ortiz<strong>, &quot;Otras muchas ciudades y pueblos tienen que comprar el agua a consorcios y trasladarla desde insalubres pantanos y usar tratamientos costosos. Cuenca tiene en el agua la gran oportunidad de explotar un bien necesario y del que disponemos en abundancia, para generar riqueza. Hay pueblos que viven de su energ\u00eda e\u00f3lica otros de la solar, \u00bfPor qu\u00e9 Cuenca no puede beneficiarse de su agua sin fines pol\u00edticos y partidistas?<br \/>\n<\/strong><\/p>\n<p style=\"text-align: justify;\">Desde UPyD se se\u00f1ala que Cuenca tiene una soluci\u00f3n distinta a otras ciudades en la gesti\u00f3n del agua porque tenemos una situaci\u00f3n distinta y privilegiada con la materia prima en propiedad, limpia y barata, al Igual que lo ha sido y es la madera pese a la bajada de precios del producto como material sigue siendo competitiva y se mantiene la productividad y comercializaci\u00f3n.\n<\/p>\n<p style=\"text-align: justify;\"><strong>&quot;Nuestra opci\u00f3n es mantener el Servicio Municipal de Aguas como servicio p\u00fablico a los ciudadanos y elegir la f\u00f3rmula jur\u00eddica, para rentabilizar e incluso comercializar el sobrante de agua que a todos los Conquenses nos viene &quot;gratis&quot; desde Royo Frio, manantial propiedad del Ayuntamiento de Cuenca&quot; <\/strong>afirma Antonio Ortiz&quot;<strong><br \/>\n<\/strong><\/p>\n<p style=\"text-align: justify;\">Para la formaci\u00f3n Magenta, se debe abandonar el prisma pol\u00edtico-econ\u00f3mico que se le est\u00e1 dando a la forma de gesti\u00f3n del agua. Como cuesti\u00f3n de inter\u00e9s p\u00fablico la decisi\u00f3n deber\u00eda ce\u00f1irse al punto de vista social y econ\u00f3mico y adem\u00e1s por este orden.  Seg\u00fan UPyD Cuenca, tanto PP con la privatizaci\u00f3n como PSOE con la gesti\u00f3n mediante Empresa p\u00fablica, orientan la situaci\u00f3n a un fin recaudatorio r\u00e1pido y sencillo sin mirar por los ciudadanos, mientras que IU se queda en la defensa a ultranza de la gesti\u00f3n p\u00fablica sin aportar soluciones alternativas al uso del agua como generadora de riqueza para la ciudad.\n<\/p>\n<p style=\"text-align: justify;\">\n<a class=\"asset-img-link\" href=\"http:\/\/jabuedo.typepad.com\/.a\/6a00d8341c734753ef017d3f03025b970c-pi\" style=\"display: inline;\"><img decoding=\"async\" alt=\"122012_2240_UPyDCuencaN2\" class=\"asset  asset-image at-xid-6a00d8341c734753ef017d3f03025b970c\" src=\"https:\/\/jabuedo.typepad.com\/.a\/6a00d8341c734753ef017d3f03025b970c-320wi\" title=\"122012_2240_UPyDCuencaN2\" \/><\/a><strong><br \/>\n<\/strong><\/p>\n<p style=\"text-align: justify;\">As\u00ed creemos que desde el punto de vista social, PP y PSOE equiparan una mejor  prestaci\u00f3n al ciudadano con una gesti\u00f3n ajena al servicio municipal de aguas. UPyD defiende el car\u00e1cter social del Servicio Municipal de aguas como mejor f\u00f3rmula de gesti\u00f3n denunciando que se ha dejado morir como a otros servicios municipales ahora adjudicados por SIM.\n<\/p>\n<p style=\"text-align: justify;\">Desde el punto de vista econ\u00f3mico, las propuestas de PP y PSOE son defendidas como mejoras por el aumento de ingresos. Creemos que esto significa un reconocimiento expl\u00edcito de defectos en la gesti\u00f3n p\u00fablica por los sucesivos equipos de gobierno hasta ahora, al no alcanzar a recaudar ni el 50% del agua tratada o dejar perder el  sobrante del agua. M\u00e1s que defectos, son una &quot;grave&quot; dejadez, desidia y falta de inter\u00e9s junto con una falta de visi\u00f3n de negocio y oportunidad para  generar riqueza y empleo en Cuenca.\n<\/p>\n<p style=\"text-align: justify;\">Desde el punto de vista pol\u00edtico, ambas propuestas manifiestan el \u00fanico inter\u00e9s econ\u00f3mico, pol\u00edtico y partidista de obtener financiaci\u00f3n al margen del Ayuntamiento para mantener un modelo de funcionamiento municipal que a d\u00eda de hoy el resultado que ha dado es una deuda de m\u00e1s de 65 mill. Para UPyD el Ayuntamiento de Cuenca debe cambiar su estructura y funcionamiento.\n<\/p>\n<p style=\"text-align: justify;\">\n<a class=\"asset-img-link\" href=\"http:\/\/jabuedo.typepad.com\/.a\/6a00d8341c734753ef017d3f03028f970c-pi\" style=\"display: inline;\"><img decoding=\"async\" alt=\"122012_2240_UPyDCuencaN3\" class=\"asset  asset-image at-xid-6a00d8341c734753ef017d3f03028f970c\" src=\"https:\/\/jabuedo.typepad.com\/.a\/6a00d8341c734753ef017d3f03028f970c-320wi\" title=\"122012_2240_UPyDCuencaN3\" \/><\/a>\n<\/p>\n<p style=\"text-align: justify;\"><strong>&quot;Si privatizar el agua era venderla, el proyecto del PSOE es endosarnos a los conquenses m\u00e1s deuda. Se prefiere ir a lo f\u00e1cil, recaudar y gastar siguiendo la l\u00ednea de los presupuestos 2012, con ingresos a base de enajenar bienes o subida de tasas o adelantar ingresos futuros. Todo lo que hemos escuchado desde el PP y desde el PSOE en torno al agua da fe del -fracaso- en la gesti\u00f3n de este recurso<\/strong>&quot;<strong><br \/>\n<\/strong>Asevera Antonio Ortiz.<strong><br \/>\n<\/strong><\/p>\n<p style=\"text-align: justify;\">Para UPyD, todo lo dem\u00e1s son excusas que desde el Equipo de Gobierno se han dado a los ciudadanos para justificar un cambio en la gesti\u00f3n, como demuestran las declaraciones del Alcalde Juan \u00c1vila y las de sus Concejales, focalizadas al defecto en el cobro del 50% del agua tratada, a que Cuenca tiene un agua muy barata y que su pago ha sido fraccionado, todo esto &quot;chantajeando&quot; por tercera vez a los ciudadanos, vendiendo esta decisi\u00f3n como la salvadora de puestos de trabajo. Esto ya se hizo con el Plan de Ajuste, las subida impuestos y tasas y  la anunciada equiparaci\u00f3n salarial a la realidad de funcionarios municipales.\n<\/p>\n<p style=\"text-align: justify;\">\n<a class=\"asset-img-link\" href=\"http:\/\/jabuedo.typepad.com\/.a\/6a00d8341c734753ef017c34d41afc970b-pi\" style=\"display: inline;\"><img decoding=\"async\" alt=\"122012_2240_UPyDCuencaN4\" class=\"asset  asset-image at-xid-6a00d8341c734753ef017c34d41afc970b\" src=\"https:\/\/jabuedo.typepad.com\/.a\/6a00d8341c734753ef017c34d41afc970b-320wi\" title=\"122012_2240_UPyDCuencaN4\" \/><\/a>\n<\/p>\n<p style=\"text-align: justify;\">La nueva f\u00f3rmula de gesti\u00f3n por empresa p\u00fablica para UPyD tendr\u00eda sentido psi el objetivo fuese rentabilizar con visi\u00f3n de futuro el agua de Cuenca, no para recaudar y endeudar m\u00e1s la ciudad.\n<\/p>\n<p style=\"text-align: justify;\">Dado lo imperativo de las decisiones del Equipo de Gobierno actual esto no va a suceder por lo que para UPyD  solo tendr\u00eda sentido el endeudamiento del agua si el 100% de los ingresos que se obtienen se destinan a amortizar deuda anterior principalmente bancaria y solo a eso. Seg\u00fan Raquel Mart\u00ednez, Responsable de Finanzas y Econom\u00eda de UPyD CLM y miembro de UPyD Cuenca<strong> &quot;hablar\u00edamos de -amortizar- la deuda a pagar en el 2013-2016 en m\u00e1s de 38 mill de \u20ac. Cambiar\u00edamos una deuda sin aval por una deuda avalada por el agua de todos consiguiendo &quot;el supuesto&quot; objetivo de mantener servicios p\u00fablicos y evitar despidos, pues eliminamos todos los costes financieros de los pr\u00f3ximos 4 a\u00f1os, pudiendo gestionar unos presupuestos equilibrando gastos e ingresos y sin renunciar a rentabilizar y comercializar el sobrante&quot;<br \/>\n<\/strong><\/p>\n<p style=\"text-align: justify;\">&#0160;<\/p>\n<p style=\"text-align: justify;\"><strong>Para m\u00e1s informaci\u00f3n<br \/>\n<\/strong><\/p>\n<p style=\"text-align: justify;\"><strong>Juan Carlos Saiz<br \/>\n<\/strong><\/p>\n<p style=\"text-align: justify;\"><strong>Responsable de Organizaci\u00f3n CL UPyD Cuenca<br \/>\n<\/strong><\/p>\n<p><strong>661-212855<\/strong><\/p>\n","protected":false},"excerpt":{"rendered":"<p>UPyD Cuenca cree que por inter\u00e9s pol\u00edtico existe ocultaci\u00f3n sobre la verdadera situaci\u00f3n y potencial del agua en nuestra ciudad y quiere hacer una labor m\u00e1s pedag\u00f3gica que pol\u00edtica e intentar evitar que los conquenses desconozcan la verdad sobre este tema, porque consideran que hay una soluci\u00f3n mixta que mantenga el servicio como p\u00fablico y&#8230;<\/p>\n","protected":false},"author":1,"featured_media":0,"comment_status":"open","ping_status":"open","sticky":false,"template":"","format":"standard","meta":{"rop_custom_images_group":[],"rop_custom_messages_group":[],"rop_publish_now":"initial","rop_publish_now_accounts":[],"rop_publish_now_history":[],"rop_publish_now_status":"pending","footnotes":""},"categories":[2,13,10,14,27,15,16,8],"tags":[],"class_list":["post-2801","post","type-post","status-publish","format-standard","hentry","category-actualidad","category-administracion-publica","category-comunicacion","category-economia","category-medio-ambiente","category-pensamiento-politico","category-politica","category-sociedad"],"yoast_head":"<!-- This site is optimized with the Yoast SEO plugin v27.5 - https:\/\/yoast.com\/product\/yoast-seo-wordpress\/ -->\n<title>UPyD Cuenca: \u201cNos esperan 30 a\u00f1os de sequ\u00eda econ\u00f3mica con la nueva gesti\u00f3n del ciclo integral del agua\u201d - La Vanguardia de Cuenca<\/title>\n<meta name=\"robots\" content=\"index, follow, max-snippet:-1, max-image-preview:large, max-video-preview:-1\" \/>\n<link rel=\"canonical\" href=\"https:\/\/lavanguardiadecuenca.es\/?p=2801\" \/>\n<meta property=\"og:locale\" content=\"es_ES\" \/>\n<meta property=\"og:type\" content=\"article\" \/>\n<meta property=\"og:title\" content=\"UPyD Cuenca: \u201cNos esperan 30 a\u00f1os de sequ\u00eda econ\u00f3mica con la nueva gesti\u00f3n del ciclo integral del agua\u201d - La Vanguardia de Cuenca\" \/>\n<meta property=\"og:description\" content=\"UPyD Cuenca cree que por inter\u00e9s pol\u00edtico existe ocultaci\u00f3n sobre la verdadera situaci\u00f3n y potencial del agua en nuestra ciudad y quiere hacer una labor m\u00e1s pedag\u00f3gica que pol\u00edtica e intentar evitar que los conquenses desconozcan la verdad sobre este tema, porque consideran que hay una soluci\u00f3n mixta que mantenga el servicio como p\u00fablico y...\" \/>\n<meta property=\"og:url\" content=\"https:\/\/lavanguardiadecuenca.es\/?p=2801\" \/>\n<meta property=\"og:site_name\" content=\"La Vanguardia de Cuenca\" \/>\n<meta property=\"article:published_time\" content=\"2012-12-20T23:41:24+00:00\" \/>\n<meta property=\"og:image\" content=\"https:\/\/jabuedo.typepad.com\/.a\/6a00d8341c734753ef017ee677947a970d-320wi\" \/>\n<meta name=\"author\" content=\"admin6567\" \/>\n<meta name=\"twitter:card\" content=\"summary_large_image\" \/>\n<meta name=\"twitter:label1\" content=\"Escrito por\" \/>\n\t<meta name=\"twitter:data1\" content=\"admin6567\" \/>\n\t<meta name=\"twitter:label2\" content=\"Tiempo de lectura\" \/>\n\t<meta name=\"twitter:data2\" content=\"5 minutos\" \/>\n<script type=\"application\/ld+json\" class=\"yoast-schema-graph\">{\"@context\":\"https:\\\/\\\/schema.org\",\"@graph\":[{\"@type\":\"Article\",\"@id\":\"https:\\\/\\\/lavanguardiadecuenca.es\\\/?p=2801#article\",\"isPartOf\":{\"@id\":\"https:\\\/\\\/lavanguardiadecuenca.es\\\/?p=2801\"},\"author\":{\"name\":\"admin6567\",\"@id\":\"https:\\\/\\\/lavanguardiadecuenca.es\\\/#\\\/schema\\\/person\\\/533d101fbc2a9ecf6af26aeddcaf1abd\"},\"headline\":\"UPyD Cuenca: \u201cNos esperan 30 a\u00f1os de sequ\u00eda econ\u00f3mica con la nueva gesti\u00f3n del ciclo integral del agua\u201d\",\"datePublished\":\"2012-12-20T23:41:24+00:00\",\"mainEntityOfPage\":{\"@id\":\"https:\\\/\\\/lavanguardiadecuenca.es\\\/?p=2801\"},\"wordCount\":1108,\"commentCount\":0,\"publisher\":{\"@id\":\"https:\\\/\\\/lavanguardiadecuenca.es\\\/#\\\/schema\\\/person\\\/efd3b99fe10ec3fad96a88f3ae7d092f\"},\"image\":{\"@id\":\"https:\\\/\\\/lavanguardiadecuenca.es\\\/?p=2801#primaryimage\"},\"thumbnailUrl\":\"https:\\\/\\\/jabuedo.typepad.com\\\/.a\\\/6a00d8341c734753ef017ee677947a970d-320wi\",\"articleSection\":[\"Actualidad\",\"Administraci\u00f3n P\u00fablica\",\"Comunicaci\u00f3n\",\"Econom\u00eda\",\"Medio ambiente\",\"Pensamiento pol\u00edtico\",\"Pol\u00edtica\",\"Sociedad\"],\"inLanguage\":\"es\",\"potentialAction\":[{\"@type\":\"CommentAction\",\"name\":\"Comment\",\"target\":[\"https:\\\/\\\/lavanguardiadecuenca.es\\\/?p=2801#respond\"]}]},{\"@type\":\"WebPage\",\"@id\":\"https:\\\/\\\/lavanguardiadecuenca.es\\\/?p=2801\",\"url\":\"https:\\\/\\\/lavanguardiadecuenca.es\\\/?p=2801\",\"name\":\"UPyD Cuenca: \u201cNos esperan 30 a\u00f1os de sequ\u00eda econ\u00f3mica con la nueva gesti\u00f3n del ciclo integral del agua\u201d - La Vanguardia de Cuenca\",\"isPartOf\":{\"@id\":\"https:\\\/\\\/lavanguardiadecuenca.es\\\/#website\"},\"primaryImageOfPage\":{\"@id\":\"https:\\\/\\\/lavanguardiadecuenca.es\\\/?p=2801#primaryimage\"},\"image\":{\"@id\":\"https:\\\/\\\/lavanguardiadecuenca.es\\\/?p=2801#primaryimage\"},\"thumbnailUrl\":\"https:\\\/\\\/jabuedo.typepad.com\\\/.a\\\/6a00d8341c734753ef017ee677947a970d-320wi\",\"datePublished\":\"2012-12-20T23:41:24+00:00\",\"breadcrumb\":{\"@id\":\"https:\\\/\\\/lavanguardiadecuenca.es\\\/?p=2801#breadcrumb\"},\"inLanguage\":\"es\",\"potentialAction\":[{\"@type\":\"ReadAction\",\"target\":[\"https:\\\/\\\/lavanguardiadecuenca.es\\\/?p=2801\"]}]},{\"@type\":\"ImageObject\",\"inLanguage\":\"es\",\"@id\":\"https:\\\/\\\/lavanguardiadecuenca.es\\\/?p=2801#primaryimage\",\"url\":\"https:\\\/\\\/jabuedo.typepad.com\\\/.a\\\/6a00d8341c734753ef017ee677947a970d-320wi\",\"contentUrl\":\"https:\\\/\\\/jabuedo.typepad.com\\\/.a\\\/6a00d8341c734753ef017ee677947a970d-320wi\"},{\"@type\":\"BreadcrumbList\",\"@id\":\"https:\\\/\\\/lavanguardiadecuenca.es\\\/?p=2801#breadcrumb\",\"itemListElement\":[{\"@type\":\"ListItem\",\"position\":1,\"name\":\"Portada\",\"item\":\"https:\\\/\\\/lavanguardiadecuenca.es\\\/\"},{\"@type\":\"ListItem\",\"position\":2,\"name\":\"UPyD Cuenca: \u201cNos esperan 30 a\u00f1os de sequ\u00eda econ\u00f3mica con la nueva gesti\u00f3n del ciclo integral del agua\u201d\"}]},{\"@type\":\"WebSite\",\"@id\":\"https:\\\/\\\/lavanguardiadecuenca.es\\\/#website\",\"url\":\"https:\\\/\\\/lavanguardiadecuenca.es\\\/\",\"name\":\"La Vanguardia de Cuenca\",\"description\":\"Intereses: comunicaci\u00f3n y actualidad en general, weblogs, sociedad, pol\u00edtica\",\"publisher\":{\"@id\":\"https:\\\/\\\/lavanguardiadecuenca.es\\\/#\\\/schema\\\/person\\\/efd3b99fe10ec3fad96a88f3ae7d092f\"},\"potentialAction\":[{\"@type\":\"SearchAction\",\"target\":{\"@type\":\"EntryPoint\",\"urlTemplate\":\"https:\\\/\\\/lavanguardiadecuenca.es\\\/?s={search_term_string}\"},\"query-input\":{\"@type\":\"PropertyValueSpecification\",\"valueRequired\":true,\"valueName\":\"search_term_string\"}}],\"inLanguage\":\"es\"},{\"@type\":[\"Person\",\"Organization\"],\"@id\":\"https:\\\/\\\/lavanguardiadecuenca.es\\\/#\\\/schema\\\/person\\\/efd3b99fe10ec3fad96a88f3ae7d092f\",\"name\":\"Juan Andr\u00e9s Buedo\",\"image\":{\"@type\":\"ImageObject\",\"inLanguage\":\"es\",\"@id\":\"https:\\\/\\\/lavanguardiadecuenca.es\\\/wp-content\\\/uploads\\\/2025\\\/09\\\/6a00d8341c734753ef0278801a3634200d-250si.jpg\",\"url\":\"https:\\\/\\\/lavanguardiadecuenca.es\\\/wp-content\\\/uploads\\\/2025\\\/09\\\/6a00d8341c734753ef0278801a3634200d-250si.jpg\",\"contentUrl\":\"https:\\\/\\\/lavanguardiadecuenca.es\\\/wp-content\\\/uploads\\\/2025\\\/09\\\/6a00d8341c734753ef0278801a3634200d-250si.jpg\",\"width\":250,\"height\":250,\"caption\":\"Juan Andr\u00e9s Buedo\"},\"logo\":{\"@id\":\"https:\\\/\\\/lavanguardiadecuenca.es\\\/wp-content\\\/uploads\\\/2025\\\/09\\\/6a00d8341c734753ef0278801a3634200d-250si.jpg\"},\"sameAs\":[\"https:\\\/\\\/lavanguardiadecuenca.es\\\/\"]},{\"@type\":\"Person\",\"@id\":\"https:\\\/\\\/lavanguardiadecuenca.es\\\/#\\\/schema\\\/person\\\/533d101fbc2a9ecf6af26aeddcaf1abd\",\"name\":\"admin6567\",\"image\":{\"@type\":\"ImageObject\",\"inLanguage\":\"es\",\"@id\":\"https:\\\/\\\/secure.gravatar.com\\\/avatar\\\/79503df8b75d394ce1e22cb5293c3e8fee42d212f6de88e2d65bfaa128f73542?s=96&d=mm&r=g\",\"url\":\"https:\\\/\\\/secure.gravatar.com\\\/avatar\\\/79503df8b75d394ce1e22cb5293c3e8fee42d212f6de88e2d65bfaa128f73542?s=96&d=mm&r=g\",\"contentUrl\":\"https:\\\/\\\/secure.gravatar.com\\\/avatar\\\/79503df8b75d394ce1e22cb5293c3e8fee42d212f6de88e2d65bfaa128f73542?s=96&d=mm&r=g\",\"caption\":\"admin6567\"},\"sameAs\":[\"http:\\\/\\\/lavanguardiadecuenca.es\"],\"url\":\"https:\\\/\\\/lavanguardiadecuenca.es\\\/?author=1\"}]}<\/script>\n<!-- \/ Yoast SEO plugin. -->","yoast_head_json":{"title":"UPyD Cuenca: \u201cNos esperan 30 a\u00f1os de sequ\u00eda econ\u00f3mica con la nueva gesti\u00f3n del ciclo integral del agua\u201d - La Vanguardia de Cuenca","robots":{"index":"index","follow":"follow","max-snippet":"max-snippet:-1","max-image-preview":"max-image-preview:large","max-video-preview":"max-video-preview:-1"},"canonical":"https:\/\/lavanguardiadecuenca.es\/?p=2801","og_locale":"es_ES","og_type":"article","og_title":"UPyD Cuenca: \u201cNos esperan 30 a\u00f1os de sequ\u00eda econ\u00f3mica con la nueva gesti\u00f3n del ciclo integral del agua\u201d - La Vanguardia de Cuenca","og_description":"UPyD Cuenca cree que por inter\u00e9s pol\u00edtico existe ocultaci\u00f3n sobre la verdadera situaci\u00f3n y potencial del agua en nuestra ciudad y quiere hacer una labor m\u00e1s pedag\u00f3gica que pol\u00edtica e intentar evitar que los conquenses desconozcan la verdad sobre este tema, porque consideran que hay una soluci\u00f3n mixta que mantenga el servicio como p\u00fablico y...","og_url":"https:\/\/lavanguardiadecuenca.es\/?p=2801","og_site_name":"La Vanguardia de Cuenca","article_published_time":"2012-12-20T23:41:24+00:00","og_image":[{"url":"https:\/\/jabuedo.typepad.com\/.a\/6a00d8341c734753ef017ee677947a970d-320wi","type":"","width":"","height":""}],"author":"admin6567","twitter_card":"summary_large_image","twitter_misc":{"Escrito por":"admin6567","Tiempo de lectura":"5 minutos"},"schema":{"@context":"https:\/\/schema.org","@graph":[{"@type":"Article","@id":"https:\/\/lavanguardiadecuenca.es\/?p=2801#article","isPartOf":{"@id":"https:\/\/lavanguardiadecuenca.es\/?p=2801"},"author":{"name":"admin6567","@id":"https:\/\/lavanguardiadecuenca.es\/#\/schema\/person\/533d101fbc2a9ecf6af26aeddcaf1abd"},"headline":"UPyD Cuenca: \u201cNos esperan 30 a\u00f1os de sequ\u00eda econ\u00f3mica con la nueva gesti\u00f3n del ciclo integral del agua\u201d","datePublished":"2012-12-20T23:41:24+00:00","mainEntityOfPage":{"@id":"https:\/\/lavanguardiadecuenca.es\/?p=2801"},"wordCount":1108,"commentCount":0,"publisher":{"@id":"https:\/\/lavanguardiadecuenca.es\/#\/schema\/person\/efd3b99fe10ec3fad96a88f3ae7d092f"},"image":{"@id":"https:\/\/lavanguardiadecuenca.es\/?p=2801#primaryimage"},"thumbnailUrl":"https:\/\/jabuedo.typepad.com\/.a\/6a00d8341c734753ef017ee677947a970d-320wi","articleSection":["Actualidad","Administraci\u00f3n P\u00fablica","Comunicaci\u00f3n","Econom\u00eda","Medio ambiente","Pensamiento pol\u00edtico","Pol\u00edtica","Sociedad"],"inLanguage":"es","potentialAction":[{"@type":"CommentAction","name":"Comment","target":["https:\/\/lavanguardiadecuenca.es\/?p=2801#respond"]}]},{"@type":"WebPage","@id":"https:\/\/lavanguardiadecuenca.es\/?p=2801","url":"https:\/\/lavanguardiadecuenca.es\/?p=2801","name":"UPyD Cuenca: \u201cNos esperan 30 a\u00f1os de sequ\u00eda econ\u00f3mica con la nueva gesti\u00f3n del ciclo integral del agua\u201d - La Vanguardia de Cuenca","isPartOf":{"@id":"https:\/\/lavanguardiadecuenca.es\/#website"},"primaryImageOfPage":{"@id":"https:\/\/lavanguardiadecuenca.es\/?p=2801#primaryimage"},"image":{"@id":"https:\/\/lavanguardiadecuenca.es\/?p=2801#primaryimage"},"thumbnailUrl":"https:\/\/jabuedo.typepad.com\/.a\/6a00d8341c734753ef017ee677947a970d-320wi","datePublished":"2012-12-20T23:41:24+00:00","breadcrumb":{"@id":"https:\/\/lavanguardiadecuenca.es\/?p=2801#breadcrumb"},"inLanguage":"es","potentialAction":[{"@type":"ReadAction","target":["https:\/\/lavanguardiadecuenca.es\/?p=2801"]}]},{"@type":"ImageObject","inLanguage":"es","@id":"https:\/\/lavanguardiadecuenca.es\/?p=2801#primaryimage","url":"https:\/\/jabuedo.typepad.com\/.a\/6a00d8341c734753ef017ee677947a970d-320wi","contentUrl":"https:\/\/jabuedo.typepad.com\/.a\/6a00d8341c734753ef017ee677947a970d-320wi"},{"@type":"BreadcrumbList","@id":"https:\/\/lavanguardiadecuenca.es\/?p=2801#breadcrumb","itemListElement":[{"@type":"ListItem","position":1,"name":"Portada","item":"https:\/\/lavanguardiadecuenca.es\/"},{"@type":"ListItem","position":2,"name":"UPyD Cuenca: \u201cNos esperan 30 a\u00f1os de sequ\u00eda econ\u00f3mica con la nueva gesti\u00f3n del ciclo integral del agua\u201d"}]},{"@type":"WebSite","@id":"https:\/\/lavanguardiadecuenca.es\/#website","url":"https:\/\/lavanguardiadecuenca.es\/","name":"La Vanguardia de Cuenca","description":"Intereses: comunicaci\u00f3n y actualidad en general, weblogs, sociedad, pol\u00edtica","publisher":{"@id":"https:\/\/lavanguardiadecuenca.es\/#\/schema\/person\/efd3b99fe10ec3fad96a88f3ae7d092f"},"potentialAction":[{"@type":"SearchAction","target":{"@type":"EntryPoint","urlTemplate":"https:\/\/lavanguardiadecuenca.es\/?s={search_term_string}"},"query-input":{"@type":"PropertyValueSpecification","valueRequired":true,"valueName":"search_term_string"}}],"inLanguage":"es"},{"@type":["Person","Organization"],"@id":"https:\/\/lavanguardiadecuenca.es\/#\/schema\/person\/efd3b99fe10ec3fad96a88f3ae7d092f","name":"Juan Andr\u00e9s Buedo","image":{"@type":"ImageObject","inLanguage":"es","@id":"https:\/\/lavanguardiadecuenca.es\/wp-content\/uploads\/2025\/09\/6a00d8341c734753ef0278801a3634200d-250si.jpg","url":"https:\/\/lavanguardiadecuenca.es\/wp-content\/uploads\/2025\/09\/6a00d8341c734753ef0278801a3634200d-250si.jpg","contentUrl":"https:\/\/lavanguardiadecuenca.es\/wp-content\/uploads\/2025\/09\/6a00d8341c734753ef0278801a3634200d-250si.jpg","width":250,"height":250,"caption":"Juan Andr\u00e9s Buedo"},"logo":{"@id":"https:\/\/lavanguardiadecuenca.es\/wp-content\/uploads\/2025\/09\/6a00d8341c734753ef0278801a3634200d-250si.jpg"},"sameAs":["https:\/\/lavanguardiadecuenca.es\/"]},{"@type":"Person","@id":"https:\/\/lavanguardiadecuenca.es\/#\/schema\/person\/533d101fbc2a9ecf6af26aeddcaf1abd","name":"admin6567","image":{"@type":"ImageObject","inLanguage":"es","@id":"https:\/\/secure.gravatar.com\/avatar\/79503df8b75d394ce1e22cb5293c3e8fee42d212f6de88e2d65bfaa128f73542?s=96&d=mm&r=g","url":"https:\/\/secure.gravatar.com\/avatar\/79503df8b75d394ce1e22cb5293c3e8fee42d212f6de88e2d65bfaa128f73542?s=96&d=mm&r=g","contentUrl":"https:\/\/secure.gravatar.com\/avatar\/79503df8b75d394ce1e22cb5293c3e8fee42d212f6de88e2d65bfaa128f73542?s=96&d=mm&r=g","caption":"admin6567"},"sameAs":["http:\/\/lavanguardiadecuenca.es"],"url":"https:\/\/lavanguardiadecuenca.es\/?author=1"}]}},"_links":{"self":[{"href":"https:\/\/lavanguardiadecuenca.es\/index.php?rest_route=\/wp\/v2\/posts\/2801","targetHints":{"allow":["GET"]}}],"collection":[{"href":"https:\/\/lavanguardiadecuenca.es\/index.php?rest_route=\/wp\/v2\/posts"}],"about":[{"href":"https:\/\/lavanguardiadecuenca.es\/index.php?rest_route=\/wp\/v2\/types\/post"}],"author":[{"embeddable":true,"href":"https:\/\/lavanguardiadecuenca.es\/index.php?rest_route=\/wp\/v2\/users\/1"}],"replies":[{"embeddable":true,"href":"https:\/\/lavanguardiadecuenca.es\/index.php?rest_route=%2Fwp%2Fv2%2Fcomments&post=2801"}],"version-history":[{"count":0,"href":"https:\/\/lavanguardiadecuenca.es\/index.php?rest_route=\/wp\/v2\/posts\/2801\/revisions"}],"wp:attachment":[{"href":"https:\/\/lavanguardiadecuenca.es\/index.php?rest_route=%2Fwp%2Fv2%2Fmedia&parent=2801"}],"wp:term":[{"taxonomy":"category","embeddable":true,"href":"https:\/\/lavanguardiadecuenca.es\/index.php?rest_route=%2Fwp%2Fv2%2Fcategories&post=2801"},{"taxonomy":"post_tag","embeddable":true,"href":"https:\/\/lavanguardiadecuenca.es\/index.php?rest_route=%2Fwp%2Fv2%2Ftags&post=2801"}],"curies":[{"name":"wp","href":"https:\/\/api.w.org\/{rel}","templated":true}]}}