{"id":2787,"date":"2012-12-27T20:16:40","date_gmt":"2012-12-27T20:16:40","guid":{"rendered":"https:\/\/lavanguardiadecuenca.es\/?p=2787"},"modified":"2012-12-27T20:16:40","modified_gmt":"2012-12-27T20:16:40","slug":"no-hay-enemigo-pequeno-ni-fuerza-desdenable-por-miguel-massanet-bosch","status":"publish","type":"post","link":"https:\/\/lavanguardiadecuenca.es\/?p=2787","title":{"rendered":"No hay enemigo peque\u00f1o ni fuerza desde\u00f1able (por Miguel Massanet Bosch)"},"content":{"rendered":"<p style=\"text-align: justify\"><span style=\"font-family:Arial; font-size:10pt\">\u00ab<em>La lealtad tiene un coraz\u00f3n tranquilo<\/em>\u00bb (Shakespeare).<strong><br \/>\n<\/strong><\/span><\/p>\n<p style=\"text-align: justify\">\n\u00a0<\/p>\n<p style=\"text-align: justify\"><span style=\"font-family:Arial; font-size:10pt\">Se dice que \u00ab<em>no hay peor cu\u00f1a que la de la misma madera<\/em>\u00bb y, aunque en esta ocasi\u00f3n no sea exactamente el mejor ejemplo, si podemos usarlo para hacer referencia a una situaci\u00f3n, un enfrentamiento entre partidos, una petici\u00f3n de cuentas y un berrinche injustificado por parte de uno de ellos, precisamente por sentirse culpable de no haber hecho aquello que se le reprocha desde el otro. Para m\u00ed, dentro del amplio panorama de partidos que tenemos en Espa\u00f1a, s\u00f3lo dos, dos peque\u00f1as formaciones en v\u00edas de crecimiento y que, acaso por su interpretaci\u00f3n de lo que debe ser la pol\u00edtica para los ciudadanos, desprovista de los vicios, servidumbres, ambiciones y condicionamientos que vienen afectando a los grandes partidos nacionales y, por entender que, en Espa\u00f1a, tenemos una Constituci\u00f3n a la que deben ce\u00f1irse todos los espa\u00f1oles, sin excepciones; tienen la gran virtud de que nadie puede reprocharles ni corruptelas, ni desviaciones de sus propuestas electorales, ni venderse al mejor postor ni, por supuesto, de actuar en contra de sus propios principios \u00e9ticos y morales. Se trata, como ustedes ya habr\u00e1n adivinado, del UPyD, de Rosa Diez y de Ciutatans del se\u00f1or Albert Ribera.<br \/>\n<\/span><\/p>\n<p style=\"text-align: justify\"><span style=\"font-family:Arial; font-size:10pt\">William Shakespeare, se refer\u00eda a la lealtad, en su obra El rey Ricardo II, con la siguiente expresi\u00f3n: \u00ab<em>La lealtad tiene un coraz\u00f3n tranquilo<\/em>\u00ab. Por ello, seguramente, a los que no han sido leales con las promesas que hicieron a sus electores, los que, por las causas que fueren, no han podido cumplir con sus compromisos hacia el pueblo o los que, impelidos por una excesiva prudencia o llevados por un miedo end\u00e9mico a que se los trate de \u00abdictadores\u00bb, \u00abautoritarios\u00bb o \u00abpoco dialogantes\u00bb, se han plegado a hacer concesiones que, el pueblo que los ha votado mayoritariamente para que tuvieran la libertad de hacer lo preciso para reformar las leyes y las instituciones del Estado (pervertidas por un execrable gobierno incompetente y farisaico), se haya podido sorprender o decepcionar, viendo que, todo aquello que se pudo solucionar con m\u00e1s empuje, valor y osad\u00eda pol\u00edtica, sigue permaneciendo intacto, si no m\u00e1s embrutecido de lo que lo estaba en la anterior etapa legislativa.<br \/>\n<\/span><\/p>\n<p style=\"text-align: justify\"><span style=\"font-family:Arial; font-size:10pt\">Debo reconocer que, como ya he manifestado en otras ocasiones, a\u00fan siendo de derechas, me he sentido tentado de pasarme al partido de Rosa Diez por la coherencia de sus propuestas, la valent\u00eda de su l\u00edder, lo profundo de sus razonamientos y por esta sensaci\u00f3n que nos inspira de ser un partido quijotesco y a veces ut\u00f3pico, deshacedor de entuertos. S\u00f3lo algunos aspectos sobre el tratamiento del aborto y otros \u00abtics\u00bb izquierdistas, me  han hecho permanecer fiel al PP. Sin embargo, no tengo m\u00e1s remedio que reconocer que, si hay alguien en el Parlamento de la naci\u00f3n que sea capaz de poner de los nervios y sacar de sus casillas es este se\u00f1or hier\u00e1tico, inconmovible, adusto, socarr\u00f3n y dif\u00edcil de que reaccione ante los ataques de la oposici\u00f3n ( algo que ha demostrado en innumerables ocasiones ante los duros ataques del se\u00f1or Rubalcaba, los insultos descarados del se\u00f1or Tard\u00e1 de ERC o las dislocadas diatribas del se\u00f1or Cayo Lara, se\u00f1ores, sin ninguna duda han sido las intervenciones punzantes, acertadas y oportunas en las que la se\u00f1ora Diez que, con su cuerpo menudo, su desparpajo y su facilidad de palabra, viene consiguiendo, cada vez que interpela a nuestro se\u00f1or Rajoy, que se le alteren los nervios, se le suba el pavo a la cara y se le acent\u00fae la miop\u00eda.<br \/>\n<\/span><\/p>\n<p style=\"text-align: justify\"><span style=\"font-family:Arial; font-size:10pt\">Raramente, las respuestas del se\u00f1or presidente del PP a las andanadas que le lanza la presidenta de UPyD, tienen la parsimonia, el sosiego y la contenci\u00f3n con la que suele responder a las acusaciones o reflexiones del resto de partidos de la oposici\u00f3n. Seguramente, porque la se\u00f1ora Diez dispara con la misma munici\u00f3n que el se\u00f1or Rajoy utiliz\u00f3 contra sus adversarios pol\u00edticos cuando se postul\u00f3 a presidente de la naci\u00f3n; estas balas dan en el blanco, record\u00e1ndole al se\u00f1or Rajoy aquello que prometi\u00f3, ofreci\u00f3 o denost\u00f3 en su campa\u00f1a electoral y que, por fas o nefas, no ha podido cumplir; fuere por la situaci\u00f3n en la que se encontr\u00f3 al pa\u00eds; por los enga\u00f1os y trampas que le dejaron los anteriores gobiernos socialistas o por las imposiciones tajantes que se le han impuesto desde Europa para recibir las ayudas, las moratorias y los benepl\u00e1citos de la UE que han conseguido mantenernos a flote a pesar de la grave situaci\u00f3n en la que nos encontr\u00e1bamos ( y seguimos soportando)<br \/>\n<\/span><\/p>\n<p style=\"text-align: justify\"><span style=\"font-family:Arial; font-size:10pt\">Sin embargo, no todas las promesas que se nos hicieron por el nuevo equipo de gobierno del PP, pueden justificar su retraso en  haber sido cumplidas, reformadas o puestas en funcionamiento, por el hecho de que Espa\u00f1a est\u00e9 en crisis. Nadie podr\u00eda impedir que le continu\u00e1ramos exigi\u00e9ndole a Rajoy que ponga ya, en marcha, la nueva ley en contra de los abusos que se cometen con motivo de la ley socialista sobre el aborto. El hecho de que, durante el a\u00f1o que lleva el PP gobernando, se hayan registrado 118.000 nuevos casos de interrupci\u00f3n voluntaria del embarazo, ser\u00eda suficiente para recriminarle al nuevo Ejecutivo su laxitud, su falta de inter\u00e9s, su miedo a las cr\u00edticas de los progresistas y su incumplimiento de las promesas electorales que, por a\u00f1adidura, en este caso concreto, no existe la posibilidad de poder remediar el da\u00f1o causado.<br \/>\n<\/span><\/p>\n<p style=\"text-align: justify\"><span style=\"font-family:Arial; font-size:10pt\">Tampoco se ha querido solucionar este ataque directo a los cat\u00f3licos y a la Iglesia, materializado al reconocer las uniones de gay y lesbianas como si fueran un matrimonio heterosexual, el \u00fanico al que se le puede aplicar tal denominaci\u00f3n. Aparte de constituir una clara interpretaci\u00f3n sesgada de lo que, en verdad, siempre ha sido definido como la uni\u00f3n entre un var\u00f3n y una hembra humanos, implica una serie de consecuencias, como la posibilidad de adoptar hijos, capaces de crear en la juventud interpretaciones morales y \u00e9ticas que los lleven a aceptar, como normales, unas pr\u00e1cticas, ll\u00e1menselas enfermedades o desviaciones sexuales, que, por mucho que se las quiera defender y legitimar, no dejan de ser aberraciones o comportamientos antinaturales. Que cada uno haga de su vida lo que le plazca, siempre que ello no perjudique a terceros como, en este caso, puede hacerse con personas inocentes, en edad de no poder entender con conocimiento de causa diversas situaciones que, al menos, les pueden resultar ins\u00f3litas y acomplejantes.<br \/>\n<\/span><\/p>\n<p style=\"text-align: justify\"><span style=\"font-family:Arial; font-size:10pt\">Tanto el PP como el PSOE, por distintas circunstancias, esta es la verdad, no est\u00e1n pasando por su mejores momentos y, por ello, no debemos extra\u00f1arnos de que el se\u00f1or Rubalcaba intente tirarse m\u00e1s hacia la izquierda (menos de lo que quisieran los m\u00e1s extremistas de su partido) y el se\u00f1or Rajoy al centro para evitar que, cumpliendo con su deber, se lo pueda tachar de dictatorial. Unos y los otros, por tanto, le temen m\u00e1s que a un tornado que partidos como UPyD o, en el caso socialista, el PC del se\u00f1or Cayo Lara, les hagan la competencia en las urnas. Algo que, en el caso del PSOE,  ya constituye una amenaza inmediata, como se desprende de las \u00faltimas legislativas y que, en el del PP, puede que no lo sea tanto pero que, de aqu\u00ed a las pr\u00f3ximas elecciones del 2016, nadie puede afirmar que haya otros partidos, como el mismo de Rosa D\u00edaz, que hayan dado el salto adelante y puedan disputarles su hegemon\u00eda. Torres m\u00e1s altas cayeron.<br \/>\n<\/span><\/p>\n<p style=\"text-align: justify\"><span style=\"font-family:Arial; font-size:10pt\">En ocasiones, los ciudadanos de a pie, no podemos comprender el grado de degradaci\u00f3n que, el poder, puede llegar a causar entre los gobernante y la fatal consecuencia que ello comporta para los ciudadanos, en ocasiones, indefensos ante la burocracia estatal. O as\u00ed es, se\u00f1ores, como lo valoro yo.<br \/>\n<\/span><\/p>\n<p style=\"text-align: justify\">\n\u00a0<\/p>\n<p style=\"text-align: justify; margin-left: 36pt\"><span style=\"color:#1f497d; font-family:Arial; font-size:10pt\"><strong>Miguel Massanet Bosch<\/strong><\/span><\/p>\n","protected":false},"excerpt":{"rendered":"<p>\u00abLa lealtad tiene un coraz\u00f3n tranquilo\u00bb (Shakespeare). \u00a0 Se dice que \u00abno hay peor cu\u00f1a que la de la misma madera\u00bb y, aunque en esta ocasi\u00f3n no sea exactamente el mejor ejemplo, si podemos usarlo para hacer referencia a una situaci\u00f3n, un enfrentamiento entre partidos, una petici\u00f3n de cuentas y un berrinche injustificado por parte&#8230;<\/p>\n","protected":false},"author":1,"featured_media":0,"comment_status":"open","ping_status":"open","sticky":false,"template":"","format":"standard","meta":{"rop_custom_images_group":[],"rop_custom_messages_group":[],"rop_publish_now":"initial","rop_publish_now_accounts":[],"rop_publish_now_history":[],"rop_publish_now_status":"pending","footnotes":""},"categories":[1],"tags":[],"class_list":["post-2787","post","type-post","status-publish","format-standard","hentry","category-uncategorized"],"yoast_head":"<!-- This site is optimized with the Yoast SEO plugin v27.5 - https:\/\/yoast.com\/product\/yoast-seo-wordpress\/ -->\n<title>No hay enemigo peque\u00f1o ni fuerza desde\u00f1able (por Miguel Massanet Bosch) - La Vanguardia de Cuenca<\/title>\n<meta name=\"robots\" content=\"index, follow, max-snippet:-1, max-image-preview:large, max-video-preview:-1\" \/>\n<link rel=\"canonical\" href=\"https:\/\/lavanguardiadecuenca.es\/?p=2787\" \/>\n<meta property=\"og:locale\" content=\"es_ES\" \/>\n<meta property=\"og:type\" content=\"article\" \/>\n<meta property=\"og:title\" content=\"No hay enemigo peque\u00f1o ni fuerza desde\u00f1able (por Miguel Massanet Bosch) - La Vanguardia de Cuenca\" \/>\n<meta property=\"og:description\" content=\"\u00abLa lealtad tiene un coraz\u00f3n tranquilo\u00bb (Shakespeare). \u00a0 Se dice que \u00abno hay peor cu\u00f1a que la de la misma madera\u00bb y, aunque en esta ocasi\u00f3n no sea exactamente el mejor ejemplo, si podemos usarlo para hacer referencia a una situaci\u00f3n, un enfrentamiento entre partidos, una petici\u00f3n de cuentas y un berrinche injustificado por parte...\" \/>\n<meta property=\"og:url\" content=\"https:\/\/lavanguardiadecuenca.es\/?p=2787\" \/>\n<meta property=\"og:site_name\" content=\"La Vanguardia de Cuenca\" \/>\n<meta property=\"article:published_time\" content=\"2012-12-27T20:16:40+00:00\" \/>\n<meta name=\"author\" content=\"admin6567\" \/>\n<meta name=\"twitter:card\" content=\"summary_large_image\" \/>\n<meta name=\"twitter:label1\" content=\"Escrito por\" \/>\n\t<meta name=\"twitter:data1\" content=\"admin6567\" \/>\n\t<meta name=\"twitter:label2\" content=\"Tiempo de lectura\" \/>\n\t<meta name=\"twitter:data2\" content=\"7 minutos\" \/>\n<script type=\"application\/ld+json\" class=\"yoast-schema-graph\">{\"@context\":\"https:\\\/\\\/schema.org\",\"@graph\":[{\"@type\":\"Article\",\"@id\":\"https:\\\/\\\/lavanguardiadecuenca.es\\\/?p=2787#article\",\"isPartOf\":{\"@id\":\"https:\\\/\\\/lavanguardiadecuenca.es\\\/?p=2787\"},\"author\":{\"name\":\"admin6567\",\"@id\":\"https:\\\/\\\/lavanguardiadecuenca.es\\\/#\\\/schema\\\/person\\\/533d101fbc2a9ecf6af26aeddcaf1abd\"},\"headline\":\"No hay enemigo peque\u00f1o ni fuerza desde\u00f1able (por Miguel Massanet Bosch)\",\"datePublished\":\"2012-12-27T20:16:40+00:00\",\"mainEntityOfPage\":{\"@id\":\"https:\\\/\\\/lavanguardiadecuenca.es\\\/?p=2787\"},\"wordCount\":1387,\"commentCount\":0,\"publisher\":{\"@id\":\"https:\\\/\\\/lavanguardiadecuenca.es\\\/#\\\/schema\\\/person\\\/efd3b99fe10ec3fad96a88f3ae7d092f\"},\"articleSection\":[\"Uncategorized\"],\"inLanguage\":\"es\",\"potentialAction\":[{\"@type\":\"CommentAction\",\"name\":\"Comment\",\"target\":[\"https:\\\/\\\/lavanguardiadecuenca.es\\\/?p=2787#respond\"]}]},{\"@type\":\"WebPage\",\"@id\":\"https:\\\/\\\/lavanguardiadecuenca.es\\\/?p=2787\",\"url\":\"https:\\\/\\\/lavanguardiadecuenca.es\\\/?p=2787\",\"name\":\"No hay enemigo peque\u00f1o ni fuerza desde\u00f1able (por Miguel Massanet Bosch) - La Vanguardia de Cuenca\",\"isPartOf\":{\"@id\":\"https:\\\/\\\/lavanguardiadecuenca.es\\\/#website\"},\"datePublished\":\"2012-12-27T20:16:40+00:00\",\"breadcrumb\":{\"@id\":\"https:\\\/\\\/lavanguardiadecuenca.es\\\/?p=2787#breadcrumb\"},\"inLanguage\":\"es\",\"potentialAction\":[{\"@type\":\"ReadAction\",\"target\":[\"https:\\\/\\\/lavanguardiadecuenca.es\\\/?p=2787\"]}]},{\"@type\":\"BreadcrumbList\",\"@id\":\"https:\\\/\\\/lavanguardiadecuenca.es\\\/?p=2787#breadcrumb\",\"itemListElement\":[{\"@type\":\"ListItem\",\"position\":1,\"name\":\"Portada\",\"item\":\"https:\\\/\\\/lavanguardiadecuenca.es\\\/\"},{\"@type\":\"ListItem\",\"position\":2,\"name\":\"No hay enemigo peque\u00f1o ni fuerza desde\u00f1able (por Miguel Massanet Bosch)\"}]},{\"@type\":\"WebSite\",\"@id\":\"https:\\\/\\\/lavanguardiadecuenca.es\\\/#website\",\"url\":\"https:\\\/\\\/lavanguardiadecuenca.es\\\/\",\"name\":\"La Vanguardia de Cuenca\",\"description\":\"Intereses: comunicaci\u00f3n y actualidad en general, weblogs, sociedad, pol\u00edtica\",\"publisher\":{\"@id\":\"https:\\\/\\\/lavanguardiadecuenca.es\\\/#\\\/schema\\\/person\\\/efd3b99fe10ec3fad96a88f3ae7d092f\"},\"potentialAction\":[{\"@type\":\"SearchAction\",\"target\":{\"@type\":\"EntryPoint\",\"urlTemplate\":\"https:\\\/\\\/lavanguardiadecuenca.es\\\/?s={search_term_string}\"},\"query-input\":{\"@type\":\"PropertyValueSpecification\",\"valueRequired\":true,\"valueName\":\"search_term_string\"}}],\"inLanguage\":\"es\"},{\"@type\":[\"Person\",\"Organization\"],\"@id\":\"https:\\\/\\\/lavanguardiadecuenca.es\\\/#\\\/schema\\\/person\\\/efd3b99fe10ec3fad96a88f3ae7d092f\",\"name\":\"Juan Andr\u00e9s Buedo\",\"image\":{\"@type\":\"ImageObject\",\"inLanguage\":\"es\",\"@id\":\"https:\\\/\\\/lavanguardiadecuenca.es\\\/wp-content\\\/uploads\\\/2025\\\/09\\\/6a00d8341c734753ef0278801a3634200d-250si.jpg\",\"url\":\"https:\\\/\\\/lavanguardiadecuenca.es\\\/wp-content\\\/uploads\\\/2025\\\/09\\\/6a00d8341c734753ef0278801a3634200d-250si.jpg\",\"contentUrl\":\"https:\\\/\\\/lavanguardiadecuenca.es\\\/wp-content\\\/uploads\\\/2025\\\/09\\\/6a00d8341c734753ef0278801a3634200d-250si.jpg\",\"width\":250,\"height\":250,\"caption\":\"Juan Andr\u00e9s Buedo\"},\"logo\":{\"@id\":\"https:\\\/\\\/lavanguardiadecuenca.es\\\/wp-content\\\/uploads\\\/2025\\\/09\\\/6a00d8341c734753ef0278801a3634200d-250si.jpg\"},\"sameAs\":[\"https:\\\/\\\/lavanguardiadecuenca.es\\\/\"]},{\"@type\":\"Person\",\"@id\":\"https:\\\/\\\/lavanguardiadecuenca.es\\\/#\\\/schema\\\/person\\\/533d101fbc2a9ecf6af26aeddcaf1abd\",\"name\":\"admin6567\",\"image\":{\"@type\":\"ImageObject\",\"inLanguage\":\"es\",\"@id\":\"https:\\\/\\\/secure.gravatar.com\\\/avatar\\\/79503df8b75d394ce1e22cb5293c3e8fee42d212f6de88e2d65bfaa128f73542?s=96&d=mm&r=g\",\"url\":\"https:\\\/\\\/secure.gravatar.com\\\/avatar\\\/79503df8b75d394ce1e22cb5293c3e8fee42d212f6de88e2d65bfaa128f73542?s=96&d=mm&r=g\",\"contentUrl\":\"https:\\\/\\\/secure.gravatar.com\\\/avatar\\\/79503df8b75d394ce1e22cb5293c3e8fee42d212f6de88e2d65bfaa128f73542?s=96&d=mm&r=g\",\"caption\":\"admin6567\"},\"sameAs\":[\"http:\\\/\\\/lavanguardiadecuenca.es\"],\"url\":\"https:\\\/\\\/lavanguardiadecuenca.es\\\/?author=1\"}]}<\/script>\n<!-- \/ Yoast SEO plugin. -->","yoast_head_json":{"title":"No hay enemigo peque\u00f1o ni fuerza desde\u00f1able (por Miguel Massanet Bosch) - La Vanguardia de Cuenca","robots":{"index":"index","follow":"follow","max-snippet":"max-snippet:-1","max-image-preview":"max-image-preview:large","max-video-preview":"max-video-preview:-1"},"canonical":"https:\/\/lavanguardiadecuenca.es\/?p=2787","og_locale":"es_ES","og_type":"article","og_title":"No hay enemigo peque\u00f1o ni fuerza desde\u00f1able (por Miguel Massanet Bosch) - La Vanguardia de Cuenca","og_description":"\u00abLa lealtad tiene un coraz\u00f3n tranquilo\u00bb (Shakespeare). \u00a0 Se dice que \u00abno hay peor cu\u00f1a que la de la misma madera\u00bb y, aunque en esta ocasi\u00f3n no sea exactamente el mejor ejemplo, si podemos usarlo para hacer referencia a una situaci\u00f3n, un enfrentamiento entre partidos, una petici\u00f3n de cuentas y un berrinche injustificado por parte...","og_url":"https:\/\/lavanguardiadecuenca.es\/?p=2787","og_site_name":"La Vanguardia de Cuenca","article_published_time":"2012-12-27T20:16:40+00:00","author":"admin6567","twitter_card":"summary_large_image","twitter_misc":{"Escrito por":"admin6567","Tiempo de lectura":"7 minutos"},"schema":{"@context":"https:\/\/schema.org","@graph":[{"@type":"Article","@id":"https:\/\/lavanguardiadecuenca.es\/?p=2787#article","isPartOf":{"@id":"https:\/\/lavanguardiadecuenca.es\/?p=2787"},"author":{"name":"admin6567","@id":"https:\/\/lavanguardiadecuenca.es\/#\/schema\/person\/533d101fbc2a9ecf6af26aeddcaf1abd"},"headline":"No hay enemigo peque\u00f1o ni fuerza desde\u00f1able (por Miguel Massanet Bosch)","datePublished":"2012-12-27T20:16:40+00:00","mainEntityOfPage":{"@id":"https:\/\/lavanguardiadecuenca.es\/?p=2787"},"wordCount":1387,"commentCount":0,"publisher":{"@id":"https:\/\/lavanguardiadecuenca.es\/#\/schema\/person\/efd3b99fe10ec3fad96a88f3ae7d092f"},"articleSection":["Uncategorized"],"inLanguage":"es","potentialAction":[{"@type":"CommentAction","name":"Comment","target":["https:\/\/lavanguardiadecuenca.es\/?p=2787#respond"]}]},{"@type":"WebPage","@id":"https:\/\/lavanguardiadecuenca.es\/?p=2787","url":"https:\/\/lavanguardiadecuenca.es\/?p=2787","name":"No hay enemigo peque\u00f1o ni fuerza desde\u00f1able (por Miguel Massanet Bosch) - La Vanguardia de Cuenca","isPartOf":{"@id":"https:\/\/lavanguardiadecuenca.es\/#website"},"datePublished":"2012-12-27T20:16:40+00:00","breadcrumb":{"@id":"https:\/\/lavanguardiadecuenca.es\/?p=2787#breadcrumb"},"inLanguage":"es","potentialAction":[{"@type":"ReadAction","target":["https:\/\/lavanguardiadecuenca.es\/?p=2787"]}]},{"@type":"BreadcrumbList","@id":"https:\/\/lavanguardiadecuenca.es\/?p=2787#breadcrumb","itemListElement":[{"@type":"ListItem","position":1,"name":"Portada","item":"https:\/\/lavanguardiadecuenca.es\/"},{"@type":"ListItem","position":2,"name":"No hay enemigo peque\u00f1o ni fuerza desde\u00f1able (por Miguel Massanet Bosch)"}]},{"@type":"WebSite","@id":"https:\/\/lavanguardiadecuenca.es\/#website","url":"https:\/\/lavanguardiadecuenca.es\/","name":"La Vanguardia de Cuenca","description":"Intereses: comunicaci\u00f3n y actualidad en general, weblogs, sociedad, pol\u00edtica","publisher":{"@id":"https:\/\/lavanguardiadecuenca.es\/#\/schema\/person\/efd3b99fe10ec3fad96a88f3ae7d092f"},"potentialAction":[{"@type":"SearchAction","target":{"@type":"EntryPoint","urlTemplate":"https:\/\/lavanguardiadecuenca.es\/?s={search_term_string}"},"query-input":{"@type":"PropertyValueSpecification","valueRequired":true,"valueName":"search_term_string"}}],"inLanguage":"es"},{"@type":["Person","Organization"],"@id":"https:\/\/lavanguardiadecuenca.es\/#\/schema\/person\/efd3b99fe10ec3fad96a88f3ae7d092f","name":"Juan Andr\u00e9s Buedo","image":{"@type":"ImageObject","inLanguage":"es","@id":"https:\/\/lavanguardiadecuenca.es\/wp-content\/uploads\/2025\/09\/6a00d8341c734753ef0278801a3634200d-250si.jpg","url":"https:\/\/lavanguardiadecuenca.es\/wp-content\/uploads\/2025\/09\/6a00d8341c734753ef0278801a3634200d-250si.jpg","contentUrl":"https:\/\/lavanguardiadecuenca.es\/wp-content\/uploads\/2025\/09\/6a00d8341c734753ef0278801a3634200d-250si.jpg","width":250,"height":250,"caption":"Juan Andr\u00e9s Buedo"},"logo":{"@id":"https:\/\/lavanguardiadecuenca.es\/wp-content\/uploads\/2025\/09\/6a00d8341c734753ef0278801a3634200d-250si.jpg"},"sameAs":["https:\/\/lavanguardiadecuenca.es\/"]},{"@type":"Person","@id":"https:\/\/lavanguardiadecuenca.es\/#\/schema\/person\/533d101fbc2a9ecf6af26aeddcaf1abd","name":"admin6567","image":{"@type":"ImageObject","inLanguage":"es","@id":"https:\/\/secure.gravatar.com\/avatar\/79503df8b75d394ce1e22cb5293c3e8fee42d212f6de88e2d65bfaa128f73542?s=96&d=mm&r=g","url":"https:\/\/secure.gravatar.com\/avatar\/79503df8b75d394ce1e22cb5293c3e8fee42d212f6de88e2d65bfaa128f73542?s=96&d=mm&r=g","contentUrl":"https:\/\/secure.gravatar.com\/avatar\/79503df8b75d394ce1e22cb5293c3e8fee42d212f6de88e2d65bfaa128f73542?s=96&d=mm&r=g","caption":"admin6567"},"sameAs":["http:\/\/lavanguardiadecuenca.es"],"url":"https:\/\/lavanguardiadecuenca.es\/?author=1"}]}},"_links":{"self":[{"href":"https:\/\/lavanguardiadecuenca.es\/index.php?rest_route=\/wp\/v2\/posts\/2787","targetHints":{"allow":["GET"]}}],"collection":[{"href":"https:\/\/lavanguardiadecuenca.es\/index.php?rest_route=\/wp\/v2\/posts"}],"about":[{"href":"https:\/\/lavanguardiadecuenca.es\/index.php?rest_route=\/wp\/v2\/types\/post"}],"author":[{"embeddable":true,"href":"https:\/\/lavanguardiadecuenca.es\/index.php?rest_route=\/wp\/v2\/users\/1"}],"replies":[{"embeddable":true,"href":"https:\/\/lavanguardiadecuenca.es\/index.php?rest_route=%2Fwp%2Fv2%2Fcomments&post=2787"}],"version-history":[{"count":0,"href":"https:\/\/lavanguardiadecuenca.es\/index.php?rest_route=\/wp\/v2\/posts\/2787\/revisions"}],"wp:attachment":[{"href":"https:\/\/lavanguardiadecuenca.es\/index.php?rest_route=%2Fwp%2Fv2%2Fmedia&parent=2787"}],"wp:term":[{"taxonomy":"category","embeddable":true,"href":"https:\/\/lavanguardiadecuenca.es\/index.php?rest_route=%2Fwp%2Fv2%2Fcategories&post=2787"},{"taxonomy":"post_tag","embeddable":true,"href":"https:\/\/lavanguardiadecuenca.es\/index.php?rest_route=%2Fwp%2Fv2%2Ftags&post=2787"}],"curies":[{"name":"wp","href":"https:\/\/api.w.org\/{rel}","templated":true}]}}