{"id":2724,"date":"2013-01-21T22:42:44","date_gmt":"2013-01-21T22:42:44","guid":{"rendered":"https:\/\/lavanguardiadecuenca.es\/?p=2724"},"modified":"2013-01-21T22:42:44","modified_gmt":"2013-01-21T22:42:44","slug":"las-puneteras-abstracciones-por-miguel-massanet-bosch","status":"publish","type":"post","link":"https:\/\/lavanguardiadecuenca.es\/?p=2724","title":{"rendered":"Las pu\u00f1eteras abstracciones (por Miguel Massanet Bosch)"},"content":{"rendered":"<p style=\"text-align: justify;\"><span style=\"color: #2d2d2d; font-family: Arial; font-size: 10pt;\"> &quot;<em>El elemento din\u00e1mico en mi filosof\u00eda, en su conjunto, puede considerarse como una obstinada e incansable lucha contra el esp\u00edritu de abstracci\u00f3n<\/em>&quot;. (Gabriel Marcel)<br \/>\n<\/span><\/p>\n<p style=\"text-align: justify;\"><span style=\"color: #2d2d2d; font-family: Arial; font-size: 10pt;\">Desde el momento en el que hubo alguien a quien se  le ocurri\u00f3 darle a un papel tintado un valor de cambio, con cualquier otro objeto, en funci\u00f3n de unos par\u00e1metros predeterminados de equivalencias que los hombres, llamados civilizados, decidieron darles; entramos en el peligroso mundo de las abstracciones. Por simples condicionamientos de tipo pr\u00e1ctico, de seguridad, de comodidad de rapidez o de utilidad los hombres, crey\u00e9ndonos superiores al resto de animales que nos rodean, quisimos prescindir del intercambio de bienes; del cambalache, y la seguridad de recibir en mano el objeto de nuestros deseos para substituirlo por una moneda que representaba el valor de aquello que hab\u00edamos entregado a cambio. Qui\u00e9n era el encargado de fijar aquella equivalencia y porqu\u00e9 se le dio a aquel pedazo de metal un determinado valor y no otros posibles, es algo que dif\u00edcilmente vamos a poder saber, si bien podemos imaginar que ser\u00eda una de las argucias de aquellos caudillos guerreros, aquellos c\u00e9sares romanos embarcados en mil batallas, que pagaban a sus huestes y proveedores  mediante monedas de cobre o plata, en las que figuraban sus egregias caras; lo que, naturalmente, les resultaba m\u00e1s econ\u00f3mico que tener que entregarles contrapartidas en oro y piedras preciosas \u00a1y m\u00e1s barato!<br \/>\n<\/span><\/p>\n<p style=\"text-align: justify;\"><span style=\"color: #2d2d2d; font-family: Arial; font-size: 10pt;\">En todo caso, aquellas primeras transacciones pecuniarias, que durante muchos a\u00f1os, se hicieron con monedas de oro y plata pronto, a causa de la proliferaci\u00f3n de los negocios, de las distancias que separaban a las partes contratantes, de la pr\u00e1ctica imposibilidad de transportar cantidades importantes de monedad de uno al otro conf\u00edn, por lo que representaba de impedimento, del peligro a ser objeto de los atracos de los ladrones o, incluso, de las adversidades atmosf\u00e9ricas, en los largos viajes por mar, se sustituyeron por \u00f3rdenes de pago encomendados a la banca o banqueros de la localidad en la que se debiera hacer entrega de la mercanc\u00eda. As\u00ed empezaron a producirse los pagos a distancia, prescindiendo del met\u00e1lico ya que, aquellos  pagar\u00e9s, se pod\u00edan transferir, pignorar o cambiar por otros que, a la vez, garantizaban otras operaciones. Pero, con la llegada de la \u00e9poca de la inform\u00e1tica, de la globalizaci\u00f3n y de la telem\u00e1tica, la poca relaci\u00f3n que ya exist\u00eda entre el moneda fiduciaria y su sost\u00e9n en oro ha desparecido por completo, al entrar en la gran tomadura de pelo por la que los Estados han encontrado el medio de convertirla en &quot;virtual&quot;, lo cual les permite crear un tipo de moneda inexistente, me explico, basta que un banco con potestad de emitir moneda cree una ficci\u00f3n mediante un asiento contable en el que figure una emisi\u00f3n de un determinado n\u00famero de miles de millones de una moneda, normalmente d\u00f3lares, euros, yenes o yuans; lo cual ni tan siquiera requiere tomarse la molestia de acu\u00f1ar los billetes, pero que sirve de garant\u00eda de las deudas del pa\u00eds emisor contra\u00eddas con otras naciones.<br \/>\n<\/span><\/p>\n<p style=\"text-align: justify;\"><span style=\"color: #2d2d2d; font-family: Arial; font-size: 10pt;\">Esta triqui\u00f1uela, tan sofisticada, tan poco al alcance de los ciudadanos de a pie y que tanto da\u00f1o potencial esconde para los pobladores de una naci\u00f3n, que pueden pensar que su naci\u00f3n atesora unas reservas determinadas de oro que garantiza el &quot;circulante&quot; y, no obstante, puede suceder que, en realidad, se trate de un &quot;bluff&quot; que, en un determinado momento, como ocurri\u00f3 con la burbuja inmobiliaria, pudiera reventar hecho pedazos. Y, si no, que se lo pregunten a la Reserva Federal de los EE.UU., que ya lleva a\u00f1os acudiendo al sistema de fabricar dinero virtual, para ir garantizando el pago de su deuda p\u00fablica. Y a uno, a quien todos estos vericuetos financieros le causan grima, le da por preguntarse \u00bfc\u00f3mo es posible que, como ahora parece que est\u00e1 sucediendo en determinadas potencias econ\u00f3micas, unas puedan darle con toda facilidad a la m\u00e1quina de fabricar dinero, con lo que consiguen (a costa de una supuesta devaluaci\u00f3n encubierta) atenuar los efectos de la crisis y, en el caso de la UE, no se pueda acudir a ello? Sin embargo, estamos pendientes de una sola naci\u00f3n, Grecia, que si estornuda dos veces nos manda a todos al abismo econ\u00f3mico.<br \/>\n<\/span><\/p>\n<p style=\"text-align: justify;\"><span style=\"color: #2d2d2d; font-family: Arial; font-size: 10pt;\">No vemos razonable que Espa\u00f1a haya sido sometida por las bolsas mundiales y por las agencias de calificaci\u00f3n de deuda, a un marcaje implacable que, a todas luces, no se compaginaba con la verdadera situaci\u00f3n econ\u00f3mica y financiera de nuestra naci\u00f3n pero,  por el simple hecho de que los especuladores quisieran ganar dinero a nuestra costa, casi consiguieron llevarnos a las puertas de la quiebra soberana en varias ocasiones. Y, miren ustedes por donde, hace apenas unos d\u00edas sin que, aparentemente, existan una razones objetivas que pudieran justificar el cambio de tendencia \u00a1vayan a saber por conveniencia de qu\u00e9 grupos de presi\u00f3n!, todo ha dado un vuelco y los que no quer\u00edan invertir en Espa\u00f1a ahora lo hacen con aportaciones importantes y con una sensible disminuci\u00f3n de nuestra prima de riesgo e intereses, algo impensable s\u00f3lo hace un mes.<br \/>\n<\/span><\/p>\n<p style=\"text-align: justify;\"><span style=\"color: #2d2d2d; font-family: Arial; font-size: 10pt;\">Y toda esta infinita complicaci\u00f3n y falta de transparencia del sistema econ\u00f3mico mundial; esta aparente incompetencia  de quienes rigen nuestros destinos en esta materia; esta clase pol\u00edtica que m\u00e1s parecen una casta de buitres voraces que servidores del pueblo y estas ayudas millonarias las entidades bancarias y a la cajas sin que se noten sus efectos en la reactivaci\u00f3n del comercio y la industria, verdaderos motores del crecimiento de la naci\u00f3n; est\u00e1n produciendo en los ciudadanos de a pie la decepcionante percepci\u00f3n de que aqu\u00ed, en Espa\u00f1a, de lo \u00fanico que se ocupan los unos y los otros, es de asegurarse su provenir y pervivencia sin que a nadie, lo repito: a nadie, parezca importarle un cuerno que una parte de nuestra naci\u00f3n quiera separarse de la otra o que, una serie de indeseables pretendan enriquecerse a costa del resto de ciudadanos.<br \/>\n<\/span><\/p>\n<p style=\"text-align: justify;\"><span style=\"color: #2d2d2d; font-family: Arial; font-size: 10pt;\">Es hora de que se tome en serio lo de la regeneraci\u00f3n, sea democr\u00e1tica o no, me importa un bledo, de una forma de gobierno, de un sistema electoral, de unas instituciones que, de estar tan politizadas, nos resultan ya irreconocibles, tales como la Administraci\u00f3n de Justicia, las CC.AA y el propio TC, que ya ha dado muestras m\u00e1s que evidentes de su falta de eficacia, su lentitud en emitir sus fallos y su obvia politizaci\u00f3n; lo que lo descarta para realizar la misi\u00f3n que se le encomend\u00f3. El pueblo espa\u00f1ol, en su gran mayor\u00eda, esta multitud silenciosa que se queda en casa, que no sale a la calle a airear sus problemas y que lo que quiere es trabajo, orden en las calles, seguridad y tranquilidad; el pueblo que acude a votar silenciosamente y le pide a sus gobernantes que tenga en cuenta la ejemplaridad de su comportamiento durante los cinco a\u00f1os de crisis que ha estado soportando. Algo impropio de la fogosidad de una raza mediterr\u00e1nea; de un car\u00e1cter indomable, como es el espa\u00f1ol.<br \/>\n<\/span><\/p>\n<p style=\"text-align: justify;\"><span style=\"color: #2d2d2d; font-family: Arial; font-size: 10pt;\">No obstante, que no se enga\u00f1en nuestros pol\u00edticos, sean del PP o de la izquierda, la gente, se\u00f1ores, ya est\u00e1 harta de corrupci\u00f3n, de aprovechados, de sindicatos que cobran subvenciones para luego dedicarse a intentar crear el caos en la naci\u00f3n; de partidos perdedores que pretenden dar lecciones a los que intentan arreglar los errores que cometieron. Cuidado con ello, porque todo tiene un l\u00edmite, se\u00f1ores, y nadie sabe cuando ser\u00e1 que alguien diga \u00a1basta! O esta es mi impresi\u00f3n sobre nuestra <\/span><span style=\"font-family: Arial; font-size: 10pt;\">situaci\u00f3n<\/span><span style=\"color: #2d2d2d; font-family: Arial; font-size: 10pt;\">.<br \/>\n<\/span><\/p>\n<p style=\"margin-left: 36pt;\"><span style=\"color: #1f497d; font-family: Arial; font-size: 10pt;\"><strong>Miguel Massanet Bosch<\/strong><\/span><\/p>\n","protected":false},"excerpt":{"rendered":"<p>&quot;El elemento din\u00e1mico en mi filosof\u00eda, en su conjunto, puede considerarse como una obstinada e incansable lucha contra el esp\u00edritu de abstracci\u00f3n&quot;. (Gabriel Marcel) Desde el momento en el que hubo alguien a quien se le ocurri\u00f3 darle a un papel tintado un valor de cambio, con cualquier otro objeto, en funci\u00f3n de unos par\u00e1metros&#8230;<\/p>\n","protected":false},"author":1,"featured_media":0,"comment_status":"open","ping_status":"open","sticky":false,"template":"","format":"standard","meta":{"rop_custom_images_group":[],"rop_custom_messages_group":[],"rop_publish_now":"initial","rop_publish_now_accounts":[],"rop_publish_now_history":[],"rop_publish_now_status":"pending","footnotes":""},"categories":[2,13,10,14,15,16,8],"tags":[],"class_list":["post-2724","post","type-post","status-publish","format-standard","hentry","category-actualidad","category-administracion-publica","category-comunicacion","category-economia","category-pensamiento-politico","category-politica","category-sociedad"],"yoast_head":"<!-- This site is optimized with the Yoast SEO plugin v27.5 - https:\/\/yoast.com\/product\/yoast-seo-wordpress\/ -->\n<title>Las pu\u00f1eteras abstracciones (por Miguel Massanet Bosch) - La Vanguardia de Cuenca<\/title>\n<meta name=\"robots\" content=\"index, follow, max-snippet:-1, max-image-preview:large, max-video-preview:-1\" \/>\n<link rel=\"canonical\" href=\"https:\/\/lavanguardiadecuenca.es\/?p=2724\" \/>\n<meta property=\"og:locale\" content=\"es_ES\" \/>\n<meta property=\"og:type\" content=\"article\" \/>\n<meta property=\"og:title\" content=\"Las pu\u00f1eteras abstracciones (por Miguel Massanet Bosch) - La Vanguardia de Cuenca\" \/>\n<meta property=\"og:description\" content=\"&quot;El elemento din\u00e1mico en mi filosof\u00eda, en su conjunto, puede considerarse como una obstinada e incansable lucha contra el esp\u00edritu de abstracci\u00f3n&quot;. (Gabriel Marcel) Desde el momento en el que hubo alguien a quien se le ocurri\u00f3 darle a un papel tintado un valor de cambio, con cualquier otro objeto, en funci\u00f3n de unos par\u00e1metros...\" \/>\n<meta property=\"og:url\" content=\"https:\/\/lavanguardiadecuenca.es\/?p=2724\" \/>\n<meta property=\"og:site_name\" content=\"La Vanguardia de Cuenca\" \/>\n<meta property=\"article:published_time\" content=\"2013-01-21T22:42:44+00:00\" \/>\n<meta name=\"author\" content=\"admin6567\" \/>\n<meta name=\"twitter:card\" content=\"summary_large_image\" \/>\n<meta name=\"twitter:label1\" content=\"Escrito por\" \/>\n\t<meta name=\"twitter:data1\" content=\"admin6567\" \/>\n\t<meta name=\"twitter:label2\" content=\"Tiempo de lectura\" \/>\n\t<meta name=\"twitter:data2\" content=\"7 minutos\" \/>\n<script type=\"application\/ld+json\" class=\"yoast-schema-graph\">{\"@context\":\"https:\\\/\\\/schema.org\",\"@graph\":[{\"@type\":\"Article\",\"@id\":\"https:\\\/\\\/lavanguardiadecuenca.es\\\/?p=2724#article\",\"isPartOf\":{\"@id\":\"https:\\\/\\\/lavanguardiadecuenca.es\\\/?p=2724\"},\"author\":{\"name\":\"admin6567\",\"@id\":\"https:\\\/\\\/lavanguardiadecuenca.es\\\/#\\\/schema\\\/person\\\/533d101fbc2a9ecf6af26aeddcaf1abd\"},\"headline\":\"Las pu\u00f1eteras abstracciones (por Miguel Massanet Bosch)\",\"datePublished\":\"2013-01-21T22:42:44+00:00\",\"mainEntityOfPage\":{\"@id\":\"https:\\\/\\\/lavanguardiadecuenca.es\\\/?p=2724\"},\"wordCount\":1352,\"commentCount\":0,\"publisher\":{\"@id\":\"https:\\\/\\\/lavanguardiadecuenca.es\\\/#\\\/schema\\\/person\\\/efd3b99fe10ec3fad96a88f3ae7d092f\"},\"articleSection\":[\"Actualidad\",\"Administraci\u00f3n P\u00fablica\",\"Comunicaci\u00f3n\",\"Econom\u00eda\",\"Pensamiento pol\u00edtico\",\"Pol\u00edtica\",\"Sociedad\"],\"inLanguage\":\"es\",\"potentialAction\":[{\"@type\":\"CommentAction\",\"name\":\"Comment\",\"target\":[\"https:\\\/\\\/lavanguardiadecuenca.es\\\/?p=2724#respond\"]}]},{\"@type\":\"WebPage\",\"@id\":\"https:\\\/\\\/lavanguardiadecuenca.es\\\/?p=2724\",\"url\":\"https:\\\/\\\/lavanguardiadecuenca.es\\\/?p=2724\",\"name\":\"Las pu\u00f1eteras abstracciones (por Miguel Massanet Bosch) - La Vanguardia de Cuenca\",\"isPartOf\":{\"@id\":\"https:\\\/\\\/lavanguardiadecuenca.es\\\/#website\"},\"datePublished\":\"2013-01-21T22:42:44+00:00\",\"breadcrumb\":{\"@id\":\"https:\\\/\\\/lavanguardiadecuenca.es\\\/?p=2724#breadcrumb\"},\"inLanguage\":\"es\",\"potentialAction\":[{\"@type\":\"ReadAction\",\"target\":[\"https:\\\/\\\/lavanguardiadecuenca.es\\\/?p=2724\"]}]},{\"@type\":\"BreadcrumbList\",\"@id\":\"https:\\\/\\\/lavanguardiadecuenca.es\\\/?p=2724#breadcrumb\",\"itemListElement\":[{\"@type\":\"ListItem\",\"position\":1,\"name\":\"Portada\",\"item\":\"https:\\\/\\\/lavanguardiadecuenca.es\\\/\"},{\"@type\":\"ListItem\",\"position\":2,\"name\":\"Las pu\u00f1eteras abstracciones (por Miguel Massanet Bosch)\"}]},{\"@type\":\"WebSite\",\"@id\":\"https:\\\/\\\/lavanguardiadecuenca.es\\\/#website\",\"url\":\"https:\\\/\\\/lavanguardiadecuenca.es\\\/\",\"name\":\"La Vanguardia de Cuenca\",\"description\":\"Intereses: comunicaci\u00f3n y actualidad en general, weblogs, sociedad, pol\u00edtica\",\"publisher\":{\"@id\":\"https:\\\/\\\/lavanguardiadecuenca.es\\\/#\\\/schema\\\/person\\\/efd3b99fe10ec3fad96a88f3ae7d092f\"},\"potentialAction\":[{\"@type\":\"SearchAction\",\"target\":{\"@type\":\"EntryPoint\",\"urlTemplate\":\"https:\\\/\\\/lavanguardiadecuenca.es\\\/?s={search_term_string}\"},\"query-input\":{\"@type\":\"PropertyValueSpecification\",\"valueRequired\":true,\"valueName\":\"search_term_string\"}}],\"inLanguage\":\"es\"},{\"@type\":[\"Person\",\"Organization\"],\"@id\":\"https:\\\/\\\/lavanguardiadecuenca.es\\\/#\\\/schema\\\/person\\\/efd3b99fe10ec3fad96a88f3ae7d092f\",\"name\":\"Juan Andr\u00e9s Buedo\",\"image\":{\"@type\":\"ImageObject\",\"inLanguage\":\"es\",\"@id\":\"https:\\\/\\\/lavanguardiadecuenca.es\\\/wp-content\\\/uploads\\\/2025\\\/09\\\/6a00d8341c734753ef0278801a3634200d-250si.jpg\",\"url\":\"https:\\\/\\\/lavanguardiadecuenca.es\\\/wp-content\\\/uploads\\\/2025\\\/09\\\/6a00d8341c734753ef0278801a3634200d-250si.jpg\",\"contentUrl\":\"https:\\\/\\\/lavanguardiadecuenca.es\\\/wp-content\\\/uploads\\\/2025\\\/09\\\/6a00d8341c734753ef0278801a3634200d-250si.jpg\",\"width\":250,\"height\":250,\"caption\":\"Juan Andr\u00e9s Buedo\"},\"logo\":{\"@id\":\"https:\\\/\\\/lavanguardiadecuenca.es\\\/wp-content\\\/uploads\\\/2025\\\/09\\\/6a00d8341c734753ef0278801a3634200d-250si.jpg\"},\"sameAs\":[\"https:\\\/\\\/lavanguardiadecuenca.es\\\/\"]},{\"@type\":\"Person\",\"@id\":\"https:\\\/\\\/lavanguardiadecuenca.es\\\/#\\\/schema\\\/person\\\/533d101fbc2a9ecf6af26aeddcaf1abd\",\"name\":\"admin6567\",\"image\":{\"@type\":\"ImageObject\",\"inLanguage\":\"es\",\"@id\":\"https:\\\/\\\/secure.gravatar.com\\\/avatar\\\/79503df8b75d394ce1e22cb5293c3e8fee42d212f6de88e2d65bfaa128f73542?s=96&d=mm&r=g\",\"url\":\"https:\\\/\\\/secure.gravatar.com\\\/avatar\\\/79503df8b75d394ce1e22cb5293c3e8fee42d212f6de88e2d65bfaa128f73542?s=96&d=mm&r=g\",\"contentUrl\":\"https:\\\/\\\/secure.gravatar.com\\\/avatar\\\/79503df8b75d394ce1e22cb5293c3e8fee42d212f6de88e2d65bfaa128f73542?s=96&d=mm&r=g\",\"caption\":\"admin6567\"},\"sameAs\":[\"http:\\\/\\\/lavanguardiadecuenca.es\"],\"url\":\"https:\\\/\\\/lavanguardiadecuenca.es\\\/?author=1\"}]}<\/script>\n<!-- \/ Yoast SEO plugin. -->","yoast_head_json":{"title":"Las pu\u00f1eteras abstracciones (por Miguel Massanet Bosch) - La Vanguardia de Cuenca","robots":{"index":"index","follow":"follow","max-snippet":"max-snippet:-1","max-image-preview":"max-image-preview:large","max-video-preview":"max-video-preview:-1"},"canonical":"https:\/\/lavanguardiadecuenca.es\/?p=2724","og_locale":"es_ES","og_type":"article","og_title":"Las pu\u00f1eteras abstracciones (por Miguel Massanet Bosch) - La Vanguardia de Cuenca","og_description":"&quot;El elemento din\u00e1mico en mi filosof\u00eda, en su conjunto, puede considerarse como una obstinada e incansable lucha contra el esp\u00edritu de abstracci\u00f3n&quot;. (Gabriel Marcel) Desde el momento en el que hubo alguien a quien se le ocurri\u00f3 darle a un papel tintado un valor de cambio, con cualquier otro objeto, en funci\u00f3n de unos par\u00e1metros...","og_url":"https:\/\/lavanguardiadecuenca.es\/?p=2724","og_site_name":"La Vanguardia de Cuenca","article_published_time":"2013-01-21T22:42:44+00:00","author":"admin6567","twitter_card":"summary_large_image","twitter_misc":{"Escrito por":"admin6567","Tiempo de lectura":"7 minutos"},"schema":{"@context":"https:\/\/schema.org","@graph":[{"@type":"Article","@id":"https:\/\/lavanguardiadecuenca.es\/?p=2724#article","isPartOf":{"@id":"https:\/\/lavanguardiadecuenca.es\/?p=2724"},"author":{"name":"admin6567","@id":"https:\/\/lavanguardiadecuenca.es\/#\/schema\/person\/533d101fbc2a9ecf6af26aeddcaf1abd"},"headline":"Las pu\u00f1eteras abstracciones (por Miguel Massanet Bosch)","datePublished":"2013-01-21T22:42:44+00:00","mainEntityOfPage":{"@id":"https:\/\/lavanguardiadecuenca.es\/?p=2724"},"wordCount":1352,"commentCount":0,"publisher":{"@id":"https:\/\/lavanguardiadecuenca.es\/#\/schema\/person\/efd3b99fe10ec3fad96a88f3ae7d092f"},"articleSection":["Actualidad","Administraci\u00f3n P\u00fablica","Comunicaci\u00f3n","Econom\u00eda","Pensamiento pol\u00edtico","Pol\u00edtica","Sociedad"],"inLanguage":"es","potentialAction":[{"@type":"CommentAction","name":"Comment","target":["https:\/\/lavanguardiadecuenca.es\/?p=2724#respond"]}]},{"@type":"WebPage","@id":"https:\/\/lavanguardiadecuenca.es\/?p=2724","url":"https:\/\/lavanguardiadecuenca.es\/?p=2724","name":"Las pu\u00f1eteras abstracciones (por Miguel Massanet Bosch) - La Vanguardia de Cuenca","isPartOf":{"@id":"https:\/\/lavanguardiadecuenca.es\/#website"},"datePublished":"2013-01-21T22:42:44+00:00","breadcrumb":{"@id":"https:\/\/lavanguardiadecuenca.es\/?p=2724#breadcrumb"},"inLanguage":"es","potentialAction":[{"@type":"ReadAction","target":["https:\/\/lavanguardiadecuenca.es\/?p=2724"]}]},{"@type":"BreadcrumbList","@id":"https:\/\/lavanguardiadecuenca.es\/?p=2724#breadcrumb","itemListElement":[{"@type":"ListItem","position":1,"name":"Portada","item":"https:\/\/lavanguardiadecuenca.es\/"},{"@type":"ListItem","position":2,"name":"Las pu\u00f1eteras abstracciones (por Miguel Massanet Bosch)"}]},{"@type":"WebSite","@id":"https:\/\/lavanguardiadecuenca.es\/#website","url":"https:\/\/lavanguardiadecuenca.es\/","name":"La Vanguardia de Cuenca","description":"Intereses: comunicaci\u00f3n y actualidad en general, weblogs, sociedad, pol\u00edtica","publisher":{"@id":"https:\/\/lavanguardiadecuenca.es\/#\/schema\/person\/efd3b99fe10ec3fad96a88f3ae7d092f"},"potentialAction":[{"@type":"SearchAction","target":{"@type":"EntryPoint","urlTemplate":"https:\/\/lavanguardiadecuenca.es\/?s={search_term_string}"},"query-input":{"@type":"PropertyValueSpecification","valueRequired":true,"valueName":"search_term_string"}}],"inLanguage":"es"},{"@type":["Person","Organization"],"@id":"https:\/\/lavanguardiadecuenca.es\/#\/schema\/person\/efd3b99fe10ec3fad96a88f3ae7d092f","name":"Juan Andr\u00e9s Buedo","image":{"@type":"ImageObject","inLanguage":"es","@id":"https:\/\/lavanguardiadecuenca.es\/wp-content\/uploads\/2025\/09\/6a00d8341c734753ef0278801a3634200d-250si.jpg","url":"https:\/\/lavanguardiadecuenca.es\/wp-content\/uploads\/2025\/09\/6a00d8341c734753ef0278801a3634200d-250si.jpg","contentUrl":"https:\/\/lavanguardiadecuenca.es\/wp-content\/uploads\/2025\/09\/6a00d8341c734753ef0278801a3634200d-250si.jpg","width":250,"height":250,"caption":"Juan Andr\u00e9s Buedo"},"logo":{"@id":"https:\/\/lavanguardiadecuenca.es\/wp-content\/uploads\/2025\/09\/6a00d8341c734753ef0278801a3634200d-250si.jpg"},"sameAs":["https:\/\/lavanguardiadecuenca.es\/"]},{"@type":"Person","@id":"https:\/\/lavanguardiadecuenca.es\/#\/schema\/person\/533d101fbc2a9ecf6af26aeddcaf1abd","name":"admin6567","image":{"@type":"ImageObject","inLanguage":"es","@id":"https:\/\/secure.gravatar.com\/avatar\/79503df8b75d394ce1e22cb5293c3e8fee42d212f6de88e2d65bfaa128f73542?s=96&d=mm&r=g","url":"https:\/\/secure.gravatar.com\/avatar\/79503df8b75d394ce1e22cb5293c3e8fee42d212f6de88e2d65bfaa128f73542?s=96&d=mm&r=g","contentUrl":"https:\/\/secure.gravatar.com\/avatar\/79503df8b75d394ce1e22cb5293c3e8fee42d212f6de88e2d65bfaa128f73542?s=96&d=mm&r=g","caption":"admin6567"},"sameAs":["http:\/\/lavanguardiadecuenca.es"],"url":"https:\/\/lavanguardiadecuenca.es\/?author=1"}]}},"_links":{"self":[{"href":"https:\/\/lavanguardiadecuenca.es\/index.php?rest_route=\/wp\/v2\/posts\/2724","targetHints":{"allow":["GET"]}}],"collection":[{"href":"https:\/\/lavanguardiadecuenca.es\/index.php?rest_route=\/wp\/v2\/posts"}],"about":[{"href":"https:\/\/lavanguardiadecuenca.es\/index.php?rest_route=\/wp\/v2\/types\/post"}],"author":[{"embeddable":true,"href":"https:\/\/lavanguardiadecuenca.es\/index.php?rest_route=\/wp\/v2\/users\/1"}],"replies":[{"embeddable":true,"href":"https:\/\/lavanguardiadecuenca.es\/index.php?rest_route=%2Fwp%2Fv2%2Fcomments&post=2724"}],"version-history":[{"count":0,"href":"https:\/\/lavanguardiadecuenca.es\/index.php?rest_route=\/wp\/v2\/posts\/2724\/revisions"}],"wp:attachment":[{"href":"https:\/\/lavanguardiadecuenca.es\/index.php?rest_route=%2Fwp%2Fv2%2Fmedia&parent=2724"}],"wp:term":[{"taxonomy":"category","embeddable":true,"href":"https:\/\/lavanguardiadecuenca.es\/index.php?rest_route=%2Fwp%2Fv2%2Fcategories&post=2724"},{"taxonomy":"post_tag","embeddable":true,"href":"https:\/\/lavanguardiadecuenca.es\/index.php?rest_route=%2Fwp%2Fv2%2Ftags&post=2724"}],"curies":[{"name":"wp","href":"https:\/\/api.w.org\/{rel}","templated":true}]}}