{"id":2697,"date":"2013-01-31T20:55:38","date_gmt":"2013-01-31T20:55:38","guid":{"rendered":"https:\/\/lavanguardiadecuenca.es\/?p=2697"},"modified":"2013-01-31T20:55:38","modified_gmt":"2013-01-31T20:55:38","slug":"espana-se-desliza-hacia-su-propio-armaggedon-por-miguel-massanet-bosch","status":"publish","type":"post","link":"https:\/\/lavanguardiadecuenca.es\/?p=2697","title":{"rendered":"Espa\u00f1a se desliza hacia su propio armagged\u00f3n (por Miguel Massanet Bosch)"},"content":{"rendered":"<p style=\"text-align: justify;\"><span style=\"color: #4a4a4a; font-family: Arial; font-size: 10pt;\">&quot;<em>El sentido moral es de gran importancia. Cuando desaparece de una naci\u00f3n toda la estructura social va hacia el derrumbe<\/em>.&quot; (Alexis Carrel)<br \/>\n<\/span><\/p>\n<p style=\"text-align: justify;\"><span style=\"font-family: Arial; font-size: 10pt;\"><span style=\"color: #4a4a4a;\"><br \/><\/span>Lo cierto es que hemos llegado, en este pa\u00eds, a una situaci\u00f3n tal de desconcierto que, sin duda, podr\u00eda compararse a la de aquel m\u00fasico solista que tiene una horrible pesadilla en la que se encuentra en el escenario, con su instrumento en la mano, paralizado por el miedo, temiendo que un director psic\u00f3pata ordene un <em>tutti <\/em>orquestal disonante, en el mismo momento en que \u00e9l inicie su solo. Veamos, ya no se trata de que Espa\u00f1a est\u00e9 en una crisis econ\u00f3mica, financiera y social que pone en peligro la supervivencia de las empresas, el trabajo de la ciudadan\u00eda y el mismo mantenimiento del gasto p\u00fablico; no, se\u00f1ores, ahora han aparecido nuevo factores de riesgo que, si no se remedian inmediatamente, nos van a conducir, ineludiblemente, a una situaci\u00f3n de desorden interno; de desconfianza en las instituciones y de hast\u00edo de la ciudadan\u00eda respecto a quienes nos gobiernan, ejercen la administraci\u00f3n de Justicia y ocupan los esca\u00f1os del Legislativo, que puede llevarnos a un vac\u00edo, un divorcio e, incluso, una aversi\u00f3n del pueblo hacia el sistema de gobierno del que nos hemos dotado; hacia las autoridades que tienen la responsabilidad de gobernar y hacia quienes tienen, por mandato constitucional, la facultad y el deber de aplicar las leyes y sancionar las infracciones de quienes no las cumplan.<br \/>\n<\/span><\/p>\n<p style=\"text-align: justify;\"><span style=\"font-family: Arial; font-size: 10pt;\">Si se ha levantado una evidente caza de brujas entre los distintos partidos del arco parlamentario, en la que est\u00e1n apareciendo las verg\u00fcenzas que se ocultaban en las trastiendas de sus respectivas direcciones; si se prodigan entre los estamentos municipales las detenciones e imputaciones de ediles y alcaldes a los que se les acusa de prevaricaci\u00f3n, tr\u00e1fico de influencias, venalidades etc. y si, en la apropia Casa Real, se producen esc\u00e1ndalos, a cargo de algunos de sus miembros, que est\u00e1n poniendo en cuesti\u00f3n a la misma instituci\u00f3n mon\u00e1rquica; no se quedan atr\u00e1s los tribunales de Justicia que cada d\u00eda nos sorprenden con sus inesperadas resoluciones, con sus insospechadas sentencias o con sus, dig\u00e1moslo claro, politizadas y m\u00e1s que discutibles actuaciones que han logrado poner a la Administraci\u00f3n de la Justicia en uno de los puestos m\u00e1s elevados en cuanto a la falta de confianza, descontento ciudadano, rechazo de sus actuaciones y convencimiento de que las leyes son aplicadas seg\u00fan el criterio, el pensamiento pol\u00edtico y las presiones externas, sin tener en cuenta como quer\u00eda el legislador que se impartieran y ejecutaran.<br \/>\n<\/span><\/p>\n<p style=\"text-align: justify;\"><span style=\"font-family: Arial; font-size: 10pt;\">Si el TSJC ya nos sorprendi\u00f3 con algunas, m\u00e1s que discutibles, resoluciones respecto a temas relacionados con el separatismo de Catalunya; tampoco se ha preocupado ni poco ni mucho de que, sus sentencias respecto a la obligatoriedad del uso en la ense\u00f1anza del castellano, fueran ejecutadas y, tenemos la sensaci\u00f3n de que sigue en su particular forma de entender las leyes cuando, s\u00f3lo hace unos d\u00edas, el presidente del TSJC, el se\u00f1or Miguel Angel Gimeno, ha visto la &quot;posibilidad&quot; de que se celebrara la consulta ilegal del se\u00f1or Mas &quot;<strong><em>interpretando la Constituci\u00f3n de una manera amable<\/em><\/strong>&quot;. Yo no s\u00e9 ni hab\u00eda o\u00eddo nunca que una ley se pudiera interpretar de una manera &quot;amable&quot;. Si uno comete un delito se le juzga y se le aplica la norma seg\u00fan queda especificado en el CP, sin que se contemple agravante, atenuante o eximente en funci\u00f3n de la amabilidad con la que se juzgue el delito. En todo caso, vista la situaci\u00f3n pol\u00edtica de Catalunya; la actitud levantisca e intransigente del gobierno de la Generalitat y la audacia y descaro del se\u00f1or Mas, present\u00e1ndose ante el Rey de Espa\u00f1a para explicarle su proyecto de independencia de Catalunya; la intervenci\u00f3n del se\u00f1or Gimeno nos parece impropia, desafortunada y, obviamente, fuera de lugar.<br \/>\n<\/span><\/p>\n<p style=\"text-align: justify;\"><span style=\"font-family: Arial; font-size: 10pt;\">Sin embargo, la Audiencia de Catalunya, tampoco ha querido dejar de defraudarnos una vez m\u00e1s y nos ha vuelto a obsequiar con una sentencia que ha dejado boquiabiertos a propios y extra\u00f1os. Si, todas las fuerzas progresistas de este pa\u00eds, se hab\u00edan aliado para sacar a la luz y criticar a una monja, Sor Mar\u00eda, porque en un tiempo de hambre, de problemas  para las madres solteras por su exclusi\u00f3n social; de imposibilidad de muchas de ellas de hacerse cargo de sus hijos y de otros conceptos \u00e9ticos y morales y costumbres de aquellos tiempos, relativos a la adopciones de ni\u00f1os. Esta monja actuaba ( puede que fuera de la Ley) entregando en adopci\u00f3n a los neonatos a familias que pod\u00edan hacerse cargo de ellos. Si, curiosamente, aquellas madres, pasadas varias d\u00e9cadas de aquellos hechos, de pronto,  no se sabe de d\u00f3nde sali\u00f3 la idea, han pensado en reclamar aquello que abandonaron ( \u00bfles dijeron que estaban muertos o que hab\u00edan desaparecido?), enga\u00f1adas o no, algo que no vamos a saber porque la monja acusada ha muerto y nadie va a poder sacarle la informaci\u00f3n precisa, exigiendo las penas m\u00e1s ejemplares para la religiosa, cuando ninguna de las adoptadas sufri\u00f3 mal alguno, antes bien, han sido mejor tratadas que si hubieran estado con sus propias madres, \u00bfC\u00f3mo se explica lo ocurrido con el famoso doctor Mor\u00edn?<br \/>\n<\/span><\/p>\n<p style=\"text-align: justify;\"><span style=\"font-family: Arial; font-size: 10pt;\">Porque este sujeto, experto en sacrificar ni\u00f1os, ya que se le atribuyen nada menos que 89 abortos ilegales, asociaci\u00f3n il\u00edcita, falsedad documental e intrusismo, ha sido absuelto. Para  la Audiencia de Catalunya, no obstante, el doctor  Mor\u00edn ha resultado ser inocente. Ninguna de las acusaciones del fiscal ha sido tenida en cuenta y todo lo que hizo lo hizo &quot; a petici\u00f3n de las interesadas&quot; y de acuerdo con la Ley. \u00a1Bravo! Claro que el doctor exultante ha celebrado su absoluci\u00f3n y se ha atrevido a decir que &quot;<em>ha sido una prueba de lo que es la Justicia en este pa\u00eds&quot;.<\/em> En efecto, tiene raz\u00f3n, pero desde un punto se vista diametralmente opuesto porque, por desgracia, esta absurda e incomprensible sentencia no hace otra cosa que confirmar la clase de Justicia que tenemos que aguantar; su absoluta sumisi\u00f3n al progresismo y relativismo imperante. Ya lo dijo Fern\u00e1ndez Bermejo, el ministro de Justicia del PSOE, &quot;<em>las leyes est\u00e1n para aplicarlas seg\u00fan convengan a cada momento&quot;.<br \/>\n<\/em><\/span><\/p>\n<p style=\"text-align: justify;\"><span style=\"font-family: Arial; font-size: 10pt;\">Y mientras tanto, este se\u00f1or puede seguir ejerciendo su macabra profesi\u00f3n, carg\u00e1ndose fetos impunemente, para despu\u00e9s hacer negocio con ellos vendi\u00e9ndolos para hacer pomadas y medicinas. El gobierno del PP, que tiene en la rec\u00e1mara un proyecto de ley para evitar el coladero que supone que, por causas psicol\u00f3gicas, una mujer pueda abortar; parece que no se atreve a llevar la nueva ley al Parlamento, aunque prometi\u00f3 en su programa electoral hacerlo. Si, a los se\u00f1ores del PP, les parece poco que cada a\u00f1o, en nuestra naci\u00f3n, se produzcan m\u00e1s de 100.000 abortos &quot;legales&quot; ( los ilegales ya no les digo), entonces ser\u00e1 que los que los votamos est\u00e1bamos equivocados y nos la dieron con queso. Primero se arrugan con lo de los matrimonios gay; despu\u00e9s se arrugan con la ley en contra del aborto y finalmente, por si faltaran desenga\u00f1os para los seguidores del PP,  empiezan a salir casos de corrupci\u00f3n que los igualan a los socialistas y otras formaciones, dejando al pa\u00eds convertido en poco menos que un estercolero de sinverg\u00fcenzas, aprovechados y caraduras, que siguen exigiendo a los ciudadanos honrados sacrificios, paciencia y mayores impuestos con toda la frescura del mundo.<br \/>\n<\/span><\/p>\n<p style=\"text-align: justify;\"><span style=\"font-family: Arial; font-size: 10pt;\">Yo no se como va a acabar esta historia. Lo que s\u00ed s\u00e9 es como acabaron otras parecidas que los mayores todav\u00eda recordamos y tuvimos ocasi\u00f3n de vivir. No quisi\u00e9ramos que la incapacidad, la insensatez y las pocas luces de nuestros actuales gobernantes, pudieran dar lugar a que, aquellos tiempos de confrontaci\u00f3n y muerte, se volvieran a repetir. S\u00f3lo por la falta de sentido com\u00fan y la ambici\u00f3n de nuestros pol\u00edticos no les permitiera calibrar la situaci\u00f3n de descontento de nuestros ciudadanos. O as\u00ed es, se\u00f1ores como lo veo yo.<br \/>\n<\/span><\/p>\n<p style=\"text-align: justify; margin-left: 36pt;\"><span style=\"font-family: Arial; font-size: 10pt;\">Miguel Massanet Bosch<\/span><\/p>\n","protected":false},"excerpt":{"rendered":"<p>&quot;El sentido moral es de gran importancia. Cuando desaparece de una naci\u00f3n toda la estructura social va hacia el derrumbe.&quot; (Alexis Carrel) Lo cierto es que hemos llegado, en este pa\u00eds, a una situaci\u00f3n tal de desconcierto que, sin duda, podr\u00eda compararse a la de aquel m\u00fasico solista que tiene una horrible pesadilla en la&#8230;<\/p>\n","protected":false},"author":1,"featured_media":0,"comment_status":"open","ping_status":"open","sticky":false,"template":"","format":"standard","meta":{"rop_custom_images_group":[],"rop_custom_messages_group":[],"rop_publish_now":"initial","rop_publish_now_accounts":[],"rop_publish_now_history":[],"rop_publish_now_status":"pending","footnotes":""},"categories":[2,13,10,6,11,15,16,8],"tags":[],"class_list":["post-2697","post","type-post","status-publish","format-standard","hentry","category-actualidad","category-administracion-publica","category-comunicacion","category-historia","category-musica","category-pensamiento-politico","category-politica","category-sociedad"],"yoast_head":"<!-- This site is optimized with the Yoast SEO plugin v27.5 - https:\/\/yoast.com\/product\/yoast-seo-wordpress\/ -->\n<title>Espa\u00f1a se desliza hacia su propio armagged\u00f3n (por Miguel Massanet Bosch) - La Vanguardia de Cuenca<\/title>\n<meta name=\"robots\" content=\"index, follow, max-snippet:-1, max-image-preview:large, max-video-preview:-1\" \/>\n<link rel=\"canonical\" href=\"https:\/\/lavanguardiadecuenca.es\/?p=2697\" \/>\n<meta property=\"og:locale\" content=\"es_ES\" \/>\n<meta property=\"og:type\" content=\"article\" \/>\n<meta property=\"og:title\" content=\"Espa\u00f1a se desliza hacia su propio armagged\u00f3n (por Miguel Massanet Bosch) - La Vanguardia de Cuenca\" \/>\n<meta property=\"og:description\" content=\"&quot;El sentido moral es de gran importancia. Cuando desaparece de una naci\u00f3n toda la estructura social va hacia el derrumbe.&quot; (Alexis Carrel) Lo cierto es que hemos llegado, en este pa\u00eds, a una situaci\u00f3n tal de desconcierto que, sin duda, podr\u00eda compararse a la de aquel m\u00fasico solista que tiene una horrible pesadilla en la...\" \/>\n<meta property=\"og:url\" content=\"https:\/\/lavanguardiadecuenca.es\/?p=2697\" \/>\n<meta property=\"og:site_name\" content=\"La Vanguardia de Cuenca\" \/>\n<meta property=\"article:published_time\" content=\"2013-01-31T20:55:38+00:00\" \/>\n<meta name=\"author\" content=\"admin6567\" \/>\n<meta name=\"twitter:card\" content=\"summary_large_image\" \/>\n<meta name=\"twitter:label1\" content=\"Escrito por\" \/>\n\t<meta name=\"twitter:data1\" content=\"admin6567\" \/>\n\t<meta name=\"twitter:label2\" content=\"Tiempo de lectura\" \/>\n\t<meta name=\"twitter:data2\" content=\"7 minutos\" \/>\n<script type=\"application\/ld+json\" class=\"yoast-schema-graph\">{\"@context\":\"https:\\\/\\\/schema.org\",\"@graph\":[{\"@type\":\"Article\",\"@id\":\"https:\\\/\\\/lavanguardiadecuenca.es\\\/?p=2697#article\",\"isPartOf\":{\"@id\":\"https:\\\/\\\/lavanguardiadecuenca.es\\\/?p=2697\"},\"author\":{\"name\":\"admin6567\",\"@id\":\"https:\\\/\\\/lavanguardiadecuenca.es\\\/#\\\/schema\\\/person\\\/533d101fbc2a9ecf6af26aeddcaf1abd\"},\"headline\":\"Espa\u00f1a se desliza hacia su propio armagged\u00f3n (por Miguel Massanet Bosch)\",\"datePublished\":\"2013-01-31T20:55:38+00:00\",\"mainEntityOfPage\":{\"@id\":\"https:\\\/\\\/lavanguardiadecuenca.es\\\/?p=2697\"},\"wordCount\":1439,\"commentCount\":0,\"publisher\":{\"@id\":\"https:\\\/\\\/lavanguardiadecuenca.es\\\/#\\\/schema\\\/person\\\/efd3b99fe10ec3fad96a88f3ae7d092f\"},\"articleSection\":[\"Actualidad\",\"Administraci\u00f3n P\u00fablica\",\"Comunicaci\u00f3n\",\"Historia\",\"M\u00fasica\",\"Pensamiento pol\u00edtico\",\"Pol\u00edtica\",\"Sociedad\"],\"inLanguage\":\"es\",\"potentialAction\":[{\"@type\":\"CommentAction\",\"name\":\"Comment\",\"target\":[\"https:\\\/\\\/lavanguardiadecuenca.es\\\/?p=2697#respond\"]}]},{\"@type\":\"WebPage\",\"@id\":\"https:\\\/\\\/lavanguardiadecuenca.es\\\/?p=2697\",\"url\":\"https:\\\/\\\/lavanguardiadecuenca.es\\\/?p=2697\",\"name\":\"Espa\u00f1a se desliza hacia su propio armagged\u00f3n (por Miguel Massanet Bosch) - La Vanguardia de Cuenca\",\"isPartOf\":{\"@id\":\"https:\\\/\\\/lavanguardiadecuenca.es\\\/#website\"},\"datePublished\":\"2013-01-31T20:55:38+00:00\",\"breadcrumb\":{\"@id\":\"https:\\\/\\\/lavanguardiadecuenca.es\\\/?p=2697#breadcrumb\"},\"inLanguage\":\"es\",\"potentialAction\":[{\"@type\":\"ReadAction\",\"target\":[\"https:\\\/\\\/lavanguardiadecuenca.es\\\/?p=2697\"]}]},{\"@type\":\"BreadcrumbList\",\"@id\":\"https:\\\/\\\/lavanguardiadecuenca.es\\\/?p=2697#breadcrumb\",\"itemListElement\":[{\"@type\":\"ListItem\",\"position\":1,\"name\":\"Portada\",\"item\":\"https:\\\/\\\/lavanguardiadecuenca.es\\\/\"},{\"@type\":\"ListItem\",\"position\":2,\"name\":\"Espa\u00f1a se desliza hacia su propio armagged\u00f3n (por Miguel Massanet Bosch)\"}]},{\"@type\":\"WebSite\",\"@id\":\"https:\\\/\\\/lavanguardiadecuenca.es\\\/#website\",\"url\":\"https:\\\/\\\/lavanguardiadecuenca.es\\\/\",\"name\":\"La Vanguardia de Cuenca\",\"description\":\"Intereses: comunicaci\u00f3n y actualidad en general, weblogs, sociedad, pol\u00edtica\",\"publisher\":{\"@id\":\"https:\\\/\\\/lavanguardiadecuenca.es\\\/#\\\/schema\\\/person\\\/efd3b99fe10ec3fad96a88f3ae7d092f\"},\"potentialAction\":[{\"@type\":\"SearchAction\",\"target\":{\"@type\":\"EntryPoint\",\"urlTemplate\":\"https:\\\/\\\/lavanguardiadecuenca.es\\\/?s={search_term_string}\"},\"query-input\":{\"@type\":\"PropertyValueSpecification\",\"valueRequired\":true,\"valueName\":\"search_term_string\"}}],\"inLanguage\":\"es\"},{\"@type\":[\"Person\",\"Organization\"],\"@id\":\"https:\\\/\\\/lavanguardiadecuenca.es\\\/#\\\/schema\\\/person\\\/efd3b99fe10ec3fad96a88f3ae7d092f\",\"name\":\"Juan Andr\u00e9s Buedo\",\"image\":{\"@type\":\"ImageObject\",\"inLanguage\":\"es\",\"@id\":\"https:\\\/\\\/lavanguardiadecuenca.es\\\/wp-content\\\/uploads\\\/2025\\\/09\\\/6a00d8341c734753ef0278801a3634200d-250si.jpg\",\"url\":\"https:\\\/\\\/lavanguardiadecuenca.es\\\/wp-content\\\/uploads\\\/2025\\\/09\\\/6a00d8341c734753ef0278801a3634200d-250si.jpg\",\"contentUrl\":\"https:\\\/\\\/lavanguardiadecuenca.es\\\/wp-content\\\/uploads\\\/2025\\\/09\\\/6a00d8341c734753ef0278801a3634200d-250si.jpg\",\"width\":250,\"height\":250,\"caption\":\"Juan Andr\u00e9s Buedo\"},\"logo\":{\"@id\":\"https:\\\/\\\/lavanguardiadecuenca.es\\\/wp-content\\\/uploads\\\/2025\\\/09\\\/6a00d8341c734753ef0278801a3634200d-250si.jpg\"},\"sameAs\":[\"https:\\\/\\\/lavanguardiadecuenca.es\\\/\"]},{\"@type\":\"Person\",\"@id\":\"https:\\\/\\\/lavanguardiadecuenca.es\\\/#\\\/schema\\\/person\\\/533d101fbc2a9ecf6af26aeddcaf1abd\",\"name\":\"admin6567\",\"image\":{\"@type\":\"ImageObject\",\"inLanguage\":\"es\",\"@id\":\"https:\\\/\\\/secure.gravatar.com\\\/avatar\\\/79503df8b75d394ce1e22cb5293c3e8fee42d212f6de88e2d65bfaa128f73542?s=96&d=mm&r=g\",\"url\":\"https:\\\/\\\/secure.gravatar.com\\\/avatar\\\/79503df8b75d394ce1e22cb5293c3e8fee42d212f6de88e2d65bfaa128f73542?s=96&d=mm&r=g\",\"contentUrl\":\"https:\\\/\\\/secure.gravatar.com\\\/avatar\\\/79503df8b75d394ce1e22cb5293c3e8fee42d212f6de88e2d65bfaa128f73542?s=96&d=mm&r=g\",\"caption\":\"admin6567\"},\"sameAs\":[\"http:\\\/\\\/lavanguardiadecuenca.es\"],\"url\":\"https:\\\/\\\/lavanguardiadecuenca.es\\\/?author=1\"}]}<\/script>\n<!-- \/ Yoast SEO plugin. -->","yoast_head_json":{"title":"Espa\u00f1a se desliza hacia su propio armagged\u00f3n (por Miguel Massanet Bosch) - La Vanguardia de Cuenca","robots":{"index":"index","follow":"follow","max-snippet":"max-snippet:-1","max-image-preview":"max-image-preview:large","max-video-preview":"max-video-preview:-1"},"canonical":"https:\/\/lavanguardiadecuenca.es\/?p=2697","og_locale":"es_ES","og_type":"article","og_title":"Espa\u00f1a se desliza hacia su propio armagged\u00f3n (por Miguel Massanet Bosch) - La Vanguardia de Cuenca","og_description":"&quot;El sentido moral es de gran importancia. Cuando desaparece de una naci\u00f3n toda la estructura social va hacia el derrumbe.&quot; (Alexis Carrel) Lo cierto es que hemos llegado, en este pa\u00eds, a una situaci\u00f3n tal de desconcierto que, sin duda, podr\u00eda compararse a la de aquel m\u00fasico solista que tiene una horrible pesadilla en la...","og_url":"https:\/\/lavanguardiadecuenca.es\/?p=2697","og_site_name":"La Vanguardia de Cuenca","article_published_time":"2013-01-31T20:55:38+00:00","author":"admin6567","twitter_card":"summary_large_image","twitter_misc":{"Escrito por":"admin6567","Tiempo de lectura":"7 minutos"},"schema":{"@context":"https:\/\/schema.org","@graph":[{"@type":"Article","@id":"https:\/\/lavanguardiadecuenca.es\/?p=2697#article","isPartOf":{"@id":"https:\/\/lavanguardiadecuenca.es\/?p=2697"},"author":{"name":"admin6567","@id":"https:\/\/lavanguardiadecuenca.es\/#\/schema\/person\/533d101fbc2a9ecf6af26aeddcaf1abd"},"headline":"Espa\u00f1a se desliza hacia su propio armagged\u00f3n (por Miguel Massanet Bosch)","datePublished":"2013-01-31T20:55:38+00:00","mainEntityOfPage":{"@id":"https:\/\/lavanguardiadecuenca.es\/?p=2697"},"wordCount":1439,"commentCount":0,"publisher":{"@id":"https:\/\/lavanguardiadecuenca.es\/#\/schema\/person\/efd3b99fe10ec3fad96a88f3ae7d092f"},"articleSection":["Actualidad","Administraci\u00f3n P\u00fablica","Comunicaci\u00f3n","Historia","M\u00fasica","Pensamiento pol\u00edtico","Pol\u00edtica","Sociedad"],"inLanguage":"es","potentialAction":[{"@type":"CommentAction","name":"Comment","target":["https:\/\/lavanguardiadecuenca.es\/?p=2697#respond"]}]},{"@type":"WebPage","@id":"https:\/\/lavanguardiadecuenca.es\/?p=2697","url":"https:\/\/lavanguardiadecuenca.es\/?p=2697","name":"Espa\u00f1a se desliza hacia su propio armagged\u00f3n (por Miguel Massanet Bosch) - La Vanguardia de Cuenca","isPartOf":{"@id":"https:\/\/lavanguardiadecuenca.es\/#website"},"datePublished":"2013-01-31T20:55:38+00:00","breadcrumb":{"@id":"https:\/\/lavanguardiadecuenca.es\/?p=2697#breadcrumb"},"inLanguage":"es","potentialAction":[{"@type":"ReadAction","target":["https:\/\/lavanguardiadecuenca.es\/?p=2697"]}]},{"@type":"BreadcrumbList","@id":"https:\/\/lavanguardiadecuenca.es\/?p=2697#breadcrumb","itemListElement":[{"@type":"ListItem","position":1,"name":"Portada","item":"https:\/\/lavanguardiadecuenca.es\/"},{"@type":"ListItem","position":2,"name":"Espa\u00f1a se desliza hacia su propio armagged\u00f3n (por Miguel Massanet Bosch)"}]},{"@type":"WebSite","@id":"https:\/\/lavanguardiadecuenca.es\/#website","url":"https:\/\/lavanguardiadecuenca.es\/","name":"La Vanguardia de Cuenca","description":"Intereses: comunicaci\u00f3n y actualidad en general, weblogs, sociedad, pol\u00edtica","publisher":{"@id":"https:\/\/lavanguardiadecuenca.es\/#\/schema\/person\/efd3b99fe10ec3fad96a88f3ae7d092f"},"potentialAction":[{"@type":"SearchAction","target":{"@type":"EntryPoint","urlTemplate":"https:\/\/lavanguardiadecuenca.es\/?s={search_term_string}"},"query-input":{"@type":"PropertyValueSpecification","valueRequired":true,"valueName":"search_term_string"}}],"inLanguage":"es"},{"@type":["Person","Organization"],"@id":"https:\/\/lavanguardiadecuenca.es\/#\/schema\/person\/efd3b99fe10ec3fad96a88f3ae7d092f","name":"Juan Andr\u00e9s Buedo","image":{"@type":"ImageObject","inLanguage":"es","@id":"https:\/\/lavanguardiadecuenca.es\/wp-content\/uploads\/2025\/09\/6a00d8341c734753ef0278801a3634200d-250si.jpg","url":"https:\/\/lavanguardiadecuenca.es\/wp-content\/uploads\/2025\/09\/6a00d8341c734753ef0278801a3634200d-250si.jpg","contentUrl":"https:\/\/lavanguardiadecuenca.es\/wp-content\/uploads\/2025\/09\/6a00d8341c734753ef0278801a3634200d-250si.jpg","width":250,"height":250,"caption":"Juan Andr\u00e9s Buedo"},"logo":{"@id":"https:\/\/lavanguardiadecuenca.es\/wp-content\/uploads\/2025\/09\/6a00d8341c734753ef0278801a3634200d-250si.jpg"},"sameAs":["https:\/\/lavanguardiadecuenca.es\/"]},{"@type":"Person","@id":"https:\/\/lavanguardiadecuenca.es\/#\/schema\/person\/533d101fbc2a9ecf6af26aeddcaf1abd","name":"admin6567","image":{"@type":"ImageObject","inLanguage":"es","@id":"https:\/\/secure.gravatar.com\/avatar\/79503df8b75d394ce1e22cb5293c3e8fee42d212f6de88e2d65bfaa128f73542?s=96&d=mm&r=g","url":"https:\/\/secure.gravatar.com\/avatar\/79503df8b75d394ce1e22cb5293c3e8fee42d212f6de88e2d65bfaa128f73542?s=96&d=mm&r=g","contentUrl":"https:\/\/secure.gravatar.com\/avatar\/79503df8b75d394ce1e22cb5293c3e8fee42d212f6de88e2d65bfaa128f73542?s=96&d=mm&r=g","caption":"admin6567"},"sameAs":["http:\/\/lavanguardiadecuenca.es"],"url":"https:\/\/lavanguardiadecuenca.es\/?author=1"}]}},"_links":{"self":[{"href":"https:\/\/lavanguardiadecuenca.es\/index.php?rest_route=\/wp\/v2\/posts\/2697","targetHints":{"allow":["GET"]}}],"collection":[{"href":"https:\/\/lavanguardiadecuenca.es\/index.php?rest_route=\/wp\/v2\/posts"}],"about":[{"href":"https:\/\/lavanguardiadecuenca.es\/index.php?rest_route=\/wp\/v2\/types\/post"}],"author":[{"embeddable":true,"href":"https:\/\/lavanguardiadecuenca.es\/index.php?rest_route=\/wp\/v2\/users\/1"}],"replies":[{"embeddable":true,"href":"https:\/\/lavanguardiadecuenca.es\/index.php?rest_route=%2Fwp%2Fv2%2Fcomments&post=2697"}],"version-history":[{"count":0,"href":"https:\/\/lavanguardiadecuenca.es\/index.php?rest_route=\/wp\/v2\/posts\/2697\/revisions"}],"wp:attachment":[{"href":"https:\/\/lavanguardiadecuenca.es\/index.php?rest_route=%2Fwp%2Fv2%2Fmedia&parent=2697"}],"wp:term":[{"taxonomy":"category","embeddable":true,"href":"https:\/\/lavanguardiadecuenca.es\/index.php?rest_route=%2Fwp%2Fv2%2Fcategories&post=2697"},{"taxonomy":"post_tag","embeddable":true,"href":"https:\/\/lavanguardiadecuenca.es\/index.php?rest_route=%2Fwp%2Fv2%2Ftags&post=2697"}],"curies":[{"name":"wp","href":"https:\/\/api.w.org\/{rel}","templated":true}]}}