{"id":2691,"date":"2013-02-02T14:19:15","date_gmt":"2013-02-02T14:19:15","guid":{"rendered":"https:\/\/lavanguardiadecuenca.es\/?p=2691"},"modified":"2013-02-02T14:19:15","modified_gmt":"2013-02-02T14:19:15","slug":"rajoy-niega-haber-recibido-dinero-negro-y-presentara-sus-declaraciones-de-la-renta","status":"publish","type":"post","link":"https:\/\/lavanguardiadecuenca.es\/?p=2691","title":{"rendered":"Rajoy niega haber recibido dinero negro y presentar\u00e1 sus declaraciones de la renta"},"content":{"rendered":"<p><img loading=\"lazy\" decoding=\"async\" alt=\"Rajoy, durante la reuni\u00f3n del Comit\u00e9 Ejecutivo Nacional del pasado d\u00eda 18. | Bernardo D\u00edaz\" border=\"0\" height=\"342\" src=\"http:\/\/estaticos01.cache.el-mundo.net\/elmundo\/imagenes\/2013\/02\/01\/espana\/1359704509_0.jpg\" title=\"Rajoy, durante la reuni\u00f3n del Comit\u00e9 Ejecutivo Nacional del pasado d\u00eda 18. | Bernardo D\u00edaz\" width=\"567\" \/><\/p>\n<p>Rajoy, durante la reuni\u00f3n del Comit\u00e9 Ejecutivo Nacional del pasado d\u00eda 18. | Bernardo D\u00edaz<\/p>\n<p>Carmen Rem\u00edrez de Ganuza | Agencias | Madrid (Publicado en <em>El Mundo<\/em>, <a href=\"http:\/\/www.elmundo.es\/elmundo\/2013\/02\/01\/espana\/1359704509.html?a=a93532cd761a87ff4552a937d277fe4b&amp;t=1359810820&amp;numero=\" target=\"_self\">aqu\u00ed<\/a>)<\/p>\n<p>El presidente del Gobierno y del <a href=\"http:\/\/www.elmundo.es\/elmundo\/tags\/09\/pp.html\">PP<\/a>, <a href=\"http:\/\/www.elmundo.es\/elmundo\/tags\/ad\/mariano-rajoy.html\">Mariano Rajoy<\/a>, ha negado todos los esc\u00e1ndalos que se atribuyen al partido y a \u00e9l mismo. &quot;Es falso&quot;, ha subrayado ante la c\u00fapula del PP. &quot;Nunca he recibido ni he repartido dinero negro en este partido ni en otra parte&quot;, ha sentenciado. &quot;No tengo nada que ocultar, no temo a la verdad&quot;.<\/p>\n<p>Adem\u00e1s, ha anunciado que &quot;la semana que viene mis declaraciones de la renta y de patrimonio estar\u00e1n a disposici\u00f3n de todos los ciudadanos en la p\u00e1gina web de La Moncloa&quot;. Ha sido tajante: &quot;El PP no tiene ni ha tenido cuentas en un pa\u00eds extranjero y nunca ha dado \u00f3rdenes de abrir cuentas en un pa\u00eds extranjero. No tenemos, por tanto, nada que ver y no tengo duda alguna de que esto se demostrar\u00e1 en la administraci\u00f3n de Justicia&quot;.<\/p>\n<p>&quot;Todo lo que se ha dicho y se pueda insinuar es falso, y lo digo con toda serenidad. No tengo nada que ocultar&quot;, ha se\u00f1alado el presidente y ha advertido: &quot;A quien pretenda desanimarme, que no se canse. Soy responsable de lo que hago, no de lo que se diga. Si alguien cree que me voy a encoger, se equivoca&quot;.<\/p>\n<p>En su intervenci\u00f3n, le\u00edda, ha indicado que est\u00e1 en la pol\u00edtica &quot;porque quiero cambiar las cosas para los espa\u00f1oles&quot;. En su opini\u00f3n, &quot;este Gobierno tiene un rumbo y no se va a torcer&quot;. &quot;Lo digo porque estamos en el buen camino, s\u00e9 que todav\u00eda no se ven los frutos, pero se ver\u00e1n, porque est\u00e1n sembrados, y con mucho orden. Si alguien piensa que vamos a malversar este caudal, que no se canse, porque no lo ver\u00e1&quot;, ha destacado.<\/p>\n<p>&quot;Nadie ha igualado el nivel de exigencia del PP. Si alguien piensa que a este partido se le puede amedrentar con t\u00e9cnicas de agitaci\u00f3n, se equivoca. Este partido se va a defender&quot;, ha advertido. &quot;Lamento el da\u00f1o que de hecho est\u00e1n causando a Espa\u00f1a, pero es el da\u00f1o que van a sacar, ni van a evitar que se sepa la verdad, ni abandonar mi compromiso. No vamos a quedarnos de brazos cruzados&quot;, ha indicado.<\/p>\n<p>Adem\u00e1s, ha lamentado &quot;el comportamiento del jefe de la oposici\u00f3n por sus insinuaciones sin calibrar su efecto sobre el cr\u00e9dito de este pa\u00eds&quot;.<\/p>\n<p>&quot;Creo en la Justicia, creo en la pol\u00edtica, en la gente de cualquier ideolog\u00eda que pone su esfuerzo e inteligencia al servicio del bien com\u00fan. La pol\u00edtica es una actividad noble y digna, propia de las sociedades civilizadas, que va m\u00e1s all\u00e1 de la ideolog\u00eda y de las querellas partidistas. Me siento orgulloso de lo que hago, de vosotros, y de pol\u00edticos de otros partidos que tambi\u00e9n trabajaron por su pa\u00eds&quot;, ha proclamado.<\/p>\n<p>&quot;No van a conseguir al Gobierno apartarse de su tarea&quot;, ha enfatizado. &quot;No nos vamos a distraer de la lucha para salir de la crisis y devolver a los espa\u00f1oles la confianza en el futuro&quot;.<\/p>\n<p>Antes de su intervenci\u00f3n abierta, ha expresado ante la c\u00fapula del PP que &quot;comprende&quot; a Ana Mato, que no va a dimitir como ministra de Sanidad.<\/p>\n<h3> Situaci\u00f3n &#39;grave y dif\u00edcil&#39; <\/h3>\n<p>Los dirigentes del PP han llegado a la reuni\u00f3n con la impresi\u00f3n de que hay que tomar medidas ante los \u00faltimos esc\u00e1ndalos que afectan al partido. La l\u00edder de los &#39;populares&#39; catalanes, <strong>Alicia S\u00e1nchez Camacho<\/strong>, ha declarado que &quot;la situaci\u00f3n que vive el partido es grave y dif\u00edcil hay que tomar medidas hoy mismo&quot;.<\/p>\n<p>En la misma l\u00ednea se ha expresado el presidente del Congreso, <strong>Jes\u00fas Posada<\/strong>. &quot;Hay que tomar medidas que es para lo que se ha convocado el Comit\u00e9 Ejecutivo&quot;. Preguntado sobre si esas medidas deben incluir dimisiones, ha respondido que &quot;lo que diga el presidente&quot;.<\/p>\n<p>El presidente gallego, <strong><a href=\"http:\/\/www.elmundo.es\/elmundo\/tags\/fd\/alberto-nunez-feijoo.html\">Alberto N\u00fa\u00f1ez Feij\u00f3o<\/a><\/strong>, tambi\u00e9n se ha atenido &quot;a lo que diga el presidente&quot;. El presidente de Castilla y Le\u00f3n, <strong>Juan Vicente Herrera<\/strong>, ha se\u00f1alado que es &quot;un momento complicado&quot;.<\/p>\n<p>Por su parte, el secretario general del PP vasco, <strong>I\u00f1aki Oyarz\u00e1bal<\/strong>, ha manifestado que Rajoy est\u00e1 &quot;actuando como debe&quot; y ha se\u00f1alado que espera &quot;que se tomen las medidas adecuadas y oportunas&quot;.<\/p>\n<p>En el ambiente flota la impresi\u00f3n de que podr\u00eda haber una querella contra <a href=\"http:\/\/www.elmundo.es\/elmundo\/2009\/02\/25\/espana\/1235582143.html\">Luis B\u00e1rcenas<\/a>. El presidente de Extremadura, <strong>Jos\u00e9 Antonio Monago<\/strong>, ha instado a tomar esta medida.<\/p>\n<p>La nota de color la puso el jefe de la Oficina Econ\u00f3mica de Rajoy, <strong>\u00c1lvaro Nadal<\/strong>, quien lleg\u00f3 a la sede del PP subido en una bicicleta el\u00e9ctrica que intent\u00f3 dejar encadenada en una se\u00f1al de tr\u00e1fico de prohibido aparcar. Nadal, a pesar del gran n\u00famero de periodistas y profesionales de los medios de comunicaci\u00f3n presentes frente a la sede nacional del PP, intent\u00f3 llegar hasta la misma puerta subido en su bicicleta. Fue la Polic\u00eda Nacional, que <strong>ha blindado la zona<\/strong>, la que le advirti\u00f3 de que no pod\u00eda dejar su bicicleta atada a una se\u00f1al de tr\u00e1fico y le conmin\u00f3 a dejarla en el interior de la sede de los &#39;populares&#39;.<\/p>\n<h3> Reuni\u00f3n extraordinaria <\/h3>\n<p>Rajoy convoc\u00f3 esta reuni\u00f3n extraordinaria ante la pol\u00e9mica abierta por la supuesta contabilidad oculta en la formaci\u00f3n tras la <a href=\"http:\/\/www.elmundo.es\/elmundo\/2013\/01\/18\/espana\/1358536985.html\/\">informaci\u00f3n publicada en EL MUNDO<\/a> sobre el pago de sobresueldos en negro a la c\u00fapula &#39;popular&#39; y la <a href=\"http:\/\/www.elmundo.es\/elmundo\/2013\/01\/31\/espana\/1359620851.html\">difusi\u00f3n por El Pa\u00eds<\/a> de los papeles del ex tesorero Luis B\u00e1rcenas en los que aparece detallado el dinero y el listado de personas que lo recibieron. Entre ellas consta tanto el propio Rajoy como la secretaria general del PP, Dolores de Cospedal.<\/p>\n<p>Adem\u00e1s, la cita se ha producido apenas unas horas despu\u00e9s de que se conociera que <a href=\"http:\/\/www.elmundo.es\/elmundo\/2013\/02\/01\/espana\/1359743557.html\">la trama de corrupci\u00f3n &#39;G\u00fcrtel&#39; regal\u00f3<\/a> a la familia de la ministra de Sanidad, <a href=\"http:\/\/www.elmundo.es\/elmundo\/tags\/b4\/ana-mato.html\">Ana Mato<\/a>, y su marido, <strong>Jes\u00fas Sep\u00falveda<\/strong>, ex alcalde de <strong>Pozuelo de Alarc\u00f3n<\/strong>, viajes tur\u00edsticos por valor de 50.000 euros y art\u00edculos de lujo de la firma Louis Vuitton valorados en 610 euros, al tiempo que sufrag\u00f3 &quot;eventos familiares particulares&quot; como fiestas de cumplea\u00f1os con payasos, que costaron m\u00e1s de 11.800 euros.<\/p>\n<p>Fuentes cercanas a Mato <a href=\"http:\/\/www.elmundo.es\/elmundo\/2013\/02\/01\/espana\/1359747113.html\">precisaron ayer que en ning\u00fan momento ha recibido regalo alguno<\/a> ni jam\u00e1s se le ha pagado ning\u00fan viaje e hicieron hincapi\u00e9 en que la ministra ya justific\u00f3 ante el juez todas las acusaciones que se vert\u00edan sobre ella y se archivaron en 2011 las causas referidas a su persona.<\/p>\n<p>Adem\u00e1s de Mato, otros ocho ministros pertenecen al Comit\u00e9 Ejecutivo Nacional: la vicepresidenta, <a href=\"http:\/\/www.elmundo.es\/elmundo\/tags\/8a\/soraya-saenz-de-santamaria.html\">Soraya S\u00e1enz de Santamar\u00eda<\/a>, y los titulares de Exteriores, <a href=\"http:\/\/www.elmundo.es\/elmundo\/tags\/ad\/jm-garcia-margallo.html\">Jos\u00e9 Manuel Garc\u00eda-Margallo<\/a>; Justicia, <a href=\"http:\/\/www.elmundo.es\/elmundo\/tags\/45\/alberto-ruiz-gallardon.html\">Alberto Ruiz-Gallard\u00f3n<\/a>; Interior, <a href=\"http:\/\/www.elmundo.es\/elmundo\/tags\/af\/jorge-fernandez-diaz.html\">Jorge Fern\u00e1ndez D\u00edaz<\/a>; Hacienda, <a href=\"http:\/\/www.elmundo.es\/elmundo\/tags\/b2\/cristobal-montoro.html\">Crist\u00f3bal Montoro<\/a>; Empleo, <a href=\"http:\/\/www.elmundo.es\/elmundo\/tags\/b1\/fatima-banez.html\">F\u00e1tima B\u00e1\u00f1ez<\/a>; Fomento, <a href=\"http:\/\/www.elmundo.es\/elmundo\/tags\/ac\/ana-pastor.html\">Ana Pastor<\/a>; y Agricultura, <a href=\"http:\/\/www.elmundo.es\/elmundo\/tags\/a9\/miguel-arias-canete.html\">Miguel Arias Ca\u00f1ete<\/a>.<\/p>\n<p>La primera en intervenir ante el Comit\u00e9 ha sido la secretaria general del PP, <strong>Mar\u00eda Dolores de Cospedal<\/strong>, a la que sigui\u00f3 Mariano Rajoy.<\/p>\n<p>A continuaci\u00f3n, los dirigentes del PP pedir\u00e1n la palabra e intervendr\u00e1n ante el Comit\u00e9, algo que suelen hacer los l\u00edderes regionales del partido.<\/p>\n<p>Cospedal fue la encargada de hacer ante la prensa la primera valoraci\u00f3n oficial tras salir a la luz los documentos. En su comparecencia del pasado jueves, <a href=\"http:\/\/www.elmundo.es\/elmundo\/2013\/01\/31\/espana\/1359620851.html\">desminti\u00f3 &quot;tajantemente&quot; esa contabilidad opaca<\/a> y ha dicho que esas informaciones solo pretenden &quot;perjudicar&quot; a su formaci\u00f3n y, &quot;en particular a Mariano Rajoy&quot;. Seg\u00fan dijo, la contabilidad del PP es &quot;\u00fanica, clara, limpia y transparente&quot; y <strong>anunci\u00f3 acciones legales ante el &quot;da\u00f1o&quot; que a su entender se est\u00e1 haciendo a su formaci\u00f3n<\/strong>.<\/p>\n<p>Hace justo cuatro a\u00f1os, poco despu\u00e9s de estallar la trama de corrupci\u00f3n G\u00fcrtel, <strong>Rajoy compareci\u00f3 rodeado de todos sus &#39;barones&#39; para recalcar que el partido &quot;nada&quot;<\/strong> ten\u00eda que ver con ese esc\u00e1ndalo y que todas las contrataciones del PP se hab\u00edan hecho en el marco de la legalidad. &quot;Esto no es una trama del PP, es una trama contra el PP&quot;, dijo el 11 de febrero de 2009.<\/p>\n<p>La \u00faltima reuni\u00f3n del Comit\u00e9 Ejecutivo se produjo el pasado 21 de enero, d\u00eda en que Rajoy anunci\u00f3 ante los suyos la <strong><a href=\"http:\/\/www.elmundo.es\/elmundo\/2013\/01\/21\/espana\/1358767382.html\">apertura de sendas auditor\u00edas<\/a> -interna y externa-<\/strong> en respuesta a las informaciones sobre una cuenta en Suiza del ex tesorero Luis B\u00e1rcenas en la que habr\u00eda llegado a tener hasta 22 millones y el supuesto pago de sobresueldos a parte de la c\u00fapula del PP.<\/p>\n<p>Rajoy quiere escenificar la unidad de todo su partido -que cuenta en este momento con un gran poder territorial en Espa\u00f1a-, antes de las dos citas internacionales que afrontar\u00e1 la pr\u00f3xima semana, <strong>primero en Berl\u00edn y luego en Bruselas<\/strong>. As\u00ed, el jefe del Ejecutivo tiene previsto acudir a la capital alemana el lunes 4 de febrero para reunirse con la canciller <strong>Angela Merkel<\/strong>, con la que comparecer\u00e1 despu\u00e9s en rueda de prensa. El jueves se desplazar\u00e1 a Bruselas para participar en la cumbre europea que debatir\u00e1 sobre las perspectivas financieras.<\/p>\n<p>Desde la calle, los ciudadanos tambi\u00e9n han alzado su voz contra el presunto fraude cometido por el partido en el Gobierno. El pasado jueves, y como ya ocurriera el pasado 18 de enero al calor del esc\u00e1ndalo desvelado por EL MUNDO, <a href=\"http:\/\/www.elmundo.es\/elmundo\/2013\/01\/31\/espana\/1359657340.html\">numerosas personas se congregaron frente a G\u00e9nova<\/a> para expresar su indignaci\u00f3n con las informaciones publicadas y con un mensaje claro: &quot;Venimos a por el sobre&quot;.<\/p>\n<p>\n<span class=\"asset  asset-generic at-xid-6a00d8341c734753ef017c368451ac970b\"><a href=\"http:\/\/jabuedo.typepad.com\/files\/discurso_rajoy.pdf\">Descargar Discurso_rajoy<\/a><\/span><\/p>\n","protected":false},"excerpt":{"rendered":"<p>Rajoy, durante la reuni\u00f3n del Comit\u00e9 Ejecutivo Nacional del pasado d\u00eda 18. | Bernardo D\u00edaz Carmen Rem\u00edrez de Ganuza | Agencias | Madrid (Publicado en El Mundo, aqu\u00ed) El presidente del Gobierno y del PP, Mariano Rajoy, ha negado todos los esc\u00e1ndalos que se atribuyen al partido y a \u00e9l mismo. &quot;Es falso&quot;, ha subrayado&#8230;<\/p>\n","protected":false},"author":1,"featured_media":0,"comment_status":"open","ping_status":"open","sticky":false,"template":"","format":"standard","meta":{"rop_custom_images_group":[],"rop_custom_messages_group":[],"rop_publish_now":"initial","rop_publish_now_accounts":[],"rop_publish_now_history":[],"rop_publish_now_status":"pending","footnotes":""},"categories":[2,13,10,14,16,8],"tags":[],"class_list":["post-2691","post","type-post","status-publish","format-standard","hentry","category-actualidad","category-administracion-publica","category-comunicacion","category-economia","category-politica","category-sociedad"],"yoast_head":"<!-- This site is optimized with the Yoast SEO plugin v27.5 - https:\/\/yoast.com\/product\/yoast-seo-wordpress\/ -->\n<title>Rajoy niega haber recibido dinero negro y presentar\u00e1 sus declaraciones de la renta - La Vanguardia de Cuenca<\/title>\n<meta name=\"robots\" content=\"index, follow, max-snippet:-1, max-image-preview:large, max-video-preview:-1\" \/>\n<link rel=\"canonical\" href=\"https:\/\/lavanguardiadecuenca.es\/?p=2691\" \/>\n<meta property=\"og:locale\" content=\"es_ES\" \/>\n<meta property=\"og:type\" content=\"article\" \/>\n<meta property=\"og:title\" content=\"Rajoy niega haber recibido dinero negro y presentar\u00e1 sus declaraciones de la renta - La Vanguardia de Cuenca\" \/>\n<meta property=\"og:description\" content=\"Rajoy, durante la reuni\u00f3n del Comit\u00e9 Ejecutivo Nacional del pasado d\u00eda 18. | Bernardo D\u00edaz Carmen Rem\u00edrez de Ganuza | Agencias | Madrid (Publicado en El Mundo, aqu\u00ed) El presidente del Gobierno y del PP, Mariano Rajoy, ha negado todos los esc\u00e1ndalos que se atribuyen al partido y a \u00e9l mismo. &quot;Es falso&quot;, ha subrayado...\" \/>\n<meta property=\"og:url\" content=\"https:\/\/lavanguardiadecuenca.es\/?p=2691\" \/>\n<meta property=\"og:site_name\" content=\"La Vanguardia de Cuenca\" \/>\n<meta property=\"article:published_time\" content=\"2013-02-02T14:19:15+00:00\" \/>\n<meta property=\"og:image\" content=\"http:\/\/estaticos01.cache.el-mundo.net\/elmundo\/imagenes\/2013\/02\/01\/espana\/1359704509_0.jpg\" \/>\n<meta name=\"author\" content=\"admin6567\" \/>\n<meta name=\"twitter:card\" content=\"summary_large_image\" \/>\n<meta name=\"twitter:label1\" content=\"Escrito por\" \/>\n\t<meta name=\"twitter:data1\" content=\"admin6567\" \/>\n\t<meta name=\"twitter:label2\" content=\"Tiempo de lectura\" \/>\n\t<meta name=\"twitter:data2\" content=\"9 minutos\" \/>\n<script type=\"application\/ld+json\" class=\"yoast-schema-graph\">{\"@context\":\"https:\\\/\\\/schema.org\",\"@graph\":[{\"@type\":\"Article\",\"@id\":\"https:\\\/\\\/lavanguardiadecuenca.es\\\/?p=2691#article\",\"isPartOf\":{\"@id\":\"https:\\\/\\\/lavanguardiadecuenca.es\\\/?p=2691\"},\"author\":{\"name\":\"admin6567\",\"@id\":\"https:\\\/\\\/lavanguardiadecuenca.es\\\/#\\\/schema\\\/person\\\/533d101fbc2a9ecf6af26aeddcaf1abd\"},\"headline\":\"Rajoy niega haber recibido dinero negro y presentar\u00e1 sus declaraciones de la renta\",\"datePublished\":\"2013-02-02T14:19:15+00:00\",\"mainEntityOfPage\":{\"@id\":\"https:\\\/\\\/lavanguardiadecuenca.es\\\/?p=2691\"},\"wordCount\":1730,\"commentCount\":0,\"publisher\":{\"@id\":\"https:\\\/\\\/lavanguardiadecuenca.es\\\/#\\\/schema\\\/person\\\/efd3b99fe10ec3fad96a88f3ae7d092f\"},\"image\":{\"@id\":\"https:\\\/\\\/lavanguardiadecuenca.es\\\/?p=2691#primaryimage\"},\"thumbnailUrl\":\"http:\\\/\\\/estaticos01.cache.el-mundo.net\\\/elmundo\\\/imagenes\\\/2013\\\/02\\\/01\\\/espana\\\/1359704509_0.jpg\",\"articleSection\":[\"Actualidad\",\"Administraci\u00f3n P\u00fablica\",\"Comunicaci\u00f3n\",\"Econom\u00eda\",\"Pol\u00edtica\",\"Sociedad\"],\"inLanguage\":\"es\",\"potentialAction\":[{\"@type\":\"CommentAction\",\"name\":\"Comment\",\"target\":[\"https:\\\/\\\/lavanguardiadecuenca.es\\\/?p=2691#respond\"]}]},{\"@type\":\"WebPage\",\"@id\":\"https:\\\/\\\/lavanguardiadecuenca.es\\\/?p=2691\",\"url\":\"https:\\\/\\\/lavanguardiadecuenca.es\\\/?p=2691\",\"name\":\"Rajoy niega haber recibido dinero negro y presentar\u00e1 sus declaraciones de la renta - La Vanguardia de Cuenca\",\"isPartOf\":{\"@id\":\"https:\\\/\\\/lavanguardiadecuenca.es\\\/#website\"},\"primaryImageOfPage\":{\"@id\":\"https:\\\/\\\/lavanguardiadecuenca.es\\\/?p=2691#primaryimage\"},\"image\":{\"@id\":\"https:\\\/\\\/lavanguardiadecuenca.es\\\/?p=2691#primaryimage\"},\"thumbnailUrl\":\"http:\\\/\\\/estaticos01.cache.el-mundo.net\\\/elmundo\\\/imagenes\\\/2013\\\/02\\\/01\\\/espana\\\/1359704509_0.jpg\",\"datePublished\":\"2013-02-02T14:19:15+00:00\",\"breadcrumb\":{\"@id\":\"https:\\\/\\\/lavanguardiadecuenca.es\\\/?p=2691#breadcrumb\"},\"inLanguage\":\"es\",\"potentialAction\":[{\"@type\":\"ReadAction\",\"target\":[\"https:\\\/\\\/lavanguardiadecuenca.es\\\/?p=2691\"]}]},{\"@type\":\"ImageObject\",\"inLanguage\":\"es\",\"@id\":\"https:\\\/\\\/lavanguardiadecuenca.es\\\/?p=2691#primaryimage\",\"url\":\"http:\\\/\\\/estaticos01.cache.el-mundo.net\\\/elmundo\\\/imagenes\\\/2013\\\/02\\\/01\\\/espana\\\/1359704509_0.jpg\",\"contentUrl\":\"http:\\\/\\\/estaticos01.cache.el-mundo.net\\\/elmundo\\\/imagenes\\\/2013\\\/02\\\/01\\\/espana\\\/1359704509_0.jpg\"},{\"@type\":\"BreadcrumbList\",\"@id\":\"https:\\\/\\\/lavanguardiadecuenca.es\\\/?p=2691#breadcrumb\",\"itemListElement\":[{\"@type\":\"ListItem\",\"position\":1,\"name\":\"Portada\",\"item\":\"https:\\\/\\\/lavanguardiadecuenca.es\\\/\"},{\"@type\":\"ListItem\",\"position\":2,\"name\":\"Rajoy niega haber recibido dinero negro y presentar\u00e1 sus declaraciones de la renta\"}]},{\"@type\":\"WebSite\",\"@id\":\"https:\\\/\\\/lavanguardiadecuenca.es\\\/#website\",\"url\":\"https:\\\/\\\/lavanguardiadecuenca.es\\\/\",\"name\":\"La Vanguardia de Cuenca\",\"description\":\"Intereses: comunicaci\u00f3n y actualidad en general, weblogs, sociedad, pol\u00edtica\",\"publisher\":{\"@id\":\"https:\\\/\\\/lavanguardiadecuenca.es\\\/#\\\/schema\\\/person\\\/efd3b99fe10ec3fad96a88f3ae7d092f\"},\"potentialAction\":[{\"@type\":\"SearchAction\",\"target\":{\"@type\":\"EntryPoint\",\"urlTemplate\":\"https:\\\/\\\/lavanguardiadecuenca.es\\\/?s={search_term_string}\"},\"query-input\":{\"@type\":\"PropertyValueSpecification\",\"valueRequired\":true,\"valueName\":\"search_term_string\"}}],\"inLanguage\":\"es\"},{\"@type\":[\"Person\",\"Organization\"],\"@id\":\"https:\\\/\\\/lavanguardiadecuenca.es\\\/#\\\/schema\\\/person\\\/efd3b99fe10ec3fad96a88f3ae7d092f\",\"name\":\"Juan Andr\u00e9s Buedo\",\"image\":{\"@type\":\"ImageObject\",\"inLanguage\":\"es\",\"@id\":\"https:\\\/\\\/lavanguardiadecuenca.es\\\/wp-content\\\/uploads\\\/2025\\\/09\\\/6a00d8341c734753ef0278801a3634200d-250si.jpg\",\"url\":\"https:\\\/\\\/lavanguardiadecuenca.es\\\/wp-content\\\/uploads\\\/2025\\\/09\\\/6a00d8341c734753ef0278801a3634200d-250si.jpg\",\"contentUrl\":\"https:\\\/\\\/lavanguardiadecuenca.es\\\/wp-content\\\/uploads\\\/2025\\\/09\\\/6a00d8341c734753ef0278801a3634200d-250si.jpg\",\"width\":250,\"height\":250,\"caption\":\"Juan Andr\u00e9s Buedo\"},\"logo\":{\"@id\":\"https:\\\/\\\/lavanguardiadecuenca.es\\\/wp-content\\\/uploads\\\/2025\\\/09\\\/6a00d8341c734753ef0278801a3634200d-250si.jpg\"},\"sameAs\":[\"https:\\\/\\\/lavanguardiadecuenca.es\\\/\"]},{\"@type\":\"Person\",\"@id\":\"https:\\\/\\\/lavanguardiadecuenca.es\\\/#\\\/schema\\\/person\\\/533d101fbc2a9ecf6af26aeddcaf1abd\",\"name\":\"admin6567\",\"image\":{\"@type\":\"ImageObject\",\"inLanguage\":\"es\",\"@id\":\"https:\\\/\\\/secure.gravatar.com\\\/avatar\\\/79503df8b75d394ce1e22cb5293c3e8fee42d212f6de88e2d65bfaa128f73542?s=96&d=mm&r=g\",\"url\":\"https:\\\/\\\/secure.gravatar.com\\\/avatar\\\/79503df8b75d394ce1e22cb5293c3e8fee42d212f6de88e2d65bfaa128f73542?s=96&d=mm&r=g\",\"contentUrl\":\"https:\\\/\\\/secure.gravatar.com\\\/avatar\\\/79503df8b75d394ce1e22cb5293c3e8fee42d212f6de88e2d65bfaa128f73542?s=96&d=mm&r=g\",\"caption\":\"admin6567\"},\"sameAs\":[\"http:\\\/\\\/lavanguardiadecuenca.es\"],\"url\":\"https:\\\/\\\/lavanguardiadecuenca.es\\\/?author=1\"}]}<\/script>\n<!-- \/ Yoast SEO plugin. -->","yoast_head_json":{"title":"Rajoy niega haber recibido dinero negro y presentar\u00e1 sus declaraciones de la renta - La Vanguardia de Cuenca","robots":{"index":"index","follow":"follow","max-snippet":"max-snippet:-1","max-image-preview":"max-image-preview:large","max-video-preview":"max-video-preview:-1"},"canonical":"https:\/\/lavanguardiadecuenca.es\/?p=2691","og_locale":"es_ES","og_type":"article","og_title":"Rajoy niega haber recibido dinero negro y presentar\u00e1 sus declaraciones de la renta - La Vanguardia de Cuenca","og_description":"Rajoy, durante la reuni\u00f3n del Comit\u00e9 Ejecutivo Nacional del pasado d\u00eda 18. | Bernardo D\u00edaz Carmen Rem\u00edrez de Ganuza | Agencias | Madrid (Publicado en El Mundo, aqu\u00ed) El presidente del Gobierno y del PP, Mariano Rajoy, ha negado todos los esc\u00e1ndalos que se atribuyen al partido y a \u00e9l mismo. &quot;Es falso&quot;, ha subrayado...","og_url":"https:\/\/lavanguardiadecuenca.es\/?p=2691","og_site_name":"La Vanguardia de Cuenca","article_published_time":"2013-02-02T14:19:15+00:00","og_image":[{"url":"http:\/\/estaticos01.cache.el-mundo.net\/elmundo\/imagenes\/2013\/02\/01\/espana\/1359704509_0.jpg","type":"","width":"","height":""}],"author":"admin6567","twitter_card":"summary_large_image","twitter_misc":{"Escrito por":"admin6567","Tiempo de lectura":"9 minutos"},"schema":{"@context":"https:\/\/schema.org","@graph":[{"@type":"Article","@id":"https:\/\/lavanguardiadecuenca.es\/?p=2691#article","isPartOf":{"@id":"https:\/\/lavanguardiadecuenca.es\/?p=2691"},"author":{"name":"admin6567","@id":"https:\/\/lavanguardiadecuenca.es\/#\/schema\/person\/533d101fbc2a9ecf6af26aeddcaf1abd"},"headline":"Rajoy niega haber recibido dinero negro y presentar\u00e1 sus declaraciones de la renta","datePublished":"2013-02-02T14:19:15+00:00","mainEntityOfPage":{"@id":"https:\/\/lavanguardiadecuenca.es\/?p=2691"},"wordCount":1730,"commentCount":0,"publisher":{"@id":"https:\/\/lavanguardiadecuenca.es\/#\/schema\/person\/efd3b99fe10ec3fad96a88f3ae7d092f"},"image":{"@id":"https:\/\/lavanguardiadecuenca.es\/?p=2691#primaryimage"},"thumbnailUrl":"http:\/\/estaticos01.cache.el-mundo.net\/elmundo\/imagenes\/2013\/02\/01\/espana\/1359704509_0.jpg","articleSection":["Actualidad","Administraci\u00f3n P\u00fablica","Comunicaci\u00f3n","Econom\u00eda","Pol\u00edtica","Sociedad"],"inLanguage":"es","potentialAction":[{"@type":"CommentAction","name":"Comment","target":["https:\/\/lavanguardiadecuenca.es\/?p=2691#respond"]}]},{"@type":"WebPage","@id":"https:\/\/lavanguardiadecuenca.es\/?p=2691","url":"https:\/\/lavanguardiadecuenca.es\/?p=2691","name":"Rajoy niega haber recibido dinero negro y presentar\u00e1 sus declaraciones de la renta - La Vanguardia de Cuenca","isPartOf":{"@id":"https:\/\/lavanguardiadecuenca.es\/#website"},"primaryImageOfPage":{"@id":"https:\/\/lavanguardiadecuenca.es\/?p=2691#primaryimage"},"image":{"@id":"https:\/\/lavanguardiadecuenca.es\/?p=2691#primaryimage"},"thumbnailUrl":"http:\/\/estaticos01.cache.el-mundo.net\/elmundo\/imagenes\/2013\/02\/01\/espana\/1359704509_0.jpg","datePublished":"2013-02-02T14:19:15+00:00","breadcrumb":{"@id":"https:\/\/lavanguardiadecuenca.es\/?p=2691#breadcrumb"},"inLanguage":"es","potentialAction":[{"@type":"ReadAction","target":["https:\/\/lavanguardiadecuenca.es\/?p=2691"]}]},{"@type":"ImageObject","inLanguage":"es","@id":"https:\/\/lavanguardiadecuenca.es\/?p=2691#primaryimage","url":"http:\/\/estaticos01.cache.el-mundo.net\/elmundo\/imagenes\/2013\/02\/01\/espana\/1359704509_0.jpg","contentUrl":"http:\/\/estaticos01.cache.el-mundo.net\/elmundo\/imagenes\/2013\/02\/01\/espana\/1359704509_0.jpg"},{"@type":"BreadcrumbList","@id":"https:\/\/lavanguardiadecuenca.es\/?p=2691#breadcrumb","itemListElement":[{"@type":"ListItem","position":1,"name":"Portada","item":"https:\/\/lavanguardiadecuenca.es\/"},{"@type":"ListItem","position":2,"name":"Rajoy niega haber recibido dinero negro y presentar\u00e1 sus declaraciones de la renta"}]},{"@type":"WebSite","@id":"https:\/\/lavanguardiadecuenca.es\/#website","url":"https:\/\/lavanguardiadecuenca.es\/","name":"La Vanguardia de Cuenca","description":"Intereses: comunicaci\u00f3n y actualidad en general, weblogs, sociedad, pol\u00edtica","publisher":{"@id":"https:\/\/lavanguardiadecuenca.es\/#\/schema\/person\/efd3b99fe10ec3fad96a88f3ae7d092f"},"potentialAction":[{"@type":"SearchAction","target":{"@type":"EntryPoint","urlTemplate":"https:\/\/lavanguardiadecuenca.es\/?s={search_term_string}"},"query-input":{"@type":"PropertyValueSpecification","valueRequired":true,"valueName":"search_term_string"}}],"inLanguage":"es"},{"@type":["Person","Organization"],"@id":"https:\/\/lavanguardiadecuenca.es\/#\/schema\/person\/efd3b99fe10ec3fad96a88f3ae7d092f","name":"Juan Andr\u00e9s Buedo","image":{"@type":"ImageObject","inLanguage":"es","@id":"https:\/\/lavanguardiadecuenca.es\/wp-content\/uploads\/2025\/09\/6a00d8341c734753ef0278801a3634200d-250si.jpg","url":"https:\/\/lavanguardiadecuenca.es\/wp-content\/uploads\/2025\/09\/6a00d8341c734753ef0278801a3634200d-250si.jpg","contentUrl":"https:\/\/lavanguardiadecuenca.es\/wp-content\/uploads\/2025\/09\/6a00d8341c734753ef0278801a3634200d-250si.jpg","width":250,"height":250,"caption":"Juan Andr\u00e9s Buedo"},"logo":{"@id":"https:\/\/lavanguardiadecuenca.es\/wp-content\/uploads\/2025\/09\/6a00d8341c734753ef0278801a3634200d-250si.jpg"},"sameAs":["https:\/\/lavanguardiadecuenca.es\/"]},{"@type":"Person","@id":"https:\/\/lavanguardiadecuenca.es\/#\/schema\/person\/533d101fbc2a9ecf6af26aeddcaf1abd","name":"admin6567","image":{"@type":"ImageObject","inLanguage":"es","@id":"https:\/\/secure.gravatar.com\/avatar\/79503df8b75d394ce1e22cb5293c3e8fee42d212f6de88e2d65bfaa128f73542?s=96&d=mm&r=g","url":"https:\/\/secure.gravatar.com\/avatar\/79503df8b75d394ce1e22cb5293c3e8fee42d212f6de88e2d65bfaa128f73542?s=96&d=mm&r=g","contentUrl":"https:\/\/secure.gravatar.com\/avatar\/79503df8b75d394ce1e22cb5293c3e8fee42d212f6de88e2d65bfaa128f73542?s=96&d=mm&r=g","caption":"admin6567"},"sameAs":["http:\/\/lavanguardiadecuenca.es"],"url":"https:\/\/lavanguardiadecuenca.es\/?author=1"}]}},"_links":{"self":[{"href":"https:\/\/lavanguardiadecuenca.es\/index.php?rest_route=\/wp\/v2\/posts\/2691","targetHints":{"allow":["GET"]}}],"collection":[{"href":"https:\/\/lavanguardiadecuenca.es\/index.php?rest_route=\/wp\/v2\/posts"}],"about":[{"href":"https:\/\/lavanguardiadecuenca.es\/index.php?rest_route=\/wp\/v2\/types\/post"}],"author":[{"embeddable":true,"href":"https:\/\/lavanguardiadecuenca.es\/index.php?rest_route=\/wp\/v2\/users\/1"}],"replies":[{"embeddable":true,"href":"https:\/\/lavanguardiadecuenca.es\/index.php?rest_route=%2Fwp%2Fv2%2Fcomments&post=2691"}],"version-history":[{"count":0,"href":"https:\/\/lavanguardiadecuenca.es\/index.php?rest_route=\/wp\/v2\/posts\/2691\/revisions"}],"wp:attachment":[{"href":"https:\/\/lavanguardiadecuenca.es\/index.php?rest_route=%2Fwp%2Fv2%2Fmedia&parent=2691"}],"wp:term":[{"taxonomy":"category","embeddable":true,"href":"https:\/\/lavanguardiadecuenca.es\/index.php?rest_route=%2Fwp%2Fv2%2Fcategories&post=2691"},{"taxonomy":"post_tag","embeddable":true,"href":"https:\/\/lavanguardiadecuenca.es\/index.php?rest_route=%2Fwp%2Fv2%2Ftags&post=2691"}],"curies":[{"name":"wp","href":"https:\/\/api.w.org\/{rel}","templated":true}]}}