{"id":2656,"date":"2013-02-13T19:35:26","date_gmt":"2013-02-13T19:35:26","guid":{"rendered":"https:\/\/lavanguardiadecuenca.es\/?p=2656"},"modified":"2013-02-13T19:35:26","modified_gmt":"2013-02-13T19:35:26","slug":"el-buen-ciudadano-por-david-gistau","status":"publish","type":"post","link":"https:\/\/lavanguardiadecuenca.es\/?p=2656","title":{"rendered":"El buen ciudadano (por David Gistau)"},"content":{"rendered":"<p>(Publicado en <em>El Mundo Caffe Reggio<\/em>, <a href=\"http:\/\/www.caffereggio.es\/2013\/02\/13\/el-buen-ciudadano-de-david-gistau-en-el-mundo\/\" target=\"_self\">aqu\u00ed<\/a>)<\/p>\n<p><strong>OPINI\u00d3N: \u00a1AL ABORDAJE!<\/strong><\/p>\n<p>Los historiadores saben que no es posible comprender el pasado aplic\u00e1ndole valores y convenciones actuales. Nada resiste el frotamiento con nuestros clich\u00e9s. En Espa\u00f1a, tal vez porque el auto-odio y la ignorancia impiden que haya una sensaci\u00f3n de continuidad hist\u00f3rica con algo, el pasado fue abolido y declarado motivo de verg\u00fcenza. Para compensar su desaparici\u00f3n en la identidad, han adquirido una importancia desmesurada, tremendamente narcisista, los valores destilados por los laboratorios de ingenier\u00eda social que ahorman al buen ciudadano (todo el lenguaje socialdem\u00f3crata sale de ah\u00ed). Eso hizo posible que una sola generaci\u00f3n posterior a la Transici\u00f3n pudiera, convencida de lo que dec\u00eda, clausurar por oscuros y fallidos los 500 a\u00f1os precedentes. S\u00f3lo fueron salvados los portentos culturales, a menudo apartados de su contexto hist\u00f3rico.<\/p>\n<p>Nuestro tiempo tiene una ideolog\u00eda predominante cuya arrogancia le permite corregir, no s\u00f3lo acontecimientos que no pueden comprenderse con las convenciones del presente. Sino tambi\u00e9n instituciones enraizadas en un pasado milenario, y por tanto desconcertantes para el portador de t\u00f3picos contempor\u00e1neos convencido de que todo cuanto existe ha de ajustarse a su manual ideol\u00f3gico. Esto, que explica muchas cosas, explica tambi\u00e9n la sandez con la que, a ra\u00edz de la renuncia del Papa, diversos comentaristas han reprochado a la Iglesia que no organice su vida interna con los mismos principios que una asamblea del 15-M, ni resuelva sus c\u00f3nclaves mediante hitos de la democracia como la votaci\u00f3n por SMS de Operaci\u00f3n Triunfo.<\/p>\n<p>Tambi\u00e9n sorprende que de c\u00f3mo ha de ser la Iglesia se preocupen tanto los que le han declarado odio a muerte y anhelado su desaparici\u00f3n. Como ocurri\u00f3 durante el verano de la &#0160;JMJ, la irrupci\u00f3n del Papa en todas las conversaciones ha inspirado de nuevo haza\u00f1as del anticlericalismo m\u00e1s escatol\u00f3gico. Lo normal, para ateos y agn\u00f3sticos iniciados en los prop\u00f3sitos plurales con los que se nos llena la boca, ser\u00eda desde\u00f1ar cuanto ocurre en una confesi\u00f3n ajena y seguir con sus vidas. Pero, en Espa\u00f1a, la impronta cat\u00f3lica es tan fuerte que la virulencia del anticlericalismo s\u00f3lo puede entenderse como un esfuerzo por liberarse de ella y despejar el espacio para otras manifestaciones de fe, las ideol\u00f3gicas. De ah\u00ed lo de hornear cristos y dem\u00e1s excesos iconoclastas.<\/p>\n","protected":false},"excerpt":{"rendered":"<p>(Publicado en El Mundo Caffe Reggio, aqu\u00ed) OPINI\u00d3N: \u00a1AL ABORDAJE! Los historiadores saben que no es posible comprender el pasado aplic\u00e1ndole valores y convenciones actuales. Nada resiste el frotamiento con nuestros clich\u00e9s. En Espa\u00f1a, tal vez porque el auto-odio y la ignorancia impiden que haya una sensaci\u00f3n de continuidad hist\u00f3rica con algo, el pasado fue&#8230;<\/p>\n","protected":false},"author":1,"featured_media":0,"comment_status":"open","ping_status":"open","sticky":false,"template":"","format":"standard","meta":{"rop_custom_images_group":[],"rop_custom_messages_group":[],"rop_publish_now":"initial","rop_publish_now_accounts":[],"rop_publish_now_history":[],"rop_publish_now_status":"pending","footnotes":""},"categories":[2,13,10,15,16,12,8],"tags":[],"class_list":["post-2656","post","type-post","status-publish","format-standard","hentry","category-actualidad","category-administracion-publica","category-comunicacion","category-pensamiento-politico","category-politica","category-religion","category-sociedad"],"yoast_head":"<!-- This site is optimized with the Yoast SEO plugin v27.5 - https:\/\/yoast.com\/product\/yoast-seo-wordpress\/ -->\n<title>El buen ciudadano (por David Gistau) - La Vanguardia de Cuenca<\/title>\n<meta name=\"robots\" content=\"index, follow, max-snippet:-1, max-image-preview:large, max-video-preview:-1\" \/>\n<link rel=\"canonical\" href=\"https:\/\/lavanguardiadecuenca.es\/?p=2656\" \/>\n<meta property=\"og:locale\" content=\"es_ES\" \/>\n<meta property=\"og:type\" content=\"article\" \/>\n<meta property=\"og:title\" content=\"El buen ciudadano (por David Gistau) - La Vanguardia de Cuenca\" \/>\n<meta property=\"og:description\" content=\"(Publicado en El Mundo Caffe Reggio, aqu\u00ed) OPINI\u00d3N: \u00a1AL ABORDAJE! Los historiadores saben que no es posible comprender el pasado aplic\u00e1ndole valores y convenciones actuales. Nada resiste el frotamiento con nuestros clich\u00e9s. En Espa\u00f1a, tal vez porque el auto-odio y la ignorancia impiden que haya una sensaci\u00f3n de continuidad hist\u00f3rica con algo, el pasado fue...\" \/>\n<meta property=\"og:url\" content=\"https:\/\/lavanguardiadecuenca.es\/?p=2656\" \/>\n<meta property=\"og:site_name\" content=\"La Vanguardia de Cuenca\" \/>\n<meta property=\"article:published_time\" content=\"2013-02-13T19:35:26+00:00\" \/>\n<meta name=\"author\" content=\"admin6567\" \/>\n<meta name=\"twitter:card\" content=\"summary_large_image\" \/>\n<meta name=\"twitter:label1\" content=\"Escrito por\" \/>\n\t<meta name=\"twitter:data1\" content=\"admin6567\" \/>\n\t<meta name=\"twitter:label2\" content=\"Tiempo de lectura\" \/>\n\t<meta name=\"twitter:data2\" content=\"2 minutos\" \/>\n<script type=\"application\/ld+json\" class=\"yoast-schema-graph\">{\"@context\":\"https:\\\/\\\/schema.org\",\"@graph\":[{\"@type\":\"Article\",\"@id\":\"https:\\\/\\\/lavanguardiadecuenca.es\\\/?p=2656#article\",\"isPartOf\":{\"@id\":\"https:\\\/\\\/lavanguardiadecuenca.es\\\/?p=2656\"},\"author\":{\"name\":\"admin6567\",\"@id\":\"https:\\\/\\\/lavanguardiadecuenca.es\\\/#\\\/schema\\\/person\\\/533d101fbc2a9ecf6af26aeddcaf1abd\"},\"headline\":\"El buen ciudadano (por David Gistau)\",\"datePublished\":\"2013-02-13T19:35:26+00:00\",\"mainEntityOfPage\":{\"@id\":\"https:\\\/\\\/lavanguardiadecuenca.es\\\/?p=2656\"},\"wordCount\":423,\"commentCount\":0,\"publisher\":{\"@id\":\"https:\\\/\\\/lavanguardiadecuenca.es\\\/#\\\/schema\\\/person\\\/efd3b99fe10ec3fad96a88f3ae7d092f\"},\"articleSection\":[\"Actualidad\",\"Administraci\u00f3n P\u00fablica\",\"Comunicaci\u00f3n\",\"Pensamiento pol\u00edtico\",\"Pol\u00edtica\",\"Religi\u00f3n\",\"Sociedad\"],\"inLanguage\":\"es\",\"potentialAction\":[{\"@type\":\"CommentAction\",\"name\":\"Comment\",\"target\":[\"https:\\\/\\\/lavanguardiadecuenca.es\\\/?p=2656#respond\"]}]},{\"@type\":\"WebPage\",\"@id\":\"https:\\\/\\\/lavanguardiadecuenca.es\\\/?p=2656\",\"url\":\"https:\\\/\\\/lavanguardiadecuenca.es\\\/?p=2656\",\"name\":\"El buen ciudadano (por David Gistau) - La Vanguardia de Cuenca\",\"isPartOf\":{\"@id\":\"https:\\\/\\\/lavanguardiadecuenca.es\\\/#website\"},\"datePublished\":\"2013-02-13T19:35:26+00:00\",\"breadcrumb\":{\"@id\":\"https:\\\/\\\/lavanguardiadecuenca.es\\\/?p=2656#breadcrumb\"},\"inLanguage\":\"es\",\"potentialAction\":[{\"@type\":\"ReadAction\",\"target\":[\"https:\\\/\\\/lavanguardiadecuenca.es\\\/?p=2656\"]}]},{\"@type\":\"BreadcrumbList\",\"@id\":\"https:\\\/\\\/lavanguardiadecuenca.es\\\/?p=2656#breadcrumb\",\"itemListElement\":[{\"@type\":\"ListItem\",\"position\":1,\"name\":\"Portada\",\"item\":\"https:\\\/\\\/lavanguardiadecuenca.es\\\/\"},{\"@type\":\"ListItem\",\"position\":2,\"name\":\"El buen ciudadano (por David Gistau)\"}]},{\"@type\":\"WebSite\",\"@id\":\"https:\\\/\\\/lavanguardiadecuenca.es\\\/#website\",\"url\":\"https:\\\/\\\/lavanguardiadecuenca.es\\\/\",\"name\":\"La Vanguardia de Cuenca\",\"description\":\"Intereses: comunicaci\u00f3n y actualidad en general, weblogs, sociedad, pol\u00edtica\",\"publisher\":{\"@id\":\"https:\\\/\\\/lavanguardiadecuenca.es\\\/#\\\/schema\\\/person\\\/efd3b99fe10ec3fad96a88f3ae7d092f\"},\"potentialAction\":[{\"@type\":\"SearchAction\",\"target\":{\"@type\":\"EntryPoint\",\"urlTemplate\":\"https:\\\/\\\/lavanguardiadecuenca.es\\\/?s={search_term_string}\"},\"query-input\":{\"@type\":\"PropertyValueSpecification\",\"valueRequired\":true,\"valueName\":\"search_term_string\"}}],\"inLanguage\":\"es\"},{\"@type\":[\"Person\",\"Organization\"],\"@id\":\"https:\\\/\\\/lavanguardiadecuenca.es\\\/#\\\/schema\\\/person\\\/efd3b99fe10ec3fad96a88f3ae7d092f\",\"name\":\"Juan Andr\u00e9s Buedo\",\"image\":{\"@type\":\"ImageObject\",\"inLanguage\":\"es\",\"@id\":\"https:\\\/\\\/lavanguardiadecuenca.es\\\/wp-content\\\/uploads\\\/2025\\\/09\\\/6a00d8341c734753ef0278801a3634200d-250si.jpg\",\"url\":\"https:\\\/\\\/lavanguardiadecuenca.es\\\/wp-content\\\/uploads\\\/2025\\\/09\\\/6a00d8341c734753ef0278801a3634200d-250si.jpg\",\"contentUrl\":\"https:\\\/\\\/lavanguardiadecuenca.es\\\/wp-content\\\/uploads\\\/2025\\\/09\\\/6a00d8341c734753ef0278801a3634200d-250si.jpg\",\"width\":250,\"height\":250,\"caption\":\"Juan Andr\u00e9s Buedo\"},\"logo\":{\"@id\":\"https:\\\/\\\/lavanguardiadecuenca.es\\\/wp-content\\\/uploads\\\/2025\\\/09\\\/6a00d8341c734753ef0278801a3634200d-250si.jpg\"},\"sameAs\":[\"https:\\\/\\\/lavanguardiadecuenca.es\\\/\"]},{\"@type\":\"Person\",\"@id\":\"https:\\\/\\\/lavanguardiadecuenca.es\\\/#\\\/schema\\\/person\\\/533d101fbc2a9ecf6af26aeddcaf1abd\",\"name\":\"admin6567\",\"image\":{\"@type\":\"ImageObject\",\"inLanguage\":\"es\",\"@id\":\"https:\\\/\\\/secure.gravatar.com\\\/avatar\\\/79503df8b75d394ce1e22cb5293c3e8fee42d212f6de88e2d65bfaa128f73542?s=96&d=mm&r=g\",\"url\":\"https:\\\/\\\/secure.gravatar.com\\\/avatar\\\/79503df8b75d394ce1e22cb5293c3e8fee42d212f6de88e2d65bfaa128f73542?s=96&d=mm&r=g\",\"contentUrl\":\"https:\\\/\\\/secure.gravatar.com\\\/avatar\\\/79503df8b75d394ce1e22cb5293c3e8fee42d212f6de88e2d65bfaa128f73542?s=96&d=mm&r=g\",\"caption\":\"admin6567\"},\"sameAs\":[\"http:\\\/\\\/lavanguardiadecuenca.es\"],\"url\":\"https:\\\/\\\/lavanguardiadecuenca.es\\\/?author=1\"}]}<\/script>\n<!-- \/ Yoast SEO plugin. -->","yoast_head_json":{"title":"El buen ciudadano (por David Gistau) - La Vanguardia de Cuenca","robots":{"index":"index","follow":"follow","max-snippet":"max-snippet:-1","max-image-preview":"max-image-preview:large","max-video-preview":"max-video-preview:-1"},"canonical":"https:\/\/lavanguardiadecuenca.es\/?p=2656","og_locale":"es_ES","og_type":"article","og_title":"El buen ciudadano (por David Gistau) - La Vanguardia de Cuenca","og_description":"(Publicado en El Mundo Caffe Reggio, aqu\u00ed) OPINI\u00d3N: \u00a1AL ABORDAJE! Los historiadores saben que no es posible comprender el pasado aplic\u00e1ndole valores y convenciones actuales. Nada resiste el frotamiento con nuestros clich\u00e9s. En Espa\u00f1a, tal vez porque el auto-odio y la ignorancia impiden que haya una sensaci\u00f3n de continuidad hist\u00f3rica con algo, el pasado fue...","og_url":"https:\/\/lavanguardiadecuenca.es\/?p=2656","og_site_name":"La Vanguardia de Cuenca","article_published_time":"2013-02-13T19:35:26+00:00","author":"admin6567","twitter_card":"summary_large_image","twitter_misc":{"Escrito por":"admin6567","Tiempo de lectura":"2 minutos"},"schema":{"@context":"https:\/\/schema.org","@graph":[{"@type":"Article","@id":"https:\/\/lavanguardiadecuenca.es\/?p=2656#article","isPartOf":{"@id":"https:\/\/lavanguardiadecuenca.es\/?p=2656"},"author":{"name":"admin6567","@id":"https:\/\/lavanguardiadecuenca.es\/#\/schema\/person\/533d101fbc2a9ecf6af26aeddcaf1abd"},"headline":"El buen ciudadano (por David Gistau)","datePublished":"2013-02-13T19:35:26+00:00","mainEntityOfPage":{"@id":"https:\/\/lavanguardiadecuenca.es\/?p=2656"},"wordCount":423,"commentCount":0,"publisher":{"@id":"https:\/\/lavanguardiadecuenca.es\/#\/schema\/person\/efd3b99fe10ec3fad96a88f3ae7d092f"},"articleSection":["Actualidad","Administraci\u00f3n P\u00fablica","Comunicaci\u00f3n","Pensamiento pol\u00edtico","Pol\u00edtica","Religi\u00f3n","Sociedad"],"inLanguage":"es","potentialAction":[{"@type":"CommentAction","name":"Comment","target":["https:\/\/lavanguardiadecuenca.es\/?p=2656#respond"]}]},{"@type":"WebPage","@id":"https:\/\/lavanguardiadecuenca.es\/?p=2656","url":"https:\/\/lavanguardiadecuenca.es\/?p=2656","name":"El buen ciudadano (por David Gistau) - La Vanguardia de Cuenca","isPartOf":{"@id":"https:\/\/lavanguardiadecuenca.es\/#website"},"datePublished":"2013-02-13T19:35:26+00:00","breadcrumb":{"@id":"https:\/\/lavanguardiadecuenca.es\/?p=2656#breadcrumb"},"inLanguage":"es","potentialAction":[{"@type":"ReadAction","target":["https:\/\/lavanguardiadecuenca.es\/?p=2656"]}]},{"@type":"BreadcrumbList","@id":"https:\/\/lavanguardiadecuenca.es\/?p=2656#breadcrumb","itemListElement":[{"@type":"ListItem","position":1,"name":"Portada","item":"https:\/\/lavanguardiadecuenca.es\/"},{"@type":"ListItem","position":2,"name":"El buen ciudadano (por David Gistau)"}]},{"@type":"WebSite","@id":"https:\/\/lavanguardiadecuenca.es\/#website","url":"https:\/\/lavanguardiadecuenca.es\/","name":"La Vanguardia de Cuenca","description":"Intereses: comunicaci\u00f3n y actualidad en general, weblogs, sociedad, pol\u00edtica","publisher":{"@id":"https:\/\/lavanguardiadecuenca.es\/#\/schema\/person\/efd3b99fe10ec3fad96a88f3ae7d092f"},"potentialAction":[{"@type":"SearchAction","target":{"@type":"EntryPoint","urlTemplate":"https:\/\/lavanguardiadecuenca.es\/?s={search_term_string}"},"query-input":{"@type":"PropertyValueSpecification","valueRequired":true,"valueName":"search_term_string"}}],"inLanguage":"es"},{"@type":["Person","Organization"],"@id":"https:\/\/lavanguardiadecuenca.es\/#\/schema\/person\/efd3b99fe10ec3fad96a88f3ae7d092f","name":"Juan Andr\u00e9s Buedo","image":{"@type":"ImageObject","inLanguage":"es","@id":"https:\/\/lavanguardiadecuenca.es\/wp-content\/uploads\/2025\/09\/6a00d8341c734753ef0278801a3634200d-250si.jpg","url":"https:\/\/lavanguardiadecuenca.es\/wp-content\/uploads\/2025\/09\/6a00d8341c734753ef0278801a3634200d-250si.jpg","contentUrl":"https:\/\/lavanguardiadecuenca.es\/wp-content\/uploads\/2025\/09\/6a00d8341c734753ef0278801a3634200d-250si.jpg","width":250,"height":250,"caption":"Juan Andr\u00e9s Buedo"},"logo":{"@id":"https:\/\/lavanguardiadecuenca.es\/wp-content\/uploads\/2025\/09\/6a00d8341c734753ef0278801a3634200d-250si.jpg"},"sameAs":["https:\/\/lavanguardiadecuenca.es\/"]},{"@type":"Person","@id":"https:\/\/lavanguardiadecuenca.es\/#\/schema\/person\/533d101fbc2a9ecf6af26aeddcaf1abd","name":"admin6567","image":{"@type":"ImageObject","inLanguage":"es","@id":"https:\/\/secure.gravatar.com\/avatar\/79503df8b75d394ce1e22cb5293c3e8fee42d212f6de88e2d65bfaa128f73542?s=96&d=mm&r=g","url":"https:\/\/secure.gravatar.com\/avatar\/79503df8b75d394ce1e22cb5293c3e8fee42d212f6de88e2d65bfaa128f73542?s=96&d=mm&r=g","contentUrl":"https:\/\/secure.gravatar.com\/avatar\/79503df8b75d394ce1e22cb5293c3e8fee42d212f6de88e2d65bfaa128f73542?s=96&d=mm&r=g","caption":"admin6567"},"sameAs":["http:\/\/lavanguardiadecuenca.es"],"url":"https:\/\/lavanguardiadecuenca.es\/?author=1"}]}},"_links":{"self":[{"href":"https:\/\/lavanguardiadecuenca.es\/index.php?rest_route=\/wp\/v2\/posts\/2656","targetHints":{"allow":["GET"]}}],"collection":[{"href":"https:\/\/lavanguardiadecuenca.es\/index.php?rest_route=\/wp\/v2\/posts"}],"about":[{"href":"https:\/\/lavanguardiadecuenca.es\/index.php?rest_route=\/wp\/v2\/types\/post"}],"author":[{"embeddable":true,"href":"https:\/\/lavanguardiadecuenca.es\/index.php?rest_route=\/wp\/v2\/users\/1"}],"replies":[{"embeddable":true,"href":"https:\/\/lavanguardiadecuenca.es\/index.php?rest_route=%2Fwp%2Fv2%2Fcomments&post=2656"}],"version-history":[{"count":0,"href":"https:\/\/lavanguardiadecuenca.es\/index.php?rest_route=\/wp\/v2\/posts\/2656\/revisions"}],"wp:attachment":[{"href":"https:\/\/lavanguardiadecuenca.es\/index.php?rest_route=%2Fwp%2Fv2%2Fmedia&parent=2656"}],"wp:term":[{"taxonomy":"category","embeddable":true,"href":"https:\/\/lavanguardiadecuenca.es\/index.php?rest_route=%2Fwp%2Fv2%2Fcategories&post=2656"},{"taxonomy":"post_tag","embeddable":true,"href":"https:\/\/lavanguardiadecuenca.es\/index.php?rest_route=%2Fwp%2Fv2%2Ftags&post=2656"}],"curies":[{"name":"wp","href":"https:\/\/api.w.org\/{rel}","templated":true}]}}