{"id":2605,"date":"2013-03-04T23:46:10","date_gmt":"2013-03-04T23:46:10","guid":{"rendered":"https:\/\/lavanguardiadecuenca.es\/?p=2605"},"modified":"2013-03-04T23:46:10","modified_gmt":"2013-03-04T23:46:10","slug":"hacen-falta-cambios-en-el-gobierno-de-rajoy-por-miguel-massanet-bosch","status":"publish","type":"post","link":"https:\/\/lavanguardiadecuenca.es\/?p=2605","title":{"rendered":"\u00bfHacen falta cambios en el gobierno de Rajoy? (por Miguel Massanet Bosch)"},"content":{"rendered":"<p style=\"text-align: justify;\">&#0160;<\/p>\n<p style=\"text-align: justify;\"><span style=\"font-family: Arial; font-size: 10pt;\"><em>&quot;La pol\u00edtica no es ninguna ciencia, como muchos profesores se imaginan, sino un arte&quot;<\/em> (Otto  Von Bismarck)<br \/>\n<\/span><\/p>\n<p style=\"text-align: justify;\">&#0160;<\/p>\n<p style=\"text-align: justify;\"><span style=\"font-family: Arial; font-size: 10pt;\">&quot;<em>Tanto va el c\u00e1ntaro a la fuente que al final se rompe<\/em>&quot;. Puede que seamos muchos los votantes del PP que le hemos dado un amplio margen de confianza para que pudiera actuar, a\u00fan en contra de lo que nos prometieron cuando les fuimos a votar. Podemos entender que, en el momento en que se hicieron cargo del gobierno de la naci\u00f3n, se encontraran con imponderables, con desagradables sorpresas o con circunstancias con las que no pensaban tener que lidiar. Y es cierto, tambi\u00e9n que en estos 14 meses que llevan dirigiendo los destinos del pa\u00eds se han &quot;mojado&quot;, han llevado a cabo muchos cambios, promulgado leyes, recortado gastos superfluos y bregando, con relativo \u00e9xito, con una Europa que no se fiaba de nosotros, con unas bolsas que han cargado las tintas sobre nuestra deuda y con una explosi\u00f3n de nacionalismo radical de dif\u00edcil soluci\u00f3n que, sin duda, no ha contribuido a ponerle las cosas f\u00e1ciles al se\u00f1or Rajoy. Incluso, yo dir\u00eda m\u00e1s, a\u00fan somos legi\u00f3n los que estar\u00edan dispuestos a continuar sacrific\u00e1ndonos, a estrecharnos m\u00e1s el cintur\u00f3n y a posponer al 2014 o el 1015 el inicio de esta esperada recuperaci\u00f3n que parece que se nos niega. Pero falta algo.<br \/>\n<\/span><\/p>\n<p style=\"text-align: justify;\"><span style=\"font-family: Arial; font-size: 10pt;\">Sin embargo, tengo la impresi\u00f3n de que el gobierno del PP ha llegado a un punto en el que se nota que, ni entre los mismos miembros de la direcci\u00f3n del partido, ni entre los ministros o las principales figuras de los populares, parece que haya una sinton\u00eda respecto a c\u00f3mo afrontar los problemas; de modo que, al menos a nivel de ciudadanos de la calle, da la sensaci\u00f3n de que est\u00e1n a punto de superarlos. Es notorio que los casos de corrupci\u00f3n que se han destapado recientemente dentro del PP, entre los cuales est\u00e1 el del se\u00f1or B\u00e1rcenas, el ex tesorero, que se a\u00f1ade al, no menos escandaloso, caso Gurtel; aunque sea cierto que todav\u00eda no haya sentencias; est\u00e1n haciendo mucho da\u00f1o a la credibilidad de aquellos que se nos presentaron como los adalides de la lucha contra los errores de las dos legislaturas del PSOE. Si a ello a\u00f1adimos algunos excesos del se\u00f1or ministro de Hacienda, que parece haberse convertido en uno de aquellos recaudadores de la edad media que, extremando su celo recaudatorio, arramblaban con todo lo que se les pon\u00eda por delante, sin mirar ni tener en cuenta a quienes perjudicaban con sus abusos y violencias; con el \u00fanico objeto de satisfacer las ansias recaudatorias del monarca, que nunca sol\u00edan corresponderse con las necesidades y urgencias de sus ciudadanos.<br \/>\n<\/span><\/p>\n<p style=\"text-align: justify;\"><span style=\"font-family: Arial; font-size: 10pt;\">Es cierto que, sin las reformas llevadas a cabo por el PP, en cumplimiento de lo que nos exig\u00eda Europa, no ten\u00edan alternativa posible si es que quer\u00edamos conseguir ayuda de la UE para evitar la ca\u00edda del pa\u00eds en quiebra soberana. Es muy posible que, a estas alturas, ya hubi\u00e9ramos tenido que aceptar el rescate que nos estaba imponiendo desde Bruselas. Podemos comprender la necesidad de recortes en los gastos p\u00fablicos, aunque no se puede negar que poco se ha hecho para reducir el inmenso aparato de las Administraciones p\u00fablicas, tanto del Estado como de las autonom\u00edas, en las que se siguen despilfarrando los millones seg\u00fan los caprichos y las conveniencias electorales de sus dirigentes.<br \/>\n<\/span><\/p>\n<p style=\"text-align: justify;\"><span style=\"font-family: Arial; font-size: 10pt;\">En todo caso, lo que es evidente es que los sacrificios que se les pueden exigir a los ciudadanos tienen un l\u00edmite, necesitan unas explicaciones claras y precisan de alternativas viables y esperanzadoras, encaminadas a reactivar la producci\u00f3n, animar la demanda, favorecer la creaci\u00f3n de puestos de trabajo, dar facilidades a empresarios para invertir en sus negocios, lo que requiere que los bancos, estos entes que se han llevado, hasta ahora , la parte sustancial de las ayudas recibidas, no s\u00f3lo a cargo del Estado sino de la propia UE, sin que hayamos visto que, por su parte, hubiese ning\u00fan gesto de abrir  la espita de los cr\u00e9ditos o reducir sus intereses, sin lo cual es evidente que no habr\u00e1 reactivaci\u00f3n alguna. La carrera que ha llevado a cabo el gobierno del PP en estos pasados 14 meses ha sido meritoria, dir\u00eda que necesaria  y quiz\u00e1 sin otra alternativa pero, se\u00f1ores, no es algo que se pueda prorrogar indefinidamente en el tiempo. El enrarecimiento que unas pol\u00edticas draconianas ha venido produciendo en el clima social es evidente; la intranquilidad de los desaf\u00edos nacionalistas ha calado en la mayor\u00eda de los espa\u00f1oles y no faltan los que reclaman una reacci\u00f3n, del Ejecutivo, m\u00e1s tajante ante la petulancia, desverg\u00fcenza, temeridad y desprecio por la legislaci\u00f3n vigente, que los gobernantes de algunas autonom\u00edas, especialmente la catalana, muestran ante los t\u00edmidos avisos del gobierno Central, que parece indeciso ante las medidas a tomar para acabar con esta lacra. Los ciudadanos empiezan a perder la calma.<br \/>\n<\/span><\/p>\n<p style=\"text-align: justify;\"><span style=\"font-family: Arial; font-size: 10pt;\">Lo cierto es que parece que ha llegado el momento en el que el se\u00f1or Rajoy tendr\u00eda que descargar lastre. Es obvio que algunos ministros del actual gobierno est\u00e1n tocados y, para el bien del mismo gobierno y del partido que lo sustenta, es posible que fuera deseable una nueva remodelaci\u00f3n del Ejecutivo, que trajera caras nuevas, personas sin antecedentes personales o pol\u00edticos que pudieran disminuir la credibilidad de los votantes del PP, que sirvieran de reactivo y de excusa para empezar una nueva pol\u00edtica, en la que se intentara compaginar una austeridad necesaria con la promulgaci\u00f3n urgente de determinadas normas que dieran, aunque fuera s\u00f3lo en parte, satisfacci\u00f3n a las demandas, en ocasiones muy sensatas, de la ciudadan\u00eda. La se\u00f1ora Mato puede ser inocente, puede ser muy eficaz y nadie duda de que no tiene porque cargar con las culpas de lo que pudiera haber hecho su marido, pero, por mucho que Rajoy pretenda ignorarlo, en estos momentos es una r\u00e9mora para el partido y una fuente de conflictos con la oposici\u00f3n, que se aprovecha de ello para cebarse en ella.<br \/>\n<\/span><\/p>\n<p style=\"text-align: justify;\"><span style=\"font-family: Arial; font-size: 10pt;\">Otro de los ministros a los que se les debiera de dar descanso es al se\u00f1or Montoro, ministro de Hacienda que, sin duda, ha llevado a cabo una magn\u00edfica pol\u00edtica de reducci\u00f3n del d\u00e9ficit, no s\u00f3lo del del Estado, sino tambi\u00e9n de las CC.AA que, excepto 5, parece que han sido capaces de ajustar sus respectivos d\u00e9ficit al m\u00e1ximo del 1&#39;5% que se las hab\u00eda asignado. Pero esto ha supuesto un gran desgaste y uno dir\u00eda que la tensi\u00f3n, al menos durante las \u00faltimas intervenciones que ha tenido, le ha hecho cometer algunas imprudencias que los de la bancada socialista han sabido explotar en su contra. La buena labor del ministro pod\u00eda ser continuada por alguna de las figuras, debidamente capacitadas, que militan en las filas del PP. \u00a1L\u00e1stima que Rajoy desperdiciase la ocasi\u00f3n, con excesiva prontitud, de darle mayor protagonismo al se\u00f1or Pizarro, asign\u00e1ndoles una plaza de ministro en su ejecutivo!<br \/>\n<\/span><\/p>\n<p style=\"text-align: justify;\"><span style=\"font-family: Arial; font-size: 10pt;\">El tercero que, a mi modesto criterio, no ha estado a la altura de lo que se ped\u00eda de \u00e9l, ha sido el ministro del Interior, se\u00f1or Fern\u00e1ndez D\u00edaz, en asuntos de su competencia que le han puesto a prueba sin que sus reacciones, en ocasiones tard\u00edas y poco convincentes, hayan sido bien recibidas. El caso del se\u00f1or Gallard\u00f3n queda sobre el tapete ya que ha conseguido ponerse enfrente a todo el poder judicial con sus nuevas tasas judiciales y ha levantado alarma social, aunque en este caso, compartida con el resto del Gobierno, por los innumerables indultos concedidos, algunos bastante llamativos por no decir incomprensibles, que han puesto en tela de juicio los motivos que se han alegado para concederlos. Es posible que un retoque de cuatro ministros sea demasiado para Rajoy, puesto que se le podr\u00eda achacar como un fracaso de su primer gobierno; sin embargo, es muy posible que con una nueva savia, la segunda parte de la legislatura, \u00e9sta en la que se espera que afloren las mejoras que tanto llevamos esperando, fuera m\u00e1s tranquila, menos tensa y, por supuesto, sin la r\u00e9mora de la corrupci\u00f3n a cuestas. O eso es lo que, como ciudadano de a pie, pienso yo.<br \/>\n<\/span><\/p>\n<p style=\"margin-left: 36pt;\"><span style=\"color: #1f497d; font-family: Arial; font-size: 10pt;\"><strong>Miguel Massanet Bosch<\/strong><\/span><\/p>\n","protected":false},"excerpt":{"rendered":"<p>&#0160; &quot;La pol\u00edtica no es ninguna ciencia, como muchos profesores se imaginan, sino un arte&quot; (Otto Von Bismarck) &#0160; &quot;Tanto va el c\u00e1ntaro a la fuente que al final se rompe&quot;. Puede que seamos muchos los votantes del PP que le hemos dado un amplio margen de confianza para que pudiera actuar, a\u00fan en contra&#8230;<\/p>\n","protected":false},"author":1,"featured_media":0,"comment_status":"open","ping_status":"open","sticky":false,"template":"","format":"standard","meta":{"rop_custom_images_group":[],"rop_custom_messages_group":[],"rop_publish_now":"initial","rop_publish_now_accounts":[],"rop_publish_now_history":[],"rop_publish_now_status":"pending","footnotes":""},"categories":[2,13,10,14,15,16],"tags":[],"class_list":["post-2605","post","type-post","status-publish","format-standard","hentry","category-actualidad","category-administracion-publica","category-comunicacion","category-economia","category-pensamiento-politico","category-politica"],"yoast_head":"<!-- This site is optimized with the Yoast SEO plugin v27.5 - https:\/\/yoast.com\/product\/yoast-seo-wordpress\/ -->\n<title>\u00bfHacen falta cambios en el gobierno de Rajoy? (por Miguel Massanet Bosch) - La Vanguardia de Cuenca<\/title>\n<meta name=\"robots\" content=\"index, follow, max-snippet:-1, max-image-preview:large, max-video-preview:-1\" \/>\n<link rel=\"canonical\" href=\"https:\/\/lavanguardiadecuenca.es\/?p=2605\" \/>\n<meta property=\"og:locale\" content=\"es_ES\" \/>\n<meta property=\"og:type\" content=\"article\" \/>\n<meta property=\"og:title\" content=\"\u00bfHacen falta cambios en el gobierno de Rajoy? (por Miguel Massanet Bosch) - La Vanguardia de Cuenca\" \/>\n<meta property=\"og:description\" content=\"&#160; &quot;La pol\u00edtica no es ninguna ciencia, como muchos profesores se imaginan, sino un arte&quot; (Otto Von Bismarck) &#160; &quot;Tanto va el c\u00e1ntaro a la fuente que al final se rompe&quot;. Puede que seamos muchos los votantes del PP que le hemos dado un amplio margen de confianza para que pudiera actuar, a\u00fan en contra...\" \/>\n<meta property=\"og:url\" content=\"https:\/\/lavanguardiadecuenca.es\/?p=2605\" \/>\n<meta property=\"og:site_name\" content=\"La Vanguardia de Cuenca\" \/>\n<meta property=\"article:published_time\" content=\"2013-03-04T23:46:10+00:00\" \/>\n<meta name=\"author\" content=\"admin6567\" \/>\n<meta name=\"twitter:card\" content=\"summary_large_image\" \/>\n<meta name=\"twitter:label1\" content=\"Escrito por\" \/>\n\t<meta name=\"twitter:data1\" content=\"admin6567\" \/>\n\t<meta name=\"twitter:label2\" content=\"Tiempo de lectura\" \/>\n\t<meta name=\"twitter:data2\" content=\"7 minutos\" \/>\n<script type=\"application\/ld+json\" class=\"yoast-schema-graph\">{\"@context\":\"https:\\\/\\\/schema.org\",\"@graph\":[{\"@type\":\"Article\",\"@id\":\"https:\\\/\\\/lavanguardiadecuenca.es\\\/?p=2605#article\",\"isPartOf\":{\"@id\":\"https:\\\/\\\/lavanguardiadecuenca.es\\\/?p=2605\"},\"author\":{\"name\":\"admin6567\",\"@id\":\"https:\\\/\\\/lavanguardiadecuenca.es\\\/#\\\/schema\\\/person\\\/533d101fbc2a9ecf6af26aeddcaf1abd\"},\"headline\":\"\u00bfHacen falta cambios en el gobierno de Rajoy? (por Miguel Massanet Bosch)\",\"datePublished\":\"2013-03-04T23:46:10+00:00\",\"mainEntityOfPage\":{\"@id\":\"https:\\\/\\\/lavanguardiadecuenca.es\\\/?p=2605\"},\"wordCount\":1468,\"commentCount\":0,\"publisher\":{\"@id\":\"https:\\\/\\\/lavanguardiadecuenca.es\\\/#\\\/schema\\\/person\\\/efd3b99fe10ec3fad96a88f3ae7d092f\"},\"articleSection\":[\"Actualidad\",\"Administraci\u00f3n P\u00fablica\",\"Comunicaci\u00f3n\",\"Econom\u00eda\",\"Pensamiento pol\u00edtico\",\"Pol\u00edtica\"],\"inLanguage\":\"es\",\"potentialAction\":[{\"@type\":\"CommentAction\",\"name\":\"Comment\",\"target\":[\"https:\\\/\\\/lavanguardiadecuenca.es\\\/?p=2605#respond\"]}]},{\"@type\":\"WebPage\",\"@id\":\"https:\\\/\\\/lavanguardiadecuenca.es\\\/?p=2605\",\"url\":\"https:\\\/\\\/lavanguardiadecuenca.es\\\/?p=2605\",\"name\":\"\u00bfHacen falta cambios en el gobierno de Rajoy? (por Miguel Massanet Bosch) - La Vanguardia de Cuenca\",\"isPartOf\":{\"@id\":\"https:\\\/\\\/lavanguardiadecuenca.es\\\/#website\"},\"datePublished\":\"2013-03-04T23:46:10+00:00\",\"breadcrumb\":{\"@id\":\"https:\\\/\\\/lavanguardiadecuenca.es\\\/?p=2605#breadcrumb\"},\"inLanguage\":\"es\",\"potentialAction\":[{\"@type\":\"ReadAction\",\"target\":[\"https:\\\/\\\/lavanguardiadecuenca.es\\\/?p=2605\"]}]},{\"@type\":\"BreadcrumbList\",\"@id\":\"https:\\\/\\\/lavanguardiadecuenca.es\\\/?p=2605#breadcrumb\",\"itemListElement\":[{\"@type\":\"ListItem\",\"position\":1,\"name\":\"Portada\",\"item\":\"https:\\\/\\\/lavanguardiadecuenca.es\\\/\"},{\"@type\":\"ListItem\",\"position\":2,\"name\":\"\u00bfHacen falta cambios en el gobierno de Rajoy? (por Miguel Massanet Bosch)\"}]},{\"@type\":\"WebSite\",\"@id\":\"https:\\\/\\\/lavanguardiadecuenca.es\\\/#website\",\"url\":\"https:\\\/\\\/lavanguardiadecuenca.es\\\/\",\"name\":\"La Vanguardia de Cuenca\",\"description\":\"Intereses: comunicaci\u00f3n y actualidad en general, weblogs, sociedad, pol\u00edtica\",\"publisher\":{\"@id\":\"https:\\\/\\\/lavanguardiadecuenca.es\\\/#\\\/schema\\\/person\\\/efd3b99fe10ec3fad96a88f3ae7d092f\"},\"potentialAction\":[{\"@type\":\"SearchAction\",\"target\":{\"@type\":\"EntryPoint\",\"urlTemplate\":\"https:\\\/\\\/lavanguardiadecuenca.es\\\/?s={search_term_string}\"},\"query-input\":{\"@type\":\"PropertyValueSpecification\",\"valueRequired\":true,\"valueName\":\"search_term_string\"}}],\"inLanguage\":\"es\"},{\"@type\":[\"Person\",\"Organization\"],\"@id\":\"https:\\\/\\\/lavanguardiadecuenca.es\\\/#\\\/schema\\\/person\\\/efd3b99fe10ec3fad96a88f3ae7d092f\",\"name\":\"Juan Andr\u00e9s Buedo\",\"image\":{\"@type\":\"ImageObject\",\"inLanguage\":\"es\",\"@id\":\"https:\\\/\\\/lavanguardiadecuenca.es\\\/wp-content\\\/uploads\\\/2025\\\/09\\\/6a00d8341c734753ef0278801a3634200d-250si.jpg\",\"url\":\"https:\\\/\\\/lavanguardiadecuenca.es\\\/wp-content\\\/uploads\\\/2025\\\/09\\\/6a00d8341c734753ef0278801a3634200d-250si.jpg\",\"contentUrl\":\"https:\\\/\\\/lavanguardiadecuenca.es\\\/wp-content\\\/uploads\\\/2025\\\/09\\\/6a00d8341c734753ef0278801a3634200d-250si.jpg\",\"width\":250,\"height\":250,\"caption\":\"Juan Andr\u00e9s Buedo\"},\"logo\":{\"@id\":\"https:\\\/\\\/lavanguardiadecuenca.es\\\/wp-content\\\/uploads\\\/2025\\\/09\\\/6a00d8341c734753ef0278801a3634200d-250si.jpg\"},\"sameAs\":[\"https:\\\/\\\/lavanguardiadecuenca.es\\\/\"]},{\"@type\":\"Person\",\"@id\":\"https:\\\/\\\/lavanguardiadecuenca.es\\\/#\\\/schema\\\/person\\\/533d101fbc2a9ecf6af26aeddcaf1abd\",\"name\":\"admin6567\",\"image\":{\"@type\":\"ImageObject\",\"inLanguage\":\"es\",\"@id\":\"https:\\\/\\\/secure.gravatar.com\\\/avatar\\\/79503df8b75d394ce1e22cb5293c3e8fee42d212f6de88e2d65bfaa128f73542?s=96&d=mm&r=g\",\"url\":\"https:\\\/\\\/secure.gravatar.com\\\/avatar\\\/79503df8b75d394ce1e22cb5293c3e8fee42d212f6de88e2d65bfaa128f73542?s=96&d=mm&r=g\",\"contentUrl\":\"https:\\\/\\\/secure.gravatar.com\\\/avatar\\\/79503df8b75d394ce1e22cb5293c3e8fee42d212f6de88e2d65bfaa128f73542?s=96&d=mm&r=g\",\"caption\":\"admin6567\"},\"sameAs\":[\"http:\\\/\\\/lavanguardiadecuenca.es\"],\"url\":\"https:\\\/\\\/lavanguardiadecuenca.es\\\/?author=1\"}]}<\/script>\n<!-- \/ Yoast SEO plugin. -->","yoast_head_json":{"title":"\u00bfHacen falta cambios en el gobierno de Rajoy? (por Miguel Massanet Bosch) - La Vanguardia de Cuenca","robots":{"index":"index","follow":"follow","max-snippet":"max-snippet:-1","max-image-preview":"max-image-preview:large","max-video-preview":"max-video-preview:-1"},"canonical":"https:\/\/lavanguardiadecuenca.es\/?p=2605","og_locale":"es_ES","og_type":"article","og_title":"\u00bfHacen falta cambios en el gobierno de Rajoy? (por Miguel Massanet Bosch) - La Vanguardia de Cuenca","og_description":"&#0160; &quot;La pol\u00edtica no es ninguna ciencia, como muchos profesores se imaginan, sino un arte&quot; (Otto Von Bismarck) &#0160; &quot;Tanto va el c\u00e1ntaro a la fuente que al final se rompe&quot;. Puede que seamos muchos los votantes del PP que le hemos dado un amplio margen de confianza para que pudiera actuar, a\u00fan en contra...","og_url":"https:\/\/lavanguardiadecuenca.es\/?p=2605","og_site_name":"La Vanguardia de Cuenca","article_published_time":"2013-03-04T23:46:10+00:00","author":"admin6567","twitter_card":"summary_large_image","twitter_misc":{"Escrito por":"admin6567","Tiempo de lectura":"7 minutos"},"schema":{"@context":"https:\/\/schema.org","@graph":[{"@type":"Article","@id":"https:\/\/lavanguardiadecuenca.es\/?p=2605#article","isPartOf":{"@id":"https:\/\/lavanguardiadecuenca.es\/?p=2605"},"author":{"name":"admin6567","@id":"https:\/\/lavanguardiadecuenca.es\/#\/schema\/person\/533d101fbc2a9ecf6af26aeddcaf1abd"},"headline":"\u00bfHacen falta cambios en el gobierno de Rajoy? (por Miguel Massanet Bosch)","datePublished":"2013-03-04T23:46:10+00:00","mainEntityOfPage":{"@id":"https:\/\/lavanguardiadecuenca.es\/?p=2605"},"wordCount":1468,"commentCount":0,"publisher":{"@id":"https:\/\/lavanguardiadecuenca.es\/#\/schema\/person\/efd3b99fe10ec3fad96a88f3ae7d092f"},"articleSection":["Actualidad","Administraci\u00f3n P\u00fablica","Comunicaci\u00f3n","Econom\u00eda","Pensamiento pol\u00edtico","Pol\u00edtica"],"inLanguage":"es","potentialAction":[{"@type":"CommentAction","name":"Comment","target":["https:\/\/lavanguardiadecuenca.es\/?p=2605#respond"]}]},{"@type":"WebPage","@id":"https:\/\/lavanguardiadecuenca.es\/?p=2605","url":"https:\/\/lavanguardiadecuenca.es\/?p=2605","name":"\u00bfHacen falta cambios en el gobierno de Rajoy? (por Miguel Massanet Bosch) - La Vanguardia de Cuenca","isPartOf":{"@id":"https:\/\/lavanguardiadecuenca.es\/#website"},"datePublished":"2013-03-04T23:46:10+00:00","breadcrumb":{"@id":"https:\/\/lavanguardiadecuenca.es\/?p=2605#breadcrumb"},"inLanguage":"es","potentialAction":[{"@type":"ReadAction","target":["https:\/\/lavanguardiadecuenca.es\/?p=2605"]}]},{"@type":"BreadcrumbList","@id":"https:\/\/lavanguardiadecuenca.es\/?p=2605#breadcrumb","itemListElement":[{"@type":"ListItem","position":1,"name":"Portada","item":"https:\/\/lavanguardiadecuenca.es\/"},{"@type":"ListItem","position":2,"name":"\u00bfHacen falta cambios en el gobierno de Rajoy? (por Miguel Massanet Bosch)"}]},{"@type":"WebSite","@id":"https:\/\/lavanguardiadecuenca.es\/#website","url":"https:\/\/lavanguardiadecuenca.es\/","name":"La Vanguardia de Cuenca","description":"Intereses: comunicaci\u00f3n y actualidad en general, weblogs, sociedad, pol\u00edtica","publisher":{"@id":"https:\/\/lavanguardiadecuenca.es\/#\/schema\/person\/efd3b99fe10ec3fad96a88f3ae7d092f"},"potentialAction":[{"@type":"SearchAction","target":{"@type":"EntryPoint","urlTemplate":"https:\/\/lavanguardiadecuenca.es\/?s={search_term_string}"},"query-input":{"@type":"PropertyValueSpecification","valueRequired":true,"valueName":"search_term_string"}}],"inLanguage":"es"},{"@type":["Person","Organization"],"@id":"https:\/\/lavanguardiadecuenca.es\/#\/schema\/person\/efd3b99fe10ec3fad96a88f3ae7d092f","name":"Juan Andr\u00e9s Buedo","image":{"@type":"ImageObject","inLanguage":"es","@id":"https:\/\/lavanguardiadecuenca.es\/wp-content\/uploads\/2025\/09\/6a00d8341c734753ef0278801a3634200d-250si.jpg","url":"https:\/\/lavanguardiadecuenca.es\/wp-content\/uploads\/2025\/09\/6a00d8341c734753ef0278801a3634200d-250si.jpg","contentUrl":"https:\/\/lavanguardiadecuenca.es\/wp-content\/uploads\/2025\/09\/6a00d8341c734753ef0278801a3634200d-250si.jpg","width":250,"height":250,"caption":"Juan Andr\u00e9s Buedo"},"logo":{"@id":"https:\/\/lavanguardiadecuenca.es\/wp-content\/uploads\/2025\/09\/6a00d8341c734753ef0278801a3634200d-250si.jpg"},"sameAs":["https:\/\/lavanguardiadecuenca.es\/"]},{"@type":"Person","@id":"https:\/\/lavanguardiadecuenca.es\/#\/schema\/person\/533d101fbc2a9ecf6af26aeddcaf1abd","name":"admin6567","image":{"@type":"ImageObject","inLanguage":"es","@id":"https:\/\/secure.gravatar.com\/avatar\/79503df8b75d394ce1e22cb5293c3e8fee42d212f6de88e2d65bfaa128f73542?s=96&d=mm&r=g","url":"https:\/\/secure.gravatar.com\/avatar\/79503df8b75d394ce1e22cb5293c3e8fee42d212f6de88e2d65bfaa128f73542?s=96&d=mm&r=g","contentUrl":"https:\/\/secure.gravatar.com\/avatar\/79503df8b75d394ce1e22cb5293c3e8fee42d212f6de88e2d65bfaa128f73542?s=96&d=mm&r=g","caption":"admin6567"},"sameAs":["http:\/\/lavanguardiadecuenca.es"],"url":"https:\/\/lavanguardiadecuenca.es\/?author=1"}]}},"_links":{"self":[{"href":"https:\/\/lavanguardiadecuenca.es\/index.php?rest_route=\/wp\/v2\/posts\/2605","targetHints":{"allow":["GET"]}}],"collection":[{"href":"https:\/\/lavanguardiadecuenca.es\/index.php?rest_route=\/wp\/v2\/posts"}],"about":[{"href":"https:\/\/lavanguardiadecuenca.es\/index.php?rest_route=\/wp\/v2\/types\/post"}],"author":[{"embeddable":true,"href":"https:\/\/lavanguardiadecuenca.es\/index.php?rest_route=\/wp\/v2\/users\/1"}],"replies":[{"embeddable":true,"href":"https:\/\/lavanguardiadecuenca.es\/index.php?rest_route=%2Fwp%2Fv2%2Fcomments&post=2605"}],"version-history":[{"count":0,"href":"https:\/\/lavanguardiadecuenca.es\/index.php?rest_route=\/wp\/v2\/posts\/2605\/revisions"}],"wp:attachment":[{"href":"https:\/\/lavanguardiadecuenca.es\/index.php?rest_route=%2Fwp%2Fv2%2Fmedia&parent=2605"}],"wp:term":[{"taxonomy":"category","embeddable":true,"href":"https:\/\/lavanguardiadecuenca.es\/index.php?rest_route=%2Fwp%2Fv2%2Fcategories&post=2605"},{"taxonomy":"post_tag","embeddable":true,"href":"https:\/\/lavanguardiadecuenca.es\/index.php?rest_route=%2Fwp%2Fv2%2Ftags&post=2605"}],"curies":[{"name":"wp","href":"https:\/\/api.w.org\/{rel}","templated":true}]}}